{"id":4341,"date":"2022-12-06T09:38:21","date_gmt":"2022-12-06T09:38:21","guid":{"rendered":"https:\/\/sare.eus\/zama-doinuz-arindu-viii\/"},"modified":"2022-12-06T09:44:36","modified_gmt":"2022-12-06T09:44:36","slug":"zama-doinuz-arindu-viii","status":"publish","type":"post","link":"https:\/\/sare.eus\/es\/zama-doinuz-arindu-viii\/","title":{"rendered":"\u00a0\u201cZama doinuz arindu VIII\u201d Etxarri Aranatz"},"content":{"rendered":"\n<p>Ser\u00e1 por octavo a\u00f1o consecutivo. El <em>\u201cZama doinuz arindu\u201d<\/em> que se celebrar\u00e1 en dos sesiones (17:00 y 19:30) en la Casa de Cultura de Etxarri Aranatz el pr\u00f3ximo 15 de enero. En este festival organizado por Sare y familiares y amigos\/amigas de presos\/as vascos volveremos a tener entre nosotros a conocidos\/as m\u00fasicos y artistas del panorama musical y cultural de la actualidad. Con el mismo objetivo que en ediciones anteriores: aligerar el peso que supone la pol\u00edtica de excepci\u00f3n que sufren los y las presos vascos, sus familiares y amigos\/as.<\/p>\n\n\n\n<p>Por tanto, denunciar esa pol\u00edtica de excepci\u00f3n y por otro socializar el mensaje de que es tarea de todas y de todos dar pasos para dar soluci\u00f3n a una situaci\u00f3n que hoy todav\u00eda genera mucho sufrimiento. Hay que acabar con las medidas de excepci\u00f3n que est\u00e1 obstaculizando el camino a casa que por ley deben de recorrer los y las presas vascas.<\/p>\n\n\n\n<p>Estamos muy contentos con el cartel que hemos conseguido para esta octava edici\u00f3n y como en las ediciones anteriores queremos dar las gracias a todos los artistas que el 15 de enero estar\u00e1n con nosotros.<\/p>\n\n\n\n<p><a><\/a> <strong>Estos son los artistas:<\/strong><\/p>\n\n\n\n<p><strong>1. KALAKAN<br>2. NOGEN<br>3. I\u00d1IGO ETXEZARRETA (ETS)<br>4. OLAIA INZIARTE<br>5. KEROBIA<br>6. ION MAIA<br>7. LORELEI<br>8. TATXERS<\/strong><\/p>\n\n\n\n<p><strong>ENTRADA:<\/strong> 15\u20ac<br><br><strong>PARA ADQUIRIR LAS ENTRADAS:<\/strong><br>&#8211; En las oficinas del Ayuntamiento de Etxarri Aranatz (de lunes a viernes <a href=\"https:\/\/www.youtube.com\/watch?v=jxb4mw4fcpY&amp;feature=youtu.be\"><u>09:00<\/u><\/a>&#8211;<a href=\"https:\/\/www.youtube.com\/watch?v=jxb4mw4fcpY&amp;feature=youtu.be\"><u>13:00<\/u><\/a>)<br>&#8211; On-line: <a href=\"http:\/\/www.etxarriaranatz.eus\" target=\"_blank\" rel=\"noreferrer noopener\">www.etxarriaranatz.eus<\/a><br>&#8211; En los bares Xapatero y Leku Ona de Etxarri Aranatz<\/p>\n\n\n\n<figure class=\"wp-block-image size-large\"><img loading=\"lazy\" decoding=\"async\" width=\"724\" height=\"1024\" src=\"https:\/\/sare.eus\/wp-content\/uploads\/2022\/12\/WEB_Zama-Doinuz-Arindu_2023_Digitala-724x1024.jpg\" alt=\"\" class=\"wp-image-4336\" srcset=\"https:\/\/sare.eus\/wp-content\/uploads\/2022\/12\/WEB_Zama-Doinuz-Arindu_2023_Digitala-724x1024.jpg 724w, https:\/\/sare.eus\/wp-content\/uploads\/2022\/12\/WEB_Zama-Doinuz-Arindu_2023_Digitala-212x300.jpg 212w, https:\/\/sare.eus\/wp-content\/uploads\/2022\/12\/WEB_Zama-Doinuz-Arindu_2023_Digitala-768x1086.jpg 768w, https:\/\/sare.eus\/wp-content\/uploads\/2022\/12\/WEB_Zama-Doinuz-Arindu_2023_Digitala-1086x1536.jpg 1086w, https:\/\/sare.eus\/wp-content\/uploads\/2022\/12\/WEB_Zama-Doinuz-Arindu_2023_Digitala-1448x2048.jpg 1448w, https:\/\/sare.eus\/wp-content\/uploads\/2022\/12\/WEB_Zama-Doinuz-Arindu_2023_Digitala-1080x1527.jpg 1080w, https:\/\/sare.eus\/wp-content\/uploads\/2022\/12\/WEB_Zama-Doinuz-Arindu_2023_Digitala-scaled.jpg 1810w\" sizes=\"(max-width: 724px) 100vw, 724px\" \/><\/figure>\n","protected":false},"excerpt":{"rendered":"<p>Ser\u00e1 por octavo a\u00f1o consecutivo. El \u201cZama doinuz arindu\u201d que se celebrar\u00e1 en dos sesiones (17:00 y 19:30) en la Casa de Cultura de Etxarri Aranatz el pr\u00f3ximo 15 de [&hellip;]<\/p>\n","protected":false},"author":2,"featured_media":4334,"comment_status":"closed","ping_status":"closed","sticky":false,"template":"","format":"standard","meta":{"_acf_changed":false,"_et_pb_use_builder":"off","_et_pb_old_content":"","_et_gb_content_width":"","footnotes":""},"categories":[66],"tags":[],"class_list":["post-4341","post","type-post","status-publish","format-standard","has-post-thumbnail","hentry","category-pueblos","et-has-post-format-content","et_post_format-et-post-format-standard"],"acf":[],"yoast_head":"<!-- This site is optimized with the Yoast SEO plugin v26.4 - https:\/\/yoast.com\/wordpress\/plugins\/seo\/ -->\n<title>\u00a0\u201cZama doinuz arindu VIII\u201d Etxarri Aranatz - Sare Herritarra<\/title>\n<meta name=\"robots\" content=\"index, follow, max-snippet:-1, max-image-preview:large, max-video-preview:-1\" \/>\n<link rel=\"canonical\" href=\"https:\/\/sare.eus\/es\/zama-doinuz-arindu-viii\/\" \/>\n<meta property=\"og:locale\" content=\"es_ES\" \/>\n<meta property=\"og:type\" content=\"article\" \/>\n<meta property=\"og:title\" content=\"\u00a0\u201cZama doinuz arindu VIII\u201d Etxarri Aranatz - Sare Herritarra\" \/>\n<meta property=\"og:description\" content=\"Ser\u00e1 por octavo a\u00f1o consecutivo. El \u201cZama doinuz arindu\u201d que se celebrar\u00e1 en dos sesiones (17:00 y 19:30) en la Casa de Cultura de Etxarri Aranatz el pr\u00f3ximo 15 de [&hellip;]\" \/>\n<meta property=\"og:url\" content=\"https:\/\/sare.eus\/es\/zama-doinuz-arindu-viii\/\" \/>\n<meta property=\"og:site_name\" content=\"Sare Herritarra\" \/>\n<meta property=\"article:published_time\" content=\"2022-12-06T09:38:21+00:00\" \/>\n<meta property=\"article:modified_time\" content=\"2022-12-06T09:44:36+00:00\" \/>\n<meta property=\"og:image\" content=\"https:\/\/sare.eus\/wp-content\/uploads\/2022\/12\/Zama_VII_Talde_argazkia_web.jpeg\" \/>\n\t<meta property=\"og:image:width\" content=\"1600\" \/>\n\t<meta property=\"og:image:height\" content=\"1066\" \/>\n\t<meta property=\"og:image:type\" content=\"image\/jpeg\" \/>\n<meta name=\"author\" content=\"sare\" \/>\n<meta name=\"twitter:card\" content=\"summary_large_image\" \/>\n<meta name=\"twitter:label1\" content=\"Escrito por\" \/>\n\t<meta name=\"twitter:data1\" content=\"sare\" \/>\n\t<meta name=\"twitter:label2\" content=\"Tiempo de lectura\" \/>\n\t<meta name=\"twitter:data2\" content=\"2 minutos\" \/>\n<script type=\"application\/ld+json\" class=\"yoast-schema-graph\">{\"@context\":\"https:\/\/schema.org\",\"@graph\":[{\"@type\":\"Article\",\"@id\":\"https:\/\/sare.eus\/es\/zama-doinuz-arindu-viii\/#article\",\"isPartOf\":{\"@id\":\"https:\/\/sare.eus\/es\/zama-doinuz-arindu-viii\/\"},\"author\":{\"name\":\"sare\",\"@id\":\"https:\/\/sare.eus\/#\/schema\/person\/2fe6d0df294f56313d3ab236dbe38e17\"},\"headline\":\"\u00a0\u201cZama doinuz arindu VIII\u201d Etxarri Aranatz\",\"datePublished\":\"2022-12-06T09:38:21+00:00\",\"dateModified\":\"2022-12-06T09:44:36+00:00\",\"mainEntityOfPage\":{\"@id\":\"https:\/\/sare.eus\/es\/zama-doinuz-arindu-viii\/\"},\"wordCount\":258,\"publisher\":{\"@id\":\"https:\/\/sare.eus\/#organization\"},\"image\":{\"@id\":\"https:\/\/sare.eus\/es\/zama-doinuz-arindu-viii\/#primaryimage\"},\"thumbnailUrl\":\"https:\/\/sare.eus\/wp-content\/uploads\/2022\/12\/Zama_VII_Talde_argazkia_web.jpeg\",\"articleSection\":[\"Pueblos\"],\"inLanguage\":\"es\"},{\"@type\":\"WebPage\",\"@id\":\"https:\/\/sare.eus\/es\/zama-doinuz-arindu-viii\/\",\"url\":\"https:\/\/sare.eus\/es\/zama-doinuz-arindu-viii\/\",\"name\":\"\u00a0\u201cZama doinuz arindu VIII\u201d Etxarri Aranatz - Sare Herritarra\",\"isPartOf\":{\"@id\":\"https:\/\/sare.eus\/#website\"},\"primaryImageOfPage\":{\"@id\":\"https:\/\/sare.eus\/es\/zama-doinuz-arindu-viii\/#primaryimage\"},\"image\":{\"@id\":\"https:\/\/sare.eus\/es\/zama-doinuz-arindu-viii\/#primaryimage\"},\"thumbnailUrl\":\"https:\/\/sare.eus\/wp-content\/uploads\/2022\/12\/Zama_VII_Talde_argazkia_web.jpeg\",\"datePublished\":\"2022-12-06T09:38:21+00:00\",\"dateModified\":\"2022-12-06T09:44:36+00:00\",\"breadcrumb\":{\"@id\":\"https:\/\/sare.eus\/es\/zama-doinuz-arindu-viii\/#breadcrumb\"},\"inLanguage\":\"es\",\"potentialAction\":[{\"@type\":\"ReadAction\",\"target\":[\"https:\/\/sare.eus\/es\/zama-doinuz-arindu-viii\/\"]}]},{\"@type\":\"ImageObject\",\"inLanguage\":\"es\",\"@id\":\"https:\/\/sare.eus\/es\/zama-doinuz-arindu-viii\/#primaryimage\",\"url\":\"https:\/\/sare.eus\/wp-content\/uploads\/2022\/12\/Zama_VII_Talde_argazkia_web.jpeg\",\"contentUrl\":\"https:\/\/sare.eus\/wp-content\/uploads\/2022\/12\/Zama_VII_Talde_argazkia_web.jpeg\",\"width\":1600,\"height\":1066},{\"@type\":\"BreadcrumbList\",\"@id\":\"https:\/\/sare.eus\/es\/zama-doinuz-arindu-viii\/#breadcrumb\",\"itemListElement\":[{\"@type\":\"ListItem\",\"position\":1,\"name\":\"Home\",\"item\":\"https:\/\/sare.eus\/\"},{\"@type\":\"ListItem\",\"position\":2,\"name\":\"\u00a0\u201cZama doinuz arindu VIII\u201d Etxarri Aranatz\"}]},{\"@type\":\"WebSite\",\"@id\":\"https:\/\/sare.eus\/#website\",\"url\":\"https:\/\/sare.eus\/\",\"name\":\"Sare Herritarra\",\"description\":\"KONPONBIDEAREN ETA GIZA ESKUBIDEEN ALDEKO SARE HERRITARRA\",\"publisher\":{\"@id\":\"https:\/\/sare.eus\/#organization\"},\"potentialAction\":[{\"@type\":\"SearchAction\",\"target\":{\"@type\":\"EntryPoint\",\"urlTemplate\":\"https:\/\/sare.eus\/?s={search_term_string}\"},\"query-input\":{\"@type\":\"PropertyValueSpecification\",\"valueRequired\":true,\"valueName\":\"search_term_string\"}}],\"inLanguage\":\"es\"},{\"@type\":\"Organization\",\"@id\":\"https:\/\/sare.eus\/#organization\",\"name\":\"Sare Herritarra\",\"url\":\"https:\/\/sare.eus\/\",\"logo\":{\"@type\":\"ImageObject\",\"inLanguage\":\"es\",\"@id\":\"https:\/\/sare.eus\/#\/schema\/logo\/image\/\",\"url\":\"https:\/\/sare.eus\/wp-content\/uploads\/2021\/08\/sare.png\",\"contentUrl\":\"https:\/\/sare.eus\/wp-content\/uploads\/2021\/08\/sare.png\",\"width\":120,\"height\":142,\"caption\":\"Sare Herritarra\"},\"image\":{\"@id\":\"https:\/\/sare.eus\/#\/schema\/logo\/image\/\"}},{\"@type\":\"Person\",\"@id\":\"https:\/\/sare.eus\/#\/schema\/person\/2fe6d0df294f56313d3ab236dbe38e17\",\"name\":\"sare\",\"image\":{\"@type\":\"ImageObject\",\"inLanguage\":\"es\",\"@id\":\"https:\/\/sare.eus\/#\/schema\/person\/image\/\",\"url\":\"https:\/\/secure.gravatar.com\/avatar\/77cad838677ceb1977e7b3c878b55eaa7fa4aae2158983063b047c3ad7ef2c25?s=96&d=mm&r=g\",\"contentUrl\":\"https:\/\/secure.gravatar.com\/avatar\/77cad838677ceb1977e7b3c878b55eaa7fa4aae2158983063b047c3ad7ef2c25?s=96&d=mm&r=g\",\"caption\":\"sare\"},\"url\":\"https:\/\/sare.eus\/es\/author\/sare\/\"}]}<\/script>\n<!-- \/ Yoast SEO plugin. -->","yoast_head_json":{"title":"\u00a0\u201cZama doinuz arindu VIII\u201d Etxarri Aranatz - Sare Herritarra","robots":{"index":"index","follow":"follow","max-snippet":"max-snippet:-1","max-image-preview":"max-image-preview:large","max-video-preview":"max-video-preview:-1"},"canonical":"https:\/\/sare.eus\/es\/zama-doinuz-arindu-viii\/","og_locale":"es_ES","og_type":"article","og_title":"\u00a0\u201cZama doinuz arindu VIII\u201d Etxarri Aranatz - Sare Herritarra","og_description":"Ser\u00e1 por octavo a\u00f1o consecutivo. El \u201cZama doinuz arindu\u201d que se celebrar\u00e1 en dos sesiones (17:00 y 19:30) en la Casa de Cultura de Etxarri Aranatz el pr\u00f3ximo 15 de [&hellip;]","og_url":"https:\/\/sare.eus\/es\/zama-doinuz-arindu-viii\/","og_site_name":"Sare Herritarra","article_published_time":"2022-12-06T09:38:21+00:00","article_modified_time":"2022-12-06T09:44:36+00:00","og_image":[{"width":1600,"height":1066,"url":"https:\/\/sare.eus\/wp-content\/uploads\/2022\/12\/Zama_VII_Talde_argazkia_web.jpeg","type":"image\/jpeg"}],"author":"sare","twitter_card":"summary_large_image","twitter_misc":{"Escrito por":"sare","Tiempo de lectura":"2 minutos"},"schema":{"@context":"https:\/\/schema.org","@graph":[{"@type":"Article","@id":"https:\/\/sare.eus\/es\/zama-doinuz-arindu-viii\/#article","isPartOf":{"@id":"https:\/\/sare.eus\/es\/zama-doinuz-arindu-viii\/"},"author":{"name":"sare","@id":"https:\/\/sare.eus\/#\/schema\/person\/2fe6d0df294f56313d3ab236dbe38e17"},"headline":"\u00a0\u201cZama doinuz arindu VIII\u201d Etxarri Aranatz","datePublished":"2022-12-06T09:38:21+00:00","dateModified":"2022-12-06T09:44:36+00:00","mainEntityOfPage":{"@id":"https:\/\/sare.eus\/es\/zama-doinuz-arindu-viii\/"},"wordCount":258,"publisher":{"@id":"https:\/\/sare.eus\/#organization"},"image":{"@id":"https:\/\/sare.eus\/es\/zama-doinuz-arindu-viii\/#primaryimage"},"thumbnailUrl":"https:\/\/sare.eus\/wp-content\/uploads\/2022\/12\/Zama_VII_Talde_argazkia_web.jpeg","articleSection":["Pueblos"],"inLanguage":"es"},{"@type":"WebPage","@id":"https:\/\/sare.eus\/es\/zama-doinuz-arindu-viii\/","url":"https:\/\/sare.eus\/es\/zama-doinuz-arindu-viii\/","name":"\u00a0\u201cZama doinuz arindu VIII\u201d Etxarri Aranatz - Sare Herritarra","isPartOf":{"@id":"https:\/\/sare.eus\/#website"},"primaryImageOfPage":{"@id":"https:\/\/sare.eus\/es\/zama-doinuz-arindu-viii\/#primaryimage"},"image":{"@id":"https:\/\/sare.eus\/es\/zama-doinuz-arindu-viii\/#primaryimage"},"thumbnailUrl":"https:\/\/sare.eus\/wp-content\/uploads\/2022\/12\/Zama_VII_Talde_argazkia_web.jpeg","datePublished":"2022-12-06T09:38:21+00:00","dateModified":"2022-12-06T09:44:36+00:00","breadcrumb":{"@id":"https:\/\/sare.eus\/es\/zama-doinuz-arindu-viii\/#breadcrumb"},"inLanguage":"es","potentialAction":[{"@type":"ReadAction","target":["https:\/\/sare.eus\/es\/zama-doinuz-arindu-viii\/"]}]},{"@type":"ImageObject","inLanguage":"es","@id":"https:\/\/sare.eus\/es\/zama-doinuz-arindu-viii\/#primaryimage","url":"https:\/\/sare.eus\/wp-content\/uploads\/2022\/12\/Zama_VII_Talde_argazkia_web.jpeg","contentUrl":"https:\/\/sare.eus\/wp-content\/uploads\/2022\/12\/Zama_VII_Talde_argazkia_web.jpeg","width":1600,"height":1066},{"@type":"BreadcrumbList","@id":"https:\/\/sare.eus\/es\/zama-doinuz-arindu-viii\/#breadcrumb","itemListElement":[{"@type":"ListItem","position":1,"name":"Home","item":"https:\/\/sare.eus\/"},{"@type":"ListItem","position":2,"name":"\u00a0\u201cZama doinuz arindu VIII\u201d Etxarri Aranatz"}]},{"@type":"WebSite","@id":"https:\/\/sare.eus\/#website","url":"https:\/\/sare.eus\/","name":"Sare Herritarra","description":"KONPONBIDEAREN ETA GIZA ESKUBIDEEN ALDEKO SARE HERRITARRA","publisher":{"@id":"https:\/\/sare.eus\/#organization"},"potentialAction":[{"@type":"SearchAction","target":{"@type":"EntryPoint","urlTemplate":"https:\/\/sare.eus\/?s={search_term_string}"},"query-input":{"@type":"PropertyValueSpecification","valueRequired":true,"valueName":"search_term_string"}}],"inLanguage":"es"},{"@type":"Organization","@id":"https:\/\/sare.eus\/#organization","name":"Sare Herritarra","url":"https:\/\/sare.eus\/","logo":{"@type":"ImageObject","inLanguage":"es","@id":"https:\/\/sare.eus\/#\/schema\/logo\/image\/","url":"https:\/\/sare.eus\/wp-content\/uploads\/2021\/08\/sare.png","contentUrl":"https:\/\/sare.eus\/wp-content\/uploads\/2021\/08\/sare.png","width":120,"height":142,"caption":"Sare Herritarra"},"image":{"@id":"https:\/\/sare.eus\/#\/schema\/logo\/image\/"}},{"@type":"Person","@id":"https:\/\/sare.eus\/#\/schema\/person\/2fe6d0df294f56313d3ab236dbe38e17","name":"sare","image":{"@type":"ImageObject","inLanguage":"es","@id":"https:\/\/sare.eus\/#\/schema\/person\/image\/","url":"https:\/\/secure.gravatar.com\/avatar\/77cad838677ceb1977e7b3c878b55eaa7fa4aae2158983063b047c3ad7ef2c25?s=96&d=mm&r=g","contentUrl":"https:\/\/secure.gravatar.com\/avatar\/77cad838677ceb1977e7b3c878b55eaa7fa4aae2158983063b047c3ad7ef2c25?s=96&d=mm&r=g","caption":"sare"},"url":"https:\/\/sare.eus\/es\/author\/sare\/"}]}},"_links":{"self":[{"href":"https:\/\/sare.eus\/es\/wp-json\/wp\/v2\/posts\/4341","targetHints":{"allow":["GET"]}}],"collection":[{"href":"https:\/\/sare.eus\/es\/wp-json\/wp\/v2\/posts"}],"about":[{"href":"https:\/\/sare.eus\/es\/wp-json\/wp\/v2\/types\/post"}],"author":[{"embeddable":true,"href":"https:\/\/sare.eus\/es\/wp-json\/wp\/v2\/users\/2"}],"replies":[{"embeddable":true,"href":"https:\/\/sare.eus\/es\/wp-json\/wp\/v2\/comments?post=4341"}],"version-history":[{"count":1,"href":"https:\/\/sare.eus\/es\/wp-json\/wp\/v2\/posts\/4341\/revisions"}],"predecessor-version":[{"id":4343,"href":"https:\/\/sare.eus\/es\/wp-json\/wp\/v2\/posts\/4341\/revisions\/4343"}],"wp:featuredmedia":[{"embeddable":true,"href":"https:\/\/sare.eus\/es\/wp-json\/wp\/v2\/media\/4334"}],"wp:attachment":[{"href":"https:\/\/sare.eus\/es\/wp-json\/wp\/v2\/media?parent=4341"}],"wp:term":[{"taxonomy":"category","embeddable":true,"href":"https:\/\/sare.eus\/es\/wp-json\/wp\/v2\/categories?post=4341"},{"taxonomy":"post_tag","embeddable":true,"href":"https:\/\/sare.eus\/es\/wp-json\/wp\/v2\/tags?post=4341"}],"curies":[{"name":"wp","href":"https:\/\/api.w.org\/{rel}","templated":true}]}}