{"id":4271,"date":"2022-11-22T11:02:45","date_gmt":"2022-11-22T11:02:45","guid":{"rendered":"https:\/\/sare.eus\/sare-euskal-presoei-aplikatutako-espetxe-politikaren-egungo-egoerari-buruz\/"},"modified":"2022-11-22T11:31:03","modified_gmt":"2022-11-22T11:31:03","slug":"rueda-de-prensa-de-sare-sobre-la-actual-situacion-de-la-politica-penitenciaria-aplicada-a-los-presos-presas-vascos","status":"publish","type":"post","link":"https:\/\/sare.eus\/es\/rueda-de-prensa-de-sare-sobre-la-actual-situacion-de-la-politica-penitenciaria-aplicada-a-los-presos-presas-vascos\/","title":{"rendered":"Rueda de prensa de SARE sobre la actual situaci\u00f3n de la pol\u00edtica penitenciaria aplicada a los presos\/presas vascos"},"content":{"rendered":"\n<p>Esta convocatoria obedece a realizar una valoraci\u00f3n sobre la actual situaci\u00f3n de la pol\u00edtica penitenciaria que se aplica a los presos\/as vascos.<\/p>\n\n\n\n<p>Afirmamos, que se continua aplicando una pol\u00edtica penitenciaria de excepci\u00f3n y para ello se utiliza: La legislaci\u00f3n penal sustantiva, a trav\u00e9s del C\u00f3digo Penal; la Ley Org\u00e1nica general Penitenciaria, con art\u00edculos \u201cad hoc\u201d destinados, en exclusiva, a estos presos\/as; y el control judicial del cumplimiento de penas, a trav\u00e9s de la Audiencia Nacional. Sumando a ello, la no finalizaci\u00f3n a\u00fan, de la pol\u00edtica de alejamiento.<\/p>\n\n\n\n<p>A pesar de estas palabras de inicio, hemos de reconocer que durante el a\u00f1o que termina, se han dado pasos importantes. Hemos avanzado en nuestros objetivos, pero \u00e1un nos queda un largo camino por recorrer.<br><\/p>\n\n\n\n<p>En este documento hemos querido explicar la situaci\u00f3n actual de la pol\u00edtica penitenciaria.<\/p>\n\n\n<p>&gt; [DESCARGAR AQU\u00cd] <a href=\"https:\/\/sare.eus\/wp-content\/uploads\/2022\/11\/02_RUEDA-DE-PRENSA-DE-SARE-SOBRE-LA-ACTUAL-SITUACION-DE-LA-POLITICA-PENITENCIARIA-APLICADA-A-LOS-PRESXS-VASCOS.pdf\" target=\"_blank\" rel=\"noopener\">SARE SOBRE LA ACTUAL SITUACI\u00d3N DE LA POL\u00cdTICA PENITENCIARIA APLICADA A LOS PRESXS VASCOS<\/a><\/p>\n\n\n<p><strong>10 DICIEMBRE D\u00cdA DE LOS DERECHOS HUMANOS<\/strong><\/p>\n\n\n\n<p>Para este d\u00eda convocamos una Manifestaci\u00f3n en Durango a las 17:30 desde Landako con el lema<em> \u201cEtxerako Bidean Oztoporik ez! \u00a1No a las regresiones de grado!\u201d<\/em> para denunciar bloqueo constante de la fiscalia de la Audiencia Nacional en relaci\u00f3n a los terceros grados.<\/p>\n\n\n\n<figure class=\"wp-block-image size-large\"><img loading=\"lazy\" decoding=\"async\" width=\"1024\" height=\"724\" src=\"https:\/\/sare.eus\/wp-content\/uploads\/2022\/11\/web_Abenduak-10-Landako_Mesa-de-trabajo-1-1024x724.jpg\" alt=\"\" class=\"wp-image-4263\" srcset=\"https:\/\/sare.eus\/wp-content\/uploads\/2022\/11\/web_Abenduak-10-Landako_Mesa-de-trabajo-1-1024x724.jpg 1024w, https:\/\/sare.eus\/wp-content\/uploads\/2022\/11\/web_Abenduak-10-Landako_Mesa-de-trabajo-1-300x212.jpg 300w, https:\/\/sare.eus\/wp-content\/uploads\/2022\/11\/web_Abenduak-10-Landako_Mesa-de-trabajo-1-768x543.jpg 768w, https:\/\/sare.eus\/wp-content\/uploads\/2022\/11\/web_Abenduak-10-Landako_Mesa-de-trabajo-1-400x284.jpg 400w, https:\/\/sare.eus\/wp-content\/uploads\/2022\/11\/web_Abenduak-10-Landako_Mesa-de-trabajo-1-1080x764.jpg 1080w, https:\/\/sare.eus\/wp-content\/uploads\/2022\/11\/web_Abenduak-10-Landako_Mesa-de-trabajo-1.jpg 1191w\" sizes=\"(max-width: 1024px) 100vw, 1024px\" \/><\/figure>\n","protected":false},"excerpt":{"rendered":"<p>Esta convocatoria obedece a realizar una valoraci\u00f3n sobre la actual situaci\u00f3n de la pol\u00edtica penitenciaria que se aplica a los presos\/as vascos. Afirmamos, que se continua aplicando una pol\u00edtica penitenciaria [&hellip;]<\/p>\n","protected":false},"author":2,"featured_media":4281,"comment_status":"closed","ping_status":"closed","sticky":false,"template":"","format":"standard","meta":{"_acf_changed":false,"_et_pb_use_builder":"off","_et_pb_old_content":"","_et_gb_content_width":"","footnotes":""},"categories":[69],"tags":[],"class_list":["post-4271","post","type-post","status-publish","format-standard","has-post-thumbnail","hentry","category-leyes-de-excepcion","et-has-post-format-content","et_post_format-et-post-format-standard"],"acf":[],"yoast_head":"<!-- This site is optimized with the Yoast SEO plugin v26.4 - https:\/\/yoast.com\/wordpress\/plugins\/seo\/ -->\n<title>Rueda de prensa de SARE sobre la actual situaci\u00f3n de la pol\u00edtica penitenciaria aplicada a los presos\/presas vascos - Sare Herritarra<\/title>\n<meta name=\"robots\" content=\"index, follow, max-snippet:-1, max-image-preview:large, max-video-preview:-1\" \/>\n<link rel=\"canonical\" href=\"https:\/\/sare.eus\/es\/rueda-de-prensa-de-sare-sobre-la-actual-situacion-de-la-politica-penitenciaria-aplicada-a-los-presos-presas-vascos\/\" \/>\n<meta property=\"og:locale\" content=\"es_ES\" \/>\n<meta property=\"og:type\" content=\"article\" \/>\n<meta property=\"og:title\" content=\"Rueda de prensa de SARE sobre la actual situaci\u00f3n de la pol\u00edtica penitenciaria aplicada a los presos\/presas vascos - Sare Herritarra\" \/>\n<meta property=\"og:description\" content=\"Esta convocatoria obedece a realizar una valoraci\u00f3n sobre la actual situaci\u00f3n de la pol\u00edtica penitenciaria que se aplica a los presos\/as vascos. Afirmamos, que se continua aplicando una pol\u00edtica penitenciaria [&hellip;]\" \/>\n<meta property=\"og:url\" content=\"https:\/\/sare.eus\/es\/rueda-de-prensa-de-sare-sobre-la-actual-situacion-de-la-politica-penitenciaria-aplicada-a-los-presos-presas-vascos\/\" \/>\n<meta property=\"og:site_name\" content=\"Sare Herritarra\" \/>\n<meta property=\"article:published_time\" content=\"2022-11-22T11:02:45+00:00\" \/>\n<meta property=\"article:modified_time\" content=\"2022-11-22T11:31:03+00:00\" \/>\n<meta property=\"og:image\" content=\"https:\/\/sare.eus\/wp-content\/uploads\/2022\/11\/saregasteiz-2022.11.22-_03.jpg\" \/>\n\t<meta property=\"og:image:width\" content=\"1280\" \/>\n\t<meta property=\"og:image:height\" content=\"960\" \/>\n\t<meta property=\"og:image:type\" content=\"image\/jpeg\" \/>\n<meta name=\"author\" content=\"sare\" \/>\n<meta name=\"twitter:card\" content=\"summary_large_image\" \/>\n<meta name=\"twitter:label1\" content=\"Escrito por\" \/>\n\t<meta name=\"twitter:data1\" content=\"sare\" \/>\n\t<meta name=\"twitter:label2\" content=\"Tiempo de lectura\" \/>\n\t<meta name=\"twitter:data2\" content=\"2 minutos\" \/>\n<script type=\"application\/ld+json\" class=\"yoast-schema-graph\">{\"@context\":\"https:\/\/schema.org\",\"@graph\":[{\"@type\":\"Article\",\"@id\":\"https:\/\/sare.eus\/es\/rueda-de-prensa-de-sare-sobre-la-actual-situacion-de-la-politica-penitenciaria-aplicada-a-los-presos-presas-vascos\/#article\",\"isPartOf\":{\"@id\":\"https:\/\/sare.eus\/es\/rueda-de-prensa-de-sare-sobre-la-actual-situacion-de-la-politica-penitenciaria-aplicada-a-los-presos-presas-vascos\/\"},\"author\":{\"name\":\"sare\",\"@id\":\"https:\/\/sare.eus\/#\/schema\/person\/2fe6d0df294f56313d3ab236dbe38e17\"},\"headline\":\"Rueda de prensa de SARE sobre la actual situaci\u00f3n de la pol\u00edtica penitenciaria aplicada a los presos\/presas vascos\",\"datePublished\":\"2022-11-22T11:02:45+00:00\",\"dateModified\":\"2022-11-22T11:31:03+00:00\",\"mainEntityOfPage\":{\"@id\":\"https:\/\/sare.eus\/es\/rueda-de-prensa-de-sare-sobre-la-actual-situacion-de-la-politica-penitenciaria-aplicada-a-los-presos-presas-vascos\/\"},\"wordCount\":246,\"publisher\":{\"@id\":\"https:\/\/sare.eus\/#organization\"},\"image\":{\"@id\":\"https:\/\/sare.eus\/es\/rueda-de-prensa-de-sare-sobre-la-actual-situacion-de-la-politica-penitenciaria-aplicada-a-los-presos-presas-vascos\/#primaryimage\"},\"thumbnailUrl\":\"https:\/\/sare.eus\/wp-content\/uploads\/2022\/11\/saregasteiz-2022.11.22-_03.jpg\",\"articleSection\":[\"Leyes de Excepci\u00f3n\"],\"inLanguage\":\"es\"},{\"@type\":\"WebPage\",\"@id\":\"https:\/\/sare.eus\/es\/rueda-de-prensa-de-sare-sobre-la-actual-situacion-de-la-politica-penitenciaria-aplicada-a-los-presos-presas-vascos\/\",\"url\":\"https:\/\/sare.eus\/es\/rueda-de-prensa-de-sare-sobre-la-actual-situacion-de-la-politica-penitenciaria-aplicada-a-los-presos-presas-vascos\/\",\"name\":\"Rueda de prensa de SARE sobre la actual situaci\u00f3n de la pol\u00edtica penitenciaria aplicada a los presos\/presas vascos - Sare Herritarra\",\"isPartOf\":{\"@id\":\"https:\/\/sare.eus\/#website\"},\"primaryImageOfPage\":{\"@id\":\"https:\/\/sare.eus\/es\/rueda-de-prensa-de-sare-sobre-la-actual-situacion-de-la-politica-penitenciaria-aplicada-a-los-presos-presas-vascos\/#primaryimage\"},\"image\":{\"@id\":\"https:\/\/sare.eus\/es\/rueda-de-prensa-de-sare-sobre-la-actual-situacion-de-la-politica-penitenciaria-aplicada-a-los-presos-presas-vascos\/#primaryimage\"},\"thumbnailUrl\":\"https:\/\/sare.eus\/wp-content\/uploads\/2022\/11\/saregasteiz-2022.11.22-_03.jpg\",\"datePublished\":\"2022-11-22T11:02:45+00:00\",\"dateModified\":\"2022-11-22T11:31:03+00:00\",\"breadcrumb\":{\"@id\":\"https:\/\/sare.eus\/es\/rueda-de-prensa-de-sare-sobre-la-actual-situacion-de-la-politica-penitenciaria-aplicada-a-los-presos-presas-vascos\/#breadcrumb\"},\"inLanguage\":\"es\",\"potentialAction\":[{\"@type\":\"ReadAction\",\"target\":[\"https:\/\/sare.eus\/es\/rueda-de-prensa-de-sare-sobre-la-actual-situacion-de-la-politica-penitenciaria-aplicada-a-los-presos-presas-vascos\/\"]}]},{\"@type\":\"ImageObject\",\"inLanguage\":\"es\",\"@id\":\"https:\/\/sare.eus\/es\/rueda-de-prensa-de-sare-sobre-la-actual-situacion-de-la-politica-penitenciaria-aplicada-a-los-presos-presas-vascos\/#primaryimage\",\"url\":\"https:\/\/sare.eus\/wp-content\/uploads\/2022\/11\/saregasteiz-2022.11.22-_03.jpg\",\"contentUrl\":\"https:\/\/sare.eus\/wp-content\/uploads\/2022\/11\/saregasteiz-2022.11.22-_03.jpg\",\"width\":1280,\"height\":960},{\"@type\":\"BreadcrumbList\",\"@id\":\"https:\/\/sare.eus\/es\/rueda-de-prensa-de-sare-sobre-la-actual-situacion-de-la-politica-penitenciaria-aplicada-a-los-presos-presas-vascos\/#breadcrumb\",\"itemListElement\":[{\"@type\":\"ListItem\",\"position\":1,\"name\":\"Home\",\"item\":\"https:\/\/sare.eus\/\"},{\"@type\":\"ListItem\",\"position\":2,\"name\":\"Rueda de prensa de SARE sobre la actual situaci\u00f3n de la pol\u00edtica penitenciaria aplicada a los presos\/presas vascos\"}]},{\"@type\":\"WebSite\",\"@id\":\"https:\/\/sare.eus\/#website\",\"url\":\"https:\/\/sare.eus\/\",\"name\":\"Sare Herritarra\",\"description\":\"KONPONBIDEAREN ETA GIZA ESKUBIDEEN ALDEKO SARE HERRITARRA\",\"publisher\":{\"@id\":\"https:\/\/sare.eus\/#organization\"},\"potentialAction\":[{\"@type\":\"SearchAction\",\"target\":{\"@type\":\"EntryPoint\",\"urlTemplate\":\"https:\/\/sare.eus\/?s={search_term_string}\"},\"query-input\":{\"@type\":\"PropertyValueSpecification\",\"valueRequired\":true,\"valueName\":\"search_term_string\"}}],\"inLanguage\":\"es\"},{\"@type\":\"Organization\",\"@id\":\"https:\/\/sare.eus\/#organization\",\"name\":\"Sare Herritarra\",\"url\":\"https:\/\/sare.eus\/\",\"logo\":{\"@type\":\"ImageObject\",\"inLanguage\":\"es\",\"@id\":\"https:\/\/sare.eus\/#\/schema\/logo\/image\/\",\"url\":\"https:\/\/sare.eus\/wp-content\/uploads\/2021\/08\/sare.png\",\"contentUrl\":\"https:\/\/sare.eus\/wp-content\/uploads\/2021\/08\/sare.png\",\"width\":120,\"height\":142,\"caption\":\"Sare Herritarra\"},\"image\":{\"@id\":\"https:\/\/sare.eus\/#\/schema\/logo\/image\/\"}},{\"@type\":\"Person\",\"@id\":\"https:\/\/sare.eus\/#\/schema\/person\/2fe6d0df294f56313d3ab236dbe38e17\",\"name\":\"sare\",\"image\":{\"@type\":\"ImageObject\",\"inLanguage\":\"es\",\"@id\":\"https:\/\/sare.eus\/#\/schema\/person\/image\/\",\"url\":\"https:\/\/secure.gravatar.com\/avatar\/77cad838677ceb1977e7b3c878b55eaa7fa4aae2158983063b047c3ad7ef2c25?s=96&d=mm&r=g\",\"contentUrl\":\"https:\/\/secure.gravatar.com\/avatar\/77cad838677ceb1977e7b3c878b55eaa7fa4aae2158983063b047c3ad7ef2c25?s=96&d=mm&r=g\",\"caption\":\"sare\"},\"url\":\"https:\/\/sare.eus\/es\/author\/sare\/\"}]}<\/script>\n<!-- \/ Yoast SEO plugin. -->","yoast_head_json":{"title":"Rueda de prensa de SARE sobre la actual situaci\u00f3n de la pol\u00edtica penitenciaria aplicada a los presos\/presas vascos - Sare Herritarra","robots":{"index":"index","follow":"follow","max-snippet":"max-snippet:-1","max-image-preview":"max-image-preview:large","max-video-preview":"max-video-preview:-1"},"canonical":"https:\/\/sare.eus\/es\/rueda-de-prensa-de-sare-sobre-la-actual-situacion-de-la-politica-penitenciaria-aplicada-a-los-presos-presas-vascos\/","og_locale":"es_ES","og_type":"article","og_title":"Rueda de prensa de SARE sobre la actual situaci\u00f3n de la pol\u00edtica penitenciaria aplicada a los presos\/presas vascos - Sare Herritarra","og_description":"Esta convocatoria obedece a realizar una valoraci\u00f3n sobre la actual situaci\u00f3n de la pol\u00edtica penitenciaria que se aplica a los presos\/as vascos. Afirmamos, que se continua aplicando una pol\u00edtica penitenciaria [&hellip;]","og_url":"https:\/\/sare.eus\/es\/rueda-de-prensa-de-sare-sobre-la-actual-situacion-de-la-politica-penitenciaria-aplicada-a-los-presos-presas-vascos\/","og_site_name":"Sare Herritarra","article_published_time":"2022-11-22T11:02:45+00:00","article_modified_time":"2022-11-22T11:31:03+00:00","og_image":[{"width":1280,"height":960,"url":"https:\/\/sare.eus\/wp-content\/uploads\/2022\/11\/saregasteiz-2022.11.22-_03.jpg","type":"image\/jpeg"}],"author":"sare","twitter_card":"summary_large_image","twitter_misc":{"Escrito por":"sare","Tiempo de lectura":"2 minutos"},"schema":{"@context":"https:\/\/schema.org","@graph":[{"@type":"Article","@id":"https:\/\/sare.eus\/es\/rueda-de-prensa-de-sare-sobre-la-actual-situacion-de-la-politica-penitenciaria-aplicada-a-los-presos-presas-vascos\/#article","isPartOf":{"@id":"https:\/\/sare.eus\/es\/rueda-de-prensa-de-sare-sobre-la-actual-situacion-de-la-politica-penitenciaria-aplicada-a-los-presos-presas-vascos\/"},"author":{"name":"sare","@id":"https:\/\/sare.eus\/#\/schema\/person\/2fe6d0df294f56313d3ab236dbe38e17"},"headline":"Rueda de prensa de SARE sobre la actual situaci\u00f3n de la pol\u00edtica penitenciaria aplicada a los presos\/presas vascos","datePublished":"2022-11-22T11:02:45+00:00","dateModified":"2022-11-22T11:31:03+00:00","mainEntityOfPage":{"@id":"https:\/\/sare.eus\/es\/rueda-de-prensa-de-sare-sobre-la-actual-situacion-de-la-politica-penitenciaria-aplicada-a-los-presos-presas-vascos\/"},"wordCount":246,"publisher":{"@id":"https:\/\/sare.eus\/#organization"},"image":{"@id":"https:\/\/sare.eus\/es\/rueda-de-prensa-de-sare-sobre-la-actual-situacion-de-la-politica-penitenciaria-aplicada-a-los-presos-presas-vascos\/#primaryimage"},"thumbnailUrl":"https:\/\/sare.eus\/wp-content\/uploads\/2022\/11\/saregasteiz-2022.11.22-_03.jpg","articleSection":["Leyes de Excepci\u00f3n"],"inLanguage":"es"},{"@type":"WebPage","@id":"https:\/\/sare.eus\/es\/rueda-de-prensa-de-sare-sobre-la-actual-situacion-de-la-politica-penitenciaria-aplicada-a-los-presos-presas-vascos\/","url":"https:\/\/sare.eus\/es\/rueda-de-prensa-de-sare-sobre-la-actual-situacion-de-la-politica-penitenciaria-aplicada-a-los-presos-presas-vascos\/","name":"Rueda de prensa de SARE sobre la actual situaci\u00f3n de la pol\u00edtica penitenciaria aplicada a los presos\/presas vascos - Sare Herritarra","isPartOf":{"@id":"https:\/\/sare.eus\/#website"},"primaryImageOfPage":{"@id":"https:\/\/sare.eus\/es\/rueda-de-prensa-de-sare-sobre-la-actual-situacion-de-la-politica-penitenciaria-aplicada-a-los-presos-presas-vascos\/#primaryimage"},"image":{"@id":"https:\/\/sare.eus\/es\/rueda-de-prensa-de-sare-sobre-la-actual-situacion-de-la-politica-penitenciaria-aplicada-a-los-presos-presas-vascos\/#primaryimage"},"thumbnailUrl":"https:\/\/sare.eus\/wp-content\/uploads\/2022\/11\/saregasteiz-2022.11.22-_03.jpg","datePublished":"2022-11-22T11:02:45+00:00","dateModified":"2022-11-22T11:31:03+00:00","breadcrumb":{"@id":"https:\/\/sare.eus\/es\/rueda-de-prensa-de-sare-sobre-la-actual-situacion-de-la-politica-penitenciaria-aplicada-a-los-presos-presas-vascos\/#breadcrumb"},"inLanguage":"es","potentialAction":[{"@type":"ReadAction","target":["https:\/\/sare.eus\/es\/rueda-de-prensa-de-sare-sobre-la-actual-situacion-de-la-politica-penitenciaria-aplicada-a-los-presos-presas-vascos\/"]}]},{"@type":"ImageObject","inLanguage":"es","@id":"https:\/\/sare.eus\/es\/rueda-de-prensa-de-sare-sobre-la-actual-situacion-de-la-politica-penitenciaria-aplicada-a-los-presos-presas-vascos\/#primaryimage","url":"https:\/\/sare.eus\/wp-content\/uploads\/2022\/11\/saregasteiz-2022.11.22-_03.jpg","contentUrl":"https:\/\/sare.eus\/wp-content\/uploads\/2022\/11\/saregasteiz-2022.11.22-_03.jpg","width":1280,"height":960},{"@type":"BreadcrumbList","@id":"https:\/\/sare.eus\/es\/rueda-de-prensa-de-sare-sobre-la-actual-situacion-de-la-politica-penitenciaria-aplicada-a-los-presos-presas-vascos\/#breadcrumb","itemListElement":[{"@type":"ListItem","position":1,"name":"Home","item":"https:\/\/sare.eus\/"},{"@type":"ListItem","position":2,"name":"Rueda de prensa de SARE sobre la actual situaci\u00f3n de la pol\u00edtica penitenciaria aplicada a los presos\/presas vascos"}]},{"@type":"WebSite","@id":"https:\/\/sare.eus\/#website","url":"https:\/\/sare.eus\/","name":"Sare Herritarra","description":"KONPONBIDEAREN ETA GIZA ESKUBIDEEN ALDEKO SARE HERRITARRA","publisher":{"@id":"https:\/\/sare.eus\/#organization"},"potentialAction":[{"@type":"SearchAction","target":{"@type":"EntryPoint","urlTemplate":"https:\/\/sare.eus\/?s={search_term_string}"},"query-input":{"@type":"PropertyValueSpecification","valueRequired":true,"valueName":"search_term_string"}}],"inLanguage":"es"},{"@type":"Organization","@id":"https:\/\/sare.eus\/#organization","name":"Sare Herritarra","url":"https:\/\/sare.eus\/","logo":{"@type":"ImageObject","inLanguage":"es","@id":"https:\/\/sare.eus\/#\/schema\/logo\/image\/","url":"https:\/\/sare.eus\/wp-content\/uploads\/2021\/08\/sare.png","contentUrl":"https:\/\/sare.eus\/wp-content\/uploads\/2021\/08\/sare.png","width":120,"height":142,"caption":"Sare Herritarra"},"image":{"@id":"https:\/\/sare.eus\/#\/schema\/logo\/image\/"}},{"@type":"Person","@id":"https:\/\/sare.eus\/#\/schema\/person\/2fe6d0df294f56313d3ab236dbe38e17","name":"sare","image":{"@type":"ImageObject","inLanguage":"es","@id":"https:\/\/sare.eus\/#\/schema\/person\/image\/","url":"https:\/\/secure.gravatar.com\/avatar\/77cad838677ceb1977e7b3c878b55eaa7fa4aae2158983063b047c3ad7ef2c25?s=96&d=mm&r=g","contentUrl":"https:\/\/secure.gravatar.com\/avatar\/77cad838677ceb1977e7b3c878b55eaa7fa4aae2158983063b047c3ad7ef2c25?s=96&d=mm&r=g","caption":"sare"},"url":"https:\/\/sare.eus\/es\/author\/sare\/"}]}},"_links":{"self":[{"href":"https:\/\/sare.eus\/es\/wp-json\/wp\/v2\/posts\/4271","targetHints":{"allow":["GET"]}}],"collection":[{"href":"https:\/\/sare.eus\/es\/wp-json\/wp\/v2\/posts"}],"about":[{"href":"https:\/\/sare.eus\/es\/wp-json\/wp\/v2\/types\/post"}],"author":[{"embeddable":true,"href":"https:\/\/sare.eus\/es\/wp-json\/wp\/v2\/users\/2"}],"replies":[{"embeddable":true,"href":"https:\/\/sare.eus\/es\/wp-json\/wp\/v2\/comments?post=4271"}],"version-history":[{"count":5,"href":"https:\/\/sare.eus\/es\/wp-json\/wp\/v2\/posts\/4271\/revisions"}],"predecessor-version":[{"id":4280,"href":"https:\/\/sare.eus\/es\/wp-json\/wp\/v2\/posts\/4271\/revisions\/4280"}],"wp:featuredmedia":[{"embeddable":true,"href":"https:\/\/sare.eus\/es\/wp-json\/wp\/v2\/media\/4281"}],"wp:attachment":[{"href":"https:\/\/sare.eus\/es\/wp-json\/wp\/v2\/media?parent=4271"}],"wp:term":[{"taxonomy":"category","embeddable":true,"href":"https:\/\/sare.eus\/es\/wp-json\/wp\/v2\/categories?post=4271"},{"taxonomy":"post_tag","embeddable":true,"href":"https:\/\/sare.eus\/es\/wp-json\/wp\/v2\/tags?post=4271"}],"curies":[{"name":"wp","href":"https:\/\/api.w.org\/{rel}","templated":true}]}}