{"id":4237,"date":"2022-11-14T21:11:32","date_gmt":"2022-11-14T21:11:32","guid":{"rendered":"https:\/\/sare.eus\/urtarrilak7denokbilbora\/"},"modified":"2022-11-14T21:24:27","modified_gmt":"2022-11-14T21:24:27","slug":"7-de-enero-todxs-a-bilbo","status":"publish","type":"post","link":"https:\/\/sare.eus\/es\/7-de-enero-todxs-a-bilbo\/","title":{"rendered":"Despu\u00e9s de dos a\u00f1os, el 7 de enero, llenaremos las calles de Bilbo bajo el lema \u201cETXERA BIDEA GERTU\u201d"},"content":{"rendered":"\n<p>El pasado 8 de Octubre lo adelant\u00e1bamos en Donostia. Hoy, lo confirmamos en esta convocatoria de prensa: el 7 de enero, volveremos a llenar las calles de Bilbo, de dignidad, de esperanza en alcanzar la convivencia y de exigencia de respeto a los derechos humanos cuya vulneraci\u00f3n afecta a los presos\/as vascos y a sus familias.<\/p>\n\n\n\n<p>Bilbao ser\u00e1, una vez m\u00e1s, un momento importante para reivindicar el camino que nos falta para alcanzar nuestros objetivos. Este a\u00f1o habr\u00e1 una sola manifestaci\u00f3n en Bilbao. Por eso estamos aqu\u00ed Sare y Bake Bidea<\/p>\n\n\n\n<p>Llevamos dos a\u00f1os, sin poder reunir a decenas de miles de personas el mes de enero en Bilbo. Ahora es el momento, porque son muchos los objetivos pendientes y su soluci\u00f3n depende del empuje de las mayor\u00edas pol\u00edticas y sindicales vascas, pero tambi\u00e9n y fundamentalmente, de la movilizaci\u00f3n social.<\/p>\n\n\n\n<p>Hace m\u00e1s de siete a\u00f1os, cuando naci\u00f3 la Red Ciudadana SARE, sab\u00edamos que los retos que nos pon\u00edamos iban a ser dif\u00edciles. Que nos enfrent\u00e1bamos a obst\u00e1culos importantes, fundamentalmente, defendidos por quienes no quieren que las cosas cambien. Por quienes est\u00e1n empe\u00f1ados en mantener que nada ha cambiado o incluso de aquellos que se empe\u00f1an en decir que ETA continua existiendo.<\/p>\n\n\n<p><img loading=\"lazy\" decoding=\"async\" class=\"alignleft wp-image-4223\" src=\"https:\/\/sare.eus\/wp-content\/uploads\/2022\/11\/WEB_URT7BILBORA_KARTELA-3-01-212x300.jpg\" alt=\"\" width=\"450\" height=\"637\" srcset=\"https:\/\/sare.eus\/wp-content\/uploads\/2022\/11\/WEB_URT7BILBORA_KARTELA-3-01-212x300.jpg 212w, https:\/\/sare.eus\/wp-content\/uploads\/2022\/11\/WEB_URT7BILBORA_KARTELA-3-01-724x1024.jpg 724w, https:\/\/sare.eus\/wp-content\/uploads\/2022\/11\/WEB_URT7BILBORA_KARTELA-3-01-768x1086.jpg 768w, https:\/\/sare.eus\/wp-content\/uploads\/2022\/11\/WEB_URT7BILBORA_KARTELA-3-01-1086x1536.jpg 1086w, https:\/\/sare.eus\/wp-content\/uploads\/2022\/11\/WEB_URT7BILBORA_KARTELA-3-01-1080x1528.jpg 1080w, https:\/\/sare.eus\/wp-content\/uploads\/2022\/11\/WEB_URT7BILBORA_KARTELA-3-01.jpg 1365w\" sizes=\"(max-width: 450px) 100vw, 450px\" \/><\/p>\n<p>Pues bien. Hemos conseguido avanzar. Hoy, estamos, ojala, a la puerta de poner fin a una de las vulneraciones de derechos que durante d\u00e9cadas se ha cebado en los presos vascos y en sus familias. LA POL\u00cdTICA DE ALEJAMIENTO.<\/p>\n<p>Hemos avanzado, pero aun quedan, 19 presos\/as alejados. Estamos a las puertas de poner fin a una de las vulneraciones de derechos que durante d\u00e9cadas se ha empe\u00f1ado en los presos vascos y sus familias en Hego Euskal Herria, mientras que en Ipar Euskal Herria, con la libertad condicional de Ion Parot y Jakes, ha entrado en la perspectiva de una nueva etapa. Hemos hecho mucho y tenemos que seguir haci\u00e9ndolo hasta que el proceso de vuelta a casa termine.<\/p>\n<p>Este 7 de enero, y a partir de ese d\u00eda, pondremos nuestros esfuerzos en conseguir la aplicaci\u00f3n de una pol\u00edtica penitenciaria ordinaria, que desterr\u00e9 para siempre la excepcionalidad que se ha venido aplicando hasta el momento.<\/p>\n<p>En Francia y Espa\u00f1a continuamos teniendo enfrente a grupos de presi\u00f3n, muy interesados en hacer perpetuar la confrontaci\u00f3n y el sufrimiento y uno de ellos es la Audiencia Nacional que a trav\u00e9s del Ministerio Fiscal, bloquea, de manera permanente, que estos presos\/as puedan iniciar el camino de regreso a casa, tras el cumplimiento de largas condenas, en algunos casos, superiores a 30 a\u00f1os, ya cumplidos.<\/p>\n<p>No queremos confrontar innecesariamente con nadie, pero no vamos a permanecer inm\u00f3viles mientras estas vulneraciones contin\u00faan produci\u00e9ndose.<\/p>\n<p>El 7 de enero, por la ma\u00f1ana, al igual que otros a\u00f1os, realizaremos un acto plural en el Palacio Euskalduna, al que invitaremos a partidos pol\u00edticos, sindicales y organizaciones sociales, as\u00ed como personas interesadas, a reflexionar de manera conjunta sobre como podemos avanzar hacia la plena convivencia.<\/p>\n<p><strong>Y ya a las 17:00 horas, llenando de gente la calle Autonom\u00eda y lanzando un mensaje conjunto, iniciaremos desde la calle Autonom\u00eda una manifestaci\u00f3n hasta el Ayuntamiento de Bilbo,, con el lema \u201c Etxera bidea Gertu\u201d para expresar juntos\/as, un clamor en favor de la paz, convivencia y resoluci\u00f3n.<\/strong><\/p>","protected":false},"excerpt":{"rendered":"<p>El pasado 8 de Octubre lo adelant\u00e1bamos en Donostia. Hoy, lo confirmamos en esta convocatoria de prensa: el 7 de enero, volveremos a llenar las calles de Bilbo, de dignidad, [&hellip;]<\/p>\n","protected":false},"author":2,"featured_media":4245,"comment_status":"closed","ping_status":"closed","sticky":false,"template":"","format":"standard","meta":{"_acf_changed":false,"_et_pb_use_builder":"off","_et_pb_old_content":"","_et_gb_content_width":"","footnotes":""},"categories":[60],"tags":[],"class_list":["post-4237","post","type-post","status-publish","format-standard","has-post-thumbnail","hentry","category-etxera-es","et-has-post-format-content","et_post_format-et-post-format-standard"],"acf":[],"yoast_head":"<!-- This site is optimized with the Yoast SEO plugin v26.4 - https:\/\/yoast.com\/wordpress\/plugins\/seo\/ -->\n<title>Despu\u00e9s de dos a\u00f1os, el 7 de enero, llenaremos las calles de Bilbo bajo el lema \u201cETXERA BIDEA GERTU\u201d - Sare Herritarra<\/title>\n<meta name=\"robots\" content=\"index, follow, max-snippet:-1, max-image-preview:large, max-video-preview:-1\" \/>\n<link rel=\"canonical\" href=\"https:\/\/sare.eus\/es\/7-de-enero-todxs-a-bilbo\/\" \/>\n<meta property=\"og:locale\" content=\"es_ES\" \/>\n<meta property=\"og:type\" content=\"article\" \/>\n<meta property=\"og:title\" content=\"Despu\u00e9s de dos a\u00f1os, el 7 de enero, llenaremos las calles de Bilbo bajo el lema \u201cETXERA BIDEA GERTU\u201d - Sare Herritarra\" \/>\n<meta property=\"og:description\" content=\"El pasado 8 de Octubre lo adelant\u00e1bamos en Donostia. Hoy, lo confirmamos en esta convocatoria de prensa: el 7 de enero, volveremos a llenar las calles de Bilbo, de dignidad, [&hellip;]\" \/>\n<meta property=\"og:url\" content=\"https:\/\/sare.eus\/es\/7-de-enero-todxs-a-bilbo\/\" \/>\n<meta property=\"og:site_name\" content=\"Sare Herritarra\" \/>\n<meta property=\"article:published_time\" content=\"2022-11-14T21:11:32+00:00\" \/>\n<meta property=\"article:modified_time\" content=\"2022-11-14T21:24:27+00:00\" \/>\n<meta property=\"og:image\" content=\"https:\/\/sare.eus\/wp-content\/uploads\/2022\/11\/photo_2022-11-15_11-12-53.jpg\" \/>\n\t<meta property=\"og:image:width\" content=\"1280\" \/>\n\t<meta property=\"og:image:height\" content=\"960\" \/>\n\t<meta property=\"og:image:type\" content=\"image\/jpeg\" \/>\n<meta name=\"author\" content=\"sare\" \/>\n<meta name=\"twitter:card\" content=\"summary_large_image\" \/>\n<meta name=\"twitter:label1\" content=\"Escrito por\" \/>\n\t<meta name=\"twitter:data1\" content=\"sare\" \/>\n\t<meta name=\"twitter:label2\" content=\"Tiempo de lectura\" \/>\n\t<meta name=\"twitter:data2\" content=\"4 minutos\" \/>\n<script type=\"application\/ld+json\" class=\"yoast-schema-graph\">{\"@context\":\"https:\/\/schema.org\",\"@graph\":[{\"@type\":\"Article\",\"@id\":\"https:\/\/sare.eus\/es\/7-de-enero-todxs-a-bilbo\/#article\",\"isPartOf\":{\"@id\":\"https:\/\/sare.eus\/es\/7-de-enero-todxs-a-bilbo\/\"},\"author\":{\"name\":\"sare\",\"@id\":\"https:\/\/sare.eus\/#\/schema\/person\/2fe6d0df294f56313d3ab236dbe38e17\"},\"headline\":\"Despu\u00e9s de dos a\u00f1os, el 7 de enero, llenaremos las calles de Bilbo bajo el lema \u201cETXERA BIDEA GERTU\u201d\",\"datePublished\":\"2022-11-14T21:11:32+00:00\",\"dateModified\":\"2022-11-14T21:24:27+00:00\",\"mainEntityOfPage\":{\"@id\":\"https:\/\/sare.eus\/es\/7-de-enero-todxs-a-bilbo\/\"},\"wordCount\":594,\"publisher\":{\"@id\":\"https:\/\/sare.eus\/#organization\"},\"image\":{\"@id\":\"https:\/\/sare.eus\/es\/7-de-enero-todxs-a-bilbo\/#primaryimage\"},\"thumbnailUrl\":\"https:\/\/sare.eus\/wp-content\/uploads\/2022\/11\/photo_2022-11-15_11-12-53.jpg\",\"articleSection\":[\"Etxera\"],\"inLanguage\":\"es\"},{\"@type\":\"WebPage\",\"@id\":\"https:\/\/sare.eus\/es\/7-de-enero-todxs-a-bilbo\/\",\"url\":\"https:\/\/sare.eus\/es\/7-de-enero-todxs-a-bilbo\/\",\"name\":\"Despu\u00e9s de dos a\u00f1os, el 7 de enero, llenaremos las calles de Bilbo bajo el lema \u201cETXERA BIDEA GERTU\u201d - Sare Herritarra\",\"isPartOf\":{\"@id\":\"https:\/\/sare.eus\/#website\"},\"primaryImageOfPage\":{\"@id\":\"https:\/\/sare.eus\/es\/7-de-enero-todxs-a-bilbo\/#primaryimage\"},\"image\":{\"@id\":\"https:\/\/sare.eus\/es\/7-de-enero-todxs-a-bilbo\/#primaryimage\"},\"thumbnailUrl\":\"https:\/\/sare.eus\/wp-content\/uploads\/2022\/11\/photo_2022-11-15_11-12-53.jpg\",\"datePublished\":\"2022-11-14T21:11:32+00:00\",\"dateModified\":\"2022-11-14T21:24:27+00:00\",\"breadcrumb\":{\"@id\":\"https:\/\/sare.eus\/es\/7-de-enero-todxs-a-bilbo\/#breadcrumb\"},\"inLanguage\":\"es\",\"potentialAction\":[{\"@type\":\"ReadAction\",\"target\":[\"https:\/\/sare.eus\/es\/7-de-enero-todxs-a-bilbo\/\"]}]},{\"@type\":\"ImageObject\",\"inLanguage\":\"es\",\"@id\":\"https:\/\/sare.eus\/es\/7-de-enero-todxs-a-bilbo\/#primaryimage\",\"url\":\"https:\/\/sare.eus\/wp-content\/uploads\/2022\/11\/photo_2022-11-15_11-12-53.jpg\",\"contentUrl\":\"https:\/\/sare.eus\/wp-content\/uploads\/2022\/11\/photo_2022-11-15_11-12-53.jpg\",\"width\":1280,\"height\":960},{\"@type\":\"BreadcrumbList\",\"@id\":\"https:\/\/sare.eus\/es\/7-de-enero-todxs-a-bilbo\/#breadcrumb\",\"itemListElement\":[{\"@type\":\"ListItem\",\"position\":1,\"name\":\"Home\",\"item\":\"https:\/\/sare.eus\/\"},{\"@type\":\"ListItem\",\"position\":2,\"name\":\"Despu\u00e9s de dos a\u00f1os, el 7 de enero, llenaremos las calles de Bilbo bajo el lema \u201cETXERA BIDEA GERTU\u201d\"}]},{\"@type\":\"WebSite\",\"@id\":\"https:\/\/sare.eus\/#website\",\"url\":\"https:\/\/sare.eus\/\",\"name\":\"Sare Herritarra\",\"description\":\"KONPONBIDEAREN ETA GIZA ESKUBIDEEN ALDEKO SARE HERRITARRA\",\"publisher\":{\"@id\":\"https:\/\/sare.eus\/#organization\"},\"potentialAction\":[{\"@type\":\"SearchAction\",\"target\":{\"@type\":\"EntryPoint\",\"urlTemplate\":\"https:\/\/sare.eus\/?s={search_term_string}\"},\"query-input\":{\"@type\":\"PropertyValueSpecification\",\"valueRequired\":true,\"valueName\":\"search_term_string\"}}],\"inLanguage\":\"es\"},{\"@type\":\"Organization\",\"@id\":\"https:\/\/sare.eus\/#organization\",\"name\":\"Sare Herritarra\",\"url\":\"https:\/\/sare.eus\/\",\"logo\":{\"@type\":\"ImageObject\",\"inLanguage\":\"es\",\"@id\":\"https:\/\/sare.eus\/#\/schema\/logo\/image\/\",\"url\":\"https:\/\/sare.eus\/wp-content\/uploads\/2021\/08\/sare.png\",\"contentUrl\":\"https:\/\/sare.eus\/wp-content\/uploads\/2021\/08\/sare.png\",\"width\":120,\"height\":142,\"caption\":\"Sare Herritarra\"},\"image\":{\"@id\":\"https:\/\/sare.eus\/#\/schema\/logo\/image\/\"}},{\"@type\":\"Person\",\"@id\":\"https:\/\/sare.eus\/#\/schema\/person\/2fe6d0df294f56313d3ab236dbe38e17\",\"name\":\"sare\",\"image\":{\"@type\":\"ImageObject\",\"inLanguage\":\"es\",\"@id\":\"https:\/\/sare.eus\/#\/schema\/person\/image\/\",\"url\":\"https:\/\/secure.gravatar.com\/avatar\/77cad838677ceb1977e7b3c878b55eaa7fa4aae2158983063b047c3ad7ef2c25?s=96&d=mm&r=g\",\"contentUrl\":\"https:\/\/secure.gravatar.com\/avatar\/77cad838677ceb1977e7b3c878b55eaa7fa4aae2158983063b047c3ad7ef2c25?s=96&d=mm&r=g\",\"caption\":\"sare\"},\"url\":\"https:\/\/sare.eus\/es\/author\/sare\/\"}]}<\/script>\n<!-- \/ Yoast SEO plugin. -->","yoast_head_json":{"title":"Despu\u00e9s de dos a\u00f1os, el 7 de enero, llenaremos las calles de Bilbo bajo el lema \u201cETXERA BIDEA GERTU\u201d - Sare Herritarra","robots":{"index":"index","follow":"follow","max-snippet":"max-snippet:-1","max-image-preview":"max-image-preview:large","max-video-preview":"max-video-preview:-1"},"canonical":"https:\/\/sare.eus\/es\/7-de-enero-todxs-a-bilbo\/","og_locale":"es_ES","og_type":"article","og_title":"Despu\u00e9s de dos a\u00f1os, el 7 de enero, llenaremos las calles de Bilbo bajo el lema \u201cETXERA BIDEA GERTU\u201d - Sare Herritarra","og_description":"El pasado 8 de Octubre lo adelant\u00e1bamos en Donostia. Hoy, lo confirmamos en esta convocatoria de prensa: el 7 de enero, volveremos a llenar las calles de Bilbo, de dignidad, [&hellip;]","og_url":"https:\/\/sare.eus\/es\/7-de-enero-todxs-a-bilbo\/","og_site_name":"Sare Herritarra","article_published_time":"2022-11-14T21:11:32+00:00","article_modified_time":"2022-11-14T21:24:27+00:00","og_image":[{"width":1280,"height":960,"url":"https:\/\/sare.eus\/wp-content\/uploads\/2022\/11\/photo_2022-11-15_11-12-53.jpg","type":"image\/jpeg"}],"author":"sare","twitter_card":"summary_large_image","twitter_misc":{"Escrito por":"sare","Tiempo de lectura":"4 minutos"},"schema":{"@context":"https:\/\/schema.org","@graph":[{"@type":"Article","@id":"https:\/\/sare.eus\/es\/7-de-enero-todxs-a-bilbo\/#article","isPartOf":{"@id":"https:\/\/sare.eus\/es\/7-de-enero-todxs-a-bilbo\/"},"author":{"name":"sare","@id":"https:\/\/sare.eus\/#\/schema\/person\/2fe6d0df294f56313d3ab236dbe38e17"},"headline":"Despu\u00e9s de dos a\u00f1os, el 7 de enero, llenaremos las calles de Bilbo bajo el lema \u201cETXERA BIDEA GERTU\u201d","datePublished":"2022-11-14T21:11:32+00:00","dateModified":"2022-11-14T21:24:27+00:00","mainEntityOfPage":{"@id":"https:\/\/sare.eus\/es\/7-de-enero-todxs-a-bilbo\/"},"wordCount":594,"publisher":{"@id":"https:\/\/sare.eus\/#organization"},"image":{"@id":"https:\/\/sare.eus\/es\/7-de-enero-todxs-a-bilbo\/#primaryimage"},"thumbnailUrl":"https:\/\/sare.eus\/wp-content\/uploads\/2022\/11\/photo_2022-11-15_11-12-53.jpg","articleSection":["Etxera"],"inLanguage":"es"},{"@type":"WebPage","@id":"https:\/\/sare.eus\/es\/7-de-enero-todxs-a-bilbo\/","url":"https:\/\/sare.eus\/es\/7-de-enero-todxs-a-bilbo\/","name":"Despu\u00e9s de dos a\u00f1os, el 7 de enero, llenaremos las calles de Bilbo bajo el lema \u201cETXERA BIDEA GERTU\u201d - Sare Herritarra","isPartOf":{"@id":"https:\/\/sare.eus\/#website"},"primaryImageOfPage":{"@id":"https:\/\/sare.eus\/es\/7-de-enero-todxs-a-bilbo\/#primaryimage"},"image":{"@id":"https:\/\/sare.eus\/es\/7-de-enero-todxs-a-bilbo\/#primaryimage"},"thumbnailUrl":"https:\/\/sare.eus\/wp-content\/uploads\/2022\/11\/photo_2022-11-15_11-12-53.jpg","datePublished":"2022-11-14T21:11:32+00:00","dateModified":"2022-11-14T21:24:27+00:00","breadcrumb":{"@id":"https:\/\/sare.eus\/es\/7-de-enero-todxs-a-bilbo\/#breadcrumb"},"inLanguage":"es","potentialAction":[{"@type":"ReadAction","target":["https:\/\/sare.eus\/es\/7-de-enero-todxs-a-bilbo\/"]}]},{"@type":"ImageObject","inLanguage":"es","@id":"https:\/\/sare.eus\/es\/7-de-enero-todxs-a-bilbo\/#primaryimage","url":"https:\/\/sare.eus\/wp-content\/uploads\/2022\/11\/photo_2022-11-15_11-12-53.jpg","contentUrl":"https:\/\/sare.eus\/wp-content\/uploads\/2022\/11\/photo_2022-11-15_11-12-53.jpg","width":1280,"height":960},{"@type":"BreadcrumbList","@id":"https:\/\/sare.eus\/es\/7-de-enero-todxs-a-bilbo\/#breadcrumb","itemListElement":[{"@type":"ListItem","position":1,"name":"Home","item":"https:\/\/sare.eus\/"},{"@type":"ListItem","position":2,"name":"Despu\u00e9s de dos a\u00f1os, el 7 de enero, llenaremos las calles de Bilbo bajo el lema \u201cETXERA BIDEA GERTU\u201d"}]},{"@type":"WebSite","@id":"https:\/\/sare.eus\/#website","url":"https:\/\/sare.eus\/","name":"Sare Herritarra","description":"KONPONBIDEAREN ETA GIZA ESKUBIDEEN ALDEKO SARE HERRITARRA","publisher":{"@id":"https:\/\/sare.eus\/#organization"},"potentialAction":[{"@type":"SearchAction","target":{"@type":"EntryPoint","urlTemplate":"https:\/\/sare.eus\/?s={search_term_string}"},"query-input":{"@type":"PropertyValueSpecification","valueRequired":true,"valueName":"search_term_string"}}],"inLanguage":"es"},{"@type":"Organization","@id":"https:\/\/sare.eus\/#organization","name":"Sare Herritarra","url":"https:\/\/sare.eus\/","logo":{"@type":"ImageObject","inLanguage":"es","@id":"https:\/\/sare.eus\/#\/schema\/logo\/image\/","url":"https:\/\/sare.eus\/wp-content\/uploads\/2021\/08\/sare.png","contentUrl":"https:\/\/sare.eus\/wp-content\/uploads\/2021\/08\/sare.png","width":120,"height":142,"caption":"Sare Herritarra"},"image":{"@id":"https:\/\/sare.eus\/#\/schema\/logo\/image\/"}},{"@type":"Person","@id":"https:\/\/sare.eus\/#\/schema\/person\/2fe6d0df294f56313d3ab236dbe38e17","name":"sare","image":{"@type":"ImageObject","inLanguage":"es","@id":"https:\/\/sare.eus\/#\/schema\/person\/image\/","url":"https:\/\/secure.gravatar.com\/avatar\/77cad838677ceb1977e7b3c878b55eaa7fa4aae2158983063b047c3ad7ef2c25?s=96&d=mm&r=g","contentUrl":"https:\/\/secure.gravatar.com\/avatar\/77cad838677ceb1977e7b3c878b55eaa7fa4aae2158983063b047c3ad7ef2c25?s=96&d=mm&r=g","caption":"sare"},"url":"https:\/\/sare.eus\/es\/author\/sare\/"}]}},"_links":{"self":[{"href":"https:\/\/sare.eus\/es\/wp-json\/wp\/v2\/posts\/4237","targetHints":{"allow":["GET"]}}],"collection":[{"href":"https:\/\/sare.eus\/es\/wp-json\/wp\/v2\/posts"}],"about":[{"href":"https:\/\/sare.eus\/es\/wp-json\/wp\/v2\/types\/post"}],"author":[{"embeddable":true,"href":"https:\/\/sare.eus\/es\/wp-json\/wp\/v2\/users\/2"}],"replies":[{"embeddable":true,"href":"https:\/\/sare.eus\/es\/wp-json\/wp\/v2\/comments?post=4237"}],"version-history":[{"count":4,"href":"https:\/\/sare.eus\/es\/wp-json\/wp\/v2\/posts\/4237\/revisions"}],"predecessor-version":[{"id":4243,"href":"https:\/\/sare.eus\/es\/wp-json\/wp\/v2\/posts\/4237\/revisions\/4243"}],"wp:featuredmedia":[{"embeddable":true,"href":"https:\/\/sare.eus\/es\/wp-json\/wp\/v2\/media\/4245"}],"wp:attachment":[{"href":"https:\/\/sare.eus\/es\/wp-json\/wp\/v2\/media?parent=4237"}],"wp:term":[{"taxonomy":"category","embeddable":true,"href":"https:\/\/sare.eus\/es\/wp-json\/wp\/v2\/categories?post=4237"},{"taxonomy":"post_tag","embeddable":true,"href":"https:\/\/sare.eus\/es\/wp-json\/wp\/v2\/tags?post=4237"}],"curies":[{"name":"wp","href":"https:\/\/api.w.org\/{rel}","templated":true}]}}