{"id":4198,"date":"2022-11-08T07:09:52","date_gmt":"2022-11-08T07:09:52","guid":{"rendered":"https:\/\/sare.eus\/azken-2-urtetan-pandemia-dela-eta-ospatu-ezin-izan-zen-berakatz-zopa-txapelketa-berriz-antolatuko-du-sare-eibarrek\/"},"modified":"2022-11-08T07:30:00","modified_gmt":"2022-11-08T07:30:00","slug":"azken-2-urtetan-pandemia-dela-eta-ospatu-ezin-izan-zen-berakatz-zopa-txapelketa-berriz-antolatuko-du-sare-eibarrek","status":"publish","type":"post","link":"https:\/\/sare.eus\/es\/azken-2-urtetan-pandemia-dela-eta-ospatu-ezin-izan-zen-berakatz-zopa-txapelketa-berriz-antolatuko-du-sare-eibarrek\/","title":{"rendered":"SARE Eibar organizar\u00e1 el 5. CAMPEONATO DE SOPAS DE AJO que no se pudo celebrar en los dos \u00faltimos a\u00f1os debido a la pandemia"},"content":{"rendered":"\n<p>Estos 2 \u00faltimos a\u00f1os no hemos podido hacerlo por el tema de la pandemia, pero este a\u00f1o s\u00ed vamos ha hacerlo. Aquella Txapelketa que con Ibon ya en casa iba a ser tan especial la celebraremos este a\u00f1o.<\/p>\n\n\n\n<p>Ibon Mu\u00f1oa est\u00e1 en casa, s\u00ed, pero despues de cumplir su condena, 20 largos a\u00f1os, y hasta el \u00faltimo minuto en las c\u00e1rceles de Andalucia.<\/p>\n\n\n\n<p>Y es cierto que las situaci\u00f3n de l<u>@s pres@s<\/u> ha mejorado mucho pero todav\u00eda hay demasiados fuera de Euskal Herria y con muchos problemas con las progresiones de grado, permisos, etc., porque siguen bajo unas leyes de excepci\u00f3n.<\/p>\n\n\n\n<p>Por supuesto nos alegramos mucho cada vez que se acerca a Euskal Herria a un grupo de pres@s, pero todav\u00eda hay 12 en el Estado Franc\u00e9s y otros 20 en el Estado Espa\u00f1ol, siendo 143 los que est\u00e1n en Euskal Herria, 19 de ellos en libertad condicional y 2 centros de salud.<\/p>\n\n\n\n<p>Tambi\u00e9n nos ha encantado ver, por fin, a Jon Kepa Parot y a Jakes Esnal fuera de la c\u00e1rcel despu\u00e9s de una larga lucha. Nuestras sinceras felicitaciones a la sociedad civil de Ipar Euskal Herria, su capacidad de implicaci\u00f3n y movilizaci\u00f3n son un ejemplo para <a href=\"mailto:tod@s\"><u>tod@s<\/u><\/a>.<\/p>\n\n\n\n<p>Tambi\u00e9n est\u00e1 el caso de Ibon Fern\u00e1ndez Iradi, trasladado de Lannem\u00e9zan a Martutene por su enfermedad. Es la primera vez que un Preso Vasco es trasladado desde el Estado Franc\u00e9s a un lugar que no es la Audiencia Nacional. Pero no hay que olvidar que Ibon Fern\u00e1ndez Iradi ,como otros 14, est\u00e1 gravemente enfermo y que todos ellos deber\u00edan estar en casa.<\/p>\n\n\n\n<p>Por otra parte, nos llena de indignaci\u00f3n la forma absurda con la que la justicia espa\u00f1ola ha vulnerado los derechos de Xabier Atristain. El Tribunal Supremo ignorando la sentencia del Tribunal Europeo de Derechos Humanos, que concluy\u00f3 que el preso donostiarra no hab\u00eda tenido un juicio justo, y ahora la Audiencia Nacional le ha suspendido el tercer grado concedido por el Gobierno Vasco , aunque cumple todos los requisitos para ello.<\/p>\n\n\n\n<p>Lo mismo nos ocurre con los casos de Mikel San Argimiro y Aitor Esnaola, a los que les han anulado el tercer grado ingresando de nuevo en prisi\u00f3n.<\/p>\n\n\n\n<p>La realidad es que los pres@s vascos contin\u00faan apostando por su trayectoria jur\u00eddico-penitenciaria. Frente a ello, la Audiencia Nacional paraliza las decisiones de las Comisiones de Tratamiento y del Gobierno Vasco, manteniendo una legislaci\u00f3n excepcional, las Leyes Org\u00e1nica 7\/2003 y 7\/2014, que tienen como \u00fanico objetivo hacer cumplir unas terribles sanciones penales desconocidas en Europa, impidiendo la v\u00eda de su regreso a casa.<\/p>\n\n\n\n<p>Hace11 a\u00f1os que ETA abandon\u00f3 la lucha armada y casi 5 que desapareci\u00f3 y a estas alturas la propia existencia de Pres@s no tiene ning\u00fan sentido y menos las regresiones de grado y la obstaculizaci\u00f3n del CAMINO A CASA con medidas excepcionales que no ayudan a nadie y menos para conseguir la CONVIVENCIA, LA RESOLUCI\u00d3N Y LA PAZ que tanto necesitamos.<\/p>\n\n\n\n<p>Por ello, siguiendo con nuestras movilizaciones y actos, tal y como hicimos el pasado 8 de octubre en Donostia con aquella manifestaci\u00f3n y festival tan espectacular, y haremos el 7 de enero en Bilbo, tras 2 a\u00f1os de ausencia, bajo el lema ETXERAKO BIDEA GERTU hemos organizado el 5. CAMPEONATO DE SOPAS DE AJO DE EIBAR, que se celebrar\u00e1 el 19 de noviembre de 2022, a las 11:30 horas en la Plaza Untzaga.<\/p>\n\n\n\n<p>Hasta ahora siempre los hemos celebrado en un ambiente inmejorable y esperamos que este a\u00f1o tambi\u00e9n sea as\u00ed con la colaboraci\u00f3n y participaci\u00f3n de todos.<\/p>\n\n\n\n<p><\/p>\n\n\n\n<figure class=\"wp-block-image size-large\"><img loading=\"lazy\" decoding=\"async\" width=\"731\" height=\"1024\" src=\"https:\/\/sare.eus\/wp-content\/uploads\/2022\/11\/Berakatz-zopa-txapelketa-2022-01-731x1024.png\" alt=\"\" class=\"wp-image-4193\" srcset=\"https:\/\/sare.eus\/wp-content\/uploads\/2022\/11\/Berakatz-zopa-txapelketa-2022-01-731x1024.png 731w, https:\/\/sare.eus\/wp-content\/uploads\/2022\/11\/Berakatz-zopa-txapelketa-2022-01-214x300.png 214w, https:\/\/sare.eus\/wp-content\/uploads\/2022\/11\/Berakatz-zopa-txapelketa-2022-01-768x1075.png 768w, https:\/\/sare.eus\/wp-content\/uploads\/2022\/11\/Berakatz-zopa-txapelketa-2022-01-1097x1536.png 1097w, https:\/\/sare.eus\/wp-content\/uploads\/2022\/11\/Berakatz-zopa-txapelketa-2022-01-1463x2048.png 1463w, https:\/\/sare.eus\/wp-content\/uploads\/2022\/11\/Berakatz-zopa-txapelketa-2022-01-1080x1512.png 1080w\" sizes=\"(max-width: 731px) 100vw, 731px\" \/><\/figure>\n\n\n\n<p><br><br><\/p>\n","protected":false},"excerpt":{"rendered":"<p>Estos 2 \u00faltimos a\u00f1os no hemos podido hacerlo por el tema de la pandemia, pero este a\u00f1o s\u00ed vamos ha hacerlo. Aquella Txapelketa que con Ibon ya en casa iba [&hellip;]<\/p>\n","protected":false},"author":2,"featured_media":4196,"comment_status":"closed","ping_status":"closed","sticky":false,"template":"","format":"standard","meta":{"_acf_changed":false,"_et_pb_use_builder":"off","_et_pb_old_content":"","_et_gb_content_width":"","footnotes":""},"categories":[66],"tags":[],"class_list":["post-4198","post","type-post","status-publish","format-standard","has-post-thumbnail","hentry","category-pueblos","et-has-post-format-content","et_post_format-et-post-format-standard"],"acf":[],"yoast_head":"<!-- This site is optimized with the Yoast SEO plugin v26.4 - https:\/\/yoast.com\/wordpress\/plugins\/seo\/ -->\n<title>SARE Eibar organizar\u00e1 el 5. CAMPEONATO DE SOPAS DE AJO que no se pudo celebrar en los dos \u00faltimos a\u00f1os debido a la pandemia - Sare Herritarra<\/title>\n<meta name=\"robots\" content=\"index, follow, max-snippet:-1, max-image-preview:large, max-video-preview:-1\" \/>\n<link rel=\"canonical\" href=\"https:\/\/sare.eus\/es\/azken-2-urtetan-pandemia-dela-eta-ospatu-ezin-izan-zen-berakatz-zopa-txapelketa-berriz-antolatuko-du-sare-eibarrek\/\" \/>\n<meta property=\"og:locale\" content=\"es_ES\" \/>\n<meta property=\"og:type\" content=\"article\" \/>\n<meta property=\"og:title\" content=\"SARE Eibar organizar\u00e1 el 5. CAMPEONATO DE SOPAS DE AJO que no se pudo celebrar en los dos \u00faltimos a\u00f1os debido a la pandemia - Sare Herritarra\" \/>\n<meta property=\"og:description\" content=\"Estos 2 \u00faltimos a\u00f1os no hemos podido hacerlo por el tema de la pandemia, pero este a\u00f1o s\u00ed vamos ha hacerlo. Aquella Txapelketa que con Ibon ya en casa iba [&hellip;]\" \/>\n<meta property=\"og:url\" content=\"https:\/\/sare.eus\/es\/azken-2-urtetan-pandemia-dela-eta-ospatu-ezin-izan-zen-berakatz-zopa-txapelketa-berriz-antolatuko-du-sare-eibarrek\/\" \/>\n<meta property=\"og:site_name\" content=\"Sare Herritarra\" \/>\n<meta property=\"article:published_time\" content=\"2022-11-08T07:09:52+00:00\" \/>\n<meta property=\"article:modified_time\" content=\"2022-11-08T07:30:00+00:00\" \/>\n<meta property=\"og:image\" content=\"https:\/\/sare.eus\/wp-content\/uploads\/2022\/11\/IMG-20221105-WA0001.jpg\" \/>\n\t<meta property=\"og:image:width\" content=\"2048\" \/>\n\t<meta property=\"og:image:height\" content=\"1536\" \/>\n\t<meta property=\"og:image:type\" content=\"image\/jpeg\" \/>\n<meta name=\"author\" content=\"sare\" \/>\n<meta name=\"twitter:card\" content=\"summary_large_image\" \/>\n<meta name=\"twitter:label1\" content=\"Escrito por\" \/>\n\t<meta name=\"twitter:data1\" content=\"sare\" \/>\n\t<meta name=\"twitter:label2\" content=\"Tiempo de lectura\" \/>\n\t<meta name=\"twitter:data2\" content=\"4 minutos\" \/>\n<script type=\"application\/ld+json\" class=\"yoast-schema-graph\">{\"@context\":\"https:\/\/schema.org\",\"@graph\":[{\"@type\":\"Article\",\"@id\":\"https:\/\/sare.eus\/es\/azken-2-urtetan-pandemia-dela-eta-ospatu-ezin-izan-zen-berakatz-zopa-txapelketa-berriz-antolatuko-du-sare-eibarrek\/#article\",\"isPartOf\":{\"@id\":\"https:\/\/sare.eus\/es\/azken-2-urtetan-pandemia-dela-eta-ospatu-ezin-izan-zen-berakatz-zopa-txapelketa-berriz-antolatuko-du-sare-eibarrek\/\"},\"author\":{\"name\":\"sare\",\"@id\":\"https:\/\/sare.eus\/#\/schema\/person\/2fe6d0df294f56313d3ab236dbe38e17\"},\"headline\":\"SARE Eibar organizar\u00e1 el 5. CAMPEONATO DE SOPAS DE AJO que no se pudo celebrar en los dos \u00faltimos a\u00f1os debido a la pandemia\",\"datePublished\":\"2022-11-08T07:09:52+00:00\",\"dateModified\":\"2022-11-08T07:30:00+00:00\",\"mainEntityOfPage\":{\"@id\":\"https:\/\/sare.eus\/es\/azken-2-urtetan-pandemia-dela-eta-ospatu-ezin-izan-zen-berakatz-zopa-txapelketa-berriz-antolatuko-du-sare-eibarrek\/\"},\"wordCount\":636,\"publisher\":{\"@id\":\"https:\/\/sare.eus\/#organization\"},\"image\":{\"@id\":\"https:\/\/sare.eus\/es\/azken-2-urtetan-pandemia-dela-eta-ospatu-ezin-izan-zen-berakatz-zopa-txapelketa-berriz-antolatuko-du-sare-eibarrek\/#primaryimage\"},\"thumbnailUrl\":\"https:\/\/sare.eus\/wp-content\/uploads\/2022\/11\/IMG-20221105-WA0001.jpg\",\"articleSection\":[\"Pueblos\"],\"inLanguage\":\"es\"},{\"@type\":\"WebPage\",\"@id\":\"https:\/\/sare.eus\/es\/azken-2-urtetan-pandemia-dela-eta-ospatu-ezin-izan-zen-berakatz-zopa-txapelketa-berriz-antolatuko-du-sare-eibarrek\/\",\"url\":\"https:\/\/sare.eus\/es\/azken-2-urtetan-pandemia-dela-eta-ospatu-ezin-izan-zen-berakatz-zopa-txapelketa-berriz-antolatuko-du-sare-eibarrek\/\",\"name\":\"SARE Eibar organizar\u00e1 el 5. CAMPEONATO DE SOPAS DE AJO que no se pudo celebrar en los dos \u00faltimos a\u00f1os debido a la pandemia - Sare Herritarra\",\"isPartOf\":{\"@id\":\"https:\/\/sare.eus\/#website\"},\"primaryImageOfPage\":{\"@id\":\"https:\/\/sare.eus\/es\/azken-2-urtetan-pandemia-dela-eta-ospatu-ezin-izan-zen-berakatz-zopa-txapelketa-berriz-antolatuko-du-sare-eibarrek\/#primaryimage\"},\"image\":{\"@id\":\"https:\/\/sare.eus\/es\/azken-2-urtetan-pandemia-dela-eta-ospatu-ezin-izan-zen-berakatz-zopa-txapelketa-berriz-antolatuko-du-sare-eibarrek\/#primaryimage\"},\"thumbnailUrl\":\"https:\/\/sare.eus\/wp-content\/uploads\/2022\/11\/IMG-20221105-WA0001.jpg\",\"datePublished\":\"2022-11-08T07:09:52+00:00\",\"dateModified\":\"2022-11-08T07:30:00+00:00\",\"breadcrumb\":{\"@id\":\"https:\/\/sare.eus\/es\/azken-2-urtetan-pandemia-dela-eta-ospatu-ezin-izan-zen-berakatz-zopa-txapelketa-berriz-antolatuko-du-sare-eibarrek\/#breadcrumb\"},\"inLanguage\":\"es\",\"potentialAction\":[{\"@type\":\"ReadAction\",\"target\":[\"https:\/\/sare.eus\/es\/azken-2-urtetan-pandemia-dela-eta-ospatu-ezin-izan-zen-berakatz-zopa-txapelketa-berriz-antolatuko-du-sare-eibarrek\/\"]}]},{\"@type\":\"ImageObject\",\"inLanguage\":\"es\",\"@id\":\"https:\/\/sare.eus\/es\/azken-2-urtetan-pandemia-dela-eta-ospatu-ezin-izan-zen-berakatz-zopa-txapelketa-berriz-antolatuko-du-sare-eibarrek\/#primaryimage\",\"url\":\"https:\/\/sare.eus\/wp-content\/uploads\/2022\/11\/IMG-20221105-WA0001.jpg\",\"contentUrl\":\"https:\/\/sare.eus\/wp-content\/uploads\/2022\/11\/IMG-20221105-WA0001.jpg\",\"width\":2048,\"height\":1536},{\"@type\":\"BreadcrumbList\",\"@id\":\"https:\/\/sare.eus\/es\/azken-2-urtetan-pandemia-dela-eta-ospatu-ezin-izan-zen-berakatz-zopa-txapelketa-berriz-antolatuko-du-sare-eibarrek\/#breadcrumb\",\"itemListElement\":[{\"@type\":\"ListItem\",\"position\":1,\"name\":\"Home\",\"item\":\"https:\/\/sare.eus\/\"},{\"@type\":\"ListItem\",\"position\":2,\"name\":\"SARE Eibar organizar\u00e1 el 5. CAMPEONATO DE SOPAS DE AJO que no se pudo celebrar en los dos \u00faltimos a\u00f1os debido a la pandemia\"}]},{\"@type\":\"WebSite\",\"@id\":\"https:\/\/sare.eus\/#website\",\"url\":\"https:\/\/sare.eus\/\",\"name\":\"Sare Herritarra\",\"description\":\"KONPONBIDEAREN ETA GIZA ESKUBIDEEN ALDEKO SARE HERRITARRA\",\"publisher\":{\"@id\":\"https:\/\/sare.eus\/#organization\"},\"potentialAction\":[{\"@type\":\"SearchAction\",\"target\":{\"@type\":\"EntryPoint\",\"urlTemplate\":\"https:\/\/sare.eus\/?s={search_term_string}\"},\"query-input\":{\"@type\":\"PropertyValueSpecification\",\"valueRequired\":true,\"valueName\":\"search_term_string\"}}],\"inLanguage\":\"es\"},{\"@type\":\"Organization\",\"@id\":\"https:\/\/sare.eus\/#organization\",\"name\":\"Sare Herritarra\",\"url\":\"https:\/\/sare.eus\/\",\"logo\":{\"@type\":\"ImageObject\",\"inLanguage\":\"es\",\"@id\":\"https:\/\/sare.eus\/#\/schema\/logo\/image\/\",\"url\":\"https:\/\/sare.eus\/wp-content\/uploads\/2021\/08\/sare.png\",\"contentUrl\":\"https:\/\/sare.eus\/wp-content\/uploads\/2021\/08\/sare.png\",\"width\":120,\"height\":142,\"caption\":\"Sare Herritarra\"},\"image\":{\"@id\":\"https:\/\/sare.eus\/#\/schema\/logo\/image\/\"}},{\"@type\":\"Person\",\"@id\":\"https:\/\/sare.eus\/#\/schema\/person\/2fe6d0df294f56313d3ab236dbe38e17\",\"name\":\"sare\",\"image\":{\"@type\":\"ImageObject\",\"inLanguage\":\"es\",\"@id\":\"https:\/\/sare.eus\/#\/schema\/person\/image\/\",\"url\":\"https:\/\/secure.gravatar.com\/avatar\/77cad838677ceb1977e7b3c878b55eaa7fa4aae2158983063b047c3ad7ef2c25?s=96&d=mm&r=g\",\"contentUrl\":\"https:\/\/secure.gravatar.com\/avatar\/77cad838677ceb1977e7b3c878b55eaa7fa4aae2158983063b047c3ad7ef2c25?s=96&d=mm&r=g\",\"caption\":\"sare\"},\"url\":\"https:\/\/sare.eus\/es\/author\/sare\/\"}]}<\/script>\n<!-- \/ Yoast SEO plugin. -->","yoast_head_json":{"title":"SARE Eibar organizar\u00e1 el 5. CAMPEONATO DE SOPAS DE AJO que no se pudo celebrar en los dos \u00faltimos a\u00f1os debido a la pandemia - Sare Herritarra","robots":{"index":"index","follow":"follow","max-snippet":"max-snippet:-1","max-image-preview":"max-image-preview:large","max-video-preview":"max-video-preview:-1"},"canonical":"https:\/\/sare.eus\/es\/azken-2-urtetan-pandemia-dela-eta-ospatu-ezin-izan-zen-berakatz-zopa-txapelketa-berriz-antolatuko-du-sare-eibarrek\/","og_locale":"es_ES","og_type":"article","og_title":"SARE Eibar organizar\u00e1 el 5. CAMPEONATO DE SOPAS DE AJO que no se pudo celebrar en los dos \u00faltimos a\u00f1os debido a la pandemia - Sare Herritarra","og_description":"Estos 2 \u00faltimos a\u00f1os no hemos podido hacerlo por el tema de la pandemia, pero este a\u00f1o s\u00ed vamos ha hacerlo. Aquella Txapelketa que con Ibon ya en casa iba [&hellip;]","og_url":"https:\/\/sare.eus\/es\/azken-2-urtetan-pandemia-dela-eta-ospatu-ezin-izan-zen-berakatz-zopa-txapelketa-berriz-antolatuko-du-sare-eibarrek\/","og_site_name":"Sare Herritarra","article_published_time":"2022-11-08T07:09:52+00:00","article_modified_time":"2022-11-08T07:30:00+00:00","og_image":[{"width":2048,"height":1536,"url":"https:\/\/sare.eus\/wp-content\/uploads\/2022\/11\/IMG-20221105-WA0001.jpg","type":"image\/jpeg"}],"author":"sare","twitter_card":"summary_large_image","twitter_misc":{"Escrito por":"sare","Tiempo de lectura":"4 minutos"},"schema":{"@context":"https:\/\/schema.org","@graph":[{"@type":"Article","@id":"https:\/\/sare.eus\/es\/azken-2-urtetan-pandemia-dela-eta-ospatu-ezin-izan-zen-berakatz-zopa-txapelketa-berriz-antolatuko-du-sare-eibarrek\/#article","isPartOf":{"@id":"https:\/\/sare.eus\/es\/azken-2-urtetan-pandemia-dela-eta-ospatu-ezin-izan-zen-berakatz-zopa-txapelketa-berriz-antolatuko-du-sare-eibarrek\/"},"author":{"name":"sare","@id":"https:\/\/sare.eus\/#\/schema\/person\/2fe6d0df294f56313d3ab236dbe38e17"},"headline":"SARE Eibar organizar\u00e1 el 5. CAMPEONATO DE SOPAS DE AJO que no se pudo celebrar en los dos \u00faltimos a\u00f1os debido a la pandemia","datePublished":"2022-11-08T07:09:52+00:00","dateModified":"2022-11-08T07:30:00+00:00","mainEntityOfPage":{"@id":"https:\/\/sare.eus\/es\/azken-2-urtetan-pandemia-dela-eta-ospatu-ezin-izan-zen-berakatz-zopa-txapelketa-berriz-antolatuko-du-sare-eibarrek\/"},"wordCount":636,"publisher":{"@id":"https:\/\/sare.eus\/#organization"},"image":{"@id":"https:\/\/sare.eus\/es\/azken-2-urtetan-pandemia-dela-eta-ospatu-ezin-izan-zen-berakatz-zopa-txapelketa-berriz-antolatuko-du-sare-eibarrek\/#primaryimage"},"thumbnailUrl":"https:\/\/sare.eus\/wp-content\/uploads\/2022\/11\/IMG-20221105-WA0001.jpg","articleSection":["Pueblos"],"inLanguage":"es"},{"@type":"WebPage","@id":"https:\/\/sare.eus\/es\/azken-2-urtetan-pandemia-dela-eta-ospatu-ezin-izan-zen-berakatz-zopa-txapelketa-berriz-antolatuko-du-sare-eibarrek\/","url":"https:\/\/sare.eus\/es\/azken-2-urtetan-pandemia-dela-eta-ospatu-ezin-izan-zen-berakatz-zopa-txapelketa-berriz-antolatuko-du-sare-eibarrek\/","name":"SARE Eibar organizar\u00e1 el 5. CAMPEONATO DE SOPAS DE AJO que no se pudo celebrar en los dos \u00faltimos a\u00f1os debido a la pandemia - Sare Herritarra","isPartOf":{"@id":"https:\/\/sare.eus\/#website"},"primaryImageOfPage":{"@id":"https:\/\/sare.eus\/es\/azken-2-urtetan-pandemia-dela-eta-ospatu-ezin-izan-zen-berakatz-zopa-txapelketa-berriz-antolatuko-du-sare-eibarrek\/#primaryimage"},"image":{"@id":"https:\/\/sare.eus\/es\/azken-2-urtetan-pandemia-dela-eta-ospatu-ezin-izan-zen-berakatz-zopa-txapelketa-berriz-antolatuko-du-sare-eibarrek\/#primaryimage"},"thumbnailUrl":"https:\/\/sare.eus\/wp-content\/uploads\/2022\/11\/IMG-20221105-WA0001.jpg","datePublished":"2022-11-08T07:09:52+00:00","dateModified":"2022-11-08T07:30:00+00:00","breadcrumb":{"@id":"https:\/\/sare.eus\/es\/azken-2-urtetan-pandemia-dela-eta-ospatu-ezin-izan-zen-berakatz-zopa-txapelketa-berriz-antolatuko-du-sare-eibarrek\/#breadcrumb"},"inLanguage":"es","potentialAction":[{"@type":"ReadAction","target":["https:\/\/sare.eus\/es\/azken-2-urtetan-pandemia-dela-eta-ospatu-ezin-izan-zen-berakatz-zopa-txapelketa-berriz-antolatuko-du-sare-eibarrek\/"]}]},{"@type":"ImageObject","inLanguage":"es","@id":"https:\/\/sare.eus\/es\/azken-2-urtetan-pandemia-dela-eta-ospatu-ezin-izan-zen-berakatz-zopa-txapelketa-berriz-antolatuko-du-sare-eibarrek\/#primaryimage","url":"https:\/\/sare.eus\/wp-content\/uploads\/2022\/11\/IMG-20221105-WA0001.jpg","contentUrl":"https:\/\/sare.eus\/wp-content\/uploads\/2022\/11\/IMG-20221105-WA0001.jpg","width":2048,"height":1536},{"@type":"BreadcrumbList","@id":"https:\/\/sare.eus\/es\/azken-2-urtetan-pandemia-dela-eta-ospatu-ezin-izan-zen-berakatz-zopa-txapelketa-berriz-antolatuko-du-sare-eibarrek\/#breadcrumb","itemListElement":[{"@type":"ListItem","position":1,"name":"Home","item":"https:\/\/sare.eus\/"},{"@type":"ListItem","position":2,"name":"SARE Eibar organizar\u00e1 el 5. CAMPEONATO DE SOPAS DE AJO que no se pudo celebrar en los dos \u00faltimos a\u00f1os debido a la pandemia"}]},{"@type":"WebSite","@id":"https:\/\/sare.eus\/#website","url":"https:\/\/sare.eus\/","name":"Sare Herritarra","description":"KONPONBIDEAREN ETA GIZA ESKUBIDEEN ALDEKO SARE HERRITARRA","publisher":{"@id":"https:\/\/sare.eus\/#organization"},"potentialAction":[{"@type":"SearchAction","target":{"@type":"EntryPoint","urlTemplate":"https:\/\/sare.eus\/?s={search_term_string}"},"query-input":{"@type":"PropertyValueSpecification","valueRequired":true,"valueName":"search_term_string"}}],"inLanguage":"es"},{"@type":"Organization","@id":"https:\/\/sare.eus\/#organization","name":"Sare Herritarra","url":"https:\/\/sare.eus\/","logo":{"@type":"ImageObject","inLanguage":"es","@id":"https:\/\/sare.eus\/#\/schema\/logo\/image\/","url":"https:\/\/sare.eus\/wp-content\/uploads\/2021\/08\/sare.png","contentUrl":"https:\/\/sare.eus\/wp-content\/uploads\/2021\/08\/sare.png","width":120,"height":142,"caption":"Sare Herritarra"},"image":{"@id":"https:\/\/sare.eus\/#\/schema\/logo\/image\/"}},{"@type":"Person","@id":"https:\/\/sare.eus\/#\/schema\/person\/2fe6d0df294f56313d3ab236dbe38e17","name":"sare","image":{"@type":"ImageObject","inLanguage":"es","@id":"https:\/\/sare.eus\/#\/schema\/person\/image\/","url":"https:\/\/secure.gravatar.com\/avatar\/77cad838677ceb1977e7b3c878b55eaa7fa4aae2158983063b047c3ad7ef2c25?s=96&d=mm&r=g","contentUrl":"https:\/\/secure.gravatar.com\/avatar\/77cad838677ceb1977e7b3c878b55eaa7fa4aae2158983063b047c3ad7ef2c25?s=96&d=mm&r=g","caption":"sare"},"url":"https:\/\/sare.eus\/es\/author\/sare\/"}]}},"_links":{"self":[{"href":"https:\/\/sare.eus\/es\/wp-json\/wp\/v2\/posts\/4198","targetHints":{"allow":["GET"]}}],"collection":[{"href":"https:\/\/sare.eus\/es\/wp-json\/wp\/v2\/posts"}],"about":[{"href":"https:\/\/sare.eus\/es\/wp-json\/wp\/v2\/types\/post"}],"author":[{"embeddable":true,"href":"https:\/\/sare.eus\/es\/wp-json\/wp\/v2\/users\/2"}],"replies":[{"embeddable":true,"href":"https:\/\/sare.eus\/es\/wp-json\/wp\/v2\/comments?post=4198"}],"version-history":[{"count":7,"href":"https:\/\/sare.eus\/es\/wp-json\/wp\/v2\/posts\/4198\/revisions"}],"predecessor-version":[{"id":4209,"href":"https:\/\/sare.eus\/es\/wp-json\/wp\/v2\/posts\/4198\/revisions\/4209"}],"wp:featuredmedia":[{"embeddable":true,"href":"https:\/\/sare.eus\/es\/wp-json\/wp\/v2\/media\/4196"}],"wp:attachment":[{"href":"https:\/\/sare.eus\/es\/wp-json\/wp\/v2\/media?parent=4198"}],"wp:term":[{"taxonomy":"category","embeddable":true,"href":"https:\/\/sare.eus\/es\/wp-json\/wp\/v2\/categories?post=4198"},{"taxonomy":"post_tag","embeddable":true,"href":"https:\/\/sare.eus\/es\/wp-json\/wp\/v2\/tags?post=4198"}],"curies":[{"name":"wp","href":"https:\/\/api.w.org\/{rel}","templated":true}]}}