{"id":4173,"date":"2022-11-02T09:15:17","date_gmt":"2022-11-02T09:15:17","guid":{"rendered":"https:\/\/sare.eus\/xabier-atristainen-egoera-salatzeko-adierazpena-onartu-du-donostiako-udaleko-giza-eskubideen-batzordeak\/"},"modified":"2022-11-02T09:44:32","modified_gmt":"2022-11-02T09:44:32","slug":"xabier-atristainen-egoera-salatzeko-adierazpena-onartu-du-donostiako-udaleko-giza-eskubideen-batzordeak","status":"publish","type":"post","link":"https:\/\/sare.eus\/es\/xabier-atristainen-egoera-salatzeko-adierazpena-onartu-du-donostiako-udaleko-giza-eskubideen-batzordeak\/","title":{"rendered":"LA COMISI\u00d3N DE DERECHOS HUMANOS DEL AYUNTAMIENTO DE DONOSTIA APRUEBA UNA DECLARACI\u00d3N PARA DENUNCIAR LA SITUACI\u00d3N DE XABIER ATRISTAIN"},"content":{"rendered":"\n<h2 class=\"wp-block-heading\">XABIER ATRISTAIN DE NUEVO A LA C\u00c1RCEL! TRAS LA CONCESI\u00d3N DEL GRADO 3 SER\u00c1 DEVUELTO AL GRADO 2 POR EL RECURSO DE LA FISCAL\u00cdA DE LA AUDIENCIA NACIONAL. ES EL MOMENTO DE DEJAR RECORRER EL CAMINO QUE DICE LA LEY, NO DE MIRAR AL PASADO.<\/h2>\n\n\n\n<figure class=\"wp-block-embed is-type-rich is-provider-twitter wp-block-embed-twitter\"><div class=\"wp-block-embed__wrapper\">\nhttps:\/\/twitter.com\/GipuzkoaSare\/status\/1581381891080409088?s=20&#038;t=eqaxiFNw9fSe-Ek7lS6DBA\n<\/div><\/figure>\n\n\n<p>\u00a0<\/p>\n<div class=\"row\">\n<div class=\"col-md-12 col-xs-12\"><strong>DECLARACI\u00d3N APROBADA POR LA COMISI\u00d3N DE DERECHOS HUMANOS DEL AYUNTAMIENTO DE DONOSTIA:<\/strong><\/div>\n<\/div>\n<p><em>El preso donostiarra, Xabier Atristain, por decisi\u00f3n del JCVP, a instancias de la Fiscal\u00eda de la Audiencia Nacional, por segunda vez consecutiva, ha vuelto a ingresar en prisi\u00f3n y ha sido regresado a segundo grado penitenciario.<\/em><br \/><br \/><em>Cabe recordar que hace varios meses, la Justicia Europea emiti\u00f3 un fallo contra la decisi\u00f3n judicial espa\u00f1ola, en la que denunciaba el hecho de que este preso hab\u00eda sido juzgado y condenado en base a su declaraci\u00f3n sin la asistencia judicial a la que ten\u00eda derecho y tras haber denunciado la pr\u00e1ctica de tortura.<\/em><br \/><br \/><em>La Junta de Tratamiento del Centro Penitenciario de Martutene, en dos ocasiones, ha aprobado y trasladado para su ratificaci\u00f3n a la Administraci\u00f3n Penitenciaria, de su propuesta de progresi\u00f3n a tercer grado y acceso a la libertad condicional, con pulsera telem\u00e1tica, de Xabier Atristain.<\/em><\/p>\n<p><em>Desde esta Corporaci\u00f3n Municipal trasladamos nuestra preocupaci\u00f3n por los reiterados recursos de la Fiscal\u00eda a las resoluciones de los \u00f3rganos penitenciarios, que son los que mejor conocen la evoluci\u00f3n de los presos y presas en sus ccpp.<\/em><\/p>\n<p><em>Solicitamos por ello, que, desde el m\u00e1ximo respeto a las resoluciones judiciales, estas puedan hacerse compatibles con las decisiones de los diferentes \u00f3rganos de la Administraci\u00f3n Penitenciaria y, de esta forma, las progresiones de grado y\/o lo permisos penitenciarios, puedan ser la norma y no la excepci\u00f3n.<\/em><\/p>\n\n\n<figure class=\"wp-block-embed is-type-rich is-provider-twitter wp-block-embed-twitter\"><div class=\"wp-block-embed__wrapper\">\nhttps:\/\/twitter.com\/sare_herritarra\/status\/1583413926477209600?s=20&#038;t=eqaxiFNw9fSe-Ek7lS6DBA\n<\/div><\/figure>\n","protected":false},"excerpt":{"rendered":"<p>XABIER ATRISTAIN DE NUEVO A LA C\u00c1RCEL! TRAS LA CONCESI\u00d3N DEL GRADO 3 SER\u00c1 DEVUELTO AL GRADO 2 POR EL RECURSO DE LA FISCAL\u00cdA DE LA AUDIENCIA NACIONAL. ES EL [&hellip;]<\/p>\n","protected":false},"author":2,"featured_media":4171,"comment_status":"closed","ping_status":"closed","sticky":false,"template":"","format":"standard","meta":{"_acf_changed":false,"_et_pb_use_builder":"off","_et_pb_old_content":"","_et_gb_content_width":"","footnotes":""},"categories":[69],"tags":[],"class_list":["post-4173","post","type-post","status-publish","format-standard","has-post-thumbnail","hentry","category-leyes-de-excepcion","et-has-post-format-content","et_post_format-et-post-format-standard"],"acf":[],"yoast_head":"<!-- This site is optimized with the Yoast SEO plugin v26.4 - https:\/\/yoast.com\/wordpress\/plugins\/seo\/ -->\n<title>LA COMISI\u00d3N DE DERECHOS HUMANOS DEL AYUNTAMIENTO DE DONOSTIA APRUEBA UNA DECLARACI\u00d3N PARA DENUNCIAR LA SITUACI\u00d3N DE XABIER ATRISTAIN - Sare Herritarra<\/title>\n<meta name=\"robots\" content=\"index, follow, max-snippet:-1, max-image-preview:large, max-video-preview:-1\" \/>\n<link rel=\"canonical\" href=\"https:\/\/sare.eus\/es\/xabier-atristainen-egoera-salatzeko-adierazpena-onartu-du-donostiako-udaleko-giza-eskubideen-batzordeak\/\" \/>\n<meta property=\"og:locale\" content=\"es_ES\" \/>\n<meta property=\"og:type\" content=\"article\" \/>\n<meta property=\"og:title\" content=\"LA COMISI\u00d3N DE DERECHOS HUMANOS DEL AYUNTAMIENTO DE DONOSTIA APRUEBA UNA DECLARACI\u00d3N PARA DENUNCIAR LA SITUACI\u00d3N DE XABIER ATRISTAIN - Sare Herritarra\" \/>\n<meta property=\"og:description\" content=\"XABIER ATRISTAIN DE NUEVO A LA C\u00c1RCEL! TRAS LA CONCESI\u00d3N DEL GRADO 3 SER\u00c1 DEVUELTO AL GRADO 2 POR EL RECURSO DE LA FISCAL\u00cdA DE LA AUDIENCIA NACIONAL. ES EL [&hellip;]\" \/>\n<meta property=\"og:url\" content=\"https:\/\/sare.eus\/es\/xabier-atristainen-egoera-salatzeko-adierazpena-onartu-du-donostiako-udaleko-giza-eskubideen-batzordeak\/\" \/>\n<meta property=\"og:site_name\" content=\"Sare Herritarra\" \/>\n<meta property=\"article:published_time\" content=\"2022-11-02T09:15:17+00:00\" \/>\n<meta property=\"article:modified_time\" content=\"2022-11-02T09:44:32+00:00\" \/>\n<meta property=\"og:image\" content=\"https:\/\/sare.eus\/wp-content\/uploads\/2022\/11\/XABIER-ATRISTAIN.jpg\" \/>\n\t<meta property=\"og:image:width\" content=\"1195\" \/>\n\t<meta property=\"og:image:height\" content=\"798\" \/>\n\t<meta property=\"og:image:type\" content=\"image\/jpeg\" \/>\n<meta name=\"author\" content=\"sare\" \/>\n<meta name=\"twitter:card\" content=\"summary_large_image\" \/>\n<meta name=\"twitter:label1\" content=\"Escrito por\" \/>\n\t<meta name=\"twitter:data1\" content=\"sare\" \/>\n\t<meta name=\"twitter:label2\" content=\"Tiempo de lectura\" \/>\n\t<meta name=\"twitter:data2\" content=\"2 minutos\" \/>\n<script type=\"application\/ld+json\" class=\"yoast-schema-graph\">{\"@context\":\"https:\/\/schema.org\",\"@graph\":[{\"@type\":\"Article\",\"@id\":\"https:\/\/sare.eus\/es\/xabier-atristainen-egoera-salatzeko-adierazpena-onartu-du-donostiako-udaleko-giza-eskubideen-batzordeak\/#article\",\"isPartOf\":{\"@id\":\"https:\/\/sare.eus\/es\/xabier-atristainen-egoera-salatzeko-adierazpena-onartu-du-donostiako-udaleko-giza-eskubideen-batzordeak\/\"},\"author\":{\"name\":\"sare\",\"@id\":\"https:\/\/sare.eus\/#\/schema\/person\/2fe6d0df294f56313d3ab236dbe38e17\"},\"headline\":\"LA COMISI\u00d3N DE DERECHOS HUMANOS DEL AYUNTAMIENTO DE DONOSTIA APRUEBA UNA DECLARACI\u00d3N PARA DENUNCIAR LA SITUACI\u00d3N DE XABIER ATRISTAIN\",\"datePublished\":\"2022-11-02T09:15:17+00:00\",\"dateModified\":\"2022-11-02T09:44:32+00:00\",\"mainEntityOfPage\":{\"@id\":\"https:\/\/sare.eus\/es\/xabier-atristainen-egoera-salatzeko-adierazpena-onartu-du-donostiako-udaleko-giza-eskubideen-batzordeak\/\"},\"wordCount\":345,\"publisher\":{\"@id\":\"https:\/\/sare.eus\/#organization\"},\"image\":{\"@id\":\"https:\/\/sare.eus\/es\/xabier-atristainen-egoera-salatzeko-adierazpena-onartu-du-donostiako-udaleko-giza-eskubideen-batzordeak\/#primaryimage\"},\"thumbnailUrl\":\"https:\/\/sare.eus\/wp-content\/uploads\/2022\/11\/XABIER-ATRISTAIN.jpg\",\"articleSection\":[\"Leyes de Excepci\u00f3n\"],\"inLanguage\":\"es\"},{\"@type\":\"WebPage\",\"@id\":\"https:\/\/sare.eus\/es\/xabier-atristainen-egoera-salatzeko-adierazpena-onartu-du-donostiako-udaleko-giza-eskubideen-batzordeak\/\",\"url\":\"https:\/\/sare.eus\/es\/xabier-atristainen-egoera-salatzeko-adierazpena-onartu-du-donostiako-udaleko-giza-eskubideen-batzordeak\/\",\"name\":\"LA COMISI\u00d3N DE DERECHOS HUMANOS DEL AYUNTAMIENTO DE DONOSTIA APRUEBA UNA DECLARACI\u00d3N PARA DENUNCIAR LA SITUACI\u00d3N DE XABIER ATRISTAIN - Sare Herritarra\",\"isPartOf\":{\"@id\":\"https:\/\/sare.eus\/#website\"},\"primaryImageOfPage\":{\"@id\":\"https:\/\/sare.eus\/es\/xabier-atristainen-egoera-salatzeko-adierazpena-onartu-du-donostiako-udaleko-giza-eskubideen-batzordeak\/#primaryimage\"},\"image\":{\"@id\":\"https:\/\/sare.eus\/es\/xabier-atristainen-egoera-salatzeko-adierazpena-onartu-du-donostiako-udaleko-giza-eskubideen-batzordeak\/#primaryimage\"},\"thumbnailUrl\":\"https:\/\/sare.eus\/wp-content\/uploads\/2022\/11\/XABIER-ATRISTAIN.jpg\",\"datePublished\":\"2022-11-02T09:15:17+00:00\",\"dateModified\":\"2022-11-02T09:44:32+00:00\",\"breadcrumb\":{\"@id\":\"https:\/\/sare.eus\/es\/xabier-atristainen-egoera-salatzeko-adierazpena-onartu-du-donostiako-udaleko-giza-eskubideen-batzordeak\/#breadcrumb\"},\"inLanguage\":\"es\",\"potentialAction\":[{\"@type\":\"ReadAction\",\"target\":[\"https:\/\/sare.eus\/es\/xabier-atristainen-egoera-salatzeko-adierazpena-onartu-du-donostiako-udaleko-giza-eskubideen-batzordeak\/\"]}]},{\"@type\":\"ImageObject\",\"inLanguage\":\"es\",\"@id\":\"https:\/\/sare.eus\/es\/xabier-atristainen-egoera-salatzeko-adierazpena-onartu-du-donostiako-udaleko-giza-eskubideen-batzordeak\/#primaryimage\",\"url\":\"https:\/\/sare.eus\/wp-content\/uploads\/2022\/11\/XABIER-ATRISTAIN.jpg\",\"contentUrl\":\"https:\/\/sare.eus\/wp-content\/uploads\/2022\/11\/XABIER-ATRISTAIN.jpg\",\"width\":1195,\"height\":798},{\"@type\":\"BreadcrumbList\",\"@id\":\"https:\/\/sare.eus\/es\/xabier-atristainen-egoera-salatzeko-adierazpena-onartu-du-donostiako-udaleko-giza-eskubideen-batzordeak\/#breadcrumb\",\"itemListElement\":[{\"@type\":\"ListItem\",\"position\":1,\"name\":\"Home\",\"item\":\"https:\/\/sare.eus\/\"},{\"@type\":\"ListItem\",\"position\":2,\"name\":\"LA COMISI\u00d3N DE DERECHOS HUMANOS DEL AYUNTAMIENTO DE DONOSTIA APRUEBA UNA DECLARACI\u00d3N PARA DENUNCIAR LA SITUACI\u00d3N DE XABIER ATRISTAIN\"}]},{\"@type\":\"WebSite\",\"@id\":\"https:\/\/sare.eus\/#website\",\"url\":\"https:\/\/sare.eus\/\",\"name\":\"Sare Herritarra\",\"description\":\"KONPONBIDEAREN ETA GIZA ESKUBIDEEN ALDEKO SARE HERRITARRA\",\"publisher\":{\"@id\":\"https:\/\/sare.eus\/#organization\"},\"potentialAction\":[{\"@type\":\"SearchAction\",\"target\":{\"@type\":\"EntryPoint\",\"urlTemplate\":\"https:\/\/sare.eus\/?s={search_term_string}\"},\"query-input\":{\"@type\":\"PropertyValueSpecification\",\"valueRequired\":true,\"valueName\":\"search_term_string\"}}],\"inLanguage\":\"es\"},{\"@type\":\"Organization\",\"@id\":\"https:\/\/sare.eus\/#organization\",\"name\":\"Sare Herritarra\",\"url\":\"https:\/\/sare.eus\/\",\"logo\":{\"@type\":\"ImageObject\",\"inLanguage\":\"es\",\"@id\":\"https:\/\/sare.eus\/#\/schema\/logo\/image\/\",\"url\":\"https:\/\/sare.eus\/wp-content\/uploads\/2021\/08\/sare.png\",\"contentUrl\":\"https:\/\/sare.eus\/wp-content\/uploads\/2021\/08\/sare.png\",\"width\":120,\"height\":142,\"caption\":\"Sare Herritarra\"},\"image\":{\"@id\":\"https:\/\/sare.eus\/#\/schema\/logo\/image\/\"}},{\"@type\":\"Person\",\"@id\":\"https:\/\/sare.eus\/#\/schema\/person\/2fe6d0df294f56313d3ab236dbe38e17\",\"name\":\"sare\",\"image\":{\"@type\":\"ImageObject\",\"inLanguage\":\"es\",\"@id\":\"https:\/\/sare.eus\/#\/schema\/person\/image\/\",\"url\":\"https:\/\/secure.gravatar.com\/avatar\/77cad838677ceb1977e7b3c878b55eaa7fa4aae2158983063b047c3ad7ef2c25?s=96&d=mm&r=g\",\"contentUrl\":\"https:\/\/secure.gravatar.com\/avatar\/77cad838677ceb1977e7b3c878b55eaa7fa4aae2158983063b047c3ad7ef2c25?s=96&d=mm&r=g\",\"caption\":\"sare\"},\"url\":\"https:\/\/sare.eus\/es\/author\/sare\/\"}]}<\/script>\n<!-- \/ Yoast SEO plugin. -->","yoast_head_json":{"title":"LA COMISI\u00d3N DE DERECHOS HUMANOS DEL AYUNTAMIENTO DE DONOSTIA APRUEBA UNA DECLARACI\u00d3N PARA DENUNCIAR LA SITUACI\u00d3N DE XABIER ATRISTAIN - Sare Herritarra","robots":{"index":"index","follow":"follow","max-snippet":"max-snippet:-1","max-image-preview":"max-image-preview:large","max-video-preview":"max-video-preview:-1"},"canonical":"https:\/\/sare.eus\/es\/xabier-atristainen-egoera-salatzeko-adierazpena-onartu-du-donostiako-udaleko-giza-eskubideen-batzordeak\/","og_locale":"es_ES","og_type":"article","og_title":"LA COMISI\u00d3N DE DERECHOS HUMANOS DEL AYUNTAMIENTO DE DONOSTIA APRUEBA UNA DECLARACI\u00d3N PARA DENUNCIAR LA SITUACI\u00d3N DE XABIER ATRISTAIN - Sare Herritarra","og_description":"XABIER ATRISTAIN DE NUEVO A LA C\u00c1RCEL! TRAS LA CONCESI\u00d3N DEL GRADO 3 SER\u00c1 DEVUELTO AL GRADO 2 POR EL RECURSO DE LA FISCAL\u00cdA DE LA AUDIENCIA NACIONAL. ES EL [&hellip;]","og_url":"https:\/\/sare.eus\/es\/xabier-atristainen-egoera-salatzeko-adierazpena-onartu-du-donostiako-udaleko-giza-eskubideen-batzordeak\/","og_site_name":"Sare Herritarra","article_published_time":"2022-11-02T09:15:17+00:00","article_modified_time":"2022-11-02T09:44:32+00:00","og_image":[{"width":1195,"height":798,"url":"https:\/\/sare.eus\/wp-content\/uploads\/2022\/11\/XABIER-ATRISTAIN.jpg","type":"image\/jpeg"}],"author":"sare","twitter_card":"summary_large_image","twitter_misc":{"Escrito por":"sare","Tiempo de lectura":"2 minutos"},"schema":{"@context":"https:\/\/schema.org","@graph":[{"@type":"Article","@id":"https:\/\/sare.eus\/es\/xabier-atristainen-egoera-salatzeko-adierazpena-onartu-du-donostiako-udaleko-giza-eskubideen-batzordeak\/#article","isPartOf":{"@id":"https:\/\/sare.eus\/es\/xabier-atristainen-egoera-salatzeko-adierazpena-onartu-du-donostiako-udaleko-giza-eskubideen-batzordeak\/"},"author":{"name":"sare","@id":"https:\/\/sare.eus\/#\/schema\/person\/2fe6d0df294f56313d3ab236dbe38e17"},"headline":"LA COMISI\u00d3N DE DERECHOS HUMANOS DEL AYUNTAMIENTO DE DONOSTIA APRUEBA UNA DECLARACI\u00d3N PARA DENUNCIAR LA SITUACI\u00d3N DE XABIER ATRISTAIN","datePublished":"2022-11-02T09:15:17+00:00","dateModified":"2022-11-02T09:44:32+00:00","mainEntityOfPage":{"@id":"https:\/\/sare.eus\/es\/xabier-atristainen-egoera-salatzeko-adierazpena-onartu-du-donostiako-udaleko-giza-eskubideen-batzordeak\/"},"wordCount":345,"publisher":{"@id":"https:\/\/sare.eus\/#organization"},"image":{"@id":"https:\/\/sare.eus\/es\/xabier-atristainen-egoera-salatzeko-adierazpena-onartu-du-donostiako-udaleko-giza-eskubideen-batzordeak\/#primaryimage"},"thumbnailUrl":"https:\/\/sare.eus\/wp-content\/uploads\/2022\/11\/XABIER-ATRISTAIN.jpg","articleSection":["Leyes de Excepci\u00f3n"],"inLanguage":"es"},{"@type":"WebPage","@id":"https:\/\/sare.eus\/es\/xabier-atristainen-egoera-salatzeko-adierazpena-onartu-du-donostiako-udaleko-giza-eskubideen-batzordeak\/","url":"https:\/\/sare.eus\/es\/xabier-atristainen-egoera-salatzeko-adierazpena-onartu-du-donostiako-udaleko-giza-eskubideen-batzordeak\/","name":"LA COMISI\u00d3N DE DERECHOS HUMANOS DEL AYUNTAMIENTO DE DONOSTIA APRUEBA UNA DECLARACI\u00d3N PARA DENUNCIAR LA SITUACI\u00d3N DE XABIER ATRISTAIN - Sare Herritarra","isPartOf":{"@id":"https:\/\/sare.eus\/#website"},"primaryImageOfPage":{"@id":"https:\/\/sare.eus\/es\/xabier-atristainen-egoera-salatzeko-adierazpena-onartu-du-donostiako-udaleko-giza-eskubideen-batzordeak\/#primaryimage"},"image":{"@id":"https:\/\/sare.eus\/es\/xabier-atristainen-egoera-salatzeko-adierazpena-onartu-du-donostiako-udaleko-giza-eskubideen-batzordeak\/#primaryimage"},"thumbnailUrl":"https:\/\/sare.eus\/wp-content\/uploads\/2022\/11\/XABIER-ATRISTAIN.jpg","datePublished":"2022-11-02T09:15:17+00:00","dateModified":"2022-11-02T09:44:32+00:00","breadcrumb":{"@id":"https:\/\/sare.eus\/es\/xabier-atristainen-egoera-salatzeko-adierazpena-onartu-du-donostiako-udaleko-giza-eskubideen-batzordeak\/#breadcrumb"},"inLanguage":"es","potentialAction":[{"@type":"ReadAction","target":["https:\/\/sare.eus\/es\/xabier-atristainen-egoera-salatzeko-adierazpena-onartu-du-donostiako-udaleko-giza-eskubideen-batzordeak\/"]}]},{"@type":"ImageObject","inLanguage":"es","@id":"https:\/\/sare.eus\/es\/xabier-atristainen-egoera-salatzeko-adierazpena-onartu-du-donostiako-udaleko-giza-eskubideen-batzordeak\/#primaryimage","url":"https:\/\/sare.eus\/wp-content\/uploads\/2022\/11\/XABIER-ATRISTAIN.jpg","contentUrl":"https:\/\/sare.eus\/wp-content\/uploads\/2022\/11\/XABIER-ATRISTAIN.jpg","width":1195,"height":798},{"@type":"BreadcrumbList","@id":"https:\/\/sare.eus\/es\/xabier-atristainen-egoera-salatzeko-adierazpena-onartu-du-donostiako-udaleko-giza-eskubideen-batzordeak\/#breadcrumb","itemListElement":[{"@type":"ListItem","position":1,"name":"Home","item":"https:\/\/sare.eus\/"},{"@type":"ListItem","position":2,"name":"LA COMISI\u00d3N DE DERECHOS HUMANOS DEL AYUNTAMIENTO DE DONOSTIA APRUEBA UNA DECLARACI\u00d3N PARA DENUNCIAR LA SITUACI\u00d3N DE XABIER ATRISTAIN"}]},{"@type":"WebSite","@id":"https:\/\/sare.eus\/#website","url":"https:\/\/sare.eus\/","name":"Sare Herritarra","description":"KONPONBIDEAREN ETA GIZA ESKUBIDEEN ALDEKO SARE HERRITARRA","publisher":{"@id":"https:\/\/sare.eus\/#organization"},"potentialAction":[{"@type":"SearchAction","target":{"@type":"EntryPoint","urlTemplate":"https:\/\/sare.eus\/?s={search_term_string}"},"query-input":{"@type":"PropertyValueSpecification","valueRequired":true,"valueName":"search_term_string"}}],"inLanguage":"es"},{"@type":"Organization","@id":"https:\/\/sare.eus\/#organization","name":"Sare Herritarra","url":"https:\/\/sare.eus\/","logo":{"@type":"ImageObject","inLanguage":"es","@id":"https:\/\/sare.eus\/#\/schema\/logo\/image\/","url":"https:\/\/sare.eus\/wp-content\/uploads\/2021\/08\/sare.png","contentUrl":"https:\/\/sare.eus\/wp-content\/uploads\/2021\/08\/sare.png","width":120,"height":142,"caption":"Sare Herritarra"},"image":{"@id":"https:\/\/sare.eus\/#\/schema\/logo\/image\/"}},{"@type":"Person","@id":"https:\/\/sare.eus\/#\/schema\/person\/2fe6d0df294f56313d3ab236dbe38e17","name":"sare","image":{"@type":"ImageObject","inLanguage":"es","@id":"https:\/\/sare.eus\/#\/schema\/person\/image\/","url":"https:\/\/secure.gravatar.com\/avatar\/77cad838677ceb1977e7b3c878b55eaa7fa4aae2158983063b047c3ad7ef2c25?s=96&d=mm&r=g","contentUrl":"https:\/\/secure.gravatar.com\/avatar\/77cad838677ceb1977e7b3c878b55eaa7fa4aae2158983063b047c3ad7ef2c25?s=96&d=mm&r=g","caption":"sare"},"url":"https:\/\/sare.eus\/es\/author\/sare\/"}]}},"_links":{"self":[{"href":"https:\/\/sare.eus\/es\/wp-json\/wp\/v2\/posts\/4173","targetHints":{"allow":["GET"]}}],"collection":[{"href":"https:\/\/sare.eus\/es\/wp-json\/wp\/v2\/posts"}],"about":[{"href":"https:\/\/sare.eus\/es\/wp-json\/wp\/v2\/types\/post"}],"author":[{"embeddable":true,"href":"https:\/\/sare.eus\/es\/wp-json\/wp\/v2\/users\/2"}],"replies":[{"embeddable":true,"href":"https:\/\/sare.eus\/es\/wp-json\/wp\/v2\/comments?post=4173"}],"version-history":[{"count":3,"href":"https:\/\/sare.eus\/es\/wp-json\/wp\/v2\/posts\/4173\/revisions"}],"predecessor-version":[{"id":4177,"href":"https:\/\/sare.eus\/es\/wp-json\/wp\/v2\/posts\/4173\/revisions\/4177"}],"wp:featuredmedia":[{"embeddable":true,"href":"https:\/\/sare.eus\/es\/wp-json\/wp\/v2\/media\/4171"}],"wp:attachment":[{"href":"https:\/\/sare.eus\/es\/wp-json\/wp\/v2\/media?parent=4173"}],"wp:term":[{"taxonomy":"category","embeddable":true,"href":"https:\/\/sare.eus\/es\/wp-json\/wp\/v2\/categories?post=4173"},{"taxonomy":"post_tag","embeddable":true,"href":"https:\/\/sare.eus\/es\/wp-json\/wp\/v2\/tags?post=4173"}],"curies":[{"name":"wp","href":"https:\/\/api.w.org\/{rel}","templated":true}]}}