{"id":4152,"date":"2022-10-08T11:38:09","date_gmt":"2022-10-08T11:38:09","guid":{"rendered":"https:\/\/sare.eus\/?p=4152"},"modified":"2022-10-08T11:47:08","modified_gmt":"2022-10-08T11:47:08","slug":"8-de-octubre-lectura-tras-la-manifestacion","status":"publish","type":"post","link":"https:\/\/sare.eus\/es\/8-de-octubre-lectura-tras-la-manifestacion\/","title":{"rendered":"8 DE OCTUBRE: LECTURA TRAS LA MANIFESTACI\u00d3N"},"content":{"rendered":"\n<p>3.127.326. Hoy hemos alcanzado el reto que nos propusimos hace m\u00e1s de dos a\u00f1os, el de recorrer tantos kil\u00f3metros como habitantes somos en Euskal Herria.<\/p>\n\n\n\n<p>Por eso hoy, es un d\u00eda de celebraci\u00f3n y de reivindicaci\u00f3n. Celebraci\u00f3n por lo conseguido. Reivindicaci\u00f3n por lo que nos falta por alcanzar.<\/p>\n\n\n\n<p>M\u00e1s de tres millones de razones, para trasladar al mundo que este nuestro pa\u00eds tiene un problema irresuelto y que resulta necesario el trabajo de todos y todas para su resoluci\u00f3n.<\/p>\n\n\n\n<p>De esto trata el trabajo que ha venido desarrollando la Red Ciudadana SARE, desde que nacimos. De cumplir etapas, de ir avanzando, de fijarnos nuevos retos\u2026, en definitiva de conseguir que todos los presos\/as vascos, exiliados y deportados puedan realizar su proceso de regreso a casa.<\/p>\n\n\n\n<p>Este ha sido y continuar\u00e1 siendo un esfuerzo colectivo. Reivindicando en las calles, insistiendo en los Parlamentos, apoyando la posici\u00f3n un\u00e1nime del sindicalismo vasco y manteniendo abiertos cauces de comunicaci\u00f3n con toda aquellas instituciones y personas que tienen en sus manos la posibilidad de cambiar las cosas. As\u00ed lo hemos hecho y as\u00ed continuaremos haci\u00e9ndolo.<\/p>\n\n\n\n<p>Sonriamos, porque vamos bien. Vamos cumpliendo etapas y lo estamos haciendo juntos y juntas. Porque solo as\u00ed lo vamos a conseguir.<\/p>\n\n\n\n<p>Nadie nos dijo que esto ser\u00eda f\u00e1cil. Sab\u00edamos que ir poniendo fin a la vulneraci\u00f3n de derechos que llevan padeciendo los presos y presas vascos desde hace d\u00e9cadas iba a ser dif\u00edcil, pero poco a poco, vamos quemando etapas. Es un hecho innegable que los presos y presas hoy est\u00e1n m\u00e1s cerca de sus casas. Sin embargo, las c\u00e1rceles de Arag\u00f3n, Castilla, Madrid, La Rioja o Cantabria todav\u00eda contin\u00faan albergando a presos\/as vascas.<\/p>\n\n\n\n<p>Tenemos m\u00e1s de 50 razones para decir que la pol\u00edtica de alejamiento a\u00fan no ha terminado, porque las c\u00e1rceles de Espa\u00f1a y Francia siguen albergando a presos y presas vascos.<\/p>\n\n\n\n<p>Es por ello que no podemos bajar la guardia, ni relajarnos. Vamos bien\u2026,S\u00cd., pero a\u00fan nos quedan muchas etapas que ganar.<\/p>\n\n\n\n<p>Hace menos de dos a\u00f1os, podr\u00edamos haber enumerado de memoria los nombres de los presos\/as vascos que estaban cerca de sus casas. Hoy nos estamos acercando a poder enumerar los nombres de los que a\u00fan quedan alejados. Hay que acercar esos 37 presos y presas a\u00fan en c\u00e1rceles de Espa\u00f1a, y esto lo tenemos que hacer entre todos y todas.<\/p>\n\n\n\n<p>Y no olvidamos a quienes est\u00e1n en c\u00e1rceles francesas. Nuestros compa\u00f1eros y compa\u00f1eras en Iparralde tienen todo nuestro apoyo para continuar avanzando en el objetivo de poner fin a esa vulneraci\u00f3n de derechos que es la cadena perpetua aplicada a varios de los presos vascos en c\u00e1rceles francesas.<\/p>\n\n\n\n<p>El ejemplo de la unanimidad sindical y de la mayor\u00eda pol\u00edtica vasca con respecto a nuestros objetivos demuestra que hacer compatible estas mayor\u00edas con la movilizaci\u00f3n social nos acerca antes a nuestros objetivos.<\/p>\n\n\n\n<p>Hemos remado en la misma direcci\u00f3n, fraguando alianzas y podemos alegrarnos por los logros que vamos alcanzando en este largo camino hacia la paz y la convivencia.<\/p>\n\n\n\n<p>Porque no estamos defendiendo objetivos pol\u00edticos partidistas. NO. Estamos defendiendo derechos. Derechos Humanos. Y es aqu\u00ed donde es posible caminar unidos\/as, personas que tenemos ideolog\u00edas pol\u00edticas diferentes, pero que nos une la defensa de los derechos que asisten a las personas privadas de libertad. Es esta la l\u00ednea a seguir.<\/p>\n\n\n\n<p>No pararemos hasta que est\u00e9n todos y todas aqu\u00ed, porque tenemos como reto poner fin a la ilegal e inhumana pol\u00edtica penitenciaria que se ha convertido en la norma de actuaci\u00f3n de los poderes del Estado. No solo acabar con el alejamiento, sino tambi\u00e9n con el bloqueo de las progresiones de grado o las autorizaciones de permisos.<\/p>\n\n\n\n<p>Hoy a\u00fan, contin\u00faa sin restaurarse la legalidad penitenciaria. Continuamos en la excepcionalidad, m\u00e1s a\u00fan cuando vemos de manera permanente como la Audiencia Nacional, por impulso de la Fiscal\u00eda, recurre y echa abajo las progresiones de grado o permisos penitenciarios que las Juntas de Tratamiento aprueban en el caso de los presos y presas vascas. El mantenimiento de una legislaci\u00f3n excepcional aplicada ad hoc a estos presos y presas, como son las LO 7\/2003 y 7\/2014, con el \u00fanico objetivo de que cumplan penas de un tama\u00f1o desconocido en Europa, les impide iniciar el camino de regreso a casa.Ese camino que dicta la ley, que les es obstaculizado constantemente, y que queremos se les deje hacer, con el primer requisitos que est\u00e9n aqu\u00ed, cerca de sus familias, ETXERA BIDEA GERTU.<\/p>\n\n\n\n<p>Una justicia, la de la Audiencia Nacional, que de manera permanente ha mirado y mira hacia otro lado cuando se trata de juzgar y condenar las torturas, abusos de poder, vulneraciones de derechos humanos, corrupci\u00f3n&#8230; La Justicia espa\u00f1ola s\u00f3lo tendr\u00e1 nuestro respeto cuando aplique la misma vara de medir a todo el mundo y deje de mirar para otro lado en unos casos y se ensa\u00f1e en otros.<\/p>\n\n\n\n<p>Reivindicamos, por tanto, el fin de la legislaci\u00f3n de excepci\u00f3n. Estamos ante un abuso de poder que incluye el cumplimiento \u00edntegro de las penas, a contrapelo del esp\u00edritu de la legislaci\u00f3n penal penitenciaria.<\/p>\n\n\n\n<p>Amigos y amigas: a lo dicho. Hoy toca disfrutar, divertirse y alegrarnos por lo conseguido hasta ahora, que no es poco.<\/p>\n\n\n\n<p>Ma\u00f1ana continuaremos denunciando y reivindicando.<\/p>\n\n\n\n<p>Y no olvid\u00e9is una nueva fecha en el calendario: 7 de enero. Es el momento de echar el resto. Es el momento de la resoluci\u00f3n definitiva.<\/p>\n","protected":false},"excerpt":{"rendered":"<p>3.127.326. Hoy hemos alcanzado el reto que nos propusimos hace m\u00e1s de dos a\u00f1os, el de recorrer tantos kil\u00f3metros como habitantes somos en Euskal Herria. Por eso hoy, es un [&hellip;]<\/p>\n","protected":false},"author":2,"featured_media":4160,"comment_status":"closed","ping_status":"closed","sticky":false,"template":"","format":"standard","meta":{"_acf_changed":false,"_et_pb_use_builder":"off","_et_pb_old_content":"","_et_gb_content_width":"","footnotes":""},"categories":[60],"tags":[],"class_list":["post-4152","post","type-post","status-publish","format-standard","has-post-thumbnail","hentry","category-etxera-es","et-has-post-format-content","et_post_format-et-post-format-standard"],"acf":[],"yoast_head":"<!-- This site is optimized with the Yoast SEO plugin v26.4 - https:\/\/yoast.com\/wordpress\/plugins\/seo\/ -->\n<title>8 DE OCTUBRE: LECTURA TRAS LA MANIFESTACI\u00d3N - Sare Herritarra<\/title>\n<meta name=\"robots\" content=\"index, follow, max-snippet:-1, max-image-preview:large, max-video-preview:-1\" \/>\n<link rel=\"canonical\" href=\"https:\/\/sare.eus\/es\/8-de-octubre-lectura-tras-la-manifestacion\/\" \/>\n<meta property=\"og:locale\" content=\"es_ES\" \/>\n<meta property=\"og:type\" content=\"article\" \/>\n<meta property=\"og:title\" content=\"8 DE OCTUBRE: LECTURA TRAS LA MANIFESTACI\u00d3N - Sare Herritarra\" \/>\n<meta property=\"og:description\" content=\"3.127.326. Hoy hemos alcanzado el reto que nos propusimos hace m\u00e1s de dos a\u00f1os, el de recorrer tantos kil\u00f3metros como habitantes somos en Euskal Herria. Por eso hoy, es un [&hellip;]\" \/>\n<meta property=\"og:url\" content=\"https:\/\/sare.eus\/es\/8-de-octubre-lectura-tras-la-manifestacion\/\" \/>\n<meta property=\"og:site_name\" content=\"Sare Herritarra\" \/>\n<meta property=\"article:published_time\" content=\"2022-10-08T11:38:09+00:00\" \/>\n<meta property=\"article:modified_time\" content=\"2022-10-08T11:47:08+00:00\" \/>\n<meta property=\"og:image\" content=\"https:\/\/sare.eus\/wp-content\/uploads\/2022\/10\/U8DONOSTIA.jpeg\" \/>\n\t<meta property=\"og:image:width\" content=\"2164\" \/>\n\t<meta property=\"og:image:height\" content=\"1444\" \/>\n\t<meta property=\"og:image:type\" content=\"image\/jpeg\" \/>\n<meta name=\"author\" content=\"sare\" \/>\n<meta name=\"twitter:card\" content=\"summary_large_image\" \/>\n<meta name=\"twitter:label1\" content=\"Escrito por\" \/>\n\t<meta name=\"twitter:data1\" content=\"sare\" \/>\n\t<meta name=\"twitter:label2\" content=\"Tiempo de lectura\" \/>\n\t<meta name=\"twitter:data2\" content=\"5 minutos\" \/>\n<script type=\"application\/ld+json\" class=\"yoast-schema-graph\">{\"@context\":\"https:\/\/schema.org\",\"@graph\":[{\"@type\":\"Article\",\"@id\":\"https:\/\/sare.eus\/es\/8-de-octubre-lectura-tras-la-manifestacion\/#article\",\"isPartOf\":{\"@id\":\"https:\/\/sare.eus\/es\/8-de-octubre-lectura-tras-la-manifestacion\/\"},\"author\":{\"name\":\"sare\",\"@id\":\"https:\/\/sare.eus\/#\/schema\/person\/2fe6d0df294f56313d3ab236dbe38e17\"},\"headline\":\"8 DE OCTUBRE: LECTURA TRAS LA MANIFESTACI\u00d3N\",\"datePublished\":\"2022-10-08T11:38:09+00:00\",\"dateModified\":\"2022-10-08T11:47:08+00:00\",\"mainEntityOfPage\":{\"@id\":\"https:\/\/sare.eus\/es\/8-de-octubre-lectura-tras-la-manifestacion\/\"},\"wordCount\":966,\"publisher\":{\"@id\":\"https:\/\/sare.eus\/#organization\"},\"image\":{\"@id\":\"https:\/\/sare.eus\/es\/8-de-octubre-lectura-tras-la-manifestacion\/#primaryimage\"},\"thumbnailUrl\":\"https:\/\/sare.eus\/wp-content\/uploads\/2022\/10\/U8DONOSTIA.jpeg\",\"articleSection\":[\"Etxera\"],\"inLanguage\":\"es\"},{\"@type\":\"WebPage\",\"@id\":\"https:\/\/sare.eus\/es\/8-de-octubre-lectura-tras-la-manifestacion\/\",\"url\":\"https:\/\/sare.eus\/es\/8-de-octubre-lectura-tras-la-manifestacion\/\",\"name\":\"8 DE OCTUBRE: LECTURA TRAS LA MANIFESTACI\u00d3N - Sare Herritarra\",\"isPartOf\":{\"@id\":\"https:\/\/sare.eus\/#website\"},\"primaryImageOfPage\":{\"@id\":\"https:\/\/sare.eus\/es\/8-de-octubre-lectura-tras-la-manifestacion\/#primaryimage\"},\"image\":{\"@id\":\"https:\/\/sare.eus\/es\/8-de-octubre-lectura-tras-la-manifestacion\/#primaryimage\"},\"thumbnailUrl\":\"https:\/\/sare.eus\/wp-content\/uploads\/2022\/10\/U8DONOSTIA.jpeg\",\"datePublished\":\"2022-10-08T11:38:09+00:00\",\"dateModified\":\"2022-10-08T11:47:08+00:00\",\"breadcrumb\":{\"@id\":\"https:\/\/sare.eus\/es\/8-de-octubre-lectura-tras-la-manifestacion\/#breadcrumb\"},\"inLanguage\":\"es\",\"potentialAction\":[{\"@type\":\"ReadAction\",\"target\":[\"https:\/\/sare.eus\/es\/8-de-octubre-lectura-tras-la-manifestacion\/\"]}]},{\"@type\":\"ImageObject\",\"inLanguage\":\"es\",\"@id\":\"https:\/\/sare.eus\/es\/8-de-octubre-lectura-tras-la-manifestacion\/#primaryimage\",\"url\":\"https:\/\/sare.eus\/wp-content\/uploads\/2022\/10\/U8DONOSTIA.jpeg\",\"contentUrl\":\"https:\/\/sare.eus\/wp-content\/uploads\/2022\/10\/U8DONOSTIA.jpeg\",\"width\":2164,\"height\":1444},{\"@type\":\"BreadcrumbList\",\"@id\":\"https:\/\/sare.eus\/es\/8-de-octubre-lectura-tras-la-manifestacion\/#breadcrumb\",\"itemListElement\":[{\"@type\":\"ListItem\",\"position\":1,\"name\":\"Home\",\"item\":\"https:\/\/sare.eus\/\"},{\"@type\":\"ListItem\",\"position\":2,\"name\":\"8 DE OCTUBRE: LECTURA TRAS LA MANIFESTACI\u00d3N\"}]},{\"@type\":\"WebSite\",\"@id\":\"https:\/\/sare.eus\/#website\",\"url\":\"https:\/\/sare.eus\/\",\"name\":\"Sare Herritarra\",\"description\":\"KONPONBIDEAREN ETA GIZA ESKUBIDEEN ALDEKO SARE HERRITARRA\",\"publisher\":{\"@id\":\"https:\/\/sare.eus\/#organization\"},\"potentialAction\":[{\"@type\":\"SearchAction\",\"target\":{\"@type\":\"EntryPoint\",\"urlTemplate\":\"https:\/\/sare.eus\/?s={search_term_string}\"},\"query-input\":{\"@type\":\"PropertyValueSpecification\",\"valueRequired\":true,\"valueName\":\"search_term_string\"}}],\"inLanguage\":\"es\"},{\"@type\":\"Organization\",\"@id\":\"https:\/\/sare.eus\/#organization\",\"name\":\"Sare Herritarra\",\"url\":\"https:\/\/sare.eus\/\",\"logo\":{\"@type\":\"ImageObject\",\"inLanguage\":\"es\",\"@id\":\"https:\/\/sare.eus\/#\/schema\/logo\/image\/\",\"url\":\"https:\/\/sare.eus\/wp-content\/uploads\/2021\/08\/sare.png\",\"contentUrl\":\"https:\/\/sare.eus\/wp-content\/uploads\/2021\/08\/sare.png\",\"width\":120,\"height\":142,\"caption\":\"Sare Herritarra\"},\"image\":{\"@id\":\"https:\/\/sare.eus\/#\/schema\/logo\/image\/\"}},{\"@type\":\"Person\",\"@id\":\"https:\/\/sare.eus\/#\/schema\/person\/2fe6d0df294f56313d3ab236dbe38e17\",\"name\":\"sare\",\"image\":{\"@type\":\"ImageObject\",\"inLanguage\":\"es\",\"@id\":\"https:\/\/sare.eus\/#\/schema\/person\/image\/\",\"url\":\"https:\/\/secure.gravatar.com\/avatar\/77cad838677ceb1977e7b3c878b55eaa7fa4aae2158983063b047c3ad7ef2c25?s=96&d=mm&r=g\",\"contentUrl\":\"https:\/\/secure.gravatar.com\/avatar\/77cad838677ceb1977e7b3c878b55eaa7fa4aae2158983063b047c3ad7ef2c25?s=96&d=mm&r=g\",\"caption\":\"sare\"},\"url\":\"https:\/\/sare.eus\/es\/author\/sare\/\"}]}<\/script>\n<!-- \/ Yoast SEO plugin. -->","yoast_head_json":{"title":"8 DE OCTUBRE: LECTURA TRAS LA MANIFESTACI\u00d3N - Sare Herritarra","robots":{"index":"index","follow":"follow","max-snippet":"max-snippet:-1","max-image-preview":"max-image-preview:large","max-video-preview":"max-video-preview:-1"},"canonical":"https:\/\/sare.eus\/es\/8-de-octubre-lectura-tras-la-manifestacion\/","og_locale":"es_ES","og_type":"article","og_title":"8 DE OCTUBRE: LECTURA TRAS LA MANIFESTACI\u00d3N - Sare Herritarra","og_description":"3.127.326. Hoy hemos alcanzado el reto que nos propusimos hace m\u00e1s de dos a\u00f1os, el de recorrer tantos kil\u00f3metros como habitantes somos en Euskal Herria. Por eso hoy, es un [&hellip;]","og_url":"https:\/\/sare.eus\/es\/8-de-octubre-lectura-tras-la-manifestacion\/","og_site_name":"Sare Herritarra","article_published_time":"2022-10-08T11:38:09+00:00","article_modified_time":"2022-10-08T11:47:08+00:00","og_image":[{"width":2164,"height":1444,"url":"https:\/\/sare.eus\/wp-content\/uploads\/2022\/10\/U8DONOSTIA.jpeg","type":"image\/jpeg"}],"author":"sare","twitter_card":"summary_large_image","twitter_misc":{"Escrito por":"sare","Tiempo de lectura":"5 minutos"},"schema":{"@context":"https:\/\/schema.org","@graph":[{"@type":"Article","@id":"https:\/\/sare.eus\/es\/8-de-octubre-lectura-tras-la-manifestacion\/#article","isPartOf":{"@id":"https:\/\/sare.eus\/es\/8-de-octubre-lectura-tras-la-manifestacion\/"},"author":{"name":"sare","@id":"https:\/\/sare.eus\/#\/schema\/person\/2fe6d0df294f56313d3ab236dbe38e17"},"headline":"8 DE OCTUBRE: LECTURA TRAS LA MANIFESTACI\u00d3N","datePublished":"2022-10-08T11:38:09+00:00","dateModified":"2022-10-08T11:47:08+00:00","mainEntityOfPage":{"@id":"https:\/\/sare.eus\/es\/8-de-octubre-lectura-tras-la-manifestacion\/"},"wordCount":966,"publisher":{"@id":"https:\/\/sare.eus\/#organization"},"image":{"@id":"https:\/\/sare.eus\/es\/8-de-octubre-lectura-tras-la-manifestacion\/#primaryimage"},"thumbnailUrl":"https:\/\/sare.eus\/wp-content\/uploads\/2022\/10\/U8DONOSTIA.jpeg","articleSection":["Etxera"],"inLanguage":"es"},{"@type":"WebPage","@id":"https:\/\/sare.eus\/es\/8-de-octubre-lectura-tras-la-manifestacion\/","url":"https:\/\/sare.eus\/es\/8-de-octubre-lectura-tras-la-manifestacion\/","name":"8 DE OCTUBRE: LECTURA TRAS LA MANIFESTACI\u00d3N - Sare Herritarra","isPartOf":{"@id":"https:\/\/sare.eus\/#website"},"primaryImageOfPage":{"@id":"https:\/\/sare.eus\/es\/8-de-octubre-lectura-tras-la-manifestacion\/#primaryimage"},"image":{"@id":"https:\/\/sare.eus\/es\/8-de-octubre-lectura-tras-la-manifestacion\/#primaryimage"},"thumbnailUrl":"https:\/\/sare.eus\/wp-content\/uploads\/2022\/10\/U8DONOSTIA.jpeg","datePublished":"2022-10-08T11:38:09+00:00","dateModified":"2022-10-08T11:47:08+00:00","breadcrumb":{"@id":"https:\/\/sare.eus\/es\/8-de-octubre-lectura-tras-la-manifestacion\/#breadcrumb"},"inLanguage":"es","potentialAction":[{"@type":"ReadAction","target":["https:\/\/sare.eus\/es\/8-de-octubre-lectura-tras-la-manifestacion\/"]}]},{"@type":"ImageObject","inLanguage":"es","@id":"https:\/\/sare.eus\/es\/8-de-octubre-lectura-tras-la-manifestacion\/#primaryimage","url":"https:\/\/sare.eus\/wp-content\/uploads\/2022\/10\/U8DONOSTIA.jpeg","contentUrl":"https:\/\/sare.eus\/wp-content\/uploads\/2022\/10\/U8DONOSTIA.jpeg","width":2164,"height":1444},{"@type":"BreadcrumbList","@id":"https:\/\/sare.eus\/es\/8-de-octubre-lectura-tras-la-manifestacion\/#breadcrumb","itemListElement":[{"@type":"ListItem","position":1,"name":"Home","item":"https:\/\/sare.eus\/"},{"@type":"ListItem","position":2,"name":"8 DE OCTUBRE: LECTURA TRAS LA MANIFESTACI\u00d3N"}]},{"@type":"WebSite","@id":"https:\/\/sare.eus\/#website","url":"https:\/\/sare.eus\/","name":"Sare Herritarra","description":"KONPONBIDEAREN ETA GIZA ESKUBIDEEN ALDEKO SARE HERRITARRA","publisher":{"@id":"https:\/\/sare.eus\/#organization"},"potentialAction":[{"@type":"SearchAction","target":{"@type":"EntryPoint","urlTemplate":"https:\/\/sare.eus\/?s={search_term_string}"},"query-input":{"@type":"PropertyValueSpecification","valueRequired":true,"valueName":"search_term_string"}}],"inLanguage":"es"},{"@type":"Organization","@id":"https:\/\/sare.eus\/#organization","name":"Sare Herritarra","url":"https:\/\/sare.eus\/","logo":{"@type":"ImageObject","inLanguage":"es","@id":"https:\/\/sare.eus\/#\/schema\/logo\/image\/","url":"https:\/\/sare.eus\/wp-content\/uploads\/2021\/08\/sare.png","contentUrl":"https:\/\/sare.eus\/wp-content\/uploads\/2021\/08\/sare.png","width":120,"height":142,"caption":"Sare Herritarra"},"image":{"@id":"https:\/\/sare.eus\/#\/schema\/logo\/image\/"}},{"@type":"Person","@id":"https:\/\/sare.eus\/#\/schema\/person\/2fe6d0df294f56313d3ab236dbe38e17","name":"sare","image":{"@type":"ImageObject","inLanguage":"es","@id":"https:\/\/sare.eus\/#\/schema\/person\/image\/","url":"https:\/\/secure.gravatar.com\/avatar\/77cad838677ceb1977e7b3c878b55eaa7fa4aae2158983063b047c3ad7ef2c25?s=96&d=mm&r=g","contentUrl":"https:\/\/secure.gravatar.com\/avatar\/77cad838677ceb1977e7b3c878b55eaa7fa4aae2158983063b047c3ad7ef2c25?s=96&d=mm&r=g","caption":"sare"},"url":"https:\/\/sare.eus\/es\/author\/sare\/"}]}},"_links":{"self":[{"href":"https:\/\/sare.eus\/es\/wp-json\/wp\/v2\/posts\/4152","targetHints":{"allow":["GET"]}}],"collection":[{"href":"https:\/\/sare.eus\/es\/wp-json\/wp\/v2\/posts"}],"about":[{"href":"https:\/\/sare.eus\/es\/wp-json\/wp\/v2\/types\/post"}],"author":[{"embeddable":true,"href":"https:\/\/sare.eus\/es\/wp-json\/wp\/v2\/users\/2"}],"replies":[{"embeddable":true,"href":"https:\/\/sare.eus\/es\/wp-json\/wp\/v2\/comments?post=4152"}],"version-history":[{"count":4,"href":"https:\/\/sare.eus\/es\/wp-json\/wp\/v2\/posts\/4152\/revisions"}],"predecessor-version":[{"id":4156,"href":"https:\/\/sare.eus\/es\/wp-json\/wp\/v2\/posts\/4152\/revisions\/4156"}],"wp:featuredmedia":[{"embeddable":true,"href":"https:\/\/sare.eus\/es\/wp-json\/wp\/v2\/media\/4160"}],"wp:attachment":[{"href":"https:\/\/sare.eus\/es\/wp-json\/wp\/v2\/media?parent=4152"}],"wp:term":[{"taxonomy":"category","embeddable":true,"href":"https:\/\/sare.eus\/es\/wp-json\/wp\/v2\/categories?post=4152"},{"taxonomy":"post_tag","embeddable":true,"href":"https:\/\/sare.eus\/es\/wp-json\/wp\/v2\/tags?post=4152"}],"curies":[{"name":"wp","href":"https:\/\/api.w.org\/{rel}","templated":true}]}}