{"id":4110,"date":"2022-09-30T07:37:11","date_gmt":"2022-09-30T07:37:11","guid":{"rendered":"https:\/\/sare.eus\/nafarroatik-ere-urriaren-8an-donostian-izango-gara\/"},"modified":"2022-09-30T08:01:28","modified_gmt":"2022-09-30T08:01:28","slug":"nafarroatik-ere-urriaren-8an-donostian-izango-gara","status":"publish","type":"post","link":"https:\/\/sare.eus\/es\/nafarroatik-ere-urriaren-8an-donostian-izango-gara\/","title":{"rendered":"Desde Nafarroa tambi\u00e9n estaremos en Donostia el 8 de octubre"},"content":{"rendered":"\n<p>Mediante esta comparecencia queremos hacer un llamamiento a la ciudadan\u00eda de Navarra para que participe en la movilizaci\u00f3n y en el festival especial organizados por Sare para el d\u00eda 8 de octubre en Donostia.<\/p>\n\n\n\n<p>Dentro de una semana, bajo el lema \u201cEtxera bidea gertu!\u201d, hemos organizado un completo programa con actos para todas las edades, en el que combinaremos reivindicaci\u00f3n y fiesta.<\/p>\n\n\n\n<p>Hemos organizado ese d\u00eda para difundir dos mensajes importantes. Por un lado, como dice el lema, que las presas y los presos vascos est\u00e1n cada vez m\u00e1s cerca de casa, y que la ciudadan\u00eda tambi\u00e9n est\u00e1 preparada y dispuesta para que se materialice ese proceso de vuelta a casa. Queremos destacar que esa cercan\u00eda es un avance importante, y queremos dar las gracias a todas las personas que han participado activamente en ese camino, y queremos celebrar de manera conjunta dicho avance.<\/p>\n\n\n\n<p>Por otro lado, sin restar importancia a los logros, queremos recordar que todav\u00eda nos queda camino por recorrer para poner fin a la situaci\u00f3n de excepci\u00f3n, y queremos mostrar que las ciudadanas y los ciudadanos vamos a seguir en ese camino. En concreto, teniendo en cuenta los datos de Navarra, despu\u00e9s de los acercamientos, 18 presas y presos navarros est\u00e1n en c\u00e1rceles de Euskal Herria, pero todav\u00eda quedan cuatro en c\u00e1rceles de Espa\u00f1a, y 3, en Francia. Como hemos dicho, sin quitar importancia a los logros, debemos seguir haciendo camino tambi\u00e9n en Navarra, para que todas las presas y todos los presos est\u00e9n en Euskal Herria y para que puedan llevar a cabo el proceso de vuelta a casa. En este sentido, despu\u00e9s de los cambios realizados en la c\u00e1rcel de Iru\u00f1a, esperamos que se posibilite ese camino, al igual que en la CAPV.<\/p>\n\n\n\n<p>Con la difusi\u00f3n de esos dos mensajes, el 8 de octubre daremos por finalizado el reto de recorrer 3.127.326 km que nos impusimos dentro de la din\u00e1mica Izan Bidea. A las 11:00, recorreremos los \u00faltimos kil\u00f3metros desde el Boulevard de Donostia a P\u00edo XII. Despu\u00e9s iremos hasta Ilunbe en una manifestaci\u00f3n multicolor, y a continuaci\u00f3n empezar\u00e1 el festival.<\/p>\n\n\n\n<p>El 8 de octubre, Sare quiere reunir en Donostia a todas las personas que durante a\u00f1os y a\u00f1os nos hemos ido sumando en contra del alejamiento. Por ello, quienes conformamos Etxerat y Sare de Navarra queremos hacer un llamamiento a la ciudadan\u00eda navarra para que acudan a Donostia el 8 de octubre, y recorran los \u00faltimos kil\u00f3metros, participen en la manifestaci\u00f3n y disfruten del festival de Ilunbe. Para facilitar el traslado, hemos organizado autobuses en diversos lugares, en la zona de Iru\u00f1a, en Tafalla, Lizarra eta Sakana.<\/p>\n\n\n\n<p>Programa del d\u00eda:<\/p>\n\n\n\n<p>11:00, \u00faltimos kil\u00f3metros desde el Boulevard<br>12:00, manifestaci\u00f3n multicolor desde P\u00edo XII<br>Despu\u00e9s, acto en Ilunbe y comienzo del festival:<\/p>\n\n\n\n<p>A lo largo de la tarde, tendremos en Ilunbe txosnas, servicio de comida, espacio infantil y una variada oferta de conciertos.<br>\u2022 Talos, bocadillos, paella, animaci\u00f3n callejera\u2026<br>\u2022 Oferta infantil en un espacio permanente: Porrotx eta bere lagunak, juegos de equilibrio, tirolina, maquillaje\u2026 y mucho m\u00e1s.<br>\u2022 Dentro de Ilunbe, los conciertos empezar\u00e1n a las 15:30, con Maddalen Lujanbio, Amets Arzalluz y E\u00f1aut Elorrieta.<br>\u2022 Y tambi\u00e9n podremos disfrutar con el espect\u00e1culo de muchos m\u00e1s artistas y grupos: Belako, Rotten XIII, Esne Beltza, Su Ta Gar, Zea Mays, Liher, Sua, Doctor Deseo, Josu eta Gari (Hertzainak), Dupla, Andoni Oilokiegi, Trikidantz\u2026<\/p>\n\n\n\n<p>Todav\u00eda pod\u00e9is comprar las entradas en la p\u00e1gina sare.eus (<a href=\"https:\/\/sare.eus\/es\/urriak-8\/\" target=\"_blank\" rel=\"noreferrer noopener\">sare.eus\/es\/urriak-8<\/a>) hasta el pr\u00f3ximo mi\u00e9rcoles.<\/p>\n\n\n\n<p>El 8 de octubre, fusionando reivindicaci\u00f3n y fiesta, junt\u00e9monos en Donostia una vez m\u00e1s para decir bien alto que est\u00e1 cerca el camino a casa y que queremos recorrer ese camino.<\/p>\n\n\n\n<figure class=\"wp-block-image size-large\"><img loading=\"lazy\" decoding=\"async\" width=\"1024\" height=\"536\" src=\"https:\/\/sare.eus\/wp-content\/uploads\/2021\/10\/HEADER_osoa_aldaketekin01-1024x536.jpg\" alt=\"\" class=\"wp-image-3886\" srcset=\"https:\/\/sare.eus\/wp-content\/uploads\/2021\/10\/HEADER_osoa_aldaketekin01-1024x536.jpg 1024w, https:\/\/sare.eus\/wp-content\/uploads\/2021\/10\/HEADER_osoa_aldaketekin01-300x157.jpg 300w, https:\/\/sare.eus\/wp-content\/uploads\/2021\/10\/HEADER_osoa_aldaketekin01-768x402.jpg 768w, https:\/\/sare.eus\/wp-content\/uploads\/2021\/10\/HEADER_osoa_aldaketekin01.jpg 1050w\" sizes=\"(max-width: 1024px) 100vw, 1024px\" \/><\/figure>\n\n\n\n<figure class=\"wp-block-image size-large\"><img loading=\"lazy\" decoding=\"async\" width=\"1024\" height=\"1024\" src=\"https:\/\/sare.eus\/wp-content\/uploads\/2022\/09\/BUSAK_KARTELA_U8_OROKORRA_araba-bizkaia-01-1024x1024.jpg\" alt=\"\" class=\"wp-image-4105\" srcset=\"https:\/\/sare.eus\/wp-content\/uploads\/2022\/09\/BUSAK_KARTELA_U8_OROKORRA_araba-bizkaia-01-1024x1024.jpg 1024w, https:\/\/sare.eus\/wp-content\/uploads\/2022\/09\/BUSAK_KARTELA_U8_OROKORRA_araba-bizkaia-01-300x300.jpg 300w, https:\/\/sare.eus\/wp-content\/uploads\/2022\/09\/BUSAK_KARTELA_U8_OROKORRA_araba-bizkaia-01-150x150.jpg 150w, https:\/\/sare.eus\/wp-content\/uploads\/2022\/09\/BUSAK_KARTELA_U8_OROKORRA_araba-bizkaia-01-768x767.jpg 768w, https:\/\/sare.eus\/wp-content\/uploads\/2022\/09\/BUSAK_KARTELA_U8_OROKORRA_araba-bizkaia-01-1080x1079.jpg 1080w, https:\/\/sare.eus\/wp-content\/uploads\/2022\/09\/BUSAK_KARTELA_U8_OROKORRA_araba-bizkaia-01-440x440.jpg 440w, https:\/\/sare.eus\/wp-content\/uploads\/2022\/09\/BUSAK_KARTELA_U8_OROKORRA_araba-bizkaia-01.jpg 1192w\" sizes=\"(max-width: 1024px) 100vw, 1024px\" \/><\/figure>\n\n\n\n<figure class=\"wp-block-image size-large\"><img loading=\"lazy\" decoding=\"async\" width=\"1024\" height=\"1024\" src=\"https:\/\/sare.eus\/wp-content\/uploads\/2022\/09\/BUSAK_KARTELA_U8_OROKORRA_03_GIPUNAF-01-1024x1024.jpg\" alt=\"\" class=\"wp-image-4107\" srcset=\"https:\/\/sare.eus\/wp-content\/uploads\/2022\/09\/BUSAK_KARTELA_U8_OROKORRA_03_GIPUNAF-01-1024x1024.jpg 1024w, https:\/\/sare.eus\/wp-content\/uploads\/2022\/09\/BUSAK_KARTELA_U8_OROKORRA_03_GIPUNAF-01-300x300.jpg 300w, https:\/\/sare.eus\/wp-content\/uploads\/2022\/09\/BUSAK_KARTELA_U8_OROKORRA_03_GIPUNAF-01-150x150.jpg 150w, https:\/\/sare.eus\/wp-content\/uploads\/2022\/09\/BUSAK_KARTELA_U8_OROKORRA_03_GIPUNAF-01-768x767.jpg 768w, https:\/\/sare.eus\/wp-content\/uploads\/2022\/09\/BUSAK_KARTELA_U8_OROKORRA_03_GIPUNAF-01-1080x1079.jpg 1080w, https:\/\/sare.eus\/wp-content\/uploads\/2022\/09\/BUSAK_KARTELA_U8_OROKORRA_03_GIPUNAF-01-440x440.jpg 440w, https:\/\/sare.eus\/wp-content\/uploads\/2022\/09\/BUSAK_KARTELA_U8_OROKORRA_03_GIPUNAF-01.jpg 1192w\" sizes=\"(max-width: 1024px) 100vw, 1024px\" \/><\/figure>\n","protected":false},"excerpt":{"rendered":"<p>Mediante esta comparecencia queremos hacer un llamamiento a la ciudadan\u00eda de Navarra para que participe en la movilizaci\u00f3n y en el festival especial organizados por Sare para el d\u00eda 8 [&hellip;]<\/p>\n","protected":false},"author":2,"featured_media":4118,"comment_status":"closed","ping_status":"closed","sticky":false,"template":"","format":"standard","meta":{"_acf_changed":false,"_et_pb_use_builder":"off","_et_pb_old_content":"","_et_gb_content_width":"","footnotes":""},"categories":[60],"tags":[],"class_list":["post-4110","post","type-post","status-publish","format-standard","has-post-thumbnail","hentry","category-etxera-es","et-has-post-format-content","et_post_format-et-post-format-standard"],"acf":[],"yoast_head":"<!-- This site is optimized with the Yoast SEO plugin v26.4 - https:\/\/yoast.com\/wordpress\/plugins\/seo\/ -->\n<title>Desde Nafarroa tambi\u00e9n estaremos en Donostia el 8 de octubre - Sare Herritarra<\/title>\n<meta name=\"robots\" content=\"index, follow, max-snippet:-1, max-image-preview:large, max-video-preview:-1\" \/>\n<link rel=\"canonical\" href=\"https:\/\/sare.eus\/es\/nafarroatik-ere-urriaren-8an-donostian-izango-gara\/\" \/>\n<meta property=\"og:locale\" content=\"es_ES\" \/>\n<meta property=\"og:type\" content=\"article\" \/>\n<meta property=\"og:title\" content=\"Desde Nafarroa tambi\u00e9n estaremos en Donostia el 8 de octubre - Sare Herritarra\" \/>\n<meta property=\"og:description\" content=\"Mediante esta comparecencia queremos hacer un llamamiento a la ciudadan\u00eda de Navarra para que participe en la movilizaci\u00f3n y en el festival especial organizados por Sare para el d\u00eda 8 [&hellip;]\" \/>\n<meta property=\"og:url\" content=\"https:\/\/sare.eus\/es\/nafarroatik-ere-urriaren-8an-donostian-izango-gara\/\" \/>\n<meta property=\"og:site_name\" content=\"Sare Herritarra\" \/>\n<meta property=\"article:published_time\" content=\"2022-09-30T07:37:11+00:00\" \/>\n<meta property=\"article:modified_time\" content=\"2022-09-30T08:01:28+00:00\" \/>\n<meta property=\"og:image\" content=\"https:\/\/sare.eus\/wp-content\/uploads\/2022\/09\/IMG_20220930_111800_315.jpg\" \/>\n\t<meta property=\"og:image:width\" content=\"1280\" \/>\n\t<meta property=\"og:image:height\" content=\"960\" \/>\n\t<meta property=\"og:image:type\" content=\"image\/jpeg\" \/>\n<meta name=\"author\" content=\"sare\" \/>\n<meta name=\"twitter:card\" content=\"summary_large_image\" \/>\n<meta name=\"twitter:label1\" content=\"Escrito por\" \/>\n\t<meta name=\"twitter:data1\" content=\"sare\" \/>\n\t<meta name=\"twitter:label2\" content=\"Tiempo de lectura\" \/>\n\t<meta name=\"twitter:data2\" content=\"4 minutos\" \/>\n<script type=\"application\/ld+json\" class=\"yoast-schema-graph\">{\"@context\":\"https:\/\/schema.org\",\"@graph\":[{\"@type\":\"Article\",\"@id\":\"https:\/\/sare.eus\/es\/nafarroatik-ere-urriaren-8an-donostian-izango-gara\/#article\",\"isPartOf\":{\"@id\":\"https:\/\/sare.eus\/es\/nafarroatik-ere-urriaren-8an-donostian-izango-gara\/\"},\"author\":{\"name\":\"sare\",\"@id\":\"https:\/\/sare.eus\/#\/schema\/person\/2fe6d0df294f56313d3ab236dbe38e17\"},\"headline\":\"Desde Nafarroa tambi\u00e9n estaremos en Donostia el 8 de octubre\",\"datePublished\":\"2022-09-30T07:37:11+00:00\",\"dateModified\":\"2022-09-30T08:01:28+00:00\",\"mainEntityOfPage\":{\"@id\":\"https:\/\/sare.eus\/es\/nafarroatik-ere-urriaren-8an-donostian-izango-gara\/\"},\"wordCount\":655,\"publisher\":{\"@id\":\"https:\/\/sare.eus\/#organization\"},\"image\":{\"@id\":\"https:\/\/sare.eus\/es\/nafarroatik-ere-urriaren-8an-donostian-izango-gara\/#primaryimage\"},\"thumbnailUrl\":\"https:\/\/sare.eus\/wp-content\/uploads\/2022\/09\/IMG_20220930_111800_315.jpg\",\"articleSection\":[\"Etxera\"],\"inLanguage\":\"es\"},{\"@type\":\"WebPage\",\"@id\":\"https:\/\/sare.eus\/es\/nafarroatik-ere-urriaren-8an-donostian-izango-gara\/\",\"url\":\"https:\/\/sare.eus\/es\/nafarroatik-ere-urriaren-8an-donostian-izango-gara\/\",\"name\":\"Desde Nafarroa tambi\u00e9n estaremos en Donostia el 8 de octubre - Sare Herritarra\",\"isPartOf\":{\"@id\":\"https:\/\/sare.eus\/#website\"},\"primaryImageOfPage\":{\"@id\":\"https:\/\/sare.eus\/es\/nafarroatik-ere-urriaren-8an-donostian-izango-gara\/#primaryimage\"},\"image\":{\"@id\":\"https:\/\/sare.eus\/es\/nafarroatik-ere-urriaren-8an-donostian-izango-gara\/#primaryimage\"},\"thumbnailUrl\":\"https:\/\/sare.eus\/wp-content\/uploads\/2022\/09\/IMG_20220930_111800_315.jpg\",\"datePublished\":\"2022-09-30T07:37:11+00:00\",\"dateModified\":\"2022-09-30T08:01:28+00:00\",\"breadcrumb\":{\"@id\":\"https:\/\/sare.eus\/es\/nafarroatik-ere-urriaren-8an-donostian-izango-gara\/#breadcrumb\"},\"inLanguage\":\"es\",\"potentialAction\":[{\"@type\":\"ReadAction\",\"target\":[\"https:\/\/sare.eus\/es\/nafarroatik-ere-urriaren-8an-donostian-izango-gara\/\"]}]},{\"@type\":\"ImageObject\",\"inLanguage\":\"es\",\"@id\":\"https:\/\/sare.eus\/es\/nafarroatik-ere-urriaren-8an-donostian-izango-gara\/#primaryimage\",\"url\":\"https:\/\/sare.eus\/wp-content\/uploads\/2022\/09\/IMG_20220930_111800_315.jpg\",\"contentUrl\":\"https:\/\/sare.eus\/wp-content\/uploads\/2022\/09\/IMG_20220930_111800_315.jpg\",\"width\":1280,\"height\":960},{\"@type\":\"BreadcrumbList\",\"@id\":\"https:\/\/sare.eus\/es\/nafarroatik-ere-urriaren-8an-donostian-izango-gara\/#breadcrumb\",\"itemListElement\":[{\"@type\":\"ListItem\",\"position\":1,\"name\":\"Home\",\"item\":\"https:\/\/sare.eus\/\"},{\"@type\":\"ListItem\",\"position\":2,\"name\":\"Desde Nafarroa tambi\u00e9n estaremos en Donostia el 8 de octubre\"}]},{\"@type\":\"WebSite\",\"@id\":\"https:\/\/sare.eus\/#website\",\"url\":\"https:\/\/sare.eus\/\",\"name\":\"Sare Herritarra\",\"description\":\"KONPONBIDEAREN ETA GIZA ESKUBIDEEN ALDEKO SARE HERRITARRA\",\"publisher\":{\"@id\":\"https:\/\/sare.eus\/#organization\"},\"potentialAction\":[{\"@type\":\"SearchAction\",\"target\":{\"@type\":\"EntryPoint\",\"urlTemplate\":\"https:\/\/sare.eus\/?s={search_term_string}\"},\"query-input\":{\"@type\":\"PropertyValueSpecification\",\"valueRequired\":true,\"valueName\":\"search_term_string\"}}],\"inLanguage\":\"es\"},{\"@type\":\"Organization\",\"@id\":\"https:\/\/sare.eus\/#organization\",\"name\":\"Sare Herritarra\",\"url\":\"https:\/\/sare.eus\/\",\"logo\":{\"@type\":\"ImageObject\",\"inLanguage\":\"es\",\"@id\":\"https:\/\/sare.eus\/#\/schema\/logo\/image\/\",\"url\":\"https:\/\/sare.eus\/wp-content\/uploads\/2021\/08\/sare.png\",\"contentUrl\":\"https:\/\/sare.eus\/wp-content\/uploads\/2021\/08\/sare.png\",\"width\":120,\"height\":142,\"caption\":\"Sare Herritarra\"},\"image\":{\"@id\":\"https:\/\/sare.eus\/#\/schema\/logo\/image\/\"}},{\"@type\":\"Person\",\"@id\":\"https:\/\/sare.eus\/#\/schema\/person\/2fe6d0df294f56313d3ab236dbe38e17\",\"name\":\"sare\",\"image\":{\"@type\":\"ImageObject\",\"inLanguage\":\"es\",\"@id\":\"https:\/\/sare.eus\/#\/schema\/person\/image\/\",\"url\":\"https:\/\/secure.gravatar.com\/avatar\/77cad838677ceb1977e7b3c878b55eaa7fa4aae2158983063b047c3ad7ef2c25?s=96&d=mm&r=g\",\"contentUrl\":\"https:\/\/secure.gravatar.com\/avatar\/77cad838677ceb1977e7b3c878b55eaa7fa4aae2158983063b047c3ad7ef2c25?s=96&d=mm&r=g\",\"caption\":\"sare\"},\"url\":\"https:\/\/sare.eus\/es\/author\/sare\/\"}]}<\/script>\n<!-- \/ Yoast SEO plugin. -->","yoast_head_json":{"title":"Desde Nafarroa tambi\u00e9n estaremos en Donostia el 8 de octubre - Sare Herritarra","robots":{"index":"index","follow":"follow","max-snippet":"max-snippet:-1","max-image-preview":"max-image-preview:large","max-video-preview":"max-video-preview:-1"},"canonical":"https:\/\/sare.eus\/es\/nafarroatik-ere-urriaren-8an-donostian-izango-gara\/","og_locale":"es_ES","og_type":"article","og_title":"Desde Nafarroa tambi\u00e9n estaremos en Donostia el 8 de octubre - Sare Herritarra","og_description":"Mediante esta comparecencia queremos hacer un llamamiento a la ciudadan\u00eda de Navarra para que participe en la movilizaci\u00f3n y en el festival especial organizados por Sare para el d\u00eda 8 [&hellip;]","og_url":"https:\/\/sare.eus\/es\/nafarroatik-ere-urriaren-8an-donostian-izango-gara\/","og_site_name":"Sare Herritarra","article_published_time":"2022-09-30T07:37:11+00:00","article_modified_time":"2022-09-30T08:01:28+00:00","og_image":[{"width":1280,"height":960,"url":"https:\/\/sare.eus\/wp-content\/uploads\/2022\/09\/IMG_20220930_111800_315.jpg","type":"image\/jpeg"}],"author":"sare","twitter_card":"summary_large_image","twitter_misc":{"Escrito por":"sare","Tiempo de lectura":"4 minutos"},"schema":{"@context":"https:\/\/schema.org","@graph":[{"@type":"Article","@id":"https:\/\/sare.eus\/es\/nafarroatik-ere-urriaren-8an-donostian-izango-gara\/#article","isPartOf":{"@id":"https:\/\/sare.eus\/es\/nafarroatik-ere-urriaren-8an-donostian-izango-gara\/"},"author":{"name":"sare","@id":"https:\/\/sare.eus\/#\/schema\/person\/2fe6d0df294f56313d3ab236dbe38e17"},"headline":"Desde Nafarroa tambi\u00e9n estaremos en Donostia el 8 de octubre","datePublished":"2022-09-30T07:37:11+00:00","dateModified":"2022-09-30T08:01:28+00:00","mainEntityOfPage":{"@id":"https:\/\/sare.eus\/es\/nafarroatik-ere-urriaren-8an-donostian-izango-gara\/"},"wordCount":655,"publisher":{"@id":"https:\/\/sare.eus\/#organization"},"image":{"@id":"https:\/\/sare.eus\/es\/nafarroatik-ere-urriaren-8an-donostian-izango-gara\/#primaryimage"},"thumbnailUrl":"https:\/\/sare.eus\/wp-content\/uploads\/2022\/09\/IMG_20220930_111800_315.jpg","articleSection":["Etxera"],"inLanguage":"es"},{"@type":"WebPage","@id":"https:\/\/sare.eus\/es\/nafarroatik-ere-urriaren-8an-donostian-izango-gara\/","url":"https:\/\/sare.eus\/es\/nafarroatik-ere-urriaren-8an-donostian-izango-gara\/","name":"Desde Nafarroa tambi\u00e9n estaremos en Donostia el 8 de octubre - Sare Herritarra","isPartOf":{"@id":"https:\/\/sare.eus\/#website"},"primaryImageOfPage":{"@id":"https:\/\/sare.eus\/es\/nafarroatik-ere-urriaren-8an-donostian-izango-gara\/#primaryimage"},"image":{"@id":"https:\/\/sare.eus\/es\/nafarroatik-ere-urriaren-8an-donostian-izango-gara\/#primaryimage"},"thumbnailUrl":"https:\/\/sare.eus\/wp-content\/uploads\/2022\/09\/IMG_20220930_111800_315.jpg","datePublished":"2022-09-30T07:37:11+00:00","dateModified":"2022-09-30T08:01:28+00:00","breadcrumb":{"@id":"https:\/\/sare.eus\/es\/nafarroatik-ere-urriaren-8an-donostian-izango-gara\/#breadcrumb"},"inLanguage":"es","potentialAction":[{"@type":"ReadAction","target":["https:\/\/sare.eus\/es\/nafarroatik-ere-urriaren-8an-donostian-izango-gara\/"]}]},{"@type":"ImageObject","inLanguage":"es","@id":"https:\/\/sare.eus\/es\/nafarroatik-ere-urriaren-8an-donostian-izango-gara\/#primaryimage","url":"https:\/\/sare.eus\/wp-content\/uploads\/2022\/09\/IMG_20220930_111800_315.jpg","contentUrl":"https:\/\/sare.eus\/wp-content\/uploads\/2022\/09\/IMG_20220930_111800_315.jpg","width":1280,"height":960},{"@type":"BreadcrumbList","@id":"https:\/\/sare.eus\/es\/nafarroatik-ere-urriaren-8an-donostian-izango-gara\/#breadcrumb","itemListElement":[{"@type":"ListItem","position":1,"name":"Home","item":"https:\/\/sare.eus\/"},{"@type":"ListItem","position":2,"name":"Desde Nafarroa tambi\u00e9n estaremos en Donostia el 8 de octubre"}]},{"@type":"WebSite","@id":"https:\/\/sare.eus\/#website","url":"https:\/\/sare.eus\/","name":"Sare Herritarra","description":"KONPONBIDEAREN ETA GIZA ESKUBIDEEN ALDEKO SARE HERRITARRA","publisher":{"@id":"https:\/\/sare.eus\/#organization"},"potentialAction":[{"@type":"SearchAction","target":{"@type":"EntryPoint","urlTemplate":"https:\/\/sare.eus\/?s={search_term_string}"},"query-input":{"@type":"PropertyValueSpecification","valueRequired":true,"valueName":"search_term_string"}}],"inLanguage":"es"},{"@type":"Organization","@id":"https:\/\/sare.eus\/#organization","name":"Sare Herritarra","url":"https:\/\/sare.eus\/","logo":{"@type":"ImageObject","inLanguage":"es","@id":"https:\/\/sare.eus\/#\/schema\/logo\/image\/","url":"https:\/\/sare.eus\/wp-content\/uploads\/2021\/08\/sare.png","contentUrl":"https:\/\/sare.eus\/wp-content\/uploads\/2021\/08\/sare.png","width":120,"height":142,"caption":"Sare Herritarra"},"image":{"@id":"https:\/\/sare.eus\/#\/schema\/logo\/image\/"}},{"@type":"Person","@id":"https:\/\/sare.eus\/#\/schema\/person\/2fe6d0df294f56313d3ab236dbe38e17","name":"sare","image":{"@type":"ImageObject","inLanguage":"es","@id":"https:\/\/sare.eus\/#\/schema\/person\/image\/","url":"https:\/\/secure.gravatar.com\/avatar\/77cad838677ceb1977e7b3c878b55eaa7fa4aae2158983063b047c3ad7ef2c25?s=96&d=mm&r=g","contentUrl":"https:\/\/secure.gravatar.com\/avatar\/77cad838677ceb1977e7b3c878b55eaa7fa4aae2158983063b047c3ad7ef2c25?s=96&d=mm&r=g","caption":"sare"},"url":"https:\/\/sare.eus\/es\/author\/sare\/"}]}},"_links":{"self":[{"href":"https:\/\/sare.eus\/es\/wp-json\/wp\/v2\/posts\/4110","targetHints":{"allow":["GET"]}}],"collection":[{"href":"https:\/\/sare.eus\/es\/wp-json\/wp\/v2\/posts"}],"about":[{"href":"https:\/\/sare.eus\/es\/wp-json\/wp\/v2\/types\/post"}],"author":[{"embeddable":true,"href":"https:\/\/sare.eus\/es\/wp-json\/wp\/v2\/users\/2"}],"replies":[{"embeddable":true,"href":"https:\/\/sare.eus\/es\/wp-json\/wp\/v2\/comments?post=4110"}],"version-history":[{"count":3,"href":"https:\/\/sare.eus\/es\/wp-json\/wp\/v2\/posts\/4110\/revisions"}],"predecessor-version":[{"id":4116,"href":"https:\/\/sare.eus\/es\/wp-json\/wp\/v2\/posts\/4110\/revisions\/4116"}],"wp:featuredmedia":[{"embeddable":true,"href":"https:\/\/sare.eus\/es\/wp-json\/wp\/v2\/media\/4118"}],"wp:attachment":[{"href":"https:\/\/sare.eus\/es\/wp-json\/wp\/v2\/media?parent=4110"}],"wp:term":[{"taxonomy":"category","embeddable":true,"href":"https:\/\/sare.eus\/es\/wp-json\/wp\/v2\/categories?post=4110"},{"taxonomy":"post_tag","embeddable":true,"href":"https:\/\/sare.eus\/es\/wp-json\/wp\/v2\/tags?post=4110"}],"curies":[{"name":"wp","href":"https:\/\/api.w.org\/{rel}","templated":true}]}}