{"id":4071,"date":"2022-09-23T10:49:50","date_gmt":"2022-09-23T10:49:50","guid":{"rendered":"https:\/\/sare.eus\/euskal-gehiengo-sindikalak-urriaren-8ko-deialdiarekin-bat\/"},"modified":"2022-09-23T16:37:54","modified_gmt":"2022-09-23T16:37:54","slug":"euskal-gehiengo-sindikalak-urriaren-8ko-deialdiarekin-bat","status":"publish","type":"post","link":"https:\/\/sare.eus\/es\/euskal-gehiengo-sindikalak-urriaren-8ko-deialdiarekin-bat\/","title":{"rendered":"LA MAYOR\u00cdA SINDICAL VASCA DE ACUERDO CON LA CONVOCATORIA DEL 8 DE OCTUBRE"},"content":{"rendered":"\n<p>El 8 de octubre Sare ha organizado en Donostia la movilizaci\u00f3n y el festival de mayor envergadura de los que ha organizado este a\u00f1o. Bajo el lema \u201cEtxera bidea gertu!\u201d, tendremos un programa que abarcar\u00e1 todo el d\u00eda, con actos para todas las edades.<br>Queremos aprovechar ese d\u00eda para difundir dos mensajes importantes.<br><br>Por un lado, como dice el lema, que las presas y los presos vascos est\u00e1n cada vez m\u00e1s cerca de casa, y que la ciudadan\u00eda tambi\u00e9n est\u00e1 preparada y dispuesta para que se materialice ese proceso de vuelta a casa. Queremos destacar que esa cercan\u00eda es un avance importante, por lo que queremos dar las gracias a todas las personas, sindicatos, partidos y asociaciones que han participado activamente en ese camino; adem\u00e1s, queremos celebrar de manera conjunta dicho avance.<br><br>Por otro lado, sin restar importancia a los logros, queremos recordar que todav\u00eda nos queda camino por recorrer para poner fn a la pol\u00edtica de alejamiento y a la situaci\u00f3n de excepci\u00f3n, y mostrar que las ciudadanas y los ciudadanos vamos a seguir en ese camino.<br>Para ello, daremos por fnalizado el reto que nos impusimos de recorrer 3.127.326 km dentro de la iniciativa Izan Bidea, y recorreremos los \u00faltimos kil\u00f3metros en Donostia, para despu\u00e9s dirigirnos a Illumbe en una manifestaci\u00f3n multicolor, antes de dar<br>comienzo al festival.<br><br>A las 11.00 \u00faltimo kil\u00f3metro desde el Boulevard<br>A las 12:00 Manifestaci\u00f3n animada desde P\u00edo XII<br>A continuaci\u00f3n, acto en Illumbe y apertura del festival.<br><br>Sare quiere unir reivindicaci\u00f3n y festa el 8 de octubre uniendo en Donostia a toda la ciudadan\u00eda que durante largos a\u00f1os se ha posicionado contra el alejamiento. As\u00ed, hace un llamamiento a la ciudadan\u00eda para que se acerque a desde la ma\u00f1ana del 8 de octubre, para recorrer el \u00faltimo kil\u00f3metro, participar en la manifestaci\u00f3n y disfrutar del festival de Illumbe.<\/p>\n\n\n<hr>\n\n\n<p><\/p>\n\n\n\n<div class=\"wp-block-columns is-layout-flex wp-container-core-columns-is-layout-9d6595d7 wp-block-columns-is-layout-flex\">\n<div class=\"wp-block-column is-layout-flow wp-block-column-is-layout-flow\">\n<figure class=\"wp-block-embed is-type-rich is-provider-twitter wp-block-embed-twitter\"><div class=\"wp-block-embed__wrapper\">\nhttps:\/\/twitter.com\/HamaikaTb\/status\/1573253638671273985?t=pWAv1TmT-0NbQ6nghskT_A&#038;s=08\n<\/div><\/figure>\n<\/div>\n\n\n\n<div class=\"wp-block-column is-layout-flow wp-block-column-is-layout-flow\">\n<figure class=\"wp-block-embed is-type-rich is-provider-twitter wp-block-embed-twitter\"><div class=\"wp-block-embed__wrapper\">\nhttps:\/\/twitter.com\/sare_herritarra\/status\/1573264078868742144?s=20&#038;t=0w02l8UQ91UVx7ausZLm9A\n<\/div><\/figure>\n<\/div>\n<\/div>\n\n\n\n<div class=\"wp-block-columns is-layout-flex wp-container-core-columns-is-layout-9d6595d7 wp-block-columns-is-layout-flex\">\n<div class=\"wp-block-column is-layout-flow wp-block-column-is-layout-flow\">\n<figure class=\"wp-block-embed is-type-rich is-provider-twitter wp-block-embed-twitter\"><div class=\"wp-block-embed__wrapper\">\nhttps:\/\/twitter.com\/STEILAS_\/status\/1573266776234020864?s=20&#038;t=ZQ5Q__P6EJe6bzsAuB9Pqg\n<\/div><\/figure>\n<\/div>\n\n\n\n<div class=\"wp-block-column is-layout-flow wp-block-column-is-layout-flow\">\n<figure class=\"wp-block-embed is-type-rich is-provider-twitter wp-block-embed-twitter\"><div class=\"wp-block-embed__wrapper\">\nhttps:\/\/twitter.com\/LABsindikatua\/status\/1573266195406794753?s=20&#038;t=ZQ5Q__P6EJe6bzsAuB9Pqg\n<\/div><\/figure>\n<\/div>\n<\/div>\n\n\n\n<div class=\"wp-block-columns is-layout-flex wp-container-core-columns-is-layout-9d6595d7 wp-block-columns-is-layout-flex\">\n<div class=\"wp-block-column is-layout-flow wp-block-column-is-layout-flow\">\n<figure class=\"wp-block-embed is-type-rich is-provider-twitter wp-block-embed-twitter\"><div class=\"wp-block-embed__wrapper\">\n<blockquote class=\"twitter-tweet\" data-width=\"550\" data-dnt=\"true\"><p lang=\"eu\" dir=\"ltr\"><a href=\"https:\/\/twitter.com\/hashtag\/Bizkaia?src=hash&amp;ref_src=twsrc%5Etfw\">#Bizkaia<\/a>-ko sindikatu guztiek presoen etxeratzearen aldeko dinamikari heldu diogu uda ostean.<a href=\"https:\/\/twitter.com\/hashtag\/IzanBidea?src=hash&amp;ref_src=twsrc%5Etfw\">#IzanBidea<\/a> <a href=\"https:\/\/t.co\/ih01VLuGgD\">pic.twitter.com\/ih01VLuGgD<\/a><\/p>&mdash; ESK Sindikatua (@ESKsindikatua) <a href=\"https:\/\/twitter.com\/ESKsindikatua\/status\/1573251565737345025?ref_src=twsrc%5Etfw\">September 23, 2022<\/a><\/blockquote><script async src=\"https:\/\/platform.twitter.com\/widgets.js\" charset=\"utf-8\"><\/script>\n<\/div><\/figure>\n<\/div>\n\n\n\n<div class=\"wp-block-column is-layout-flow wp-block-column-is-layout-flow\"><\/div>\n<\/div>\n","protected":false},"excerpt":{"rendered":"<p>El 8 de octubre Sare ha organizado en Donostia la movilizaci\u00f3n y el festival de mayor envergadura de los que ha organizado este a\u00f1o. Bajo el lema \u201cEtxera bidea gertu!\u201d, [&hellip;]<\/p>\n","protected":false},"author":2,"featured_media":4069,"comment_status":"closed","ping_status":"closed","sticky":false,"template":"","format":"standard","meta":{"_acf_changed":false,"_et_pb_use_builder":"off","_et_pb_old_content":"","_et_gb_content_width":"","footnotes":""},"categories":[60],"tags":[],"class_list":["post-4071","post","type-post","status-publish","format-standard","has-post-thumbnail","hentry","category-etxera-es","et-has-post-format-content","et_post_format-et-post-format-standard"],"acf":[],"yoast_head":"<!-- This site is optimized with the Yoast SEO plugin v26.4 - https:\/\/yoast.com\/wordpress\/plugins\/seo\/ -->\n<title>LA MAYOR\u00cdA SINDICAL VASCA DE ACUERDO CON LA CONVOCATORIA DEL 8 DE OCTUBRE - Sare Herritarra<\/title>\n<meta name=\"robots\" content=\"index, follow, max-snippet:-1, max-image-preview:large, max-video-preview:-1\" \/>\n<link rel=\"canonical\" href=\"https:\/\/sare.eus\/es\/euskal-gehiengo-sindikalak-urriaren-8ko-deialdiarekin-bat\/\" \/>\n<meta property=\"og:locale\" content=\"es_ES\" \/>\n<meta property=\"og:type\" content=\"article\" \/>\n<meta property=\"og:title\" content=\"LA MAYOR\u00cdA SINDICAL VASCA DE ACUERDO CON LA CONVOCATORIA DEL 8 DE OCTUBRE - Sare Herritarra\" \/>\n<meta property=\"og:description\" content=\"El 8 de octubre Sare ha organizado en Donostia la movilizaci\u00f3n y el festival de mayor envergadura de los que ha organizado este a\u00f1o. Bajo el lema \u201cEtxera bidea gertu!\u201d, [&hellip;]\" \/>\n<meta property=\"og:url\" content=\"https:\/\/sare.eus\/es\/euskal-gehiengo-sindikalak-urriaren-8ko-deialdiarekin-bat\/\" \/>\n<meta property=\"og:site_name\" content=\"Sare Herritarra\" \/>\n<meta property=\"article:published_time\" content=\"2022-09-23T10:49:50+00:00\" \/>\n<meta property=\"article:modified_time\" content=\"2022-09-23T16:37:54+00:00\" \/>\n<meta property=\"og:image\" content=\"https:\/\/sare.eus\/wp-content\/uploads\/2022\/09\/WhatsApp-Image-2022-09-23-at-11.52.36.jpeg\" \/>\n\t<meta property=\"og:image:width\" content=\"1600\" \/>\n\t<meta property=\"og:image:height\" content=\"1200\" \/>\n\t<meta property=\"og:image:type\" content=\"image\/jpeg\" \/>\n<meta name=\"author\" content=\"sare\" \/>\n<meta name=\"twitter:card\" content=\"summary_large_image\" \/>\n<meta name=\"twitter:label1\" content=\"Escrito por\" \/>\n\t<meta name=\"twitter:data1\" content=\"sare\" \/>\n\t<meta name=\"twitter:label2\" content=\"Tiempo de lectura\" \/>\n\t<meta name=\"twitter:data2\" content=\"2 minutos\" \/>\n<script type=\"application\/ld+json\" class=\"yoast-schema-graph\">{\"@context\":\"https:\/\/schema.org\",\"@graph\":[{\"@type\":\"Article\",\"@id\":\"https:\/\/sare.eus\/es\/euskal-gehiengo-sindikalak-urriaren-8ko-deialdiarekin-bat\/#article\",\"isPartOf\":{\"@id\":\"https:\/\/sare.eus\/es\/euskal-gehiengo-sindikalak-urriaren-8ko-deialdiarekin-bat\/\"},\"author\":{\"name\":\"sare\",\"@id\":\"https:\/\/sare.eus\/#\/schema\/person\/2fe6d0df294f56313d3ab236dbe38e17\"},\"headline\":\"LA MAYOR\u00cdA SINDICAL VASCA DE ACUERDO CON LA CONVOCATORIA DEL 8 DE OCTUBRE\",\"datePublished\":\"2022-09-23T10:49:50+00:00\",\"dateModified\":\"2022-09-23T16:37:54+00:00\",\"mainEntityOfPage\":{\"@id\":\"https:\/\/sare.eus\/es\/euskal-gehiengo-sindikalak-urriaren-8ko-deialdiarekin-bat\/\"},\"wordCount\":408,\"publisher\":{\"@id\":\"https:\/\/sare.eus\/#organization\"},\"image\":{\"@id\":\"https:\/\/sare.eus\/es\/euskal-gehiengo-sindikalak-urriaren-8ko-deialdiarekin-bat\/#primaryimage\"},\"thumbnailUrl\":\"https:\/\/sare.eus\/wp-content\/uploads\/2022\/09\/WhatsApp-Image-2022-09-23-at-11.52.36.jpeg\",\"articleSection\":[\"Etxera\"],\"inLanguage\":\"es\"},{\"@type\":\"WebPage\",\"@id\":\"https:\/\/sare.eus\/es\/euskal-gehiengo-sindikalak-urriaren-8ko-deialdiarekin-bat\/\",\"url\":\"https:\/\/sare.eus\/es\/euskal-gehiengo-sindikalak-urriaren-8ko-deialdiarekin-bat\/\",\"name\":\"LA MAYOR\u00cdA SINDICAL VASCA DE ACUERDO CON LA CONVOCATORIA DEL 8 DE OCTUBRE - Sare Herritarra\",\"isPartOf\":{\"@id\":\"https:\/\/sare.eus\/#website\"},\"primaryImageOfPage\":{\"@id\":\"https:\/\/sare.eus\/es\/euskal-gehiengo-sindikalak-urriaren-8ko-deialdiarekin-bat\/#primaryimage\"},\"image\":{\"@id\":\"https:\/\/sare.eus\/es\/euskal-gehiengo-sindikalak-urriaren-8ko-deialdiarekin-bat\/#primaryimage\"},\"thumbnailUrl\":\"https:\/\/sare.eus\/wp-content\/uploads\/2022\/09\/WhatsApp-Image-2022-09-23-at-11.52.36.jpeg\",\"datePublished\":\"2022-09-23T10:49:50+00:00\",\"dateModified\":\"2022-09-23T16:37:54+00:00\",\"breadcrumb\":{\"@id\":\"https:\/\/sare.eus\/es\/euskal-gehiengo-sindikalak-urriaren-8ko-deialdiarekin-bat\/#breadcrumb\"},\"inLanguage\":\"es\",\"potentialAction\":[{\"@type\":\"ReadAction\",\"target\":[\"https:\/\/sare.eus\/es\/euskal-gehiengo-sindikalak-urriaren-8ko-deialdiarekin-bat\/\"]}]},{\"@type\":\"ImageObject\",\"inLanguage\":\"es\",\"@id\":\"https:\/\/sare.eus\/es\/euskal-gehiengo-sindikalak-urriaren-8ko-deialdiarekin-bat\/#primaryimage\",\"url\":\"https:\/\/sare.eus\/wp-content\/uploads\/2022\/09\/WhatsApp-Image-2022-09-23-at-11.52.36.jpeg\",\"contentUrl\":\"https:\/\/sare.eus\/wp-content\/uploads\/2022\/09\/WhatsApp-Image-2022-09-23-at-11.52.36.jpeg\",\"width\":1600,\"height\":1200},{\"@type\":\"BreadcrumbList\",\"@id\":\"https:\/\/sare.eus\/es\/euskal-gehiengo-sindikalak-urriaren-8ko-deialdiarekin-bat\/#breadcrumb\",\"itemListElement\":[{\"@type\":\"ListItem\",\"position\":1,\"name\":\"Home\",\"item\":\"https:\/\/sare.eus\/\"},{\"@type\":\"ListItem\",\"position\":2,\"name\":\"LA MAYOR\u00cdA SINDICAL VASCA DE ACUERDO CON LA CONVOCATORIA DEL 8 DE OCTUBRE\"}]},{\"@type\":\"WebSite\",\"@id\":\"https:\/\/sare.eus\/#website\",\"url\":\"https:\/\/sare.eus\/\",\"name\":\"Sare Herritarra\",\"description\":\"KONPONBIDEAREN ETA GIZA ESKUBIDEEN ALDEKO SARE HERRITARRA\",\"publisher\":{\"@id\":\"https:\/\/sare.eus\/#organization\"},\"potentialAction\":[{\"@type\":\"SearchAction\",\"target\":{\"@type\":\"EntryPoint\",\"urlTemplate\":\"https:\/\/sare.eus\/?s={search_term_string}\"},\"query-input\":{\"@type\":\"PropertyValueSpecification\",\"valueRequired\":true,\"valueName\":\"search_term_string\"}}],\"inLanguage\":\"es\"},{\"@type\":\"Organization\",\"@id\":\"https:\/\/sare.eus\/#organization\",\"name\":\"Sare Herritarra\",\"url\":\"https:\/\/sare.eus\/\",\"logo\":{\"@type\":\"ImageObject\",\"inLanguage\":\"es\",\"@id\":\"https:\/\/sare.eus\/#\/schema\/logo\/image\/\",\"url\":\"https:\/\/sare.eus\/wp-content\/uploads\/2021\/08\/sare.png\",\"contentUrl\":\"https:\/\/sare.eus\/wp-content\/uploads\/2021\/08\/sare.png\",\"width\":120,\"height\":142,\"caption\":\"Sare Herritarra\"},\"image\":{\"@id\":\"https:\/\/sare.eus\/#\/schema\/logo\/image\/\"}},{\"@type\":\"Person\",\"@id\":\"https:\/\/sare.eus\/#\/schema\/person\/2fe6d0df294f56313d3ab236dbe38e17\",\"name\":\"sare\",\"image\":{\"@type\":\"ImageObject\",\"inLanguage\":\"es\",\"@id\":\"https:\/\/sare.eus\/#\/schema\/person\/image\/\",\"url\":\"https:\/\/secure.gravatar.com\/avatar\/77cad838677ceb1977e7b3c878b55eaa7fa4aae2158983063b047c3ad7ef2c25?s=96&d=mm&r=g\",\"contentUrl\":\"https:\/\/secure.gravatar.com\/avatar\/77cad838677ceb1977e7b3c878b55eaa7fa4aae2158983063b047c3ad7ef2c25?s=96&d=mm&r=g\",\"caption\":\"sare\"},\"url\":\"https:\/\/sare.eus\/es\/author\/sare\/\"}]}<\/script>\n<!-- \/ Yoast SEO plugin. -->","yoast_head_json":{"title":"LA MAYOR\u00cdA SINDICAL VASCA DE ACUERDO CON LA CONVOCATORIA DEL 8 DE OCTUBRE - Sare Herritarra","robots":{"index":"index","follow":"follow","max-snippet":"max-snippet:-1","max-image-preview":"max-image-preview:large","max-video-preview":"max-video-preview:-1"},"canonical":"https:\/\/sare.eus\/es\/euskal-gehiengo-sindikalak-urriaren-8ko-deialdiarekin-bat\/","og_locale":"es_ES","og_type":"article","og_title":"LA MAYOR\u00cdA SINDICAL VASCA DE ACUERDO CON LA CONVOCATORIA DEL 8 DE OCTUBRE - Sare Herritarra","og_description":"El 8 de octubre Sare ha organizado en Donostia la movilizaci\u00f3n y el festival de mayor envergadura de los que ha organizado este a\u00f1o. Bajo el lema \u201cEtxera bidea gertu!\u201d, [&hellip;]","og_url":"https:\/\/sare.eus\/es\/euskal-gehiengo-sindikalak-urriaren-8ko-deialdiarekin-bat\/","og_site_name":"Sare Herritarra","article_published_time":"2022-09-23T10:49:50+00:00","article_modified_time":"2022-09-23T16:37:54+00:00","og_image":[{"width":1600,"height":1200,"url":"https:\/\/sare.eus\/wp-content\/uploads\/2022\/09\/WhatsApp-Image-2022-09-23-at-11.52.36.jpeg","type":"image\/jpeg"}],"author":"sare","twitter_card":"summary_large_image","twitter_misc":{"Escrito por":"sare","Tiempo de lectura":"2 minutos"},"schema":{"@context":"https:\/\/schema.org","@graph":[{"@type":"Article","@id":"https:\/\/sare.eus\/es\/euskal-gehiengo-sindikalak-urriaren-8ko-deialdiarekin-bat\/#article","isPartOf":{"@id":"https:\/\/sare.eus\/es\/euskal-gehiengo-sindikalak-urriaren-8ko-deialdiarekin-bat\/"},"author":{"name":"sare","@id":"https:\/\/sare.eus\/#\/schema\/person\/2fe6d0df294f56313d3ab236dbe38e17"},"headline":"LA MAYOR\u00cdA SINDICAL VASCA DE ACUERDO CON LA CONVOCATORIA DEL 8 DE OCTUBRE","datePublished":"2022-09-23T10:49:50+00:00","dateModified":"2022-09-23T16:37:54+00:00","mainEntityOfPage":{"@id":"https:\/\/sare.eus\/es\/euskal-gehiengo-sindikalak-urriaren-8ko-deialdiarekin-bat\/"},"wordCount":408,"publisher":{"@id":"https:\/\/sare.eus\/#organization"},"image":{"@id":"https:\/\/sare.eus\/es\/euskal-gehiengo-sindikalak-urriaren-8ko-deialdiarekin-bat\/#primaryimage"},"thumbnailUrl":"https:\/\/sare.eus\/wp-content\/uploads\/2022\/09\/WhatsApp-Image-2022-09-23-at-11.52.36.jpeg","articleSection":["Etxera"],"inLanguage":"es"},{"@type":"WebPage","@id":"https:\/\/sare.eus\/es\/euskal-gehiengo-sindikalak-urriaren-8ko-deialdiarekin-bat\/","url":"https:\/\/sare.eus\/es\/euskal-gehiengo-sindikalak-urriaren-8ko-deialdiarekin-bat\/","name":"LA MAYOR\u00cdA SINDICAL VASCA DE ACUERDO CON LA CONVOCATORIA DEL 8 DE OCTUBRE - Sare Herritarra","isPartOf":{"@id":"https:\/\/sare.eus\/#website"},"primaryImageOfPage":{"@id":"https:\/\/sare.eus\/es\/euskal-gehiengo-sindikalak-urriaren-8ko-deialdiarekin-bat\/#primaryimage"},"image":{"@id":"https:\/\/sare.eus\/es\/euskal-gehiengo-sindikalak-urriaren-8ko-deialdiarekin-bat\/#primaryimage"},"thumbnailUrl":"https:\/\/sare.eus\/wp-content\/uploads\/2022\/09\/WhatsApp-Image-2022-09-23-at-11.52.36.jpeg","datePublished":"2022-09-23T10:49:50+00:00","dateModified":"2022-09-23T16:37:54+00:00","breadcrumb":{"@id":"https:\/\/sare.eus\/es\/euskal-gehiengo-sindikalak-urriaren-8ko-deialdiarekin-bat\/#breadcrumb"},"inLanguage":"es","potentialAction":[{"@type":"ReadAction","target":["https:\/\/sare.eus\/es\/euskal-gehiengo-sindikalak-urriaren-8ko-deialdiarekin-bat\/"]}]},{"@type":"ImageObject","inLanguage":"es","@id":"https:\/\/sare.eus\/es\/euskal-gehiengo-sindikalak-urriaren-8ko-deialdiarekin-bat\/#primaryimage","url":"https:\/\/sare.eus\/wp-content\/uploads\/2022\/09\/WhatsApp-Image-2022-09-23-at-11.52.36.jpeg","contentUrl":"https:\/\/sare.eus\/wp-content\/uploads\/2022\/09\/WhatsApp-Image-2022-09-23-at-11.52.36.jpeg","width":1600,"height":1200},{"@type":"BreadcrumbList","@id":"https:\/\/sare.eus\/es\/euskal-gehiengo-sindikalak-urriaren-8ko-deialdiarekin-bat\/#breadcrumb","itemListElement":[{"@type":"ListItem","position":1,"name":"Home","item":"https:\/\/sare.eus\/"},{"@type":"ListItem","position":2,"name":"LA MAYOR\u00cdA SINDICAL VASCA DE ACUERDO CON LA CONVOCATORIA DEL 8 DE OCTUBRE"}]},{"@type":"WebSite","@id":"https:\/\/sare.eus\/#website","url":"https:\/\/sare.eus\/","name":"Sare Herritarra","description":"KONPONBIDEAREN ETA GIZA ESKUBIDEEN ALDEKO SARE HERRITARRA","publisher":{"@id":"https:\/\/sare.eus\/#organization"},"potentialAction":[{"@type":"SearchAction","target":{"@type":"EntryPoint","urlTemplate":"https:\/\/sare.eus\/?s={search_term_string}"},"query-input":{"@type":"PropertyValueSpecification","valueRequired":true,"valueName":"search_term_string"}}],"inLanguage":"es"},{"@type":"Organization","@id":"https:\/\/sare.eus\/#organization","name":"Sare Herritarra","url":"https:\/\/sare.eus\/","logo":{"@type":"ImageObject","inLanguage":"es","@id":"https:\/\/sare.eus\/#\/schema\/logo\/image\/","url":"https:\/\/sare.eus\/wp-content\/uploads\/2021\/08\/sare.png","contentUrl":"https:\/\/sare.eus\/wp-content\/uploads\/2021\/08\/sare.png","width":120,"height":142,"caption":"Sare Herritarra"},"image":{"@id":"https:\/\/sare.eus\/#\/schema\/logo\/image\/"}},{"@type":"Person","@id":"https:\/\/sare.eus\/#\/schema\/person\/2fe6d0df294f56313d3ab236dbe38e17","name":"sare","image":{"@type":"ImageObject","inLanguage":"es","@id":"https:\/\/sare.eus\/#\/schema\/person\/image\/","url":"https:\/\/secure.gravatar.com\/avatar\/77cad838677ceb1977e7b3c878b55eaa7fa4aae2158983063b047c3ad7ef2c25?s=96&d=mm&r=g","contentUrl":"https:\/\/secure.gravatar.com\/avatar\/77cad838677ceb1977e7b3c878b55eaa7fa4aae2158983063b047c3ad7ef2c25?s=96&d=mm&r=g","caption":"sare"},"url":"https:\/\/sare.eus\/es\/author\/sare\/"}]}},"_links":{"self":[{"href":"https:\/\/sare.eus\/es\/wp-json\/wp\/v2\/posts\/4071","targetHints":{"allow":["GET"]}}],"collection":[{"href":"https:\/\/sare.eus\/es\/wp-json\/wp\/v2\/posts"}],"about":[{"href":"https:\/\/sare.eus\/es\/wp-json\/wp\/v2\/types\/post"}],"author":[{"embeddable":true,"href":"https:\/\/sare.eus\/es\/wp-json\/wp\/v2\/users\/2"}],"replies":[{"embeddable":true,"href":"https:\/\/sare.eus\/es\/wp-json\/wp\/v2\/comments?post=4071"}],"version-history":[{"count":7,"href":"https:\/\/sare.eus\/es\/wp-json\/wp\/v2\/posts\/4071\/revisions"}],"predecessor-version":[{"id":4097,"href":"https:\/\/sare.eus\/es\/wp-json\/wp\/v2\/posts\/4071\/revisions\/4097"}],"wp:featuredmedia":[{"embeddable":true,"href":"https:\/\/sare.eus\/es\/wp-json\/wp\/v2\/media\/4069"}],"wp:attachment":[{"href":"https:\/\/sare.eus\/es\/wp-json\/wp\/v2\/media?parent=4071"}],"wp:term":[{"taxonomy":"category","embeddable":true,"href":"https:\/\/sare.eus\/es\/wp-json\/wp\/v2\/categories?post=4071"},{"taxonomy":"post_tag","embeddable":true,"href":"https:\/\/sare.eus\/es\/wp-json\/wp\/v2\/tags?post=4071"}],"curies":[{"name":"wp","href":"https:\/\/api.w.org\/{rel}","templated":true}]}}