{"id":3992,"date":"2022-09-16T12:00:00","date_gmt":"2022-09-16T12:00:00","guid":{"rendered":"https:\/\/sare.eus\/?p=3992"},"modified":"2022-09-18T17:29:17","modified_gmt":"2022-09-18T17:29:17","slug":"17-de-septiembre_illumbe","status":"publish","type":"post","link":"https:\/\/sare.eus\/es\/17-de-septiembre_illumbe\/","title":{"rendered":"El 8 de octubre ser\u00e1 la mayor movilizaci\u00f3n y festival de la RED ciudadana sare en lo que va de a\u00f1o"},"content":{"rendered":"\n<figure class=\"wp-block-embed is-type-video is-provider-youtube wp-block-embed-youtube wp-embed-aspect-16-9 wp-has-aspect-ratio\"><div class=\"wp-block-embed__wrapper\">\n<iframe loading=\"lazy\" title=\"Queremos combinar reivindicaci\u00f3n y fiesta el 8 de octubre en Donostia\" width=\"1080\" height=\"608\" src=\"https:\/\/www.youtube.com\/embed\/ivG36KKoozA?feature=oembed\" frameborder=\"0\" allow=\"accelerometer; autoplay; clipboard-write; encrypted-media; gyroscope; picture-in-picture\" allowfullscreen><\/iframe>\n<\/div><\/figure>\n\n\n\n<p>Como ya sab\u00e9is, dentro de poco, en concreto para el 8 de octubre, Sare ha organizado la movilizaci\u00f3n y el festival de mayor envergadura de los que ha organizado este a\u00f1o. Y ser\u00e1 aqu\u00ed, en Donostia. Bajo el lema \u201cEtxera bidea gertu!\u201d, tendremos un programa que abarcar\u00e1 todo el d\u00eda, con actos para todas las edades.<\/p>\n\n\n\n<p>Queremos aprovechar ese d\u00eda para difundir dos mensajes importantes. Por un lado, como dice el lema, que las presas y los presos vascos est\u00e1n cada vez m\u00e1s cerca de casa, y que la ciudadan\u00eda tambi\u00e9n est\u00e1 preparada y dispuesta para que se materialice ese proceso de vuelta a casa. Queremos destacar que esa cercan\u00eda es un avance importante, por lo que queremos dar las gracias a todas las personas que han participado activamente en ese camino; adem\u00e1s, queremos celebrar de manera conjunta dicho avance. Por otro lado, sin restar importancia a los logros, queremos recordar que todav\u00eda nos queda camino por recorrer para poner fin a la situaci\u00f3n de excepci\u00f3n, y mostrar que las ciudadanas y los ciudadanos vamos a seguir en ese camino. Para ello, daremos por finalizado el reto que nos impusimos de recorrer 3.127.326 km dentro de la iniciativa Izan Bidea, y recorreremos los \u00faltimos kil\u00f3metros en Donostia, para despu\u00e9s dirigirnos a Ilunbe en una manifestaci\u00f3n multicolor, antes de dar comienzo al festival.<\/p>\n\n\n\n<p>As\u00ed pues, queremos unir reivindicaci\u00f3n y fiesta, reuniendo en Donostia a todas aquellas personas que durante a\u00f1os y a\u00f1os se han ido sumando en contra del alejamiento.<\/p>\n\n\n\n<p>Pero el objetivo de la comparecencia de hoy es presentar los detalles de ese d\u00eda y realizar un \u00faltimo llamamiento. Por eso nos hemos reunido hoy aqu\u00ed, en Illumbe, y por eso est\u00e1n aqu\u00ed tambi\u00e9n algunas y algunos artistas que participar\u00e1n en el festival del 8 de octubre.<\/p>\n\n\n\n<p>Como hemos anunciado, la jornada empezar\u00e1 a las 11:00, y recorreremos los \u00faltimos kil\u00f3metros con personas de los pueblos de alrededor de Donostia, y ser\u00e1 desde el Boulevard a P\u00edo XII. Conformaremos cuatro columnas de gran colorido con quienes nos juntemos en el Boulevard, para recorrer esa \u00faltima parte. A las 12:00, cuando lleguemos a P\u00edo XII, se sumar\u00e1n el resto de personas y comenzar\u00e1 la manifestaci\u00f3n, con m\u00fasica, hasta Ilunbe, donde leeremos el manifiesto y daremos comienzo al festival que durar\u00e1 hasta la madrugada.<\/p>\n\n\n\n<p>A lo largo de la tarde, tendremos en Illumbe txosnas, servicio de comida, espacio infantil y una variada oferta de conciertos.<\/p>\n\n\n\n<ul class=\"wp-block-list\"><li>Talos, bocadillos, paella, animaci\u00f3n callejera&#8230;<\/li><li>Oferta infantil en un espacio permanente: Porrotx eta bere lagunak, juegos de equilibrio, tirolina, maquillaje&#8230; y mucho m\u00e1s.<\/li><li>Dentro de Illumbe, los conciertos empezar\u00e1n a las 15:30, con Maddalen Lujanbio, Amets Arzalluz y E\u00f1aut Elorrieta.<\/li><li>Y tambi\u00e9n podremos disfrutar con el espect\u00e1culo de muchos m\u00e1s artistas y grupos: Belako, Rotten XIII, Esne Beltza, Su Ta Gar, Zea Mays, Liher, Sua, Doctor Deseo, Josu eta Gari (Hertzainak), Dupla, Andoni Oilokiegi, Trikidantz&#8230;<\/li><\/ul>\n\n\n\n<p>Todav\u00eda pod\u00e9is comprar las entradas en la p\u00e1gina sare.eus (sare.eus\/urriak-8), y habr\u00e1 autobuses para ir y volver de Donostia: en Araba (Aiaraldea, Errioxa, Gasteiz, Gorbeialdea), en Bizkaia (Bilbao, Busturialdea, Durango, Ezkerraldea, Hego Uribe, Lea Artibai, Uribe Kosta), en Gipuzkoa (Debagoiena) y en Nafarroa (Agoitz, Baztan, Bortziriak, Malerreka, Iru\u00f1erria, Tafalla, Lizarra, Sakana, Mendialdea).<\/p>\n\n\n\n<p>Como veis, tenemos una oferta amplia y variada para el 8 de octubre, con actos para todas las edades. Sumando reivindicaci\u00f3n y celebraci\u00f3n, junt\u00e9monos en Donostia para mostrar que el camino a casa est\u00e1 cerca y que estamos dispuestas y dispuestos a seguir haciendo camino, el camino de vuelta a casa. Apuntad el d\u00eda en vuestras agendas; comprad vuestra entrada y apuntaos en los autobuses. Junt\u00e9monos todas y todos en las calles de Donostia el 8 de octubre. \u00a1El 8 de octubre, a Donostia, s\u00ed o s\u00ed!<\/p>\n\n\n<hr>\n\n\n<div class=\"wp-block-columns is-layout-flex wp-container-core-columns-is-layout-9d6595d7 wp-block-columns-is-layout-flex\">\n<div class=\"wp-block-column is-layout-flow wp-block-column-is-layout-flow\">\n<figure class=\"wp-block-image size-large\"><a href=\"https:\/\/sare.eus\/wp-content\/uploads\/2022\/09\/URRIAK-8_Manifa_ALDAKETAK_01-1024x692.jpg\"><img loading=\"lazy\" decoding=\"async\" width=\"1024\" height=\"692\" src=\"https:\/\/sare.eus\/wp-content\/uploads\/2022\/09\/URRIAK-8_Manifa_ALDAKETAK_01-1024x692.jpg\" alt=\"\" class=\"wp-image-3997\" srcset=\"https:\/\/sare.eus\/wp-content\/uploads\/2022\/09\/URRIAK-8_Manifa_ALDAKETAK_01-1024x692.jpg 1024w, https:\/\/sare.eus\/wp-content\/uploads\/2022\/09\/URRIAK-8_Manifa_ALDAKETAK_01-300x203.jpg 300w, https:\/\/sare.eus\/wp-content\/uploads\/2022\/09\/URRIAK-8_Manifa_ALDAKETAK_01-768x519.jpg 768w, https:\/\/sare.eus\/wp-content\/uploads\/2022\/09\/URRIAK-8_Manifa_ALDAKETAK_01-1080x730.jpg 1080w, https:\/\/sare.eus\/wp-content\/uploads\/2022\/09\/URRIAK-8_Manifa_ALDAKETAK_01.jpg 1280w\" sizes=\"(max-width: 1024px) 100vw, 1024px\" \/><\/a><\/figure>\n<\/div>\n\n\n\n<div class=\"wp-block-column is-layout-flow wp-block-column-is-layout-flow\">\n<figure class=\"wp-block-image size-large\"><a href=\"https:\/\/sare.eus\/wp-content\/uploads\/2022\/09\/BUSAK_KARTELA_U8_OROKORRA_03_insta_WEB-1-1024x1024.jpg\"><img loading=\"lazy\" decoding=\"async\" width=\"1024\" height=\"1024\" src=\"https:\/\/sare.eus\/wp-content\/uploads\/2022\/09\/BUSAK_KARTELA_U8_OROKORRA_03_insta_WEB-1-1024x1024.jpg\" alt=\"\" class=\"wp-image-3973\" srcset=\"https:\/\/sare.eus\/wp-content\/uploads\/2022\/09\/BUSAK_KARTELA_U8_OROKORRA_03_insta_WEB-1-1024x1024.jpg 1024w, https:\/\/sare.eus\/wp-content\/uploads\/2022\/09\/BUSAK_KARTELA_U8_OROKORRA_03_insta_WEB-1-300x300.jpg 300w, https:\/\/sare.eus\/wp-content\/uploads\/2022\/09\/BUSAK_KARTELA_U8_OROKORRA_03_insta_WEB-1-150x150.jpg 150w, https:\/\/sare.eus\/wp-content\/uploads\/2022\/09\/BUSAK_KARTELA_U8_OROKORRA_03_insta_WEB-1-768x767.jpg 768w, https:\/\/sare.eus\/wp-content\/uploads\/2022\/09\/BUSAK_KARTELA_U8_OROKORRA_03_insta_WEB-1-1080x1079.jpg 1080w, https:\/\/sare.eus\/wp-content\/uploads\/2022\/09\/BUSAK_KARTELA_U8_OROKORRA_03_insta_WEB-1-440x440.jpg 440w, https:\/\/sare.eus\/wp-content\/uploads\/2022\/09\/BUSAK_KARTELA_U8_OROKORRA_03_insta_WEB-1.jpg 1192w\" sizes=\"(max-width: 1024px) 100vw, 1024px\" \/><\/a><\/figure>\n<\/div>\n<\/div>\n","protected":false},"excerpt":{"rendered":"<p>Como ya sab\u00e9is, dentro de poco, en concreto para el 8 de octubre, Sare ha organizado la movilizaci\u00f3n y el festival de mayor envergadura de los que ha organizado este [&hellip;]<\/p>\n","protected":false},"author":2,"featured_media":4021,"comment_status":"closed","ping_status":"closed","sticky":false,"template":"","format":"standard","meta":{"_acf_changed":false,"_et_pb_use_builder":"off","_et_pb_old_content":"","_et_gb_content_width":"","footnotes":""},"categories":[60],"tags":[],"class_list":["post-3992","post","type-post","status-publish","format-standard","has-post-thumbnail","hentry","category-etxera-es","et-has-post-format-content","et_post_format-et-post-format-standard"],"acf":[],"yoast_head":"<!-- This site is optimized with the Yoast SEO plugin v26.4 - https:\/\/yoast.com\/wordpress\/plugins\/seo\/ -->\n<title>El 8 de octubre ser\u00e1 la mayor movilizaci\u00f3n y festival de la RED ciudadana sare en lo que va de a\u00f1o - Sare Herritarra<\/title>\n<meta name=\"robots\" content=\"index, follow, max-snippet:-1, max-image-preview:large, max-video-preview:-1\" \/>\n<link rel=\"canonical\" href=\"https:\/\/sare.eus\/es\/17-de-septiembre_illumbe\/\" \/>\n<meta property=\"og:locale\" content=\"es_ES\" \/>\n<meta property=\"og:type\" content=\"article\" \/>\n<meta property=\"og:title\" content=\"El 8 de octubre ser\u00e1 la mayor movilizaci\u00f3n y festival de la RED ciudadana sare en lo que va de a\u00f1o - Sare Herritarra\" \/>\n<meta property=\"og:description\" content=\"Como ya sab\u00e9is, dentro de poco, en concreto para el 8 de octubre, Sare ha organizado la movilizaci\u00f3n y el festival de mayor envergadura de los que ha organizado este [&hellip;]\" \/>\n<meta property=\"og:url\" content=\"https:\/\/sare.eus\/es\/17-de-septiembre_illumbe\/\" \/>\n<meta property=\"og:site_name\" content=\"Sare Herritarra\" \/>\n<meta property=\"article:published_time\" content=\"2022-09-16T12:00:00+00:00\" \/>\n<meta property=\"article:modified_time\" content=\"2022-09-18T17:29:17+00:00\" \/>\n<meta property=\"og:image\" content=\"https:\/\/sare.eus\/wp-content\/uploads\/2022\/09\/IMG_20220917_120335_587.jpg\" \/>\n\t<meta property=\"og:image:width\" content=\"1280\" \/>\n\t<meta property=\"og:image:height\" content=\"960\" \/>\n\t<meta property=\"og:image:type\" content=\"image\/jpeg\" \/>\n<meta name=\"author\" content=\"sare\" \/>\n<meta name=\"twitter:card\" content=\"summary_large_image\" \/>\n<meta name=\"twitter:label1\" content=\"Escrito por\" \/>\n\t<meta name=\"twitter:data1\" content=\"sare\" \/>\n\t<meta name=\"twitter:label2\" content=\"Tiempo de lectura\" \/>\n\t<meta name=\"twitter:data2\" content=\"4 minutos\" \/>\n<script type=\"application\/ld+json\" class=\"yoast-schema-graph\">{\"@context\":\"https:\/\/schema.org\",\"@graph\":[{\"@type\":\"Article\",\"@id\":\"https:\/\/sare.eus\/es\/17-de-septiembre_illumbe\/#article\",\"isPartOf\":{\"@id\":\"https:\/\/sare.eus\/es\/17-de-septiembre_illumbe\/\"},\"author\":{\"name\":\"sare\",\"@id\":\"https:\/\/sare.eus\/#\/schema\/person\/2fe6d0df294f56313d3ab236dbe38e17\"},\"headline\":\"El 8 de octubre ser\u00e1 la mayor movilizaci\u00f3n y festival de la RED ciudadana sare en lo que va de a\u00f1o\",\"datePublished\":\"2022-09-16T12:00:00+00:00\",\"dateModified\":\"2022-09-18T17:29:17+00:00\",\"mainEntityOfPage\":{\"@id\":\"https:\/\/sare.eus\/es\/17-de-septiembre_illumbe\/\"},\"wordCount\":684,\"publisher\":{\"@id\":\"https:\/\/sare.eus\/#organization\"},\"image\":{\"@id\":\"https:\/\/sare.eus\/es\/17-de-septiembre_illumbe\/#primaryimage\"},\"thumbnailUrl\":\"https:\/\/sare.eus\/wp-content\/uploads\/2022\/09\/IMG_20220917_120335_587.jpg\",\"articleSection\":[\"Etxera\"],\"inLanguage\":\"es\"},{\"@type\":\"WebPage\",\"@id\":\"https:\/\/sare.eus\/es\/17-de-septiembre_illumbe\/\",\"url\":\"https:\/\/sare.eus\/es\/17-de-septiembre_illumbe\/\",\"name\":\"El 8 de octubre ser\u00e1 la mayor movilizaci\u00f3n y festival de la RED ciudadana sare en lo que va de a\u00f1o - Sare Herritarra\",\"isPartOf\":{\"@id\":\"https:\/\/sare.eus\/#website\"},\"primaryImageOfPage\":{\"@id\":\"https:\/\/sare.eus\/es\/17-de-septiembre_illumbe\/#primaryimage\"},\"image\":{\"@id\":\"https:\/\/sare.eus\/es\/17-de-septiembre_illumbe\/#primaryimage\"},\"thumbnailUrl\":\"https:\/\/sare.eus\/wp-content\/uploads\/2022\/09\/IMG_20220917_120335_587.jpg\",\"datePublished\":\"2022-09-16T12:00:00+00:00\",\"dateModified\":\"2022-09-18T17:29:17+00:00\",\"breadcrumb\":{\"@id\":\"https:\/\/sare.eus\/es\/17-de-septiembre_illumbe\/#breadcrumb\"},\"inLanguage\":\"es\",\"potentialAction\":[{\"@type\":\"ReadAction\",\"target\":[\"https:\/\/sare.eus\/es\/17-de-septiembre_illumbe\/\"]}]},{\"@type\":\"ImageObject\",\"inLanguage\":\"es\",\"@id\":\"https:\/\/sare.eus\/es\/17-de-septiembre_illumbe\/#primaryimage\",\"url\":\"https:\/\/sare.eus\/wp-content\/uploads\/2022\/09\/IMG_20220917_120335_587.jpg\",\"contentUrl\":\"https:\/\/sare.eus\/wp-content\/uploads\/2022\/09\/IMG_20220917_120335_587.jpg\",\"width\":1280,\"height\":960},{\"@type\":\"BreadcrumbList\",\"@id\":\"https:\/\/sare.eus\/es\/17-de-septiembre_illumbe\/#breadcrumb\",\"itemListElement\":[{\"@type\":\"ListItem\",\"position\":1,\"name\":\"Home\",\"item\":\"https:\/\/sare.eus\/\"},{\"@type\":\"ListItem\",\"position\":2,\"name\":\"El 8 de octubre ser\u00e1 la mayor movilizaci\u00f3n y festival de la RED ciudadana sare en lo que va de a\u00f1o\"}]},{\"@type\":\"WebSite\",\"@id\":\"https:\/\/sare.eus\/#website\",\"url\":\"https:\/\/sare.eus\/\",\"name\":\"Sare Herritarra\",\"description\":\"KONPONBIDEAREN ETA GIZA ESKUBIDEEN ALDEKO SARE HERRITARRA\",\"publisher\":{\"@id\":\"https:\/\/sare.eus\/#organization\"},\"potentialAction\":[{\"@type\":\"SearchAction\",\"target\":{\"@type\":\"EntryPoint\",\"urlTemplate\":\"https:\/\/sare.eus\/?s={search_term_string}\"},\"query-input\":{\"@type\":\"PropertyValueSpecification\",\"valueRequired\":true,\"valueName\":\"search_term_string\"}}],\"inLanguage\":\"es\"},{\"@type\":\"Organization\",\"@id\":\"https:\/\/sare.eus\/#organization\",\"name\":\"Sare Herritarra\",\"url\":\"https:\/\/sare.eus\/\",\"logo\":{\"@type\":\"ImageObject\",\"inLanguage\":\"es\",\"@id\":\"https:\/\/sare.eus\/#\/schema\/logo\/image\/\",\"url\":\"https:\/\/sare.eus\/wp-content\/uploads\/2021\/08\/sare.png\",\"contentUrl\":\"https:\/\/sare.eus\/wp-content\/uploads\/2021\/08\/sare.png\",\"width\":120,\"height\":142,\"caption\":\"Sare Herritarra\"},\"image\":{\"@id\":\"https:\/\/sare.eus\/#\/schema\/logo\/image\/\"}},{\"@type\":\"Person\",\"@id\":\"https:\/\/sare.eus\/#\/schema\/person\/2fe6d0df294f56313d3ab236dbe38e17\",\"name\":\"sare\",\"image\":{\"@type\":\"ImageObject\",\"inLanguage\":\"es\",\"@id\":\"https:\/\/sare.eus\/#\/schema\/person\/image\/\",\"url\":\"https:\/\/secure.gravatar.com\/avatar\/77cad838677ceb1977e7b3c878b55eaa7fa4aae2158983063b047c3ad7ef2c25?s=96&d=mm&r=g\",\"contentUrl\":\"https:\/\/secure.gravatar.com\/avatar\/77cad838677ceb1977e7b3c878b55eaa7fa4aae2158983063b047c3ad7ef2c25?s=96&d=mm&r=g\",\"caption\":\"sare\"},\"url\":\"https:\/\/sare.eus\/es\/author\/sare\/\"}]}<\/script>\n<!-- \/ Yoast SEO plugin. -->","yoast_head_json":{"title":"El 8 de octubre ser\u00e1 la mayor movilizaci\u00f3n y festival de la RED ciudadana sare en lo que va de a\u00f1o - Sare Herritarra","robots":{"index":"index","follow":"follow","max-snippet":"max-snippet:-1","max-image-preview":"max-image-preview:large","max-video-preview":"max-video-preview:-1"},"canonical":"https:\/\/sare.eus\/es\/17-de-septiembre_illumbe\/","og_locale":"es_ES","og_type":"article","og_title":"El 8 de octubre ser\u00e1 la mayor movilizaci\u00f3n y festival de la RED ciudadana sare en lo que va de a\u00f1o - Sare Herritarra","og_description":"Como ya sab\u00e9is, dentro de poco, en concreto para el 8 de octubre, Sare ha organizado la movilizaci\u00f3n y el festival de mayor envergadura de los que ha organizado este [&hellip;]","og_url":"https:\/\/sare.eus\/es\/17-de-septiembre_illumbe\/","og_site_name":"Sare Herritarra","article_published_time":"2022-09-16T12:00:00+00:00","article_modified_time":"2022-09-18T17:29:17+00:00","og_image":[{"width":1280,"height":960,"url":"https:\/\/sare.eus\/wp-content\/uploads\/2022\/09\/IMG_20220917_120335_587.jpg","type":"image\/jpeg"}],"author":"sare","twitter_card":"summary_large_image","twitter_misc":{"Escrito por":"sare","Tiempo de lectura":"4 minutos"},"schema":{"@context":"https:\/\/schema.org","@graph":[{"@type":"Article","@id":"https:\/\/sare.eus\/es\/17-de-septiembre_illumbe\/#article","isPartOf":{"@id":"https:\/\/sare.eus\/es\/17-de-septiembre_illumbe\/"},"author":{"name":"sare","@id":"https:\/\/sare.eus\/#\/schema\/person\/2fe6d0df294f56313d3ab236dbe38e17"},"headline":"El 8 de octubre ser\u00e1 la mayor movilizaci\u00f3n y festival de la RED ciudadana sare en lo que va de a\u00f1o","datePublished":"2022-09-16T12:00:00+00:00","dateModified":"2022-09-18T17:29:17+00:00","mainEntityOfPage":{"@id":"https:\/\/sare.eus\/es\/17-de-septiembre_illumbe\/"},"wordCount":684,"publisher":{"@id":"https:\/\/sare.eus\/#organization"},"image":{"@id":"https:\/\/sare.eus\/es\/17-de-septiembre_illumbe\/#primaryimage"},"thumbnailUrl":"https:\/\/sare.eus\/wp-content\/uploads\/2022\/09\/IMG_20220917_120335_587.jpg","articleSection":["Etxera"],"inLanguage":"es"},{"@type":"WebPage","@id":"https:\/\/sare.eus\/es\/17-de-septiembre_illumbe\/","url":"https:\/\/sare.eus\/es\/17-de-septiembre_illumbe\/","name":"El 8 de octubre ser\u00e1 la mayor movilizaci\u00f3n y festival de la RED ciudadana sare en lo que va de a\u00f1o - Sare Herritarra","isPartOf":{"@id":"https:\/\/sare.eus\/#website"},"primaryImageOfPage":{"@id":"https:\/\/sare.eus\/es\/17-de-septiembre_illumbe\/#primaryimage"},"image":{"@id":"https:\/\/sare.eus\/es\/17-de-septiembre_illumbe\/#primaryimage"},"thumbnailUrl":"https:\/\/sare.eus\/wp-content\/uploads\/2022\/09\/IMG_20220917_120335_587.jpg","datePublished":"2022-09-16T12:00:00+00:00","dateModified":"2022-09-18T17:29:17+00:00","breadcrumb":{"@id":"https:\/\/sare.eus\/es\/17-de-septiembre_illumbe\/#breadcrumb"},"inLanguage":"es","potentialAction":[{"@type":"ReadAction","target":["https:\/\/sare.eus\/es\/17-de-septiembre_illumbe\/"]}]},{"@type":"ImageObject","inLanguage":"es","@id":"https:\/\/sare.eus\/es\/17-de-septiembre_illumbe\/#primaryimage","url":"https:\/\/sare.eus\/wp-content\/uploads\/2022\/09\/IMG_20220917_120335_587.jpg","contentUrl":"https:\/\/sare.eus\/wp-content\/uploads\/2022\/09\/IMG_20220917_120335_587.jpg","width":1280,"height":960},{"@type":"BreadcrumbList","@id":"https:\/\/sare.eus\/es\/17-de-septiembre_illumbe\/#breadcrumb","itemListElement":[{"@type":"ListItem","position":1,"name":"Home","item":"https:\/\/sare.eus\/"},{"@type":"ListItem","position":2,"name":"El 8 de octubre ser\u00e1 la mayor movilizaci\u00f3n y festival de la RED ciudadana sare en lo que va de a\u00f1o"}]},{"@type":"WebSite","@id":"https:\/\/sare.eus\/#website","url":"https:\/\/sare.eus\/","name":"Sare Herritarra","description":"KONPONBIDEAREN ETA GIZA ESKUBIDEEN ALDEKO SARE HERRITARRA","publisher":{"@id":"https:\/\/sare.eus\/#organization"},"potentialAction":[{"@type":"SearchAction","target":{"@type":"EntryPoint","urlTemplate":"https:\/\/sare.eus\/?s={search_term_string}"},"query-input":{"@type":"PropertyValueSpecification","valueRequired":true,"valueName":"search_term_string"}}],"inLanguage":"es"},{"@type":"Organization","@id":"https:\/\/sare.eus\/#organization","name":"Sare Herritarra","url":"https:\/\/sare.eus\/","logo":{"@type":"ImageObject","inLanguage":"es","@id":"https:\/\/sare.eus\/#\/schema\/logo\/image\/","url":"https:\/\/sare.eus\/wp-content\/uploads\/2021\/08\/sare.png","contentUrl":"https:\/\/sare.eus\/wp-content\/uploads\/2021\/08\/sare.png","width":120,"height":142,"caption":"Sare Herritarra"},"image":{"@id":"https:\/\/sare.eus\/#\/schema\/logo\/image\/"}},{"@type":"Person","@id":"https:\/\/sare.eus\/#\/schema\/person\/2fe6d0df294f56313d3ab236dbe38e17","name":"sare","image":{"@type":"ImageObject","inLanguage":"es","@id":"https:\/\/sare.eus\/#\/schema\/person\/image\/","url":"https:\/\/secure.gravatar.com\/avatar\/77cad838677ceb1977e7b3c878b55eaa7fa4aae2158983063b047c3ad7ef2c25?s=96&d=mm&r=g","contentUrl":"https:\/\/secure.gravatar.com\/avatar\/77cad838677ceb1977e7b3c878b55eaa7fa4aae2158983063b047c3ad7ef2c25?s=96&d=mm&r=g","caption":"sare"},"url":"https:\/\/sare.eus\/es\/author\/sare\/"}]}},"_links":{"self":[{"href":"https:\/\/sare.eus\/es\/wp-json\/wp\/v2\/posts\/3992","targetHints":{"allow":["GET"]}}],"collection":[{"href":"https:\/\/sare.eus\/es\/wp-json\/wp\/v2\/posts"}],"about":[{"href":"https:\/\/sare.eus\/es\/wp-json\/wp\/v2\/types\/post"}],"author":[{"embeddable":true,"href":"https:\/\/sare.eus\/es\/wp-json\/wp\/v2\/users\/2"}],"replies":[{"embeddable":true,"href":"https:\/\/sare.eus\/es\/wp-json\/wp\/v2\/comments?post=3992"}],"version-history":[{"count":12,"href":"https:\/\/sare.eus\/es\/wp-json\/wp\/v2\/posts\/3992\/revisions"}],"predecessor-version":[{"id":4026,"href":"https:\/\/sare.eus\/es\/wp-json\/wp\/v2\/posts\/3992\/revisions\/4026"}],"wp:featuredmedia":[{"embeddable":true,"href":"https:\/\/sare.eus\/es\/wp-json\/wp\/v2\/media\/4021"}],"wp:attachment":[{"href":"https:\/\/sare.eus\/es\/wp-json\/wp\/v2\/media?parent=3992"}],"wp:term":[{"taxonomy":"category","embeddable":true,"href":"https:\/\/sare.eus\/es\/wp-json\/wp\/v2\/categories?post=3992"},{"taxonomy":"post_tag","embeddable":true,"href":"https:\/\/sare.eus\/es\/wp-json\/wp\/v2\/tags?post=3992"}],"curies":[{"name":"wp","href":"https:\/\/api.w.org\/{rel}","templated":true}]}}