{"id":3782,"date":"2022-08-19T18:15:56","date_gmt":"2022-08-19T18:15:56","guid":{"rendered":"https:\/\/sare.eus\/donostiako-aste-nagusian-ere-manifestazioa-etxera-bidea-gertu-lelopean\/"},"modified":"2022-08-19T18:19:56","modified_gmt":"2022-08-19T18:19:56","slug":"donostiako-aste-nagusian-ere-manifestazioa-etxera-bidea-gertu-lelopean","status":"publish","type":"post","link":"https:\/\/sare.eus\/es\/donostiako-aste-nagusian-ere-manifestazioa-etxera-bidea-gertu-lelopean\/","title":{"rendered":"Manifestaci\u00f3n en la semana grande de Donostia bajo el lema \u00abEtxe bidea gertu\u00bb"},"content":{"rendered":"\n<p>Antes de nada, muchas gracias a todas y a todos por acercaros hoy aqu\u00ed y por dejar un espacio para la reivindicaci\u00f3n dentro de la fiesta. Muchas gracias especialmente a quienes forman parte de Piratak, las cofrad\u00edas y las comisiones de fiestas por su apoyo y adhesi\u00f3n. \u00a1Entre todas y todos lo conseguiremos!<\/p>\n\n\n\n<p>Hace un a\u00f1o, culminamos una etapa muy importante. Gracias al esfuerzo de todas y de todos y a la activaci\u00f3n permanente de la sociedad, conseguimos dejar atr\u00e1s las c\u00e1rceles que est\u00e1n m\u00e1s lejos de Euskal Herria: Andaluc\u00eda, Murcia, Levante eta Galicia.<\/p>\n\n\n\n<p>Este cambio supuso un alivio para familiares y amistades que se han visto en la obligaci\u00f3n de recorrer demasiados kil\u00f3metros a lo largo de muchos a\u00f1os. Fue un primer paso importante dentro del proceso de vuelta a Euskal Herria que estamos viviendo actualmente.<\/p>\n\n\n\n<p>Hoy, podemos empezar a sonre\u00edr porque estamos avanzando. Pero sin hacer ning\u00fan alto en el camino, ya que nos queda mucho camino por recorrer si queremos superar las vulneraciones que siguen sufriendo todav\u00eda las presas y los presos vascos y sus familiares.<\/p>\n\n\n\n<p>Y este camino lo recorreremos conjuntamente, como hemos hecho hoy. Ese trabajo en com\u00fan, el trabajo activo de manera conjunta en la calle es lo que nos ha tra\u00eddo hasta aqu\u00ed. Y tenemos intenci\u00f3n de continuar, hasta conseguir que todas y todos est\u00e9n en Euskal Herria.<\/p>\n\n\n\n<p>Actualmente, hay 58 presas y presos lejos de Euskal Herria. Pero la vuelta a Euskal Herria no es la \u00faltima etapa, sino la primera. Porque a la mayor\u00eda de las presas y de los presos vascos todav\u00eda se les niega la aplicaci\u00f3n de la pol\u00edtica penitenciaria ordinaria. Es el momento de materializar el proceso de vuelta a casa establecido a nivel penitenciario. Y, para ello, la excepci\u00f3n debe dejar de ser norma; la progresi\u00f3n de grado, los permisos de salida, la vuelta a casa de las personas presas con enfermedades graves, los derechos de paternidad\/maternidad y de familia&#8230; Tenemos que seguir avanzando en ese camino.<\/p>\n\n\n\n<p>En este sentido, debemos denunciar una vez m\u00e1s la actitud de la fiscal\u00eda de la Audiencia Nacional, que act\u00faa como brazo jur\u00eddico de la extrema derecha pol\u00edtica, interponiendo recursos constantemente contra las decisiones de las juntas de tratamiento de las prisiones, cuando aprueban el tercer grado penitenciario o conceder permisos.<\/p>\n\n\n\n<p>Apuestan por la confrontaci\u00f3n continua. Por impedir que podamos transitar hacia una paz justa y, a trav\u00e9s de ello, a la convivencia.<\/p>\n\n\n\n<p>Nuestro pueblo necesita acuerdos. Necesita soluciones justas. Sobran quienes contin\u00faan abogando por la confrontaci\u00f3n y en la venganza.<\/p>\n\n\n\n<p>No normalicemos lo que no es normal. No bajemos los brazos porque el alejamiento va tocando a su fin. Sigamos caminando conjuntamente, etapa a etapa, hasta conseguir que desaparezcan todas las situaciones de excepci\u00f3n.<\/p>\n\n\n\n<p>Sonriamos, pero para seguir trabajando sin dar un paso atr\u00e1s. Disfrutemos de las fiestas, pero sin olvidar nuestras reivindicaciones, para seguir sumando fuerzas. Y, para ello, tenemos una fecha muy importante: el 8 de octubre. Ese d\u00eda, Donostia tiene que qued\u00e1rsenos peque\u00f1a. A la ma\u00f1ana, para recorrer los \u00faltimos kil\u00f3metros, reivindicando que el camino de vuelta a casa est\u00e1 cerca. Y, despu\u00e9s, como hoy, abordando nuevas etapas en ambiente festivo, todas juntas y todos juntos.<\/p>\n\n\n\n<p><strong>Sigamos trabajando de manera conjunta como hasta ahora. Lortuko dugu!!<\/strong><\/p>\n","protected":false},"excerpt":{"rendered":"<p>Antes de nada, muchas gracias a todas y a todos por acercaros hoy aqu\u00ed y por dejar un espacio para la reivindicaci\u00f3n dentro de la fiesta. Muchas gracias especialmente a [&hellip;]<\/p>\n","protected":false},"author":2,"featured_media":3788,"comment_status":"closed","ping_status":"closed","sticky":false,"template":"","format":"standard","meta":{"_acf_changed":false,"_et_pb_use_builder":"off","_et_pb_old_content":"","_et_gb_content_width":"","footnotes":""},"categories":[60],"tags":[],"class_list":["post-3782","post","type-post","status-publish","format-standard","has-post-thumbnail","hentry","category-etxera-es","et-has-post-format-content","et_post_format-et-post-format-standard"],"acf":[],"yoast_head":"<!-- This site is optimized with the Yoast SEO plugin v26.4 - https:\/\/yoast.com\/wordpress\/plugins\/seo\/ -->\n<title>Manifestaci\u00f3n en la semana grande de Donostia bajo el lema &quot;Etxe bidea gertu&quot; - Sare Herritarra<\/title>\n<meta name=\"robots\" content=\"index, follow, max-snippet:-1, max-image-preview:large, max-video-preview:-1\" \/>\n<link rel=\"canonical\" href=\"https:\/\/sare.eus\/es\/donostiako-aste-nagusian-ere-manifestazioa-etxera-bidea-gertu-lelopean\/\" \/>\n<meta property=\"og:locale\" content=\"es_ES\" \/>\n<meta property=\"og:type\" content=\"article\" \/>\n<meta property=\"og:title\" content=\"Manifestaci\u00f3n en la semana grande de Donostia bajo el lema &quot;Etxe bidea gertu&quot; - Sare Herritarra\" \/>\n<meta property=\"og:description\" content=\"Antes de nada, muchas gracias a todas y a todos por acercaros hoy aqu\u00ed y por dejar un espacio para la reivindicaci\u00f3n dentro de la fiesta. Muchas gracias especialmente a [&hellip;]\" \/>\n<meta property=\"og:url\" content=\"https:\/\/sare.eus\/es\/donostiako-aste-nagusian-ere-manifestazioa-etxera-bidea-gertu-lelopean\/\" \/>\n<meta property=\"og:site_name\" content=\"Sare Herritarra\" \/>\n<meta property=\"article:published_time\" content=\"2022-08-19T18:15:56+00:00\" \/>\n<meta property=\"article:modified_time\" content=\"2022-08-19T18:19:56+00:00\" \/>\n<meta property=\"og:image\" content=\"https:\/\/sare.eus\/wp-content\/uploads\/2022\/08\/IMG_20220820_132215_029.jpg\" \/>\n\t<meta property=\"og:image:width\" content=\"1280\" \/>\n\t<meta property=\"og:image:height\" content=\"1083\" \/>\n\t<meta property=\"og:image:type\" content=\"image\/jpeg\" \/>\n<meta name=\"author\" content=\"sare\" \/>\n<meta name=\"twitter:card\" content=\"summary_large_image\" \/>\n<meta name=\"twitter:label1\" content=\"Escrito por\" \/>\n\t<meta name=\"twitter:data1\" content=\"sare\" \/>\n\t<meta name=\"twitter:label2\" content=\"Tiempo de lectura\" \/>\n\t<meta name=\"twitter:data2\" content=\"3 minutos\" \/>\n<script type=\"application\/ld+json\" class=\"yoast-schema-graph\">{\"@context\":\"https:\/\/schema.org\",\"@graph\":[{\"@type\":\"Article\",\"@id\":\"https:\/\/sare.eus\/es\/donostiako-aste-nagusian-ere-manifestazioa-etxera-bidea-gertu-lelopean\/#article\",\"isPartOf\":{\"@id\":\"https:\/\/sare.eus\/es\/donostiako-aste-nagusian-ere-manifestazioa-etxera-bidea-gertu-lelopean\/\"},\"author\":{\"name\":\"sare\",\"@id\":\"https:\/\/sare.eus\/#\/schema\/person\/2fe6d0df294f56313d3ab236dbe38e17\"},\"headline\":\"Manifestaci\u00f3n en la semana grande de Donostia bajo el lema \u00abEtxe bidea gertu\u00bb\",\"datePublished\":\"2022-08-19T18:15:56+00:00\",\"dateModified\":\"2022-08-19T18:19:56+00:00\",\"mainEntityOfPage\":{\"@id\":\"https:\/\/sare.eus\/es\/donostiako-aste-nagusian-ere-manifestazioa-etxera-bidea-gertu-lelopean\/\"},\"wordCount\":595,\"publisher\":{\"@id\":\"https:\/\/sare.eus\/#organization\"},\"image\":{\"@id\":\"https:\/\/sare.eus\/es\/donostiako-aste-nagusian-ere-manifestazioa-etxera-bidea-gertu-lelopean\/#primaryimage\"},\"thumbnailUrl\":\"https:\/\/sare.eus\/wp-content\/uploads\/2022\/08\/IMG_20220820_132215_029.jpg\",\"articleSection\":[\"Etxera\"],\"inLanguage\":\"es\"},{\"@type\":\"WebPage\",\"@id\":\"https:\/\/sare.eus\/es\/donostiako-aste-nagusian-ere-manifestazioa-etxera-bidea-gertu-lelopean\/\",\"url\":\"https:\/\/sare.eus\/es\/donostiako-aste-nagusian-ere-manifestazioa-etxera-bidea-gertu-lelopean\/\",\"name\":\"Manifestaci\u00f3n en la semana grande de Donostia bajo el lema \\\"Etxe bidea gertu\\\" - Sare Herritarra\",\"isPartOf\":{\"@id\":\"https:\/\/sare.eus\/#website\"},\"primaryImageOfPage\":{\"@id\":\"https:\/\/sare.eus\/es\/donostiako-aste-nagusian-ere-manifestazioa-etxera-bidea-gertu-lelopean\/#primaryimage\"},\"image\":{\"@id\":\"https:\/\/sare.eus\/es\/donostiako-aste-nagusian-ere-manifestazioa-etxera-bidea-gertu-lelopean\/#primaryimage\"},\"thumbnailUrl\":\"https:\/\/sare.eus\/wp-content\/uploads\/2022\/08\/IMG_20220820_132215_029.jpg\",\"datePublished\":\"2022-08-19T18:15:56+00:00\",\"dateModified\":\"2022-08-19T18:19:56+00:00\",\"breadcrumb\":{\"@id\":\"https:\/\/sare.eus\/es\/donostiako-aste-nagusian-ere-manifestazioa-etxera-bidea-gertu-lelopean\/#breadcrumb\"},\"inLanguage\":\"es\",\"potentialAction\":[{\"@type\":\"ReadAction\",\"target\":[\"https:\/\/sare.eus\/es\/donostiako-aste-nagusian-ere-manifestazioa-etxera-bidea-gertu-lelopean\/\"]}]},{\"@type\":\"ImageObject\",\"inLanguage\":\"es\",\"@id\":\"https:\/\/sare.eus\/es\/donostiako-aste-nagusian-ere-manifestazioa-etxera-bidea-gertu-lelopean\/#primaryimage\",\"url\":\"https:\/\/sare.eus\/wp-content\/uploads\/2022\/08\/IMG_20220820_132215_029.jpg\",\"contentUrl\":\"https:\/\/sare.eus\/wp-content\/uploads\/2022\/08\/IMG_20220820_132215_029.jpg\",\"width\":1280,\"height\":1083},{\"@type\":\"BreadcrumbList\",\"@id\":\"https:\/\/sare.eus\/es\/donostiako-aste-nagusian-ere-manifestazioa-etxera-bidea-gertu-lelopean\/#breadcrumb\",\"itemListElement\":[{\"@type\":\"ListItem\",\"position\":1,\"name\":\"Home\",\"item\":\"https:\/\/sare.eus\/\"},{\"@type\":\"ListItem\",\"position\":2,\"name\":\"Manifestaci\u00f3n en la semana grande de Donostia bajo el lema \u00abEtxe bidea gertu\u00bb\"}]},{\"@type\":\"WebSite\",\"@id\":\"https:\/\/sare.eus\/#website\",\"url\":\"https:\/\/sare.eus\/\",\"name\":\"Sare Herritarra\",\"description\":\"KONPONBIDEAREN ETA GIZA ESKUBIDEEN ALDEKO SARE HERRITARRA\",\"publisher\":{\"@id\":\"https:\/\/sare.eus\/#organization\"},\"potentialAction\":[{\"@type\":\"SearchAction\",\"target\":{\"@type\":\"EntryPoint\",\"urlTemplate\":\"https:\/\/sare.eus\/?s={search_term_string}\"},\"query-input\":{\"@type\":\"PropertyValueSpecification\",\"valueRequired\":true,\"valueName\":\"search_term_string\"}}],\"inLanguage\":\"es\"},{\"@type\":\"Organization\",\"@id\":\"https:\/\/sare.eus\/#organization\",\"name\":\"Sare Herritarra\",\"url\":\"https:\/\/sare.eus\/\",\"logo\":{\"@type\":\"ImageObject\",\"inLanguage\":\"es\",\"@id\":\"https:\/\/sare.eus\/#\/schema\/logo\/image\/\",\"url\":\"https:\/\/sare.eus\/wp-content\/uploads\/2021\/08\/sare.png\",\"contentUrl\":\"https:\/\/sare.eus\/wp-content\/uploads\/2021\/08\/sare.png\",\"width\":120,\"height\":142,\"caption\":\"Sare Herritarra\"},\"image\":{\"@id\":\"https:\/\/sare.eus\/#\/schema\/logo\/image\/\"}},{\"@type\":\"Person\",\"@id\":\"https:\/\/sare.eus\/#\/schema\/person\/2fe6d0df294f56313d3ab236dbe38e17\",\"name\":\"sare\",\"image\":{\"@type\":\"ImageObject\",\"inLanguage\":\"es\",\"@id\":\"https:\/\/sare.eus\/#\/schema\/person\/image\/\",\"url\":\"https:\/\/secure.gravatar.com\/avatar\/77cad838677ceb1977e7b3c878b55eaa7fa4aae2158983063b047c3ad7ef2c25?s=96&d=mm&r=g\",\"contentUrl\":\"https:\/\/secure.gravatar.com\/avatar\/77cad838677ceb1977e7b3c878b55eaa7fa4aae2158983063b047c3ad7ef2c25?s=96&d=mm&r=g\",\"caption\":\"sare\"},\"url\":\"https:\/\/sare.eus\/es\/author\/sare\/\"}]}<\/script>\n<!-- \/ Yoast SEO plugin. -->","yoast_head_json":{"title":"Manifestaci\u00f3n en la semana grande de Donostia bajo el lema \"Etxe bidea gertu\" - Sare Herritarra","robots":{"index":"index","follow":"follow","max-snippet":"max-snippet:-1","max-image-preview":"max-image-preview:large","max-video-preview":"max-video-preview:-1"},"canonical":"https:\/\/sare.eus\/es\/donostiako-aste-nagusian-ere-manifestazioa-etxera-bidea-gertu-lelopean\/","og_locale":"es_ES","og_type":"article","og_title":"Manifestaci\u00f3n en la semana grande de Donostia bajo el lema \"Etxe bidea gertu\" - Sare Herritarra","og_description":"Antes de nada, muchas gracias a todas y a todos por acercaros hoy aqu\u00ed y por dejar un espacio para la reivindicaci\u00f3n dentro de la fiesta. Muchas gracias especialmente a [&hellip;]","og_url":"https:\/\/sare.eus\/es\/donostiako-aste-nagusian-ere-manifestazioa-etxera-bidea-gertu-lelopean\/","og_site_name":"Sare Herritarra","article_published_time":"2022-08-19T18:15:56+00:00","article_modified_time":"2022-08-19T18:19:56+00:00","og_image":[{"width":1280,"height":1083,"url":"https:\/\/sare.eus\/wp-content\/uploads\/2022\/08\/IMG_20220820_132215_029.jpg","type":"image\/jpeg"}],"author":"sare","twitter_card":"summary_large_image","twitter_misc":{"Escrito por":"sare","Tiempo de lectura":"3 minutos"},"schema":{"@context":"https:\/\/schema.org","@graph":[{"@type":"Article","@id":"https:\/\/sare.eus\/es\/donostiako-aste-nagusian-ere-manifestazioa-etxera-bidea-gertu-lelopean\/#article","isPartOf":{"@id":"https:\/\/sare.eus\/es\/donostiako-aste-nagusian-ere-manifestazioa-etxera-bidea-gertu-lelopean\/"},"author":{"name":"sare","@id":"https:\/\/sare.eus\/#\/schema\/person\/2fe6d0df294f56313d3ab236dbe38e17"},"headline":"Manifestaci\u00f3n en la semana grande de Donostia bajo el lema \u00abEtxe bidea gertu\u00bb","datePublished":"2022-08-19T18:15:56+00:00","dateModified":"2022-08-19T18:19:56+00:00","mainEntityOfPage":{"@id":"https:\/\/sare.eus\/es\/donostiako-aste-nagusian-ere-manifestazioa-etxera-bidea-gertu-lelopean\/"},"wordCount":595,"publisher":{"@id":"https:\/\/sare.eus\/#organization"},"image":{"@id":"https:\/\/sare.eus\/es\/donostiako-aste-nagusian-ere-manifestazioa-etxera-bidea-gertu-lelopean\/#primaryimage"},"thumbnailUrl":"https:\/\/sare.eus\/wp-content\/uploads\/2022\/08\/IMG_20220820_132215_029.jpg","articleSection":["Etxera"],"inLanguage":"es"},{"@type":"WebPage","@id":"https:\/\/sare.eus\/es\/donostiako-aste-nagusian-ere-manifestazioa-etxera-bidea-gertu-lelopean\/","url":"https:\/\/sare.eus\/es\/donostiako-aste-nagusian-ere-manifestazioa-etxera-bidea-gertu-lelopean\/","name":"Manifestaci\u00f3n en la semana grande de Donostia bajo el lema \"Etxe bidea gertu\" - Sare Herritarra","isPartOf":{"@id":"https:\/\/sare.eus\/#website"},"primaryImageOfPage":{"@id":"https:\/\/sare.eus\/es\/donostiako-aste-nagusian-ere-manifestazioa-etxera-bidea-gertu-lelopean\/#primaryimage"},"image":{"@id":"https:\/\/sare.eus\/es\/donostiako-aste-nagusian-ere-manifestazioa-etxera-bidea-gertu-lelopean\/#primaryimage"},"thumbnailUrl":"https:\/\/sare.eus\/wp-content\/uploads\/2022\/08\/IMG_20220820_132215_029.jpg","datePublished":"2022-08-19T18:15:56+00:00","dateModified":"2022-08-19T18:19:56+00:00","breadcrumb":{"@id":"https:\/\/sare.eus\/es\/donostiako-aste-nagusian-ere-manifestazioa-etxera-bidea-gertu-lelopean\/#breadcrumb"},"inLanguage":"es","potentialAction":[{"@type":"ReadAction","target":["https:\/\/sare.eus\/es\/donostiako-aste-nagusian-ere-manifestazioa-etxera-bidea-gertu-lelopean\/"]}]},{"@type":"ImageObject","inLanguage":"es","@id":"https:\/\/sare.eus\/es\/donostiako-aste-nagusian-ere-manifestazioa-etxera-bidea-gertu-lelopean\/#primaryimage","url":"https:\/\/sare.eus\/wp-content\/uploads\/2022\/08\/IMG_20220820_132215_029.jpg","contentUrl":"https:\/\/sare.eus\/wp-content\/uploads\/2022\/08\/IMG_20220820_132215_029.jpg","width":1280,"height":1083},{"@type":"BreadcrumbList","@id":"https:\/\/sare.eus\/es\/donostiako-aste-nagusian-ere-manifestazioa-etxera-bidea-gertu-lelopean\/#breadcrumb","itemListElement":[{"@type":"ListItem","position":1,"name":"Home","item":"https:\/\/sare.eus\/"},{"@type":"ListItem","position":2,"name":"Manifestaci\u00f3n en la semana grande de Donostia bajo el lema \u00abEtxe bidea gertu\u00bb"}]},{"@type":"WebSite","@id":"https:\/\/sare.eus\/#website","url":"https:\/\/sare.eus\/","name":"Sare Herritarra","description":"KONPONBIDEAREN ETA GIZA ESKUBIDEEN ALDEKO SARE HERRITARRA","publisher":{"@id":"https:\/\/sare.eus\/#organization"},"potentialAction":[{"@type":"SearchAction","target":{"@type":"EntryPoint","urlTemplate":"https:\/\/sare.eus\/?s={search_term_string}"},"query-input":{"@type":"PropertyValueSpecification","valueRequired":true,"valueName":"search_term_string"}}],"inLanguage":"es"},{"@type":"Organization","@id":"https:\/\/sare.eus\/#organization","name":"Sare Herritarra","url":"https:\/\/sare.eus\/","logo":{"@type":"ImageObject","inLanguage":"es","@id":"https:\/\/sare.eus\/#\/schema\/logo\/image\/","url":"https:\/\/sare.eus\/wp-content\/uploads\/2021\/08\/sare.png","contentUrl":"https:\/\/sare.eus\/wp-content\/uploads\/2021\/08\/sare.png","width":120,"height":142,"caption":"Sare Herritarra"},"image":{"@id":"https:\/\/sare.eus\/#\/schema\/logo\/image\/"}},{"@type":"Person","@id":"https:\/\/sare.eus\/#\/schema\/person\/2fe6d0df294f56313d3ab236dbe38e17","name":"sare","image":{"@type":"ImageObject","inLanguage":"es","@id":"https:\/\/sare.eus\/#\/schema\/person\/image\/","url":"https:\/\/secure.gravatar.com\/avatar\/77cad838677ceb1977e7b3c878b55eaa7fa4aae2158983063b047c3ad7ef2c25?s=96&d=mm&r=g","contentUrl":"https:\/\/secure.gravatar.com\/avatar\/77cad838677ceb1977e7b3c878b55eaa7fa4aae2158983063b047c3ad7ef2c25?s=96&d=mm&r=g","caption":"sare"},"url":"https:\/\/sare.eus\/es\/author\/sare\/"}]}},"_links":{"self":[{"href":"https:\/\/sare.eus\/es\/wp-json\/wp\/v2\/posts\/3782","targetHints":{"allow":["GET"]}}],"collection":[{"href":"https:\/\/sare.eus\/es\/wp-json\/wp\/v2\/posts"}],"about":[{"href":"https:\/\/sare.eus\/es\/wp-json\/wp\/v2\/types\/post"}],"author":[{"embeddable":true,"href":"https:\/\/sare.eus\/es\/wp-json\/wp\/v2\/users\/2"}],"replies":[{"embeddable":true,"href":"https:\/\/sare.eus\/es\/wp-json\/wp\/v2\/comments?post=3782"}],"version-history":[{"count":2,"href":"https:\/\/sare.eus\/es\/wp-json\/wp\/v2\/posts\/3782\/revisions"}],"predecessor-version":[{"id":3785,"href":"https:\/\/sare.eus\/es\/wp-json\/wp\/v2\/posts\/3782\/revisions\/3785"}],"wp:featuredmedia":[{"embeddable":true,"href":"https:\/\/sare.eus\/es\/wp-json\/wp\/v2\/media\/3788"}],"wp:attachment":[{"href":"https:\/\/sare.eus\/es\/wp-json\/wp\/v2\/media?parent=3782"}],"wp:term":[{"taxonomy":"category","embeddable":true,"href":"https:\/\/sare.eus\/es\/wp-json\/wp\/v2\/categories?post=3782"},{"taxonomy":"post_tag","embeddable":true,"href":"https:\/\/sare.eus\/es\/wp-json\/wp\/v2\/tags?post=3782"}],"curies":[{"name":"wp","href":"https:\/\/api.w.org\/{rel}","templated":true}]}}