{"id":3773,"date":"2022-08-16T09:05:44","date_gmt":"2022-08-16T09:05:44","guid":{"rendered":"https:\/\/sare.eus\/abuztuaren-26an-manifestazioa-bilbon\/"},"modified":"2022-08-16T09:14:16","modified_gmt":"2022-08-16T09:14:16","slug":"abuztuaren-26an-manifestazioa-bilbon","status":"publish","type":"post","link":"https:\/\/sare.eus\/es\/abuztuaren-26an-manifestazioa-bilbon\/","title":{"rendered":"Manifestaci\u00f3n del 26 de agosto en Bilbao"},"content":{"rendered":"\n<p>Una vez m\u00e1s nos encontramos aqu\u00ed para informar de la manifestaci\u00f3n que hemos organizado las comparsas de Bilbao y Sare herritarra dentro de la Aste Nagusia, bajo el lema etxera bidea gertu. Por desgracia, nos vemos en la obligaci\u00f3n de convocarla ya qye todav\u00eda queda mucho camino para conseguir la normalizaci\u00f3n de la situaci\u00f3n de las presas y de los presos y de las refugiadas y de los refugiados.<\/p>\n\n\n\n<p>Fundamentalmente estos \u00faltimos a\u00f1os se han dado pasos importantes para poner fin a las medidas de excepci\u00f3n, pero no han desaparecido todas. Hemos dejado atr\u00e1s el primer grado, el aislamiento y las c\u00e1rceles mas alejadas. Pero todav\u00eda quedan 58 presas y presos en c\u00e1rceles de Espa\u00f1a y de Francia, y esa es la primera petici\u00f3n que queremos destacar: todas y todos deber\u00edan estar en c\u00e1rceles de EH; es el principal paso para poner<br>fin al sufrimiento de familiares y amistades.<\/p>\n\n\n\n<p>Por otro lado, a muchas presas y a muchos presos se les niegan los permisos y el tercer grado a pesar de cumplir todos los requisitos para poder acceder a ellos. En este sentido, queremos reclamar que puedan recorrer el camino que les corresponde sin obst\u00e1culos y sin requisitos a\u00f1adidos, cumpliendo lo establecido por la legislaci\u00f3n vigente. Pedimos que desaparezcan las peticiones que no respetan la ley y que se les<br>apliquen las mismas condiciones que al resto de presas y presos. As\u00ed como que se avance en la resoluci\u00f3n de los casos de las personas refugiadas y deportadas.<\/p>\n\n\n\n<p>Por ello, el pr\u00f3ximo 26 de agosto, a las 13:00, partiremos en manifestaci\u00f3n desde la Plaza El\u00edptica, manifestaci\u00f3n a la que llaman las comparsas de Bilbao y Sare herritarra. Disfrutemos conjuntamente de las fiestas, pero sin olvidar la reivindicaci\u00f3n de sus derechos.<\/p>\n\n\n\n<figure class=\"wp-block-image size-large\"><img loading=\"lazy\" decoding=\"async\" width=\"724\" height=\"1024\" src=\"https:\/\/sare.eus\/wp-content\/uploads\/2022\/08\/AbuztuakSare_Bilbo_Mesa-de-trabajo-1-724x1024.jpg\" alt=\"\" class=\"wp-image-3769\" srcset=\"https:\/\/sare.eus\/wp-content\/uploads\/2022\/08\/AbuztuakSare_Bilbo_Mesa-de-trabajo-1-724x1024.jpg 724w, https:\/\/sare.eus\/wp-content\/uploads\/2022\/08\/AbuztuakSare_Bilbo_Mesa-de-trabajo-1-212x300.jpg 212w, https:\/\/sare.eus\/wp-content\/uploads\/2022\/08\/AbuztuakSare_Bilbo_Mesa-de-trabajo-1-768x1086.jpg 768w, https:\/\/sare.eus\/wp-content\/uploads\/2022\/08\/AbuztuakSare_Bilbo_Mesa-de-trabajo-1.jpg 842w\" sizes=\"(max-width: 724px) 100vw, 724px\" \/><\/figure>\n","protected":false},"excerpt":{"rendered":"<p>Una vez m\u00e1s nos encontramos aqu\u00ed para informar de la manifestaci\u00f3n que hemos organizado las comparsas de Bilbao y Sare herritarra dentro de la Aste Nagusia, bajo el lema etxera [&hellip;]<\/p>\n","protected":false},"author":2,"featured_media":3778,"comment_status":"closed","ping_status":"closed","sticky":false,"template":"","format":"standard","meta":{"_acf_changed":false,"_et_pb_use_builder":"off","_et_pb_old_content":"","_et_gb_content_width":"","footnotes":""},"categories":[60],"tags":[],"class_list":["post-3773","post","type-post","status-publish","format-standard","has-post-thumbnail","hentry","category-etxera-es","et-has-post-format-content","et_post_format-et-post-format-standard"],"acf":[],"yoast_head":"<!-- This site is optimized with the Yoast SEO plugin v26.4 - https:\/\/yoast.com\/wordpress\/plugins\/seo\/ -->\n<title>Manifestaci\u00f3n del 26 de agosto en Bilbao - Sare Herritarra<\/title>\n<meta name=\"robots\" content=\"index, follow, max-snippet:-1, max-image-preview:large, max-video-preview:-1\" \/>\n<link rel=\"canonical\" href=\"https:\/\/sare.eus\/es\/abuztuaren-26an-manifestazioa-bilbon\/\" \/>\n<meta property=\"og:locale\" content=\"es_ES\" \/>\n<meta property=\"og:type\" content=\"article\" \/>\n<meta property=\"og:title\" content=\"Manifestaci\u00f3n del 26 de agosto en Bilbao - Sare Herritarra\" \/>\n<meta property=\"og:description\" content=\"Una vez m\u00e1s nos encontramos aqu\u00ed para informar de la manifestaci\u00f3n que hemos organizado las comparsas de Bilbao y Sare herritarra dentro de la Aste Nagusia, bajo el lema etxera [&hellip;]\" \/>\n<meta property=\"og:url\" content=\"https:\/\/sare.eus\/es\/abuztuaren-26an-manifestazioa-bilbon\/\" \/>\n<meta property=\"og:site_name\" content=\"Sare Herritarra\" \/>\n<meta property=\"article:published_time\" content=\"2022-08-16T09:05:44+00:00\" \/>\n<meta property=\"article:modified_time\" content=\"2022-08-16T09:14:16+00:00\" \/>\n<meta property=\"og:image\" content=\"https:\/\/sare.eus\/wp-content\/uploads\/2022\/08\/IMG_20220817_112258_401.jpg\" \/>\n\t<meta property=\"og:image:width\" content=\"958\" \/>\n\t<meta property=\"og:image:height\" content=\"680\" \/>\n\t<meta property=\"og:image:type\" content=\"image\/jpeg\" \/>\n<meta name=\"author\" content=\"sare\" \/>\n<meta name=\"twitter:card\" content=\"summary_large_image\" \/>\n<meta name=\"twitter:label1\" content=\"Escrito por\" \/>\n\t<meta name=\"twitter:data1\" content=\"sare\" \/>\n\t<meta name=\"twitter:label2\" content=\"Tiempo de lectura\" \/>\n\t<meta name=\"twitter:data2\" content=\"2 minutos\" \/>\n<script type=\"application\/ld+json\" class=\"yoast-schema-graph\">{\"@context\":\"https:\/\/schema.org\",\"@graph\":[{\"@type\":\"Article\",\"@id\":\"https:\/\/sare.eus\/es\/abuztuaren-26an-manifestazioa-bilbon\/#article\",\"isPartOf\":{\"@id\":\"https:\/\/sare.eus\/es\/abuztuaren-26an-manifestazioa-bilbon\/\"},\"author\":{\"name\":\"sare\",\"@id\":\"https:\/\/sare.eus\/#\/schema\/person\/2fe6d0df294f56313d3ab236dbe38e17\"},\"headline\":\"Manifestaci\u00f3n del 26 de agosto en Bilbao\",\"datePublished\":\"2022-08-16T09:05:44+00:00\",\"dateModified\":\"2022-08-16T09:14:16+00:00\",\"mainEntityOfPage\":{\"@id\":\"https:\/\/sare.eus\/es\/abuztuaren-26an-manifestazioa-bilbon\/\"},\"wordCount\":317,\"publisher\":{\"@id\":\"https:\/\/sare.eus\/#organization\"},\"image\":{\"@id\":\"https:\/\/sare.eus\/es\/abuztuaren-26an-manifestazioa-bilbon\/#primaryimage\"},\"thumbnailUrl\":\"https:\/\/sare.eus\/wp-content\/uploads\/2022\/08\/IMG_20220817_112258_401.jpg\",\"articleSection\":[\"Etxera\"],\"inLanguage\":\"es\"},{\"@type\":\"WebPage\",\"@id\":\"https:\/\/sare.eus\/es\/abuztuaren-26an-manifestazioa-bilbon\/\",\"url\":\"https:\/\/sare.eus\/es\/abuztuaren-26an-manifestazioa-bilbon\/\",\"name\":\"Manifestaci\u00f3n del 26 de agosto en Bilbao - Sare Herritarra\",\"isPartOf\":{\"@id\":\"https:\/\/sare.eus\/#website\"},\"primaryImageOfPage\":{\"@id\":\"https:\/\/sare.eus\/es\/abuztuaren-26an-manifestazioa-bilbon\/#primaryimage\"},\"image\":{\"@id\":\"https:\/\/sare.eus\/es\/abuztuaren-26an-manifestazioa-bilbon\/#primaryimage\"},\"thumbnailUrl\":\"https:\/\/sare.eus\/wp-content\/uploads\/2022\/08\/IMG_20220817_112258_401.jpg\",\"datePublished\":\"2022-08-16T09:05:44+00:00\",\"dateModified\":\"2022-08-16T09:14:16+00:00\",\"breadcrumb\":{\"@id\":\"https:\/\/sare.eus\/es\/abuztuaren-26an-manifestazioa-bilbon\/#breadcrumb\"},\"inLanguage\":\"es\",\"potentialAction\":[{\"@type\":\"ReadAction\",\"target\":[\"https:\/\/sare.eus\/es\/abuztuaren-26an-manifestazioa-bilbon\/\"]}]},{\"@type\":\"ImageObject\",\"inLanguage\":\"es\",\"@id\":\"https:\/\/sare.eus\/es\/abuztuaren-26an-manifestazioa-bilbon\/#primaryimage\",\"url\":\"https:\/\/sare.eus\/wp-content\/uploads\/2022\/08\/IMG_20220817_112258_401.jpg\",\"contentUrl\":\"https:\/\/sare.eus\/wp-content\/uploads\/2022\/08\/IMG_20220817_112258_401.jpg\",\"width\":958,\"height\":680},{\"@type\":\"BreadcrumbList\",\"@id\":\"https:\/\/sare.eus\/es\/abuztuaren-26an-manifestazioa-bilbon\/#breadcrumb\",\"itemListElement\":[{\"@type\":\"ListItem\",\"position\":1,\"name\":\"Home\",\"item\":\"https:\/\/sare.eus\/\"},{\"@type\":\"ListItem\",\"position\":2,\"name\":\"Manifestaci\u00f3n del 26 de agosto en Bilbao\"}]},{\"@type\":\"WebSite\",\"@id\":\"https:\/\/sare.eus\/#website\",\"url\":\"https:\/\/sare.eus\/\",\"name\":\"Sare Herritarra\",\"description\":\"KONPONBIDEAREN ETA GIZA ESKUBIDEEN ALDEKO SARE HERRITARRA\",\"publisher\":{\"@id\":\"https:\/\/sare.eus\/#organization\"},\"potentialAction\":[{\"@type\":\"SearchAction\",\"target\":{\"@type\":\"EntryPoint\",\"urlTemplate\":\"https:\/\/sare.eus\/?s={search_term_string}\"},\"query-input\":{\"@type\":\"PropertyValueSpecification\",\"valueRequired\":true,\"valueName\":\"search_term_string\"}}],\"inLanguage\":\"es\"},{\"@type\":\"Organization\",\"@id\":\"https:\/\/sare.eus\/#organization\",\"name\":\"Sare Herritarra\",\"url\":\"https:\/\/sare.eus\/\",\"logo\":{\"@type\":\"ImageObject\",\"inLanguage\":\"es\",\"@id\":\"https:\/\/sare.eus\/#\/schema\/logo\/image\/\",\"url\":\"https:\/\/sare.eus\/wp-content\/uploads\/2021\/08\/sare.png\",\"contentUrl\":\"https:\/\/sare.eus\/wp-content\/uploads\/2021\/08\/sare.png\",\"width\":120,\"height\":142,\"caption\":\"Sare Herritarra\"},\"image\":{\"@id\":\"https:\/\/sare.eus\/#\/schema\/logo\/image\/\"}},{\"@type\":\"Person\",\"@id\":\"https:\/\/sare.eus\/#\/schema\/person\/2fe6d0df294f56313d3ab236dbe38e17\",\"name\":\"sare\",\"image\":{\"@type\":\"ImageObject\",\"inLanguage\":\"es\",\"@id\":\"https:\/\/sare.eus\/#\/schema\/person\/image\/\",\"url\":\"https:\/\/secure.gravatar.com\/avatar\/77cad838677ceb1977e7b3c878b55eaa7fa4aae2158983063b047c3ad7ef2c25?s=96&d=mm&r=g\",\"contentUrl\":\"https:\/\/secure.gravatar.com\/avatar\/77cad838677ceb1977e7b3c878b55eaa7fa4aae2158983063b047c3ad7ef2c25?s=96&d=mm&r=g\",\"caption\":\"sare\"},\"url\":\"https:\/\/sare.eus\/es\/author\/sare\/\"}]}<\/script>\n<!-- \/ Yoast SEO plugin. -->","yoast_head_json":{"title":"Manifestaci\u00f3n del 26 de agosto en Bilbao - Sare Herritarra","robots":{"index":"index","follow":"follow","max-snippet":"max-snippet:-1","max-image-preview":"max-image-preview:large","max-video-preview":"max-video-preview:-1"},"canonical":"https:\/\/sare.eus\/es\/abuztuaren-26an-manifestazioa-bilbon\/","og_locale":"es_ES","og_type":"article","og_title":"Manifestaci\u00f3n del 26 de agosto en Bilbao - Sare Herritarra","og_description":"Una vez m\u00e1s nos encontramos aqu\u00ed para informar de la manifestaci\u00f3n que hemos organizado las comparsas de Bilbao y Sare herritarra dentro de la Aste Nagusia, bajo el lema etxera [&hellip;]","og_url":"https:\/\/sare.eus\/es\/abuztuaren-26an-manifestazioa-bilbon\/","og_site_name":"Sare Herritarra","article_published_time":"2022-08-16T09:05:44+00:00","article_modified_time":"2022-08-16T09:14:16+00:00","og_image":[{"width":958,"height":680,"url":"https:\/\/sare.eus\/wp-content\/uploads\/2022\/08\/IMG_20220817_112258_401.jpg","type":"image\/jpeg"}],"author":"sare","twitter_card":"summary_large_image","twitter_misc":{"Escrito por":"sare","Tiempo de lectura":"2 minutos"},"schema":{"@context":"https:\/\/schema.org","@graph":[{"@type":"Article","@id":"https:\/\/sare.eus\/es\/abuztuaren-26an-manifestazioa-bilbon\/#article","isPartOf":{"@id":"https:\/\/sare.eus\/es\/abuztuaren-26an-manifestazioa-bilbon\/"},"author":{"name":"sare","@id":"https:\/\/sare.eus\/#\/schema\/person\/2fe6d0df294f56313d3ab236dbe38e17"},"headline":"Manifestaci\u00f3n del 26 de agosto en Bilbao","datePublished":"2022-08-16T09:05:44+00:00","dateModified":"2022-08-16T09:14:16+00:00","mainEntityOfPage":{"@id":"https:\/\/sare.eus\/es\/abuztuaren-26an-manifestazioa-bilbon\/"},"wordCount":317,"publisher":{"@id":"https:\/\/sare.eus\/#organization"},"image":{"@id":"https:\/\/sare.eus\/es\/abuztuaren-26an-manifestazioa-bilbon\/#primaryimage"},"thumbnailUrl":"https:\/\/sare.eus\/wp-content\/uploads\/2022\/08\/IMG_20220817_112258_401.jpg","articleSection":["Etxera"],"inLanguage":"es"},{"@type":"WebPage","@id":"https:\/\/sare.eus\/es\/abuztuaren-26an-manifestazioa-bilbon\/","url":"https:\/\/sare.eus\/es\/abuztuaren-26an-manifestazioa-bilbon\/","name":"Manifestaci\u00f3n del 26 de agosto en Bilbao - Sare Herritarra","isPartOf":{"@id":"https:\/\/sare.eus\/#website"},"primaryImageOfPage":{"@id":"https:\/\/sare.eus\/es\/abuztuaren-26an-manifestazioa-bilbon\/#primaryimage"},"image":{"@id":"https:\/\/sare.eus\/es\/abuztuaren-26an-manifestazioa-bilbon\/#primaryimage"},"thumbnailUrl":"https:\/\/sare.eus\/wp-content\/uploads\/2022\/08\/IMG_20220817_112258_401.jpg","datePublished":"2022-08-16T09:05:44+00:00","dateModified":"2022-08-16T09:14:16+00:00","breadcrumb":{"@id":"https:\/\/sare.eus\/es\/abuztuaren-26an-manifestazioa-bilbon\/#breadcrumb"},"inLanguage":"es","potentialAction":[{"@type":"ReadAction","target":["https:\/\/sare.eus\/es\/abuztuaren-26an-manifestazioa-bilbon\/"]}]},{"@type":"ImageObject","inLanguage":"es","@id":"https:\/\/sare.eus\/es\/abuztuaren-26an-manifestazioa-bilbon\/#primaryimage","url":"https:\/\/sare.eus\/wp-content\/uploads\/2022\/08\/IMG_20220817_112258_401.jpg","contentUrl":"https:\/\/sare.eus\/wp-content\/uploads\/2022\/08\/IMG_20220817_112258_401.jpg","width":958,"height":680},{"@type":"BreadcrumbList","@id":"https:\/\/sare.eus\/es\/abuztuaren-26an-manifestazioa-bilbon\/#breadcrumb","itemListElement":[{"@type":"ListItem","position":1,"name":"Home","item":"https:\/\/sare.eus\/"},{"@type":"ListItem","position":2,"name":"Manifestaci\u00f3n del 26 de agosto en Bilbao"}]},{"@type":"WebSite","@id":"https:\/\/sare.eus\/#website","url":"https:\/\/sare.eus\/","name":"Sare Herritarra","description":"KONPONBIDEAREN ETA GIZA ESKUBIDEEN ALDEKO SARE HERRITARRA","publisher":{"@id":"https:\/\/sare.eus\/#organization"},"potentialAction":[{"@type":"SearchAction","target":{"@type":"EntryPoint","urlTemplate":"https:\/\/sare.eus\/?s={search_term_string}"},"query-input":{"@type":"PropertyValueSpecification","valueRequired":true,"valueName":"search_term_string"}}],"inLanguage":"es"},{"@type":"Organization","@id":"https:\/\/sare.eus\/#organization","name":"Sare Herritarra","url":"https:\/\/sare.eus\/","logo":{"@type":"ImageObject","inLanguage":"es","@id":"https:\/\/sare.eus\/#\/schema\/logo\/image\/","url":"https:\/\/sare.eus\/wp-content\/uploads\/2021\/08\/sare.png","contentUrl":"https:\/\/sare.eus\/wp-content\/uploads\/2021\/08\/sare.png","width":120,"height":142,"caption":"Sare Herritarra"},"image":{"@id":"https:\/\/sare.eus\/#\/schema\/logo\/image\/"}},{"@type":"Person","@id":"https:\/\/sare.eus\/#\/schema\/person\/2fe6d0df294f56313d3ab236dbe38e17","name":"sare","image":{"@type":"ImageObject","inLanguage":"es","@id":"https:\/\/sare.eus\/#\/schema\/person\/image\/","url":"https:\/\/secure.gravatar.com\/avatar\/77cad838677ceb1977e7b3c878b55eaa7fa4aae2158983063b047c3ad7ef2c25?s=96&d=mm&r=g","contentUrl":"https:\/\/secure.gravatar.com\/avatar\/77cad838677ceb1977e7b3c878b55eaa7fa4aae2158983063b047c3ad7ef2c25?s=96&d=mm&r=g","caption":"sare"},"url":"https:\/\/sare.eus\/es\/author\/sare\/"}]}},"_links":{"self":[{"href":"https:\/\/sare.eus\/es\/wp-json\/wp\/v2\/posts\/3773","targetHints":{"allow":["GET"]}}],"collection":[{"href":"https:\/\/sare.eus\/es\/wp-json\/wp\/v2\/posts"}],"about":[{"href":"https:\/\/sare.eus\/es\/wp-json\/wp\/v2\/types\/post"}],"author":[{"embeddable":true,"href":"https:\/\/sare.eus\/es\/wp-json\/wp\/v2\/users\/2"}],"replies":[{"embeddable":true,"href":"https:\/\/sare.eus\/es\/wp-json\/wp\/v2\/comments?post=3773"}],"version-history":[{"count":3,"href":"https:\/\/sare.eus\/es\/wp-json\/wp\/v2\/posts\/3773\/revisions"}],"predecessor-version":[{"id":3776,"href":"https:\/\/sare.eus\/es\/wp-json\/wp\/v2\/posts\/3773\/revisions\/3776"}],"wp:featuredmedia":[{"embeddable":true,"href":"https:\/\/sare.eus\/es\/wp-json\/wp\/v2\/media\/3778"}],"wp:attachment":[{"href":"https:\/\/sare.eus\/es\/wp-json\/wp\/v2\/media?parent=3773"}],"wp:term":[{"taxonomy":"category","embeddable":true,"href":"https:\/\/sare.eus\/es\/wp-json\/wp\/v2\/categories?post=3773"},{"taxonomy":"post_tag","embeddable":true,"href":"https:\/\/sare.eus\/es\/wp-json\/wp\/v2\/tags?post=3773"}],"curies":[{"name":"wp","href":"https:\/\/api.w.org\/{rel}","templated":true}]}}