{"id":3759,"date":"2022-08-12T09:20:37","date_gmt":"2022-08-12T09:20:37","guid":{"rendered":"https:\/\/sare.eus\/?p=3759"},"modified":"2022-08-12T09:29:04","modified_gmt":"2022-08-12T09:29:04","slug":"sare-herritarra-2021eko-uztailaren-1etik-2022ko-abuztuaren-1era-bitarteko-balantzea","status":"publish","type":"post","link":"https:\/\/sare.eus\/es\/sare-herritarra-2021eko-uztailaren-1etik-2022ko-abuztuaren-1era-bitarteko-balantzea\/","title":{"rendered":"RED CIUDADANA SARE &#8211; Balance desde el 01 de Julio de 2021 al 01 de Agosto de 2022"},"content":{"rendered":"\n<p>El objetivo de esta comparecencia es, al igual que otros a\u00f1os, realizar una valoraci\u00f3n sobre la situaci\u00f3n actual de los presos y presas vascos.<\/p>\n\n\n\n<p>Hace ahora un a\u00f1o, por estas fechas, nos encontr\u00e1bamos en una situaci\u00f3n que nos invitaba a ser optimistas, pues se acababa una especie de primera parte de la pol\u00edtica de alejamiento, con todos los presos\/as vascos, m\u00e1s cerca.<\/p>\n\n\n\n<p>Objetivamente, debemos indicar que desde el 1 de julio del pasado a\u00f1o, fecha en la que se puso fin al uso de las c\u00e1rceles de Andaluc\u00eda, Pa\u00eds Valenci\u00e0, Murcia y Galicia, las m\u00e1s alejadas, como lugar de ubicaci\u00f3n de los presos vascos, se ha producido una evoluci\u00f3n si bien lenta, pero positiva, con aut\u00e9nticos parones y m\u00e1s recientemente nuevos movimientos, que nos permiten albergar la esperanza de que lleguemos a este KM 0 en los pr\u00f3ximos meses, y de que una parte importante de estos presos\/as, se encuentren ya ubicados en centros penitenciarios de Euskal Herria.<\/p>\n\n\n\n<p>La experiencia nos est\u00e1 demostrando que estos movimientos que dependen de la Administraci\u00f3n Penitenciaria espa\u00f1ola se atascan, por lo que es necesario continuar insistiendo y empujando para que lo que ahora ya la inmensa mayor\u00eda pol\u00edtica entiende que era un derecho indubitado: el de cumplir las penas en las c\u00e1rceles m\u00e1s cercanas al domicilio de cada cual, se acabe respetando de manera absoluta y urgente.<\/p>\n\n\n\n<p>Porque no es menos cierto que cuatro a\u00f1os despu\u00e9s de que el presidente del Gobierno anunciara un cambio de la pol\u00edtica penitenciaria y el fin del alejamiento, a\u00fan un 28% de estos presos, 47 personas, se encuentran ubicados lejos de sus casas.<\/p>\n\n\n\n<p>Esta es la situaci\u00f3n:<\/p>\n\n\n\n<p><strong>Tomando como referencia de origen, Gasteiz<\/strong><\/p>\n\n\n\n<p><strong>. 2 Villabona (350 km)<br><\/strong>.<strong> 1 Burgos (115 km)<br>. 2 Daroca (350 km)<br>. 8 Dueso (130 km)<br>. 8 Due\u00f1as (210 km)<br>. Le\u00f3n (295 km)<\/strong><\/p>\n\n\n\n<ul class=\"wp-block-list\"><li><strong>2 Estremera (380 km)<\/strong><\/li><li><strong>2 Soria (195 km)<\/strong><\/li><li><strong>3 Topas (355 km)<\/strong><\/li><li><strong>4 Zuera (290 km)<\/strong><\/li><\/ul>\n\n\n\n<p>Todos estos kil\u00f3metros para solo unos 40 minutos de visita.<\/p>\n\n\n\n<p>Por tanto, a\u00fan, desgraciadamente, no podemos decir que la pol\u00edtica de alejamiento haya finalizado.<\/p>\n\n\n\n<p>Sin embargo, nuestra esperanza es que este a\u00f1o podamos cerrar este cap\u00edtulo nefasto de vulneraci\u00f3n de derechos de presos y familiares y podamos dedicar nuestros esfuerzos a otros objetivos que m\u00e1s adelante comentaremos.<\/p>\n\n\n\n<p>En este balance no podemos olvidar la situaci\u00f3n de los presos y presas vascas en c\u00e1rceles francesas. La situaci\u00f3n de estos 20 presos\/as, en algunos casos, con cadenas perpetuas, es tambi\u00e9n denunciable y as\u00ed lo est\u00e1n haciendo nuestros compa\u00f1eros de Bake Bidean junto con los Artesanos de la Paz.<\/p>\n\n\n\n<p>Como bien conocen ustedes, cuando hablamos de vulneraciones de derechos o pol\u00edticas penitenciarias de excepci\u00f3n no nos referimos solo al alejamiento. Hay otras formas de vulneraciones de derechos e incumplimientos de la Ley General Penitenciaria, de sus normas y reglamentos. Hoy, la excepcionalidad contin\u00faa siendo la norma de actuaci\u00f3n de la Administraci\u00f3n penitenciaria.<\/p>\n\n\n\n<p>Porque este a\u00f1o nos est\u00e1 ense\u00f1ando su peor cara en el otro aspecto de nuestro trabajo: conseguir que los presos\/as vascos, puedan abordar su vuelta a la sociedad o, con m\u00e1s precisi\u00f3n, su vuelta a casa, de acuerdo con la legislaci\u00f3n ordinaria, sin quedarse atrapados en esa tela de ara\u00f1a que es la legislaci\u00f3n de excepci\u00f3n.<\/p>\n\n\n\n<p>Ha sido un a\u00f1o desesperante, aunque se han dado t\u00edmidos pasos. Algunas de estas personas han conseguido entrar en el r\u00e9gimen de permisos y otras han avanzado m\u00e1s y han sido progresadas al tercer grado, o a alguna forma de cumplimiento en semilibertad, que necesariamente debemos valorar positivamente.<\/p>\n\n\n\n<p>El problema se presenta cuando este proceso de vuelta a casa se ve interferido por la acci\u00f3n de diferentes \u00f3rganos y administraciones, y todo ello precisamente por la existencia de esa legislaci\u00f3n excepcional en la que juega un papel determinante la Audiencia Nacional, con tres instancias en cuyas manos acaba todo: La fiscal\u00eda de la AN; el Juzgado Central de Vigilancia Penitenciaria y la Sala de lo Penal de la AN.<\/p>\n\n\n\n<p>Estas tres instancias judiciales, con alguna matizaci\u00f3n, est\u00e1n ancladas en una posici\u00f3n de bloqueo de cualquier avance hacia la normalidad. Los tribunales deber\u00edan ser los garantes de los derechos de la ciudadan\u00eda, tambi\u00e9n de los derechos de las personas en prisi\u00f3n, pero no est\u00e1n jugando este papel.<\/p>\n\n\n\n<p>De manera muy resumida, existe una cerraz\u00f3n ante la posibilidad de que las personas presas puedan disfrutar de permisos, cerraz\u00f3n tambi\u00e9n ante la posibilidad de que estas personas puedan progresar a este r\u00e9gimen de semilibertad y cerraz\u00f3n ante la posibilidad de que se recorten las penas como consecuencia de los beneficios penitenciarios a los que todo preso o presa tiene derecho.<\/p>\n\n\n\n<p>Como dato objetivo y atendiendo al tiempo cumplido en prisi\u00f3n, el 90% de los presos y presas vascos est\u00e1 en situaci\u00f3n de disfrutar de permisos penitenciarios y, sin embargo, no m\u00e1s de 30 lo est\u00e1n haciendo.<\/p>\n\n\n\n<p>Lo mismo, con las progresiones a tercer grado y a la semilibertad: unos 80 presos\/as, est\u00e1n en condiciones, por el tiempo de privaci\u00f3n de libertad cumplido y, por el contrario, no m\u00e1s de 20 est\u00e1n en esta situaci\u00f3n.<\/p>\n\n\n\n<p>Ser\u00eda una ingenuidad interpretar que esta situaci\u00f3n se debe a razones jur\u00eddicas.<\/p>\n\n\n\n<p>Esto se est\u00e1 haciendo desde el impulso pol\u00edtico en los \u00f3rganos judiciales y tal como dec\u00edamos hace unos d\u00edas, debido a que la Audiencia Nacional se ha convertido en el \u00f3rgano jur\u00eddico de la extrema derecha pol\u00edtica.<\/p>\n\n\n\n<p>Y esta cerraz\u00f3n y politizaci\u00f3n de la justicia se produce desde instancias judiciales situadas a 400 km de Euskal Herria y controladas por jueces y fiscales de un \u00f3rgano judicial de excepci\u00f3n. Jueces y fiscales que no conocen este pa\u00eds, que no conocen el sentir de la sociedad vasca y que desoyen las recomendaciones y las propuestas que les hacen las Juntas de Tratamiento, las direcciones de las c\u00e1rceles, los t\u00e9cnicos y las personas que conocen la evoluci\u00f3n de los presos y presas vascos. Sistem\u00e1ticamente se recurren por parte de la fiscal\u00eda las decisiones que toman quienes est\u00e1n m\u00e1s cerca en el d\u00eda a d\u00eda de estos presos y presas, llegando incluso a suspender la libertad reconocida por la Administraci\u00f3n Penitenciaria, antes de que se apruebe o no el recurso de la Fiscal\u00eda.<\/p>\n\n\n\n<p>Esta forma de intervenci\u00f3n de los poderes p\u00fablicos la calificamos, sin ambages, como cruel e ilegal.<\/p>\n\n\n\n<p>La calidad democr\u00e1tica de un pa\u00eds tiene un \u00edndice de caracterizaci\u00f3n precisamente por la forma en que trata a las personas en prisi\u00f3n. Y no es precisamente el Estado espa\u00f1ol el que puede dar lecciones de calidad democr\u00e1tica en este \u00e1mbito.<\/p>\n\n\n\n<p>En este sentido, desde la Red Ciudadana SARE debemos reconocer como positivo que desde esta otra instancia, desde quienes est\u00e1n m\u00e1s cerca de estos presos\/as, se hagan esfuerzos para evitar las nefastas consecuencias de la legislaci\u00f3n de excepci\u00f3n. Legislaci\u00f3n esta, que o es interpretada de manera radicalmente diferente o es derogada, puesto que, de otra manera, ser\u00e1 imposible que algunas de estas personas logren salir vivas a la calle.<\/p>\n\n\n\n<p>Frente a la venganza y los criterios pol\u00edticos, es necesario que se apliquen criterios de estricta justicia, de modo que las personas que est\u00e9n plenamente capacitadas para volver a la sociedad no se pudran, sin sentido, en las prisiones.<\/p>\n\n\n\n<p>Este, que es un criterio b\u00e1sico de toda la legislaci\u00f3n penitenciaria ordinaria, debe ser tambi\u00e9n el criterio que rija para los presos\/as vascos.<\/p>\n\n\n\n<p>No pedimos ning\u00fan privilegio. Exigimos el fin de la excepcionalidad. No a criterios de lucha antiterrorista, cuando ya han pasado once a\u00f1os desde que desapareci\u00f3 la actividad de ETA y m\u00e1s de cuatro desde que se disolvi\u00f3.<br>Estamos seguros\/as que la gran mayor\u00eda de la sociedad vasca, es decir, todas aquellas personas que no est\u00e1n ancladas en las coordenadas del pasado, agradecer\u00e1n la determinaci\u00f3n de aquellas Administraciones que trabajen en aras de la normalizaci\u00f3n y la convivencia.<\/p>\n\n\n\n<p>Permanecer pasivos ante una legislaci\u00f3n que impone condiciones draconianas para que estas personas vuelvan a la sociedad es una irresponsabilidad, sobre todo si se tiene en cuenta que hablamos de personas que ya han pagado quince, veinte, veinticinco y algunos m\u00e1s de 30 a\u00f1os de prisi\u00f3n, sometidos durante a\u00f1os a una pol\u00edtica penitenciaria vulneradora de muchos de sus derechos.<\/p>\n\n\n\n<p>Por todo ello, reclamamos que se reconozcan los derechos fundamentales de las personas en prisi\u00f3n:<\/p>\n\n\n\n<p>1.- Su derecho a cumplir condena cerca del domicilio habitual.<\/p>\n\n\n\n<p>2.- El derecho a disfrutar de su vida familiar, que tambi\u00e9n corresponde a las personas en prisi\u00f3n.<\/p>\n\n\n\n<p>3.- El derecho a la vida que garantiza su derecho a la salud, en especial el de las personas con enfermedades que suponen un riesgo evidente para su vida.<\/p>\n\n\n\n<p>4.- El derecho a que las condenas no se alarguen en el tiempo, convirti\u00e9ndolas en condenas a perpetuidad. Para ello es imprescindible que se vuelva a la jurisprudencia de los tribunales que contabilizaban en las condenas los per\u00edodos cumplidos en prisiones de otros estados miembros de la UE.<\/p>\n\n\n\n<p>5.- El fin de toda legislaci\u00f3n de car\u00e1cter de excepci\u00f3n que est\u00e1 impidiendo la normalizaci\u00f3n en nuestro pa\u00eds.<\/p>\n\n\n\n<p>Ya vamos tarde. Hace tiempo que esta normalizaci\u00f3n de las cosas deber\u00eda haberse producido. Cada cual tiene su responsabilidad, y nosotros asumimos la nuestra: recordar, mediante la denuncia y la movilizaci\u00f3n, que la existencia de casi 200 personas privadas de libertad, en las actuales circunstancias, no tiene justificaci\u00f3n alguna.<\/p>\n","protected":false},"excerpt":{"rendered":"<p>El objetivo de esta comparecencia es, al igual que otros a\u00f1os, realizar una valoraci\u00f3n sobre la situaci\u00f3n actual de los presos y presas vascos. Hace ahora un a\u00f1o, por estas [&hellip;]<\/p>\n","protected":false},"author":2,"featured_media":3762,"comment_status":"closed","ping_status":"closed","sticky":false,"template":"","format":"standard","meta":{"_acf_changed":false,"_et_pb_use_builder":"off","_et_pb_old_content":"","_et_gb_content_width":"","footnotes":""},"categories":[69],"tags":[],"class_list":["post-3759","post","type-post","status-publish","format-standard","has-post-thumbnail","hentry","category-leyes-de-excepcion","et-has-post-format-content","et_post_format-et-post-format-standard"],"acf":[],"yoast_head":"<!-- This site is optimized with the Yoast SEO plugin v26.4 - https:\/\/yoast.com\/wordpress\/plugins\/seo\/ -->\n<title>RED CIUDADANA SARE - Balance desde el 01 de Julio de 2021 al 01 de Agosto de 2022 - Sare Herritarra<\/title>\n<meta name=\"robots\" content=\"index, follow, max-snippet:-1, max-image-preview:large, max-video-preview:-1\" \/>\n<link rel=\"canonical\" href=\"https:\/\/sare.eus\/es\/sare-herritarra-2021eko-uztailaren-1etik-2022ko-abuztuaren-1era-bitarteko-balantzea\/\" \/>\n<meta property=\"og:locale\" content=\"es_ES\" \/>\n<meta property=\"og:type\" content=\"article\" \/>\n<meta property=\"og:title\" content=\"RED CIUDADANA SARE - Balance desde el 01 de Julio de 2021 al 01 de Agosto de 2022 - Sare Herritarra\" \/>\n<meta property=\"og:description\" content=\"El objetivo de esta comparecencia es, al igual que otros a\u00f1os, realizar una valoraci\u00f3n sobre la situaci\u00f3n actual de los presos y presas vascos. Hace ahora un a\u00f1o, por estas [&hellip;]\" \/>\n<meta property=\"og:url\" content=\"https:\/\/sare.eus\/es\/sare-herritarra-2021eko-uztailaren-1etik-2022ko-abuztuaren-1era-bitarteko-balantzea\/\" \/>\n<meta property=\"og:site_name\" content=\"Sare Herritarra\" \/>\n<meta property=\"article:published_time\" content=\"2022-08-12T09:20:37+00:00\" \/>\n<meta property=\"article:modified_time\" content=\"2022-08-12T09:29:04+00:00\" \/>\n<meta property=\"og:image\" content=\"https:\/\/sare.eus\/wp-content\/uploads\/2022\/08\/photo_2022-08-12_11-17-41.jpg\" \/>\n\t<meta property=\"og:image:width\" content=\"1280\" \/>\n\t<meta property=\"og:image:height\" content=\"863\" \/>\n\t<meta property=\"og:image:type\" content=\"image\/jpeg\" \/>\n<meta name=\"author\" content=\"sare\" \/>\n<meta name=\"twitter:card\" content=\"summary_large_image\" \/>\n<meta name=\"twitter:label1\" content=\"Escrito por\" \/>\n\t<meta name=\"twitter:data1\" content=\"sare\" \/>\n\t<meta name=\"twitter:label2\" content=\"Tiempo de lectura\" \/>\n\t<meta name=\"twitter:data2\" content=\"9 minutos\" \/>\n<script type=\"application\/ld+json\" class=\"yoast-schema-graph\">{\"@context\":\"https:\/\/schema.org\",\"@graph\":[{\"@type\":\"Article\",\"@id\":\"https:\/\/sare.eus\/es\/sare-herritarra-2021eko-uztailaren-1etik-2022ko-abuztuaren-1era-bitarteko-balantzea\/#article\",\"isPartOf\":{\"@id\":\"https:\/\/sare.eus\/es\/sare-herritarra-2021eko-uztailaren-1etik-2022ko-abuztuaren-1era-bitarteko-balantzea\/\"},\"author\":{\"name\":\"sare\",\"@id\":\"https:\/\/sare.eus\/#\/schema\/person\/2fe6d0df294f56313d3ab236dbe38e17\"},\"headline\":\"RED CIUDADANA SARE &#8211; Balance desde el 01 de Julio de 2021 al 01 de Agosto de 2022\",\"datePublished\":\"2022-08-12T09:20:37+00:00\",\"dateModified\":\"2022-08-12T09:29:04+00:00\",\"mainEntityOfPage\":{\"@id\":\"https:\/\/sare.eus\/es\/sare-herritarra-2021eko-uztailaren-1etik-2022ko-abuztuaren-1era-bitarteko-balantzea\/\"},\"wordCount\":1667,\"publisher\":{\"@id\":\"https:\/\/sare.eus\/#organization\"},\"image\":{\"@id\":\"https:\/\/sare.eus\/es\/sare-herritarra-2021eko-uztailaren-1etik-2022ko-abuztuaren-1era-bitarteko-balantzea\/#primaryimage\"},\"thumbnailUrl\":\"https:\/\/sare.eus\/wp-content\/uploads\/2022\/08\/photo_2022-08-12_11-17-41.jpg\",\"articleSection\":[\"Leyes de Excepci\u00f3n\"],\"inLanguage\":\"es\"},{\"@type\":\"WebPage\",\"@id\":\"https:\/\/sare.eus\/es\/sare-herritarra-2021eko-uztailaren-1etik-2022ko-abuztuaren-1era-bitarteko-balantzea\/\",\"url\":\"https:\/\/sare.eus\/es\/sare-herritarra-2021eko-uztailaren-1etik-2022ko-abuztuaren-1era-bitarteko-balantzea\/\",\"name\":\"RED CIUDADANA SARE - Balance desde el 01 de Julio de 2021 al 01 de Agosto de 2022 - Sare Herritarra\",\"isPartOf\":{\"@id\":\"https:\/\/sare.eus\/#website\"},\"primaryImageOfPage\":{\"@id\":\"https:\/\/sare.eus\/es\/sare-herritarra-2021eko-uztailaren-1etik-2022ko-abuztuaren-1era-bitarteko-balantzea\/#primaryimage\"},\"image\":{\"@id\":\"https:\/\/sare.eus\/es\/sare-herritarra-2021eko-uztailaren-1etik-2022ko-abuztuaren-1era-bitarteko-balantzea\/#primaryimage\"},\"thumbnailUrl\":\"https:\/\/sare.eus\/wp-content\/uploads\/2022\/08\/photo_2022-08-12_11-17-41.jpg\",\"datePublished\":\"2022-08-12T09:20:37+00:00\",\"dateModified\":\"2022-08-12T09:29:04+00:00\",\"breadcrumb\":{\"@id\":\"https:\/\/sare.eus\/es\/sare-herritarra-2021eko-uztailaren-1etik-2022ko-abuztuaren-1era-bitarteko-balantzea\/#breadcrumb\"},\"inLanguage\":\"es\",\"potentialAction\":[{\"@type\":\"ReadAction\",\"target\":[\"https:\/\/sare.eus\/es\/sare-herritarra-2021eko-uztailaren-1etik-2022ko-abuztuaren-1era-bitarteko-balantzea\/\"]}]},{\"@type\":\"ImageObject\",\"inLanguage\":\"es\",\"@id\":\"https:\/\/sare.eus\/es\/sare-herritarra-2021eko-uztailaren-1etik-2022ko-abuztuaren-1era-bitarteko-balantzea\/#primaryimage\",\"url\":\"https:\/\/sare.eus\/wp-content\/uploads\/2022\/08\/photo_2022-08-12_11-17-41.jpg\",\"contentUrl\":\"https:\/\/sare.eus\/wp-content\/uploads\/2022\/08\/photo_2022-08-12_11-17-41.jpg\",\"width\":1280,\"height\":863},{\"@type\":\"BreadcrumbList\",\"@id\":\"https:\/\/sare.eus\/es\/sare-herritarra-2021eko-uztailaren-1etik-2022ko-abuztuaren-1era-bitarteko-balantzea\/#breadcrumb\",\"itemListElement\":[{\"@type\":\"ListItem\",\"position\":1,\"name\":\"Home\",\"item\":\"https:\/\/sare.eus\/\"},{\"@type\":\"ListItem\",\"position\":2,\"name\":\"RED CIUDADANA SARE &#8211; Balance desde el 01 de Julio de 2021 al 01 de Agosto de 2022\"}]},{\"@type\":\"WebSite\",\"@id\":\"https:\/\/sare.eus\/#website\",\"url\":\"https:\/\/sare.eus\/\",\"name\":\"Sare Herritarra\",\"description\":\"KONPONBIDEAREN ETA GIZA ESKUBIDEEN ALDEKO SARE HERRITARRA\",\"publisher\":{\"@id\":\"https:\/\/sare.eus\/#organization\"},\"potentialAction\":[{\"@type\":\"SearchAction\",\"target\":{\"@type\":\"EntryPoint\",\"urlTemplate\":\"https:\/\/sare.eus\/?s={search_term_string}\"},\"query-input\":{\"@type\":\"PropertyValueSpecification\",\"valueRequired\":true,\"valueName\":\"search_term_string\"}}],\"inLanguage\":\"es\"},{\"@type\":\"Organization\",\"@id\":\"https:\/\/sare.eus\/#organization\",\"name\":\"Sare Herritarra\",\"url\":\"https:\/\/sare.eus\/\",\"logo\":{\"@type\":\"ImageObject\",\"inLanguage\":\"es\",\"@id\":\"https:\/\/sare.eus\/#\/schema\/logo\/image\/\",\"url\":\"https:\/\/sare.eus\/wp-content\/uploads\/2021\/08\/sare.png\",\"contentUrl\":\"https:\/\/sare.eus\/wp-content\/uploads\/2021\/08\/sare.png\",\"width\":120,\"height\":142,\"caption\":\"Sare Herritarra\"},\"image\":{\"@id\":\"https:\/\/sare.eus\/#\/schema\/logo\/image\/\"}},{\"@type\":\"Person\",\"@id\":\"https:\/\/sare.eus\/#\/schema\/person\/2fe6d0df294f56313d3ab236dbe38e17\",\"name\":\"sare\",\"image\":{\"@type\":\"ImageObject\",\"inLanguage\":\"es\",\"@id\":\"https:\/\/sare.eus\/#\/schema\/person\/image\/\",\"url\":\"https:\/\/secure.gravatar.com\/avatar\/77cad838677ceb1977e7b3c878b55eaa7fa4aae2158983063b047c3ad7ef2c25?s=96&d=mm&r=g\",\"contentUrl\":\"https:\/\/secure.gravatar.com\/avatar\/77cad838677ceb1977e7b3c878b55eaa7fa4aae2158983063b047c3ad7ef2c25?s=96&d=mm&r=g\",\"caption\":\"sare\"},\"url\":\"https:\/\/sare.eus\/es\/author\/sare\/\"}]}<\/script>\n<!-- \/ Yoast SEO plugin. -->","yoast_head_json":{"title":"RED CIUDADANA SARE - Balance desde el 01 de Julio de 2021 al 01 de Agosto de 2022 - Sare Herritarra","robots":{"index":"index","follow":"follow","max-snippet":"max-snippet:-1","max-image-preview":"max-image-preview:large","max-video-preview":"max-video-preview:-1"},"canonical":"https:\/\/sare.eus\/es\/sare-herritarra-2021eko-uztailaren-1etik-2022ko-abuztuaren-1era-bitarteko-balantzea\/","og_locale":"es_ES","og_type":"article","og_title":"RED CIUDADANA SARE - Balance desde el 01 de Julio de 2021 al 01 de Agosto de 2022 - Sare Herritarra","og_description":"El objetivo de esta comparecencia es, al igual que otros a\u00f1os, realizar una valoraci\u00f3n sobre la situaci\u00f3n actual de los presos y presas vascos. Hace ahora un a\u00f1o, por estas [&hellip;]","og_url":"https:\/\/sare.eus\/es\/sare-herritarra-2021eko-uztailaren-1etik-2022ko-abuztuaren-1era-bitarteko-balantzea\/","og_site_name":"Sare Herritarra","article_published_time":"2022-08-12T09:20:37+00:00","article_modified_time":"2022-08-12T09:29:04+00:00","og_image":[{"width":1280,"height":863,"url":"https:\/\/sare.eus\/wp-content\/uploads\/2022\/08\/photo_2022-08-12_11-17-41.jpg","type":"image\/jpeg"}],"author":"sare","twitter_card":"summary_large_image","twitter_misc":{"Escrito por":"sare","Tiempo de lectura":"9 minutos"},"schema":{"@context":"https:\/\/schema.org","@graph":[{"@type":"Article","@id":"https:\/\/sare.eus\/es\/sare-herritarra-2021eko-uztailaren-1etik-2022ko-abuztuaren-1era-bitarteko-balantzea\/#article","isPartOf":{"@id":"https:\/\/sare.eus\/es\/sare-herritarra-2021eko-uztailaren-1etik-2022ko-abuztuaren-1era-bitarteko-balantzea\/"},"author":{"name":"sare","@id":"https:\/\/sare.eus\/#\/schema\/person\/2fe6d0df294f56313d3ab236dbe38e17"},"headline":"RED CIUDADANA SARE &#8211; Balance desde el 01 de Julio de 2021 al 01 de Agosto de 2022","datePublished":"2022-08-12T09:20:37+00:00","dateModified":"2022-08-12T09:29:04+00:00","mainEntityOfPage":{"@id":"https:\/\/sare.eus\/es\/sare-herritarra-2021eko-uztailaren-1etik-2022ko-abuztuaren-1era-bitarteko-balantzea\/"},"wordCount":1667,"publisher":{"@id":"https:\/\/sare.eus\/#organization"},"image":{"@id":"https:\/\/sare.eus\/es\/sare-herritarra-2021eko-uztailaren-1etik-2022ko-abuztuaren-1era-bitarteko-balantzea\/#primaryimage"},"thumbnailUrl":"https:\/\/sare.eus\/wp-content\/uploads\/2022\/08\/photo_2022-08-12_11-17-41.jpg","articleSection":["Leyes de Excepci\u00f3n"],"inLanguage":"es"},{"@type":"WebPage","@id":"https:\/\/sare.eus\/es\/sare-herritarra-2021eko-uztailaren-1etik-2022ko-abuztuaren-1era-bitarteko-balantzea\/","url":"https:\/\/sare.eus\/es\/sare-herritarra-2021eko-uztailaren-1etik-2022ko-abuztuaren-1era-bitarteko-balantzea\/","name":"RED CIUDADANA SARE - Balance desde el 01 de Julio de 2021 al 01 de Agosto de 2022 - Sare Herritarra","isPartOf":{"@id":"https:\/\/sare.eus\/#website"},"primaryImageOfPage":{"@id":"https:\/\/sare.eus\/es\/sare-herritarra-2021eko-uztailaren-1etik-2022ko-abuztuaren-1era-bitarteko-balantzea\/#primaryimage"},"image":{"@id":"https:\/\/sare.eus\/es\/sare-herritarra-2021eko-uztailaren-1etik-2022ko-abuztuaren-1era-bitarteko-balantzea\/#primaryimage"},"thumbnailUrl":"https:\/\/sare.eus\/wp-content\/uploads\/2022\/08\/photo_2022-08-12_11-17-41.jpg","datePublished":"2022-08-12T09:20:37+00:00","dateModified":"2022-08-12T09:29:04+00:00","breadcrumb":{"@id":"https:\/\/sare.eus\/es\/sare-herritarra-2021eko-uztailaren-1etik-2022ko-abuztuaren-1era-bitarteko-balantzea\/#breadcrumb"},"inLanguage":"es","potentialAction":[{"@type":"ReadAction","target":["https:\/\/sare.eus\/es\/sare-herritarra-2021eko-uztailaren-1etik-2022ko-abuztuaren-1era-bitarteko-balantzea\/"]}]},{"@type":"ImageObject","inLanguage":"es","@id":"https:\/\/sare.eus\/es\/sare-herritarra-2021eko-uztailaren-1etik-2022ko-abuztuaren-1era-bitarteko-balantzea\/#primaryimage","url":"https:\/\/sare.eus\/wp-content\/uploads\/2022\/08\/photo_2022-08-12_11-17-41.jpg","contentUrl":"https:\/\/sare.eus\/wp-content\/uploads\/2022\/08\/photo_2022-08-12_11-17-41.jpg","width":1280,"height":863},{"@type":"BreadcrumbList","@id":"https:\/\/sare.eus\/es\/sare-herritarra-2021eko-uztailaren-1etik-2022ko-abuztuaren-1era-bitarteko-balantzea\/#breadcrumb","itemListElement":[{"@type":"ListItem","position":1,"name":"Home","item":"https:\/\/sare.eus\/"},{"@type":"ListItem","position":2,"name":"RED CIUDADANA SARE &#8211; Balance desde el 01 de Julio de 2021 al 01 de Agosto de 2022"}]},{"@type":"WebSite","@id":"https:\/\/sare.eus\/#website","url":"https:\/\/sare.eus\/","name":"Sare Herritarra","description":"KONPONBIDEAREN ETA GIZA ESKUBIDEEN ALDEKO SARE HERRITARRA","publisher":{"@id":"https:\/\/sare.eus\/#organization"},"potentialAction":[{"@type":"SearchAction","target":{"@type":"EntryPoint","urlTemplate":"https:\/\/sare.eus\/?s={search_term_string}"},"query-input":{"@type":"PropertyValueSpecification","valueRequired":true,"valueName":"search_term_string"}}],"inLanguage":"es"},{"@type":"Organization","@id":"https:\/\/sare.eus\/#organization","name":"Sare Herritarra","url":"https:\/\/sare.eus\/","logo":{"@type":"ImageObject","inLanguage":"es","@id":"https:\/\/sare.eus\/#\/schema\/logo\/image\/","url":"https:\/\/sare.eus\/wp-content\/uploads\/2021\/08\/sare.png","contentUrl":"https:\/\/sare.eus\/wp-content\/uploads\/2021\/08\/sare.png","width":120,"height":142,"caption":"Sare Herritarra"},"image":{"@id":"https:\/\/sare.eus\/#\/schema\/logo\/image\/"}},{"@type":"Person","@id":"https:\/\/sare.eus\/#\/schema\/person\/2fe6d0df294f56313d3ab236dbe38e17","name":"sare","image":{"@type":"ImageObject","inLanguage":"es","@id":"https:\/\/sare.eus\/#\/schema\/person\/image\/","url":"https:\/\/secure.gravatar.com\/avatar\/77cad838677ceb1977e7b3c878b55eaa7fa4aae2158983063b047c3ad7ef2c25?s=96&d=mm&r=g","contentUrl":"https:\/\/secure.gravatar.com\/avatar\/77cad838677ceb1977e7b3c878b55eaa7fa4aae2158983063b047c3ad7ef2c25?s=96&d=mm&r=g","caption":"sare"},"url":"https:\/\/sare.eus\/es\/author\/sare\/"}]}},"_links":{"self":[{"href":"https:\/\/sare.eus\/es\/wp-json\/wp\/v2\/posts\/3759","targetHints":{"allow":["GET"]}}],"collection":[{"href":"https:\/\/sare.eus\/es\/wp-json\/wp\/v2\/posts"}],"about":[{"href":"https:\/\/sare.eus\/es\/wp-json\/wp\/v2\/types\/post"}],"author":[{"embeddable":true,"href":"https:\/\/sare.eus\/es\/wp-json\/wp\/v2\/users\/2"}],"replies":[{"embeddable":true,"href":"https:\/\/sare.eus\/es\/wp-json\/wp\/v2\/comments?post=3759"}],"version-history":[{"count":3,"href":"https:\/\/sare.eus\/es\/wp-json\/wp\/v2\/posts\/3759\/revisions"}],"predecessor-version":[{"id":3765,"href":"https:\/\/sare.eus\/es\/wp-json\/wp\/v2\/posts\/3759\/revisions\/3765"}],"wp:featuredmedia":[{"embeddable":true,"href":"https:\/\/sare.eus\/es\/wp-json\/wp\/v2\/media\/3762"}],"wp:attachment":[{"href":"https:\/\/sare.eus\/es\/wp-json\/wp\/v2\/media?parent=3759"}],"wp:term":[{"taxonomy":"category","embeddable":true,"href":"https:\/\/sare.eus\/es\/wp-json\/wp\/v2\/categories?post=3759"},{"taxonomy":"post_tag","embeddable":true,"href":"https:\/\/sare.eus\/es\/wp-json\/wp\/v2\/tags?post=3759"}],"curies":[{"name":"wp","href":"https:\/\/api.w.org\/{rel}","templated":true}]}}