{"id":3745,"date":"2022-08-03T08:43:45","date_gmt":"2022-08-03T08:43:45","guid":{"rendered":"https:\/\/sare.eus\/abuztuak-3-gasteiz\/"},"modified":"2022-08-03T08:50:41","modified_gmt":"2022-08-03T08:50:41","slug":"3-de-agosto-gasteiz","status":"publish","type":"post","link":"https:\/\/sare.eus\/es\/3-de-agosto-gasteiz\/","title":{"rendered":"EN V\u00cdSPERAS DE LAS FIESTAS DE Gasteiz, SARE SE MANIFIESTA BAJO EL LEMA \u00abETXERA BIDEA GERTU\u00bb"},"content":{"rendered":"\n<p>Hace un a\u00f1o, cubrimos una etapa importante. Con el esfuerzo de todos y de todas, con la activaci\u00f3n constante de la sociedad, se consigui\u00f3 poner fin a las c\u00e1rceles m\u00e1s alejadas de Euskal Herria: Andaluc\u00eda, Murcia, levante y Galicia.<\/p>\n\n\n\n<p>Supuso un alivio para muchas familias que durante d\u00e9cadas ha tenido que recorrer miles y miles de km para visitar a sus familiares presos. Todo ello, con un coste importante, no solo desde el punto de vista econ\u00f3mico, sino, lo que es m\u00e1s importante, dejando un reguero de accidentes y v\u00edctimas en la carretera.<\/p>\n\n\n\n<p>Hoy, tenemos que comenzar a sonre\u00edr. Vamos avanzando. Pero que nadie se llame a enga\u00f1o. Nos queda un largo camino por recorrer si queremos poner fin al conjunto de vulneraciones que contin\u00faan sufriendo los presos y presas vascos y sus familias.<br>Y esto o lo hacemos juntos o no ser\u00e1.<\/p>\n\n\n\n<p>Porque el hecho de que una parte importante de ese colectivo est\u00e9 en las c\u00e1rceles de Euskal Herria, es solo la culminaci\u00f3n de una etapa.<br>Hoy todav\u00eda un 28,3% est\u00e1 alejado. Y, lo que es peor, a la inmensa mayor\u00eda de ellos se les contin\u00faa negando la aplicaci\u00f3n de una pol\u00edtica penitenciaria ordinaria. La excepcionalidad contin\u00faa siendo la norma.<\/p>\n\n\n\n<p><br>Y en esta excepcionalidad ocupa un papel importante la actuaci\u00f3n de una justicia prevaricadora y dispuesta a aplicar la venganza y no la justicia. <\/p>\n\n\n\n<p>Denunciamos, una vez m\u00e1s, a la Fiscal\u00eda de la Audiencia Nacional, convertida en el brazo jur\u00eddico de la extrema derecha pol\u00edtica, que de manera constante viene recurriendo las decisiones de las Juntas de Tratamiento de los centros penitenciarios, en la mayor\u00eda de las progresiones a tercer grado penitenciario y concesi\u00f3n de permisos.<\/p>\n\n\n\n<p>Han apostado por la confrontaci\u00f3n permanente. Por impedir que podamos transitar hacia una paz justa y a trav\u00e9s de ello, a la convivencia<\/p>\n\n\n\n<p>Nuestro pueblo est\u00e1 necesitado de acuerdos. De soluciones justas. Sobran quienes contin\u00faan instalados en la confrontaci\u00f3n y en la venganza. No normalicemos lo que no es normal. No bajemos los brazos porque el alejamiento va tocando a su fin. Esto son etapas que vamos cubriendo.<\/p>\n\n\n\n<p>Sonriamos por ello, pero que esto nos ayude a seguir trabajando sin dar un paso atr\u00e1s. Y para ello, tenemos la siguiente fecha marcada, la del 8 de octubre, que Donostia se quede peque\u00f1o ese d\u00eda. Y que podamos disfrutar de un d\u00eda para avanzar, para difundir nuestras reivindicaciones, pero tambi\u00e9n para poner en valor todo lo avanzado, y pasar as\u00ed un d\u00eda festivo con m\u00fasica y alegr\u00eda.<\/p>\n\n\n\n<p><strong>Lo dicho, a seguir trabajando juntas como hasta ahora. Lortuko dugu!<\/strong><\/p>\n","protected":false},"excerpt":{"rendered":"<p>Hace un a\u00f1o, cubrimos una etapa importante. Con el esfuerzo de todos y de todas, con la activaci\u00f3n constante de la sociedad, se consigui\u00f3 poner fin a las c\u00e1rceles m\u00e1s [&hellip;]<\/p>\n","protected":false},"author":2,"featured_media":3750,"comment_status":"closed","ping_status":"closed","sticky":false,"template":"","format":"standard","meta":{"_acf_changed":false,"_et_pb_use_builder":"off","_et_pb_old_content":"","_et_gb_content_width":"","footnotes":""},"categories":[60],"tags":[],"class_list":["post-3745","post","type-post","status-publish","format-standard","has-post-thumbnail","hentry","category-etxera-es","et-has-post-format-content","et_post_format-et-post-format-standard"],"acf":[],"yoast_head":"<!-- This site is optimized with the Yoast SEO plugin v26.4 - https:\/\/yoast.com\/wordpress\/plugins\/seo\/ -->\n<title>EN V\u00cdSPERAS DE LAS FIESTAS DE Gasteiz, SARE SE MANIFIESTA BAJO EL LEMA &quot;ETXERA BIDEA GERTU&quot; - Sare Herritarra<\/title>\n<meta name=\"robots\" content=\"index, follow, max-snippet:-1, max-image-preview:large, max-video-preview:-1\" \/>\n<link rel=\"canonical\" href=\"https:\/\/sare.eus\/es\/3-de-agosto-gasteiz\/\" \/>\n<meta property=\"og:locale\" content=\"es_ES\" \/>\n<meta property=\"og:type\" content=\"article\" \/>\n<meta property=\"og:title\" content=\"EN V\u00cdSPERAS DE LAS FIESTAS DE Gasteiz, SARE SE MANIFIESTA BAJO EL LEMA &quot;ETXERA BIDEA GERTU&quot; - Sare Herritarra\" \/>\n<meta property=\"og:description\" content=\"Hace un a\u00f1o, cubrimos una etapa importante. Con el esfuerzo de todos y de todas, con la activaci\u00f3n constante de la sociedad, se consigui\u00f3 poner fin a las c\u00e1rceles m\u00e1s [&hellip;]\" \/>\n<meta property=\"og:url\" content=\"https:\/\/sare.eus\/es\/3-de-agosto-gasteiz\/\" \/>\n<meta property=\"og:site_name\" content=\"Sare Herritarra\" \/>\n<meta property=\"article:published_time\" content=\"2022-08-03T08:43:45+00:00\" \/>\n<meta property=\"article:modified_time\" content=\"2022-08-03T08:50:41+00:00\" \/>\n<meta property=\"og:image\" content=\"https:\/\/sare.eus\/wp-content\/uploads\/2022\/08\/IMG_20220803_181709_382.jpg\" \/>\n\t<meta property=\"og:image:width\" content=\"1280\" \/>\n\t<meta property=\"og:image:height\" content=\"890\" \/>\n\t<meta property=\"og:image:type\" content=\"image\/jpeg\" \/>\n<meta name=\"author\" content=\"sare\" \/>\n<meta name=\"twitter:card\" content=\"summary_large_image\" \/>\n<meta name=\"twitter:label1\" content=\"Escrito por\" \/>\n\t<meta name=\"twitter:data1\" content=\"sare\" \/>\n\t<meta name=\"twitter:label2\" content=\"Tiempo de lectura\" \/>\n\t<meta name=\"twitter:data2\" content=\"3 minutos\" \/>\n<script type=\"application\/ld+json\" class=\"yoast-schema-graph\">{\"@context\":\"https:\/\/schema.org\",\"@graph\":[{\"@type\":\"Article\",\"@id\":\"https:\/\/sare.eus\/es\/3-de-agosto-gasteiz\/#article\",\"isPartOf\":{\"@id\":\"https:\/\/sare.eus\/es\/3-de-agosto-gasteiz\/\"},\"author\":{\"name\":\"sare\",\"@id\":\"https:\/\/sare.eus\/#\/schema\/person\/2fe6d0df294f56313d3ab236dbe38e17\"},\"headline\":\"EN V\u00cdSPERAS DE LAS FIESTAS DE Gasteiz, SARE SE MANIFIESTA BAJO EL LEMA \u00abETXERA BIDEA GERTU\u00bb\",\"datePublished\":\"2022-08-03T08:43:45+00:00\",\"dateModified\":\"2022-08-03T08:50:41+00:00\",\"mainEntityOfPage\":{\"@id\":\"https:\/\/sare.eus\/es\/3-de-agosto-gasteiz\/\"},\"wordCount\":479,\"publisher\":{\"@id\":\"https:\/\/sare.eus\/#organization\"},\"image\":{\"@id\":\"https:\/\/sare.eus\/es\/3-de-agosto-gasteiz\/#primaryimage\"},\"thumbnailUrl\":\"https:\/\/sare.eus\/wp-content\/uploads\/2022\/08\/IMG_20220803_181709_382.jpg\",\"articleSection\":[\"Etxera\"],\"inLanguage\":\"es\"},{\"@type\":\"WebPage\",\"@id\":\"https:\/\/sare.eus\/es\/3-de-agosto-gasteiz\/\",\"url\":\"https:\/\/sare.eus\/es\/3-de-agosto-gasteiz\/\",\"name\":\"EN V\u00cdSPERAS DE LAS FIESTAS DE Gasteiz, SARE SE MANIFIESTA BAJO EL LEMA \\\"ETXERA BIDEA GERTU\\\" - Sare Herritarra\",\"isPartOf\":{\"@id\":\"https:\/\/sare.eus\/#website\"},\"primaryImageOfPage\":{\"@id\":\"https:\/\/sare.eus\/es\/3-de-agosto-gasteiz\/#primaryimage\"},\"image\":{\"@id\":\"https:\/\/sare.eus\/es\/3-de-agosto-gasteiz\/#primaryimage\"},\"thumbnailUrl\":\"https:\/\/sare.eus\/wp-content\/uploads\/2022\/08\/IMG_20220803_181709_382.jpg\",\"datePublished\":\"2022-08-03T08:43:45+00:00\",\"dateModified\":\"2022-08-03T08:50:41+00:00\",\"breadcrumb\":{\"@id\":\"https:\/\/sare.eus\/es\/3-de-agosto-gasteiz\/#breadcrumb\"},\"inLanguage\":\"es\",\"potentialAction\":[{\"@type\":\"ReadAction\",\"target\":[\"https:\/\/sare.eus\/es\/3-de-agosto-gasteiz\/\"]}]},{\"@type\":\"ImageObject\",\"inLanguage\":\"es\",\"@id\":\"https:\/\/sare.eus\/es\/3-de-agosto-gasteiz\/#primaryimage\",\"url\":\"https:\/\/sare.eus\/wp-content\/uploads\/2022\/08\/IMG_20220803_181709_382.jpg\",\"contentUrl\":\"https:\/\/sare.eus\/wp-content\/uploads\/2022\/08\/IMG_20220803_181709_382.jpg\",\"width\":1280,\"height\":890},{\"@type\":\"BreadcrumbList\",\"@id\":\"https:\/\/sare.eus\/es\/3-de-agosto-gasteiz\/#breadcrumb\",\"itemListElement\":[{\"@type\":\"ListItem\",\"position\":1,\"name\":\"Home\",\"item\":\"https:\/\/sare.eus\/\"},{\"@type\":\"ListItem\",\"position\":2,\"name\":\"EN V\u00cdSPERAS DE LAS FIESTAS DE Gasteiz, SARE SE MANIFIESTA BAJO EL LEMA \u00abETXERA BIDEA GERTU\u00bb\"}]},{\"@type\":\"WebSite\",\"@id\":\"https:\/\/sare.eus\/#website\",\"url\":\"https:\/\/sare.eus\/\",\"name\":\"Sare Herritarra\",\"description\":\"KONPONBIDEAREN ETA GIZA ESKUBIDEEN ALDEKO SARE HERRITARRA\",\"publisher\":{\"@id\":\"https:\/\/sare.eus\/#organization\"},\"potentialAction\":[{\"@type\":\"SearchAction\",\"target\":{\"@type\":\"EntryPoint\",\"urlTemplate\":\"https:\/\/sare.eus\/?s={search_term_string}\"},\"query-input\":{\"@type\":\"PropertyValueSpecification\",\"valueRequired\":true,\"valueName\":\"search_term_string\"}}],\"inLanguage\":\"es\"},{\"@type\":\"Organization\",\"@id\":\"https:\/\/sare.eus\/#organization\",\"name\":\"Sare Herritarra\",\"url\":\"https:\/\/sare.eus\/\",\"logo\":{\"@type\":\"ImageObject\",\"inLanguage\":\"es\",\"@id\":\"https:\/\/sare.eus\/#\/schema\/logo\/image\/\",\"url\":\"https:\/\/sare.eus\/wp-content\/uploads\/2021\/08\/sare.png\",\"contentUrl\":\"https:\/\/sare.eus\/wp-content\/uploads\/2021\/08\/sare.png\",\"width\":120,\"height\":142,\"caption\":\"Sare Herritarra\"},\"image\":{\"@id\":\"https:\/\/sare.eus\/#\/schema\/logo\/image\/\"}},{\"@type\":\"Person\",\"@id\":\"https:\/\/sare.eus\/#\/schema\/person\/2fe6d0df294f56313d3ab236dbe38e17\",\"name\":\"sare\",\"image\":{\"@type\":\"ImageObject\",\"inLanguage\":\"es\",\"@id\":\"https:\/\/sare.eus\/#\/schema\/person\/image\/\",\"url\":\"https:\/\/secure.gravatar.com\/avatar\/77cad838677ceb1977e7b3c878b55eaa7fa4aae2158983063b047c3ad7ef2c25?s=96&d=mm&r=g\",\"contentUrl\":\"https:\/\/secure.gravatar.com\/avatar\/77cad838677ceb1977e7b3c878b55eaa7fa4aae2158983063b047c3ad7ef2c25?s=96&d=mm&r=g\",\"caption\":\"sare\"},\"url\":\"https:\/\/sare.eus\/es\/author\/sare\/\"}]}<\/script>\n<!-- \/ Yoast SEO plugin. -->","yoast_head_json":{"title":"EN V\u00cdSPERAS DE LAS FIESTAS DE Gasteiz, SARE SE MANIFIESTA BAJO EL LEMA \"ETXERA BIDEA GERTU\" - Sare Herritarra","robots":{"index":"index","follow":"follow","max-snippet":"max-snippet:-1","max-image-preview":"max-image-preview:large","max-video-preview":"max-video-preview:-1"},"canonical":"https:\/\/sare.eus\/es\/3-de-agosto-gasteiz\/","og_locale":"es_ES","og_type":"article","og_title":"EN V\u00cdSPERAS DE LAS FIESTAS DE Gasteiz, SARE SE MANIFIESTA BAJO EL LEMA \"ETXERA BIDEA GERTU\" - Sare Herritarra","og_description":"Hace un a\u00f1o, cubrimos una etapa importante. Con el esfuerzo de todos y de todas, con la activaci\u00f3n constante de la sociedad, se consigui\u00f3 poner fin a las c\u00e1rceles m\u00e1s [&hellip;]","og_url":"https:\/\/sare.eus\/es\/3-de-agosto-gasteiz\/","og_site_name":"Sare Herritarra","article_published_time":"2022-08-03T08:43:45+00:00","article_modified_time":"2022-08-03T08:50:41+00:00","og_image":[{"width":1280,"height":890,"url":"https:\/\/sare.eus\/wp-content\/uploads\/2022\/08\/IMG_20220803_181709_382.jpg","type":"image\/jpeg"}],"author":"sare","twitter_card":"summary_large_image","twitter_misc":{"Escrito por":"sare","Tiempo de lectura":"3 minutos"},"schema":{"@context":"https:\/\/schema.org","@graph":[{"@type":"Article","@id":"https:\/\/sare.eus\/es\/3-de-agosto-gasteiz\/#article","isPartOf":{"@id":"https:\/\/sare.eus\/es\/3-de-agosto-gasteiz\/"},"author":{"name":"sare","@id":"https:\/\/sare.eus\/#\/schema\/person\/2fe6d0df294f56313d3ab236dbe38e17"},"headline":"EN V\u00cdSPERAS DE LAS FIESTAS DE Gasteiz, SARE SE MANIFIESTA BAJO EL LEMA \u00abETXERA BIDEA GERTU\u00bb","datePublished":"2022-08-03T08:43:45+00:00","dateModified":"2022-08-03T08:50:41+00:00","mainEntityOfPage":{"@id":"https:\/\/sare.eus\/es\/3-de-agosto-gasteiz\/"},"wordCount":479,"publisher":{"@id":"https:\/\/sare.eus\/#organization"},"image":{"@id":"https:\/\/sare.eus\/es\/3-de-agosto-gasteiz\/#primaryimage"},"thumbnailUrl":"https:\/\/sare.eus\/wp-content\/uploads\/2022\/08\/IMG_20220803_181709_382.jpg","articleSection":["Etxera"],"inLanguage":"es"},{"@type":"WebPage","@id":"https:\/\/sare.eus\/es\/3-de-agosto-gasteiz\/","url":"https:\/\/sare.eus\/es\/3-de-agosto-gasteiz\/","name":"EN V\u00cdSPERAS DE LAS FIESTAS DE Gasteiz, SARE SE MANIFIESTA BAJO EL LEMA \"ETXERA BIDEA GERTU\" - Sare Herritarra","isPartOf":{"@id":"https:\/\/sare.eus\/#website"},"primaryImageOfPage":{"@id":"https:\/\/sare.eus\/es\/3-de-agosto-gasteiz\/#primaryimage"},"image":{"@id":"https:\/\/sare.eus\/es\/3-de-agosto-gasteiz\/#primaryimage"},"thumbnailUrl":"https:\/\/sare.eus\/wp-content\/uploads\/2022\/08\/IMG_20220803_181709_382.jpg","datePublished":"2022-08-03T08:43:45+00:00","dateModified":"2022-08-03T08:50:41+00:00","breadcrumb":{"@id":"https:\/\/sare.eus\/es\/3-de-agosto-gasteiz\/#breadcrumb"},"inLanguage":"es","potentialAction":[{"@type":"ReadAction","target":["https:\/\/sare.eus\/es\/3-de-agosto-gasteiz\/"]}]},{"@type":"ImageObject","inLanguage":"es","@id":"https:\/\/sare.eus\/es\/3-de-agosto-gasteiz\/#primaryimage","url":"https:\/\/sare.eus\/wp-content\/uploads\/2022\/08\/IMG_20220803_181709_382.jpg","contentUrl":"https:\/\/sare.eus\/wp-content\/uploads\/2022\/08\/IMG_20220803_181709_382.jpg","width":1280,"height":890},{"@type":"BreadcrumbList","@id":"https:\/\/sare.eus\/es\/3-de-agosto-gasteiz\/#breadcrumb","itemListElement":[{"@type":"ListItem","position":1,"name":"Home","item":"https:\/\/sare.eus\/"},{"@type":"ListItem","position":2,"name":"EN V\u00cdSPERAS DE LAS FIESTAS DE Gasteiz, SARE SE MANIFIESTA BAJO EL LEMA \u00abETXERA BIDEA GERTU\u00bb"}]},{"@type":"WebSite","@id":"https:\/\/sare.eus\/#website","url":"https:\/\/sare.eus\/","name":"Sare Herritarra","description":"KONPONBIDEAREN ETA GIZA ESKUBIDEEN ALDEKO SARE HERRITARRA","publisher":{"@id":"https:\/\/sare.eus\/#organization"},"potentialAction":[{"@type":"SearchAction","target":{"@type":"EntryPoint","urlTemplate":"https:\/\/sare.eus\/?s={search_term_string}"},"query-input":{"@type":"PropertyValueSpecification","valueRequired":true,"valueName":"search_term_string"}}],"inLanguage":"es"},{"@type":"Organization","@id":"https:\/\/sare.eus\/#organization","name":"Sare Herritarra","url":"https:\/\/sare.eus\/","logo":{"@type":"ImageObject","inLanguage":"es","@id":"https:\/\/sare.eus\/#\/schema\/logo\/image\/","url":"https:\/\/sare.eus\/wp-content\/uploads\/2021\/08\/sare.png","contentUrl":"https:\/\/sare.eus\/wp-content\/uploads\/2021\/08\/sare.png","width":120,"height":142,"caption":"Sare Herritarra"},"image":{"@id":"https:\/\/sare.eus\/#\/schema\/logo\/image\/"}},{"@type":"Person","@id":"https:\/\/sare.eus\/#\/schema\/person\/2fe6d0df294f56313d3ab236dbe38e17","name":"sare","image":{"@type":"ImageObject","inLanguage":"es","@id":"https:\/\/sare.eus\/#\/schema\/person\/image\/","url":"https:\/\/secure.gravatar.com\/avatar\/77cad838677ceb1977e7b3c878b55eaa7fa4aae2158983063b047c3ad7ef2c25?s=96&d=mm&r=g","contentUrl":"https:\/\/secure.gravatar.com\/avatar\/77cad838677ceb1977e7b3c878b55eaa7fa4aae2158983063b047c3ad7ef2c25?s=96&d=mm&r=g","caption":"sare"},"url":"https:\/\/sare.eus\/es\/author\/sare\/"}]}},"_links":{"self":[{"href":"https:\/\/sare.eus\/es\/wp-json\/wp\/v2\/posts\/3745","targetHints":{"allow":["GET"]}}],"collection":[{"href":"https:\/\/sare.eus\/es\/wp-json\/wp\/v2\/posts"}],"about":[{"href":"https:\/\/sare.eus\/es\/wp-json\/wp\/v2\/types\/post"}],"author":[{"embeddable":true,"href":"https:\/\/sare.eus\/es\/wp-json\/wp\/v2\/users\/2"}],"replies":[{"embeddable":true,"href":"https:\/\/sare.eus\/es\/wp-json\/wp\/v2\/comments?post=3745"}],"version-history":[{"count":2,"href":"https:\/\/sare.eus\/es\/wp-json\/wp\/v2\/posts\/3745\/revisions"}],"predecessor-version":[{"id":3748,"href":"https:\/\/sare.eus\/es\/wp-json\/wp\/v2\/posts\/3745\/revisions\/3748"}],"wp:featuredmedia":[{"embeddable":true,"href":"https:\/\/sare.eus\/es\/wp-json\/wp\/v2\/media\/3750"}],"wp:attachment":[{"href":"https:\/\/sare.eus\/es\/wp-json\/wp\/v2\/media?parent=3745"}],"wp:term":[{"taxonomy":"category","embeddable":true,"href":"https:\/\/sare.eus\/es\/wp-json\/wp\/v2\/categories?post=3745"},{"taxonomy":"post_tag","embeddable":true,"href":"https:\/\/sare.eus\/es\/wp-json\/wp\/v2\/tags?post=3745"}],"curies":[{"name":"wp","href":"https:\/\/api.w.org\/{rel}","templated":true}]}}