{"id":3701,"date":"2022-07-05T09:46:02","date_gmt":"2022-07-05T09:46:02","guid":{"rendered":"https:\/\/sare.eus\/donostian-abuztuaren-20ko-mobilizazioaren-aurkezpena\/"},"modified":"2022-07-05T09:53:02","modified_gmt":"2022-07-05T09:53:02","slug":"donostian-abuztuaren-20ko-mobilizazioaren-aurkezpena","status":"publish","type":"post","link":"https:\/\/sare.eus\/es\/donostian-abuztuaren-20ko-mobilizazioaren-aurkezpena\/","title":{"rendered":"Presentaci\u00f3n movilizaci\u00f3n de 20 agosto en donostia"},"content":{"rendered":"\n<p>Como ya anunciamos anteriormente, desde Sare Herritarra estamos organizando movilizaciones para denunciar la legislaci\u00f3n de excepci\u00f3n y el final de la pol\u00edtica de alejamiento, en el contexto de las fiestas de las cuatro capitales.<br><br>Hoy nos hemos reunido para dar a conocer la manifestaci\u00f3n que hemos organizado en la Semana Grande donostiarra bajo el lema \u201cEtxera bidea gertu\u201d. Este a\u00f1o, a diferencia de los dos \u00faltimos, volveremos a tener la oportunidad de combinar la fiesta con la reivindicaci\u00f3n, ya que, las calles volver\u00e1n a llenarse de celebraciones. Nosotros tambi\u00e9n hemos querido reflejar hoy ese ambiente festivo, y dentro de ese ambiente festivo nos reuniremos tambi\u00e9n el 20 de agosto.<br><br>En estos \u00faltimos largos meses hemos manifestado una y otra vez nuestra alegr\u00eda, esperanza y entusiasmo por empezar a acabar con la pol\u00edtica penitenciaria de excepci\u00f3n. El comienzo del fin de la pol\u00edtica de alejamiento, la progresi\u00f3n de grado, el fin del aislamiento, el fin de la presencia de presos vascos en varias prisiones&#8230; han abierto una nueva oportunidad en nuestro pa\u00eds.<br><br>Y es que, aunque los cambios est\u00e1n empezando a producirse, siguen siendo lentos y llenos de obst\u00e1culos. Esto pone de manifiesto que todav\u00eda nos queda mucho camino por recorrer para que la legislaci\u00f3n de excepci\u00f3n quede totalmente atr\u00e1s y se establezca la legislaci\u00f3n ordinaria. Todav\u00eda son muchos los presos que, a pesar de cumplir todos los requisitos, est\u00e1n sufriendo obst\u00e1culos para acceder a permisos y al 3\u00ba grado, as\u00ed como los presos que, aun adquiri\u00e9ndolos, son rechazados y est\u00e1n siendo encarcelados de nuevo por orden de la Audiencia Nacional. Y en cuanto al acercamiento de los y las presas vascas, todav\u00eda el 36% est\u00e1 encarcelado fuera de Euskal Herria.<br><br>Nosotros tenemos claro que la activaci\u00f3n popular y el impulso ciudadano son elementos imprescindibles para llevar a cabo el camino emprendido.<br><br><strong>Por eso, el pr\u00f3ximo 20 de agosto, animamos a la ciudadan\u00eda de Donostia y Gipuzkoa a llenar las calles junto a Sare, la comisi\u00f3n de fiestas de Donostialdea y Donostiako Piratak. Partiendo a las 12:30 desde el Boulevard en ambiente festivo, proclamaremos que estamos dispuestos a hacer el camino a casa y que el camino a casa est\u00e1 cada vez m\u00e1s cerca. Etxera bidea gertu!<\/strong><\/p>\n\n\n\n<figure class=\"wp-block-image size-large\"><img loading=\"lazy\" decoding=\"async\" width=\"724\" height=\"1024\" src=\"https:\/\/sare.eus\/wp-content\/uploads\/2022\/07\/Udara-2022-DONOSTIA-01-724x1024.jpg\" alt=\"\" class=\"wp-image-3696\" srcset=\"https:\/\/sare.eus\/wp-content\/uploads\/2022\/07\/Udara-2022-DONOSTIA-01-724x1024.jpg 724w, https:\/\/sare.eus\/wp-content\/uploads\/2022\/07\/Udara-2022-DONOSTIA-01-212x300.jpg 212w, https:\/\/sare.eus\/wp-content\/uploads\/2022\/07\/Udara-2022-DONOSTIA-01-768x1086.jpg 768w, https:\/\/sare.eus\/wp-content\/uploads\/2022\/07\/Udara-2022-DONOSTIA-01.jpg 842w\" sizes=\"(max-width: 724px) 100vw, 724px\" \/><\/figure>\n","protected":false},"excerpt":{"rendered":"<p>Como ya anunciamos anteriormente, desde Sare Herritarra estamos organizando movilizaciones para denunciar la legislaci\u00f3n de excepci\u00f3n y el final de la pol\u00edtica de alejamiento, en el contexto de las fiestas [&hellip;]<\/p>\n","protected":false},"author":2,"featured_media":3700,"comment_status":"closed","ping_status":"closed","sticky":false,"template":"","format":"standard","meta":{"_acf_changed":false,"_et_pb_use_builder":"off","_et_pb_old_content":"","_et_gb_content_width":"","footnotes":""},"categories":[60],"tags":[],"class_list":["post-3701","post","type-post","status-publish","format-standard","has-post-thumbnail","hentry","category-etxera-es","et-has-post-format-content","et_post_format-et-post-format-standard"],"acf":[],"yoast_head":"<!-- This site is optimized with the Yoast SEO plugin v26.4 - https:\/\/yoast.com\/wordpress\/plugins\/seo\/ -->\n<title>Presentaci\u00f3n movilizaci\u00f3n de 20 agosto en donostia - Sare Herritarra<\/title>\n<meta name=\"robots\" content=\"index, follow, max-snippet:-1, max-image-preview:large, max-video-preview:-1\" \/>\n<link rel=\"canonical\" href=\"https:\/\/sare.eus\/es\/donostian-abuztuaren-20ko-mobilizazioaren-aurkezpena\/\" \/>\n<meta property=\"og:locale\" content=\"es_ES\" \/>\n<meta property=\"og:type\" content=\"article\" \/>\n<meta property=\"og:title\" content=\"Presentaci\u00f3n movilizaci\u00f3n de 20 agosto en donostia - Sare Herritarra\" \/>\n<meta property=\"og:description\" content=\"Como ya anunciamos anteriormente, desde Sare Herritarra estamos organizando movilizaciones para denunciar la legislaci\u00f3n de excepci\u00f3n y el final de la pol\u00edtica de alejamiento, en el contexto de las fiestas [&hellip;]\" \/>\n<meta property=\"og:url\" content=\"https:\/\/sare.eus\/es\/donostian-abuztuaren-20ko-mobilizazioaren-aurkezpena\/\" \/>\n<meta property=\"og:site_name\" content=\"Sare Herritarra\" \/>\n<meta property=\"article:published_time\" content=\"2022-07-05T09:46:02+00:00\" \/>\n<meta property=\"article:modified_time\" content=\"2022-07-05T09:53:02+00:00\" \/>\n<meta property=\"og:image\" content=\"https:\/\/sare.eus\/wp-content\/uploads\/2022\/07\/web-sare-gipuzkoa.jpg\" \/>\n\t<meta property=\"og:image:width\" content=\"2048\" \/>\n\t<meta property=\"og:image:height\" content=\"1536\" \/>\n\t<meta property=\"og:image:type\" content=\"image\/jpeg\" \/>\n<meta name=\"author\" content=\"sare\" \/>\n<meta name=\"twitter:card\" content=\"summary_large_image\" \/>\n<meta name=\"twitter:label1\" content=\"Escrito por\" \/>\n\t<meta name=\"twitter:data1\" content=\"sare\" \/>\n\t<meta name=\"twitter:label2\" content=\"Tiempo de lectura\" \/>\n\t<meta name=\"twitter:data2\" content=\"3 minutos\" \/>\n<script type=\"application\/ld+json\" class=\"yoast-schema-graph\">{\"@context\":\"https:\/\/schema.org\",\"@graph\":[{\"@type\":\"Article\",\"@id\":\"https:\/\/sare.eus\/es\/donostian-abuztuaren-20ko-mobilizazioaren-aurkezpena\/#article\",\"isPartOf\":{\"@id\":\"https:\/\/sare.eus\/es\/donostian-abuztuaren-20ko-mobilizazioaren-aurkezpena\/\"},\"author\":{\"name\":\"sare\",\"@id\":\"https:\/\/sare.eus\/#\/schema\/person\/2fe6d0df294f56313d3ab236dbe38e17\"},\"headline\":\"Presentaci\u00f3n movilizaci\u00f3n de 20 agosto en donostia\",\"datePublished\":\"2022-07-05T09:46:02+00:00\",\"dateModified\":\"2022-07-05T09:53:02+00:00\",\"mainEntityOfPage\":{\"@id\":\"https:\/\/sare.eus\/es\/donostian-abuztuaren-20ko-mobilizazioaren-aurkezpena\/\"},\"wordCount\":402,\"publisher\":{\"@id\":\"https:\/\/sare.eus\/#organization\"},\"image\":{\"@id\":\"https:\/\/sare.eus\/es\/donostian-abuztuaren-20ko-mobilizazioaren-aurkezpena\/#primaryimage\"},\"thumbnailUrl\":\"https:\/\/sare.eus\/wp-content\/uploads\/2022\/07\/web-sare-gipuzkoa.jpg\",\"articleSection\":[\"Etxera\"],\"inLanguage\":\"es\"},{\"@type\":\"WebPage\",\"@id\":\"https:\/\/sare.eus\/es\/donostian-abuztuaren-20ko-mobilizazioaren-aurkezpena\/\",\"url\":\"https:\/\/sare.eus\/es\/donostian-abuztuaren-20ko-mobilizazioaren-aurkezpena\/\",\"name\":\"Presentaci\u00f3n movilizaci\u00f3n de 20 agosto en donostia - Sare Herritarra\",\"isPartOf\":{\"@id\":\"https:\/\/sare.eus\/#website\"},\"primaryImageOfPage\":{\"@id\":\"https:\/\/sare.eus\/es\/donostian-abuztuaren-20ko-mobilizazioaren-aurkezpena\/#primaryimage\"},\"image\":{\"@id\":\"https:\/\/sare.eus\/es\/donostian-abuztuaren-20ko-mobilizazioaren-aurkezpena\/#primaryimage\"},\"thumbnailUrl\":\"https:\/\/sare.eus\/wp-content\/uploads\/2022\/07\/web-sare-gipuzkoa.jpg\",\"datePublished\":\"2022-07-05T09:46:02+00:00\",\"dateModified\":\"2022-07-05T09:53:02+00:00\",\"breadcrumb\":{\"@id\":\"https:\/\/sare.eus\/es\/donostian-abuztuaren-20ko-mobilizazioaren-aurkezpena\/#breadcrumb\"},\"inLanguage\":\"es\",\"potentialAction\":[{\"@type\":\"ReadAction\",\"target\":[\"https:\/\/sare.eus\/es\/donostian-abuztuaren-20ko-mobilizazioaren-aurkezpena\/\"]}]},{\"@type\":\"ImageObject\",\"inLanguage\":\"es\",\"@id\":\"https:\/\/sare.eus\/es\/donostian-abuztuaren-20ko-mobilizazioaren-aurkezpena\/#primaryimage\",\"url\":\"https:\/\/sare.eus\/wp-content\/uploads\/2022\/07\/web-sare-gipuzkoa.jpg\",\"contentUrl\":\"https:\/\/sare.eus\/wp-content\/uploads\/2022\/07\/web-sare-gipuzkoa.jpg\",\"width\":2048,\"height\":1536},{\"@type\":\"BreadcrumbList\",\"@id\":\"https:\/\/sare.eus\/es\/donostian-abuztuaren-20ko-mobilizazioaren-aurkezpena\/#breadcrumb\",\"itemListElement\":[{\"@type\":\"ListItem\",\"position\":1,\"name\":\"Home\",\"item\":\"https:\/\/sare.eus\/\"},{\"@type\":\"ListItem\",\"position\":2,\"name\":\"Presentaci\u00f3n movilizaci\u00f3n de 20 agosto en donostia\"}]},{\"@type\":\"WebSite\",\"@id\":\"https:\/\/sare.eus\/#website\",\"url\":\"https:\/\/sare.eus\/\",\"name\":\"Sare Herritarra\",\"description\":\"KONPONBIDEAREN ETA GIZA ESKUBIDEEN ALDEKO SARE HERRITARRA\",\"publisher\":{\"@id\":\"https:\/\/sare.eus\/#organization\"},\"potentialAction\":[{\"@type\":\"SearchAction\",\"target\":{\"@type\":\"EntryPoint\",\"urlTemplate\":\"https:\/\/sare.eus\/?s={search_term_string}\"},\"query-input\":{\"@type\":\"PropertyValueSpecification\",\"valueRequired\":true,\"valueName\":\"search_term_string\"}}],\"inLanguage\":\"es\"},{\"@type\":\"Organization\",\"@id\":\"https:\/\/sare.eus\/#organization\",\"name\":\"Sare Herritarra\",\"url\":\"https:\/\/sare.eus\/\",\"logo\":{\"@type\":\"ImageObject\",\"inLanguage\":\"es\",\"@id\":\"https:\/\/sare.eus\/#\/schema\/logo\/image\/\",\"url\":\"https:\/\/sare.eus\/wp-content\/uploads\/2021\/08\/sare.png\",\"contentUrl\":\"https:\/\/sare.eus\/wp-content\/uploads\/2021\/08\/sare.png\",\"width\":120,\"height\":142,\"caption\":\"Sare Herritarra\"},\"image\":{\"@id\":\"https:\/\/sare.eus\/#\/schema\/logo\/image\/\"}},{\"@type\":\"Person\",\"@id\":\"https:\/\/sare.eus\/#\/schema\/person\/2fe6d0df294f56313d3ab236dbe38e17\",\"name\":\"sare\",\"image\":{\"@type\":\"ImageObject\",\"inLanguage\":\"es\",\"@id\":\"https:\/\/sare.eus\/#\/schema\/person\/image\/\",\"url\":\"https:\/\/secure.gravatar.com\/avatar\/77cad838677ceb1977e7b3c878b55eaa7fa4aae2158983063b047c3ad7ef2c25?s=96&d=mm&r=g\",\"contentUrl\":\"https:\/\/secure.gravatar.com\/avatar\/77cad838677ceb1977e7b3c878b55eaa7fa4aae2158983063b047c3ad7ef2c25?s=96&d=mm&r=g\",\"caption\":\"sare\"},\"url\":\"https:\/\/sare.eus\/es\/author\/sare\/\"}]}<\/script>\n<!-- \/ Yoast SEO plugin. -->","yoast_head_json":{"title":"Presentaci\u00f3n movilizaci\u00f3n de 20 agosto en donostia - Sare Herritarra","robots":{"index":"index","follow":"follow","max-snippet":"max-snippet:-1","max-image-preview":"max-image-preview:large","max-video-preview":"max-video-preview:-1"},"canonical":"https:\/\/sare.eus\/es\/donostian-abuztuaren-20ko-mobilizazioaren-aurkezpena\/","og_locale":"es_ES","og_type":"article","og_title":"Presentaci\u00f3n movilizaci\u00f3n de 20 agosto en donostia - Sare Herritarra","og_description":"Como ya anunciamos anteriormente, desde Sare Herritarra estamos organizando movilizaciones para denunciar la legislaci\u00f3n de excepci\u00f3n y el final de la pol\u00edtica de alejamiento, en el contexto de las fiestas [&hellip;]","og_url":"https:\/\/sare.eus\/es\/donostian-abuztuaren-20ko-mobilizazioaren-aurkezpena\/","og_site_name":"Sare Herritarra","article_published_time":"2022-07-05T09:46:02+00:00","article_modified_time":"2022-07-05T09:53:02+00:00","og_image":[{"width":2048,"height":1536,"url":"https:\/\/sare.eus\/wp-content\/uploads\/2022\/07\/web-sare-gipuzkoa.jpg","type":"image\/jpeg"}],"author":"sare","twitter_card":"summary_large_image","twitter_misc":{"Escrito por":"sare","Tiempo de lectura":"3 minutos"},"schema":{"@context":"https:\/\/schema.org","@graph":[{"@type":"Article","@id":"https:\/\/sare.eus\/es\/donostian-abuztuaren-20ko-mobilizazioaren-aurkezpena\/#article","isPartOf":{"@id":"https:\/\/sare.eus\/es\/donostian-abuztuaren-20ko-mobilizazioaren-aurkezpena\/"},"author":{"name":"sare","@id":"https:\/\/sare.eus\/#\/schema\/person\/2fe6d0df294f56313d3ab236dbe38e17"},"headline":"Presentaci\u00f3n movilizaci\u00f3n de 20 agosto en donostia","datePublished":"2022-07-05T09:46:02+00:00","dateModified":"2022-07-05T09:53:02+00:00","mainEntityOfPage":{"@id":"https:\/\/sare.eus\/es\/donostian-abuztuaren-20ko-mobilizazioaren-aurkezpena\/"},"wordCount":402,"publisher":{"@id":"https:\/\/sare.eus\/#organization"},"image":{"@id":"https:\/\/sare.eus\/es\/donostian-abuztuaren-20ko-mobilizazioaren-aurkezpena\/#primaryimage"},"thumbnailUrl":"https:\/\/sare.eus\/wp-content\/uploads\/2022\/07\/web-sare-gipuzkoa.jpg","articleSection":["Etxera"],"inLanguage":"es"},{"@type":"WebPage","@id":"https:\/\/sare.eus\/es\/donostian-abuztuaren-20ko-mobilizazioaren-aurkezpena\/","url":"https:\/\/sare.eus\/es\/donostian-abuztuaren-20ko-mobilizazioaren-aurkezpena\/","name":"Presentaci\u00f3n movilizaci\u00f3n de 20 agosto en donostia - Sare Herritarra","isPartOf":{"@id":"https:\/\/sare.eus\/#website"},"primaryImageOfPage":{"@id":"https:\/\/sare.eus\/es\/donostian-abuztuaren-20ko-mobilizazioaren-aurkezpena\/#primaryimage"},"image":{"@id":"https:\/\/sare.eus\/es\/donostian-abuztuaren-20ko-mobilizazioaren-aurkezpena\/#primaryimage"},"thumbnailUrl":"https:\/\/sare.eus\/wp-content\/uploads\/2022\/07\/web-sare-gipuzkoa.jpg","datePublished":"2022-07-05T09:46:02+00:00","dateModified":"2022-07-05T09:53:02+00:00","breadcrumb":{"@id":"https:\/\/sare.eus\/es\/donostian-abuztuaren-20ko-mobilizazioaren-aurkezpena\/#breadcrumb"},"inLanguage":"es","potentialAction":[{"@type":"ReadAction","target":["https:\/\/sare.eus\/es\/donostian-abuztuaren-20ko-mobilizazioaren-aurkezpena\/"]}]},{"@type":"ImageObject","inLanguage":"es","@id":"https:\/\/sare.eus\/es\/donostian-abuztuaren-20ko-mobilizazioaren-aurkezpena\/#primaryimage","url":"https:\/\/sare.eus\/wp-content\/uploads\/2022\/07\/web-sare-gipuzkoa.jpg","contentUrl":"https:\/\/sare.eus\/wp-content\/uploads\/2022\/07\/web-sare-gipuzkoa.jpg","width":2048,"height":1536},{"@type":"BreadcrumbList","@id":"https:\/\/sare.eus\/es\/donostian-abuztuaren-20ko-mobilizazioaren-aurkezpena\/#breadcrumb","itemListElement":[{"@type":"ListItem","position":1,"name":"Home","item":"https:\/\/sare.eus\/"},{"@type":"ListItem","position":2,"name":"Presentaci\u00f3n movilizaci\u00f3n de 20 agosto en donostia"}]},{"@type":"WebSite","@id":"https:\/\/sare.eus\/#website","url":"https:\/\/sare.eus\/","name":"Sare Herritarra","description":"KONPONBIDEAREN ETA GIZA ESKUBIDEEN ALDEKO SARE HERRITARRA","publisher":{"@id":"https:\/\/sare.eus\/#organization"},"potentialAction":[{"@type":"SearchAction","target":{"@type":"EntryPoint","urlTemplate":"https:\/\/sare.eus\/?s={search_term_string}"},"query-input":{"@type":"PropertyValueSpecification","valueRequired":true,"valueName":"search_term_string"}}],"inLanguage":"es"},{"@type":"Organization","@id":"https:\/\/sare.eus\/#organization","name":"Sare Herritarra","url":"https:\/\/sare.eus\/","logo":{"@type":"ImageObject","inLanguage":"es","@id":"https:\/\/sare.eus\/#\/schema\/logo\/image\/","url":"https:\/\/sare.eus\/wp-content\/uploads\/2021\/08\/sare.png","contentUrl":"https:\/\/sare.eus\/wp-content\/uploads\/2021\/08\/sare.png","width":120,"height":142,"caption":"Sare Herritarra"},"image":{"@id":"https:\/\/sare.eus\/#\/schema\/logo\/image\/"}},{"@type":"Person","@id":"https:\/\/sare.eus\/#\/schema\/person\/2fe6d0df294f56313d3ab236dbe38e17","name":"sare","image":{"@type":"ImageObject","inLanguage":"es","@id":"https:\/\/sare.eus\/#\/schema\/person\/image\/","url":"https:\/\/secure.gravatar.com\/avatar\/77cad838677ceb1977e7b3c878b55eaa7fa4aae2158983063b047c3ad7ef2c25?s=96&d=mm&r=g","contentUrl":"https:\/\/secure.gravatar.com\/avatar\/77cad838677ceb1977e7b3c878b55eaa7fa4aae2158983063b047c3ad7ef2c25?s=96&d=mm&r=g","caption":"sare"},"url":"https:\/\/sare.eus\/es\/author\/sare\/"}]}},"_links":{"self":[{"href":"https:\/\/sare.eus\/es\/wp-json\/wp\/v2\/posts\/3701","targetHints":{"allow":["GET"]}}],"collection":[{"href":"https:\/\/sare.eus\/es\/wp-json\/wp\/v2\/posts"}],"about":[{"href":"https:\/\/sare.eus\/es\/wp-json\/wp\/v2\/types\/post"}],"author":[{"embeddable":true,"href":"https:\/\/sare.eus\/es\/wp-json\/wp\/v2\/users\/2"}],"replies":[{"embeddable":true,"href":"https:\/\/sare.eus\/es\/wp-json\/wp\/v2\/comments?post=3701"}],"version-history":[{"count":1,"href":"https:\/\/sare.eus\/es\/wp-json\/wp\/v2\/posts\/3701\/revisions"}],"predecessor-version":[{"id":3703,"href":"https:\/\/sare.eus\/es\/wp-json\/wp\/v2\/posts\/3701\/revisions\/3703"}],"wp:featuredmedia":[{"embeddable":true,"href":"https:\/\/sare.eus\/es\/wp-json\/wp\/v2\/media\/3700"}],"wp:attachment":[{"href":"https:\/\/sare.eus\/es\/wp-json\/wp\/v2\/media?parent=3701"}],"wp:term":[{"taxonomy":"category","embeddable":true,"href":"https:\/\/sare.eus\/es\/wp-json\/wp\/v2\/categories?post=3701"},{"taxonomy":"post_tag","embeddable":true,"href":"https:\/\/sare.eus\/es\/wp-json\/wp\/v2\/tags?post=3701"}],"curies":[{"name":"wp","href":"https:\/\/api.w.org\/{rel}","templated":true}]}}