{"id":3615,"date":"2022-06-06T19:39:50","date_gmt":"2022-06-06T19:39:50","guid":{"rendered":"https:\/\/sare.eus\/bizikleta-itzulia-eta-udako-hiriburuetako-mobilizazioak-aurkeztu-ditu-sarek\/"},"modified":"2022-06-07T10:37:19","modified_gmt":"2022-06-07T10:37:19","slug":"sare-presenta-la-vuelta-ciclista-y-las-movilizaciones-de-las-capitales-para-este-verano","status":"publish","type":"post","link":"https:\/\/sare.eus\/es\/sare-presenta-la-vuelta-ciclista-y-las-movilizaciones-de-las-capitales-para-este-verano\/","title":{"rendered":"SARE PRESENTA LA VUELTA CICLISTA Y LAS MOVILIZACIONES de LAS CAPITALES paraeste VERANO"},"content":{"rendered":"<p>El 18 junio pr\u00f3ximo har\u00e1 cuatro a\u00f1os que el pdte. S\u00e1nchez manifest\u00f3 p\u00fablicamente que el Gobierno Espa\u00f1ol iniciaba un proceso de sustituci\u00f3n de una pol\u00edtica penitenciaria de excepci\u00f3n que duraba m\u00e1s de tres d\u00e9cadas, a una pol\u00edtica penitenciaria ordinaria.<\/p>\n<p>Esta declaraci\u00f3n llen\u00f3 de esperanza no solo a los presos y presas vascas y sus familias, sino tambi\u00e9n a una parte importante de la sociedad vasca.<\/p>\n<p>Han pasado 48 meses y se han ido produciendo avances en lo que al alejamiento de estos presos y presas se refiere, pero a\u00fan estamos muy lejos de que el Gobierno espa\u00f1ol cumpla aquel compromiso de hace cuatro a\u00f1os.<\/p>\n<p><img loading=\"lazy\" decoding=\"async\" class=\"alignleft wp-image-3613\" src=\"https:\/\/sare.eus\/wp-content\/uploads\/2022\/06\/bizikleta_martxa_2022-web-01-212x300.jpg\" alt=\"\" width=\"550\" height=\"779\" srcset=\"https:\/\/sare.eus\/wp-content\/uploads\/2022\/06\/bizikleta_martxa_2022-web-01-212x300.jpg 212w, https:\/\/sare.eus\/wp-content\/uploads\/2022\/06\/bizikleta_martxa_2022-web-01-723x1024.jpg 723w, https:\/\/sare.eus\/wp-content\/uploads\/2022\/06\/bizikleta_martxa_2022-web-01-768x1088.jpg 768w, https:\/\/sare.eus\/wp-content\/uploads\/2022\/06\/bizikleta_martxa_2022-web-01-1084x1536.jpg 1084w, https:\/\/sare.eus\/wp-content\/uploads\/2022\/06\/bizikleta_martxa_2022-web-01-1446x2048.jpg 1446w, https:\/\/sare.eus\/wp-content\/uploads\/2022\/06\/bizikleta_martxa_2022-web-01-1080x1530.jpg 1080w, https:\/\/sare.eus\/wp-content\/uploads\/2022\/06\/bizikleta_martxa_2022-web-01-scaled.jpg 1807w\" sizes=\"(max-width: 550px) 100vw, 550px\" \/>Los datos demuestran una lentitud incomprensible y m\u00e1s en lo referente a estas \u00faltimas semanas: de 195 presos y presas vascas, 19 est\u00e1n en c\u00e1rceles francesas; 70 en c\u00e1rceles espa\u00f1olas y 106 en c\u00e1rceles vascas.<\/p>\n<p>Es decir, cuatro a\u00f1os despu\u00e9s, el 36% a\u00fan se encuentran en c\u00e1rceles de Espa\u00f1a.<\/p>\n<p>Queremos hacer una referencia al bloqueo existente, tambi\u00e9n, en las progresiones de grado.<\/p>\n<p>Es cierto que en el \u00faltimo a\u00f1o la pr\u00e1ctica totalidad ha pasado de estar en primer grado penitenciario a ser progresado en segundo, pero no puede obviarse que de estos solo 21 han progresado a tercer grado, cuando m\u00e1s de 60 deber\u00edan estar en esta situaci\u00f3n, por el tiempo de condena ya cumplido.<\/p>\n<p>Pero, hoy, sobre todo queremos denunciar que llevamos m\u00e1s de dos meses sin que se haya producido ning\u00fan acercamiento. Una pausa que sin motivo ni raz\u00f3n de ser. Y mientras esto ocurre, los familiares de estos presos\/as vascas contin\u00faan recorriendo cientos de km para visitas de 40 minutos. Y los derechos tanto de los y las presas vascas, como de estos familiares siguen estando vulnerados.<\/p>\n<p>Exigimos al G. Espa\u00f1ol cumpla el compromiso que hizo p\u00fablico hace 48 meses. No m\u00e1s demoras. Hablamos de derechos, no de privilegios. Estamos hablando y exigiendo se cumpla la normativa penitenciaria, sin excepciones.<\/p>\n<p>Mientras esto no se produzca, por desgracia, ser\u00e1 una quimera hablar de convivencias, de relatos de memoria compartidos y en definitiva de justicia y paz. Estamos ante una sociedad que demanda todo ello, y todos y cada uno de nosotros somos responsables de que esta realidad se produzca. Debemos seguir caminando, juntos, por la convivencia, la paz y el regreso a casa de todos y cada uno de los y las presas vascas que a\u00fan se encuentran bajo la pol\u00edtica penitenciaria de excepci\u00f3n.<\/p>\n<p>Desde Sare seguiremos realizando ese camino, y animando a la ciudadan\u00eda a seguir impulsando este cambio tan necesario para todos y todas. As\u00ed lo haremos tambi\u00e9n este verano. Seguiremos danto pasos y recorriendo kil\u00f3metros dentro de la din\u00e1mica Izan Bidea, para reivindicar ese fin de la pol\u00edtica penitenciaria y el fin de las medidas de excepci\u00f3n.<\/p>\n<p>Por ello, les queremos anunciar las diferentes actuaciones que desarrollaremos en los meses de verano y sin olvidar la fecha del 8 de octubre, d\u00eda en que miles de personas nos juntaremos en Donostia bajo el lema \u201cEtxera bidea gertu!\u201d.<\/p>\n<p>Bajo este mismo lema, os anunciamos, por un lado, la quinta marcha ciclista de Sare, que este a\u00f1o, volver\u00e1 a ser de tres d\u00edas consecutivos. Algo que en los dos \u00faltimos a\u00f1os no nos lo ha permitido la situaci\u00f3n de pandemia. Este a\u00f1o, s\u00ed, comenzando el 22 de julio en Etxarri (Nafarroa) hasta Durango (Bizkaia) pasando por Araba, el 23 de julio desde Durango hasta Azpeitia (Gipuzkoa) y el 24 de julio, con un recorrido m\u00e1s breve, desde Azpeitia hasta Donostia, finalizando con un peque\u00f1o acto y un lunch para todos los que se acerquen a la capital. Desde hoy mismo podr\u00e9is apuntaros en esta marcha en la nuestra p\u00e1gina web, (<a href=\"https:\/\/sare.eus\/bizikleta-itzulia\" target=\"_blank\" rel=\"noopener\">https:\/\/sare.eus\/bizikleta-itzulia<\/a>) en el apartado de la marcha ciclista.<\/p>\n<p>Adem\u00e1s de la marcha, este verano, volveremos a salir a las calles de Iru\u00f1a, Gasteiz, Donostia y Bilbo en el contexto de las fiestas. <strong>El 18 de junio nos manifestaremos en Iru\u00f1a, a las 18:00 desde el parque de la Insumisi\u00f3n, el 3 de agosto en Gasteiz a las 18:00 desde La plaza Bilbao, el 20 de agosto en Donostia a las 12:30 desde el Boulevard y el 26 de agosto en Bilbo a la 13:00 desde la plaza El\u00edptica.<\/strong><\/p>\n","protected":false},"excerpt":{"rendered":"<p>El 18 junio pr\u00f3ximo har\u00e1 cuatro a\u00f1os que el pdte. S\u00e1nchez manifest\u00f3 p\u00fablicamente que el Gobierno Espa\u00f1ol iniciaba un proceso de sustituci\u00f3n de una pol\u00edtica penitenciaria de excepci\u00f3n que duraba [&hellip;]<\/p>\n","protected":false},"author":2,"featured_media":3632,"comment_status":"closed","ping_status":"closed","sticky":false,"template":"","format":"standard","meta":{"_acf_changed":false,"_et_pb_use_builder":"off","_et_pb_old_content":"","_et_gb_content_width":"","footnotes":""},"categories":[60],"tags":[],"class_list":["post-3615","post","type-post","status-publish","format-standard","has-post-thumbnail","hentry","category-etxera-es","et-has-post-format-content","et_post_format-et-post-format-standard"],"acf":[],"yoast_head":"<!-- This site is optimized with the Yoast SEO plugin v26.4 - https:\/\/yoast.com\/wordpress\/plugins\/seo\/ -->\n<title>SARE PRESENTA LA VUELTA CICLISTA Y LAS MOVILIZACIONES de LAS CAPITALES paraeste VERANO - Sare Herritarra<\/title>\n<meta name=\"robots\" content=\"index, follow, max-snippet:-1, max-image-preview:large, max-video-preview:-1\" \/>\n<link rel=\"canonical\" href=\"https:\/\/sare.eus\/es\/sare-presenta-la-vuelta-ciclista-y-las-movilizaciones-de-las-capitales-para-este-verano\/\" \/>\n<meta property=\"og:locale\" content=\"es_ES\" \/>\n<meta property=\"og:type\" content=\"article\" \/>\n<meta property=\"og:title\" content=\"SARE PRESENTA LA VUELTA CICLISTA Y LAS MOVILIZACIONES de LAS CAPITALES paraeste VERANO - Sare Herritarra\" \/>\n<meta property=\"og:description\" content=\"El 18 junio pr\u00f3ximo har\u00e1 cuatro a\u00f1os que el pdte. S\u00e1nchez manifest\u00f3 p\u00fablicamente que el Gobierno Espa\u00f1ol iniciaba un proceso de sustituci\u00f3n de una pol\u00edtica penitenciaria de excepci\u00f3n que duraba [&hellip;]\" \/>\n<meta property=\"og:url\" content=\"https:\/\/sare.eus\/es\/sare-presenta-la-vuelta-ciclista-y-las-movilizaciones-de-las-capitales-para-este-verano\/\" \/>\n<meta property=\"og:site_name\" content=\"Sare Herritarra\" \/>\n<meta property=\"article:published_time\" content=\"2022-06-06T19:39:50+00:00\" \/>\n<meta property=\"article:modified_time\" content=\"2022-06-07T10:37:19+00:00\" \/>\n<meta property=\"og:image\" content=\"https:\/\/sare.eus\/wp-content\/uploads\/2022\/06\/sare-herritarra-2022.06.07-Gasteiz_web-1.jpg\" \/>\n\t<meta property=\"og:image:width\" content=\"1280\" \/>\n\t<meta property=\"og:image:height\" content=\"960\" \/>\n\t<meta property=\"og:image:type\" content=\"image\/jpeg\" \/>\n<meta name=\"author\" content=\"sare\" \/>\n<meta name=\"twitter:card\" content=\"summary_large_image\" \/>\n<meta name=\"twitter:label1\" content=\"Escrito por\" \/>\n\t<meta name=\"twitter:data1\" content=\"sare\" \/>\n\t<meta name=\"twitter:label2\" content=\"Tiempo de lectura\" \/>\n\t<meta name=\"twitter:data2\" content=\"4 minutos\" \/>\n<script type=\"application\/ld+json\" class=\"yoast-schema-graph\">{\"@context\":\"https:\/\/schema.org\",\"@graph\":[{\"@type\":\"Article\",\"@id\":\"https:\/\/sare.eus\/es\/sare-presenta-la-vuelta-ciclista-y-las-movilizaciones-de-las-capitales-para-este-verano\/#article\",\"isPartOf\":{\"@id\":\"https:\/\/sare.eus\/es\/sare-presenta-la-vuelta-ciclista-y-las-movilizaciones-de-las-capitales-para-este-verano\/\"},\"author\":{\"name\":\"sare\",\"@id\":\"https:\/\/sare.eus\/#\/schema\/person\/2fe6d0df294f56313d3ab236dbe38e17\"},\"headline\":\"SARE PRESENTA LA VUELTA CICLISTA Y LAS MOVILIZACIONES de LAS CAPITALES paraeste VERANO\",\"datePublished\":\"2022-06-06T19:39:50+00:00\",\"dateModified\":\"2022-06-07T10:37:19+00:00\",\"mainEntityOfPage\":{\"@id\":\"https:\/\/sare.eus\/es\/sare-presenta-la-vuelta-ciclista-y-las-movilizaciones-de-las-capitales-para-este-verano\/\"},\"wordCount\":753,\"publisher\":{\"@id\":\"https:\/\/sare.eus\/#organization\"},\"image\":{\"@id\":\"https:\/\/sare.eus\/es\/sare-presenta-la-vuelta-ciclista-y-las-movilizaciones-de-las-capitales-para-este-verano\/#primaryimage\"},\"thumbnailUrl\":\"https:\/\/sare.eus\/wp-content\/uploads\/2022\/06\/sare-herritarra-2022.06.07-Gasteiz_web-1.jpg\",\"articleSection\":[\"Etxera\"],\"inLanguage\":\"es\"},{\"@type\":\"WebPage\",\"@id\":\"https:\/\/sare.eus\/es\/sare-presenta-la-vuelta-ciclista-y-las-movilizaciones-de-las-capitales-para-este-verano\/\",\"url\":\"https:\/\/sare.eus\/es\/sare-presenta-la-vuelta-ciclista-y-las-movilizaciones-de-las-capitales-para-este-verano\/\",\"name\":\"SARE PRESENTA LA VUELTA CICLISTA Y LAS MOVILIZACIONES de LAS CAPITALES paraeste VERANO - Sare Herritarra\",\"isPartOf\":{\"@id\":\"https:\/\/sare.eus\/#website\"},\"primaryImageOfPage\":{\"@id\":\"https:\/\/sare.eus\/es\/sare-presenta-la-vuelta-ciclista-y-las-movilizaciones-de-las-capitales-para-este-verano\/#primaryimage\"},\"image\":{\"@id\":\"https:\/\/sare.eus\/es\/sare-presenta-la-vuelta-ciclista-y-las-movilizaciones-de-las-capitales-para-este-verano\/#primaryimage\"},\"thumbnailUrl\":\"https:\/\/sare.eus\/wp-content\/uploads\/2022\/06\/sare-herritarra-2022.06.07-Gasteiz_web-1.jpg\",\"datePublished\":\"2022-06-06T19:39:50+00:00\",\"dateModified\":\"2022-06-07T10:37:19+00:00\",\"breadcrumb\":{\"@id\":\"https:\/\/sare.eus\/es\/sare-presenta-la-vuelta-ciclista-y-las-movilizaciones-de-las-capitales-para-este-verano\/#breadcrumb\"},\"inLanguage\":\"es\",\"potentialAction\":[{\"@type\":\"ReadAction\",\"target\":[\"https:\/\/sare.eus\/es\/sare-presenta-la-vuelta-ciclista-y-las-movilizaciones-de-las-capitales-para-este-verano\/\"]}]},{\"@type\":\"ImageObject\",\"inLanguage\":\"es\",\"@id\":\"https:\/\/sare.eus\/es\/sare-presenta-la-vuelta-ciclista-y-las-movilizaciones-de-las-capitales-para-este-verano\/#primaryimage\",\"url\":\"https:\/\/sare.eus\/wp-content\/uploads\/2022\/06\/sare-herritarra-2022.06.07-Gasteiz_web-1.jpg\",\"contentUrl\":\"https:\/\/sare.eus\/wp-content\/uploads\/2022\/06\/sare-herritarra-2022.06.07-Gasteiz_web-1.jpg\",\"width\":1280,\"height\":960},{\"@type\":\"BreadcrumbList\",\"@id\":\"https:\/\/sare.eus\/es\/sare-presenta-la-vuelta-ciclista-y-las-movilizaciones-de-las-capitales-para-este-verano\/#breadcrumb\",\"itemListElement\":[{\"@type\":\"ListItem\",\"position\":1,\"name\":\"Home\",\"item\":\"https:\/\/sare.eus\/\"},{\"@type\":\"ListItem\",\"position\":2,\"name\":\"SARE PRESENTA LA VUELTA CICLISTA Y LAS MOVILIZACIONES de LAS CAPITALES paraeste VERANO\"}]},{\"@type\":\"WebSite\",\"@id\":\"https:\/\/sare.eus\/#website\",\"url\":\"https:\/\/sare.eus\/\",\"name\":\"Sare Herritarra\",\"description\":\"KONPONBIDEAREN ETA GIZA ESKUBIDEEN ALDEKO SARE HERRITARRA\",\"publisher\":{\"@id\":\"https:\/\/sare.eus\/#organization\"},\"potentialAction\":[{\"@type\":\"SearchAction\",\"target\":{\"@type\":\"EntryPoint\",\"urlTemplate\":\"https:\/\/sare.eus\/?s={search_term_string}\"},\"query-input\":{\"@type\":\"PropertyValueSpecification\",\"valueRequired\":true,\"valueName\":\"search_term_string\"}}],\"inLanguage\":\"es\"},{\"@type\":\"Organization\",\"@id\":\"https:\/\/sare.eus\/#organization\",\"name\":\"Sare Herritarra\",\"url\":\"https:\/\/sare.eus\/\",\"logo\":{\"@type\":\"ImageObject\",\"inLanguage\":\"es\",\"@id\":\"https:\/\/sare.eus\/#\/schema\/logo\/image\/\",\"url\":\"https:\/\/sare.eus\/wp-content\/uploads\/2021\/08\/sare.png\",\"contentUrl\":\"https:\/\/sare.eus\/wp-content\/uploads\/2021\/08\/sare.png\",\"width\":120,\"height\":142,\"caption\":\"Sare Herritarra\"},\"image\":{\"@id\":\"https:\/\/sare.eus\/#\/schema\/logo\/image\/\"}},{\"@type\":\"Person\",\"@id\":\"https:\/\/sare.eus\/#\/schema\/person\/2fe6d0df294f56313d3ab236dbe38e17\",\"name\":\"sare\",\"image\":{\"@type\":\"ImageObject\",\"inLanguage\":\"es\",\"@id\":\"https:\/\/sare.eus\/#\/schema\/person\/image\/\",\"url\":\"https:\/\/secure.gravatar.com\/avatar\/77cad838677ceb1977e7b3c878b55eaa7fa4aae2158983063b047c3ad7ef2c25?s=96&d=mm&r=g\",\"contentUrl\":\"https:\/\/secure.gravatar.com\/avatar\/77cad838677ceb1977e7b3c878b55eaa7fa4aae2158983063b047c3ad7ef2c25?s=96&d=mm&r=g\",\"caption\":\"sare\"},\"url\":\"https:\/\/sare.eus\/es\/author\/sare\/\"}]}<\/script>\n<!-- \/ Yoast SEO plugin. -->","yoast_head_json":{"title":"SARE PRESENTA LA VUELTA CICLISTA Y LAS MOVILIZACIONES de LAS CAPITALES paraeste VERANO - Sare Herritarra","robots":{"index":"index","follow":"follow","max-snippet":"max-snippet:-1","max-image-preview":"max-image-preview:large","max-video-preview":"max-video-preview:-1"},"canonical":"https:\/\/sare.eus\/es\/sare-presenta-la-vuelta-ciclista-y-las-movilizaciones-de-las-capitales-para-este-verano\/","og_locale":"es_ES","og_type":"article","og_title":"SARE PRESENTA LA VUELTA CICLISTA Y LAS MOVILIZACIONES de LAS CAPITALES paraeste VERANO - Sare Herritarra","og_description":"El 18 junio pr\u00f3ximo har\u00e1 cuatro a\u00f1os que el pdte. S\u00e1nchez manifest\u00f3 p\u00fablicamente que el Gobierno Espa\u00f1ol iniciaba un proceso de sustituci\u00f3n de una pol\u00edtica penitenciaria de excepci\u00f3n que duraba [&hellip;]","og_url":"https:\/\/sare.eus\/es\/sare-presenta-la-vuelta-ciclista-y-las-movilizaciones-de-las-capitales-para-este-verano\/","og_site_name":"Sare Herritarra","article_published_time":"2022-06-06T19:39:50+00:00","article_modified_time":"2022-06-07T10:37:19+00:00","og_image":[{"width":1280,"height":960,"url":"https:\/\/sare.eus\/wp-content\/uploads\/2022\/06\/sare-herritarra-2022.06.07-Gasteiz_web-1.jpg","type":"image\/jpeg"}],"author":"sare","twitter_card":"summary_large_image","twitter_misc":{"Escrito por":"sare","Tiempo de lectura":"4 minutos"},"schema":{"@context":"https:\/\/schema.org","@graph":[{"@type":"Article","@id":"https:\/\/sare.eus\/es\/sare-presenta-la-vuelta-ciclista-y-las-movilizaciones-de-las-capitales-para-este-verano\/#article","isPartOf":{"@id":"https:\/\/sare.eus\/es\/sare-presenta-la-vuelta-ciclista-y-las-movilizaciones-de-las-capitales-para-este-verano\/"},"author":{"name":"sare","@id":"https:\/\/sare.eus\/#\/schema\/person\/2fe6d0df294f56313d3ab236dbe38e17"},"headline":"SARE PRESENTA LA VUELTA CICLISTA Y LAS MOVILIZACIONES de LAS CAPITALES paraeste VERANO","datePublished":"2022-06-06T19:39:50+00:00","dateModified":"2022-06-07T10:37:19+00:00","mainEntityOfPage":{"@id":"https:\/\/sare.eus\/es\/sare-presenta-la-vuelta-ciclista-y-las-movilizaciones-de-las-capitales-para-este-verano\/"},"wordCount":753,"publisher":{"@id":"https:\/\/sare.eus\/#organization"},"image":{"@id":"https:\/\/sare.eus\/es\/sare-presenta-la-vuelta-ciclista-y-las-movilizaciones-de-las-capitales-para-este-verano\/#primaryimage"},"thumbnailUrl":"https:\/\/sare.eus\/wp-content\/uploads\/2022\/06\/sare-herritarra-2022.06.07-Gasteiz_web-1.jpg","articleSection":["Etxera"],"inLanguage":"es"},{"@type":"WebPage","@id":"https:\/\/sare.eus\/es\/sare-presenta-la-vuelta-ciclista-y-las-movilizaciones-de-las-capitales-para-este-verano\/","url":"https:\/\/sare.eus\/es\/sare-presenta-la-vuelta-ciclista-y-las-movilizaciones-de-las-capitales-para-este-verano\/","name":"SARE PRESENTA LA VUELTA CICLISTA Y LAS MOVILIZACIONES de LAS CAPITALES paraeste VERANO - Sare Herritarra","isPartOf":{"@id":"https:\/\/sare.eus\/#website"},"primaryImageOfPage":{"@id":"https:\/\/sare.eus\/es\/sare-presenta-la-vuelta-ciclista-y-las-movilizaciones-de-las-capitales-para-este-verano\/#primaryimage"},"image":{"@id":"https:\/\/sare.eus\/es\/sare-presenta-la-vuelta-ciclista-y-las-movilizaciones-de-las-capitales-para-este-verano\/#primaryimage"},"thumbnailUrl":"https:\/\/sare.eus\/wp-content\/uploads\/2022\/06\/sare-herritarra-2022.06.07-Gasteiz_web-1.jpg","datePublished":"2022-06-06T19:39:50+00:00","dateModified":"2022-06-07T10:37:19+00:00","breadcrumb":{"@id":"https:\/\/sare.eus\/es\/sare-presenta-la-vuelta-ciclista-y-las-movilizaciones-de-las-capitales-para-este-verano\/#breadcrumb"},"inLanguage":"es","potentialAction":[{"@type":"ReadAction","target":["https:\/\/sare.eus\/es\/sare-presenta-la-vuelta-ciclista-y-las-movilizaciones-de-las-capitales-para-este-verano\/"]}]},{"@type":"ImageObject","inLanguage":"es","@id":"https:\/\/sare.eus\/es\/sare-presenta-la-vuelta-ciclista-y-las-movilizaciones-de-las-capitales-para-este-verano\/#primaryimage","url":"https:\/\/sare.eus\/wp-content\/uploads\/2022\/06\/sare-herritarra-2022.06.07-Gasteiz_web-1.jpg","contentUrl":"https:\/\/sare.eus\/wp-content\/uploads\/2022\/06\/sare-herritarra-2022.06.07-Gasteiz_web-1.jpg","width":1280,"height":960},{"@type":"BreadcrumbList","@id":"https:\/\/sare.eus\/es\/sare-presenta-la-vuelta-ciclista-y-las-movilizaciones-de-las-capitales-para-este-verano\/#breadcrumb","itemListElement":[{"@type":"ListItem","position":1,"name":"Home","item":"https:\/\/sare.eus\/"},{"@type":"ListItem","position":2,"name":"SARE PRESENTA LA VUELTA CICLISTA Y LAS MOVILIZACIONES de LAS CAPITALES paraeste VERANO"}]},{"@type":"WebSite","@id":"https:\/\/sare.eus\/#website","url":"https:\/\/sare.eus\/","name":"Sare Herritarra","description":"KONPONBIDEAREN ETA GIZA ESKUBIDEEN ALDEKO SARE HERRITARRA","publisher":{"@id":"https:\/\/sare.eus\/#organization"},"potentialAction":[{"@type":"SearchAction","target":{"@type":"EntryPoint","urlTemplate":"https:\/\/sare.eus\/?s={search_term_string}"},"query-input":{"@type":"PropertyValueSpecification","valueRequired":true,"valueName":"search_term_string"}}],"inLanguage":"es"},{"@type":"Organization","@id":"https:\/\/sare.eus\/#organization","name":"Sare Herritarra","url":"https:\/\/sare.eus\/","logo":{"@type":"ImageObject","inLanguage":"es","@id":"https:\/\/sare.eus\/#\/schema\/logo\/image\/","url":"https:\/\/sare.eus\/wp-content\/uploads\/2021\/08\/sare.png","contentUrl":"https:\/\/sare.eus\/wp-content\/uploads\/2021\/08\/sare.png","width":120,"height":142,"caption":"Sare Herritarra"},"image":{"@id":"https:\/\/sare.eus\/#\/schema\/logo\/image\/"}},{"@type":"Person","@id":"https:\/\/sare.eus\/#\/schema\/person\/2fe6d0df294f56313d3ab236dbe38e17","name":"sare","image":{"@type":"ImageObject","inLanguage":"es","@id":"https:\/\/sare.eus\/#\/schema\/person\/image\/","url":"https:\/\/secure.gravatar.com\/avatar\/77cad838677ceb1977e7b3c878b55eaa7fa4aae2158983063b047c3ad7ef2c25?s=96&d=mm&r=g","contentUrl":"https:\/\/secure.gravatar.com\/avatar\/77cad838677ceb1977e7b3c878b55eaa7fa4aae2158983063b047c3ad7ef2c25?s=96&d=mm&r=g","caption":"sare"},"url":"https:\/\/sare.eus\/es\/author\/sare\/"}]}},"_links":{"self":[{"href":"https:\/\/sare.eus\/es\/wp-json\/wp\/v2\/posts\/3615","targetHints":{"allow":["GET"]}}],"collection":[{"href":"https:\/\/sare.eus\/es\/wp-json\/wp\/v2\/posts"}],"about":[{"href":"https:\/\/sare.eus\/es\/wp-json\/wp\/v2\/types\/post"}],"author":[{"embeddable":true,"href":"https:\/\/sare.eus\/es\/wp-json\/wp\/v2\/users\/2"}],"replies":[{"embeddable":true,"href":"https:\/\/sare.eus\/es\/wp-json\/wp\/v2\/comments?post=3615"}],"version-history":[{"count":3,"href":"https:\/\/sare.eus\/es\/wp-json\/wp\/v2\/posts\/3615\/revisions"}],"predecessor-version":[{"id":3633,"href":"https:\/\/sare.eus\/es\/wp-json\/wp\/v2\/posts\/3615\/revisions\/3633"}],"wp:featuredmedia":[{"embeddable":true,"href":"https:\/\/sare.eus\/es\/wp-json\/wp\/v2\/media\/3632"}],"wp:attachment":[{"href":"https:\/\/sare.eus\/es\/wp-json\/wp\/v2\/media?parent=3615"}],"wp:term":[{"taxonomy":"category","embeddable":true,"href":"https:\/\/sare.eus\/es\/wp-json\/wp\/v2\/categories?post=3615"},{"taxonomy":"post_tag","embeddable":true,"href":"https:\/\/sare.eus\/es\/wp-json\/wp\/v2\/tags?post=3615"}],"curies":[{"name":"wp","href":"https:\/\/api.w.org\/{rel}","templated":true}]}}