{"id":3575,"date":"2022-06-04T12:05:35","date_gmt":"2022-06-04T12:05:35","guid":{"rendered":"https:\/\/sare.eus\/herri-lasterketa-iruneko-espetxetik-gazteluko-plazara-etxera-bidea-gertu-lelopean\/"},"modified":"2022-06-06T18:57:31","modified_gmt":"2022-06-06T18:57:31","slug":"carrera-popular-desde-la-carcel-de-pamplona-a-la-plaza-del-castillo-bajo-el-lema-etxe-bidea-gertu","status":"publish","type":"post","link":"https:\/\/sare.eus\/es\/carrera-popular-desde-la-carcel-de-pamplona-a-la-plaza-del-castillo-bajo-el-lema-etxe-bidea-gertu\/","title":{"rendered":"CARRERA POPULAR DESDE LA C\u00c1RCEL DE PAMPLONA A LA PLAZA DEL CASTILLO BAJO EL LEMA \u00abETXE BIDEA GERTU\u00bb"},"content":{"rendered":"\n<figure class=\"wp-block-embed is-type-video is-provider-youtube wp-block-embed-youtube wp-embed-aspect-16-9 wp-has-aspect-ratio\"><div class=\"wp-block-embed__wrapper\">\n<iframe loading=\"lazy\" title=\"Urratsez urrats, euskal presoen etxeratzearen alde\" width=\"1080\" height=\"608\" src=\"https:\/\/www.youtube.com\/embed\/gsXTNRcr_wE?feature=oembed\" frameborder=\"0\" allow=\"accelerometer; autoplay; clipboard-write; encrypted-media; gyroscope; picture-in-picture\" allowfullscreen><\/iframe>\n<\/div><figcaption><strong>BIDEOA AHOTSA.INFO <\/strong><\/figcaption><\/figure>\n\n\n<p>Agradecemos en primer lugar a todos y todas las que hab\u00e9is participado en este sencillo y bonito acto. Hoy tambi\u00e9n hemos sumado kil\u00f3metros, hemos unido pasos a favor de la convivencia, la paz y la vuelta a casa de los y las presas vascas \u00a1Eskerrik asko eta biba zuek!<\/p>\n<p><strong>Hoy queremos destacar dos cuestiones:<\/strong><br \/>Por un lado, seguir denunciando. No se puede normalizar, lo que no es normal. Todav\u00eda hoy, las medidas que se aplican a los y las presas vascas son el alejamiento y son las medidas excepcionales. Se vuelve a repetir una y otra vez. Lo hemos visto esta misma semana con Xabier Atristain. La decisi\u00f3n del Tribunal Supremo contra la sentencia del Tribunal Europeo de Derechos Humanos es inveros\u00edmil, incomprensible y, sobre todo, totalmente contraria al respeto de los derechos humanos.<\/p>\n<p>Y es verdad que se han dado pasos en cuanto al alejamiento, el 62 por ciento est\u00e1 en prisiones de Euskal Herria, pero el 38 por ciento todav\u00eda NO. No s\u00f3lo eso, la pol\u00edtica penitenciaria excepcional que se aplica a los y las presas vascas, es decir, el alejamiento, la prolongaci\u00f3n de las penas o la imposici\u00f3n de largas penas casi de por vida y los obst\u00e1culos para pasar a tercer grado o para obtener permisos, tienen una clara intenci\u00f3n de obstaculizar los pasos que se est\u00e1n dando en este pa\u00eds a favor de la convivencia y de la paz. \u00a1Y esta sociedad tiene que decir basta ya!<\/p>\n<p>Por eso queremos hacer un llamamiento a seguir en la calle. Necesitamos una sociedad activa que ponga en el centro el tema de los y las presas y que d\u00e9 un impulso para desatascar la situaci\u00f3n y dar soluci\u00f3n.<\/p>\n<p><strong>Queremos hacer un llamamiento a toda la sociedad de Nafarroa a participar en la manifestaci\u00f3n que se celebrar\u00e1 el 18 de junio a las 18:00 horas desde el Parque de la Insumisi\u00f3n. (Hemos tenido que cambiar el punto de inicio de la Manifestaci\u00f3n por obligaci\u00f3n)<\/strong>\u00a0Desde esta Plaza del Castillo, centro de Iru\u00f1ea, hacemos un llamamiento, a los y las vecinas de las comarcas, pueblos y barrios de toda Nafarroa. Si est\u00e1s a favor de la convivencia, la paz y la vuelta a casa de los y las presas vascas, guarda la fecha y ven con nosotras.<br \/><strong>Etxera bidea GERTU!<\/strong><\/p>\n<p><img loading=\"lazy\" decoding=\"async\" class=\"alignnone wp-image-3569 size-large\" src=\"https:\/\/sare.eus\/wp-content\/uploads\/2022\/06\/EKAINAK-4-SARE-NAFARROA-01-1024x667.jpg\" alt=\"\" width=\"1024\" height=\"667\" srcset=\"https:\/\/sare.eus\/wp-content\/uploads\/2022\/06\/EKAINAK-4-SARE-NAFARROA-01-1024x667.jpg 1024w, https:\/\/sare.eus\/wp-content\/uploads\/2022\/06\/EKAINAK-4-SARE-NAFARROA-01-300x195.jpg 300w, https:\/\/sare.eus\/wp-content\/uploads\/2022\/06\/EKAINAK-4-SARE-NAFARROA-01-768x500.jpg 768w, https:\/\/sare.eus\/wp-content\/uploads\/2022\/06\/EKAINAK-4-SARE-NAFARROA-01-1080x704.jpg 1080w, https:\/\/sare.eus\/wp-content\/uploads\/2022\/06\/EKAINAK-4-SARE-NAFARROA-01.jpg 1280w\" sizes=\"(max-width: 1024px) 100vw, 1024px\" \/><\/p>\n<p>\u00a0<\/p>\n\n\n<figure class=\"wp-block-image size-large\"><img loading=\"lazy\" decoding=\"async\" width=\"724\" height=\"1024\" src=\"https:\/\/sare.eus\/wp-content\/uploads\/2022\/06\/Ek18_Gorde-data_intsumisio-Parkea_web-01-724x1024.jpg\" alt=\"\" class=\"wp-image-3603\" srcset=\"https:\/\/sare.eus\/wp-content\/uploads\/2022\/06\/Ek18_Gorde-data_intsumisio-Parkea_web-01-724x1024.jpg 724w, https:\/\/sare.eus\/wp-content\/uploads\/2022\/06\/Ek18_Gorde-data_intsumisio-Parkea_web-01-212x300.jpg 212w, https:\/\/sare.eus\/wp-content\/uploads\/2022\/06\/Ek18_Gorde-data_intsumisio-Parkea_web-01-768x1086.jpg 768w, https:\/\/sare.eus\/wp-content\/uploads\/2022\/06\/Ek18_Gorde-data_intsumisio-Parkea_web-01.jpg 842w\" sizes=\"(max-width: 724px) 100vw, 724px\" \/><\/figure>\n","protected":false},"excerpt":{"rendered":"<p>Agradecemos en primer lugar a todos y todas las que hab\u00e9is participado en este sencillo y bonito acto. Hoy tambi\u00e9n hemos sumado kil\u00f3metros, hemos unido pasos a favor de la [&hellip;]<\/p>\n","protected":false},"author":2,"featured_media":3571,"comment_status":"closed","ping_status":"closed","sticky":false,"template":"","format":"standard","meta":{"_acf_changed":false,"_et_pb_use_builder":"off","_et_pb_old_content":"","_et_gb_content_width":"","footnotes":""},"categories":[60],"tags":[],"class_list":["post-3575","post","type-post","status-publish","format-standard","has-post-thumbnail","hentry","category-etxera-es","et-has-post-format-content","et_post_format-et-post-format-standard"],"acf":[],"yoast_head":"<!-- This site is optimized with the Yoast SEO plugin v26.4 - https:\/\/yoast.com\/wordpress\/plugins\/seo\/ -->\n<title>CARRERA POPULAR DESDE LA C\u00c1RCEL DE PAMPLONA A LA PLAZA DEL CASTILLO BAJO EL LEMA &quot;ETXE BIDEA GERTU&quot; - Sare Herritarra<\/title>\n<meta name=\"robots\" content=\"index, follow, max-snippet:-1, max-image-preview:large, max-video-preview:-1\" \/>\n<link rel=\"canonical\" href=\"https:\/\/sare.eus\/es\/carrera-popular-desde-la-carcel-de-pamplona-a-la-plaza-del-castillo-bajo-el-lema-etxe-bidea-gertu\/\" \/>\n<meta property=\"og:locale\" content=\"es_ES\" \/>\n<meta property=\"og:type\" content=\"article\" \/>\n<meta property=\"og:title\" content=\"CARRERA POPULAR DESDE LA C\u00c1RCEL DE PAMPLONA A LA PLAZA DEL CASTILLO BAJO EL LEMA &quot;ETXE BIDEA GERTU&quot; - Sare Herritarra\" \/>\n<meta property=\"og:description\" content=\"Agradecemos en primer lugar a todos y todas las que hab\u00e9is participado en este sencillo y bonito acto. Hoy tambi\u00e9n hemos sumado kil\u00f3metros, hemos unido pasos a favor de la [&hellip;]\" \/>\n<meta property=\"og:url\" content=\"https:\/\/sare.eus\/es\/carrera-popular-desde-la-carcel-de-pamplona-a-la-plaza-del-castillo-bajo-el-lema-etxe-bidea-gertu\/\" \/>\n<meta property=\"og:site_name\" content=\"Sare Herritarra\" \/>\n<meta property=\"article:published_time\" content=\"2022-06-04T12:05:35+00:00\" \/>\n<meta property=\"article:modified_time\" content=\"2022-06-06T18:57:31+00:00\" \/>\n<meta property=\"og:image\" content=\"https:\/\/sare.eus\/wp-content\/uploads\/2022\/06\/EKAINAK-4-SARE-NAFARROA-02.jpg\" \/>\n\t<meta property=\"og:image:width\" content=\"1280\" \/>\n\t<meta property=\"og:image:height\" content=\"876\" \/>\n\t<meta property=\"og:image:type\" content=\"image\/jpeg\" \/>\n<meta name=\"author\" content=\"sare\" \/>\n<meta name=\"twitter:card\" content=\"summary_large_image\" \/>\n<meta name=\"twitter:label1\" content=\"Escrito por\" \/>\n\t<meta name=\"twitter:data1\" content=\"sare\" \/>\n\t<meta name=\"twitter:label2\" content=\"Tiempo de lectura\" \/>\n\t<meta name=\"twitter:data2\" content=\"3 minutos\" \/>\n<script type=\"application\/ld+json\" class=\"yoast-schema-graph\">{\"@context\":\"https:\/\/schema.org\",\"@graph\":[{\"@type\":\"Article\",\"@id\":\"https:\/\/sare.eus\/es\/carrera-popular-desde-la-carcel-de-pamplona-a-la-plaza-del-castillo-bajo-el-lema-etxe-bidea-gertu\/#article\",\"isPartOf\":{\"@id\":\"https:\/\/sare.eus\/es\/carrera-popular-desde-la-carcel-de-pamplona-a-la-plaza-del-castillo-bajo-el-lema-etxe-bidea-gertu\/\"},\"author\":{\"name\":\"sare\",\"@id\":\"https:\/\/sare.eus\/#\/schema\/person\/2fe6d0df294f56313d3ab236dbe38e17\"},\"headline\":\"CARRERA POPULAR DESDE LA C\u00c1RCEL DE PAMPLONA A LA PLAZA DEL CASTILLO BAJO EL LEMA \u00abETXE BIDEA GERTU\u00bb\",\"datePublished\":\"2022-06-04T12:05:35+00:00\",\"dateModified\":\"2022-06-06T18:57:31+00:00\",\"mainEntityOfPage\":{\"@id\":\"https:\/\/sare.eus\/es\/carrera-popular-desde-la-carcel-de-pamplona-a-la-plaza-del-castillo-bajo-el-lema-etxe-bidea-gertu\/\"},\"wordCount\":430,\"publisher\":{\"@id\":\"https:\/\/sare.eus\/#organization\"},\"image\":{\"@id\":\"https:\/\/sare.eus\/es\/carrera-popular-desde-la-carcel-de-pamplona-a-la-plaza-del-castillo-bajo-el-lema-etxe-bidea-gertu\/#primaryimage\"},\"thumbnailUrl\":\"https:\/\/sare.eus\/wp-content\/uploads\/2022\/06\/EKAINAK-4-SARE-NAFARROA-02.jpg\",\"articleSection\":[\"Etxera\"],\"inLanguage\":\"es\"},{\"@type\":\"WebPage\",\"@id\":\"https:\/\/sare.eus\/es\/carrera-popular-desde-la-carcel-de-pamplona-a-la-plaza-del-castillo-bajo-el-lema-etxe-bidea-gertu\/\",\"url\":\"https:\/\/sare.eus\/es\/carrera-popular-desde-la-carcel-de-pamplona-a-la-plaza-del-castillo-bajo-el-lema-etxe-bidea-gertu\/\",\"name\":\"CARRERA POPULAR DESDE LA C\u00c1RCEL DE PAMPLONA A LA PLAZA DEL CASTILLO BAJO EL LEMA \\\"ETXE BIDEA GERTU\\\" - Sare Herritarra\",\"isPartOf\":{\"@id\":\"https:\/\/sare.eus\/#website\"},\"primaryImageOfPage\":{\"@id\":\"https:\/\/sare.eus\/es\/carrera-popular-desde-la-carcel-de-pamplona-a-la-plaza-del-castillo-bajo-el-lema-etxe-bidea-gertu\/#primaryimage\"},\"image\":{\"@id\":\"https:\/\/sare.eus\/es\/carrera-popular-desde-la-carcel-de-pamplona-a-la-plaza-del-castillo-bajo-el-lema-etxe-bidea-gertu\/#primaryimage\"},\"thumbnailUrl\":\"https:\/\/sare.eus\/wp-content\/uploads\/2022\/06\/EKAINAK-4-SARE-NAFARROA-02.jpg\",\"datePublished\":\"2022-06-04T12:05:35+00:00\",\"dateModified\":\"2022-06-06T18:57:31+00:00\",\"breadcrumb\":{\"@id\":\"https:\/\/sare.eus\/es\/carrera-popular-desde-la-carcel-de-pamplona-a-la-plaza-del-castillo-bajo-el-lema-etxe-bidea-gertu\/#breadcrumb\"},\"inLanguage\":\"es\",\"potentialAction\":[{\"@type\":\"ReadAction\",\"target\":[\"https:\/\/sare.eus\/es\/carrera-popular-desde-la-carcel-de-pamplona-a-la-plaza-del-castillo-bajo-el-lema-etxe-bidea-gertu\/\"]}]},{\"@type\":\"ImageObject\",\"inLanguage\":\"es\",\"@id\":\"https:\/\/sare.eus\/es\/carrera-popular-desde-la-carcel-de-pamplona-a-la-plaza-del-castillo-bajo-el-lema-etxe-bidea-gertu\/#primaryimage\",\"url\":\"https:\/\/sare.eus\/wp-content\/uploads\/2022\/06\/EKAINAK-4-SARE-NAFARROA-02.jpg\",\"contentUrl\":\"https:\/\/sare.eus\/wp-content\/uploads\/2022\/06\/EKAINAK-4-SARE-NAFARROA-02.jpg\",\"width\":1280,\"height\":876},{\"@type\":\"BreadcrumbList\",\"@id\":\"https:\/\/sare.eus\/es\/carrera-popular-desde-la-carcel-de-pamplona-a-la-plaza-del-castillo-bajo-el-lema-etxe-bidea-gertu\/#breadcrumb\",\"itemListElement\":[{\"@type\":\"ListItem\",\"position\":1,\"name\":\"Home\",\"item\":\"https:\/\/sare.eus\/\"},{\"@type\":\"ListItem\",\"position\":2,\"name\":\"CARRERA POPULAR DESDE LA C\u00c1RCEL DE PAMPLONA A LA PLAZA DEL CASTILLO BAJO EL LEMA \u00abETXE BIDEA GERTU\u00bb\"}]},{\"@type\":\"WebSite\",\"@id\":\"https:\/\/sare.eus\/#website\",\"url\":\"https:\/\/sare.eus\/\",\"name\":\"Sare Herritarra\",\"description\":\"KONPONBIDEAREN ETA GIZA ESKUBIDEEN ALDEKO SARE HERRITARRA\",\"publisher\":{\"@id\":\"https:\/\/sare.eus\/#organization\"},\"potentialAction\":[{\"@type\":\"SearchAction\",\"target\":{\"@type\":\"EntryPoint\",\"urlTemplate\":\"https:\/\/sare.eus\/?s={search_term_string}\"},\"query-input\":{\"@type\":\"PropertyValueSpecification\",\"valueRequired\":true,\"valueName\":\"search_term_string\"}}],\"inLanguage\":\"es\"},{\"@type\":\"Organization\",\"@id\":\"https:\/\/sare.eus\/#organization\",\"name\":\"Sare Herritarra\",\"url\":\"https:\/\/sare.eus\/\",\"logo\":{\"@type\":\"ImageObject\",\"inLanguage\":\"es\",\"@id\":\"https:\/\/sare.eus\/#\/schema\/logo\/image\/\",\"url\":\"https:\/\/sare.eus\/wp-content\/uploads\/2021\/08\/sare.png\",\"contentUrl\":\"https:\/\/sare.eus\/wp-content\/uploads\/2021\/08\/sare.png\",\"width\":120,\"height\":142,\"caption\":\"Sare Herritarra\"},\"image\":{\"@id\":\"https:\/\/sare.eus\/#\/schema\/logo\/image\/\"}},{\"@type\":\"Person\",\"@id\":\"https:\/\/sare.eus\/#\/schema\/person\/2fe6d0df294f56313d3ab236dbe38e17\",\"name\":\"sare\",\"image\":{\"@type\":\"ImageObject\",\"inLanguage\":\"es\",\"@id\":\"https:\/\/sare.eus\/#\/schema\/person\/image\/\",\"url\":\"https:\/\/secure.gravatar.com\/avatar\/77cad838677ceb1977e7b3c878b55eaa7fa4aae2158983063b047c3ad7ef2c25?s=96&d=mm&r=g\",\"contentUrl\":\"https:\/\/secure.gravatar.com\/avatar\/77cad838677ceb1977e7b3c878b55eaa7fa4aae2158983063b047c3ad7ef2c25?s=96&d=mm&r=g\",\"caption\":\"sare\"},\"url\":\"https:\/\/sare.eus\/es\/author\/sare\/\"}]}<\/script>\n<!-- \/ Yoast SEO plugin. -->","yoast_head_json":{"title":"CARRERA POPULAR DESDE LA C\u00c1RCEL DE PAMPLONA A LA PLAZA DEL CASTILLO BAJO EL LEMA \"ETXE BIDEA GERTU\" - Sare Herritarra","robots":{"index":"index","follow":"follow","max-snippet":"max-snippet:-1","max-image-preview":"max-image-preview:large","max-video-preview":"max-video-preview:-1"},"canonical":"https:\/\/sare.eus\/es\/carrera-popular-desde-la-carcel-de-pamplona-a-la-plaza-del-castillo-bajo-el-lema-etxe-bidea-gertu\/","og_locale":"es_ES","og_type":"article","og_title":"CARRERA POPULAR DESDE LA C\u00c1RCEL DE PAMPLONA A LA PLAZA DEL CASTILLO BAJO EL LEMA \"ETXE BIDEA GERTU\" - Sare Herritarra","og_description":"Agradecemos en primer lugar a todos y todas las que hab\u00e9is participado en este sencillo y bonito acto. Hoy tambi\u00e9n hemos sumado kil\u00f3metros, hemos unido pasos a favor de la [&hellip;]","og_url":"https:\/\/sare.eus\/es\/carrera-popular-desde-la-carcel-de-pamplona-a-la-plaza-del-castillo-bajo-el-lema-etxe-bidea-gertu\/","og_site_name":"Sare Herritarra","article_published_time":"2022-06-04T12:05:35+00:00","article_modified_time":"2022-06-06T18:57:31+00:00","og_image":[{"width":1280,"height":876,"url":"https:\/\/sare.eus\/wp-content\/uploads\/2022\/06\/EKAINAK-4-SARE-NAFARROA-02.jpg","type":"image\/jpeg"}],"author":"sare","twitter_card":"summary_large_image","twitter_misc":{"Escrito por":"sare","Tiempo de lectura":"3 minutos"},"schema":{"@context":"https:\/\/schema.org","@graph":[{"@type":"Article","@id":"https:\/\/sare.eus\/es\/carrera-popular-desde-la-carcel-de-pamplona-a-la-plaza-del-castillo-bajo-el-lema-etxe-bidea-gertu\/#article","isPartOf":{"@id":"https:\/\/sare.eus\/es\/carrera-popular-desde-la-carcel-de-pamplona-a-la-plaza-del-castillo-bajo-el-lema-etxe-bidea-gertu\/"},"author":{"name":"sare","@id":"https:\/\/sare.eus\/#\/schema\/person\/2fe6d0df294f56313d3ab236dbe38e17"},"headline":"CARRERA POPULAR DESDE LA C\u00c1RCEL DE PAMPLONA A LA PLAZA DEL CASTILLO BAJO EL LEMA \u00abETXE BIDEA GERTU\u00bb","datePublished":"2022-06-04T12:05:35+00:00","dateModified":"2022-06-06T18:57:31+00:00","mainEntityOfPage":{"@id":"https:\/\/sare.eus\/es\/carrera-popular-desde-la-carcel-de-pamplona-a-la-plaza-del-castillo-bajo-el-lema-etxe-bidea-gertu\/"},"wordCount":430,"publisher":{"@id":"https:\/\/sare.eus\/#organization"},"image":{"@id":"https:\/\/sare.eus\/es\/carrera-popular-desde-la-carcel-de-pamplona-a-la-plaza-del-castillo-bajo-el-lema-etxe-bidea-gertu\/#primaryimage"},"thumbnailUrl":"https:\/\/sare.eus\/wp-content\/uploads\/2022\/06\/EKAINAK-4-SARE-NAFARROA-02.jpg","articleSection":["Etxera"],"inLanguage":"es"},{"@type":"WebPage","@id":"https:\/\/sare.eus\/es\/carrera-popular-desde-la-carcel-de-pamplona-a-la-plaza-del-castillo-bajo-el-lema-etxe-bidea-gertu\/","url":"https:\/\/sare.eus\/es\/carrera-popular-desde-la-carcel-de-pamplona-a-la-plaza-del-castillo-bajo-el-lema-etxe-bidea-gertu\/","name":"CARRERA POPULAR DESDE LA C\u00c1RCEL DE PAMPLONA A LA PLAZA DEL CASTILLO BAJO EL LEMA \"ETXE BIDEA GERTU\" - Sare Herritarra","isPartOf":{"@id":"https:\/\/sare.eus\/#website"},"primaryImageOfPage":{"@id":"https:\/\/sare.eus\/es\/carrera-popular-desde-la-carcel-de-pamplona-a-la-plaza-del-castillo-bajo-el-lema-etxe-bidea-gertu\/#primaryimage"},"image":{"@id":"https:\/\/sare.eus\/es\/carrera-popular-desde-la-carcel-de-pamplona-a-la-plaza-del-castillo-bajo-el-lema-etxe-bidea-gertu\/#primaryimage"},"thumbnailUrl":"https:\/\/sare.eus\/wp-content\/uploads\/2022\/06\/EKAINAK-4-SARE-NAFARROA-02.jpg","datePublished":"2022-06-04T12:05:35+00:00","dateModified":"2022-06-06T18:57:31+00:00","breadcrumb":{"@id":"https:\/\/sare.eus\/es\/carrera-popular-desde-la-carcel-de-pamplona-a-la-plaza-del-castillo-bajo-el-lema-etxe-bidea-gertu\/#breadcrumb"},"inLanguage":"es","potentialAction":[{"@type":"ReadAction","target":["https:\/\/sare.eus\/es\/carrera-popular-desde-la-carcel-de-pamplona-a-la-plaza-del-castillo-bajo-el-lema-etxe-bidea-gertu\/"]}]},{"@type":"ImageObject","inLanguage":"es","@id":"https:\/\/sare.eus\/es\/carrera-popular-desde-la-carcel-de-pamplona-a-la-plaza-del-castillo-bajo-el-lema-etxe-bidea-gertu\/#primaryimage","url":"https:\/\/sare.eus\/wp-content\/uploads\/2022\/06\/EKAINAK-4-SARE-NAFARROA-02.jpg","contentUrl":"https:\/\/sare.eus\/wp-content\/uploads\/2022\/06\/EKAINAK-4-SARE-NAFARROA-02.jpg","width":1280,"height":876},{"@type":"BreadcrumbList","@id":"https:\/\/sare.eus\/es\/carrera-popular-desde-la-carcel-de-pamplona-a-la-plaza-del-castillo-bajo-el-lema-etxe-bidea-gertu\/#breadcrumb","itemListElement":[{"@type":"ListItem","position":1,"name":"Home","item":"https:\/\/sare.eus\/"},{"@type":"ListItem","position":2,"name":"CARRERA POPULAR DESDE LA C\u00c1RCEL DE PAMPLONA A LA PLAZA DEL CASTILLO BAJO EL LEMA \u00abETXE BIDEA GERTU\u00bb"}]},{"@type":"WebSite","@id":"https:\/\/sare.eus\/#website","url":"https:\/\/sare.eus\/","name":"Sare Herritarra","description":"KONPONBIDEAREN ETA GIZA ESKUBIDEEN ALDEKO SARE HERRITARRA","publisher":{"@id":"https:\/\/sare.eus\/#organization"},"potentialAction":[{"@type":"SearchAction","target":{"@type":"EntryPoint","urlTemplate":"https:\/\/sare.eus\/?s={search_term_string}"},"query-input":{"@type":"PropertyValueSpecification","valueRequired":true,"valueName":"search_term_string"}}],"inLanguage":"es"},{"@type":"Organization","@id":"https:\/\/sare.eus\/#organization","name":"Sare Herritarra","url":"https:\/\/sare.eus\/","logo":{"@type":"ImageObject","inLanguage":"es","@id":"https:\/\/sare.eus\/#\/schema\/logo\/image\/","url":"https:\/\/sare.eus\/wp-content\/uploads\/2021\/08\/sare.png","contentUrl":"https:\/\/sare.eus\/wp-content\/uploads\/2021\/08\/sare.png","width":120,"height":142,"caption":"Sare Herritarra"},"image":{"@id":"https:\/\/sare.eus\/#\/schema\/logo\/image\/"}},{"@type":"Person","@id":"https:\/\/sare.eus\/#\/schema\/person\/2fe6d0df294f56313d3ab236dbe38e17","name":"sare","image":{"@type":"ImageObject","inLanguage":"es","@id":"https:\/\/sare.eus\/#\/schema\/person\/image\/","url":"https:\/\/secure.gravatar.com\/avatar\/77cad838677ceb1977e7b3c878b55eaa7fa4aae2158983063b047c3ad7ef2c25?s=96&d=mm&r=g","contentUrl":"https:\/\/secure.gravatar.com\/avatar\/77cad838677ceb1977e7b3c878b55eaa7fa4aae2158983063b047c3ad7ef2c25?s=96&d=mm&r=g","caption":"sare"},"url":"https:\/\/sare.eus\/es\/author\/sare\/"}]}},"_links":{"self":[{"href":"https:\/\/sare.eus\/es\/wp-json\/wp\/v2\/posts\/3575","targetHints":{"allow":["GET"]}}],"collection":[{"href":"https:\/\/sare.eus\/es\/wp-json\/wp\/v2\/posts"}],"about":[{"href":"https:\/\/sare.eus\/es\/wp-json\/wp\/v2\/types\/post"}],"author":[{"embeddable":true,"href":"https:\/\/sare.eus\/es\/wp-json\/wp\/v2\/users\/2"}],"replies":[{"embeddable":true,"href":"https:\/\/sare.eus\/es\/wp-json\/wp\/v2\/comments?post=3575"}],"version-history":[{"count":6,"href":"https:\/\/sare.eus\/es\/wp-json\/wp\/v2\/posts\/3575\/revisions"}],"predecessor-version":[{"id":3608,"href":"https:\/\/sare.eus\/es\/wp-json\/wp\/v2\/posts\/3575\/revisions\/3608"}],"wp:featuredmedia":[{"embeddable":true,"href":"https:\/\/sare.eus\/es\/wp-json\/wp\/v2\/media\/3571"}],"wp:attachment":[{"href":"https:\/\/sare.eus\/es\/wp-json\/wp\/v2\/media?parent=3575"}],"wp:term":[{"taxonomy":"category","embeddable":true,"href":"https:\/\/sare.eus\/es\/wp-json\/wp\/v2\/categories?post=3575"},{"taxonomy":"post_tag","embeddable":true,"href":"https:\/\/sare.eus\/es\/wp-json\/wp\/v2\/tags?post=3575"}],"curies":[{"name":"wp","href":"https:\/\/api.w.org\/{rel}","templated":true}]}}