{"id":3512,"date":"2022-05-16T09:44:22","date_gmt":"2022-05-16T09:44:22","guid":{"rendered":"https:\/\/sare.eus\/xabier-atristainen-auziaren-inguruan-emaniko-epaiaren-aurrean-sarek-duen-iritzia-plazaratu-nahi-du\/"},"modified":"2022-05-21T11:22:55","modified_gmt":"2022-05-21T11:22:55","slug":"la-opinion-de-la-red-ciudadana-sare-ante-la-sentencia-del-tedh-en-el-caso-de-xabier-atristain-y-las-consecuencias-que-esta-decision-pueda-tener-en-el-futuro-proximo-2","status":"publish","type":"post","link":"https:\/\/sare.eus\/es\/la-opinion-de-la-red-ciudadana-sare-ante-la-sentencia-del-tedh-en-el-caso-de-xabier-atristain-y-las-consecuencias-que-esta-decision-pueda-tener-en-el-futuro-proximo-2\/","title":{"rendered":"La opini\u00f3n de la Red Ciudadana SARE, ante la sentencia del TEDH en el caso de Xabier Atristain y las consecuencias que esta decisi\u00f3n pueda tener en el futuro pr\u00f3ximo"},"content":{"rendered":"<p>Nos ha parecido oportuno trasladar a la opini\u00f3n publica, a trav\u00e9s de Vds., la opini\u00f3n de la Red Ciudadana SARE, ante la sentencia del TEDH en el caso de Xabier Atristain y las consecuencias que esta decisi\u00f3n pueda tener en el futuro pr\u00f3ximo.<\/p>\n<p>En primer lugar, queremos dejar constancia, que durante d\u00e9cadas y desde diferentes \u00e1mbitos pol\u00edticos, asociativos e incluso judiciales, se ha venido denunciando la situaci\u00f3n de vulnerabilidad de derechos que han sufrido los presos y presas vascas.<\/p>\n<p>Esta ratificaci\u00f3n de la sentencia del TEDH, se refiere, fundamentalmente, a la necesaria garant\u00eda de la asistencia letrada a las personas detenidas y que esta se produzca desde el mismo momento en que una persona es detenida hasta su comparecencia ante el juez correspondiente.<\/p>\n<p>Es esto lo que no se ha producido ni en este caso, ni en la mayor\u00eda de los presos y presas vascos, juzgados y condenados por la AN.<\/p>\n<p>Se han vulnerado, fundamentalmente, los arts. 6.1 y 6.3 del Convenio Europeo de Derechos Humanos y es esto lo que ha tenido que corregir el Tribunal europeo<\/p>\n<p>Debemos constatar, que esta siendo ya, la propia AN, la que est\u00e1 corrigiendo estas an\u00f3malas situaciones, como se demuestra en la sentencia de Gorka Palacios y la conocida este pasado viernes en el caso de Iglesias Chouza que ha sido absuelto porque las \u00fanicas pruebas en su contra fueron obtenidas producto de la incomunicaci\u00f3n a la que se le someti\u00f3.<\/p>\n<p>La decisi\u00f3n adoptada por el TEDH, no solo afecta a Xabier Atristain, sino, tambi\u00e9n, a un numero muy importante de presos y presas vascos.<\/p>\n<p>La conclusi\u00f3n es, la propia de una justicia democr\u00e1tica: sin derecho a la defensa, no cabe condena alguna.<\/p>\n<p>Este n\u00famero importante de presos y presas, no debieron ser condenados, porque se vulner\u00f3 sus derechos a la defensa y por tanto, todas las sentencias que se hayan dictado, vulnerando esos derechos fundamentales, deben ser consideradas como nulas.<\/p>\n<p>El Reino de Espa\u00f1a, ha sido condenado y tiene el deber de reparar las violaciones del Convenio de DDHH, en todos los casos similares a los de Xabier Atristain. Y esto debe hacerse de manera urgente y eficaz.<\/p>\n<p>Desde la Red Ciudadana SARE, consideramos que los tribunales internos, Audiencia Nacional y\/o Tribunal Supremo, deben de dar una soluci\u00f3n jur\u00eddica adecuada a todos estos casos, sin que las personas afectadas se vean obligadas a acudir al TEDH para hacer valer sus derechos y alargar de esta forma su estancia en prisi\u00f3n, con sus derechos vulnerados.<\/p>\n<p>Es el momento de poner fin a esta situaci\u00f3n y en nuestro caso, continuaremos denunciando actuaciones que como la privaci\u00f3n del derecho a la defensa, pone en duda la existencia de un estado democr\u00e1tico y derecho.<\/p>\n<p><strong>CONCLUSIONES<\/strong><\/p>\n<p>1.- Durante d\u00e9cadas, se han vulnerado los derechos de los presos y presas vascos, a trav\u00e9s de legislaciones excepcionales, con el benepl\u00e1cito de una justicia politizada.<\/p>\n<p>2.- Han vuelto a ser los Tribunales europeos, quienes, aunque tarde, ponen freno a una parte de estas vulneraciones de derechos.<\/p>\n<p>3.- Sin derecho a la defensa, no cabe condena alguna<\/p>\n<p>4.- Las sentencias que se hayan dictado vulnerando un derecho fundamental, como es el derecho a la defensa, deben ser condenas nulas.<\/p>\n<p>5.- El Reino de Espa\u00f1a, est\u00e1 obligado a restablecer estos derechos vulnerados, sin demora alguna<\/p>\n<p>6.- Desde Sare, continuaremos trabajando hasta conseguir que la legislaci\u00f3n ordinaria no sea la excepci\u00f3n, sino la norma<\/p>\n<hr \/>\n<p><strong>&gt;&gt; <a href=\"https:\/\/sare.eus\/wp-content\/uploads\/2022\/05\/Documento-de-SARE-Sentencia-Atristain.pdf\">Documento de SARE Sentencia Atristain<\/a> (CASTELLANO PDF)\u00a0<\/strong><\/p>\n","protected":false},"excerpt":{"rendered":"<p>Nos ha parecido oportuno trasladar a la opini\u00f3n publica, a trav\u00e9s de Vds., la opini\u00f3n de la Red Ciudadana SARE, ante la sentencia del TEDH en el caso de Xabier [&hellip;]<\/p>\n","protected":false},"author":2,"featured_media":3456,"comment_status":"closed","ping_status":"closed","sticky":false,"template":"","format":"standard","meta":{"_acf_changed":false,"_et_pb_use_builder":"off","_et_pb_old_content":"","_et_gb_content_width":"","footnotes":""},"categories":[69],"tags":[],"class_list":["post-3512","post","type-post","status-publish","format-standard","has-post-thumbnail","hentry","category-leyes-de-excepcion","et-has-post-format-content","et_post_format-et-post-format-standard"],"acf":[],"yoast_head":"<!-- This site is optimized with the Yoast SEO plugin v26.4 - https:\/\/yoast.com\/wordpress\/plugins\/seo\/ -->\n<title>La opini\u00f3n de la Red Ciudadana SARE, ante la sentencia del TEDH en el caso de Xabier Atristain y las consecuencias que esta decisi\u00f3n pueda tener en el futuro pr\u00f3ximo - Sare Herritarra<\/title>\n<meta name=\"robots\" content=\"index, follow, max-snippet:-1, max-image-preview:large, max-video-preview:-1\" \/>\n<link rel=\"canonical\" href=\"https:\/\/sare.eus\/es\/la-opinion-de-la-red-ciudadana-sare-ante-la-sentencia-del-tedh-en-el-caso-de-xabier-atristain-y-las-consecuencias-que-esta-decision-pueda-tener-en-el-futuro-proximo-2\/\" \/>\n<meta property=\"og:locale\" content=\"es_ES\" \/>\n<meta property=\"og:type\" content=\"article\" \/>\n<meta property=\"og:title\" content=\"La opini\u00f3n de la Red Ciudadana SARE, ante la sentencia del TEDH en el caso de Xabier Atristain y las consecuencias que esta decisi\u00f3n pueda tener en el futuro pr\u00f3ximo - Sare Herritarra\" \/>\n<meta property=\"og:description\" content=\"Nos ha parecido oportuno trasladar a la opini\u00f3n publica, a trav\u00e9s de Vds., la opini\u00f3n de la Red Ciudadana SARE, ante la sentencia del TEDH en el caso de Xabier [&hellip;]\" \/>\n<meta property=\"og:url\" content=\"https:\/\/sare.eus\/es\/la-opinion-de-la-red-ciudadana-sare-ante-la-sentencia-del-tedh-en-el-caso-de-xabier-atristain-y-las-consecuencias-que-esta-decision-pueda-tener-en-el-futuro-proximo-2\/\" \/>\n<meta property=\"og:site_name\" content=\"Sare Herritarra\" \/>\n<meta property=\"article:published_time\" content=\"2022-05-16T09:44:22+00:00\" \/>\n<meta property=\"article:modified_time\" content=\"2022-05-21T11:22:55+00:00\" \/>\n<meta property=\"og:image\" content=\"https:\/\/sare.eus\/wp-content\/uploads\/2022\/05\/WhatsApp-Image-2022-05-16-at-11.31.55-AM.jpeg\" \/>\n\t<meta property=\"og:image:width\" content=\"2048\" \/>\n\t<meta property=\"og:image:height\" content=\"1820\" \/>\n\t<meta property=\"og:image:type\" content=\"image\/jpeg\" \/>\n<meta name=\"author\" content=\"sare\" \/>\n<meta name=\"twitter:card\" content=\"summary_large_image\" \/>\n<meta name=\"twitter:label1\" content=\"Escrito por\" \/>\n\t<meta name=\"twitter:data1\" content=\"sare\" \/>\n\t<meta name=\"twitter:label2\" content=\"Tiempo de lectura\" \/>\n\t<meta name=\"twitter:data2\" content=\"4 minutos\" \/>\n<script type=\"application\/ld+json\" class=\"yoast-schema-graph\">{\"@context\":\"https:\/\/schema.org\",\"@graph\":[{\"@type\":\"Article\",\"@id\":\"https:\/\/sare.eus\/es\/la-opinion-de-la-red-ciudadana-sare-ante-la-sentencia-del-tedh-en-el-caso-de-xabier-atristain-y-las-consecuencias-que-esta-decision-pueda-tener-en-el-futuro-proximo-2\/#article\",\"isPartOf\":{\"@id\":\"https:\/\/sare.eus\/es\/la-opinion-de-la-red-ciudadana-sare-ante-la-sentencia-del-tedh-en-el-caso-de-xabier-atristain-y-las-consecuencias-que-esta-decision-pueda-tener-en-el-futuro-proximo-2\/\"},\"author\":{\"name\":\"sare\",\"@id\":\"https:\/\/sare.eus\/#\/schema\/person\/2fe6d0df294f56313d3ab236dbe38e17\"},\"headline\":\"La opini\u00f3n de la Red Ciudadana SARE, ante la sentencia del TEDH en el caso de Xabier Atristain y las consecuencias que esta decisi\u00f3n pueda tener en el futuro pr\u00f3ximo\",\"datePublished\":\"2022-05-16T09:44:22+00:00\",\"dateModified\":\"2022-05-21T11:22:55+00:00\",\"mainEntityOfPage\":{\"@id\":\"https:\/\/sare.eus\/es\/la-opinion-de-la-red-ciudadana-sare-ante-la-sentencia-del-tedh-en-el-caso-de-xabier-atristain-y-las-consecuencias-que-esta-decision-pueda-tener-en-el-futuro-proximo-2\/\"},\"wordCount\":633,\"publisher\":{\"@id\":\"https:\/\/sare.eus\/#organization\"},\"image\":{\"@id\":\"https:\/\/sare.eus\/es\/la-opinion-de-la-red-ciudadana-sare-ante-la-sentencia-del-tedh-en-el-caso-de-xabier-atristain-y-las-consecuencias-que-esta-decision-pueda-tener-en-el-futuro-proximo-2\/#primaryimage\"},\"thumbnailUrl\":\"https:\/\/sare.eus\/wp-content\/uploads\/2022\/05\/WhatsApp-Image-2022-05-16-at-11.31.55-AM.jpeg\",\"articleSection\":[\"Leyes de Excepci\u00f3n\"],\"inLanguage\":\"es\"},{\"@type\":\"WebPage\",\"@id\":\"https:\/\/sare.eus\/es\/la-opinion-de-la-red-ciudadana-sare-ante-la-sentencia-del-tedh-en-el-caso-de-xabier-atristain-y-las-consecuencias-que-esta-decision-pueda-tener-en-el-futuro-proximo-2\/\",\"url\":\"https:\/\/sare.eus\/es\/la-opinion-de-la-red-ciudadana-sare-ante-la-sentencia-del-tedh-en-el-caso-de-xabier-atristain-y-las-consecuencias-que-esta-decision-pueda-tener-en-el-futuro-proximo-2\/\",\"name\":\"La opini\u00f3n de la Red Ciudadana SARE, ante la sentencia del TEDH en el caso de Xabier Atristain y las consecuencias que esta decisi\u00f3n pueda tener en el futuro pr\u00f3ximo - Sare Herritarra\",\"isPartOf\":{\"@id\":\"https:\/\/sare.eus\/#website\"},\"primaryImageOfPage\":{\"@id\":\"https:\/\/sare.eus\/es\/la-opinion-de-la-red-ciudadana-sare-ante-la-sentencia-del-tedh-en-el-caso-de-xabier-atristain-y-las-consecuencias-que-esta-decision-pueda-tener-en-el-futuro-proximo-2\/#primaryimage\"},\"image\":{\"@id\":\"https:\/\/sare.eus\/es\/la-opinion-de-la-red-ciudadana-sare-ante-la-sentencia-del-tedh-en-el-caso-de-xabier-atristain-y-las-consecuencias-que-esta-decision-pueda-tener-en-el-futuro-proximo-2\/#primaryimage\"},\"thumbnailUrl\":\"https:\/\/sare.eus\/wp-content\/uploads\/2022\/05\/WhatsApp-Image-2022-05-16-at-11.31.55-AM.jpeg\",\"datePublished\":\"2022-05-16T09:44:22+00:00\",\"dateModified\":\"2022-05-21T11:22:55+00:00\",\"breadcrumb\":{\"@id\":\"https:\/\/sare.eus\/es\/la-opinion-de-la-red-ciudadana-sare-ante-la-sentencia-del-tedh-en-el-caso-de-xabier-atristain-y-las-consecuencias-que-esta-decision-pueda-tener-en-el-futuro-proximo-2\/#breadcrumb\"},\"inLanguage\":\"es\",\"potentialAction\":[{\"@type\":\"ReadAction\",\"target\":[\"https:\/\/sare.eus\/es\/la-opinion-de-la-red-ciudadana-sare-ante-la-sentencia-del-tedh-en-el-caso-de-xabier-atristain-y-las-consecuencias-que-esta-decision-pueda-tener-en-el-futuro-proximo-2\/\"]}]},{\"@type\":\"ImageObject\",\"inLanguage\":\"es\",\"@id\":\"https:\/\/sare.eus\/es\/la-opinion-de-la-red-ciudadana-sare-ante-la-sentencia-del-tedh-en-el-caso-de-xabier-atristain-y-las-consecuencias-que-esta-decision-pueda-tener-en-el-futuro-proximo-2\/#primaryimage\",\"url\":\"https:\/\/sare.eus\/wp-content\/uploads\/2022\/05\/WhatsApp-Image-2022-05-16-at-11.31.55-AM.jpeg\",\"contentUrl\":\"https:\/\/sare.eus\/wp-content\/uploads\/2022\/05\/WhatsApp-Image-2022-05-16-at-11.31.55-AM.jpeg\",\"width\":2048,\"height\":1820},{\"@type\":\"BreadcrumbList\",\"@id\":\"https:\/\/sare.eus\/es\/la-opinion-de-la-red-ciudadana-sare-ante-la-sentencia-del-tedh-en-el-caso-de-xabier-atristain-y-las-consecuencias-que-esta-decision-pueda-tener-en-el-futuro-proximo-2\/#breadcrumb\",\"itemListElement\":[{\"@type\":\"ListItem\",\"position\":1,\"name\":\"Home\",\"item\":\"https:\/\/sare.eus\/\"},{\"@type\":\"ListItem\",\"position\":2,\"name\":\"La opini\u00f3n de la Red Ciudadana SARE, ante la sentencia del TEDH en el caso de Xabier Atristain y las consecuencias que esta decisi\u00f3n pueda tener en el futuro pr\u00f3ximo\"}]},{\"@type\":\"WebSite\",\"@id\":\"https:\/\/sare.eus\/#website\",\"url\":\"https:\/\/sare.eus\/\",\"name\":\"Sare Herritarra\",\"description\":\"KONPONBIDEAREN ETA GIZA ESKUBIDEEN ALDEKO SARE HERRITARRA\",\"publisher\":{\"@id\":\"https:\/\/sare.eus\/#organization\"},\"potentialAction\":[{\"@type\":\"SearchAction\",\"target\":{\"@type\":\"EntryPoint\",\"urlTemplate\":\"https:\/\/sare.eus\/?s={search_term_string}\"},\"query-input\":{\"@type\":\"PropertyValueSpecification\",\"valueRequired\":true,\"valueName\":\"search_term_string\"}}],\"inLanguage\":\"es\"},{\"@type\":\"Organization\",\"@id\":\"https:\/\/sare.eus\/#organization\",\"name\":\"Sare Herritarra\",\"url\":\"https:\/\/sare.eus\/\",\"logo\":{\"@type\":\"ImageObject\",\"inLanguage\":\"es\",\"@id\":\"https:\/\/sare.eus\/#\/schema\/logo\/image\/\",\"url\":\"https:\/\/sare.eus\/wp-content\/uploads\/2021\/08\/sare.png\",\"contentUrl\":\"https:\/\/sare.eus\/wp-content\/uploads\/2021\/08\/sare.png\",\"width\":120,\"height\":142,\"caption\":\"Sare Herritarra\"},\"image\":{\"@id\":\"https:\/\/sare.eus\/#\/schema\/logo\/image\/\"}},{\"@type\":\"Person\",\"@id\":\"https:\/\/sare.eus\/#\/schema\/person\/2fe6d0df294f56313d3ab236dbe38e17\",\"name\":\"sare\",\"image\":{\"@type\":\"ImageObject\",\"inLanguage\":\"es\",\"@id\":\"https:\/\/sare.eus\/#\/schema\/person\/image\/\",\"url\":\"https:\/\/secure.gravatar.com\/avatar\/77cad838677ceb1977e7b3c878b55eaa7fa4aae2158983063b047c3ad7ef2c25?s=96&d=mm&r=g\",\"contentUrl\":\"https:\/\/secure.gravatar.com\/avatar\/77cad838677ceb1977e7b3c878b55eaa7fa4aae2158983063b047c3ad7ef2c25?s=96&d=mm&r=g\",\"caption\":\"sare\"},\"url\":\"https:\/\/sare.eus\/es\/author\/sare\/\"}]}<\/script>\n<!-- \/ Yoast SEO plugin. -->","yoast_head_json":{"title":"La opini\u00f3n de la Red Ciudadana SARE, ante la sentencia del TEDH en el caso de Xabier Atristain y las consecuencias que esta decisi\u00f3n pueda tener en el futuro pr\u00f3ximo - Sare Herritarra","robots":{"index":"index","follow":"follow","max-snippet":"max-snippet:-1","max-image-preview":"max-image-preview:large","max-video-preview":"max-video-preview:-1"},"canonical":"https:\/\/sare.eus\/es\/la-opinion-de-la-red-ciudadana-sare-ante-la-sentencia-del-tedh-en-el-caso-de-xabier-atristain-y-las-consecuencias-que-esta-decision-pueda-tener-en-el-futuro-proximo-2\/","og_locale":"es_ES","og_type":"article","og_title":"La opini\u00f3n de la Red Ciudadana SARE, ante la sentencia del TEDH en el caso de Xabier Atristain y las consecuencias que esta decisi\u00f3n pueda tener en el futuro pr\u00f3ximo - Sare Herritarra","og_description":"Nos ha parecido oportuno trasladar a la opini\u00f3n publica, a trav\u00e9s de Vds., la opini\u00f3n de la Red Ciudadana SARE, ante la sentencia del TEDH en el caso de Xabier [&hellip;]","og_url":"https:\/\/sare.eus\/es\/la-opinion-de-la-red-ciudadana-sare-ante-la-sentencia-del-tedh-en-el-caso-de-xabier-atristain-y-las-consecuencias-que-esta-decision-pueda-tener-en-el-futuro-proximo-2\/","og_site_name":"Sare Herritarra","article_published_time":"2022-05-16T09:44:22+00:00","article_modified_time":"2022-05-21T11:22:55+00:00","og_image":[{"width":2048,"height":1820,"url":"https:\/\/sare.eus\/wp-content\/uploads\/2022\/05\/WhatsApp-Image-2022-05-16-at-11.31.55-AM.jpeg","type":"image\/jpeg"}],"author":"sare","twitter_card":"summary_large_image","twitter_misc":{"Escrito por":"sare","Tiempo de lectura":"4 minutos"},"schema":{"@context":"https:\/\/schema.org","@graph":[{"@type":"Article","@id":"https:\/\/sare.eus\/es\/la-opinion-de-la-red-ciudadana-sare-ante-la-sentencia-del-tedh-en-el-caso-de-xabier-atristain-y-las-consecuencias-que-esta-decision-pueda-tener-en-el-futuro-proximo-2\/#article","isPartOf":{"@id":"https:\/\/sare.eus\/es\/la-opinion-de-la-red-ciudadana-sare-ante-la-sentencia-del-tedh-en-el-caso-de-xabier-atristain-y-las-consecuencias-que-esta-decision-pueda-tener-en-el-futuro-proximo-2\/"},"author":{"name":"sare","@id":"https:\/\/sare.eus\/#\/schema\/person\/2fe6d0df294f56313d3ab236dbe38e17"},"headline":"La opini\u00f3n de la Red Ciudadana SARE, ante la sentencia del TEDH en el caso de Xabier Atristain y las consecuencias que esta decisi\u00f3n pueda tener en el futuro pr\u00f3ximo","datePublished":"2022-05-16T09:44:22+00:00","dateModified":"2022-05-21T11:22:55+00:00","mainEntityOfPage":{"@id":"https:\/\/sare.eus\/es\/la-opinion-de-la-red-ciudadana-sare-ante-la-sentencia-del-tedh-en-el-caso-de-xabier-atristain-y-las-consecuencias-que-esta-decision-pueda-tener-en-el-futuro-proximo-2\/"},"wordCount":633,"publisher":{"@id":"https:\/\/sare.eus\/#organization"},"image":{"@id":"https:\/\/sare.eus\/es\/la-opinion-de-la-red-ciudadana-sare-ante-la-sentencia-del-tedh-en-el-caso-de-xabier-atristain-y-las-consecuencias-que-esta-decision-pueda-tener-en-el-futuro-proximo-2\/#primaryimage"},"thumbnailUrl":"https:\/\/sare.eus\/wp-content\/uploads\/2022\/05\/WhatsApp-Image-2022-05-16-at-11.31.55-AM.jpeg","articleSection":["Leyes de Excepci\u00f3n"],"inLanguage":"es"},{"@type":"WebPage","@id":"https:\/\/sare.eus\/es\/la-opinion-de-la-red-ciudadana-sare-ante-la-sentencia-del-tedh-en-el-caso-de-xabier-atristain-y-las-consecuencias-que-esta-decision-pueda-tener-en-el-futuro-proximo-2\/","url":"https:\/\/sare.eus\/es\/la-opinion-de-la-red-ciudadana-sare-ante-la-sentencia-del-tedh-en-el-caso-de-xabier-atristain-y-las-consecuencias-que-esta-decision-pueda-tener-en-el-futuro-proximo-2\/","name":"La opini\u00f3n de la Red Ciudadana SARE, ante la sentencia del TEDH en el caso de Xabier Atristain y las consecuencias que esta decisi\u00f3n pueda tener en el futuro pr\u00f3ximo - Sare Herritarra","isPartOf":{"@id":"https:\/\/sare.eus\/#website"},"primaryImageOfPage":{"@id":"https:\/\/sare.eus\/es\/la-opinion-de-la-red-ciudadana-sare-ante-la-sentencia-del-tedh-en-el-caso-de-xabier-atristain-y-las-consecuencias-que-esta-decision-pueda-tener-en-el-futuro-proximo-2\/#primaryimage"},"image":{"@id":"https:\/\/sare.eus\/es\/la-opinion-de-la-red-ciudadana-sare-ante-la-sentencia-del-tedh-en-el-caso-de-xabier-atristain-y-las-consecuencias-que-esta-decision-pueda-tener-en-el-futuro-proximo-2\/#primaryimage"},"thumbnailUrl":"https:\/\/sare.eus\/wp-content\/uploads\/2022\/05\/WhatsApp-Image-2022-05-16-at-11.31.55-AM.jpeg","datePublished":"2022-05-16T09:44:22+00:00","dateModified":"2022-05-21T11:22:55+00:00","breadcrumb":{"@id":"https:\/\/sare.eus\/es\/la-opinion-de-la-red-ciudadana-sare-ante-la-sentencia-del-tedh-en-el-caso-de-xabier-atristain-y-las-consecuencias-que-esta-decision-pueda-tener-en-el-futuro-proximo-2\/#breadcrumb"},"inLanguage":"es","potentialAction":[{"@type":"ReadAction","target":["https:\/\/sare.eus\/es\/la-opinion-de-la-red-ciudadana-sare-ante-la-sentencia-del-tedh-en-el-caso-de-xabier-atristain-y-las-consecuencias-que-esta-decision-pueda-tener-en-el-futuro-proximo-2\/"]}]},{"@type":"ImageObject","inLanguage":"es","@id":"https:\/\/sare.eus\/es\/la-opinion-de-la-red-ciudadana-sare-ante-la-sentencia-del-tedh-en-el-caso-de-xabier-atristain-y-las-consecuencias-que-esta-decision-pueda-tener-en-el-futuro-proximo-2\/#primaryimage","url":"https:\/\/sare.eus\/wp-content\/uploads\/2022\/05\/WhatsApp-Image-2022-05-16-at-11.31.55-AM.jpeg","contentUrl":"https:\/\/sare.eus\/wp-content\/uploads\/2022\/05\/WhatsApp-Image-2022-05-16-at-11.31.55-AM.jpeg","width":2048,"height":1820},{"@type":"BreadcrumbList","@id":"https:\/\/sare.eus\/es\/la-opinion-de-la-red-ciudadana-sare-ante-la-sentencia-del-tedh-en-el-caso-de-xabier-atristain-y-las-consecuencias-que-esta-decision-pueda-tener-en-el-futuro-proximo-2\/#breadcrumb","itemListElement":[{"@type":"ListItem","position":1,"name":"Home","item":"https:\/\/sare.eus\/"},{"@type":"ListItem","position":2,"name":"La opini\u00f3n de la Red Ciudadana SARE, ante la sentencia del TEDH en el caso de Xabier Atristain y las consecuencias que esta decisi\u00f3n pueda tener en el futuro pr\u00f3ximo"}]},{"@type":"WebSite","@id":"https:\/\/sare.eus\/#website","url":"https:\/\/sare.eus\/","name":"Sare Herritarra","description":"KONPONBIDEAREN ETA GIZA ESKUBIDEEN ALDEKO SARE HERRITARRA","publisher":{"@id":"https:\/\/sare.eus\/#organization"},"potentialAction":[{"@type":"SearchAction","target":{"@type":"EntryPoint","urlTemplate":"https:\/\/sare.eus\/?s={search_term_string}"},"query-input":{"@type":"PropertyValueSpecification","valueRequired":true,"valueName":"search_term_string"}}],"inLanguage":"es"},{"@type":"Organization","@id":"https:\/\/sare.eus\/#organization","name":"Sare Herritarra","url":"https:\/\/sare.eus\/","logo":{"@type":"ImageObject","inLanguage":"es","@id":"https:\/\/sare.eus\/#\/schema\/logo\/image\/","url":"https:\/\/sare.eus\/wp-content\/uploads\/2021\/08\/sare.png","contentUrl":"https:\/\/sare.eus\/wp-content\/uploads\/2021\/08\/sare.png","width":120,"height":142,"caption":"Sare Herritarra"},"image":{"@id":"https:\/\/sare.eus\/#\/schema\/logo\/image\/"}},{"@type":"Person","@id":"https:\/\/sare.eus\/#\/schema\/person\/2fe6d0df294f56313d3ab236dbe38e17","name":"sare","image":{"@type":"ImageObject","inLanguage":"es","@id":"https:\/\/sare.eus\/#\/schema\/person\/image\/","url":"https:\/\/secure.gravatar.com\/avatar\/77cad838677ceb1977e7b3c878b55eaa7fa4aae2158983063b047c3ad7ef2c25?s=96&d=mm&r=g","contentUrl":"https:\/\/secure.gravatar.com\/avatar\/77cad838677ceb1977e7b3c878b55eaa7fa4aae2158983063b047c3ad7ef2c25?s=96&d=mm&r=g","caption":"sare"},"url":"https:\/\/sare.eus\/es\/author\/sare\/"}]}},"_links":{"self":[{"href":"https:\/\/sare.eus\/es\/wp-json\/wp\/v2\/posts\/3512","targetHints":{"allow":["GET"]}}],"collection":[{"href":"https:\/\/sare.eus\/es\/wp-json\/wp\/v2\/posts"}],"about":[{"href":"https:\/\/sare.eus\/es\/wp-json\/wp\/v2\/types\/post"}],"author":[{"embeddable":true,"href":"https:\/\/sare.eus\/es\/wp-json\/wp\/v2\/users\/2"}],"replies":[{"embeddable":true,"href":"https:\/\/sare.eus\/es\/wp-json\/wp\/v2\/comments?post=3512"}],"version-history":[{"count":3,"href":"https:\/\/sare.eus\/es\/wp-json\/wp\/v2\/posts\/3512\/revisions"}],"predecessor-version":[{"id":3516,"href":"https:\/\/sare.eus\/es\/wp-json\/wp\/v2\/posts\/3512\/revisions\/3516"}],"wp:featuredmedia":[{"embeddable":true,"href":"https:\/\/sare.eus\/es\/wp-json\/wp\/v2\/media\/3456"}],"wp:attachment":[{"href":"https:\/\/sare.eus\/es\/wp-json\/wp\/v2\/media?parent=3512"}],"wp:term":[{"taxonomy":"category","embeddable":true,"href":"https:\/\/sare.eus\/es\/wp-json\/wp\/v2\/categories?post=3512"},{"taxonomy":"post_tag","embeddable":true,"href":"https:\/\/sare.eus\/es\/wp-json\/wp\/v2\/tags?post=3512"}],"curies":[{"name":"wp","href":"https:\/\/api.w.org\/{rel}","templated":true}]}}