{"id":3473,"date":"2022-05-20T07:29:34","date_gmt":"2022-05-20T07:29:34","guid":{"rendered":"https:\/\/sare.eus\/?p=3473"},"modified":"2022-05-21T08:38:22","modified_gmt":"2022-05-21T08:38:22","slug":"hemos-puesto-en-marcha-una-campara-de-apoyo-la-presa-vasca-y-vecina-de-orozco-alaitz-aramendi","status":"publish","type":"post","link":"https:\/\/sare.eus\/es\/hemos-puesto-en-marcha-una-campara-de-apoyo-la-presa-vasca-y-vecina-de-orozco-alaitz-aramendi\/","title":{"rendered":"Hemos puesto en marcha una campara de apoyo la presa vasca y vecina de Orozco Alaitz Aramendi"},"content":{"rendered":"<p>A trav\u00e9s de este documento quisi\u00e9ramos informar sobre la campa\u00f1a que hemos puesto en marcha para denunciar la situaci\u00f3n que vive la presa vasca y vecina de Orozco Alaitz Aramendi. Mediante esta campa\u00f1a <strong>\u201cBizi osorako zigorrik ez! Alaitz etxera\u201d<\/strong> denunciamos el r\u00e9gimen de excepcionalidad que se les aplica mediante las leyes 7\/2003 y 7\/2014. Desde la Red Ciudadana SARE la aplicaci\u00f3n de estas leyes vulnera los derechos humanos de las personas privadas de libertad.<\/p>\n<p>Alaitz Aramendi, est\u00e1 condenada por la ley 7\/2003, a penas de cuarenta a\u00f1os de prisi\u00f3n efectiva, con lo que esto supone, no solo desde un punto de vista f\u00edsico, sino, tambi\u00e9n, psicol\u00f3gico. Cuarenta a\u00f1os de prisi\u00f3n efectiva, es el equivalente a una condena perpetua encubierta.<\/p>\n<p>Recientemente el Magistrado Em\u00e9rito del Tribunal Supremo, dijo de esta Ley: \u201ces una ley cruel, inhumana y degradante\u201d.<\/p>\n<p>Alaitz, tambi\u00e9n, cumpli\u00f3 13 a\u00f1os de condena en c\u00e1rceles francesas. La Uni\u00f3n Europea dicto una norma en virtud de la cual persegu\u00eda que las sentencias de los diferentes tribunales penales europeos, tuvieran un efecto equivalente. Esto quiere decir, que las penas cumplidas en c\u00e1rceles del espacio de la UE, deben de contabilizarse. Esto no ha ocurrido, en el caso de Alaitz Aramendi y de otros, aproximadamente 50 presos y presas vascos. El Estado espa\u00f1ol, aprob\u00f3 la ley7\/2014 para evitar que los 13 a\u00f1os, fueran tenido en cuenta a la hora de contabilizarlas en c\u00e1rceles espa\u00f1olas. Si esto se hace efectivo no obtendr\u00eda la libertad hasta el a\u00f1o 2040, tras 53 a\u00f1os en prisi\u00f3n.<\/p>\n<p>La magistrada del TSJPV. Garbi\u00f1e Biurrun, dec\u00eda recientemente:\u201c Hay una mayor\u00eda parlamentaria suficiente -mayor\u00eda absoluta-, en el Congreso de los Diputados, para derogar tanto la ley 7\/2003, como la 7\/2014.<\/p>\n<p>No podemos olvidar el r\u00e9gimen de excepcionalidad que se les aplica por ser presa vasca y por su condici\u00f3n de mujer presa, con todas las limitaciones negativas que ello conlleva.<\/p>\n<p>Por todo ello, os invitamos a participar en las movilizaciones que se realizaran a lo largo de este a\u00f1o y ha mostrar vuestra adhesi\u00f3n a las ideas que se plantean en este documento.<\/p>\n<p><img loading=\"lazy\" decoding=\"async\" class=\"wp-image-3476 aligncenter\" src=\"https:\/\/sare.eus\/wp-content\/uploads\/2022\/05\/BIZI-OSORAKO-ZIGORRIK-EZ_ALAITZ-ETXERA_pankarta_web-300x91.jpg\" alt=\"\" width=\"700\" height=\"212\" srcset=\"https:\/\/sare.eus\/wp-content\/uploads\/2022\/05\/BIZI-OSORAKO-ZIGORRIK-EZ_ALAITZ-ETXERA_pankarta_web-300x91.jpg 300w, https:\/\/sare.eus\/wp-content\/uploads\/2022\/05\/BIZI-OSORAKO-ZIGORRIK-EZ_ALAITZ-ETXERA_pankarta_web-1024x311.jpg 1024w, https:\/\/sare.eus\/wp-content\/uploads\/2022\/05\/BIZI-OSORAKO-ZIGORRIK-EZ_ALAITZ-ETXERA_pankarta_web-768x233.jpg 768w, https:\/\/sare.eus\/wp-content\/uploads\/2022\/05\/BIZI-OSORAKO-ZIGORRIK-EZ_ALAITZ-ETXERA_pankarta_web-1536x466.jpg 1536w, https:\/\/sare.eus\/wp-content\/uploads\/2022\/05\/BIZI-OSORAKO-ZIGORRIK-EZ_ALAITZ-ETXERA_pankarta_web-2048x622.jpg 2048w, https:\/\/sare.eus\/wp-content\/uploads\/2022\/05\/BIZI-OSORAKO-ZIGORRIK-EZ_ALAITZ-ETXERA_pankarta_web-1080x328.jpg 1080w\" sizes=\"(max-width: 700px) 100vw, 700px\" \/><\/p>\n<p><\/p>\n\n\n<p><\/p>\n","protected":false},"excerpt":{"rendered":"<p>A trav\u00e9s de este documento quisi\u00e9ramos informar sobre la campa\u00f1a que hemos puesto en marcha para denunciar la situaci\u00f3n que vive la presa vasca y vecina de Orozco Alaitz Aramendi. [&hellip;]<\/p>\n","protected":false},"author":2,"featured_media":3509,"comment_status":"closed","ping_status":"closed","sticky":false,"template":"","format":"standard","meta":{"_acf_changed":false,"_et_pb_use_builder":"off","_et_pb_old_content":"","_et_gb_content_width":"","footnotes":""},"categories":[66],"tags":[],"class_list":["post-3473","post","type-post","status-publish","format-standard","has-post-thumbnail","hentry","category-pueblos","et-has-post-format-content","et_post_format-et-post-format-standard"],"acf":[],"yoast_head":"<!-- This site is optimized with the Yoast SEO plugin v26.4 - https:\/\/yoast.com\/wordpress\/plugins\/seo\/ -->\n<title>Hemos puesto en marcha una campara de apoyo la presa vasca y vecina de Orozco Alaitz Aramendi - Sare Herritarra<\/title>\n<meta name=\"robots\" content=\"index, follow, max-snippet:-1, max-image-preview:large, max-video-preview:-1\" \/>\n<link rel=\"canonical\" href=\"https:\/\/sare.eus\/es\/hemos-puesto-en-marcha-una-campara-de-apoyo-la-presa-vasca-y-vecina-de-orozco-alaitz-aramendi\/\" \/>\n<meta property=\"og:locale\" content=\"es_ES\" \/>\n<meta property=\"og:type\" content=\"article\" \/>\n<meta property=\"og:title\" content=\"Hemos puesto en marcha una campara de apoyo la presa vasca y vecina de Orozco Alaitz Aramendi - Sare Herritarra\" \/>\n<meta property=\"og:description\" content=\"A trav\u00e9s de este documento quisi\u00e9ramos informar sobre la campa\u00f1a que hemos puesto en marcha para denunciar la situaci\u00f3n que vive la presa vasca y vecina de Orozco Alaitz Aramendi. [&hellip;]\" \/>\n<meta property=\"og:url\" content=\"https:\/\/sare.eus\/es\/hemos-puesto-en-marcha-una-campara-de-apoyo-la-presa-vasca-y-vecina-de-orozco-alaitz-aramendi\/\" \/>\n<meta property=\"og:site_name\" content=\"Sare Herritarra\" \/>\n<meta property=\"article:published_time\" content=\"2022-05-20T07:29:34+00:00\" \/>\n<meta property=\"article:modified_time\" content=\"2022-05-21T08:38:22+00:00\" \/>\n<meta property=\"og:image\" content=\"https:\/\/sare.eus\/wp-content\/uploads\/2022\/05\/02.jpg\" \/>\n\t<meta property=\"og:image:width\" content=\"1280\" \/>\n\t<meta property=\"og:image:height\" content=\"960\" \/>\n\t<meta property=\"og:image:type\" content=\"image\/jpeg\" \/>\n<meta name=\"author\" content=\"sare\" \/>\n<meta name=\"twitter:card\" content=\"summary_large_image\" \/>\n<meta name=\"twitter:label1\" content=\"Escrito por\" \/>\n\t<meta name=\"twitter:data1\" content=\"sare\" \/>\n\t<meta name=\"twitter:label2\" content=\"Tiempo de lectura\" \/>\n\t<meta name=\"twitter:data2\" content=\"3 minutos\" \/>\n<script type=\"application\/ld+json\" class=\"yoast-schema-graph\">{\"@context\":\"https:\/\/schema.org\",\"@graph\":[{\"@type\":\"Article\",\"@id\":\"https:\/\/sare.eus\/es\/hemos-puesto-en-marcha-una-campara-de-apoyo-la-presa-vasca-y-vecina-de-orozco-alaitz-aramendi\/#article\",\"isPartOf\":{\"@id\":\"https:\/\/sare.eus\/es\/hemos-puesto-en-marcha-una-campara-de-apoyo-la-presa-vasca-y-vecina-de-orozco-alaitz-aramendi\/\"},\"author\":{\"name\":\"sare\",\"@id\":\"https:\/\/sare.eus\/#\/schema\/person\/2fe6d0df294f56313d3ab236dbe38e17\"},\"headline\":\"Hemos puesto en marcha una campara de apoyo la presa vasca y vecina de Orozco Alaitz Aramendi\",\"datePublished\":\"2022-05-20T07:29:34+00:00\",\"dateModified\":\"2022-05-21T08:38:22+00:00\",\"mainEntityOfPage\":{\"@id\":\"https:\/\/sare.eus\/es\/hemos-puesto-en-marcha-una-campara-de-apoyo-la-presa-vasca-y-vecina-de-orozco-alaitz-aramendi\/\"},\"wordCount\":387,\"publisher\":{\"@id\":\"https:\/\/sare.eus\/#organization\"},\"image\":{\"@id\":\"https:\/\/sare.eus\/es\/hemos-puesto-en-marcha-una-campara-de-apoyo-la-presa-vasca-y-vecina-de-orozco-alaitz-aramendi\/#primaryimage\"},\"thumbnailUrl\":\"https:\/\/sare.eus\/wp-content\/uploads\/2022\/05\/02.jpg\",\"articleSection\":[\"Pueblos\"],\"inLanguage\":\"es\"},{\"@type\":\"WebPage\",\"@id\":\"https:\/\/sare.eus\/es\/hemos-puesto-en-marcha-una-campara-de-apoyo-la-presa-vasca-y-vecina-de-orozco-alaitz-aramendi\/\",\"url\":\"https:\/\/sare.eus\/es\/hemos-puesto-en-marcha-una-campara-de-apoyo-la-presa-vasca-y-vecina-de-orozco-alaitz-aramendi\/\",\"name\":\"Hemos puesto en marcha una campara de apoyo la presa vasca y vecina de Orozco Alaitz Aramendi - Sare Herritarra\",\"isPartOf\":{\"@id\":\"https:\/\/sare.eus\/#website\"},\"primaryImageOfPage\":{\"@id\":\"https:\/\/sare.eus\/es\/hemos-puesto-en-marcha-una-campara-de-apoyo-la-presa-vasca-y-vecina-de-orozco-alaitz-aramendi\/#primaryimage\"},\"image\":{\"@id\":\"https:\/\/sare.eus\/es\/hemos-puesto-en-marcha-una-campara-de-apoyo-la-presa-vasca-y-vecina-de-orozco-alaitz-aramendi\/#primaryimage\"},\"thumbnailUrl\":\"https:\/\/sare.eus\/wp-content\/uploads\/2022\/05\/02.jpg\",\"datePublished\":\"2022-05-20T07:29:34+00:00\",\"dateModified\":\"2022-05-21T08:38:22+00:00\",\"breadcrumb\":{\"@id\":\"https:\/\/sare.eus\/es\/hemos-puesto-en-marcha-una-campara-de-apoyo-la-presa-vasca-y-vecina-de-orozco-alaitz-aramendi\/#breadcrumb\"},\"inLanguage\":\"es\",\"potentialAction\":[{\"@type\":\"ReadAction\",\"target\":[\"https:\/\/sare.eus\/es\/hemos-puesto-en-marcha-una-campara-de-apoyo-la-presa-vasca-y-vecina-de-orozco-alaitz-aramendi\/\"]}]},{\"@type\":\"ImageObject\",\"inLanguage\":\"es\",\"@id\":\"https:\/\/sare.eus\/es\/hemos-puesto-en-marcha-una-campara-de-apoyo-la-presa-vasca-y-vecina-de-orozco-alaitz-aramendi\/#primaryimage\",\"url\":\"https:\/\/sare.eus\/wp-content\/uploads\/2022\/05\/02.jpg\",\"contentUrl\":\"https:\/\/sare.eus\/wp-content\/uploads\/2022\/05\/02.jpg\",\"width\":1280,\"height\":960},{\"@type\":\"BreadcrumbList\",\"@id\":\"https:\/\/sare.eus\/es\/hemos-puesto-en-marcha-una-campara-de-apoyo-la-presa-vasca-y-vecina-de-orozco-alaitz-aramendi\/#breadcrumb\",\"itemListElement\":[{\"@type\":\"ListItem\",\"position\":1,\"name\":\"Home\",\"item\":\"https:\/\/sare.eus\/\"},{\"@type\":\"ListItem\",\"position\":2,\"name\":\"Hemos puesto en marcha una campara de apoyo la presa vasca y vecina de Orozco Alaitz Aramendi\"}]},{\"@type\":\"WebSite\",\"@id\":\"https:\/\/sare.eus\/#website\",\"url\":\"https:\/\/sare.eus\/\",\"name\":\"Sare Herritarra\",\"description\":\"KONPONBIDEAREN ETA GIZA ESKUBIDEEN ALDEKO SARE HERRITARRA\",\"publisher\":{\"@id\":\"https:\/\/sare.eus\/#organization\"},\"potentialAction\":[{\"@type\":\"SearchAction\",\"target\":{\"@type\":\"EntryPoint\",\"urlTemplate\":\"https:\/\/sare.eus\/?s={search_term_string}\"},\"query-input\":{\"@type\":\"PropertyValueSpecification\",\"valueRequired\":true,\"valueName\":\"search_term_string\"}}],\"inLanguage\":\"es\"},{\"@type\":\"Organization\",\"@id\":\"https:\/\/sare.eus\/#organization\",\"name\":\"Sare Herritarra\",\"url\":\"https:\/\/sare.eus\/\",\"logo\":{\"@type\":\"ImageObject\",\"inLanguage\":\"es\",\"@id\":\"https:\/\/sare.eus\/#\/schema\/logo\/image\/\",\"url\":\"https:\/\/sare.eus\/wp-content\/uploads\/2021\/08\/sare.png\",\"contentUrl\":\"https:\/\/sare.eus\/wp-content\/uploads\/2021\/08\/sare.png\",\"width\":120,\"height\":142,\"caption\":\"Sare Herritarra\"},\"image\":{\"@id\":\"https:\/\/sare.eus\/#\/schema\/logo\/image\/\"}},{\"@type\":\"Person\",\"@id\":\"https:\/\/sare.eus\/#\/schema\/person\/2fe6d0df294f56313d3ab236dbe38e17\",\"name\":\"sare\",\"image\":{\"@type\":\"ImageObject\",\"inLanguage\":\"es\",\"@id\":\"https:\/\/sare.eus\/#\/schema\/person\/image\/\",\"url\":\"https:\/\/secure.gravatar.com\/avatar\/77cad838677ceb1977e7b3c878b55eaa7fa4aae2158983063b047c3ad7ef2c25?s=96&d=mm&r=g\",\"contentUrl\":\"https:\/\/secure.gravatar.com\/avatar\/77cad838677ceb1977e7b3c878b55eaa7fa4aae2158983063b047c3ad7ef2c25?s=96&d=mm&r=g\",\"caption\":\"sare\"},\"url\":\"https:\/\/sare.eus\/es\/author\/sare\/\"}]}<\/script>\n<!-- \/ Yoast SEO plugin. -->","yoast_head_json":{"title":"Hemos puesto en marcha una campara de apoyo la presa vasca y vecina de Orozco Alaitz Aramendi - Sare Herritarra","robots":{"index":"index","follow":"follow","max-snippet":"max-snippet:-1","max-image-preview":"max-image-preview:large","max-video-preview":"max-video-preview:-1"},"canonical":"https:\/\/sare.eus\/es\/hemos-puesto-en-marcha-una-campara-de-apoyo-la-presa-vasca-y-vecina-de-orozco-alaitz-aramendi\/","og_locale":"es_ES","og_type":"article","og_title":"Hemos puesto en marcha una campara de apoyo la presa vasca y vecina de Orozco Alaitz Aramendi - Sare Herritarra","og_description":"A trav\u00e9s de este documento quisi\u00e9ramos informar sobre la campa\u00f1a que hemos puesto en marcha para denunciar la situaci\u00f3n que vive la presa vasca y vecina de Orozco Alaitz Aramendi. [&hellip;]","og_url":"https:\/\/sare.eus\/es\/hemos-puesto-en-marcha-una-campara-de-apoyo-la-presa-vasca-y-vecina-de-orozco-alaitz-aramendi\/","og_site_name":"Sare Herritarra","article_published_time":"2022-05-20T07:29:34+00:00","article_modified_time":"2022-05-21T08:38:22+00:00","og_image":[{"width":1280,"height":960,"url":"https:\/\/sare.eus\/wp-content\/uploads\/2022\/05\/02.jpg","type":"image\/jpeg"}],"author":"sare","twitter_card":"summary_large_image","twitter_misc":{"Escrito por":"sare","Tiempo de lectura":"3 minutos"},"schema":{"@context":"https:\/\/schema.org","@graph":[{"@type":"Article","@id":"https:\/\/sare.eus\/es\/hemos-puesto-en-marcha-una-campara-de-apoyo-la-presa-vasca-y-vecina-de-orozco-alaitz-aramendi\/#article","isPartOf":{"@id":"https:\/\/sare.eus\/es\/hemos-puesto-en-marcha-una-campara-de-apoyo-la-presa-vasca-y-vecina-de-orozco-alaitz-aramendi\/"},"author":{"name":"sare","@id":"https:\/\/sare.eus\/#\/schema\/person\/2fe6d0df294f56313d3ab236dbe38e17"},"headline":"Hemos puesto en marcha una campara de apoyo la presa vasca y vecina de Orozco Alaitz Aramendi","datePublished":"2022-05-20T07:29:34+00:00","dateModified":"2022-05-21T08:38:22+00:00","mainEntityOfPage":{"@id":"https:\/\/sare.eus\/es\/hemos-puesto-en-marcha-una-campara-de-apoyo-la-presa-vasca-y-vecina-de-orozco-alaitz-aramendi\/"},"wordCount":387,"publisher":{"@id":"https:\/\/sare.eus\/#organization"},"image":{"@id":"https:\/\/sare.eus\/es\/hemos-puesto-en-marcha-una-campara-de-apoyo-la-presa-vasca-y-vecina-de-orozco-alaitz-aramendi\/#primaryimage"},"thumbnailUrl":"https:\/\/sare.eus\/wp-content\/uploads\/2022\/05\/02.jpg","articleSection":["Pueblos"],"inLanguage":"es"},{"@type":"WebPage","@id":"https:\/\/sare.eus\/es\/hemos-puesto-en-marcha-una-campara-de-apoyo-la-presa-vasca-y-vecina-de-orozco-alaitz-aramendi\/","url":"https:\/\/sare.eus\/es\/hemos-puesto-en-marcha-una-campara-de-apoyo-la-presa-vasca-y-vecina-de-orozco-alaitz-aramendi\/","name":"Hemos puesto en marcha una campara de apoyo la presa vasca y vecina de Orozco Alaitz Aramendi - Sare Herritarra","isPartOf":{"@id":"https:\/\/sare.eus\/#website"},"primaryImageOfPage":{"@id":"https:\/\/sare.eus\/es\/hemos-puesto-en-marcha-una-campara-de-apoyo-la-presa-vasca-y-vecina-de-orozco-alaitz-aramendi\/#primaryimage"},"image":{"@id":"https:\/\/sare.eus\/es\/hemos-puesto-en-marcha-una-campara-de-apoyo-la-presa-vasca-y-vecina-de-orozco-alaitz-aramendi\/#primaryimage"},"thumbnailUrl":"https:\/\/sare.eus\/wp-content\/uploads\/2022\/05\/02.jpg","datePublished":"2022-05-20T07:29:34+00:00","dateModified":"2022-05-21T08:38:22+00:00","breadcrumb":{"@id":"https:\/\/sare.eus\/es\/hemos-puesto-en-marcha-una-campara-de-apoyo-la-presa-vasca-y-vecina-de-orozco-alaitz-aramendi\/#breadcrumb"},"inLanguage":"es","potentialAction":[{"@type":"ReadAction","target":["https:\/\/sare.eus\/es\/hemos-puesto-en-marcha-una-campara-de-apoyo-la-presa-vasca-y-vecina-de-orozco-alaitz-aramendi\/"]}]},{"@type":"ImageObject","inLanguage":"es","@id":"https:\/\/sare.eus\/es\/hemos-puesto-en-marcha-una-campara-de-apoyo-la-presa-vasca-y-vecina-de-orozco-alaitz-aramendi\/#primaryimage","url":"https:\/\/sare.eus\/wp-content\/uploads\/2022\/05\/02.jpg","contentUrl":"https:\/\/sare.eus\/wp-content\/uploads\/2022\/05\/02.jpg","width":1280,"height":960},{"@type":"BreadcrumbList","@id":"https:\/\/sare.eus\/es\/hemos-puesto-en-marcha-una-campara-de-apoyo-la-presa-vasca-y-vecina-de-orozco-alaitz-aramendi\/#breadcrumb","itemListElement":[{"@type":"ListItem","position":1,"name":"Home","item":"https:\/\/sare.eus\/"},{"@type":"ListItem","position":2,"name":"Hemos puesto en marcha una campara de apoyo la presa vasca y vecina de Orozco Alaitz Aramendi"}]},{"@type":"WebSite","@id":"https:\/\/sare.eus\/#website","url":"https:\/\/sare.eus\/","name":"Sare Herritarra","description":"KONPONBIDEAREN ETA GIZA ESKUBIDEEN ALDEKO SARE HERRITARRA","publisher":{"@id":"https:\/\/sare.eus\/#organization"},"potentialAction":[{"@type":"SearchAction","target":{"@type":"EntryPoint","urlTemplate":"https:\/\/sare.eus\/?s={search_term_string}"},"query-input":{"@type":"PropertyValueSpecification","valueRequired":true,"valueName":"search_term_string"}}],"inLanguage":"es"},{"@type":"Organization","@id":"https:\/\/sare.eus\/#organization","name":"Sare Herritarra","url":"https:\/\/sare.eus\/","logo":{"@type":"ImageObject","inLanguage":"es","@id":"https:\/\/sare.eus\/#\/schema\/logo\/image\/","url":"https:\/\/sare.eus\/wp-content\/uploads\/2021\/08\/sare.png","contentUrl":"https:\/\/sare.eus\/wp-content\/uploads\/2021\/08\/sare.png","width":120,"height":142,"caption":"Sare Herritarra"},"image":{"@id":"https:\/\/sare.eus\/#\/schema\/logo\/image\/"}},{"@type":"Person","@id":"https:\/\/sare.eus\/#\/schema\/person\/2fe6d0df294f56313d3ab236dbe38e17","name":"sare","image":{"@type":"ImageObject","inLanguage":"es","@id":"https:\/\/sare.eus\/#\/schema\/person\/image\/","url":"https:\/\/secure.gravatar.com\/avatar\/77cad838677ceb1977e7b3c878b55eaa7fa4aae2158983063b047c3ad7ef2c25?s=96&d=mm&r=g","contentUrl":"https:\/\/secure.gravatar.com\/avatar\/77cad838677ceb1977e7b3c878b55eaa7fa4aae2158983063b047c3ad7ef2c25?s=96&d=mm&r=g","caption":"sare"},"url":"https:\/\/sare.eus\/es\/author\/sare\/"}]}},"_links":{"self":[{"href":"https:\/\/sare.eus\/es\/wp-json\/wp\/v2\/posts\/3473","targetHints":{"allow":["GET"]}}],"collection":[{"href":"https:\/\/sare.eus\/es\/wp-json\/wp\/v2\/posts"}],"about":[{"href":"https:\/\/sare.eus\/es\/wp-json\/wp\/v2\/types\/post"}],"author":[{"embeddable":true,"href":"https:\/\/sare.eus\/es\/wp-json\/wp\/v2\/users\/2"}],"replies":[{"embeddable":true,"href":"https:\/\/sare.eus\/es\/wp-json\/wp\/v2\/comments?post=3473"}],"version-history":[{"count":5,"href":"https:\/\/sare.eus\/es\/wp-json\/wp\/v2\/posts\/3473\/revisions"}],"predecessor-version":[{"id":3487,"href":"https:\/\/sare.eus\/es\/wp-json\/wp\/v2\/posts\/3473\/revisions\/3487"}],"wp:featuredmedia":[{"embeddable":true,"href":"https:\/\/sare.eus\/es\/wp-json\/wp\/v2\/media\/3509"}],"wp:attachment":[{"href":"https:\/\/sare.eus\/es\/wp-json\/wp\/v2\/media?parent=3473"}],"wp:term":[{"taxonomy":"category","embeddable":true,"href":"https:\/\/sare.eus\/es\/wp-json\/wp\/v2\/categories?post=3473"},{"taxonomy":"post_tag","embeddable":true,"href":"https:\/\/sare.eus\/es\/wp-json\/wp\/v2\/tags?post=3473"}],"curies":[{"name":"wp","href":"https:\/\/api.w.org\/{rel}","templated":true}]}}