{"id":3444,"date":"2022-05-15T09:29:30","date_gmt":"2022-05-15T09:29:30","guid":{"rendered":"https:\/\/sare.eus\/etxerako-bidean-oztoporik-ez-manex-etxera\/"},"modified":"2022-05-15T09:40:51","modified_gmt":"2022-05-15T09:40:51","slug":"etxerako-bidean-oztoporik-ez-manexa-casa","status":"publish","type":"post","link":"https:\/\/sare.eus\/es\/etxerako-bidean-oztoporik-ez-manexa-casa\/","title":{"rendered":"Etxerako bidean oztoporik ez! Manex a Casa"},"content":{"rendered":"<p>Manex Zubiaga Bravo, preso de Algorta, cumpli\u00f3 el 2 de mayo 20 a\u00f1os en la c\u00e1rcel de Burgos. Despu\u00e9s de pasar por varias c\u00e1rceles en el Estado franc\u00e9s y en el espa\u00f1ol en primer grado, en este momento se encuentra en segundo grado, pero sin los beneficios que corresponden al mismo. 20 a\u00f1os, apenas cuatro s\u00edlabas, para representar toda una vida.<\/p>\n<p>Os vamos a pedir un ejercicio sencillo para recordar lo que todos hemos vivido en los \u00faltimos 20 a\u00f1os y, por lo tanto, nos puede resultar incomprensible que esos 20 a\u00f1os resulten insuficientes y que los que enarbolan la bandera a favor de los derechos humanos sigan utilizando una legislaci\u00f3n de excepci\u00f3n con los y las presas vascas.<\/p>\n<p>Es decir, la cadena perpetua encubierta. De hecho, si a Manex se le aplicara la legislaci\u00f3n ordinaria y se tuvieran en cuenta los a\u00f1os cumplidos en el Estado Franc\u00e9s, ya habr\u00eda que reconocerle el tercer grado y la libertad condicional. En el 2008, el Consejo Europeo aprob\u00f3 una resoluci\u00f3n para posibilitar la acumulaci\u00f3n de condena en los Estados de la<br \/>Uni\u00f3n Europea, pero Espa\u00f1a, en vez de aplicarla, cre\u00f3 otra ley para impedir la acumulaci\u00f3n. Por lo tanto, pedimos al gobierno que aplique la resoluci\u00f3n original.<\/p>\n<p>Aun siendo el objetivo la venganza, esta situaci\u00f3n no beneficia a nadie; solo acrecienta el dolor de este pueblo, y todos debemos trabajar en pro de la vuelta de los presos, hacia la normalizaci\u00f3n y la paz real.<\/p>\n<p>Por ello, os animamos a participar en todas las iniciativas que se lleven a cabo. Ya es hora de que Manex viva en la calle con su hija, sus padres y amigos.<\/p>\n<p><br \/>DATOS:<br \/>1. Fu\u00e9 detenido en el 2002 en Francia y condenado a 10 a\u00f1os de prisi\u00f3n. Cumpli\u00f3 la condena en el 2009 con la aplicaci\u00f3n de redenciones carcelarias. Tras ello, fue enviado a Espa\u00f1a.<\/p>\n<p><br \/>2. En Espa\u00f1a fu\u00e9 condenado a 30 a\u00f1os. Como lo juzgaron con el C\u00f3digo Penal de 1995, no puede pasar m\u00e1s de 30 a\u00f1os en la c\u00e1rcel, pero tampoco puede tener redenciones.<\/p>\n<p><br \/>3. Sumando las condenas de Francia y Espa\u00f1a, deber\u00eda cumplir 30 a\u00f1os desde su detenci\u00f3n. Por lo tanto, sumando ambas penas, al haber cumplido 23 a\u00f1os, es decir, las 3\/4 \u00a0partes, deber\u00eda estar en 3\u00ba grado y en libertad condicional.<\/p>\n<p><br \/>4. Sin sumar ambas penas, deber\u00eda cumplir 40 a\u00f1os. De esta forma, cumplido 1\/4 de la pena, en estos momentos, deber\u00eda tener permisos para salir a la calle.<\/p>\n<hr \/>\n\n\n<figure class=\"wp-block-embed is-type-video is-provider-youtube wp-block-embed-youtube wp-embed-aspect-16-9 wp-has-aspect-ratio\"><div class=\"wp-block-embed__wrapper\">\n<iframe loading=\"lazy\" title=\"Manex Zubiaga 20 urte espetxean. Salbuespen neurriak STOP!\" width=\"1080\" height=\"608\" src=\"https:\/\/www.youtube.com\/embed\/Qf4n4U_lfx8?feature=oembed\" frameborder=\"0\" allow=\"accelerometer; autoplay; clipboard-write; encrypted-media; gyroscope; picture-in-picture\" allowfullscreen><\/iframe>\n<\/div><\/figure>\n","protected":false},"excerpt":{"rendered":"<p>Manex Zubiaga Bravo, preso de Algorta, cumpli\u00f3 el 2 de mayo 20 a\u00f1os en la c\u00e1rcel de Burgos. Despu\u00e9s de pasar por varias c\u00e1rceles en el Estado franc\u00e9s y en [&hellip;]<\/p>\n","protected":false},"author":2,"featured_media":3441,"comment_status":"closed","ping_status":"closed","sticky":false,"template":"","format":"standard","meta":{"_acf_changed":false,"_et_pb_use_builder":"off","_et_pb_old_content":"","_et_gb_content_width":"","footnotes":""},"categories":[66],"tags":[],"class_list":["post-3444","post","type-post","status-publish","format-standard","has-post-thumbnail","hentry","category-pueblos","et-has-post-format-content","et_post_format-et-post-format-standard"],"acf":[],"yoast_head":"<!-- This site is optimized with the Yoast SEO plugin v26.4 - https:\/\/yoast.com\/wordpress\/plugins\/seo\/ -->\n<title>Etxerako bidean oztoporik ez! Manex a Casa - Sare Herritarra<\/title>\n<meta name=\"robots\" content=\"index, follow, max-snippet:-1, max-image-preview:large, max-video-preview:-1\" \/>\n<link rel=\"canonical\" href=\"https:\/\/sare.eus\/es\/etxerako-bidean-oztoporik-ez-manexa-casa\/\" \/>\n<meta property=\"og:locale\" content=\"es_ES\" \/>\n<meta property=\"og:type\" content=\"article\" \/>\n<meta property=\"og:title\" content=\"Etxerako bidean oztoporik ez! Manex a Casa - Sare Herritarra\" \/>\n<meta property=\"og:description\" content=\"Manex Zubiaga Bravo, preso de Algorta, cumpli\u00f3 el 2 de mayo 20 a\u00f1os en la c\u00e1rcel de Burgos. Despu\u00e9s de pasar por varias c\u00e1rceles en el Estado franc\u00e9s y en [&hellip;]\" \/>\n<meta property=\"og:url\" content=\"https:\/\/sare.eus\/es\/etxerako-bidean-oztoporik-ez-manexa-casa\/\" \/>\n<meta property=\"og:site_name\" content=\"Sare Herritarra\" \/>\n<meta property=\"article:published_time\" content=\"2022-05-15T09:29:30+00:00\" \/>\n<meta property=\"article:modified_time\" content=\"2022-05-15T09:40:51+00:00\" \/>\n<meta property=\"og:image\" content=\"https:\/\/sare.eus\/wp-content\/uploads\/2022\/05\/FSvigtKWQAAWjfv.jpg\" \/>\n\t<meta property=\"og:image:width\" content=\"680\" \/>\n\t<meta property=\"og:image:height\" content=\"511\" \/>\n\t<meta property=\"og:image:type\" content=\"image\/jpeg\" \/>\n<meta name=\"author\" content=\"sare\" \/>\n<meta name=\"twitter:card\" content=\"summary_large_image\" \/>\n<meta name=\"twitter:label1\" content=\"Escrito por\" \/>\n\t<meta name=\"twitter:data1\" content=\"sare\" \/>\n\t<meta name=\"twitter:label2\" content=\"Tiempo de lectura\" \/>\n\t<meta name=\"twitter:data2\" content=\"3 minutos\" \/>\n<script type=\"application\/ld+json\" class=\"yoast-schema-graph\">{\"@context\":\"https:\/\/schema.org\",\"@graph\":[{\"@type\":\"Article\",\"@id\":\"https:\/\/sare.eus\/es\/etxerako-bidean-oztoporik-ez-manexa-casa\/#article\",\"isPartOf\":{\"@id\":\"https:\/\/sare.eus\/es\/etxerako-bidean-oztoporik-ez-manexa-casa\/\"},\"author\":{\"name\":\"sare\",\"@id\":\"https:\/\/sare.eus\/#\/schema\/person\/2fe6d0df294f56313d3ab236dbe38e17\"},\"headline\":\"Etxerako bidean oztoporik ez! Manex a Casa\",\"datePublished\":\"2022-05-15T09:29:30+00:00\",\"dateModified\":\"2022-05-15T09:40:51+00:00\",\"mainEntityOfPage\":{\"@id\":\"https:\/\/sare.eus\/es\/etxerako-bidean-oztoporik-ez-manexa-casa\/\"},\"wordCount\":443,\"publisher\":{\"@id\":\"https:\/\/sare.eus\/#organization\"},\"image\":{\"@id\":\"https:\/\/sare.eus\/es\/etxerako-bidean-oztoporik-ez-manexa-casa\/#primaryimage\"},\"thumbnailUrl\":\"https:\/\/sare.eus\/wp-content\/uploads\/2022\/05\/FSvigtKWQAAWjfv.jpg\",\"articleSection\":[\"Pueblos\"],\"inLanguage\":\"es\"},{\"@type\":\"WebPage\",\"@id\":\"https:\/\/sare.eus\/es\/etxerako-bidean-oztoporik-ez-manexa-casa\/\",\"url\":\"https:\/\/sare.eus\/es\/etxerako-bidean-oztoporik-ez-manexa-casa\/\",\"name\":\"Etxerako bidean oztoporik ez! Manex a Casa - Sare Herritarra\",\"isPartOf\":{\"@id\":\"https:\/\/sare.eus\/#website\"},\"primaryImageOfPage\":{\"@id\":\"https:\/\/sare.eus\/es\/etxerako-bidean-oztoporik-ez-manexa-casa\/#primaryimage\"},\"image\":{\"@id\":\"https:\/\/sare.eus\/es\/etxerako-bidean-oztoporik-ez-manexa-casa\/#primaryimage\"},\"thumbnailUrl\":\"https:\/\/sare.eus\/wp-content\/uploads\/2022\/05\/FSvigtKWQAAWjfv.jpg\",\"datePublished\":\"2022-05-15T09:29:30+00:00\",\"dateModified\":\"2022-05-15T09:40:51+00:00\",\"breadcrumb\":{\"@id\":\"https:\/\/sare.eus\/es\/etxerako-bidean-oztoporik-ez-manexa-casa\/#breadcrumb\"},\"inLanguage\":\"es\",\"potentialAction\":[{\"@type\":\"ReadAction\",\"target\":[\"https:\/\/sare.eus\/es\/etxerako-bidean-oztoporik-ez-manexa-casa\/\"]}]},{\"@type\":\"ImageObject\",\"inLanguage\":\"es\",\"@id\":\"https:\/\/sare.eus\/es\/etxerako-bidean-oztoporik-ez-manexa-casa\/#primaryimage\",\"url\":\"https:\/\/sare.eus\/wp-content\/uploads\/2022\/05\/FSvigtKWQAAWjfv.jpg\",\"contentUrl\":\"https:\/\/sare.eus\/wp-content\/uploads\/2022\/05\/FSvigtKWQAAWjfv.jpg\",\"width\":680,\"height\":511},{\"@type\":\"BreadcrumbList\",\"@id\":\"https:\/\/sare.eus\/es\/etxerako-bidean-oztoporik-ez-manexa-casa\/#breadcrumb\",\"itemListElement\":[{\"@type\":\"ListItem\",\"position\":1,\"name\":\"Home\",\"item\":\"https:\/\/sare.eus\/\"},{\"@type\":\"ListItem\",\"position\":2,\"name\":\"Etxerako bidean oztoporik ez! Manex a Casa\"}]},{\"@type\":\"WebSite\",\"@id\":\"https:\/\/sare.eus\/#website\",\"url\":\"https:\/\/sare.eus\/\",\"name\":\"Sare Herritarra\",\"description\":\"KONPONBIDEAREN ETA GIZA ESKUBIDEEN ALDEKO SARE HERRITARRA\",\"publisher\":{\"@id\":\"https:\/\/sare.eus\/#organization\"},\"potentialAction\":[{\"@type\":\"SearchAction\",\"target\":{\"@type\":\"EntryPoint\",\"urlTemplate\":\"https:\/\/sare.eus\/?s={search_term_string}\"},\"query-input\":{\"@type\":\"PropertyValueSpecification\",\"valueRequired\":true,\"valueName\":\"search_term_string\"}}],\"inLanguage\":\"es\"},{\"@type\":\"Organization\",\"@id\":\"https:\/\/sare.eus\/#organization\",\"name\":\"Sare Herritarra\",\"url\":\"https:\/\/sare.eus\/\",\"logo\":{\"@type\":\"ImageObject\",\"inLanguage\":\"es\",\"@id\":\"https:\/\/sare.eus\/#\/schema\/logo\/image\/\",\"url\":\"https:\/\/sare.eus\/wp-content\/uploads\/2021\/08\/sare.png\",\"contentUrl\":\"https:\/\/sare.eus\/wp-content\/uploads\/2021\/08\/sare.png\",\"width\":120,\"height\":142,\"caption\":\"Sare Herritarra\"},\"image\":{\"@id\":\"https:\/\/sare.eus\/#\/schema\/logo\/image\/\"}},{\"@type\":\"Person\",\"@id\":\"https:\/\/sare.eus\/#\/schema\/person\/2fe6d0df294f56313d3ab236dbe38e17\",\"name\":\"sare\",\"image\":{\"@type\":\"ImageObject\",\"inLanguage\":\"es\",\"@id\":\"https:\/\/sare.eus\/#\/schema\/person\/image\/\",\"url\":\"https:\/\/secure.gravatar.com\/avatar\/77cad838677ceb1977e7b3c878b55eaa7fa4aae2158983063b047c3ad7ef2c25?s=96&d=mm&r=g\",\"contentUrl\":\"https:\/\/secure.gravatar.com\/avatar\/77cad838677ceb1977e7b3c878b55eaa7fa4aae2158983063b047c3ad7ef2c25?s=96&d=mm&r=g\",\"caption\":\"sare\"},\"url\":\"https:\/\/sare.eus\/es\/author\/sare\/\"}]}<\/script>\n<!-- \/ Yoast SEO plugin. -->","yoast_head_json":{"title":"Etxerako bidean oztoporik ez! Manex a Casa - Sare Herritarra","robots":{"index":"index","follow":"follow","max-snippet":"max-snippet:-1","max-image-preview":"max-image-preview:large","max-video-preview":"max-video-preview:-1"},"canonical":"https:\/\/sare.eus\/es\/etxerako-bidean-oztoporik-ez-manexa-casa\/","og_locale":"es_ES","og_type":"article","og_title":"Etxerako bidean oztoporik ez! Manex a Casa - Sare Herritarra","og_description":"Manex Zubiaga Bravo, preso de Algorta, cumpli\u00f3 el 2 de mayo 20 a\u00f1os en la c\u00e1rcel de Burgos. Despu\u00e9s de pasar por varias c\u00e1rceles en el Estado franc\u00e9s y en [&hellip;]","og_url":"https:\/\/sare.eus\/es\/etxerako-bidean-oztoporik-ez-manexa-casa\/","og_site_name":"Sare Herritarra","article_published_time":"2022-05-15T09:29:30+00:00","article_modified_time":"2022-05-15T09:40:51+00:00","og_image":[{"width":680,"height":511,"url":"https:\/\/sare.eus\/wp-content\/uploads\/2022\/05\/FSvigtKWQAAWjfv.jpg","type":"image\/jpeg"}],"author":"sare","twitter_card":"summary_large_image","twitter_misc":{"Escrito por":"sare","Tiempo de lectura":"3 minutos"},"schema":{"@context":"https:\/\/schema.org","@graph":[{"@type":"Article","@id":"https:\/\/sare.eus\/es\/etxerako-bidean-oztoporik-ez-manexa-casa\/#article","isPartOf":{"@id":"https:\/\/sare.eus\/es\/etxerako-bidean-oztoporik-ez-manexa-casa\/"},"author":{"name":"sare","@id":"https:\/\/sare.eus\/#\/schema\/person\/2fe6d0df294f56313d3ab236dbe38e17"},"headline":"Etxerako bidean oztoporik ez! Manex a Casa","datePublished":"2022-05-15T09:29:30+00:00","dateModified":"2022-05-15T09:40:51+00:00","mainEntityOfPage":{"@id":"https:\/\/sare.eus\/es\/etxerako-bidean-oztoporik-ez-manexa-casa\/"},"wordCount":443,"publisher":{"@id":"https:\/\/sare.eus\/#organization"},"image":{"@id":"https:\/\/sare.eus\/es\/etxerako-bidean-oztoporik-ez-manexa-casa\/#primaryimage"},"thumbnailUrl":"https:\/\/sare.eus\/wp-content\/uploads\/2022\/05\/FSvigtKWQAAWjfv.jpg","articleSection":["Pueblos"],"inLanguage":"es"},{"@type":"WebPage","@id":"https:\/\/sare.eus\/es\/etxerako-bidean-oztoporik-ez-manexa-casa\/","url":"https:\/\/sare.eus\/es\/etxerako-bidean-oztoporik-ez-manexa-casa\/","name":"Etxerako bidean oztoporik ez! Manex a Casa - Sare Herritarra","isPartOf":{"@id":"https:\/\/sare.eus\/#website"},"primaryImageOfPage":{"@id":"https:\/\/sare.eus\/es\/etxerako-bidean-oztoporik-ez-manexa-casa\/#primaryimage"},"image":{"@id":"https:\/\/sare.eus\/es\/etxerako-bidean-oztoporik-ez-manexa-casa\/#primaryimage"},"thumbnailUrl":"https:\/\/sare.eus\/wp-content\/uploads\/2022\/05\/FSvigtKWQAAWjfv.jpg","datePublished":"2022-05-15T09:29:30+00:00","dateModified":"2022-05-15T09:40:51+00:00","breadcrumb":{"@id":"https:\/\/sare.eus\/es\/etxerako-bidean-oztoporik-ez-manexa-casa\/#breadcrumb"},"inLanguage":"es","potentialAction":[{"@type":"ReadAction","target":["https:\/\/sare.eus\/es\/etxerako-bidean-oztoporik-ez-manexa-casa\/"]}]},{"@type":"ImageObject","inLanguage":"es","@id":"https:\/\/sare.eus\/es\/etxerako-bidean-oztoporik-ez-manexa-casa\/#primaryimage","url":"https:\/\/sare.eus\/wp-content\/uploads\/2022\/05\/FSvigtKWQAAWjfv.jpg","contentUrl":"https:\/\/sare.eus\/wp-content\/uploads\/2022\/05\/FSvigtKWQAAWjfv.jpg","width":680,"height":511},{"@type":"BreadcrumbList","@id":"https:\/\/sare.eus\/es\/etxerako-bidean-oztoporik-ez-manexa-casa\/#breadcrumb","itemListElement":[{"@type":"ListItem","position":1,"name":"Home","item":"https:\/\/sare.eus\/"},{"@type":"ListItem","position":2,"name":"Etxerako bidean oztoporik ez! Manex a Casa"}]},{"@type":"WebSite","@id":"https:\/\/sare.eus\/#website","url":"https:\/\/sare.eus\/","name":"Sare Herritarra","description":"KONPONBIDEAREN ETA GIZA ESKUBIDEEN ALDEKO SARE HERRITARRA","publisher":{"@id":"https:\/\/sare.eus\/#organization"},"potentialAction":[{"@type":"SearchAction","target":{"@type":"EntryPoint","urlTemplate":"https:\/\/sare.eus\/?s={search_term_string}"},"query-input":{"@type":"PropertyValueSpecification","valueRequired":true,"valueName":"search_term_string"}}],"inLanguage":"es"},{"@type":"Organization","@id":"https:\/\/sare.eus\/#organization","name":"Sare Herritarra","url":"https:\/\/sare.eus\/","logo":{"@type":"ImageObject","inLanguage":"es","@id":"https:\/\/sare.eus\/#\/schema\/logo\/image\/","url":"https:\/\/sare.eus\/wp-content\/uploads\/2021\/08\/sare.png","contentUrl":"https:\/\/sare.eus\/wp-content\/uploads\/2021\/08\/sare.png","width":120,"height":142,"caption":"Sare Herritarra"},"image":{"@id":"https:\/\/sare.eus\/#\/schema\/logo\/image\/"}},{"@type":"Person","@id":"https:\/\/sare.eus\/#\/schema\/person\/2fe6d0df294f56313d3ab236dbe38e17","name":"sare","image":{"@type":"ImageObject","inLanguage":"es","@id":"https:\/\/sare.eus\/#\/schema\/person\/image\/","url":"https:\/\/secure.gravatar.com\/avatar\/77cad838677ceb1977e7b3c878b55eaa7fa4aae2158983063b047c3ad7ef2c25?s=96&d=mm&r=g","contentUrl":"https:\/\/secure.gravatar.com\/avatar\/77cad838677ceb1977e7b3c878b55eaa7fa4aae2158983063b047c3ad7ef2c25?s=96&d=mm&r=g","caption":"sare"},"url":"https:\/\/sare.eus\/es\/author\/sare\/"}]}},"_links":{"self":[{"href":"https:\/\/sare.eus\/es\/wp-json\/wp\/v2\/posts\/3444","targetHints":{"allow":["GET"]}}],"collection":[{"href":"https:\/\/sare.eus\/es\/wp-json\/wp\/v2\/posts"}],"about":[{"href":"https:\/\/sare.eus\/es\/wp-json\/wp\/v2\/types\/post"}],"author":[{"embeddable":true,"href":"https:\/\/sare.eus\/es\/wp-json\/wp\/v2\/users\/2"}],"replies":[{"embeddable":true,"href":"https:\/\/sare.eus\/es\/wp-json\/wp\/v2\/comments?post=3444"}],"version-history":[{"count":5,"href":"https:\/\/sare.eus\/es\/wp-json\/wp\/v2\/posts\/3444\/revisions"}],"predecessor-version":[{"id":3453,"href":"https:\/\/sare.eus\/es\/wp-json\/wp\/v2\/posts\/3444\/revisions\/3453"}],"wp:featuredmedia":[{"embeddable":true,"href":"https:\/\/sare.eus\/es\/wp-json\/wp\/v2\/media\/3441"}],"wp:attachment":[{"href":"https:\/\/sare.eus\/es\/wp-json\/wp\/v2\/media?parent=3444"}],"wp:term":[{"taxonomy":"category","embeddable":true,"href":"https:\/\/sare.eus\/es\/wp-json\/wp\/v2\/categories?post=3444"},{"taxonomy":"post_tag","embeddable":true,"href":"https:\/\/sare.eus\/es\/wp-json\/wp\/v2\/tags?post=3444"}],"curies":[{"name":"wp","href":"https:\/\/api.w.org\/{rel}","templated":true}]}}