{"id":3312,"date":"2022-05-03T10:04:25","date_gmt":"2022-05-03T10:04:25","guid":{"rendered":"https:\/\/sare.eus\/?p=3312"},"modified":"2022-05-03T10:09:15","modified_gmt":"2022-05-03T10:09:15","slug":"18dejunio-irunea","status":"publish","type":"post","link":"https:\/\/sare.eus\/es\/18dejunio-irunea\/","title":{"rendered":"llamamos a la sociedad navarra a participar el 18 de junio en la manifestaci\u00f3n que bajo el lema \u201cEtxera bidea gertu\u201d se realizara en iru\u00f1ea"},"content":{"rendered":"<p align=\"justify\"><span style=\"font-family: Matter, monospace;\"><span style=\"font-size: medium;\"><span lang=\"es-ES\">Nos hemos juntado hoy aqu\u00ed para informar de una nueva movilizaci\u00f3n: una <\/span><span lang=\"es-ES\"><b>manifestaci\u00f3n el 18 de junio, a las 18:00, en Pamplona, <\/b><\/span><span lang=\"es-ES\">bajo el lema<\/span><b> <\/b><span lang=\"es-ES\"><i><b>\u201cEtxera bidea <\/b><\/i><\/span><span lang=\"es-ES\"><i>gertu<\/i><\/span><span lang=\"es-ES\"><i><b>\u201d<\/b><\/i><\/span><span lang=\"es-ES\"><b>, <\/b><\/span><span lang=\"es-ES\">cuyo objetivo es reunir a todas aquellas personas que quieren manifestar su denuncia por las medidas de excepci\u00f3n que todav\u00eda se les aplican a las presas y a los presos vascos y que quieren avanzar hacia la convivencia y hacia la paz. <\/span> <\/span><\/span><\/p>\n<p align=\"justify\"><span style=\"font-family: Matter, monospace;\"><span style=\"font-size: medium;\">Estos dos \u00faltimos a\u00f1os est\u00e1n siendo muy importantes en cuanto a la situaci\u00f3n del colectivo y a la pol\u00edtica penitenciaria de excepci\u00f3n. Podemos decir que estamos al final de la pol\u00edtica de alejamiento que se ha aplicado durante largos a\u00f1os, y tambi\u00e9n que es el momento de dejar atr\u00e1s la pol\u00edtica de excepci\u00f3n y avanzar hacia la aplicaci\u00f3n de la legislaci\u00f3n ordinaria. Pero este cambio ha conllevado posturas contrarias, y todav\u00eda se dan hechos que obstaculizan el camino de vuelta a casa. Por ello, para que este cambio sea real, al igual que hemos hecho hasta ahora, tenemos que denunciar en la calle cada obst\u00e1culo que se pone a esa vuelta a casa de presas y de presos.<\/span><\/span><\/p>\n<p align=\"justify\"><span style=\"font-family: Matter, monospace;\"><span style=\"font-size: medium;\"><img loading=\"lazy\" decoding=\"async\" class=\"alignleft wp-image-3307\" src=\"https:\/\/sare.eus\/wp-content\/uploads\/2022\/05\/ek18_Gorde-data-2-212x300.jpg\" alt=\"\" width=\"450\" height=\"636\" srcset=\"https:\/\/sare.eus\/wp-content\/uploads\/2022\/05\/ek18_Gorde-data-2-212x300.jpg 212w, https:\/\/sare.eus\/wp-content\/uploads\/2022\/05\/ek18_Gorde-data-2-724x1024.jpg 724w, https:\/\/sare.eus\/wp-content\/uploads\/2022\/05\/ek18_Gorde-data-2-768x1086.jpg 768w, https:\/\/sare.eus\/wp-content\/uploads\/2022\/05\/ek18_Gorde-data-2-1086x1536.jpg 1086w, https:\/\/sare.eus\/wp-content\/uploads\/2022\/05\/ek18_Gorde-data-2-1080x1528.jpg 1080w, https:\/\/sare.eus\/wp-content\/uploads\/2022\/05\/ek18_Gorde-data-2.jpg 1250w\" sizes=\"(max-width: 450px) 100vw, 450px\" \/>Porque el camino de vuelta a casa est\u00e1 lleno de trabas. La pol\u00edtica penitenciaria de excepci\u00f3n que se aplica a los presos y a las presas vascas, es decir, el alejamiento, el alargamiento de las condenas o la imposici\u00f3n de lo que en la pr\u00e1ctica son condenas perpetuas, las trabas para progresar al tercer grado o conseguir permisos tienen como claro objetivo obstaculizar los pasos que se est\u00e1n dando en este pueblo a favor de la convivencia y de la paz.<\/span><\/span><\/p>\n<p align=\"justify\"><span style=\"font-family: Matter, monospace;\"><span style=\"font-size: medium;\">Tal y como ha denunciado Etxerat hace poco, no estamos hablando de privilegios; quienes dicen que las presas y los presos vascos han conseguido beneficios est\u00e1n mintiendo. Mienten quienes dicen que nunca se les han aplicado medidas de excepci\u00f3n y quienes afirman que hoy en d\u00eda no se les aplican. Estamos hablando de derechos reconocidos por la legislaci\u00f3n y la normativa penitenciaria; son derechos que se les niegan a las presas y a los presos de manera interesada y como venganza.<\/span><\/span><\/p>\n<p align=\"justify\"><span style=\"font-family: Matter, monospace;\"><span style=\"font-size: medium;\">Se ha abierto la posibilidad de cambiar esta dura situaci\u00f3n que se ha alargado durante muchos a\u00f1os. Ante posiciones contrarias y los obst\u00e1culos, tenemos que demostrar que este pueblo quiere avanzar y desarrollar la convivencia. Es responsabilidad de todas y de todos superar la situaci\u00f3n de excepci\u00f3n y posibilitar la vuelta a casa. As\u00ed pues, seamos personas activas en el camino hacia la convivencia, hacia la paz y hacia casa.<\/span><\/span><\/p>\n<p align=\"justify\"><span style=\"font-family: Matter, monospace;\"><span style=\"font-size: medium;\"><span lang=\"es-ES\">Como hemos dicho al principio, llamamos a la sociedad navarra a participar el 18 de junio en la manifestaci\u00f3n que bajo el lema <\/span><span lang=\"es-ES\"><i>\u201cEtxera bidea <\/i><\/span><span lang=\"es-ES\"><i><b>gertu<\/b><\/i><\/span><span lang=\"es-ES\"><i>\u201d<\/i><\/span><span lang=\"es-ES\"> partir\u00e1 a las 18:00 de la tarde de Antoniutti.<\/span><\/span><\/span><\/p>\n<p align=\"justify\"><span style=\"font-family: Matter, monospace;\"><span style=\"font-size: medium;\">Dos avisos al respecto:<\/span><\/span><\/p>\n<ul>\n<li>\n<p align=\"justify\"><span style=\"font-family: Matter, monospace;\"><span style=\"font-size: medium;\">Por un lado, el 18 de junio, a las 17:00 horas, se organizar\u00e1n columnas desde los 4 puntos cardinales de Pamplona hasta Antoniutti. Convocaremos a la gente de las comarcas y de los pueblos a dichas columnas. <\/span><\/span><\/p>\n<\/li>\n<\/ul>\n<ul>\n<li><span style=\"font-family: Matter, monospace;\"><span style=\"font-size: medium;\"><span lang=\"es-ES\">Camino norte: <\/span><span lang=\"es-ES\"><b>Decathlon-Antoniuti<\/b><\/span><\/span><\/span><\/li>\n<li><span style=\"font-family: Matter, monospace;\"><span style=\"font-size: medium;\"><span lang=\"es-ES\">Camino sur: <\/span><span lang=\"es-ES\"><b>Pol\u00edgono<\/b><\/span> <span lang=\"es-ES\"><b>Cordovilla-Antoniuti<\/b><\/span>\u00a0<\/span><\/span><\/li>\n<li><span style=\"font-family: Matter, monospace;\"><span style=\"font-size: medium;\"><span lang=\"es-ES\">Camino este: <\/span><span lang=\"es-ES\"><b>Atarrabia-Antoniuti<\/b><\/span><\/span><\/span><\/li>\n<li><span style=\"font-family: Matter, monospace;\"><span style=\"font-size: medium;\"><span lang=\"es-ES\">Camino oeste: <\/span><span lang=\"es-ES\"><b>Etxabakoitz (Asmovil)-Antoniuti<\/b><\/span>\u00a0<\/span><\/span><\/li>\n<\/ul>\n<ul>\n<li>\n<p align=\"justify\"><span style=\"font-family: Matter, monospace;\"><span style=\"font-size: medium;\">Por otro lado, para difundir la movilizaci\u00f3n del 18 de junio, tambi\u00e9n queremos convocar a la ciudadan\u00eda a la carrera popular de 5 km que se llevar\u00e1 a cabo el 4 de junio desde la c\u00e1rcel de Pamplona hasta la plaza del Castillo.<\/span><\/span><\/p>\n<p align=\"justify\"><span style=\"font-family: Matter, monospace;\"><span style=\"font-size: medium;\"><b>Recorramos juntas y juntos el camino hacia la convivencia, hacia la pasa, hacia casa.<\/b><\/span><\/span><\/p>\n<\/li>\n<\/ul>\n<p align=\"justify\">\n<hr \/>\n<p><img loading=\"lazy\" decoding=\"async\" class=\"alignnone wp-image-3309\" src=\"https:\/\/sare.eus\/wp-content\/uploads\/2022\/05\/EKAINAK-4-lasterketa-herrikoia-212x300.jpg\" alt=\"\" width=\"350\" height=\"495\" srcset=\"https:\/\/sare.eus\/wp-content\/uploads\/2022\/05\/EKAINAK-4-lasterketa-herrikoia-212x300.jpg 212w, https:\/\/sare.eus\/wp-content\/uploads\/2022\/05\/EKAINAK-4-lasterketa-herrikoia-724x1024.jpg 724w, https:\/\/sare.eus\/wp-content\/uploads\/2022\/05\/EKAINAK-4-lasterketa-herrikoia-768x1086.jpg 768w, https:\/\/sare.eus\/wp-content\/uploads\/2022\/05\/EKAINAK-4-lasterketa-herrikoia-1086x1536.jpg 1086w, https:\/\/sare.eus\/wp-content\/uploads\/2022\/05\/EKAINAK-4-lasterketa-herrikoia-1080x1528.jpg 1080w, https:\/\/sare.eus\/wp-content\/uploads\/2022\/05\/EKAINAK-4-lasterketa-herrikoia.jpg 1250w\" sizes=\"(max-width: 350px) 100vw, 350px\" \/><\/p>\n","protected":false},"excerpt":{"rendered":"<p>Nos hemos juntado hoy aqu\u00ed para informar de una nueva movilizaci\u00f3n: una manifestaci\u00f3n el 18 de junio, a las 18:00, en Pamplona, bajo el lema \u201cEtxera bidea gertu\u201d, cuyo objetivo [&hellip;]<\/p>\n","protected":false},"author":2,"featured_media":3314,"comment_status":"closed","ping_status":"closed","sticky":false,"template":"","format":"standard","meta":{"_acf_changed":false,"_et_pb_use_builder":"off","_et_pb_old_content":"","_et_gb_content_width":"","footnotes":""},"categories":[60],"tags":[],"class_list":["post-3312","post","type-post","status-publish","format-standard","has-post-thumbnail","hentry","category-etxera-es","et-has-post-format-content","et_post_format-et-post-format-standard"],"acf":[],"yoast_head":"<!-- This site is optimized with the Yoast SEO plugin v26.4 - https:\/\/yoast.com\/wordpress\/plugins\/seo\/ -->\n<title>llamamos a la sociedad navarra a participar el 18 de junio en la manifestaci\u00f3n que bajo el lema \u201cEtxera bidea gertu\u201d se realizara en iru\u00f1ea - Sare Herritarra<\/title>\n<meta name=\"robots\" content=\"index, follow, max-snippet:-1, max-image-preview:large, max-video-preview:-1\" \/>\n<link rel=\"canonical\" href=\"https:\/\/sare.eus\/es\/18dejunio-irunea\/\" \/>\n<meta property=\"og:locale\" content=\"es_ES\" \/>\n<meta property=\"og:type\" content=\"article\" \/>\n<meta property=\"og:title\" content=\"llamamos a la sociedad navarra a participar el 18 de junio en la manifestaci\u00f3n que bajo el lema \u201cEtxera bidea gertu\u201d se realizara en iru\u00f1ea - Sare Herritarra\" \/>\n<meta property=\"og:description\" content=\"Nos hemos juntado hoy aqu\u00ed para informar de una nueva movilizaci\u00f3n: una manifestaci\u00f3n el 18 de junio, a las 18:00, en Pamplona, bajo el lema \u201cEtxera bidea gertu\u201d, cuyo objetivo [&hellip;]\" \/>\n<meta property=\"og:url\" content=\"https:\/\/sare.eus\/es\/18dejunio-irunea\/\" \/>\n<meta property=\"og:site_name\" content=\"Sare Herritarra\" \/>\n<meta property=\"article:published_time\" content=\"2022-05-03T10:04:25+00:00\" \/>\n<meta property=\"article:modified_time\" content=\"2022-05-03T10:09:15+00:00\" \/>\n<meta property=\"og:image\" content=\"https:\/\/sare.eus\/wp-content\/uploads\/2022\/05\/2022.05.03.-sare-nafarroa.jpg\" \/>\n\t<meta property=\"og:image:width\" content=\"1280\" \/>\n\t<meta property=\"og:image:height\" content=\"831\" \/>\n\t<meta property=\"og:image:type\" content=\"image\/jpeg\" \/>\n<meta name=\"author\" content=\"sare\" \/>\n<meta name=\"twitter:card\" content=\"summary_large_image\" \/>\n<meta name=\"twitter:label1\" content=\"Escrito por\" \/>\n\t<meta name=\"twitter:data1\" content=\"sare\" \/>\n\t<meta name=\"twitter:label2\" content=\"Tiempo de lectura\" \/>\n\t<meta name=\"twitter:data2\" content=\"4 minutos\" \/>\n<script type=\"application\/ld+json\" class=\"yoast-schema-graph\">{\"@context\":\"https:\/\/schema.org\",\"@graph\":[{\"@type\":\"Article\",\"@id\":\"https:\/\/sare.eus\/es\/18dejunio-irunea\/#article\",\"isPartOf\":{\"@id\":\"https:\/\/sare.eus\/es\/18dejunio-irunea\/\"},\"author\":{\"name\":\"sare\",\"@id\":\"https:\/\/sare.eus\/#\/schema\/person\/2fe6d0df294f56313d3ab236dbe38e17\"},\"headline\":\"llamamos a la sociedad navarra a participar el 18 de junio en la manifestaci\u00f3n que bajo el lema \u201cEtxera bidea gertu\u201d se realizara en iru\u00f1ea\",\"datePublished\":\"2022-05-03T10:04:25+00:00\",\"dateModified\":\"2022-05-03T10:09:15+00:00\",\"mainEntityOfPage\":{\"@id\":\"https:\/\/sare.eus\/es\/18dejunio-irunea\/\"},\"wordCount\":624,\"publisher\":{\"@id\":\"https:\/\/sare.eus\/#organization\"},\"image\":{\"@id\":\"https:\/\/sare.eus\/es\/18dejunio-irunea\/#primaryimage\"},\"thumbnailUrl\":\"https:\/\/sare.eus\/wp-content\/uploads\/2022\/05\/2022.05.03.-sare-nafarroa.jpg\",\"articleSection\":[\"Etxera\"],\"inLanguage\":\"es\"},{\"@type\":\"WebPage\",\"@id\":\"https:\/\/sare.eus\/es\/18dejunio-irunea\/\",\"url\":\"https:\/\/sare.eus\/es\/18dejunio-irunea\/\",\"name\":\"llamamos a la sociedad navarra a participar el 18 de junio en la manifestaci\u00f3n que bajo el lema \u201cEtxera bidea gertu\u201d se realizara en iru\u00f1ea - Sare Herritarra\",\"isPartOf\":{\"@id\":\"https:\/\/sare.eus\/#website\"},\"primaryImageOfPage\":{\"@id\":\"https:\/\/sare.eus\/es\/18dejunio-irunea\/#primaryimage\"},\"image\":{\"@id\":\"https:\/\/sare.eus\/es\/18dejunio-irunea\/#primaryimage\"},\"thumbnailUrl\":\"https:\/\/sare.eus\/wp-content\/uploads\/2022\/05\/2022.05.03.-sare-nafarroa.jpg\",\"datePublished\":\"2022-05-03T10:04:25+00:00\",\"dateModified\":\"2022-05-03T10:09:15+00:00\",\"breadcrumb\":{\"@id\":\"https:\/\/sare.eus\/es\/18dejunio-irunea\/#breadcrumb\"},\"inLanguage\":\"es\",\"potentialAction\":[{\"@type\":\"ReadAction\",\"target\":[\"https:\/\/sare.eus\/es\/18dejunio-irunea\/\"]}]},{\"@type\":\"ImageObject\",\"inLanguage\":\"es\",\"@id\":\"https:\/\/sare.eus\/es\/18dejunio-irunea\/#primaryimage\",\"url\":\"https:\/\/sare.eus\/wp-content\/uploads\/2022\/05\/2022.05.03.-sare-nafarroa.jpg\",\"contentUrl\":\"https:\/\/sare.eus\/wp-content\/uploads\/2022\/05\/2022.05.03.-sare-nafarroa.jpg\",\"width\":1280,\"height\":831},{\"@type\":\"BreadcrumbList\",\"@id\":\"https:\/\/sare.eus\/es\/18dejunio-irunea\/#breadcrumb\",\"itemListElement\":[{\"@type\":\"ListItem\",\"position\":1,\"name\":\"Home\",\"item\":\"https:\/\/sare.eus\/\"},{\"@type\":\"ListItem\",\"position\":2,\"name\":\"llamamos a la sociedad navarra a participar el 18 de junio en la manifestaci\u00f3n que bajo el lema \u201cEtxera bidea gertu\u201d se realizara en iru\u00f1ea\"}]},{\"@type\":\"WebSite\",\"@id\":\"https:\/\/sare.eus\/#website\",\"url\":\"https:\/\/sare.eus\/\",\"name\":\"Sare Herritarra\",\"description\":\"KONPONBIDEAREN ETA GIZA ESKUBIDEEN ALDEKO SARE HERRITARRA\",\"publisher\":{\"@id\":\"https:\/\/sare.eus\/#organization\"},\"potentialAction\":[{\"@type\":\"SearchAction\",\"target\":{\"@type\":\"EntryPoint\",\"urlTemplate\":\"https:\/\/sare.eus\/?s={search_term_string}\"},\"query-input\":{\"@type\":\"PropertyValueSpecification\",\"valueRequired\":true,\"valueName\":\"search_term_string\"}}],\"inLanguage\":\"es\"},{\"@type\":\"Organization\",\"@id\":\"https:\/\/sare.eus\/#organization\",\"name\":\"Sare Herritarra\",\"url\":\"https:\/\/sare.eus\/\",\"logo\":{\"@type\":\"ImageObject\",\"inLanguage\":\"es\",\"@id\":\"https:\/\/sare.eus\/#\/schema\/logo\/image\/\",\"url\":\"https:\/\/sare.eus\/wp-content\/uploads\/2021\/08\/sare.png\",\"contentUrl\":\"https:\/\/sare.eus\/wp-content\/uploads\/2021\/08\/sare.png\",\"width\":120,\"height\":142,\"caption\":\"Sare Herritarra\"},\"image\":{\"@id\":\"https:\/\/sare.eus\/#\/schema\/logo\/image\/\"}},{\"@type\":\"Person\",\"@id\":\"https:\/\/sare.eus\/#\/schema\/person\/2fe6d0df294f56313d3ab236dbe38e17\",\"name\":\"sare\",\"image\":{\"@type\":\"ImageObject\",\"inLanguage\":\"es\",\"@id\":\"https:\/\/sare.eus\/#\/schema\/person\/image\/\",\"url\":\"https:\/\/secure.gravatar.com\/avatar\/77cad838677ceb1977e7b3c878b55eaa7fa4aae2158983063b047c3ad7ef2c25?s=96&d=mm&r=g\",\"contentUrl\":\"https:\/\/secure.gravatar.com\/avatar\/77cad838677ceb1977e7b3c878b55eaa7fa4aae2158983063b047c3ad7ef2c25?s=96&d=mm&r=g\",\"caption\":\"sare\"},\"url\":\"https:\/\/sare.eus\/es\/author\/sare\/\"}]}<\/script>\n<!-- \/ Yoast SEO plugin. -->","yoast_head_json":{"title":"llamamos a la sociedad navarra a participar el 18 de junio en la manifestaci\u00f3n que bajo el lema \u201cEtxera bidea gertu\u201d se realizara en iru\u00f1ea - Sare Herritarra","robots":{"index":"index","follow":"follow","max-snippet":"max-snippet:-1","max-image-preview":"max-image-preview:large","max-video-preview":"max-video-preview:-1"},"canonical":"https:\/\/sare.eus\/es\/18dejunio-irunea\/","og_locale":"es_ES","og_type":"article","og_title":"llamamos a la sociedad navarra a participar el 18 de junio en la manifestaci\u00f3n que bajo el lema \u201cEtxera bidea gertu\u201d se realizara en iru\u00f1ea - Sare Herritarra","og_description":"Nos hemos juntado hoy aqu\u00ed para informar de una nueva movilizaci\u00f3n: una manifestaci\u00f3n el 18 de junio, a las 18:00, en Pamplona, bajo el lema \u201cEtxera bidea gertu\u201d, cuyo objetivo [&hellip;]","og_url":"https:\/\/sare.eus\/es\/18dejunio-irunea\/","og_site_name":"Sare Herritarra","article_published_time":"2022-05-03T10:04:25+00:00","article_modified_time":"2022-05-03T10:09:15+00:00","og_image":[{"width":1280,"height":831,"url":"https:\/\/sare.eus\/wp-content\/uploads\/2022\/05\/2022.05.03.-sare-nafarroa.jpg","type":"image\/jpeg"}],"author":"sare","twitter_card":"summary_large_image","twitter_misc":{"Escrito por":"sare","Tiempo de lectura":"4 minutos"},"schema":{"@context":"https:\/\/schema.org","@graph":[{"@type":"Article","@id":"https:\/\/sare.eus\/es\/18dejunio-irunea\/#article","isPartOf":{"@id":"https:\/\/sare.eus\/es\/18dejunio-irunea\/"},"author":{"name":"sare","@id":"https:\/\/sare.eus\/#\/schema\/person\/2fe6d0df294f56313d3ab236dbe38e17"},"headline":"llamamos a la sociedad navarra a participar el 18 de junio en la manifestaci\u00f3n que bajo el lema \u201cEtxera bidea gertu\u201d se realizara en iru\u00f1ea","datePublished":"2022-05-03T10:04:25+00:00","dateModified":"2022-05-03T10:09:15+00:00","mainEntityOfPage":{"@id":"https:\/\/sare.eus\/es\/18dejunio-irunea\/"},"wordCount":624,"publisher":{"@id":"https:\/\/sare.eus\/#organization"},"image":{"@id":"https:\/\/sare.eus\/es\/18dejunio-irunea\/#primaryimage"},"thumbnailUrl":"https:\/\/sare.eus\/wp-content\/uploads\/2022\/05\/2022.05.03.-sare-nafarroa.jpg","articleSection":["Etxera"],"inLanguage":"es"},{"@type":"WebPage","@id":"https:\/\/sare.eus\/es\/18dejunio-irunea\/","url":"https:\/\/sare.eus\/es\/18dejunio-irunea\/","name":"llamamos a la sociedad navarra a participar el 18 de junio en la manifestaci\u00f3n que bajo el lema \u201cEtxera bidea gertu\u201d se realizara en iru\u00f1ea - Sare Herritarra","isPartOf":{"@id":"https:\/\/sare.eus\/#website"},"primaryImageOfPage":{"@id":"https:\/\/sare.eus\/es\/18dejunio-irunea\/#primaryimage"},"image":{"@id":"https:\/\/sare.eus\/es\/18dejunio-irunea\/#primaryimage"},"thumbnailUrl":"https:\/\/sare.eus\/wp-content\/uploads\/2022\/05\/2022.05.03.-sare-nafarroa.jpg","datePublished":"2022-05-03T10:04:25+00:00","dateModified":"2022-05-03T10:09:15+00:00","breadcrumb":{"@id":"https:\/\/sare.eus\/es\/18dejunio-irunea\/#breadcrumb"},"inLanguage":"es","potentialAction":[{"@type":"ReadAction","target":["https:\/\/sare.eus\/es\/18dejunio-irunea\/"]}]},{"@type":"ImageObject","inLanguage":"es","@id":"https:\/\/sare.eus\/es\/18dejunio-irunea\/#primaryimage","url":"https:\/\/sare.eus\/wp-content\/uploads\/2022\/05\/2022.05.03.-sare-nafarroa.jpg","contentUrl":"https:\/\/sare.eus\/wp-content\/uploads\/2022\/05\/2022.05.03.-sare-nafarroa.jpg","width":1280,"height":831},{"@type":"BreadcrumbList","@id":"https:\/\/sare.eus\/es\/18dejunio-irunea\/#breadcrumb","itemListElement":[{"@type":"ListItem","position":1,"name":"Home","item":"https:\/\/sare.eus\/"},{"@type":"ListItem","position":2,"name":"llamamos a la sociedad navarra a participar el 18 de junio en la manifestaci\u00f3n que bajo el lema \u201cEtxera bidea gertu\u201d se realizara en iru\u00f1ea"}]},{"@type":"WebSite","@id":"https:\/\/sare.eus\/#website","url":"https:\/\/sare.eus\/","name":"Sare Herritarra","description":"KONPONBIDEAREN ETA GIZA ESKUBIDEEN ALDEKO SARE HERRITARRA","publisher":{"@id":"https:\/\/sare.eus\/#organization"},"potentialAction":[{"@type":"SearchAction","target":{"@type":"EntryPoint","urlTemplate":"https:\/\/sare.eus\/?s={search_term_string}"},"query-input":{"@type":"PropertyValueSpecification","valueRequired":true,"valueName":"search_term_string"}}],"inLanguage":"es"},{"@type":"Organization","@id":"https:\/\/sare.eus\/#organization","name":"Sare Herritarra","url":"https:\/\/sare.eus\/","logo":{"@type":"ImageObject","inLanguage":"es","@id":"https:\/\/sare.eus\/#\/schema\/logo\/image\/","url":"https:\/\/sare.eus\/wp-content\/uploads\/2021\/08\/sare.png","contentUrl":"https:\/\/sare.eus\/wp-content\/uploads\/2021\/08\/sare.png","width":120,"height":142,"caption":"Sare Herritarra"},"image":{"@id":"https:\/\/sare.eus\/#\/schema\/logo\/image\/"}},{"@type":"Person","@id":"https:\/\/sare.eus\/#\/schema\/person\/2fe6d0df294f56313d3ab236dbe38e17","name":"sare","image":{"@type":"ImageObject","inLanguage":"es","@id":"https:\/\/sare.eus\/#\/schema\/person\/image\/","url":"https:\/\/secure.gravatar.com\/avatar\/77cad838677ceb1977e7b3c878b55eaa7fa4aae2158983063b047c3ad7ef2c25?s=96&d=mm&r=g","contentUrl":"https:\/\/secure.gravatar.com\/avatar\/77cad838677ceb1977e7b3c878b55eaa7fa4aae2158983063b047c3ad7ef2c25?s=96&d=mm&r=g","caption":"sare"},"url":"https:\/\/sare.eus\/es\/author\/sare\/"}]}},"_links":{"self":[{"href":"https:\/\/sare.eus\/es\/wp-json\/wp\/v2\/posts\/3312","targetHints":{"allow":["GET"]}}],"collection":[{"href":"https:\/\/sare.eus\/es\/wp-json\/wp\/v2\/posts"}],"about":[{"href":"https:\/\/sare.eus\/es\/wp-json\/wp\/v2\/types\/post"}],"author":[{"embeddable":true,"href":"https:\/\/sare.eus\/es\/wp-json\/wp\/v2\/users\/2"}],"replies":[{"embeddable":true,"href":"https:\/\/sare.eus\/es\/wp-json\/wp\/v2\/comments?post=3312"}],"version-history":[{"count":3,"href":"https:\/\/sare.eus\/es\/wp-json\/wp\/v2\/posts\/3312\/revisions"}],"predecessor-version":[{"id":3320,"href":"https:\/\/sare.eus\/es\/wp-json\/wp\/v2\/posts\/3312\/revisions\/3320"}],"wp:featuredmedia":[{"embeddable":true,"href":"https:\/\/sare.eus\/es\/wp-json\/wp\/v2\/media\/3314"}],"wp:attachment":[{"href":"https:\/\/sare.eus\/es\/wp-json\/wp\/v2\/media?parent=3312"}],"wp:term":[{"taxonomy":"category","embeddable":true,"href":"https:\/\/sare.eus\/es\/wp-json\/wp\/v2\/categories?post=3312"},{"taxonomy":"post_tag","embeddable":true,"href":"https:\/\/sare.eus\/es\/wp-json\/wp\/v2\/tags?post=3312"}],"curies":[{"name":"wp","href":"https:\/\/api.w.org\/{rel}","templated":true}]}}