{"id":3237,"date":"2022-04-30T09:58:45","date_gmt":"2022-04-30T09:58:45","guid":{"rendered":"https:\/\/sare.eus\/?p=3237"},"modified":"2022-06-01T07:26:23","modified_gmt":"2022-06-01T07:26:23","slug":"illumbe-el-8-de-octubre","status":"publish","type":"post","link":"https:\/\/sare.eus\/es\/illumbe-el-8-de-octubre\/","title":{"rendered":"Sare organiza en Illumbe un festival que combinar\u00e1 la reivindicaci\u00f3n, con un festival de m\u00fasica el 8 de octubre"},"content":{"rendered":"\n<p><em>[ACTUALIZADO | 31.05.2022]<\/em><\/p>\n\n\n<blockquote>\n<p class=\"western\" lang=\"eu-ES\" align=\"left\"><strong>Sare dar\u00e1 por finalizado el 8 de octubre en San Sebasti\u00e1n el reto de 3.127.326 km que se ha marcado dentro de la din\u00e1mica Izan Bidea, con una movilizaci\u00f3n que finalizar\u00e1 con un festival de m\u00fasica, con conciertos como Belako, Rotten XIII, Esne Beltza, Su Ta Gar, Zea Mays, Liher, Doctor Deseo, E\u00f1aut Elorrieta, Josu eta Gari (Hertzainak), Dupla, McOnak, Trikidantz, Ttek elektrotxaranga, Porrotx, Maialen Lujanbio eta Amets Arzallus, entre otros. Sare ha se\u00f1alado que el 8 de octubre no s\u00f3lo se pone fin a este reto, sino que \u201cqueremos unir a todos los ciudadanos y ciudadanas que han apostado durante a\u00f1os por el fin de la pol\u00edtica de alejamiento, en un momento en el que esta pol\u00edtica est\u00e1 llegando a su fin, para agradecer su impulso y reivindicar que este logro, que es de todos\/as, se haga del todo realidad.<\/strong><\/p>\n<\/blockquote>\n<p><img loading=\"lazy\" decoding=\"async\" class=\"alignleft wp-image-2778\" src=\"https:\/\/sare.eus\/wp-content\/uploads\/2022\/03\/URRIAK_8_digital_WEB-212x300.jpg\" alt=\"\" width=\"325\" height=\"460\" srcset=\"https:\/\/sare.eus\/wp-content\/uploads\/2022\/03\/URRIAK_8_digital_WEB-212x300.jpg 212w, https:\/\/sare.eus\/wp-content\/uploads\/2022\/03\/URRIAK_8_digital_WEB-723x1024.jpg 723w, https:\/\/sare.eus\/wp-content\/uploads\/2022\/03\/URRIAK_8_digital_WEB-768x1088.jpg 768w, https:\/\/sare.eus\/wp-content\/uploads\/2022\/03\/URRIAK_8_digital_WEB-1084x1536.jpg 1084w, https:\/\/sare.eus\/wp-content\/uploads\/2022\/03\/URRIAK_8_digital_WEB-1446x2048.jpg 1446w, https:\/\/sare.eus\/wp-content\/uploads\/2022\/03\/URRIAK_8_digital_WEB-1080x1530.jpg 1080w, https:\/\/sare.eus\/wp-content\/uploads\/2022\/03\/URRIAK_8_digital_WEB-scaled.jpg 1807w\" sizes=\"(max-width: 325px) 100vw, 325px\" \/>El Covid, nos ha impedido realizar durante los dos \u00faltimos a\u00f1os, movilizaciones de grandes dimensiones por salud y por seguridad.<\/p>\n<p>Hoy, tras una mejor situaci\u00f3n sanitaria, desde la Red Ciudadana SARE, les hemos convocado aqu\u00ed en Illumbe, para darles a conocer, la que ser\u00e1 la mayor movilizaci\u00f3n de este 2022 de nuestra Red Ciudadana.<\/p>\n<p>El pasado 8 de enero, tras las diversas movilizaci\u00f3n que organizamos a lo largo y ancho de EH, anunciamos que el 8 de Octubre, SARE dar\u00eda por concluido el reto que hace dos a\u00f1os nos impusimos: realizar 3.127.326 kms., tantos como habitantes hay en EH, en defensa de la convivencia, la paz y el fin de la vulneraci\u00f3n de derechos de los presos y presas vascas, que pueda posibilitar el inicio del regreso a casa de todos ellos.<\/p>\n<p>Solemos decir, que mucha gente, en muchos sitios y haciendo peque\u00f1as cosas, pueden cambiar el mundo.<\/p>\n<p>Pues bien, nosotros estamos realizando tantos miles de kms., de mil formas y maneras. En este objetivo hemos participado miles de personas. J\u00f3venes y mayores. Hombres y mujeres. Y sobre todo personas con voluntad de cambiar esta situaci\u00f3n que continua siendo de excepci\u00f3n en el caso de la pol\u00edtica penitenciaria que se aplica al colectivo de presos y presas vascas.<\/p>\n<p>Para participar en este objetivo, pusimos en marcha la aplicaci\u00f3n Izan Bidea y en ella se han ido registrando personas que o bien a trav\u00e9s de las iniciativas propias de SARE, o iniciativas individuales han ido registrando los kms. , que han realizado. Bien corriendo, nadando, en bici o en patinete. Se trataba de involucrar a una gran parte de la sociedad vasca y creemos que lo hemos conseguido.<\/p>\n<p>Por tanto, hoy, lo primero que queremos hacer es agradecer la participaci\u00f3n de tantos miles de personas y animarles a seguir caminando hasta el 8 de octubre, para llegar a estos m\u00e1s de 3 millones de kms.<\/p>\n<p>En segundo lugar, el 8 de octubre, queremos hacer algo m\u00e1s que alcanzar el reto propuesto. Este d\u00eda queremos unir a tantas y tantas personas que durante a\u00f1os y a\u00f1os, han exigido el fin de la pol\u00edtica de alejamiento, que poco a poco, va llegando a su fin.<\/p>\n<p>Sin duda, a\u00fan reconociendo el camino que llevamos recorrido, tenemos que decir que a\u00fan nos queda un largo trecho que recorrer.<\/p>\n<p>Son todav\u00eda, el 46% de los presos y las presas, se encuentran alejados de sus casas, tanto en c\u00e1rceles de Espa\u00f1a, como de Francia.<\/p>\n<p>Son todav\u00eda, la inmensa mayor\u00eda las que se encuentra bloqueada en segundo grado penitenciaria, lo que les imposibilita desarrollar el proceso de regreso a casa.<\/p>\n<p><img loading=\"lazy\" decoding=\"async\" class=\"alignleft wp-image-3404\" src=\"https:\/\/sare.eus\/wp-content\/uploads\/2022\/05\/urriak8_A3_Jaialdia-osoababesleak-WEB-01-215x300.jpg\" alt=\"\" width=\"550\" height=\"767\" srcset=\"https:\/\/sare.eus\/wp-content\/uploads\/2022\/05\/urriak8_A3_Jaialdia-osoababesleak-WEB-01-215x300.jpg 215w, https:\/\/sare.eus\/wp-content\/uploads\/2022\/05\/urriak8_A3_Jaialdia-osoababesleak-WEB-01-734x1024.jpg 734w, https:\/\/sare.eus\/wp-content\/uploads\/2022\/05\/urriak8_A3_Jaialdia-osoababesleak-WEB-01-768x1071.jpg 768w, https:\/\/sare.eus\/wp-content\/uploads\/2022\/05\/urriak8_A3_Jaialdia-osoababesleak-WEB-01.jpg 884w\" sizes=\"(max-width: 550px) 100vw, 550px\" \/>Son todav\u00eda, muchos y muchas, a los cuales se les niega su derecho a disfrutar de permisos penitenciarios.<\/p>\n<p>En definitiva, la pol\u00edtica penitenciaria de excepcion, continua siendo la norma de aplicaci\u00f3n a los presos y presas vascos.<\/p>\n<p>Es por ello, que desde SARE, continuaremos movilizando a la sociedad vasca y exigiendo en las Instituciones el fin de esta situaci\u00f3n.<br \/>Es cierto, que nuestro principal objetivo ha sido en los m\u00e1s de seis a\u00f1os de vida que tenemos, el poner fin a la pol\u00edtica de alejamiento. Y lo estamos consiguiendo.<\/p>\n<p>Pero no vamos a dar por normalizada una situaci\u00f3n que no lo es. Es un gran paso el acercamiento, pero una vez conseguido nos quedan m\u00e1s etapas que cumplir.<\/p>\n<p>No nos cansaremos de repetir, que la actual situaci\u00f3n y la perspectiva esperanzadora que tenemos por delante, no hubiera sido posible sin el impulso de la sociedad vasca, desde su pluralidad ideol\u00f3gica y tambi\u00e9n desde su apuesta en la defensa de todos los DDHH.<\/p>\n<p>No hubiera sido posible, tampoco, sin los consensos pol\u00edticos y sindicales, alcanzados en los \u00faltimos tres a\u00f1os, haciendo un esfuerzo por alcanzarlos, al margen de la ideolog\u00eda de cada uno.<\/p>\n<p>Dejamos para el final dos \u00faltimos reconocimientos y no menos importantes. Al contrario.<\/p>\n<p>En primer lugar, hoy queremos poner en valor y recordar el sufrimiento y la lucha del d\u00eda a d\u00eda, llevada a cabo por los familiares de los y las presas vascas. Con miles y miles de Kms., a sus espaldas, recorriendo infinidad de c\u00e1rceles de Espa\u00f1a y Francia. Con un coste personal impresionante.<\/p>\n<p>Y en segundo lugar, queremos agradecer y poner en valor, tambi\u00e9n, el ejemplo de empat\u00eda que han venido mostrando muchas victimas de la violencia y su clara apuesta por la convivencia y la reivindicaci\u00f3n de una pol\u00edtica penitenciaria ordinaria.<\/p>\n<p>Por todo ello, el 8 de octubre, Donostia sera el escenario de una apuesta rotunda por la convivencia y lo haremos bajo el lema: \u201cEtxera bidea gertu\u201d. Con ello, queremos impulsar este gran cambio que entre todas y todos, estamos logrando.<\/p>\n<p><a href=\"https:\/\/sare.eus\/urriak-8\/\" target=\"_blank\" rel=\"noopener\"><strong>\u00bfQue vamos a hacer este d\u00eda en Donostia?<\/strong><\/a><\/p>\n<p>Ser\u00e1 una gran movilizaci\u00f3n, que dar\u00e1 comienzo a las 11 horas, en el Boulevard, con la realizaci\u00f3n de los \u00faltimos kms.. A continuaci\u00f3n dar\u00e1 comienzo una colorida manifestaci\u00f3n, que dar\u00e1 comienzo a las 12 h. en Pio XII.<\/p>\n<p>Finalizaremos la manifestaci\u00f3n con un sencillo acto en la parte exterior de Illumbe, donde tras la lectura del comunicado, abriremos las barras y espacio de almuerzo preparados para el festival de m\u00fasica que se alargar\u00e1 hasta la madrugada.<\/p>\n<p><strong>As\u00ed, a primera hora de la tarde, 15,30, en Illumbe, se iniciar\u00e1 un festival musica en el que participaran, entre otros: Belako, Rotten XIII, Esne Beltza, Su Ta Gar, Zea Mays, Liher, Doctor Deseo, E\u00f1aut Elorrieta, Josu eta Gari (Hertzainak), Dupla, McOnak, Trikidantz, Ttek elektrotxaranga, Porrotx, Maialen Lujanbio eta Amets Arzallus&#8230;.<\/strong><\/p>\n<p>Habr\u00e1, tambi\u00e9n, un espacio para los m\u00e1s peque\u00f1os, con la participaci\u00f3n de Porrotx y algunos entretenimientos mas.<\/p>\n<p>En definitiva, queremos que sea un d\u00eda completo. Con amplias actividades, para todas las edades. Buen ambiente. Se podr\u00e1 comer y beber en las txosnaz que se ubicaran aqu\u00ed mismo.<\/p>\n<p>Sera un d\u00eda de reivindicaci\u00f3n y tambi\u00e9n de fiesta. Porque ambas cosas son compatibles.<\/p>\n<p>Sin duda, la organizaci\u00f3n de una jornada tan completa, de tantas actividades, se desarrollara con la colaboraci\u00f3n de cientos de voluntarios\/as, por lo que aprovechamos esta convocatoria de prensa para que la gente que quiera ayudarnos sepa que dentro de unos meses abriremos la opci\u00f3n de inscribirse como voluntario.<\/p>\n<hr \/>\n<p><strong>\u00bb Entradas a la Venta: <a href=\"https:\/\/sare.eus\/es\/urriak-8\/\" target=\"_blank\" rel=\"noopener\">https:\/\/sare.eus\/es\/urriak-8\/\u00a0<\/a><\/strong><\/p>","protected":false},"excerpt":{"rendered":"<p>[ACTUALIZADO | 31.05.2022] Sare dar\u00e1 por finalizado el 8 de octubre en San Sebasti\u00e1n el reto de 3.127.326 km que se ha marcado dentro de la din\u00e1mica Izan Bidea, con [&hellip;]<\/p>\n","protected":false},"author":2,"featured_media":3261,"comment_status":"closed","ping_status":"closed","sticky":false,"template":"","format":"standard","meta":{"_acf_changed":false,"_et_pb_use_builder":"off","_et_pb_old_content":"","_et_gb_content_width":"","footnotes":""},"categories":[60],"tags":[],"class_list":["post-3237","post","type-post","status-publish","format-standard","has-post-thumbnail","hentry","category-etxera-es","et-has-post-format-content","et_post_format-et-post-format-standard"],"acf":[],"yoast_head":"<!-- This site is optimized with the Yoast SEO plugin v26.4 - https:\/\/yoast.com\/wordpress\/plugins\/seo\/ -->\n<title>Sare organiza en Illumbe un festival que combinar\u00e1 la reivindicaci\u00f3n, con un festival de m\u00fasica el 8 de octubre - Sare Herritarra<\/title>\n<meta name=\"robots\" content=\"index, follow, max-snippet:-1, max-image-preview:large, max-video-preview:-1\" \/>\n<link rel=\"canonical\" href=\"https:\/\/sare.eus\/es\/illumbe-el-8-de-octubre\/\" \/>\n<meta property=\"og:locale\" content=\"es_ES\" \/>\n<meta property=\"og:type\" content=\"article\" \/>\n<meta property=\"og:title\" content=\"Sare organiza en Illumbe un festival que combinar\u00e1 la reivindicaci\u00f3n, con un festival de m\u00fasica el 8 de octubre - Sare Herritarra\" \/>\n<meta property=\"og:description\" content=\"[ACTUALIZADO | 31.05.2022] Sare dar\u00e1 por finalizado el 8 de octubre en San Sebasti\u00e1n el reto de 3.127.326 km que se ha marcado dentro de la din\u00e1mica Izan Bidea, con [&hellip;]\" \/>\n<meta property=\"og:url\" content=\"https:\/\/sare.eus\/es\/illumbe-el-8-de-octubre\/\" \/>\n<meta property=\"og:site_name\" content=\"Sare Herritarra\" \/>\n<meta property=\"article:published_time\" content=\"2022-04-30T09:58:45+00:00\" \/>\n<meta property=\"article:modified_time\" content=\"2022-06-01T07:26:23+00:00\" \/>\n<meta property=\"og:image\" content=\"https:\/\/sare.eus\/wp-content\/uploads\/2022\/04\/photo_2022-04-30_11-53-25.jpg\" \/>\n\t<meta property=\"og:image:width\" content=\"1280\" \/>\n\t<meta property=\"og:image:height\" content=\"960\" \/>\n\t<meta property=\"og:image:type\" content=\"image\/jpeg\" \/>\n<meta name=\"author\" content=\"sare\" \/>\n<meta name=\"twitter:card\" content=\"summary_large_image\" \/>\n<meta name=\"twitter:label1\" content=\"Escrito por\" \/>\n\t<meta name=\"twitter:data1\" content=\"sare\" \/>\n\t<meta name=\"twitter:label2\" content=\"Tiempo de lectura\" \/>\n\t<meta name=\"twitter:data2\" content=\"7 minutos\" \/>\n<script type=\"application\/ld+json\" class=\"yoast-schema-graph\">{\"@context\":\"https:\/\/schema.org\",\"@graph\":[{\"@type\":\"Article\",\"@id\":\"https:\/\/sare.eus\/es\/illumbe-el-8-de-octubre\/#article\",\"isPartOf\":{\"@id\":\"https:\/\/sare.eus\/es\/illumbe-el-8-de-octubre\/\"},\"author\":{\"name\":\"sare\",\"@id\":\"https:\/\/sare.eus\/#\/schema\/person\/2fe6d0df294f56313d3ab236dbe38e17\"},\"headline\":\"Sare organiza en Illumbe un festival que combinar\u00e1 la reivindicaci\u00f3n, con un festival de m\u00fasica el 8 de octubre\",\"datePublished\":\"2022-04-30T09:58:45+00:00\",\"dateModified\":\"2022-06-01T07:26:23+00:00\",\"mainEntityOfPage\":{\"@id\":\"https:\/\/sare.eus\/es\/illumbe-el-8-de-octubre\/\"},\"wordCount\":1252,\"publisher\":{\"@id\":\"https:\/\/sare.eus\/#organization\"},\"image\":{\"@id\":\"https:\/\/sare.eus\/es\/illumbe-el-8-de-octubre\/#primaryimage\"},\"thumbnailUrl\":\"https:\/\/sare.eus\/wp-content\/uploads\/2022\/04\/photo_2022-04-30_11-53-25.jpg\",\"articleSection\":[\"Etxera\"],\"inLanguage\":\"es\"},{\"@type\":\"WebPage\",\"@id\":\"https:\/\/sare.eus\/es\/illumbe-el-8-de-octubre\/\",\"url\":\"https:\/\/sare.eus\/es\/illumbe-el-8-de-octubre\/\",\"name\":\"Sare organiza en Illumbe un festival que combinar\u00e1 la reivindicaci\u00f3n, con un festival de m\u00fasica el 8 de octubre - Sare Herritarra\",\"isPartOf\":{\"@id\":\"https:\/\/sare.eus\/#website\"},\"primaryImageOfPage\":{\"@id\":\"https:\/\/sare.eus\/es\/illumbe-el-8-de-octubre\/#primaryimage\"},\"image\":{\"@id\":\"https:\/\/sare.eus\/es\/illumbe-el-8-de-octubre\/#primaryimage\"},\"thumbnailUrl\":\"https:\/\/sare.eus\/wp-content\/uploads\/2022\/04\/photo_2022-04-30_11-53-25.jpg\",\"datePublished\":\"2022-04-30T09:58:45+00:00\",\"dateModified\":\"2022-06-01T07:26:23+00:00\",\"breadcrumb\":{\"@id\":\"https:\/\/sare.eus\/es\/illumbe-el-8-de-octubre\/#breadcrumb\"},\"inLanguage\":\"es\",\"potentialAction\":[{\"@type\":\"ReadAction\",\"target\":[\"https:\/\/sare.eus\/es\/illumbe-el-8-de-octubre\/\"]}]},{\"@type\":\"ImageObject\",\"inLanguage\":\"es\",\"@id\":\"https:\/\/sare.eus\/es\/illumbe-el-8-de-octubre\/#primaryimage\",\"url\":\"https:\/\/sare.eus\/wp-content\/uploads\/2022\/04\/photo_2022-04-30_11-53-25.jpg\",\"contentUrl\":\"https:\/\/sare.eus\/wp-content\/uploads\/2022\/04\/photo_2022-04-30_11-53-25.jpg\",\"width\":1280,\"height\":960},{\"@type\":\"BreadcrumbList\",\"@id\":\"https:\/\/sare.eus\/es\/illumbe-el-8-de-octubre\/#breadcrumb\",\"itemListElement\":[{\"@type\":\"ListItem\",\"position\":1,\"name\":\"Home\",\"item\":\"https:\/\/sare.eus\/\"},{\"@type\":\"ListItem\",\"position\":2,\"name\":\"Sare organiza en Illumbe un festival que combinar\u00e1 la reivindicaci\u00f3n, con un festival de m\u00fasica el 8 de octubre\"}]},{\"@type\":\"WebSite\",\"@id\":\"https:\/\/sare.eus\/#website\",\"url\":\"https:\/\/sare.eus\/\",\"name\":\"Sare Herritarra\",\"description\":\"KONPONBIDEAREN ETA GIZA ESKUBIDEEN ALDEKO SARE HERRITARRA\",\"publisher\":{\"@id\":\"https:\/\/sare.eus\/#organization\"},\"potentialAction\":[{\"@type\":\"SearchAction\",\"target\":{\"@type\":\"EntryPoint\",\"urlTemplate\":\"https:\/\/sare.eus\/?s={search_term_string}\"},\"query-input\":{\"@type\":\"PropertyValueSpecification\",\"valueRequired\":true,\"valueName\":\"search_term_string\"}}],\"inLanguage\":\"es\"},{\"@type\":\"Organization\",\"@id\":\"https:\/\/sare.eus\/#organization\",\"name\":\"Sare Herritarra\",\"url\":\"https:\/\/sare.eus\/\",\"logo\":{\"@type\":\"ImageObject\",\"inLanguage\":\"es\",\"@id\":\"https:\/\/sare.eus\/#\/schema\/logo\/image\/\",\"url\":\"https:\/\/sare.eus\/wp-content\/uploads\/2021\/08\/sare.png\",\"contentUrl\":\"https:\/\/sare.eus\/wp-content\/uploads\/2021\/08\/sare.png\",\"width\":120,\"height\":142,\"caption\":\"Sare Herritarra\"},\"image\":{\"@id\":\"https:\/\/sare.eus\/#\/schema\/logo\/image\/\"}},{\"@type\":\"Person\",\"@id\":\"https:\/\/sare.eus\/#\/schema\/person\/2fe6d0df294f56313d3ab236dbe38e17\",\"name\":\"sare\",\"image\":{\"@type\":\"ImageObject\",\"inLanguage\":\"es\",\"@id\":\"https:\/\/sare.eus\/#\/schema\/person\/image\/\",\"url\":\"https:\/\/secure.gravatar.com\/avatar\/77cad838677ceb1977e7b3c878b55eaa7fa4aae2158983063b047c3ad7ef2c25?s=96&d=mm&r=g\",\"contentUrl\":\"https:\/\/secure.gravatar.com\/avatar\/77cad838677ceb1977e7b3c878b55eaa7fa4aae2158983063b047c3ad7ef2c25?s=96&d=mm&r=g\",\"caption\":\"sare\"},\"url\":\"https:\/\/sare.eus\/es\/author\/sare\/\"}]}<\/script>\n<!-- \/ Yoast SEO plugin. -->","yoast_head_json":{"title":"Sare organiza en Illumbe un festival que combinar\u00e1 la reivindicaci\u00f3n, con un festival de m\u00fasica el 8 de octubre - Sare Herritarra","robots":{"index":"index","follow":"follow","max-snippet":"max-snippet:-1","max-image-preview":"max-image-preview:large","max-video-preview":"max-video-preview:-1"},"canonical":"https:\/\/sare.eus\/es\/illumbe-el-8-de-octubre\/","og_locale":"es_ES","og_type":"article","og_title":"Sare organiza en Illumbe un festival que combinar\u00e1 la reivindicaci\u00f3n, con un festival de m\u00fasica el 8 de octubre - Sare Herritarra","og_description":"[ACTUALIZADO | 31.05.2022] Sare dar\u00e1 por finalizado el 8 de octubre en San Sebasti\u00e1n el reto de 3.127.326 km que se ha marcado dentro de la din\u00e1mica Izan Bidea, con [&hellip;]","og_url":"https:\/\/sare.eus\/es\/illumbe-el-8-de-octubre\/","og_site_name":"Sare Herritarra","article_published_time":"2022-04-30T09:58:45+00:00","article_modified_time":"2022-06-01T07:26:23+00:00","og_image":[{"width":1280,"height":960,"url":"https:\/\/sare.eus\/wp-content\/uploads\/2022\/04\/photo_2022-04-30_11-53-25.jpg","type":"image\/jpeg"}],"author":"sare","twitter_card":"summary_large_image","twitter_misc":{"Escrito por":"sare","Tiempo de lectura":"7 minutos"},"schema":{"@context":"https:\/\/schema.org","@graph":[{"@type":"Article","@id":"https:\/\/sare.eus\/es\/illumbe-el-8-de-octubre\/#article","isPartOf":{"@id":"https:\/\/sare.eus\/es\/illumbe-el-8-de-octubre\/"},"author":{"name":"sare","@id":"https:\/\/sare.eus\/#\/schema\/person\/2fe6d0df294f56313d3ab236dbe38e17"},"headline":"Sare organiza en Illumbe un festival que combinar\u00e1 la reivindicaci\u00f3n, con un festival de m\u00fasica el 8 de octubre","datePublished":"2022-04-30T09:58:45+00:00","dateModified":"2022-06-01T07:26:23+00:00","mainEntityOfPage":{"@id":"https:\/\/sare.eus\/es\/illumbe-el-8-de-octubre\/"},"wordCount":1252,"publisher":{"@id":"https:\/\/sare.eus\/#organization"},"image":{"@id":"https:\/\/sare.eus\/es\/illumbe-el-8-de-octubre\/#primaryimage"},"thumbnailUrl":"https:\/\/sare.eus\/wp-content\/uploads\/2022\/04\/photo_2022-04-30_11-53-25.jpg","articleSection":["Etxera"],"inLanguage":"es"},{"@type":"WebPage","@id":"https:\/\/sare.eus\/es\/illumbe-el-8-de-octubre\/","url":"https:\/\/sare.eus\/es\/illumbe-el-8-de-octubre\/","name":"Sare organiza en Illumbe un festival que combinar\u00e1 la reivindicaci\u00f3n, con un festival de m\u00fasica el 8 de octubre - Sare Herritarra","isPartOf":{"@id":"https:\/\/sare.eus\/#website"},"primaryImageOfPage":{"@id":"https:\/\/sare.eus\/es\/illumbe-el-8-de-octubre\/#primaryimage"},"image":{"@id":"https:\/\/sare.eus\/es\/illumbe-el-8-de-octubre\/#primaryimage"},"thumbnailUrl":"https:\/\/sare.eus\/wp-content\/uploads\/2022\/04\/photo_2022-04-30_11-53-25.jpg","datePublished":"2022-04-30T09:58:45+00:00","dateModified":"2022-06-01T07:26:23+00:00","breadcrumb":{"@id":"https:\/\/sare.eus\/es\/illumbe-el-8-de-octubre\/#breadcrumb"},"inLanguage":"es","potentialAction":[{"@type":"ReadAction","target":["https:\/\/sare.eus\/es\/illumbe-el-8-de-octubre\/"]}]},{"@type":"ImageObject","inLanguage":"es","@id":"https:\/\/sare.eus\/es\/illumbe-el-8-de-octubre\/#primaryimage","url":"https:\/\/sare.eus\/wp-content\/uploads\/2022\/04\/photo_2022-04-30_11-53-25.jpg","contentUrl":"https:\/\/sare.eus\/wp-content\/uploads\/2022\/04\/photo_2022-04-30_11-53-25.jpg","width":1280,"height":960},{"@type":"BreadcrumbList","@id":"https:\/\/sare.eus\/es\/illumbe-el-8-de-octubre\/#breadcrumb","itemListElement":[{"@type":"ListItem","position":1,"name":"Home","item":"https:\/\/sare.eus\/"},{"@type":"ListItem","position":2,"name":"Sare organiza en Illumbe un festival que combinar\u00e1 la reivindicaci\u00f3n, con un festival de m\u00fasica el 8 de octubre"}]},{"@type":"WebSite","@id":"https:\/\/sare.eus\/#website","url":"https:\/\/sare.eus\/","name":"Sare Herritarra","description":"KONPONBIDEAREN ETA GIZA ESKUBIDEEN ALDEKO SARE HERRITARRA","publisher":{"@id":"https:\/\/sare.eus\/#organization"},"potentialAction":[{"@type":"SearchAction","target":{"@type":"EntryPoint","urlTemplate":"https:\/\/sare.eus\/?s={search_term_string}"},"query-input":{"@type":"PropertyValueSpecification","valueRequired":true,"valueName":"search_term_string"}}],"inLanguage":"es"},{"@type":"Organization","@id":"https:\/\/sare.eus\/#organization","name":"Sare Herritarra","url":"https:\/\/sare.eus\/","logo":{"@type":"ImageObject","inLanguage":"es","@id":"https:\/\/sare.eus\/#\/schema\/logo\/image\/","url":"https:\/\/sare.eus\/wp-content\/uploads\/2021\/08\/sare.png","contentUrl":"https:\/\/sare.eus\/wp-content\/uploads\/2021\/08\/sare.png","width":120,"height":142,"caption":"Sare Herritarra"},"image":{"@id":"https:\/\/sare.eus\/#\/schema\/logo\/image\/"}},{"@type":"Person","@id":"https:\/\/sare.eus\/#\/schema\/person\/2fe6d0df294f56313d3ab236dbe38e17","name":"sare","image":{"@type":"ImageObject","inLanguage":"es","@id":"https:\/\/sare.eus\/#\/schema\/person\/image\/","url":"https:\/\/secure.gravatar.com\/avatar\/77cad838677ceb1977e7b3c878b55eaa7fa4aae2158983063b047c3ad7ef2c25?s=96&d=mm&r=g","contentUrl":"https:\/\/secure.gravatar.com\/avatar\/77cad838677ceb1977e7b3c878b55eaa7fa4aae2158983063b047c3ad7ef2c25?s=96&d=mm&r=g","caption":"sare"},"url":"https:\/\/sare.eus\/es\/author\/sare\/"}]}},"_links":{"self":[{"href":"https:\/\/sare.eus\/es\/wp-json\/wp\/v2\/posts\/3237","targetHints":{"allow":["GET"]}}],"collection":[{"href":"https:\/\/sare.eus\/es\/wp-json\/wp\/v2\/posts"}],"about":[{"href":"https:\/\/sare.eus\/es\/wp-json\/wp\/v2\/types\/post"}],"author":[{"embeddable":true,"href":"https:\/\/sare.eus\/es\/wp-json\/wp\/v2\/users\/2"}],"replies":[{"embeddable":true,"href":"https:\/\/sare.eus\/es\/wp-json\/wp\/v2\/comments?post=3237"}],"version-history":[{"count":8,"href":"https:\/\/sare.eus\/es\/wp-json\/wp\/v2\/posts\/3237\/revisions"}],"predecessor-version":[{"id":3539,"href":"https:\/\/sare.eus\/es\/wp-json\/wp\/v2\/posts\/3237\/revisions\/3539"}],"wp:featuredmedia":[{"embeddable":true,"href":"https:\/\/sare.eus\/es\/wp-json\/wp\/v2\/media\/3261"}],"wp:attachment":[{"href":"https:\/\/sare.eus\/es\/wp-json\/wp\/v2\/media?parent=3237"}],"wp:term":[{"taxonomy":"category","embeddable":true,"href":"https:\/\/sare.eus\/es\/wp-json\/wp\/v2\/categories?post=3237"},{"taxonomy":"post_tag","embeddable":true,"href":"https:\/\/sare.eus\/es\/wp-json\/wp\/v2\/tags?post=3237"}],"curies":[{"name":"wp","href":"https:\/\/api.w.org\/{rel}","templated":true}]}}