{"id":3147,"date":"2022-04-25T14:19:21","date_gmt":"2022-04-25T14:19:21","guid":{"rendered":"https:\/\/sare.eus\/?p=3147"},"modified":"2022-04-25T14:43:41","modified_gmt":"2022-04-25T14:43:41","slug":"anorga-antiguo-igeldo-desafioan-jendetza-eta-anorgatarrak-txapeldun-eta-guztiak-irabezle","status":"publish","type":"post","link":"https:\/\/sare.eus\/es\/anorga-antiguo-igeldo-desafioan-jendetza-eta-anorgatarrak-txapeldun-eta-guztiak-irabezle\/","title":{"rendered":"A\u00f1orga-Antiguo-Igeldo desafioan jendetza! Eta A\u00f1orgatarrak txapeldun! Eta guztiak irabazle"},"content":{"rendered":"\n<figure class=\"wp-block-embed is-type-video is-provider-youtube wp-block-embed-youtube wp-embed-aspect-16-9 wp-has-aspect-ratio\"><div class=\"wp-block-embed__wrapper\">\n<iframe loading=\"lazy\" title=\"A\u00f1orga-Antiguo-Igeldo desafioan jendetza! Eta A\u00f1orgatarrak txapeldun! Eta guztiak irabezle.\" width=\"1080\" height=\"608\" src=\"https:\/\/www.youtube.com\/embed\/AS6sZW5EKJE?feature=oembed\" frameborder=\"0\" allow=\"accelerometer; autoplay; clipboard-write; encrypted-media; gyroscope; picture-in-picture\" allowfullscreen><\/iframe>\n<\/div><\/figure>\n\n\n<p><span class=\"style-scope yt-formatted-string\" dir=\"auto\">A\u00f1orgako, Antiguako eta Igeldoko Sare Herritarra euskal presoen euskal herriratzearen aldeko plataformak&nbsp;<em>Desapiyua ta Pesta<\/em> egitasmoa antolatu zuen larunbaterako, hilaren 23rako, A\u00f1organ.&nbsp;<\/span><\/p>\n<p><span class=\"style-scope yt-formatted-string\" dir=\"auto\">Herri kiroletan ere <\/span>bidea<span class=\"style-scope yt-formatted-string\" dir=\"auto\"> egiten delako, <\/span>IzanBidea. <span class=\"style-scope yt-formatted-string\" dir=\"auto\">Ez ahaztu aplikazioan egindako kilometroak sartzea.<\/span><\/p>\n<p>&#x1f4f2;IOS: <a href=\"https:\/\/labur.eus\/IOSizanbidea\" target=\"_blank\" rel=\"noopener\">https:\/\/labur.eus\/IOSizanbidea<\/a><\/p>\n<p>&#x1f4f2;Android: <a href=\"http:\/\/labur.eus\/appizanbidea\" target=\"_blank\" rel=\"noopener\">http:\/\/labur.eus\/appizanbidea&nbsp;<\/a><\/p>\n<p><span class=\"style-scope yt-formatted-string\" dir=\"auto\"><strong> Zein izango da hurrengo desafioa?<\/strong> <\/span><\/p>\n<p><span class=\"style-scope yt-formatted-string\" dir=\"auto\">Lizarra &amp; Tafalla? Oiartzun &amp; Orereta? Amurrio &amp; Laudio? Durango &amp; Iurreta?<\/span><\/p>\n\n\n<div class=\"wp-block-columns is-layout-flex wp-container-core-columns-is-layout-9d6595d7 wp-block-columns-is-layout-flex\">\n<div class=\"wp-block-column is-layout-flow wp-block-column-is-layout-flow\">\n<div class=\"wp-block-columns is-layout-flex wp-container-core-columns-is-layout-9d6595d7 wp-block-columns-is-layout-flex\">\n<div class=\"wp-block-column is-layout-flow wp-block-column-is-layout-flow\">\n<figure class=\"wp-block-embed is-type-rich is-provider-twitter wp-block-embed-twitter\"><div class=\"wp-block-embed__wrapper\">\n<blockquote class=\"twitter-tweet\" data-width=\"550\" data-dnt=\"true\"><p lang=\"eu\" dir=\"ltr\"><a href=\"https:\/\/twitter.com\/hashtag\/bideagara?src=hash&amp;ref_src=twsrc%5Etfw\">#bideagara<\/a> a\u00f1organ manifestazioa.<a href=\"https:\/\/twitter.com\/hashtag\/izanbidea?src=hash&amp;ref_src=twsrc%5Etfw\">#izanbidea<\/a> <a href=\"https:\/\/t.co\/y5QSczf4si\">pic.twitter.com\/y5QSczf4si<\/a><\/p>&mdash; Sare Donostia (@SareDonostia) <a href=\"https:\/\/twitter.com\/SareDonostia\/status\/1517847915896651777?ref_src=twsrc%5Etfw\">April 23, 2022<\/a><\/blockquote><script async src=\"https:\/\/platform.twitter.com\/widgets.js\" charset=\"utf-8\"><\/script>\n<\/div><\/figure>\n<\/div>\n\n\n\n<div class=\"wp-block-column is-layout-flow wp-block-column-is-layout-flow\">\n<figure class=\"wp-block-embed is-type-rich is-provider-twitter wp-block-embed-twitter\"><div class=\"wp-block-embed__wrapper\">\n<blockquote class=\"twitter-tweet\" data-width=\"550\" data-dnt=\"true\"><p lang=\"eu\" dir=\"ltr\">Herri kiroletan ere bidea garelako <a href=\"https:\/\/twitter.com\/hashtag\/izanbidea?src=hash&amp;ref_src=twsrc%5Etfw\">#izanbidea<\/a> <a href=\"https:\/\/twitter.com\/hashtag\/presoaketxera?src=hash&amp;ref_src=twsrc%5Etfw\">#presoaketxera<\/a> <br>Antigua. A\u00f1orga eta igeldon artean&#8230;<br>A\u00f1orga garaile!!!<br>A\u00f1orga txapeldun! Zoriooonak <a href=\"https:\/\/t.co\/i8HuFEE38D\">pic.twitter.com\/i8HuFEE38D<\/a><\/p>&mdash; Sare Donostia (@SareDonostia) <a href=\"https:\/\/twitter.com\/SareDonostia\/status\/1517925403360378881?ref_src=twsrc%5Etfw\">April 23, 2022<\/a><\/blockquote><script async src=\"https:\/\/platform.twitter.com\/widgets.js\" charset=\"utf-8\"><\/script>\n<\/div><\/figure>\n<\/div>\n\n\n\n<div class=\"wp-block-column is-layout-flow wp-block-column-is-layout-flow\">\n<figure class=\"wp-block-embed is-type-rich is-provider-twitter wp-block-embed-twitter\"><div class=\"wp-block-embed__wrapper\">\n<blockquote class=\"twitter-tweet\" data-width=\"550\" data-dnt=\"true\"><p lang=\"eu\" dir=\"ltr\">Kontzeruetan presoen etxeratze prozesuaren alde <a href=\"https:\/\/twitter.com\/hashtag\/izanbidea?src=hash&amp;ref_src=twsrc%5Etfw\">#izanbidea<\/a> <a href=\"https:\/\/twitter.com\/hashtag\/PresoakEtxera?src=hash&amp;ref_src=twsrc%5Etfw\">#PresoakEtxera<\/a> <a href=\"https:\/\/t.co\/sxZeD5o4On\">pic.twitter.com\/sxZeD5o4On<\/a><\/p>&mdash; Sare Donostia (@SareDonostia) <a href=\"https:\/\/twitter.com\/SareDonostia\/status\/1517966842559709187?ref_src=twsrc%5Etfw\">April 23, 2022<\/a><\/blockquote><script async src=\"https:\/\/platform.twitter.com\/widgets.js\" charset=\"utf-8\"><\/script>\n<\/div><\/figure>\n<\/div>\n<\/div>\n<\/div>\n<\/div>\n\n\n<hr>\n<p><strong>ARGAZKI GALERIA&nbsp;<\/strong><\/p>\n<p><\/p>\n\n\n<figure class=\"wp-block-gallery columns-3 is-cropped wp-block-gallery-1 is-layout-flex wp-block-gallery-is-layout-flex\"><ul class=\"blocks-gallery-grid\"><li class=\"blocks-gallery-item\"><figure><img loading=\"lazy\" decoding=\"async\" width=\"1024\" height=\"576\" src=\"https:\/\/sare.eus\/wp-content\/uploads\/2022\/04\/Anorga-00-1024x576.jpg\" alt=\"\" data-id=\"3149\" data-full-url=\"https:\/\/sare.eus\/wp-content\/uploads\/2022\/04\/Anorga-00.jpg\" data-link=\"https:\/\/sare.eus\/?attachment_id=3149\" class=\"wp-image-3149\" srcset=\"https:\/\/sare.eus\/wp-content\/uploads\/2022\/04\/Anorga-00-1024x576.jpg 1024w, https:\/\/sare.eus\/wp-content\/uploads\/2022\/04\/Anorga-00-300x169.jpg 300w, https:\/\/sare.eus\/wp-content\/uploads\/2022\/04\/Anorga-00-768x432.jpg 768w, https:\/\/sare.eus\/wp-content\/uploads\/2022\/04\/Anorga-00-1536x864.jpg 1536w, https:\/\/sare.eus\/wp-content\/uploads\/2022\/04\/Anorga-00-1080x607.jpg 1080w, https:\/\/sare.eus\/wp-content\/uploads\/2022\/04\/Anorga-00.jpg 1769w\" sizes=\"(max-width: 1024px) 100vw, 1024px\" \/><\/figure><\/li><li class=\"blocks-gallery-item\"><figure><img loading=\"lazy\" decoding=\"async\" width=\"1024\" height=\"576\" src=\"https:\/\/sare.eus\/wp-content\/uploads\/2022\/04\/Anorga-01-1024x576.jpg\" alt=\"\" data-id=\"3151\" data-full-url=\"https:\/\/sare.eus\/wp-content\/uploads\/2022\/04\/Anorga-01.jpg\" data-link=\"https:\/\/sare.eus\/?attachment_id=3151\" class=\"wp-image-3151\" srcset=\"https:\/\/sare.eus\/wp-content\/uploads\/2022\/04\/Anorga-01-1024x576.jpg 1024w, https:\/\/sare.eus\/wp-content\/uploads\/2022\/04\/Anorga-01-300x169.jpg 300w, https:\/\/sare.eus\/wp-content\/uploads\/2022\/04\/Anorga-01-768x432.jpg 768w, https:\/\/sare.eus\/wp-content\/uploads\/2022\/04\/Anorga-01-1536x864.jpg 1536w, https:\/\/sare.eus\/wp-content\/uploads\/2022\/04\/Anorga-01-1080x608.jpg 1080w, https:\/\/sare.eus\/wp-content\/uploads\/2022\/04\/Anorga-01.jpg 1560w\" sizes=\"(max-width: 1024px) 100vw, 1024px\" \/><\/figure><\/li><li class=\"blocks-gallery-item\"><figure><img loading=\"lazy\" decoding=\"async\" width=\"1024\" height=\"576\" src=\"https:\/\/sare.eus\/wp-content\/uploads\/2022\/04\/Anorga-02-1024x576.jpg\" alt=\"\" data-id=\"3153\" data-full-url=\"https:\/\/sare.eus\/wp-content\/uploads\/2022\/04\/Anorga-02.jpg\" data-link=\"https:\/\/sare.eus\/?attachment_id=3153\" class=\"wp-image-3153\" srcset=\"https:\/\/sare.eus\/wp-content\/uploads\/2022\/04\/Anorga-02-1024x576.jpg 1024w, https:\/\/sare.eus\/wp-content\/uploads\/2022\/04\/Anorga-02-300x169.jpg 300w, https:\/\/sare.eus\/wp-content\/uploads\/2022\/04\/Anorga-02-768x432.jpg 768w, https:\/\/sare.eus\/wp-content\/uploads\/2022\/04\/Anorga-02-1536x864.jpg 1536w, https:\/\/sare.eus\/wp-content\/uploads\/2022\/04\/Anorga-02-1080x608.jpg 1080w, https:\/\/sare.eus\/wp-content\/uploads\/2022\/04\/Anorga-02.jpg 1600w\" sizes=\"(max-width: 1024px) 100vw, 1024px\" \/><\/figure><\/li><li class=\"blocks-gallery-item\"><figure><img loading=\"lazy\" decoding=\"async\" width=\"1024\" height=\"576\" src=\"https:\/\/sare.eus\/wp-content\/uploads\/2022\/04\/Anorga-04-1024x576.jpg\" alt=\"\" data-id=\"3155\" data-full-url=\"https:\/\/sare.eus\/wp-content\/uploads\/2022\/04\/Anorga-04.jpg\" data-link=\"https:\/\/sare.eus\/?attachment_id=3155\" class=\"wp-image-3155\" srcset=\"https:\/\/sare.eus\/wp-content\/uploads\/2022\/04\/Anorga-04-1024x576.jpg 1024w, https:\/\/sare.eus\/wp-content\/uploads\/2022\/04\/Anorga-04-300x169.jpg 300w, https:\/\/sare.eus\/wp-content\/uploads\/2022\/04\/Anorga-04-768x432.jpg 768w, https:\/\/sare.eus\/wp-content\/uploads\/2022\/04\/Anorga-04-1536x864.jpg 1536w, https:\/\/sare.eus\/wp-content\/uploads\/2022\/04\/Anorga-04-1080x608.jpg 1080w, https:\/\/sare.eus\/wp-content\/uploads\/2022\/04\/Anorga-04.jpg 1600w\" sizes=\"(max-width: 1024px) 100vw, 1024px\" \/><\/figure><\/li><li class=\"blocks-gallery-item\"><figure><img loading=\"lazy\" decoding=\"async\" width=\"1024\" height=\"576\" src=\"https:\/\/sare.eus\/wp-content\/uploads\/2022\/04\/Anorga-05-1024x576.jpg\" alt=\"\" data-id=\"3157\" data-full-url=\"https:\/\/sare.eus\/wp-content\/uploads\/2022\/04\/Anorga-05.jpg\" data-link=\"https:\/\/sare.eus\/?attachment_id=3157\" class=\"wp-image-3157\" srcset=\"https:\/\/sare.eus\/wp-content\/uploads\/2022\/04\/Anorga-05-1024x576.jpg 1024w, https:\/\/sare.eus\/wp-content\/uploads\/2022\/04\/Anorga-05-300x169.jpg 300w, https:\/\/sare.eus\/wp-content\/uploads\/2022\/04\/Anorga-05-768x432.jpg 768w, https:\/\/sare.eus\/wp-content\/uploads\/2022\/04\/Anorga-05-1536x864.jpg 1536w, https:\/\/sare.eus\/wp-content\/uploads\/2022\/04\/Anorga-05-1080x608.jpg 1080w, https:\/\/sare.eus\/wp-content\/uploads\/2022\/04\/Anorga-05.jpg 1600w\" sizes=\"(max-width: 1024px) 100vw, 1024px\" \/><\/figure><\/li><li class=\"blocks-gallery-item\"><figure><img loading=\"lazy\" decoding=\"async\" width=\"1024\" height=\"733\" src=\"https:\/\/sare.eus\/wp-content\/uploads\/2022\/04\/Anorga-06-1024x733.jpg\" alt=\"\" data-id=\"3159\" data-full-url=\"https:\/\/sare.eus\/wp-content\/uploads\/2022\/04\/Anorga-06.jpg\" data-link=\"https:\/\/sare.eus\/?attachment_id=3159\" class=\"wp-image-3159\" srcset=\"https:\/\/sare.eus\/wp-content\/uploads\/2022\/04\/Anorga-06-1024x733.jpg 1024w, https:\/\/sare.eus\/wp-content\/uploads\/2022\/04\/Anorga-06-300x215.jpg 300w, https:\/\/sare.eus\/wp-content\/uploads\/2022\/04\/Anorga-06-768x550.jpg 768w, https:\/\/sare.eus\/wp-content\/uploads\/2022\/04\/Anorga-06-1080x773.jpg 1080w, https:\/\/sare.eus\/wp-content\/uploads\/2022\/04\/Anorga-06.jpg 1536w\" sizes=\"(max-width: 1024px) 100vw, 1024px\" \/><\/figure><\/li><li class=\"blocks-gallery-item\"><figure><img loading=\"lazy\" decoding=\"async\" width=\"1024\" height=\"781\" src=\"https:\/\/sare.eus\/wp-content\/uploads\/2022\/04\/Anorga-07-1024x781.jpg\" alt=\"\" data-id=\"3161\" data-full-url=\"https:\/\/sare.eus\/wp-content\/uploads\/2022\/04\/Anorga-07.jpg\" data-link=\"https:\/\/sare.eus\/?attachment_id=3161\" class=\"wp-image-3161\" srcset=\"https:\/\/sare.eus\/wp-content\/uploads\/2022\/04\/Anorga-07-1024x781.jpg 1024w, https:\/\/sare.eus\/wp-content\/uploads\/2022\/04\/Anorga-07-300x229.jpg 300w, https:\/\/sare.eus\/wp-content\/uploads\/2022\/04\/Anorga-07-768x586.jpg 768w, https:\/\/sare.eus\/wp-content\/uploads\/2022\/04\/Anorga-07-1080x824.jpg 1080w, https:\/\/sare.eus\/wp-content\/uploads\/2022\/04\/Anorga-07.jpg 1536w\" sizes=\"(max-width: 1024px) 100vw, 1024px\" \/><\/figure><\/li><\/ul><\/figure>\n","protected":false},"excerpt":{"rendered":"<p>A\u00f1orgako, Antiguako eta Igeldoko Sare Herritarra euskal presoen euskal herriratzearen aldeko plataformak&nbsp;Desapiyua ta Pesta egitasmoa antolatu zuen larunbaterako, hilaren 23rako, A\u00f1organ.&nbsp; Herri kiroletan ere bidea egiten delako, IzanBidea. Ez ahaztu [&hellip;]<\/p>\n","protected":false},"author":2,"featured_media":3151,"comment_status":"closed","ping_status":"closed","sticky":false,"template":"","format":"standard","meta":{"_acf_changed":false,"_et_pb_use_builder":"off","_et_pb_old_content":"","_et_gb_content_width":"","footnotes":""},"categories":[21],"tags":[],"class_list":["post-3147","post","type-post","status-publish","format-standard","has-post-thumbnail","hentry","category-herriak","et-has-post-format-content","et_post_format-et-post-format-standard"],"acf":[],"yoast_head":"<!-- This site is optimized with the Yoast SEO plugin v26.4 - https:\/\/yoast.com\/wordpress\/plugins\/seo\/ -->\n<title>A\u00f1orga-Antiguo-Igeldo desafioan jendetza! Eta A\u00f1orgatarrak txapeldun! Eta guztiak irabazle - Sare Herritarra<\/title>\n<meta name=\"robots\" content=\"index, follow, max-snippet:-1, max-image-preview:large, max-video-preview:-1\" \/>\n<link rel=\"canonical\" href=\"https:\/\/sare.eus\/anorga-antiguo-igeldo-desafioan-jendetza-eta-anorgatarrak-txapeldun-eta-guztiak-irabezle\/\" \/>\n<meta property=\"og:locale\" content=\"es_ES\" \/>\n<meta property=\"og:type\" content=\"article\" \/>\n<meta property=\"og:title\" content=\"A\u00f1orga-Antiguo-Igeldo desafioan jendetza! Eta A\u00f1orgatarrak txapeldun! Eta guztiak irabazle - Sare Herritarra\" \/>\n<meta property=\"og:description\" content=\"A\u00f1orgako, Antiguako eta Igeldoko Sare Herritarra euskal presoen euskal herriratzearen aldeko plataformak&nbsp;Desapiyua ta Pesta egitasmoa antolatu zuen larunbaterako, hilaren 23rako, A\u00f1organ.&nbsp; Herri kiroletan ere bidea egiten delako, IzanBidea. Ez ahaztu [&hellip;]\" \/>\n<meta property=\"og:url\" content=\"https:\/\/sare.eus\/anorga-antiguo-igeldo-desafioan-jendetza-eta-anorgatarrak-txapeldun-eta-guztiak-irabezle\/\" \/>\n<meta property=\"og:site_name\" content=\"Sare Herritarra\" \/>\n<meta property=\"article:published_time\" content=\"2022-04-25T14:19:21+00:00\" \/>\n<meta property=\"article:modified_time\" content=\"2022-04-25T14:43:41+00:00\" \/>\n<meta property=\"og:image\" content=\"https:\/\/sare.eus\/wp-content\/uploads\/2022\/04\/Anorga-01.jpg\" \/>\n\t<meta property=\"og:image:width\" content=\"1560\" \/>\n\t<meta property=\"og:image:height\" content=\"878\" \/>\n\t<meta property=\"og:image:type\" content=\"image\/jpeg\" \/>\n<meta name=\"author\" content=\"sare\" \/>\n<meta name=\"twitter:card\" content=\"summary_large_image\" \/>\n<meta name=\"twitter:label1\" content=\"Escrito por\" \/>\n\t<meta name=\"twitter:data1\" content=\"sare\" \/>\n\t<meta name=\"twitter:label2\" content=\"Tiempo de lectura\" \/>\n\t<meta name=\"twitter:data2\" content=\"2 minutos\" \/>\n<script type=\"application\/ld+json\" class=\"yoast-schema-graph\">{\"@context\":\"https:\/\/schema.org\",\"@graph\":[{\"@type\":\"Article\",\"@id\":\"https:\/\/sare.eus\/anorga-antiguo-igeldo-desafioan-jendetza-eta-anorgatarrak-txapeldun-eta-guztiak-irabezle\/#article\",\"isPartOf\":{\"@id\":\"https:\/\/sare.eus\/anorga-antiguo-igeldo-desafioan-jendetza-eta-anorgatarrak-txapeldun-eta-guztiak-irabezle\/\"},\"author\":{\"name\":\"sare\",\"@id\":\"https:\/\/sare.eus\/#\/schema\/person\/2fe6d0df294f56313d3ab236dbe38e17\"},\"headline\":\"A\u00f1orga-Antiguo-Igeldo desafioan jendetza! Eta A\u00f1orgatarrak txapeldun! Eta guztiak irabazle\",\"datePublished\":\"2022-04-25T14:19:21+00:00\",\"dateModified\":\"2022-04-25T14:43:41+00:00\",\"mainEntityOfPage\":{\"@id\":\"https:\/\/sare.eus\/anorga-antiguo-igeldo-desafioan-jendetza-eta-anorgatarrak-txapeldun-eta-guztiak-irabezle\/\"},\"wordCount\":126,\"publisher\":{\"@id\":\"https:\/\/sare.eus\/#organization\"},\"image\":{\"@id\":\"https:\/\/sare.eus\/anorga-antiguo-igeldo-desafioan-jendetza-eta-anorgatarrak-txapeldun-eta-guztiak-irabezle\/#primaryimage\"},\"thumbnailUrl\":\"https:\/\/sare.eus\/wp-content\/uploads\/2022\/04\/Anorga-01.jpg\",\"articleSection\":[\"Herriak\"],\"inLanguage\":\"es\"},{\"@type\":\"WebPage\",\"@id\":\"https:\/\/sare.eus\/anorga-antiguo-igeldo-desafioan-jendetza-eta-anorgatarrak-txapeldun-eta-guztiak-irabezle\/\",\"url\":\"https:\/\/sare.eus\/anorga-antiguo-igeldo-desafioan-jendetza-eta-anorgatarrak-txapeldun-eta-guztiak-irabezle\/\",\"name\":\"A\u00f1orga-Antiguo-Igeldo desafioan jendetza! Eta A\u00f1orgatarrak txapeldun! Eta guztiak irabazle - Sare Herritarra\",\"isPartOf\":{\"@id\":\"https:\/\/sare.eus\/#website\"},\"primaryImageOfPage\":{\"@id\":\"https:\/\/sare.eus\/anorga-antiguo-igeldo-desafioan-jendetza-eta-anorgatarrak-txapeldun-eta-guztiak-irabezle\/#primaryimage\"},\"image\":{\"@id\":\"https:\/\/sare.eus\/anorga-antiguo-igeldo-desafioan-jendetza-eta-anorgatarrak-txapeldun-eta-guztiak-irabezle\/#primaryimage\"},\"thumbnailUrl\":\"https:\/\/sare.eus\/wp-content\/uploads\/2022\/04\/Anorga-01.jpg\",\"datePublished\":\"2022-04-25T14:19:21+00:00\",\"dateModified\":\"2022-04-25T14:43:41+00:00\",\"breadcrumb\":{\"@id\":\"https:\/\/sare.eus\/anorga-antiguo-igeldo-desafioan-jendetza-eta-anorgatarrak-txapeldun-eta-guztiak-irabezle\/#breadcrumb\"},\"inLanguage\":\"es\",\"potentialAction\":[{\"@type\":\"ReadAction\",\"target\":[\"https:\/\/sare.eus\/anorga-antiguo-igeldo-desafioan-jendetza-eta-anorgatarrak-txapeldun-eta-guztiak-irabezle\/\"]}]},{\"@type\":\"ImageObject\",\"inLanguage\":\"es\",\"@id\":\"https:\/\/sare.eus\/anorga-antiguo-igeldo-desafioan-jendetza-eta-anorgatarrak-txapeldun-eta-guztiak-irabezle\/#primaryimage\",\"url\":\"https:\/\/sare.eus\/wp-content\/uploads\/2022\/04\/Anorga-01.jpg\",\"contentUrl\":\"https:\/\/sare.eus\/wp-content\/uploads\/2022\/04\/Anorga-01.jpg\",\"width\":1560,\"height\":878},{\"@type\":\"BreadcrumbList\",\"@id\":\"https:\/\/sare.eus\/anorga-antiguo-igeldo-desafioan-jendetza-eta-anorgatarrak-txapeldun-eta-guztiak-irabezle\/#breadcrumb\",\"itemListElement\":[{\"@type\":\"ListItem\",\"position\":1,\"name\":\"Home\",\"item\":\"https:\/\/sare.eus\/\"},{\"@type\":\"ListItem\",\"position\":2,\"name\":\"A\u00f1orga-Antiguo-Igeldo desafioan jendetza! Eta A\u00f1orgatarrak txapeldun! Eta guztiak irabazle\"}]},{\"@type\":\"WebSite\",\"@id\":\"https:\/\/sare.eus\/#website\",\"url\":\"https:\/\/sare.eus\/\",\"name\":\"Sare Herritarra\",\"description\":\"KONPONBIDEAREN ETA GIZA ESKUBIDEEN ALDEKO SARE HERRITARRA\",\"publisher\":{\"@id\":\"https:\/\/sare.eus\/#organization\"},\"potentialAction\":[{\"@type\":\"SearchAction\",\"target\":{\"@type\":\"EntryPoint\",\"urlTemplate\":\"https:\/\/sare.eus\/?s={search_term_string}\"},\"query-input\":{\"@type\":\"PropertyValueSpecification\",\"valueRequired\":true,\"valueName\":\"search_term_string\"}}],\"inLanguage\":\"es\"},{\"@type\":\"Organization\",\"@id\":\"https:\/\/sare.eus\/#organization\",\"name\":\"Sare Herritarra\",\"url\":\"https:\/\/sare.eus\/\",\"logo\":{\"@type\":\"ImageObject\",\"inLanguage\":\"es\",\"@id\":\"https:\/\/sare.eus\/#\/schema\/logo\/image\/\",\"url\":\"https:\/\/sare.eus\/wp-content\/uploads\/2021\/08\/sare.png\",\"contentUrl\":\"https:\/\/sare.eus\/wp-content\/uploads\/2021\/08\/sare.png\",\"width\":120,\"height\":142,\"caption\":\"Sare Herritarra\"},\"image\":{\"@id\":\"https:\/\/sare.eus\/#\/schema\/logo\/image\/\"}},{\"@type\":\"Person\",\"@id\":\"https:\/\/sare.eus\/#\/schema\/person\/2fe6d0df294f56313d3ab236dbe38e17\",\"name\":\"sare\",\"image\":{\"@type\":\"ImageObject\",\"inLanguage\":\"es\",\"@id\":\"https:\/\/sare.eus\/#\/schema\/person\/image\/\",\"url\":\"https:\/\/secure.gravatar.com\/avatar\/77cad838677ceb1977e7b3c878b55eaa7fa4aae2158983063b047c3ad7ef2c25?s=96&d=mm&r=g\",\"contentUrl\":\"https:\/\/secure.gravatar.com\/avatar\/77cad838677ceb1977e7b3c878b55eaa7fa4aae2158983063b047c3ad7ef2c25?s=96&d=mm&r=g\",\"caption\":\"sare\"},\"url\":\"https:\/\/sare.eus\/es\/author\/sare\/\"}]}<\/script>\n<!-- \/ Yoast SEO plugin. -->","yoast_head_json":{"title":"A\u00f1orga-Antiguo-Igeldo desafioan jendetza! Eta A\u00f1orgatarrak txapeldun! Eta guztiak irabazle - Sare Herritarra","robots":{"index":"index","follow":"follow","max-snippet":"max-snippet:-1","max-image-preview":"max-image-preview:large","max-video-preview":"max-video-preview:-1"},"canonical":"https:\/\/sare.eus\/anorga-antiguo-igeldo-desafioan-jendetza-eta-anorgatarrak-txapeldun-eta-guztiak-irabezle\/","og_locale":"es_ES","og_type":"article","og_title":"A\u00f1orga-Antiguo-Igeldo desafioan jendetza! Eta A\u00f1orgatarrak txapeldun! Eta guztiak irabazle - Sare Herritarra","og_description":"A\u00f1orgako, Antiguako eta Igeldoko Sare Herritarra euskal presoen euskal herriratzearen aldeko plataformak&nbsp;Desapiyua ta Pesta egitasmoa antolatu zuen larunbaterako, hilaren 23rako, A\u00f1organ.&nbsp; Herri kiroletan ere bidea egiten delako, IzanBidea. Ez ahaztu [&hellip;]","og_url":"https:\/\/sare.eus\/anorga-antiguo-igeldo-desafioan-jendetza-eta-anorgatarrak-txapeldun-eta-guztiak-irabezle\/","og_site_name":"Sare Herritarra","article_published_time":"2022-04-25T14:19:21+00:00","article_modified_time":"2022-04-25T14:43:41+00:00","og_image":[{"width":1560,"height":878,"url":"https:\/\/sare.eus\/wp-content\/uploads\/2022\/04\/Anorga-01.jpg","type":"image\/jpeg"}],"author":"sare","twitter_card":"summary_large_image","twitter_misc":{"Escrito por":"sare","Tiempo de lectura":"2 minutos"},"schema":{"@context":"https:\/\/schema.org","@graph":[{"@type":"Article","@id":"https:\/\/sare.eus\/anorga-antiguo-igeldo-desafioan-jendetza-eta-anorgatarrak-txapeldun-eta-guztiak-irabezle\/#article","isPartOf":{"@id":"https:\/\/sare.eus\/anorga-antiguo-igeldo-desafioan-jendetza-eta-anorgatarrak-txapeldun-eta-guztiak-irabezle\/"},"author":{"name":"sare","@id":"https:\/\/sare.eus\/#\/schema\/person\/2fe6d0df294f56313d3ab236dbe38e17"},"headline":"A\u00f1orga-Antiguo-Igeldo desafioan jendetza! Eta A\u00f1orgatarrak txapeldun! Eta guztiak irabazle","datePublished":"2022-04-25T14:19:21+00:00","dateModified":"2022-04-25T14:43:41+00:00","mainEntityOfPage":{"@id":"https:\/\/sare.eus\/anorga-antiguo-igeldo-desafioan-jendetza-eta-anorgatarrak-txapeldun-eta-guztiak-irabezle\/"},"wordCount":126,"publisher":{"@id":"https:\/\/sare.eus\/#organization"},"image":{"@id":"https:\/\/sare.eus\/anorga-antiguo-igeldo-desafioan-jendetza-eta-anorgatarrak-txapeldun-eta-guztiak-irabezle\/#primaryimage"},"thumbnailUrl":"https:\/\/sare.eus\/wp-content\/uploads\/2022\/04\/Anorga-01.jpg","articleSection":["Herriak"],"inLanguage":"es"},{"@type":"WebPage","@id":"https:\/\/sare.eus\/anorga-antiguo-igeldo-desafioan-jendetza-eta-anorgatarrak-txapeldun-eta-guztiak-irabezle\/","url":"https:\/\/sare.eus\/anorga-antiguo-igeldo-desafioan-jendetza-eta-anorgatarrak-txapeldun-eta-guztiak-irabezle\/","name":"A\u00f1orga-Antiguo-Igeldo desafioan jendetza! Eta A\u00f1orgatarrak txapeldun! Eta guztiak irabazle - Sare Herritarra","isPartOf":{"@id":"https:\/\/sare.eus\/#website"},"primaryImageOfPage":{"@id":"https:\/\/sare.eus\/anorga-antiguo-igeldo-desafioan-jendetza-eta-anorgatarrak-txapeldun-eta-guztiak-irabezle\/#primaryimage"},"image":{"@id":"https:\/\/sare.eus\/anorga-antiguo-igeldo-desafioan-jendetza-eta-anorgatarrak-txapeldun-eta-guztiak-irabezle\/#primaryimage"},"thumbnailUrl":"https:\/\/sare.eus\/wp-content\/uploads\/2022\/04\/Anorga-01.jpg","datePublished":"2022-04-25T14:19:21+00:00","dateModified":"2022-04-25T14:43:41+00:00","breadcrumb":{"@id":"https:\/\/sare.eus\/anorga-antiguo-igeldo-desafioan-jendetza-eta-anorgatarrak-txapeldun-eta-guztiak-irabezle\/#breadcrumb"},"inLanguage":"es","potentialAction":[{"@type":"ReadAction","target":["https:\/\/sare.eus\/anorga-antiguo-igeldo-desafioan-jendetza-eta-anorgatarrak-txapeldun-eta-guztiak-irabezle\/"]}]},{"@type":"ImageObject","inLanguage":"es","@id":"https:\/\/sare.eus\/anorga-antiguo-igeldo-desafioan-jendetza-eta-anorgatarrak-txapeldun-eta-guztiak-irabezle\/#primaryimage","url":"https:\/\/sare.eus\/wp-content\/uploads\/2022\/04\/Anorga-01.jpg","contentUrl":"https:\/\/sare.eus\/wp-content\/uploads\/2022\/04\/Anorga-01.jpg","width":1560,"height":878},{"@type":"BreadcrumbList","@id":"https:\/\/sare.eus\/anorga-antiguo-igeldo-desafioan-jendetza-eta-anorgatarrak-txapeldun-eta-guztiak-irabezle\/#breadcrumb","itemListElement":[{"@type":"ListItem","position":1,"name":"Home","item":"https:\/\/sare.eus\/"},{"@type":"ListItem","position":2,"name":"A\u00f1orga-Antiguo-Igeldo desafioan jendetza! Eta A\u00f1orgatarrak txapeldun! Eta guztiak irabazle"}]},{"@type":"WebSite","@id":"https:\/\/sare.eus\/#website","url":"https:\/\/sare.eus\/","name":"Sare Herritarra","description":"KONPONBIDEAREN ETA GIZA ESKUBIDEEN ALDEKO SARE HERRITARRA","publisher":{"@id":"https:\/\/sare.eus\/#organization"},"potentialAction":[{"@type":"SearchAction","target":{"@type":"EntryPoint","urlTemplate":"https:\/\/sare.eus\/?s={search_term_string}"},"query-input":{"@type":"PropertyValueSpecification","valueRequired":true,"valueName":"search_term_string"}}],"inLanguage":"es"},{"@type":"Organization","@id":"https:\/\/sare.eus\/#organization","name":"Sare Herritarra","url":"https:\/\/sare.eus\/","logo":{"@type":"ImageObject","inLanguage":"es","@id":"https:\/\/sare.eus\/#\/schema\/logo\/image\/","url":"https:\/\/sare.eus\/wp-content\/uploads\/2021\/08\/sare.png","contentUrl":"https:\/\/sare.eus\/wp-content\/uploads\/2021\/08\/sare.png","width":120,"height":142,"caption":"Sare Herritarra"},"image":{"@id":"https:\/\/sare.eus\/#\/schema\/logo\/image\/"}},{"@type":"Person","@id":"https:\/\/sare.eus\/#\/schema\/person\/2fe6d0df294f56313d3ab236dbe38e17","name":"sare","image":{"@type":"ImageObject","inLanguage":"es","@id":"https:\/\/sare.eus\/#\/schema\/person\/image\/","url":"https:\/\/secure.gravatar.com\/avatar\/77cad838677ceb1977e7b3c878b55eaa7fa4aae2158983063b047c3ad7ef2c25?s=96&d=mm&r=g","contentUrl":"https:\/\/secure.gravatar.com\/avatar\/77cad838677ceb1977e7b3c878b55eaa7fa4aae2158983063b047c3ad7ef2c25?s=96&d=mm&r=g","caption":"sare"},"url":"https:\/\/sare.eus\/es\/author\/sare\/"}]}},"_links":{"self":[{"href":"https:\/\/sare.eus\/es\/wp-json\/wp\/v2\/posts\/3147","targetHints":{"allow":["GET"]}}],"collection":[{"href":"https:\/\/sare.eus\/es\/wp-json\/wp\/v2\/posts"}],"about":[{"href":"https:\/\/sare.eus\/es\/wp-json\/wp\/v2\/types\/post"}],"author":[{"embeddable":true,"href":"https:\/\/sare.eus\/es\/wp-json\/wp\/v2\/users\/2"}],"replies":[{"embeddable":true,"href":"https:\/\/sare.eus\/es\/wp-json\/wp\/v2\/comments?post=3147"}],"version-history":[{"count":4,"href":"https:\/\/sare.eus\/es\/wp-json\/wp\/v2\/posts\/3147\/revisions"}],"predecessor-version":[{"id":3165,"href":"https:\/\/sare.eus\/es\/wp-json\/wp\/v2\/posts\/3147\/revisions\/3165"}],"wp:featuredmedia":[{"embeddable":true,"href":"https:\/\/sare.eus\/es\/wp-json\/wp\/v2\/media\/3151"}],"wp:attachment":[{"href":"https:\/\/sare.eus\/es\/wp-json\/wp\/v2\/media?parent=3147"}],"wp:term":[{"taxonomy":"category","embeddable":true,"href":"https:\/\/sare.eus\/es\/wp-json\/wp\/v2\/categories?post=3147"},{"taxonomy":"post_tag","embeddable":true,"href":"https:\/\/sare.eus\/es\/wp-json\/wp\/v2\/tags?post=3147"}],"curies":[{"name":"wp","href":"https:\/\/api.w.org\/{rel}","templated":true}]}}