{"id":2906,"date":"2022-04-07T10:51:45","date_gmt":"2022-04-07T10:51:45","guid":{"rendered":"https:\/\/sare.eus\/?p=2906"},"modified":"2022-04-07T11:44:55","modified_gmt":"2022-04-07T11:44:55","slug":"apirilak-7-osasunaren-nazioarteko-eguna-larriki-gaixodauden-presoak-etxera","status":"publish","type":"post","link":"https:\/\/sare.eus\/es\/apirilak-7-osasunaren-nazioarteko-eguna-larriki-gaixodauden-presoak-etxera\/","title":{"rendered":"7 de ABRIL, D\u00cdA INTERNACIONAL DE LA SALUD \u00abPresxs gravemente enfermxs a casa\u00bb"},"content":{"rendered":"\n<p>Hoy, 7 de abril, en el D\u00eda Internacional de la Salud, desde la Red Ciudadana SARE, queremos recordar a las personas gravemente enfermas en prisi\u00f3n. Desde hace dos a\u00f1os y fruto de la situaci\u00f3n derivada del COVID, todos y todas, estamos viviendo una situaci\u00f3n inestable e inusual. La Salud y la sanidad han cobrado especial relevancia en los \u00faltimos a\u00f1os y esta nueva realidad nos ha mostrado la importancia de las condiciones sanitarias y de la atenci\u00f3n que se presta por parte de las Administraciones correspondientes.<\/p>\n\n\n\n<p>Con seguridad, durante el d\u00eda de hoy, se hablara, en t\u00e9rminos generales, de las muchas necesidades a\u00fan pendientes en la Sanidad. Nosotros y nosotras, queremos poner el foco de nuestra atenci\u00f3n en la salud de las personas presas.<\/p>\n\n\n\n<p>La pol\u00edtica penitenciaria de excepci\u00f3n, que a\u00fan se continua aplicando a los y las presas vascas, con el alejamiento que aun se mantiene; las prolongaciones injustas de las condenas o la imposici\u00f3n a trav\u00e9s de la aplicaci\u00f3n de legislaciones de excepci\u00f3n de cadenas perpetuas encubiertas a un n\u00famero importante de estos presos y presas; los bloqueos en las progresiones a tercer grado, a lo que tienen derecho o el no disfrute de permisos penitenciarios, influyen, sin duda, en la salud de las personas presas, generan inestabilidad, problemas psicol\u00f3gicos, deterioro f\u00edsico y hacen a\u00fan mas dif\u00edcil la privaci\u00f3n de libertad que sufren.<\/p>\n\n\n\n<p>A esta fecha, son 19 los presos y presas vascos, con enfermedades graves. Es cierto, que lentamente esta pol\u00edtica penitenciaria de excepci\u00f3n va modific\u00e1ndose, pero son a\u00fan muchos presos y presas enfrentadas a una pol\u00edtica penitenciaria que vulnera sus derechos, desde hace muchas d\u00e9cadas. No podemos olvidar que muchos de estos presos y presas, han pasado gran parte de sus largas condenas en primer grado penitenciario o incluso en aislamiento.<\/p>\n\n\n\n<p>Esta situaci\u00f3n se agrava, cuando nos referimos a los presos\/as gravemente enfermos. La excepcionalidad continua siendo la norma. Ven reducidas las posibilidades de hacer frente a la enfermedad, por la falta de protecci\u00f3n de sus allegados; de condiciones de vida dignas o de seguimiento de sus enfermedades por parte de m\u00e9dicos de confianza.<\/p>\n\n\n\n<p>La aplicaci\u00f3n de una pol\u00edtica penitenciaria ordinaria, posibilitar\u00eda que estos presos y presas, lograran ser atendidos en sus casas, por m\u00e9dicos de confianza, sin esperar a que sus vidas terminen en una celda de cualquier prisi\u00f3n. Denunciamos no solo esta pol\u00edtica penitenciaria de excepci\u00f3n, sino, tambi\u00e9n, las p\u00e9simas condiciones sanitarias de las prisiones.<\/p>\n\n\n\n<p>La forma en c\u00f3mo algunos entienden el tratamiento de la privaci\u00f3n de la libertad de las personas presas; la actitud de los m\u00e9dicos y la falta de recursos, repercuten negativamente en la salud de estas personas. Los centros penitenciarios no re\u00fanen las condiciones necesarias para poder prestar un m\u00ednimo servicio de calidad sanitaria. La salud es un derecho que tenemos todas las personas, incluidas aquellas que est\u00e1n privadas de libertad.<\/p>\n\n\n\n<p>Denunciamos pol\u00edticas penitenciarias que con el pretexto de la seguridad, vulneran los derechos fundamentales de los presos y presas en general, y de los presos y presas vascas, en particular. Todo preso\/a, tiene derecho a la asistencia m\u00e9dica y psicol\u00f3gica de profesionales de confianza.<\/p>\n\n\n\n<p>Debemos reconocer que \u00faltimamente se han dado alg\u00fan paso en relaci\u00f3n con algunos presos gravemente enfermos, pero no podemos olvidar la lista de presos vascos que han perdido la vida en prisi\u00f3n o se les ha puesto en libertad para que se mueran en su casa. A la Administraci\u00f3n penitenciaria, les corresponde actuar de manera diligente, antes de que la enfermedad sea irreversible.<\/p>\n\n\n\n<p>Esta reivindicaci\u00f3n la lleva haciendo Sare, desde hace mucho tiempo. Lo seguiremos haciendo, no solo hoy que es el D\u00eda Internacional de la Salud. Lo continuaremos haciendo todos los d\u00edas. Continuaremos exigiendo el fin de la excepcionalidad y que estos presos y presas, vuelvan a sus casas.<\/p>\n\n\n\n<p>La fortaleza democr\u00e1tica de un Pa\u00eds, se demuestra, tambi\u00e9n, por el tratamiento que presta a las personas presas. Y la c\u00e1rcel, no puede continuar siendo un almac\u00e9n donde se amontona a las personas, sin importarles su salud.<\/p>\n\n\n\n<p>A todas y todos, nos corresponde cambiar esta situaci\u00f3n y exigir que se act\u00fae con responsabilidad. Hagamos juntos el camino de la convivencia, de la paz y del regreso a casa. Los queremos en casa.<\/p>\n\n\n<p><strong>Apirilak 7ko beste deialdiak<\/strong><\/p>\n\n\n<p>&#x23f0;10:00 \u00b7 Algorta \u00b7 Bidezabal Osasun Zentroaren atarian<\/p>\n\n\n\n<p>&#x23f0;12:00 \u00b7 Eibar \u00b7 Ospitalean <\/p>\n\n\n\n<p>&#x23f0;18:30\/19:30 \u00b7 Ermua \u00b7 Herriko Plazan (Informazio mahaia jarriko dute) <\/p>\n\n\n\n<p>&#x23f0;19:00 \u00b7 EtxarriAranatz \u00b7 Plazan<\/p>\n\n\n\n<p>&#x23f0;19:00 \u00b7 Hernani \u00b7 Anbulategi aurrean<\/p>\n\n\n\n<p>&#x23f0; 19:00 \u00b7 Itsasondo \u00b7 Plazan (Eskuldeko mobilizazioa)<\/p>\n\n\n\n<p>&#x23f0; 19:00  \u00b7 Lasarte-Oria \u00b7 Osasun etxearen aurrean<\/p>\n\n\n\n<p>&#x23f0; 20:00 \u00b7 Ondarru \u00b7 Alamedan<\/p>\n\n\n\n<p>&#x23f0; 20:00 \u00b7 Romo \u00b7 Gobelondo kalea<\/p>\n\n\n\n<p><strong>\u2026 eta Apirilak 8 de abril<\/strong><\/p>\n\n\n\n<p>&#x23f0;19:30 \u00b7 Gasteiz \u00b7 Burulleriaz Plazatik<\/p>\n\n\n\n<p>&#x23f0;20:00 \u00b7 Ugao \u00b7 Herriko Plazan<\/p>\n\n\n\n<p><\/p>\n\n\n\n<div class=\"wp-block-columns is-layout-flex wp-container-core-columns-is-layout-9d6595d7 wp-block-columns-is-layout-flex\">\n<div class=\"wp-block-column is-layout-flow wp-block-column-is-layout-flow\">\n<figure class=\"wp-block-gallery columns-3 is-cropped wp-block-gallery-1 is-layout-flex wp-block-gallery-is-layout-flex\"><ul class=\"blocks-gallery-grid\"><li class=\"blocks-gallery-item\"><figure><img loading=\"lazy\" decoding=\"async\" width=\"840\" height=\"539\" src=\"https:\/\/sare.eus\/wp-content\/uploads\/2022\/04\/algorta.jpg\" alt=\"\" data-id=\"2927\" data-full-url=\"https:\/\/sare.eus\/wp-content\/uploads\/2022\/04\/algorta.jpg\" data-link=\"https:\/\/sare.eus\/es\/apirilak-7-osasunaren-nazioarteko-eguna-larriki-gaixodauden-presoak-etxera\/algorta-2\/\" class=\"wp-image-2927\" srcset=\"https:\/\/sare.eus\/wp-content\/uploads\/2022\/04\/algorta.jpg 840w, https:\/\/sare.eus\/wp-content\/uploads\/2022\/04\/algorta-300x193.jpg 300w, https:\/\/sare.eus\/wp-content\/uploads\/2022\/04\/algorta-768x493.jpg 768w\" sizes=\"(max-width: 840px) 100vw, 840px\" \/><figcaption class=\"blocks-gallery-item__caption\">ALGORTA <\/figcaption><\/figure><\/li><li class=\"blocks-gallery-item\"><figure><img loading=\"lazy\" decoding=\"async\" width=\"1024\" height=\"576\" src=\"https:\/\/sare.eus\/wp-content\/uploads\/2022\/04\/eibar-1024x576.jpg\" alt=\"\" data-id=\"2929\" data-full-url=\"https:\/\/sare.eus\/wp-content\/uploads\/2022\/04\/eibar.jpg\" data-link=\"https:\/\/sare.eus\/es\/apirilak-7-osasunaren-nazioarteko-eguna-larriki-gaixodauden-presoak-etxera\/eibar-2\/\" class=\"wp-image-2929\" srcset=\"https:\/\/sare.eus\/wp-content\/uploads\/2022\/04\/eibar-1024x576.jpg 1024w, https:\/\/sare.eus\/wp-content\/uploads\/2022\/04\/eibar-300x169.jpg 300w, https:\/\/sare.eus\/wp-content\/uploads\/2022\/04\/eibar-768x432.jpg 768w, https:\/\/sare.eus\/wp-content\/uploads\/2022\/04\/eibar-1536x864.jpg 1536w, https:\/\/sare.eus\/wp-content\/uploads\/2022\/04\/eibar-1080x608.jpg 1080w, https:\/\/sare.eus\/wp-content\/uploads\/2022\/04\/eibar.jpg 1600w\" sizes=\"(max-width: 1024px) 100vw, 1024px\" \/><figcaption class=\"blocks-gallery-item__caption\">EIBAR <\/figcaption><\/figure><\/li><li class=\"blocks-gallery-item\"><figure><img loading=\"lazy\" decoding=\"async\" width=\"1024\" height=\"768\" src=\"https:\/\/sare.eus\/wp-content\/uploads\/2022\/04\/irunea-1024x768.jpg\" alt=\"\" data-id=\"2931\" data-full-url=\"https:\/\/sare.eus\/wp-content\/uploads\/2022\/04\/irunea.jpg\" data-link=\"https:\/\/sare.eus\/es\/apirilak-7-osasunaren-nazioarteko-eguna-larriki-gaixodauden-presoak-etxera\/irunea-2\/\" class=\"wp-image-2931\" srcset=\"https:\/\/sare.eus\/wp-content\/uploads\/2022\/04\/irunea-1024x768.jpg 1024w, https:\/\/sare.eus\/wp-content\/uploads\/2022\/04\/irunea-300x225.jpg 300w, https:\/\/sare.eus\/wp-content\/uploads\/2022\/04\/irunea-768x576.jpg 768w, https:\/\/sare.eus\/wp-content\/uploads\/2022\/04\/irunea-1080x810.jpg 1080w, https:\/\/sare.eus\/wp-content\/uploads\/2022\/04\/irunea.jpg 1280w\" sizes=\"(max-width: 1024px) 100vw, 1024px\" \/><figcaption class=\"blocks-gallery-item__caption\">IRU\u00d1EA<\/figcaption><\/figure><\/li><li class=\"blocks-gallery-item\"><figure><img loading=\"lazy\" decoding=\"async\" width=\"680\" height=\"382\" src=\"https:\/\/sare.eus\/wp-content\/uploads\/2022\/04\/orereta.jpg\" alt=\"\" data-id=\"2933\" data-full-url=\"https:\/\/sare.eus\/wp-content\/uploads\/2022\/04\/orereta.jpg\" data-link=\"https:\/\/sare.eus\/es\/apirilak-7-osasunaren-nazioarteko-eguna-larriki-gaixodauden-presoak-etxera\/orereta-2\/\" class=\"wp-image-2933\" srcset=\"https:\/\/sare.eus\/wp-content\/uploads\/2022\/04\/orereta.jpg 680w, https:\/\/sare.eus\/wp-content\/uploads\/2022\/04\/orereta-300x169.jpg 300w\" sizes=\"(max-width: 680px) 100vw, 680px\" \/><figcaption class=\"blocks-gallery-item__caption\">ORERETA <\/figcaption><\/figure><\/li><\/ul><\/figure>\n<\/div>\n<\/div>\n","protected":false},"excerpt":{"rendered":"<p>Hoy, 7 de abril, en el D\u00eda Internacional de la Salud, desde la Red Ciudadana SARE, queremos recordar a las personas gravemente enfermas en prisi\u00f3n. Desde hace dos a\u00f1os y [&hellip;]<\/p>\n","protected":false},"author":2,"featured_media":2921,"comment_status":"closed","ping_status":"closed","sticky":false,"template":"","format":"standard","meta":{"_acf_changed":false,"_et_pb_use_builder":"off","_et_pb_old_content":"","_et_gb_content_width":"","footnotes":""},"categories":[64],"tags":[],"class_list":["post-2906","post","type-post","status-publish","format-standard","has-post-thumbnail","hentry","category-enfermos-graves","et-has-post-format-content","et_post_format-et-post-format-standard"],"acf":[],"yoast_head":"<!-- This site is optimized with the Yoast SEO plugin v26.4 - https:\/\/yoast.com\/wordpress\/plugins\/seo\/ -->\n<title>7 de ABRIL, D\u00cdA INTERNACIONAL DE LA SALUD &quot;Presxs gravemente enfermxs a casa&quot; - Sare Herritarra<\/title>\n<meta name=\"robots\" content=\"index, follow, max-snippet:-1, max-image-preview:large, max-video-preview:-1\" \/>\n<link rel=\"canonical\" href=\"https:\/\/sare.eus\/es\/apirilak-7-osasunaren-nazioarteko-eguna-larriki-gaixodauden-presoak-etxera\/\" \/>\n<meta property=\"og:locale\" content=\"es_ES\" \/>\n<meta property=\"og:type\" content=\"article\" \/>\n<meta property=\"og:title\" content=\"7 de ABRIL, D\u00cdA INTERNACIONAL DE LA SALUD &quot;Presxs gravemente enfermxs a casa&quot; - Sare Herritarra\" \/>\n<meta property=\"og:description\" content=\"Hoy, 7 de abril, en el D\u00eda Internacional de la Salud, desde la Red Ciudadana SARE, queremos recordar a las personas gravemente enfermas en prisi\u00f3n. Desde hace dos a\u00f1os y [&hellip;]\" \/>\n<meta property=\"og:url\" content=\"https:\/\/sare.eus\/es\/apirilak-7-osasunaren-nazioarteko-eguna-larriki-gaixodauden-presoak-etxera\/\" \/>\n<meta property=\"og:site_name\" content=\"Sare Herritarra\" \/>\n<meta property=\"article:published_time\" content=\"2022-04-07T10:51:45+00:00\" \/>\n<meta property=\"article:modified_time\" content=\"2022-04-07T11:44:55+00:00\" \/>\n<meta property=\"og:image\" content=\"https:\/\/sare.eus\/wp-content\/uploads\/2022\/04\/photo_2022-04-07_12-48-56.jpg\" \/>\n\t<meta property=\"og:image:width\" content=\"1280\" \/>\n\t<meta property=\"og:image:height\" content=\"960\" \/>\n\t<meta property=\"og:image:type\" content=\"image\/jpeg\" \/>\n<meta name=\"author\" content=\"sare\" \/>\n<meta name=\"twitter:card\" content=\"summary_large_image\" \/>\n<meta name=\"twitter:label1\" content=\"Escrito por\" \/>\n\t<meta name=\"twitter:data1\" content=\"sare\" \/>\n\t<meta name=\"twitter:label2\" content=\"Tiempo de lectura\" \/>\n\t<meta name=\"twitter:data2\" content=\"6 minutos\" \/>\n<script type=\"application\/ld+json\" class=\"yoast-schema-graph\">{\"@context\":\"https:\/\/schema.org\",\"@graph\":[{\"@type\":\"Article\",\"@id\":\"https:\/\/sare.eus\/es\/apirilak-7-osasunaren-nazioarteko-eguna-larriki-gaixodauden-presoak-etxera\/#article\",\"isPartOf\":{\"@id\":\"https:\/\/sare.eus\/es\/apirilak-7-osasunaren-nazioarteko-eguna-larriki-gaixodauden-presoak-etxera\/\"},\"author\":{\"name\":\"sare\",\"@id\":\"https:\/\/sare.eus\/#\/schema\/person\/2fe6d0df294f56313d3ab236dbe38e17\"},\"headline\":\"7 de ABRIL, D\u00cdA INTERNACIONAL DE LA SALUD \u00abPresxs gravemente enfermxs a casa\u00bb\",\"datePublished\":\"2022-04-07T10:51:45+00:00\",\"dateModified\":\"2022-04-07T11:44:55+00:00\",\"mainEntityOfPage\":{\"@id\":\"https:\/\/sare.eus\/es\/apirilak-7-osasunaren-nazioarteko-eguna-larriki-gaixodauden-presoak-etxera\/\"},\"wordCount\":848,\"publisher\":{\"@id\":\"https:\/\/sare.eus\/#organization\"},\"image\":{\"@id\":\"https:\/\/sare.eus\/es\/apirilak-7-osasunaren-nazioarteko-eguna-larriki-gaixodauden-presoak-etxera\/#primaryimage\"},\"thumbnailUrl\":\"https:\/\/sare.eus\/wp-content\/uploads\/2022\/04\/photo_2022-04-07_12-48-56.jpg\",\"articleSection\":[\"Enfermos Graves\"],\"inLanguage\":\"es\"},{\"@type\":\"WebPage\",\"@id\":\"https:\/\/sare.eus\/es\/apirilak-7-osasunaren-nazioarteko-eguna-larriki-gaixodauden-presoak-etxera\/\",\"url\":\"https:\/\/sare.eus\/es\/apirilak-7-osasunaren-nazioarteko-eguna-larriki-gaixodauden-presoak-etxera\/\",\"name\":\"7 de ABRIL, D\u00cdA INTERNACIONAL DE LA SALUD \\\"Presxs gravemente enfermxs a casa\\\" - Sare Herritarra\",\"isPartOf\":{\"@id\":\"https:\/\/sare.eus\/#website\"},\"primaryImageOfPage\":{\"@id\":\"https:\/\/sare.eus\/es\/apirilak-7-osasunaren-nazioarteko-eguna-larriki-gaixodauden-presoak-etxera\/#primaryimage\"},\"image\":{\"@id\":\"https:\/\/sare.eus\/es\/apirilak-7-osasunaren-nazioarteko-eguna-larriki-gaixodauden-presoak-etxera\/#primaryimage\"},\"thumbnailUrl\":\"https:\/\/sare.eus\/wp-content\/uploads\/2022\/04\/photo_2022-04-07_12-48-56.jpg\",\"datePublished\":\"2022-04-07T10:51:45+00:00\",\"dateModified\":\"2022-04-07T11:44:55+00:00\",\"breadcrumb\":{\"@id\":\"https:\/\/sare.eus\/es\/apirilak-7-osasunaren-nazioarteko-eguna-larriki-gaixodauden-presoak-etxera\/#breadcrumb\"},\"inLanguage\":\"es\",\"potentialAction\":[{\"@type\":\"ReadAction\",\"target\":[\"https:\/\/sare.eus\/es\/apirilak-7-osasunaren-nazioarteko-eguna-larriki-gaixodauden-presoak-etxera\/\"]}]},{\"@type\":\"ImageObject\",\"inLanguage\":\"es\",\"@id\":\"https:\/\/sare.eus\/es\/apirilak-7-osasunaren-nazioarteko-eguna-larriki-gaixodauden-presoak-etxera\/#primaryimage\",\"url\":\"https:\/\/sare.eus\/wp-content\/uploads\/2022\/04\/photo_2022-04-07_12-48-56.jpg\",\"contentUrl\":\"https:\/\/sare.eus\/wp-content\/uploads\/2022\/04\/photo_2022-04-07_12-48-56.jpg\",\"width\":1280,\"height\":960},{\"@type\":\"BreadcrumbList\",\"@id\":\"https:\/\/sare.eus\/es\/apirilak-7-osasunaren-nazioarteko-eguna-larriki-gaixodauden-presoak-etxera\/#breadcrumb\",\"itemListElement\":[{\"@type\":\"ListItem\",\"position\":1,\"name\":\"Home\",\"item\":\"https:\/\/sare.eus\/\"},{\"@type\":\"ListItem\",\"position\":2,\"name\":\"7 de ABRIL, D\u00cdA INTERNACIONAL DE LA SALUD \u00abPresxs gravemente enfermxs a casa\u00bb\"}]},{\"@type\":\"WebSite\",\"@id\":\"https:\/\/sare.eus\/#website\",\"url\":\"https:\/\/sare.eus\/\",\"name\":\"Sare Herritarra\",\"description\":\"KONPONBIDEAREN ETA GIZA ESKUBIDEEN ALDEKO SARE HERRITARRA\",\"publisher\":{\"@id\":\"https:\/\/sare.eus\/#organization\"},\"potentialAction\":[{\"@type\":\"SearchAction\",\"target\":{\"@type\":\"EntryPoint\",\"urlTemplate\":\"https:\/\/sare.eus\/?s={search_term_string}\"},\"query-input\":{\"@type\":\"PropertyValueSpecification\",\"valueRequired\":true,\"valueName\":\"search_term_string\"}}],\"inLanguage\":\"es\"},{\"@type\":\"Organization\",\"@id\":\"https:\/\/sare.eus\/#organization\",\"name\":\"Sare Herritarra\",\"url\":\"https:\/\/sare.eus\/\",\"logo\":{\"@type\":\"ImageObject\",\"inLanguage\":\"es\",\"@id\":\"https:\/\/sare.eus\/#\/schema\/logo\/image\/\",\"url\":\"https:\/\/sare.eus\/wp-content\/uploads\/2021\/08\/sare.png\",\"contentUrl\":\"https:\/\/sare.eus\/wp-content\/uploads\/2021\/08\/sare.png\",\"width\":120,\"height\":142,\"caption\":\"Sare Herritarra\"},\"image\":{\"@id\":\"https:\/\/sare.eus\/#\/schema\/logo\/image\/\"}},{\"@type\":\"Person\",\"@id\":\"https:\/\/sare.eus\/#\/schema\/person\/2fe6d0df294f56313d3ab236dbe38e17\",\"name\":\"sare\",\"image\":{\"@type\":\"ImageObject\",\"inLanguage\":\"es\",\"@id\":\"https:\/\/sare.eus\/#\/schema\/person\/image\/\",\"url\":\"https:\/\/secure.gravatar.com\/avatar\/77cad838677ceb1977e7b3c878b55eaa7fa4aae2158983063b047c3ad7ef2c25?s=96&d=mm&r=g\",\"contentUrl\":\"https:\/\/secure.gravatar.com\/avatar\/77cad838677ceb1977e7b3c878b55eaa7fa4aae2158983063b047c3ad7ef2c25?s=96&d=mm&r=g\",\"caption\":\"sare\"},\"url\":\"https:\/\/sare.eus\/es\/author\/sare\/\"}]}<\/script>\n<!-- \/ Yoast SEO plugin. -->","yoast_head_json":{"title":"7 de ABRIL, D\u00cdA INTERNACIONAL DE LA SALUD \"Presxs gravemente enfermxs a casa\" - Sare Herritarra","robots":{"index":"index","follow":"follow","max-snippet":"max-snippet:-1","max-image-preview":"max-image-preview:large","max-video-preview":"max-video-preview:-1"},"canonical":"https:\/\/sare.eus\/es\/apirilak-7-osasunaren-nazioarteko-eguna-larriki-gaixodauden-presoak-etxera\/","og_locale":"es_ES","og_type":"article","og_title":"7 de ABRIL, D\u00cdA INTERNACIONAL DE LA SALUD \"Presxs gravemente enfermxs a casa\" - Sare Herritarra","og_description":"Hoy, 7 de abril, en el D\u00eda Internacional de la Salud, desde la Red Ciudadana SARE, queremos recordar a las personas gravemente enfermas en prisi\u00f3n. Desde hace dos a\u00f1os y [&hellip;]","og_url":"https:\/\/sare.eus\/es\/apirilak-7-osasunaren-nazioarteko-eguna-larriki-gaixodauden-presoak-etxera\/","og_site_name":"Sare Herritarra","article_published_time":"2022-04-07T10:51:45+00:00","article_modified_time":"2022-04-07T11:44:55+00:00","og_image":[{"width":1280,"height":960,"url":"https:\/\/sare.eus\/wp-content\/uploads\/2022\/04\/photo_2022-04-07_12-48-56.jpg","type":"image\/jpeg"}],"author":"sare","twitter_card":"summary_large_image","twitter_misc":{"Escrito por":"sare","Tiempo de lectura":"6 minutos"},"schema":{"@context":"https:\/\/schema.org","@graph":[{"@type":"Article","@id":"https:\/\/sare.eus\/es\/apirilak-7-osasunaren-nazioarteko-eguna-larriki-gaixodauden-presoak-etxera\/#article","isPartOf":{"@id":"https:\/\/sare.eus\/es\/apirilak-7-osasunaren-nazioarteko-eguna-larriki-gaixodauden-presoak-etxera\/"},"author":{"name":"sare","@id":"https:\/\/sare.eus\/#\/schema\/person\/2fe6d0df294f56313d3ab236dbe38e17"},"headline":"7 de ABRIL, D\u00cdA INTERNACIONAL DE LA SALUD \u00abPresxs gravemente enfermxs a casa\u00bb","datePublished":"2022-04-07T10:51:45+00:00","dateModified":"2022-04-07T11:44:55+00:00","mainEntityOfPage":{"@id":"https:\/\/sare.eus\/es\/apirilak-7-osasunaren-nazioarteko-eguna-larriki-gaixodauden-presoak-etxera\/"},"wordCount":848,"publisher":{"@id":"https:\/\/sare.eus\/#organization"},"image":{"@id":"https:\/\/sare.eus\/es\/apirilak-7-osasunaren-nazioarteko-eguna-larriki-gaixodauden-presoak-etxera\/#primaryimage"},"thumbnailUrl":"https:\/\/sare.eus\/wp-content\/uploads\/2022\/04\/photo_2022-04-07_12-48-56.jpg","articleSection":["Enfermos Graves"],"inLanguage":"es"},{"@type":"WebPage","@id":"https:\/\/sare.eus\/es\/apirilak-7-osasunaren-nazioarteko-eguna-larriki-gaixodauden-presoak-etxera\/","url":"https:\/\/sare.eus\/es\/apirilak-7-osasunaren-nazioarteko-eguna-larriki-gaixodauden-presoak-etxera\/","name":"7 de ABRIL, D\u00cdA INTERNACIONAL DE LA SALUD \"Presxs gravemente enfermxs a casa\" - Sare Herritarra","isPartOf":{"@id":"https:\/\/sare.eus\/#website"},"primaryImageOfPage":{"@id":"https:\/\/sare.eus\/es\/apirilak-7-osasunaren-nazioarteko-eguna-larriki-gaixodauden-presoak-etxera\/#primaryimage"},"image":{"@id":"https:\/\/sare.eus\/es\/apirilak-7-osasunaren-nazioarteko-eguna-larriki-gaixodauden-presoak-etxera\/#primaryimage"},"thumbnailUrl":"https:\/\/sare.eus\/wp-content\/uploads\/2022\/04\/photo_2022-04-07_12-48-56.jpg","datePublished":"2022-04-07T10:51:45+00:00","dateModified":"2022-04-07T11:44:55+00:00","breadcrumb":{"@id":"https:\/\/sare.eus\/es\/apirilak-7-osasunaren-nazioarteko-eguna-larriki-gaixodauden-presoak-etxera\/#breadcrumb"},"inLanguage":"es","potentialAction":[{"@type":"ReadAction","target":["https:\/\/sare.eus\/es\/apirilak-7-osasunaren-nazioarteko-eguna-larriki-gaixodauden-presoak-etxera\/"]}]},{"@type":"ImageObject","inLanguage":"es","@id":"https:\/\/sare.eus\/es\/apirilak-7-osasunaren-nazioarteko-eguna-larriki-gaixodauden-presoak-etxera\/#primaryimage","url":"https:\/\/sare.eus\/wp-content\/uploads\/2022\/04\/photo_2022-04-07_12-48-56.jpg","contentUrl":"https:\/\/sare.eus\/wp-content\/uploads\/2022\/04\/photo_2022-04-07_12-48-56.jpg","width":1280,"height":960},{"@type":"BreadcrumbList","@id":"https:\/\/sare.eus\/es\/apirilak-7-osasunaren-nazioarteko-eguna-larriki-gaixodauden-presoak-etxera\/#breadcrumb","itemListElement":[{"@type":"ListItem","position":1,"name":"Home","item":"https:\/\/sare.eus\/"},{"@type":"ListItem","position":2,"name":"7 de ABRIL, D\u00cdA INTERNACIONAL DE LA SALUD \u00abPresxs gravemente enfermxs a casa\u00bb"}]},{"@type":"WebSite","@id":"https:\/\/sare.eus\/#website","url":"https:\/\/sare.eus\/","name":"Sare Herritarra","description":"KONPONBIDEAREN ETA GIZA ESKUBIDEEN ALDEKO SARE HERRITARRA","publisher":{"@id":"https:\/\/sare.eus\/#organization"},"potentialAction":[{"@type":"SearchAction","target":{"@type":"EntryPoint","urlTemplate":"https:\/\/sare.eus\/?s={search_term_string}"},"query-input":{"@type":"PropertyValueSpecification","valueRequired":true,"valueName":"search_term_string"}}],"inLanguage":"es"},{"@type":"Organization","@id":"https:\/\/sare.eus\/#organization","name":"Sare Herritarra","url":"https:\/\/sare.eus\/","logo":{"@type":"ImageObject","inLanguage":"es","@id":"https:\/\/sare.eus\/#\/schema\/logo\/image\/","url":"https:\/\/sare.eus\/wp-content\/uploads\/2021\/08\/sare.png","contentUrl":"https:\/\/sare.eus\/wp-content\/uploads\/2021\/08\/sare.png","width":120,"height":142,"caption":"Sare Herritarra"},"image":{"@id":"https:\/\/sare.eus\/#\/schema\/logo\/image\/"}},{"@type":"Person","@id":"https:\/\/sare.eus\/#\/schema\/person\/2fe6d0df294f56313d3ab236dbe38e17","name":"sare","image":{"@type":"ImageObject","inLanguage":"es","@id":"https:\/\/sare.eus\/#\/schema\/person\/image\/","url":"https:\/\/secure.gravatar.com\/avatar\/77cad838677ceb1977e7b3c878b55eaa7fa4aae2158983063b047c3ad7ef2c25?s=96&d=mm&r=g","contentUrl":"https:\/\/secure.gravatar.com\/avatar\/77cad838677ceb1977e7b3c878b55eaa7fa4aae2158983063b047c3ad7ef2c25?s=96&d=mm&r=g","caption":"sare"},"url":"https:\/\/sare.eus\/es\/author\/sare\/"}]}},"_links":{"self":[{"href":"https:\/\/sare.eus\/es\/wp-json\/wp\/v2\/posts\/2906","targetHints":{"allow":["GET"]}}],"collection":[{"href":"https:\/\/sare.eus\/es\/wp-json\/wp\/v2\/posts"}],"about":[{"href":"https:\/\/sare.eus\/es\/wp-json\/wp\/v2\/types\/post"}],"author":[{"embeddable":true,"href":"https:\/\/sare.eus\/es\/wp-json\/wp\/v2\/users\/2"}],"replies":[{"embeddable":true,"href":"https:\/\/sare.eus\/es\/wp-json\/wp\/v2\/comments?post=2906"}],"version-history":[{"count":10,"href":"https:\/\/sare.eus\/es\/wp-json\/wp\/v2\/posts\/2906\/revisions"}],"predecessor-version":[{"id":2936,"href":"https:\/\/sare.eus\/es\/wp-json\/wp\/v2\/posts\/2906\/revisions\/2936"}],"wp:featuredmedia":[{"embeddable":true,"href":"https:\/\/sare.eus\/es\/wp-json\/wp\/v2\/media\/2921"}],"wp:attachment":[{"href":"https:\/\/sare.eus\/es\/wp-json\/wp\/v2\/media?parent=2906"}],"wp:term":[{"taxonomy":"category","embeddable":true,"href":"https:\/\/sare.eus\/es\/wp-json\/wp\/v2\/categories?post=2906"},{"taxonomy":"post_tag","embeddable":true,"href":"https:\/\/sare.eus\/es\/wp-json\/wp\/v2\/tags?post=2906"}],"curies":[{"name":"wp","href":"https:\/\/api.w.org\/{rel}","templated":true}]}}