{"id":2879,"date":"2022-03-25T19:50:24","date_gmt":"2022-03-25T19:50:24","guid":{"rendered":"https:\/\/sare.eus\/?p=2879"},"modified":"2022-03-26T18:02:33","modified_gmt":"2022-03-26T18:02:33","slug":"etxerako-bidean-oztoporik-ez-txetxu-etxera","status":"publish","type":"post","link":"https:\/\/sare.eus\/es\/etxerako-bidean-oztoporik-ez-txetxu-etxera\/","title":{"rendered":"Etxerako bidean oztoporik ez! Txetxu ETXERa comparecencia en Atarrabia"},"content":{"rendered":"<p>Estos dos \u00faltimos a\u00f1os est\u00e1n siendo importantes en cuanto a la situaci\u00f3n de presas y de presos y en cuanto a la pol\u00edtica penitenciaria de excepci\u00f3n.<\/p>\n<p>Podemos decir que estamos cerca del fin de la pol\u00edtica de alejamiento aplicada durante largos a\u00f1os, y que, junto a ello, es el momento de dejar atr\u00e1s esa pol\u00edtica de excepci\u00f3n y de avanzar en la aplicaci\u00f3n de la legislaci\u00f3n ordinaria. Pero este cambio ha conllevado tambi\u00e9n la aparici\u00f3n de posicionamientos en contra, y se siguen dando situaciones que est\u00e1n obstaculizando el proceso de vuelta a casa. Por ello, para hacer realidad el cambio, es necesario seguir denunciando y haciendo p\u00fablicas todas las trabas que se pongan al camino de vuelta a casa de presas y de presos.<\/p>\n\n\n<figure class=\"wp-block-embed is-type-video is-provider-youtube wp-block-embed-youtube wp-embed-aspect-16-9 wp-has-aspect-ratio\"><div class=\"wp-block-embed__wrapper\">\n<iframe loading=\"lazy\" title=\"[2022.03.25 | Atarrabia] Etxerako bidean oztoporik ez! Txetxu etxera!\" width=\"1080\" height=\"608\" src=\"https:\/\/www.youtube.com\/embed\/qn-MTQWMRUA?feature=oembed\" frameborder=\"0\" allow=\"accelerometer; autoplay; clipboard-write; encrypted-media; gyroscope; picture-in-picture\" allowfullscreen><\/iframe>\n<\/div><\/figure>\n\n\n<p>\u00a0<\/p>\n<p>As\u00ed lo queremos hacer en el caso de Txetxu Barrios, que lleva m\u00e1s de 24 a\u00f1os preso. Actualmente est\u00e1 en la c\u00e1rcel de Zuera. Ha cumplido ya 3\/4 partes de la condena, su madre y su padre son de edad avanzada, y ha solicitado su traslado de Zuera a Zaballa.<\/p>\n<p>La Junta de Tratamiento de Zuera ha aprobado dicho traslado, pero ha sido rechazado por la Audiencia Nacional. Adem\u00e1s de su traslado a Euskal Herria, a Txetxu tambi\u00e9n se le ha denegado su derecho a disfrutar de permisos, aunque cumpla las condiciones establecidas para ello: estar en segundo grado y tener \u00be partes de su condena cumplidas. Tambi\u00e9n cumple los requisitos para su progresi\u00f3n al tercer grado, pero no le han dado esa posibilidad.<\/p>\n<p>Txetxu tendr\u00eda que estar en Euskal Herria, con permisos y con posibilidad de progresar al tercer grado, ya que as\u00ed lo establece la legislaci\u00f3n penitenciaria. La negativa de la Audiencia Nacional se basa una vez m\u00e1s en la excepcionalidad y en la venganza. Para denunciar esta situaci\u00f3n y para posibilitar el camino de vuelta a casa de Txetxu, Sare de Atarrabia va a poner en marcha una iniciativa bajo el lema \u00abetxerako bidean oztoporik ez!\u00bb (ning\u00fan obst\u00e1culo en el camino de vuelta a casa) y hacemos un llamamiento tanto a la ciudadan\u00eda como a agentes sociales, pol\u00edticos, sindicales y culturales para que se sumen a ella.<\/p>\n<p>Se ha abierto la posibilidad de cambiar esta dura situaci\u00f3n que ha estado bloqueado durante mucho tiempo. Frente a los posicionamientos contrarios y a los obst\u00e1culos, tenemos que mostrar que este pueblo quiere avanzar y potenciar la convivencia. Es responsabilidad de todas y de todos superar esta situaci\u00f3n de excepci\u00f3n y posibilitar el proceso de vuelta a casa. Seamos parte activa en camino hacia la convivencia, hacia la paz y en el camino de vuelta a casa.<\/p>\n<p>Etxerako bidean oztoporik ez!<\/p>\n<p>\u00a0<\/p>\n<hr \/>\n\n\n<figure class=\"wp-block-image size-large\"><img loading=\"lazy\" decoding=\"async\" width=\"724\" height=\"1024\" src=\"https:\/\/sare.eus\/wp-content\/uploads\/2022\/03\/WhatsApp-Image-2022-03-22-at-17.55.03-724x1024.jpeg\" alt=\"\" class=\"wp-image-2880\" srcset=\"https:\/\/sare.eus\/wp-content\/uploads\/2022\/03\/WhatsApp-Image-2022-03-22-at-17.55.03-724x1024.jpeg 724w, https:\/\/sare.eus\/wp-content\/uploads\/2022\/03\/WhatsApp-Image-2022-03-22-at-17.55.03-212x300.jpeg 212w, https:\/\/sare.eus\/wp-content\/uploads\/2022\/03\/WhatsApp-Image-2022-03-22-at-17.55.03-768x1086.jpeg 768w, https:\/\/sare.eus\/wp-content\/uploads\/2022\/03\/WhatsApp-Image-2022-03-22-at-17.55.03-1086x1536.jpeg 1086w, https:\/\/sare.eus\/wp-content\/uploads\/2022\/03\/WhatsApp-Image-2022-03-22-at-17.55.03-1080x1528.jpeg 1080w, https:\/\/sare.eus\/wp-content\/uploads\/2022\/03\/WhatsApp-Image-2022-03-22-at-17.55.03.jpeg 1131w\" sizes=\"(max-width: 724px) 100vw, 724px\" \/><\/figure>\n","protected":false},"excerpt":{"rendered":"<p>Estos dos \u00faltimos a\u00f1os est\u00e1n siendo importantes en cuanto a la situaci\u00f3n de presas y de presos y en cuanto a la pol\u00edtica penitenciaria de excepci\u00f3n. Podemos decir que estamos [&hellip;]<\/p>\n","protected":false},"author":2,"featured_media":2888,"comment_status":"closed","ping_status":"closed","sticky":false,"template":"","format":"standard","meta":{"_acf_changed":false,"_et_pb_use_builder":"off","_et_pb_old_content":"","_et_gb_content_width":"","footnotes":""},"categories":[66],"tags":[],"class_list":["post-2879","post","type-post","status-publish","format-standard","has-post-thumbnail","hentry","category-pueblos","et-has-post-format-content","et_post_format-et-post-format-standard"],"acf":[],"yoast_head":"<!-- This site is optimized with the Yoast SEO plugin v26.4 - https:\/\/yoast.com\/wordpress\/plugins\/seo\/ -->\n<title>Etxerako bidean oztoporik ez! Txetxu ETXERa comparecencia en Atarrabia - Sare Herritarra<\/title>\n<meta name=\"robots\" content=\"index, follow, max-snippet:-1, max-image-preview:large, max-video-preview:-1\" \/>\n<link rel=\"canonical\" href=\"https:\/\/sare.eus\/es\/etxerako-bidean-oztoporik-ez-txetxu-etxera\/\" \/>\n<meta property=\"og:locale\" content=\"es_ES\" \/>\n<meta property=\"og:type\" content=\"article\" \/>\n<meta property=\"og:title\" content=\"Etxerako bidean oztoporik ez! Txetxu ETXERa comparecencia en Atarrabia - Sare Herritarra\" \/>\n<meta property=\"og:description\" content=\"Estos dos \u00faltimos a\u00f1os est\u00e1n siendo importantes en cuanto a la situaci\u00f3n de presas y de presos y en cuanto a la pol\u00edtica penitenciaria de excepci\u00f3n. Podemos decir que estamos [&hellip;]\" \/>\n<meta property=\"og:url\" content=\"https:\/\/sare.eus\/es\/etxerako-bidean-oztoporik-ez-txetxu-etxera\/\" \/>\n<meta property=\"og:site_name\" content=\"Sare Herritarra\" \/>\n<meta property=\"article:published_time\" content=\"2022-03-25T19:50:24+00:00\" \/>\n<meta property=\"article:modified_time\" content=\"2022-03-26T18:02:33+00:00\" \/>\n<meta property=\"og:image\" content=\"https:\/\/sare.eus\/wp-content\/uploads\/2022\/03\/IMG_20220325_204712_428.jpg\" \/>\n\t<meta property=\"og:image:width\" content=\"1280\" \/>\n\t<meta property=\"og:image:height\" content=\"606\" \/>\n\t<meta property=\"og:image:type\" content=\"image\/jpeg\" \/>\n<meta name=\"author\" content=\"sare\" \/>\n<meta name=\"twitter:card\" content=\"summary_large_image\" \/>\n<meta name=\"twitter:label1\" content=\"Escrito por\" \/>\n\t<meta name=\"twitter:data1\" content=\"sare\" \/>\n\t<meta name=\"twitter:label2\" content=\"Tiempo de lectura\" \/>\n\t<meta name=\"twitter:data2\" content=\"3 minutos\" \/>\n<script type=\"application\/ld+json\" class=\"yoast-schema-graph\">{\"@context\":\"https:\/\/schema.org\",\"@graph\":[{\"@type\":\"Article\",\"@id\":\"https:\/\/sare.eus\/es\/etxerako-bidean-oztoporik-ez-txetxu-etxera\/#article\",\"isPartOf\":{\"@id\":\"https:\/\/sare.eus\/es\/etxerako-bidean-oztoporik-ez-txetxu-etxera\/\"},\"author\":{\"name\":\"sare\",\"@id\":\"https:\/\/sare.eus\/#\/schema\/person\/2fe6d0df294f56313d3ab236dbe38e17\"},\"headline\":\"Etxerako bidean oztoporik ez! Txetxu ETXERa comparecencia en Atarrabia\",\"datePublished\":\"2022-03-25T19:50:24+00:00\",\"dateModified\":\"2022-03-26T18:02:33+00:00\",\"mainEntityOfPage\":{\"@id\":\"https:\/\/sare.eus\/es\/etxerako-bidean-oztoporik-ez-txetxu-etxera\/\"},\"wordCount\":480,\"publisher\":{\"@id\":\"https:\/\/sare.eus\/#organization\"},\"image\":{\"@id\":\"https:\/\/sare.eus\/es\/etxerako-bidean-oztoporik-ez-txetxu-etxera\/#primaryimage\"},\"thumbnailUrl\":\"https:\/\/sare.eus\/wp-content\/uploads\/2022\/03\/IMG_20220325_204712_428.jpg\",\"articleSection\":[\"Pueblos\"],\"inLanguage\":\"es\"},{\"@type\":\"WebPage\",\"@id\":\"https:\/\/sare.eus\/es\/etxerako-bidean-oztoporik-ez-txetxu-etxera\/\",\"url\":\"https:\/\/sare.eus\/es\/etxerako-bidean-oztoporik-ez-txetxu-etxera\/\",\"name\":\"Etxerako bidean oztoporik ez! Txetxu ETXERa comparecencia en Atarrabia - Sare Herritarra\",\"isPartOf\":{\"@id\":\"https:\/\/sare.eus\/#website\"},\"primaryImageOfPage\":{\"@id\":\"https:\/\/sare.eus\/es\/etxerako-bidean-oztoporik-ez-txetxu-etxera\/#primaryimage\"},\"image\":{\"@id\":\"https:\/\/sare.eus\/es\/etxerako-bidean-oztoporik-ez-txetxu-etxera\/#primaryimage\"},\"thumbnailUrl\":\"https:\/\/sare.eus\/wp-content\/uploads\/2022\/03\/IMG_20220325_204712_428.jpg\",\"datePublished\":\"2022-03-25T19:50:24+00:00\",\"dateModified\":\"2022-03-26T18:02:33+00:00\",\"breadcrumb\":{\"@id\":\"https:\/\/sare.eus\/es\/etxerako-bidean-oztoporik-ez-txetxu-etxera\/#breadcrumb\"},\"inLanguage\":\"es\",\"potentialAction\":[{\"@type\":\"ReadAction\",\"target\":[\"https:\/\/sare.eus\/es\/etxerako-bidean-oztoporik-ez-txetxu-etxera\/\"]}]},{\"@type\":\"ImageObject\",\"inLanguage\":\"es\",\"@id\":\"https:\/\/sare.eus\/es\/etxerako-bidean-oztoporik-ez-txetxu-etxera\/#primaryimage\",\"url\":\"https:\/\/sare.eus\/wp-content\/uploads\/2022\/03\/IMG_20220325_204712_428.jpg\",\"contentUrl\":\"https:\/\/sare.eus\/wp-content\/uploads\/2022\/03\/IMG_20220325_204712_428.jpg\",\"width\":1280,\"height\":606},{\"@type\":\"BreadcrumbList\",\"@id\":\"https:\/\/sare.eus\/es\/etxerako-bidean-oztoporik-ez-txetxu-etxera\/#breadcrumb\",\"itemListElement\":[{\"@type\":\"ListItem\",\"position\":1,\"name\":\"Home\",\"item\":\"https:\/\/sare.eus\/\"},{\"@type\":\"ListItem\",\"position\":2,\"name\":\"Etxerako bidean oztoporik ez! Txetxu ETXERa comparecencia en Atarrabia\"}]},{\"@type\":\"WebSite\",\"@id\":\"https:\/\/sare.eus\/#website\",\"url\":\"https:\/\/sare.eus\/\",\"name\":\"Sare Herritarra\",\"description\":\"KONPONBIDEAREN ETA GIZA ESKUBIDEEN ALDEKO SARE HERRITARRA\",\"publisher\":{\"@id\":\"https:\/\/sare.eus\/#organization\"},\"potentialAction\":[{\"@type\":\"SearchAction\",\"target\":{\"@type\":\"EntryPoint\",\"urlTemplate\":\"https:\/\/sare.eus\/?s={search_term_string}\"},\"query-input\":{\"@type\":\"PropertyValueSpecification\",\"valueRequired\":true,\"valueName\":\"search_term_string\"}}],\"inLanguage\":\"es\"},{\"@type\":\"Organization\",\"@id\":\"https:\/\/sare.eus\/#organization\",\"name\":\"Sare Herritarra\",\"url\":\"https:\/\/sare.eus\/\",\"logo\":{\"@type\":\"ImageObject\",\"inLanguage\":\"es\",\"@id\":\"https:\/\/sare.eus\/#\/schema\/logo\/image\/\",\"url\":\"https:\/\/sare.eus\/wp-content\/uploads\/2021\/08\/sare.png\",\"contentUrl\":\"https:\/\/sare.eus\/wp-content\/uploads\/2021\/08\/sare.png\",\"width\":120,\"height\":142,\"caption\":\"Sare Herritarra\"},\"image\":{\"@id\":\"https:\/\/sare.eus\/#\/schema\/logo\/image\/\"}},{\"@type\":\"Person\",\"@id\":\"https:\/\/sare.eus\/#\/schema\/person\/2fe6d0df294f56313d3ab236dbe38e17\",\"name\":\"sare\",\"image\":{\"@type\":\"ImageObject\",\"inLanguage\":\"es\",\"@id\":\"https:\/\/sare.eus\/#\/schema\/person\/image\/\",\"url\":\"https:\/\/secure.gravatar.com\/avatar\/77cad838677ceb1977e7b3c878b55eaa7fa4aae2158983063b047c3ad7ef2c25?s=96&d=mm&r=g\",\"contentUrl\":\"https:\/\/secure.gravatar.com\/avatar\/77cad838677ceb1977e7b3c878b55eaa7fa4aae2158983063b047c3ad7ef2c25?s=96&d=mm&r=g\",\"caption\":\"sare\"},\"url\":\"https:\/\/sare.eus\/es\/author\/sare\/\"}]}<\/script>\n<!-- \/ Yoast SEO plugin. -->","yoast_head_json":{"title":"Etxerako bidean oztoporik ez! Txetxu ETXERa comparecencia en Atarrabia - Sare Herritarra","robots":{"index":"index","follow":"follow","max-snippet":"max-snippet:-1","max-image-preview":"max-image-preview:large","max-video-preview":"max-video-preview:-1"},"canonical":"https:\/\/sare.eus\/es\/etxerako-bidean-oztoporik-ez-txetxu-etxera\/","og_locale":"es_ES","og_type":"article","og_title":"Etxerako bidean oztoporik ez! Txetxu ETXERa comparecencia en Atarrabia - Sare Herritarra","og_description":"Estos dos \u00faltimos a\u00f1os est\u00e1n siendo importantes en cuanto a la situaci\u00f3n de presas y de presos y en cuanto a la pol\u00edtica penitenciaria de excepci\u00f3n. Podemos decir que estamos [&hellip;]","og_url":"https:\/\/sare.eus\/es\/etxerako-bidean-oztoporik-ez-txetxu-etxera\/","og_site_name":"Sare Herritarra","article_published_time":"2022-03-25T19:50:24+00:00","article_modified_time":"2022-03-26T18:02:33+00:00","og_image":[{"width":1280,"height":606,"url":"https:\/\/sare.eus\/wp-content\/uploads\/2022\/03\/IMG_20220325_204712_428.jpg","type":"image\/jpeg"}],"author":"sare","twitter_card":"summary_large_image","twitter_misc":{"Escrito por":"sare","Tiempo de lectura":"3 minutos"},"schema":{"@context":"https:\/\/schema.org","@graph":[{"@type":"Article","@id":"https:\/\/sare.eus\/es\/etxerako-bidean-oztoporik-ez-txetxu-etxera\/#article","isPartOf":{"@id":"https:\/\/sare.eus\/es\/etxerako-bidean-oztoporik-ez-txetxu-etxera\/"},"author":{"name":"sare","@id":"https:\/\/sare.eus\/#\/schema\/person\/2fe6d0df294f56313d3ab236dbe38e17"},"headline":"Etxerako bidean oztoporik ez! Txetxu ETXERa comparecencia en Atarrabia","datePublished":"2022-03-25T19:50:24+00:00","dateModified":"2022-03-26T18:02:33+00:00","mainEntityOfPage":{"@id":"https:\/\/sare.eus\/es\/etxerako-bidean-oztoporik-ez-txetxu-etxera\/"},"wordCount":480,"publisher":{"@id":"https:\/\/sare.eus\/#organization"},"image":{"@id":"https:\/\/sare.eus\/es\/etxerako-bidean-oztoporik-ez-txetxu-etxera\/#primaryimage"},"thumbnailUrl":"https:\/\/sare.eus\/wp-content\/uploads\/2022\/03\/IMG_20220325_204712_428.jpg","articleSection":["Pueblos"],"inLanguage":"es"},{"@type":"WebPage","@id":"https:\/\/sare.eus\/es\/etxerako-bidean-oztoporik-ez-txetxu-etxera\/","url":"https:\/\/sare.eus\/es\/etxerako-bidean-oztoporik-ez-txetxu-etxera\/","name":"Etxerako bidean oztoporik ez! Txetxu ETXERa comparecencia en Atarrabia - Sare Herritarra","isPartOf":{"@id":"https:\/\/sare.eus\/#website"},"primaryImageOfPage":{"@id":"https:\/\/sare.eus\/es\/etxerako-bidean-oztoporik-ez-txetxu-etxera\/#primaryimage"},"image":{"@id":"https:\/\/sare.eus\/es\/etxerako-bidean-oztoporik-ez-txetxu-etxera\/#primaryimage"},"thumbnailUrl":"https:\/\/sare.eus\/wp-content\/uploads\/2022\/03\/IMG_20220325_204712_428.jpg","datePublished":"2022-03-25T19:50:24+00:00","dateModified":"2022-03-26T18:02:33+00:00","breadcrumb":{"@id":"https:\/\/sare.eus\/es\/etxerako-bidean-oztoporik-ez-txetxu-etxera\/#breadcrumb"},"inLanguage":"es","potentialAction":[{"@type":"ReadAction","target":["https:\/\/sare.eus\/es\/etxerako-bidean-oztoporik-ez-txetxu-etxera\/"]}]},{"@type":"ImageObject","inLanguage":"es","@id":"https:\/\/sare.eus\/es\/etxerako-bidean-oztoporik-ez-txetxu-etxera\/#primaryimage","url":"https:\/\/sare.eus\/wp-content\/uploads\/2022\/03\/IMG_20220325_204712_428.jpg","contentUrl":"https:\/\/sare.eus\/wp-content\/uploads\/2022\/03\/IMG_20220325_204712_428.jpg","width":1280,"height":606},{"@type":"BreadcrumbList","@id":"https:\/\/sare.eus\/es\/etxerako-bidean-oztoporik-ez-txetxu-etxera\/#breadcrumb","itemListElement":[{"@type":"ListItem","position":1,"name":"Home","item":"https:\/\/sare.eus\/"},{"@type":"ListItem","position":2,"name":"Etxerako bidean oztoporik ez! Txetxu ETXERa comparecencia en Atarrabia"}]},{"@type":"WebSite","@id":"https:\/\/sare.eus\/#website","url":"https:\/\/sare.eus\/","name":"Sare Herritarra","description":"KONPONBIDEAREN ETA GIZA ESKUBIDEEN ALDEKO SARE HERRITARRA","publisher":{"@id":"https:\/\/sare.eus\/#organization"},"potentialAction":[{"@type":"SearchAction","target":{"@type":"EntryPoint","urlTemplate":"https:\/\/sare.eus\/?s={search_term_string}"},"query-input":{"@type":"PropertyValueSpecification","valueRequired":true,"valueName":"search_term_string"}}],"inLanguage":"es"},{"@type":"Organization","@id":"https:\/\/sare.eus\/#organization","name":"Sare Herritarra","url":"https:\/\/sare.eus\/","logo":{"@type":"ImageObject","inLanguage":"es","@id":"https:\/\/sare.eus\/#\/schema\/logo\/image\/","url":"https:\/\/sare.eus\/wp-content\/uploads\/2021\/08\/sare.png","contentUrl":"https:\/\/sare.eus\/wp-content\/uploads\/2021\/08\/sare.png","width":120,"height":142,"caption":"Sare Herritarra"},"image":{"@id":"https:\/\/sare.eus\/#\/schema\/logo\/image\/"}},{"@type":"Person","@id":"https:\/\/sare.eus\/#\/schema\/person\/2fe6d0df294f56313d3ab236dbe38e17","name":"sare","image":{"@type":"ImageObject","inLanguage":"es","@id":"https:\/\/sare.eus\/#\/schema\/person\/image\/","url":"https:\/\/secure.gravatar.com\/avatar\/77cad838677ceb1977e7b3c878b55eaa7fa4aae2158983063b047c3ad7ef2c25?s=96&d=mm&r=g","contentUrl":"https:\/\/secure.gravatar.com\/avatar\/77cad838677ceb1977e7b3c878b55eaa7fa4aae2158983063b047c3ad7ef2c25?s=96&d=mm&r=g","caption":"sare"},"url":"https:\/\/sare.eus\/es\/author\/sare\/"}]}},"_links":{"self":[{"href":"https:\/\/sare.eus\/es\/wp-json\/wp\/v2\/posts\/2879","targetHints":{"allow":["GET"]}}],"collection":[{"href":"https:\/\/sare.eus\/es\/wp-json\/wp\/v2\/posts"}],"about":[{"href":"https:\/\/sare.eus\/es\/wp-json\/wp\/v2\/types\/post"}],"author":[{"embeddable":true,"href":"https:\/\/sare.eus\/es\/wp-json\/wp\/v2\/users\/2"}],"replies":[{"embeddable":true,"href":"https:\/\/sare.eus\/es\/wp-json\/wp\/v2\/comments?post=2879"}],"version-history":[{"count":6,"href":"https:\/\/sare.eus\/es\/wp-json\/wp\/v2\/posts\/2879\/revisions"}],"predecessor-version":[{"id":2895,"href":"https:\/\/sare.eus\/es\/wp-json\/wp\/v2\/posts\/2879\/revisions\/2895"}],"wp:featuredmedia":[{"embeddable":true,"href":"https:\/\/sare.eus\/es\/wp-json\/wp\/v2\/media\/2888"}],"wp:attachment":[{"href":"https:\/\/sare.eus\/es\/wp-json\/wp\/v2\/media?parent=2879"}],"wp:term":[{"taxonomy":"category","embeddable":true,"href":"https:\/\/sare.eus\/es\/wp-json\/wp\/v2\/categories?post=2879"},{"taxonomy":"post_tag","embeddable":true,"href":"https:\/\/sare.eus\/es\/wp-json\/wp\/v2\/tags?post=2879"}],"curies":[{"name":"wp","href":"https:\/\/api.w.org\/{rel}","templated":true}]}}