{"id":2786,"date":"2022-03-12T08:25:00","date_gmt":"2022-03-12T08:25:00","guid":{"rendered":"https:\/\/sare.eus\/izan-bidea-dinamikaren-barruan-urriaren-8an-deialdi-jendetsu-bat-egingo-dugu\/"},"modified":"2022-03-15T08:45:01","modified_gmt":"2022-03-15T08:45:01","slug":"izan-bidea-dinamikaren-barruan-urriaren-8an-deialdi-jendetsu-bat-egingo-dugu","status":"publish","type":"post","link":"https:\/\/sare.eus\/es\/izan-bidea-dinamikaren-barruan-urriaren-8an-deialdi-jendetsu-bat-egingo-dugu\/","title":{"rendered":"DENTRO DE LA DIN\u00c1MICA IZAN BIDEA, EL 8 DE OCTUBRE HAREMOS UNA CONVOCATORIA MULTITUDINARIA"},"content":{"rendered":"\n<p>El 8 de octubre vamos a terminar el reto de los 3.127.326 kms. establecido en el marco de la din\u00e1mica <a href=\"https:\/\/sare.eus\/es\/dinamikak\/izan-bidea-es\/\" target=\"_blank\" rel=\"noreferrer noopener\">Izan Bidea.<\/a><\/p>\n\n\n\n<p>Queremos celebrar este d\u00eda el fin de los Kil\u00f3metros realizados para hacer el camino hacia la convivencia, hacia la paz y el de vuelta casa de presxs vascxs, haciendo juntos los \u00faltimos kil\u00f3metros con una movilizaci\u00f3n festiva de todo el d\u00eda.<\/p>\n\n\n\n<p>De momento podemos adelantar esto&#8230; \u00a1M\u00e1s info en los pr\u00f3ximos meses! <strong>\u00a1GUARDA LA FECHA!<\/strong><\/p>\n\n\n\n<figure class=\"wp-block-image size-large\"><img loading=\"lazy\" decoding=\"async\" width=\"723\" height=\"1024\" src=\"https:\/\/sare.eus\/wp-content\/uploads\/2022\/03\/URRIAK_8_digital_WEB-723x1024.jpg\" alt=\"\" class=\"wp-image-2779\" srcset=\"https:\/\/sare.eus\/wp-content\/uploads\/2022\/03\/URRIAK_8_digital_WEB-723x1024.jpg 723w, https:\/\/sare.eus\/wp-content\/uploads\/2022\/03\/URRIAK_8_digital_WEB-212x300.jpg 212w, https:\/\/sare.eus\/wp-content\/uploads\/2022\/03\/URRIAK_8_digital_WEB-768x1088.jpg 768w, https:\/\/sare.eus\/wp-content\/uploads\/2022\/03\/URRIAK_8_digital_WEB-1084x1536.jpg 1084w, https:\/\/sare.eus\/wp-content\/uploads\/2022\/03\/URRIAK_8_digital_WEB-1446x2048.jpg 1446w, https:\/\/sare.eus\/wp-content\/uploads\/2022\/03\/URRIAK_8_digital_WEB-1080x1530.jpg 1080w, https:\/\/sare.eus\/wp-content\/uploads\/2022\/03\/URRIAK_8_digital_WEB-scaled.jpg 1807w\" sizes=\"(max-width: 723px) 100vw, 723px\" \/><\/figure>\n\n\n\n<p><strong>8 de octubre| Donostia<\/strong><\/p>\n\n\n\n<p><strong>Etxera \u00b7 #bidea \u00b7 gertu<\/strong><\/p>\n\n\n\n<p>Mobilizazio Orokorra <\/p>\n\n\n\n<p>11:00 \u00b7 Bulebarra \u00b7 Azken km-ak<\/p>\n\n\n\n<p>12:00 \u00b7 Pio XII \u00b7 Manifestazioa <\/p>\n\n\n\n<figure class=\"wp-block-embed is-type-rich is-provider-twitter wp-block-embed-twitter\"><div class=\"wp-block-embed__wrapper\">\n<blockquote class=\"twitter-tweet\" data-width=\"550\" data-dnt=\"true\"><p lang=\"es\" dir=\"ltr\">En su asamblea general anual, SARE ha advertido de que a estas personas se les pide actitudes que &quot;no est\u00e1n recogidas en la Ley&quot;, desautorizando el trabajo de las juntas de tratamiento de las c\u00e1rceles. <a href=\"https:\/\/t.co\/myCShMgVWu\">https:\/\/t.co\/myCShMgVWu<\/a> <a href=\"https:\/\/twitter.com\/eitbNoticias?ref_src=twsrc%5Etfw\">@eitbNoticias<\/a> <a href=\"https:\/\/t.co\/tnEAfUTNqx\">pic.twitter.com\/tnEAfUTNqx<\/a><\/p>&mdash; Sare #IzanBidea \u2197\ufe0f (@sare_herritarra) <a href=\"https:\/\/twitter.com\/sare_herritarra\/status\/1502972742001258496?ref_src=twsrc%5Etfw\">March 13, 2022<\/a><\/blockquote><script async src=\"https:\/\/platform.twitter.com\/widgets.js\" charset=\"utf-8\"><\/script>\n<\/div><\/figure>\n\n\n\n<figure class=\"wp-block-embed is-type-rich is-provider-twitter wp-block-embed-twitter\"><div class=\"wp-block-embed__wrapper\">\n<blockquote class=\"twitter-tweet\" data-width=\"550\" data-dnt=\"true\"><p lang=\"eu\" dir=\"ltr\">Legea eta elkarrekin aritzea aurrera egiteko tresnak direla nabarmendu du Sarek  <a href=\"https:\/\/t.co\/5gA33KQWL3\">https:\/\/t.co\/5gA33KQWL3<\/a><br><br>Bere zazpigarren urteko batzarra egin du Sarek gaur Donostian <a href=\"https:\/\/t.co\/RAC2nNnlG8\">pic.twitter.com\/RAC2nNnlG8<\/a><\/p>&mdash; naiz: (@naiz_info) <a href=\"https:\/\/twitter.com\/naiz_info\/status\/1502610055262310400?ref_src=twsrc%5Etfw\">March 12, 2022<\/a><\/blockquote><script async src=\"https:\/\/platform.twitter.com\/widgets.js\" charset=\"utf-8\"><\/script>\n<\/div><\/figure>\n","protected":false},"excerpt":{"rendered":"<p>El 8 de octubre vamos a terminar el reto de los 3.127.326 kms. establecido en el marco de la din\u00e1mica Izan Bidea. Queremos celebrar este d\u00eda el fin de los [&hellip;]<\/p>\n","protected":false},"author":2,"featured_media":2781,"comment_status":"closed","ping_status":"closed","sticky":false,"template":"","format":"standard","meta":{"_acf_changed":false,"_et_pb_use_builder":"off","_et_pb_old_content":"","_et_gb_content_width":"","footnotes":""},"categories":[60],"tags":[],"class_list":["post-2786","post","type-post","status-publish","format-standard","has-post-thumbnail","hentry","category-etxera-es","et-has-post-format-content","et_post_format-et-post-format-standard"],"acf":[],"yoast_head":"<!-- This site is optimized with the Yoast SEO plugin v26.4 - https:\/\/yoast.com\/wordpress\/plugins\/seo\/ -->\n<title>DENTRO DE LA DIN\u00c1MICA IZAN BIDEA, EL 8 DE OCTUBRE HAREMOS UNA CONVOCATORIA MULTITUDINARIA - Sare Herritarra<\/title>\n<meta name=\"robots\" content=\"index, follow, max-snippet:-1, max-image-preview:large, max-video-preview:-1\" \/>\n<link rel=\"canonical\" href=\"https:\/\/sare.eus\/es\/izan-bidea-dinamikaren-barruan-urriaren-8an-deialdi-jendetsu-bat-egingo-dugu\/\" \/>\n<meta property=\"og:locale\" content=\"es_ES\" \/>\n<meta property=\"og:type\" content=\"article\" \/>\n<meta property=\"og:title\" content=\"DENTRO DE LA DIN\u00c1MICA IZAN BIDEA, EL 8 DE OCTUBRE HAREMOS UNA CONVOCATORIA MULTITUDINARIA - Sare Herritarra\" \/>\n<meta property=\"og:description\" content=\"El 8 de octubre vamos a terminar el reto de los 3.127.326 kms. establecido en el marco de la din\u00e1mica Izan Bidea. Queremos celebrar este d\u00eda el fin de los [&hellip;]\" \/>\n<meta property=\"og:url\" content=\"https:\/\/sare.eus\/es\/izan-bidea-dinamikaren-barruan-urriaren-8an-deialdi-jendetsu-bat-egingo-dugu\/\" \/>\n<meta property=\"og:site_name\" content=\"Sare Herritarra\" \/>\n<meta property=\"article:published_time\" content=\"2022-03-12T08:25:00+00:00\" \/>\n<meta property=\"article:modified_time\" content=\"2022-03-15T08:45:01+00:00\" \/>\n<meta property=\"og:image\" content=\"https:\/\/sare.eus\/wp-content\/uploads\/2022\/03\/photo_2022-03-15_09-18-30.jpg\" \/>\n\t<meta property=\"og:image:width\" content=\"1280\" \/>\n\t<meta property=\"og:image:height\" content=\"768\" \/>\n\t<meta property=\"og:image:type\" content=\"image\/jpeg\" \/>\n<meta name=\"author\" content=\"sare\" \/>\n<meta name=\"twitter:card\" content=\"summary_large_image\" \/>\n<meta name=\"twitter:label1\" content=\"Escrito por\" \/>\n\t<meta name=\"twitter:data1\" content=\"sare\" \/>\n\t<meta name=\"twitter:label2\" content=\"Tiempo de lectura\" \/>\n\t<meta name=\"twitter:data2\" content=\"1 minuto\" \/>\n<script type=\"application\/ld+json\" class=\"yoast-schema-graph\">{\"@context\":\"https:\/\/schema.org\",\"@graph\":[{\"@type\":\"Article\",\"@id\":\"https:\/\/sare.eus\/es\/izan-bidea-dinamikaren-barruan-urriaren-8an-deialdi-jendetsu-bat-egingo-dugu\/#article\",\"isPartOf\":{\"@id\":\"https:\/\/sare.eus\/es\/izan-bidea-dinamikaren-barruan-urriaren-8an-deialdi-jendetsu-bat-egingo-dugu\/\"},\"author\":{\"name\":\"sare\",\"@id\":\"https:\/\/sare.eus\/#\/schema\/person\/2fe6d0df294f56313d3ab236dbe38e17\"},\"headline\":\"DENTRO DE LA DIN\u00c1MICA IZAN BIDEA, EL 8 DE OCTUBRE HAREMOS UNA CONVOCATORIA MULTITUDINARIA\",\"datePublished\":\"2022-03-12T08:25:00+00:00\",\"dateModified\":\"2022-03-15T08:45:01+00:00\",\"mainEntityOfPage\":{\"@id\":\"https:\/\/sare.eus\/es\/izan-bidea-dinamikaren-barruan-urriaren-8an-deialdi-jendetsu-bat-egingo-dugu\/\"},\"wordCount\":134,\"publisher\":{\"@id\":\"https:\/\/sare.eus\/#organization\"},\"image\":{\"@id\":\"https:\/\/sare.eus\/es\/izan-bidea-dinamikaren-barruan-urriaren-8an-deialdi-jendetsu-bat-egingo-dugu\/#primaryimage\"},\"thumbnailUrl\":\"https:\/\/sare.eus\/wp-content\/uploads\/2022\/03\/photo_2022-03-15_09-18-30.jpg\",\"articleSection\":[\"Etxera\"],\"inLanguage\":\"es\"},{\"@type\":\"WebPage\",\"@id\":\"https:\/\/sare.eus\/es\/izan-bidea-dinamikaren-barruan-urriaren-8an-deialdi-jendetsu-bat-egingo-dugu\/\",\"url\":\"https:\/\/sare.eus\/es\/izan-bidea-dinamikaren-barruan-urriaren-8an-deialdi-jendetsu-bat-egingo-dugu\/\",\"name\":\"DENTRO DE LA DIN\u00c1MICA IZAN BIDEA, EL 8 DE OCTUBRE HAREMOS UNA CONVOCATORIA MULTITUDINARIA - Sare Herritarra\",\"isPartOf\":{\"@id\":\"https:\/\/sare.eus\/#website\"},\"primaryImageOfPage\":{\"@id\":\"https:\/\/sare.eus\/es\/izan-bidea-dinamikaren-barruan-urriaren-8an-deialdi-jendetsu-bat-egingo-dugu\/#primaryimage\"},\"image\":{\"@id\":\"https:\/\/sare.eus\/es\/izan-bidea-dinamikaren-barruan-urriaren-8an-deialdi-jendetsu-bat-egingo-dugu\/#primaryimage\"},\"thumbnailUrl\":\"https:\/\/sare.eus\/wp-content\/uploads\/2022\/03\/photo_2022-03-15_09-18-30.jpg\",\"datePublished\":\"2022-03-12T08:25:00+00:00\",\"dateModified\":\"2022-03-15T08:45:01+00:00\",\"breadcrumb\":{\"@id\":\"https:\/\/sare.eus\/es\/izan-bidea-dinamikaren-barruan-urriaren-8an-deialdi-jendetsu-bat-egingo-dugu\/#breadcrumb\"},\"inLanguage\":\"es\",\"potentialAction\":[{\"@type\":\"ReadAction\",\"target\":[\"https:\/\/sare.eus\/es\/izan-bidea-dinamikaren-barruan-urriaren-8an-deialdi-jendetsu-bat-egingo-dugu\/\"]}]},{\"@type\":\"ImageObject\",\"inLanguage\":\"es\",\"@id\":\"https:\/\/sare.eus\/es\/izan-bidea-dinamikaren-barruan-urriaren-8an-deialdi-jendetsu-bat-egingo-dugu\/#primaryimage\",\"url\":\"https:\/\/sare.eus\/wp-content\/uploads\/2022\/03\/photo_2022-03-15_09-18-30.jpg\",\"contentUrl\":\"https:\/\/sare.eus\/wp-content\/uploads\/2022\/03\/photo_2022-03-15_09-18-30.jpg\",\"width\":1280,\"height\":768},{\"@type\":\"BreadcrumbList\",\"@id\":\"https:\/\/sare.eus\/es\/izan-bidea-dinamikaren-barruan-urriaren-8an-deialdi-jendetsu-bat-egingo-dugu\/#breadcrumb\",\"itemListElement\":[{\"@type\":\"ListItem\",\"position\":1,\"name\":\"Home\",\"item\":\"https:\/\/sare.eus\/\"},{\"@type\":\"ListItem\",\"position\":2,\"name\":\"DENTRO DE LA DIN\u00c1MICA IZAN BIDEA, EL 8 DE OCTUBRE HAREMOS UNA CONVOCATORIA MULTITUDINARIA\"}]},{\"@type\":\"WebSite\",\"@id\":\"https:\/\/sare.eus\/#website\",\"url\":\"https:\/\/sare.eus\/\",\"name\":\"Sare Herritarra\",\"description\":\"KONPONBIDEAREN ETA GIZA ESKUBIDEEN ALDEKO SARE HERRITARRA\",\"publisher\":{\"@id\":\"https:\/\/sare.eus\/#organization\"},\"potentialAction\":[{\"@type\":\"SearchAction\",\"target\":{\"@type\":\"EntryPoint\",\"urlTemplate\":\"https:\/\/sare.eus\/?s={search_term_string}\"},\"query-input\":{\"@type\":\"PropertyValueSpecification\",\"valueRequired\":true,\"valueName\":\"search_term_string\"}}],\"inLanguage\":\"es\"},{\"@type\":\"Organization\",\"@id\":\"https:\/\/sare.eus\/#organization\",\"name\":\"Sare Herritarra\",\"url\":\"https:\/\/sare.eus\/\",\"logo\":{\"@type\":\"ImageObject\",\"inLanguage\":\"es\",\"@id\":\"https:\/\/sare.eus\/#\/schema\/logo\/image\/\",\"url\":\"https:\/\/sare.eus\/wp-content\/uploads\/2021\/08\/sare.png\",\"contentUrl\":\"https:\/\/sare.eus\/wp-content\/uploads\/2021\/08\/sare.png\",\"width\":120,\"height\":142,\"caption\":\"Sare Herritarra\"},\"image\":{\"@id\":\"https:\/\/sare.eus\/#\/schema\/logo\/image\/\"}},{\"@type\":\"Person\",\"@id\":\"https:\/\/sare.eus\/#\/schema\/person\/2fe6d0df294f56313d3ab236dbe38e17\",\"name\":\"sare\",\"image\":{\"@type\":\"ImageObject\",\"inLanguage\":\"es\",\"@id\":\"https:\/\/sare.eus\/#\/schema\/person\/image\/\",\"url\":\"https:\/\/secure.gravatar.com\/avatar\/77cad838677ceb1977e7b3c878b55eaa7fa4aae2158983063b047c3ad7ef2c25?s=96&d=mm&r=g\",\"contentUrl\":\"https:\/\/secure.gravatar.com\/avatar\/77cad838677ceb1977e7b3c878b55eaa7fa4aae2158983063b047c3ad7ef2c25?s=96&d=mm&r=g\",\"caption\":\"sare\"},\"url\":\"https:\/\/sare.eus\/es\/author\/sare\/\"}]}<\/script>\n<!-- \/ Yoast SEO plugin. -->","yoast_head_json":{"title":"DENTRO DE LA DIN\u00c1MICA IZAN BIDEA, EL 8 DE OCTUBRE HAREMOS UNA CONVOCATORIA MULTITUDINARIA - Sare Herritarra","robots":{"index":"index","follow":"follow","max-snippet":"max-snippet:-1","max-image-preview":"max-image-preview:large","max-video-preview":"max-video-preview:-1"},"canonical":"https:\/\/sare.eus\/es\/izan-bidea-dinamikaren-barruan-urriaren-8an-deialdi-jendetsu-bat-egingo-dugu\/","og_locale":"es_ES","og_type":"article","og_title":"DENTRO DE LA DIN\u00c1MICA IZAN BIDEA, EL 8 DE OCTUBRE HAREMOS UNA CONVOCATORIA MULTITUDINARIA - Sare Herritarra","og_description":"El 8 de octubre vamos a terminar el reto de los 3.127.326 kms. establecido en el marco de la din\u00e1mica Izan Bidea. Queremos celebrar este d\u00eda el fin de los [&hellip;]","og_url":"https:\/\/sare.eus\/es\/izan-bidea-dinamikaren-barruan-urriaren-8an-deialdi-jendetsu-bat-egingo-dugu\/","og_site_name":"Sare Herritarra","article_published_time":"2022-03-12T08:25:00+00:00","article_modified_time":"2022-03-15T08:45:01+00:00","og_image":[{"width":1280,"height":768,"url":"https:\/\/sare.eus\/wp-content\/uploads\/2022\/03\/photo_2022-03-15_09-18-30.jpg","type":"image\/jpeg"}],"author":"sare","twitter_card":"summary_large_image","twitter_misc":{"Escrito por":"sare","Tiempo de lectura":"1 minuto"},"schema":{"@context":"https:\/\/schema.org","@graph":[{"@type":"Article","@id":"https:\/\/sare.eus\/es\/izan-bidea-dinamikaren-barruan-urriaren-8an-deialdi-jendetsu-bat-egingo-dugu\/#article","isPartOf":{"@id":"https:\/\/sare.eus\/es\/izan-bidea-dinamikaren-barruan-urriaren-8an-deialdi-jendetsu-bat-egingo-dugu\/"},"author":{"name":"sare","@id":"https:\/\/sare.eus\/#\/schema\/person\/2fe6d0df294f56313d3ab236dbe38e17"},"headline":"DENTRO DE LA DIN\u00c1MICA IZAN BIDEA, EL 8 DE OCTUBRE HAREMOS UNA CONVOCATORIA MULTITUDINARIA","datePublished":"2022-03-12T08:25:00+00:00","dateModified":"2022-03-15T08:45:01+00:00","mainEntityOfPage":{"@id":"https:\/\/sare.eus\/es\/izan-bidea-dinamikaren-barruan-urriaren-8an-deialdi-jendetsu-bat-egingo-dugu\/"},"wordCount":134,"publisher":{"@id":"https:\/\/sare.eus\/#organization"},"image":{"@id":"https:\/\/sare.eus\/es\/izan-bidea-dinamikaren-barruan-urriaren-8an-deialdi-jendetsu-bat-egingo-dugu\/#primaryimage"},"thumbnailUrl":"https:\/\/sare.eus\/wp-content\/uploads\/2022\/03\/photo_2022-03-15_09-18-30.jpg","articleSection":["Etxera"],"inLanguage":"es"},{"@type":"WebPage","@id":"https:\/\/sare.eus\/es\/izan-bidea-dinamikaren-barruan-urriaren-8an-deialdi-jendetsu-bat-egingo-dugu\/","url":"https:\/\/sare.eus\/es\/izan-bidea-dinamikaren-barruan-urriaren-8an-deialdi-jendetsu-bat-egingo-dugu\/","name":"DENTRO DE LA DIN\u00c1MICA IZAN BIDEA, EL 8 DE OCTUBRE HAREMOS UNA CONVOCATORIA MULTITUDINARIA - Sare Herritarra","isPartOf":{"@id":"https:\/\/sare.eus\/#website"},"primaryImageOfPage":{"@id":"https:\/\/sare.eus\/es\/izan-bidea-dinamikaren-barruan-urriaren-8an-deialdi-jendetsu-bat-egingo-dugu\/#primaryimage"},"image":{"@id":"https:\/\/sare.eus\/es\/izan-bidea-dinamikaren-barruan-urriaren-8an-deialdi-jendetsu-bat-egingo-dugu\/#primaryimage"},"thumbnailUrl":"https:\/\/sare.eus\/wp-content\/uploads\/2022\/03\/photo_2022-03-15_09-18-30.jpg","datePublished":"2022-03-12T08:25:00+00:00","dateModified":"2022-03-15T08:45:01+00:00","breadcrumb":{"@id":"https:\/\/sare.eus\/es\/izan-bidea-dinamikaren-barruan-urriaren-8an-deialdi-jendetsu-bat-egingo-dugu\/#breadcrumb"},"inLanguage":"es","potentialAction":[{"@type":"ReadAction","target":["https:\/\/sare.eus\/es\/izan-bidea-dinamikaren-barruan-urriaren-8an-deialdi-jendetsu-bat-egingo-dugu\/"]}]},{"@type":"ImageObject","inLanguage":"es","@id":"https:\/\/sare.eus\/es\/izan-bidea-dinamikaren-barruan-urriaren-8an-deialdi-jendetsu-bat-egingo-dugu\/#primaryimage","url":"https:\/\/sare.eus\/wp-content\/uploads\/2022\/03\/photo_2022-03-15_09-18-30.jpg","contentUrl":"https:\/\/sare.eus\/wp-content\/uploads\/2022\/03\/photo_2022-03-15_09-18-30.jpg","width":1280,"height":768},{"@type":"BreadcrumbList","@id":"https:\/\/sare.eus\/es\/izan-bidea-dinamikaren-barruan-urriaren-8an-deialdi-jendetsu-bat-egingo-dugu\/#breadcrumb","itemListElement":[{"@type":"ListItem","position":1,"name":"Home","item":"https:\/\/sare.eus\/"},{"@type":"ListItem","position":2,"name":"DENTRO DE LA DIN\u00c1MICA IZAN BIDEA, EL 8 DE OCTUBRE HAREMOS UNA CONVOCATORIA MULTITUDINARIA"}]},{"@type":"WebSite","@id":"https:\/\/sare.eus\/#website","url":"https:\/\/sare.eus\/","name":"Sare Herritarra","description":"KONPONBIDEAREN ETA GIZA ESKUBIDEEN ALDEKO SARE HERRITARRA","publisher":{"@id":"https:\/\/sare.eus\/#organization"},"potentialAction":[{"@type":"SearchAction","target":{"@type":"EntryPoint","urlTemplate":"https:\/\/sare.eus\/?s={search_term_string}"},"query-input":{"@type":"PropertyValueSpecification","valueRequired":true,"valueName":"search_term_string"}}],"inLanguage":"es"},{"@type":"Organization","@id":"https:\/\/sare.eus\/#organization","name":"Sare Herritarra","url":"https:\/\/sare.eus\/","logo":{"@type":"ImageObject","inLanguage":"es","@id":"https:\/\/sare.eus\/#\/schema\/logo\/image\/","url":"https:\/\/sare.eus\/wp-content\/uploads\/2021\/08\/sare.png","contentUrl":"https:\/\/sare.eus\/wp-content\/uploads\/2021\/08\/sare.png","width":120,"height":142,"caption":"Sare Herritarra"},"image":{"@id":"https:\/\/sare.eus\/#\/schema\/logo\/image\/"}},{"@type":"Person","@id":"https:\/\/sare.eus\/#\/schema\/person\/2fe6d0df294f56313d3ab236dbe38e17","name":"sare","image":{"@type":"ImageObject","inLanguage":"es","@id":"https:\/\/sare.eus\/#\/schema\/person\/image\/","url":"https:\/\/secure.gravatar.com\/avatar\/77cad838677ceb1977e7b3c878b55eaa7fa4aae2158983063b047c3ad7ef2c25?s=96&d=mm&r=g","contentUrl":"https:\/\/secure.gravatar.com\/avatar\/77cad838677ceb1977e7b3c878b55eaa7fa4aae2158983063b047c3ad7ef2c25?s=96&d=mm&r=g","caption":"sare"},"url":"https:\/\/sare.eus\/es\/author\/sare\/"}]}},"_links":{"self":[{"href":"https:\/\/sare.eus\/es\/wp-json\/wp\/v2\/posts\/2786","targetHints":{"allow":["GET"]}}],"collection":[{"href":"https:\/\/sare.eus\/es\/wp-json\/wp\/v2\/posts"}],"about":[{"href":"https:\/\/sare.eus\/es\/wp-json\/wp\/v2\/types\/post"}],"author":[{"embeddable":true,"href":"https:\/\/sare.eus\/es\/wp-json\/wp\/v2\/users\/2"}],"replies":[{"embeddable":true,"href":"https:\/\/sare.eus\/es\/wp-json\/wp\/v2\/comments?post=2786"}],"version-history":[{"count":4,"href":"https:\/\/sare.eus\/es\/wp-json\/wp\/v2\/posts\/2786\/revisions"}],"predecessor-version":[{"id":2795,"href":"https:\/\/sare.eus\/es\/wp-json\/wp\/v2\/posts\/2786\/revisions\/2795"}],"wp:featuredmedia":[{"embeddable":true,"href":"https:\/\/sare.eus\/es\/wp-json\/wp\/v2\/media\/2781"}],"wp:attachment":[{"href":"https:\/\/sare.eus\/es\/wp-json\/wp\/v2\/media?parent=2786"}],"wp:term":[{"taxonomy":"category","embeddable":true,"href":"https:\/\/sare.eus\/es\/wp-json\/wp\/v2\/categories?post=2786"},{"taxonomy":"post_tag","embeddable":true,"href":"https:\/\/sare.eus\/es\/wp-json\/wp\/v2\/tags?post=2786"}],"curies":[{"name":"wp","href":"https:\/\/api.w.org\/{rel}","templated":true}]}}