{"id":2597,"date":"2022-02-21T11:40:24","date_gmt":"2022-02-21T11:40:24","guid":{"rendered":"https:\/\/sare.eus\/?p=2597"},"modified":"2022-02-21T11:56:23","modified_gmt":"2022-02-21T11:56:23","slug":"mikel-otegi-presoaren-egoera-salatzeko-giza-katea-egin-zuten-itsasondotik-ordiziara-eta-elkarretaratzea-ondarrun","status":"publish","type":"post","link":"https:\/\/sare.eus\/es\/mikel-otegi-presoaren-egoera-salatzeko-giza-katea-egin-zuten-itsasondotik-ordiziara-eta-elkarretaratzea-ondarrun\/","title":{"rendered":"UNA CADENA HUMANA DESDE ITSASONDO HASTA ORDIZIA PARA DENUNCIAR LA SITUACI\u00d3N DEL PRESO MIKEL OTEGI Y UNA CONCENTRACI\u00d3N EN ONDARRu"},"content":{"rendered":"\n<p>Movilizaciones para denunciar la hospitalizaci\u00f3n del preso Mikel Otegi y reivindicar su vuelta a casa desde Itsasondo hasta Ordizia y tambi\u00e9n una concentraci\u00f3n en Ondarru. El mal y la c\u00e1rcel son incompatibles.<strong> \u00a1Presos gravemente enfermos a casa!<\/strong><\/p>\n\n\n\n<p><\/p>\n\n\n<hr \/>\n\n\n<div class=\"wp-block-columns is-layout-flex wp-container-core-columns-is-layout-9d6595d7 wp-block-columns-is-layout-flex\">\n<div class=\"wp-block-column is-layout-flow wp-block-column-is-layout-flow\" style=\"flex-basis:100%\">\n<div class=\"wp-block-group is-layout-flow wp-block-group-is-layout-flow\">\n<div class=\"wp-block-columns is-layout-flex wp-container-core-columns-is-layout-9d6595d7 wp-block-columns-is-layout-flex\">\n<div class=\"wp-block-column is-layout-flow wp-block-column-is-layout-flow\" style=\"flex-basis:100%\">\n<figure class=\"wp-block-gallery columns-3 is-cropped wp-block-gallery-1 is-layout-flex wp-block-gallery-is-layout-flex\"><ul class=\"blocks-gallery-grid\"><li class=\"blocks-gallery-item\"><figure><img loading=\"lazy\" decoding=\"async\" width=\"1024\" height=\"768\" src=\"https:\/\/sare.eus\/wp-content\/uploads\/2022\/02\/FL-NCssXIAMFvgc-1024x768.jpg\" alt=\"\" data-id=\"2602\" data-full-url=\"https:\/\/sare.eus\/wp-content\/uploads\/2022\/02\/FL-NCssXIAMFvgc.jpg\" data-link=\"https:\/\/sare.eus\/es\/?attachment_id=2602\" class=\"wp-image-2602\" srcset=\"https:\/\/sare.eus\/wp-content\/uploads\/2022\/02\/FL-NCssXIAMFvgc-1024x768.jpg 1024w, https:\/\/sare.eus\/wp-content\/uploads\/2022\/02\/FL-NCssXIAMFvgc-300x225.jpg 300w, https:\/\/sare.eus\/wp-content\/uploads\/2022\/02\/FL-NCssXIAMFvgc-768x576.jpg 768w, https:\/\/sare.eus\/wp-content\/uploads\/2022\/02\/FL-NCssXIAMFvgc-1536x1152.jpg 1536w, https:\/\/sare.eus\/wp-content\/uploads\/2022\/02\/FL-NCssXIAMFvgc-1080x810.jpg 1080w, https:\/\/sare.eus\/wp-content\/uploads\/2022\/02\/FL-NCssXIAMFvgc.jpg 1800w\" sizes=\"(max-width: 1024px) 100vw, 1024px\" \/><figcaption class=\"blocks-gallery-item__caption\"> Itsasondotik Ordiziara<\/figcaption><\/figure><\/li><li class=\"blocks-gallery-item\"><figure><img loading=\"lazy\" decoding=\"async\" width=\"1024\" height=\"768\" src=\"https:\/\/sare.eus\/wp-content\/uploads\/2022\/02\/FL-NDlvXEAMZwQ9-1024x768.jpg\" alt=\"\" data-id=\"2604\" data-full-url=\"https:\/\/sare.eus\/wp-content\/uploads\/2022\/02\/FL-NDlvXEAMZwQ9.jpg\" data-link=\"https:\/\/sare.eus\/es\/?attachment_id=2604\" class=\"wp-image-2604\" srcset=\"https:\/\/sare.eus\/wp-content\/uploads\/2022\/02\/FL-NDlvXEAMZwQ9-1024x768.jpg 1024w, https:\/\/sare.eus\/wp-content\/uploads\/2022\/02\/FL-NDlvXEAMZwQ9-300x225.jpg 300w, https:\/\/sare.eus\/wp-content\/uploads\/2022\/02\/FL-NDlvXEAMZwQ9-768x576.jpg 768w, https:\/\/sare.eus\/wp-content\/uploads\/2022\/02\/FL-NDlvXEAMZwQ9-1536x1152.jpg 1536w, https:\/\/sare.eus\/wp-content\/uploads\/2022\/02\/FL-NDlvXEAMZwQ9-1080x810.jpg 1080w, https:\/\/sare.eus\/wp-content\/uploads\/2022\/02\/FL-NDlvXEAMZwQ9.jpg 1800w\" sizes=\"(max-width: 1024px) 100vw, 1024px\" \/><figcaption class=\"blocks-gallery-item__caption\"> Itsasondotik Ordiziara<\/figcaption><\/figure><\/li><li class=\"blocks-gallery-item\"><figure><img loading=\"lazy\" decoding=\"async\" width=\"680\" height=\"510\" src=\"https:\/\/sare.eus\/wp-content\/uploads\/2022\/02\/FMDEXUVXEAQCvgH.jpg\" alt=\"\" data-id=\"2606\" data-full-url=\"https:\/\/sare.eus\/wp-content\/uploads\/2022\/02\/FMDEXUVXEAQCvgH.jpg\" data-link=\"https:\/\/sare.eus\/es\/?attachment_id=2606\" class=\"wp-image-2606\" srcset=\"https:\/\/sare.eus\/wp-content\/uploads\/2022\/02\/FMDEXUVXEAQCvgH.jpg 680w, https:\/\/sare.eus\/wp-content\/uploads\/2022\/02\/FMDEXUVXEAQCvgH-300x225.jpg 300w\" sizes=\"(max-width: 680px) 100vw, 680px\" \/><figcaption class=\"blocks-gallery-item__caption\">Ondarru <\/figcaption><\/figure><\/li><\/ul><\/figure>\n<\/div>\n<\/div>\n<\/div>\n<\/div>\n<\/div>\n\n\n\n<div class=\"wp-block-group is-layout-flow wp-block-group-is-layout-flow\">\n<div class=\"wp-block-columns is-layout-flex wp-container-core-columns-is-layout-9d6595d7 wp-block-columns-is-layout-flex\">\n<div class=\"wp-block-column is-layout-flow wp-block-column-is-layout-flow\" style=\"flex-basis:100%\">\n<figure class=\"wp-block-embed is-type-rich is-provider-twitter wp-block-embed-twitter\"><div class=\"wp-block-embed__wrapper\">\nhttps:\/\/twitter.com\/GITBinfo\/status\/1495695645029638147?s=20&#038;t=_CDJUYZnlic3oeiErc5ljA\n<\/div><\/figure>\n\n\n\n<figure class=\"wp-block-embed is-type-rich is-provider-twitter wp-block-embed-twitter\"><div class=\"wp-block-embed__wrapper\">\nhttps:\/\/twitter.com\/GipuzkoaSare\/status\/1495726669021208579?s=20&#038;t=C0X09CbQ84i3txiAwI0s-A\n<\/div><\/figure>\n<\/div>\n<\/div>\n<\/div>\n\n\n\n<figure class=\"wp-block-embed is-type-rich is-provider-twitter wp-block-embed-twitter\"><div class=\"wp-block-embed__wrapper\">\n<blockquote class=\"twitter-tweet\" data-width=\"550\" data-dnt=\"true\"><p lang=\"es\" dir=\"ltr\">El preso Mikel Otegi, gravemente enfermo, ha sido hospitalizado por una tuberculosis <a href=\"https:\/\/t.co\/dmaBicpdAV\">https:\/\/t.co\/dmaBicpdAV<\/a><br>Etxerat pide su excarcelaci\u00f3n <a href=\"https:\/\/t.co\/7mCmi7Qwcx\">pic.twitter.com\/7mCmi7Qwcx<\/a><\/p>&mdash; naiz: (@naiz_info) <a href=\"https:\/\/twitter.com\/naiz_info\/status\/1493586864808337413?ref_src=twsrc%5Etfw\">February 15, 2022<\/a><\/blockquote><script async src=\"https:\/\/platform.twitter.com\/widgets.js\" charset=\"utf-8\"><\/script>\n<\/div><\/figure>\n","protected":false},"excerpt":{"rendered":"<p>Movilizaciones para denunciar la hospitalizaci\u00f3n del preso Mikel Otegi y reivindicar su vuelta a casa desde Itsasondo hasta Ordizia y tambi\u00e9n una concentraci\u00f3n en Ondarru. El mal y la c\u00e1rcel [&hellip;]<\/p>\n","protected":false},"author":2,"featured_media":2600,"comment_status":"closed","ping_status":"closed","sticky":false,"template":"","format":"standard","meta":{"_acf_changed":false,"_et_pb_use_builder":"off","_et_pb_old_content":"","_et_gb_content_width":"","footnotes":""},"categories":[64],"tags":[],"class_list":["post-2597","post","type-post","status-publish","format-standard","has-post-thumbnail","hentry","category-enfermos-graves","et-has-post-format-content","et_post_format-et-post-format-standard"],"acf":[],"yoast_head":"<!-- This site is optimized with the Yoast SEO plugin v26.4 - https:\/\/yoast.com\/wordpress\/plugins\/seo\/ -->\n<title>UNA CADENA HUMANA DESDE ITSASONDO HASTA ORDIZIA PARA DENUNCIAR LA SITUACI\u00d3N DEL PRESO MIKEL OTEGI Y UNA CONCENTRACI\u00d3N EN ONDARRu - Sare Herritarra<\/title>\n<meta name=\"robots\" content=\"index, follow, max-snippet:-1, max-image-preview:large, max-video-preview:-1\" \/>\n<link rel=\"canonical\" href=\"https:\/\/sare.eus\/es\/mikel-otegi-presoaren-egoera-salatzeko-giza-katea-egin-zuten-itsasondotik-ordiziara-eta-elkarretaratzea-ondarrun\/\" \/>\n<meta property=\"og:locale\" content=\"es_ES\" \/>\n<meta property=\"og:type\" content=\"article\" \/>\n<meta property=\"og:title\" content=\"UNA CADENA HUMANA DESDE ITSASONDO HASTA ORDIZIA PARA DENUNCIAR LA SITUACI\u00d3N DEL PRESO MIKEL OTEGI Y UNA CONCENTRACI\u00d3N EN ONDARRu - Sare Herritarra\" \/>\n<meta property=\"og:description\" content=\"Movilizaciones para denunciar la hospitalizaci\u00f3n del preso Mikel Otegi y reivindicar su vuelta a casa desde Itsasondo hasta Ordizia y tambi\u00e9n una concentraci\u00f3n en Ondarru. El mal y la c\u00e1rcel [&hellip;]\" \/>\n<meta property=\"og:url\" content=\"https:\/\/sare.eus\/es\/mikel-otegi-presoaren-egoera-salatzeko-giza-katea-egin-zuten-itsasondotik-ordiziara-eta-elkarretaratzea-ondarrun\/\" \/>\n<meta property=\"og:site_name\" content=\"Sare Herritarra\" \/>\n<meta property=\"article:published_time\" content=\"2022-02-21T11:40:24+00:00\" \/>\n<meta property=\"article:modified_time\" content=\"2022-02-21T11:56:23+00:00\" \/>\n<meta property=\"og:image\" content=\"https:\/\/sare.eus\/wp-content\/uploads\/2022\/02\/FL-NBgKWYAsCDki.jpg\" \/>\n\t<meta property=\"og:image:width\" content=\"1800\" \/>\n\t<meta property=\"og:image:height\" content=\"1200\" \/>\n\t<meta property=\"og:image:type\" content=\"image\/jpeg\" \/>\n<meta name=\"author\" content=\"sare\" \/>\n<meta name=\"twitter:card\" content=\"summary_large_image\" \/>\n<meta name=\"twitter:label1\" content=\"Escrito por\" \/>\n\t<meta name=\"twitter:data1\" content=\"sare\" \/>\n\t<meta name=\"twitter:label2\" content=\"Tiempo de lectura\" \/>\n\t<meta name=\"twitter:data2\" content=\"1 minuto\" \/>\n<script type=\"application\/ld+json\" class=\"yoast-schema-graph\">{\"@context\":\"https:\/\/schema.org\",\"@graph\":[{\"@type\":\"Article\",\"@id\":\"https:\/\/sare.eus\/es\/mikel-otegi-presoaren-egoera-salatzeko-giza-katea-egin-zuten-itsasondotik-ordiziara-eta-elkarretaratzea-ondarrun\/#article\",\"isPartOf\":{\"@id\":\"https:\/\/sare.eus\/es\/mikel-otegi-presoaren-egoera-salatzeko-giza-katea-egin-zuten-itsasondotik-ordiziara-eta-elkarretaratzea-ondarrun\/\"},\"author\":{\"name\":\"sare\",\"@id\":\"https:\/\/sare.eus\/#\/schema\/person\/2fe6d0df294f56313d3ab236dbe38e17\"},\"headline\":\"UNA CADENA HUMANA DESDE ITSASONDO HASTA ORDIZIA PARA DENUNCIAR LA SITUACI\u00d3N DEL PRESO MIKEL OTEGI Y UNA CONCENTRACI\u00d3N EN ONDARRu\",\"datePublished\":\"2022-02-21T11:40:24+00:00\",\"dateModified\":\"2022-02-21T11:56:23+00:00\",\"mainEntityOfPage\":{\"@id\":\"https:\/\/sare.eus\/es\/mikel-otegi-presoaren-egoera-salatzeko-giza-katea-egin-zuten-itsasondotik-ordiziara-eta-elkarretaratzea-ondarrun\/\"},\"wordCount\":108,\"publisher\":{\"@id\":\"https:\/\/sare.eus\/#organization\"},\"image\":{\"@id\":\"https:\/\/sare.eus\/es\/mikel-otegi-presoaren-egoera-salatzeko-giza-katea-egin-zuten-itsasondotik-ordiziara-eta-elkarretaratzea-ondarrun\/#primaryimage\"},\"thumbnailUrl\":\"https:\/\/sare.eus\/wp-content\/uploads\/2022\/02\/FL-NBgKWYAsCDki.jpg\",\"articleSection\":[\"Enfermos Graves\"],\"inLanguage\":\"es\"},{\"@type\":\"WebPage\",\"@id\":\"https:\/\/sare.eus\/es\/mikel-otegi-presoaren-egoera-salatzeko-giza-katea-egin-zuten-itsasondotik-ordiziara-eta-elkarretaratzea-ondarrun\/\",\"url\":\"https:\/\/sare.eus\/es\/mikel-otegi-presoaren-egoera-salatzeko-giza-katea-egin-zuten-itsasondotik-ordiziara-eta-elkarretaratzea-ondarrun\/\",\"name\":\"UNA CADENA HUMANA DESDE ITSASONDO HASTA ORDIZIA PARA DENUNCIAR LA SITUACI\u00d3N DEL PRESO MIKEL OTEGI Y UNA CONCENTRACI\u00d3N EN ONDARRu - Sare Herritarra\",\"isPartOf\":{\"@id\":\"https:\/\/sare.eus\/#website\"},\"primaryImageOfPage\":{\"@id\":\"https:\/\/sare.eus\/es\/mikel-otegi-presoaren-egoera-salatzeko-giza-katea-egin-zuten-itsasondotik-ordiziara-eta-elkarretaratzea-ondarrun\/#primaryimage\"},\"image\":{\"@id\":\"https:\/\/sare.eus\/es\/mikel-otegi-presoaren-egoera-salatzeko-giza-katea-egin-zuten-itsasondotik-ordiziara-eta-elkarretaratzea-ondarrun\/#primaryimage\"},\"thumbnailUrl\":\"https:\/\/sare.eus\/wp-content\/uploads\/2022\/02\/FL-NBgKWYAsCDki.jpg\",\"datePublished\":\"2022-02-21T11:40:24+00:00\",\"dateModified\":\"2022-02-21T11:56:23+00:00\",\"breadcrumb\":{\"@id\":\"https:\/\/sare.eus\/es\/mikel-otegi-presoaren-egoera-salatzeko-giza-katea-egin-zuten-itsasondotik-ordiziara-eta-elkarretaratzea-ondarrun\/#breadcrumb\"},\"inLanguage\":\"es\",\"potentialAction\":[{\"@type\":\"ReadAction\",\"target\":[\"https:\/\/sare.eus\/es\/mikel-otegi-presoaren-egoera-salatzeko-giza-katea-egin-zuten-itsasondotik-ordiziara-eta-elkarretaratzea-ondarrun\/\"]}]},{\"@type\":\"ImageObject\",\"inLanguage\":\"es\",\"@id\":\"https:\/\/sare.eus\/es\/mikel-otegi-presoaren-egoera-salatzeko-giza-katea-egin-zuten-itsasondotik-ordiziara-eta-elkarretaratzea-ondarrun\/#primaryimage\",\"url\":\"https:\/\/sare.eus\/wp-content\/uploads\/2022\/02\/FL-NBgKWYAsCDki.jpg\",\"contentUrl\":\"https:\/\/sare.eus\/wp-content\/uploads\/2022\/02\/FL-NBgKWYAsCDki.jpg\",\"width\":1800,\"height\":1200,\"caption\":\"Itsasondotik Ordiziara\"},{\"@type\":\"BreadcrumbList\",\"@id\":\"https:\/\/sare.eus\/es\/mikel-otegi-presoaren-egoera-salatzeko-giza-katea-egin-zuten-itsasondotik-ordiziara-eta-elkarretaratzea-ondarrun\/#breadcrumb\",\"itemListElement\":[{\"@type\":\"ListItem\",\"position\":1,\"name\":\"Home\",\"item\":\"https:\/\/sare.eus\/\"},{\"@type\":\"ListItem\",\"position\":2,\"name\":\"UNA CADENA HUMANA DESDE ITSASONDO HASTA ORDIZIA PARA DENUNCIAR LA SITUACI\u00d3N DEL PRESO MIKEL OTEGI Y UNA CONCENTRACI\u00d3N EN ONDARRu\"}]},{\"@type\":\"WebSite\",\"@id\":\"https:\/\/sare.eus\/#website\",\"url\":\"https:\/\/sare.eus\/\",\"name\":\"Sare Herritarra\",\"description\":\"KONPONBIDEAREN ETA GIZA ESKUBIDEEN ALDEKO SARE HERRITARRA\",\"publisher\":{\"@id\":\"https:\/\/sare.eus\/#organization\"},\"potentialAction\":[{\"@type\":\"SearchAction\",\"target\":{\"@type\":\"EntryPoint\",\"urlTemplate\":\"https:\/\/sare.eus\/?s={search_term_string}\"},\"query-input\":{\"@type\":\"PropertyValueSpecification\",\"valueRequired\":true,\"valueName\":\"search_term_string\"}}],\"inLanguage\":\"es\"},{\"@type\":\"Organization\",\"@id\":\"https:\/\/sare.eus\/#organization\",\"name\":\"Sare Herritarra\",\"url\":\"https:\/\/sare.eus\/\",\"logo\":{\"@type\":\"ImageObject\",\"inLanguage\":\"es\",\"@id\":\"https:\/\/sare.eus\/#\/schema\/logo\/image\/\",\"url\":\"https:\/\/sare.eus\/wp-content\/uploads\/2021\/08\/sare.png\",\"contentUrl\":\"https:\/\/sare.eus\/wp-content\/uploads\/2021\/08\/sare.png\",\"width\":120,\"height\":142,\"caption\":\"Sare Herritarra\"},\"image\":{\"@id\":\"https:\/\/sare.eus\/#\/schema\/logo\/image\/\"}},{\"@type\":\"Person\",\"@id\":\"https:\/\/sare.eus\/#\/schema\/person\/2fe6d0df294f56313d3ab236dbe38e17\",\"name\":\"sare\",\"image\":{\"@type\":\"ImageObject\",\"inLanguage\":\"es\",\"@id\":\"https:\/\/sare.eus\/#\/schema\/person\/image\/\",\"url\":\"https:\/\/secure.gravatar.com\/avatar\/77cad838677ceb1977e7b3c878b55eaa7fa4aae2158983063b047c3ad7ef2c25?s=96&d=mm&r=g\",\"contentUrl\":\"https:\/\/secure.gravatar.com\/avatar\/77cad838677ceb1977e7b3c878b55eaa7fa4aae2158983063b047c3ad7ef2c25?s=96&d=mm&r=g\",\"caption\":\"sare\"},\"url\":\"https:\/\/sare.eus\/es\/author\/sare\/\"}]}<\/script>\n<!-- \/ Yoast SEO plugin. -->","yoast_head_json":{"title":"UNA CADENA HUMANA DESDE ITSASONDO HASTA ORDIZIA PARA DENUNCIAR LA SITUACI\u00d3N DEL PRESO MIKEL OTEGI Y UNA CONCENTRACI\u00d3N EN ONDARRu - Sare Herritarra","robots":{"index":"index","follow":"follow","max-snippet":"max-snippet:-1","max-image-preview":"max-image-preview:large","max-video-preview":"max-video-preview:-1"},"canonical":"https:\/\/sare.eus\/es\/mikel-otegi-presoaren-egoera-salatzeko-giza-katea-egin-zuten-itsasondotik-ordiziara-eta-elkarretaratzea-ondarrun\/","og_locale":"es_ES","og_type":"article","og_title":"UNA CADENA HUMANA DESDE ITSASONDO HASTA ORDIZIA PARA DENUNCIAR LA SITUACI\u00d3N DEL PRESO MIKEL OTEGI Y UNA CONCENTRACI\u00d3N EN ONDARRu - Sare Herritarra","og_description":"Movilizaciones para denunciar la hospitalizaci\u00f3n del preso Mikel Otegi y reivindicar su vuelta a casa desde Itsasondo hasta Ordizia y tambi\u00e9n una concentraci\u00f3n en Ondarru. El mal y la c\u00e1rcel [&hellip;]","og_url":"https:\/\/sare.eus\/es\/mikel-otegi-presoaren-egoera-salatzeko-giza-katea-egin-zuten-itsasondotik-ordiziara-eta-elkarretaratzea-ondarrun\/","og_site_name":"Sare Herritarra","article_published_time":"2022-02-21T11:40:24+00:00","article_modified_time":"2022-02-21T11:56:23+00:00","og_image":[{"width":1800,"height":1200,"url":"https:\/\/sare.eus\/wp-content\/uploads\/2022\/02\/FL-NBgKWYAsCDki.jpg","type":"image\/jpeg"}],"author":"sare","twitter_card":"summary_large_image","twitter_misc":{"Escrito por":"sare","Tiempo de lectura":"1 minuto"},"schema":{"@context":"https:\/\/schema.org","@graph":[{"@type":"Article","@id":"https:\/\/sare.eus\/es\/mikel-otegi-presoaren-egoera-salatzeko-giza-katea-egin-zuten-itsasondotik-ordiziara-eta-elkarretaratzea-ondarrun\/#article","isPartOf":{"@id":"https:\/\/sare.eus\/es\/mikel-otegi-presoaren-egoera-salatzeko-giza-katea-egin-zuten-itsasondotik-ordiziara-eta-elkarretaratzea-ondarrun\/"},"author":{"name":"sare","@id":"https:\/\/sare.eus\/#\/schema\/person\/2fe6d0df294f56313d3ab236dbe38e17"},"headline":"UNA CADENA HUMANA DESDE ITSASONDO HASTA ORDIZIA PARA DENUNCIAR LA SITUACI\u00d3N DEL PRESO MIKEL OTEGI Y UNA CONCENTRACI\u00d3N EN ONDARRu","datePublished":"2022-02-21T11:40:24+00:00","dateModified":"2022-02-21T11:56:23+00:00","mainEntityOfPage":{"@id":"https:\/\/sare.eus\/es\/mikel-otegi-presoaren-egoera-salatzeko-giza-katea-egin-zuten-itsasondotik-ordiziara-eta-elkarretaratzea-ondarrun\/"},"wordCount":108,"publisher":{"@id":"https:\/\/sare.eus\/#organization"},"image":{"@id":"https:\/\/sare.eus\/es\/mikel-otegi-presoaren-egoera-salatzeko-giza-katea-egin-zuten-itsasondotik-ordiziara-eta-elkarretaratzea-ondarrun\/#primaryimage"},"thumbnailUrl":"https:\/\/sare.eus\/wp-content\/uploads\/2022\/02\/FL-NBgKWYAsCDki.jpg","articleSection":["Enfermos Graves"],"inLanguage":"es"},{"@type":"WebPage","@id":"https:\/\/sare.eus\/es\/mikel-otegi-presoaren-egoera-salatzeko-giza-katea-egin-zuten-itsasondotik-ordiziara-eta-elkarretaratzea-ondarrun\/","url":"https:\/\/sare.eus\/es\/mikel-otegi-presoaren-egoera-salatzeko-giza-katea-egin-zuten-itsasondotik-ordiziara-eta-elkarretaratzea-ondarrun\/","name":"UNA CADENA HUMANA DESDE ITSASONDO HASTA ORDIZIA PARA DENUNCIAR LA SITUACI\u00d3N DEL PRESO MIKEL OTEGI Y UNA CONCENTRACI\u00d3N EN ONDARRu - Sare Herritarra","isPartOf":{"@id":"https:\/\/sare.eus\/#website"},"primaryImageOfPage":{"@id":"https:\/\/sare.eus\/es\/mikel-otegi-presoaren-egoera-salatzeko-giza-katea-egin-zuten-itsasondotik-ordiziara-eta-elkarretaratzea-ondarrun\/#primaryimage"},"image":{"@id":"https:\/\/sare.eus\/es\/mikel-otegi-presoaren-egoera-salatzeko-giza-katea-egin-zuten-itsasondotik-ordiziara-eta-elkarretaratzea-ondarrun\/#primaryimage"},"thumbnailUrl":"https:\/\/sare.eus\/wp-content\/uploads\/2022\/02\/FL-NBgKWYAsCDki.jpg","datePublished":"2022-02-21T11:40:24+00:00","dateModified":"2022-02-21T11:56:23+00:00","breadcrumb":{"@id":"https:\/\/sare.eus\/es\/mikel-otegi-presoaren-egoera-salatzeko-giza-katea-egin-zuten-itsasondotik-ordiziara-eta-elkarretaratzea-ondarrun\/#breadcrumb"},"inLanguage":"es","potentialAction":[{"@type":"ReadAction","target":["https:\/\/sare.eus\/es\/mikel-otegi-presoaren-egoera-salatzeko-giza-katea-egin-zuten-itsasondotik-ordiziara-eta-elkarretaratzea-ondarrun\/"]}]},{"@type":"ImageObject","inLanguage":"es","@id":"https:\/\/sare.eus\/es\/mikel-otegi-presoaren-egoera-salatzeko-giza-katea-egin-zuten-itsasondotik-ordiziara-eta-elkarretaratzea-ondarrun\/#primaryimage","url":"https:\/\/sare.eus\/wp-content\/uploads\/2022\/02\/FL-NBgKWYAsCDki.jpg","contentUrl":"https:\/\/sare.eus\/wp-content\/uploads\/2022\/02\/FL-NBgKWYAsCDki.jpg","width":1800,"height":1200,"caption":"Itsasondotik Ordiziara"},{"@type":"BreadcrumbList","@id":"https:\/\/sare.eus\/es\/mikel-otegi-presoaren-egoera-salatzeko-giza-katea-egin-zuten-itsasondotik-ordiziara-eta-elkarretaratzea-ondarrun\/#breadcrumb","itemListElement":[{"@type":"ListItem","position":1,"name":"Home","item":"https:\/\/sare.eus\/"},{"@type":"ListItem","position":2,"name":"UNA CADENA HUMANA DESDE ITSASONDO HASTA ORDIZIA PARA DENUNCIAR LA SITUACI\u00d3N DEL PRESO MIKEL OTEGI Y UNA CONCENTRACI\u00d3N EN ONDARRu"}]},{"@type":"WebSite","@id":"https:\/\/sare.eus\/#website","url":"https:\/\/sare.eus\/","name":"Sare Herritarra","description":"KONPONBIDEAREN ETA GIZA ESKUBIDEEN ALDEKO SARE HERRITARRA","publisher":{"@id":"https:\/\/sare.eus\/#organization"},"potentialAction":[{"@type":"SearchAction","target":{"@type":"EntryPoint","urlTemplate":"https:\/\/sare.eus\/?s={search_term_string}"},"query-input":{"@type":"PropertyValueSpecification","valueRequired":true,"valueName":"search_term_string"}}],"inLanguage":"es"},{"@type":"Organization","@id":"https:\/\/sare.eus\/#organization","name":"Sare Herritarra","url":"https:\/\/sare.eus\/","logo":{"@type":"ImageObject","inLanguage":"es","@id":"https:\/\/sare.eus\/#\/schema\/logo\/image\/","url":"https:\/\/sare.eus\/wp-content\/uploads\/2021\/08\/sare.png","contentUrl":"https:\/\/sare.eus\/wp-content\/uploads\/2021\/08\/sare.png","width":120,"height":142,"caption":"Sare Herritarra"},"image":{"@id":"https:\/\/sare.eus\/#\/schema\/logo\/image\/"}},{"@type":"Person","@id":"https:\/\/sare.eus\/#\/schema\/person\/2fe6d0df294f56313d3ab236dbe38e17","name":"sare","image":{"@type":"ImageObject","inLanguage":"es","@id":"https:\/\/sare.eus\/#\/schema\/person\/image\/","url":"https:\/\/secure.gravatar.com\/avatar\/77cad838677ceb1977e7b3c878b55eaa7fa4aae2158983063b047c3ad7ef2c25?s=96&d=mm&r=g","contentUrl":"https:\/\/secure.gravatar.com\/avatar\/77cad838677ceb1977e7b3c878b55eaa7fa4aae2158983063b047c3ad7ef2c25?s=96&d=mm&r=g","caption":"sare"},"url":"https:\/\/sare.eus\/es\/author\/sare\/"}]}},"_links":{"self":[{"href":"https:\/\/sare.eus\/es\/wp-json\/wp\/v2\/posts\/2597","targetHints":{"allow":["GET"]}}],"collection":[{"href":"https:\/\/sare.eus\/es\/wp-json\/wp\/v2\/posts"}],"about":[{"href":"https:\/\/sare.eus\/es\/wp-json\/wp\/v2\/types\/post"}],"author":[{"embeddable":true,"href":"https:\/\/sare.eus\/es\/wp-json\/wp\/v2\/users\/2"}],"replies":[{"embeddable":true,"href":"https:\/\/sare.eus\/es\/wp-json\/wp\/v2\/comments?post=2597"}],"version-history":[{"count":12,"href":"https:\/\/sare.eus\/es\/wp-json\/wp\/v2\/posts\/2597\/revisions"}],"predecessor-version":[{"id":2626,"href":"https:\/\/sare.eus\/es\/wp-json\/wp\/v2\/posts\/2597\/revisions\/2626"}],"wp:featuredmedia":[{"embeddable":true,"href":"https:\/\/sare.eus\/es\/wp-json\/wp\/v2\/media\/2600"}],"wp:attachment":[{"href":"https:\/\/sare.eus\/es\/wp-json\/wp\/v2\/media?parent=2597"}],"wp:term":[{"taxonomy":"category","embeddable":true,"href":"https:\/\/sare.eus\/es\/wp-json\/wp\/v2\/categories?post=2597"},{"taxonomy":"post_tag","embeddable":true,"href":"https:\/\/sare.eus\/es\/wp-json\/wp\/v2\/tags?post=2597"}],"curies":[{"name":"wp","href":"https:\/\/api.w.org\/{rel}","templated":true}]}}