{"id":2592,"date":"2022-02-21T11:03:37","date_gmt":"2022-02-21T11:03:37","guid":{"rendered":"https:\/\/sare.eus\/aurreko-asteetan-hainbat-hedabidek-sareren-eta-bereziki-joseba-azkarragaren-jarduna-kriminalizatu-asmoz-argitaratutako-artikuluen-aurrean-gure-irakurketa\/"},"modified":"2022-02-21T11:08:53","modified_gmt":"2022-02-21T11:08:53","slug":"aurreko-asteetan-hainbat-hedabidek-sareren-eta-bereziki-joseba-azkarragaren-jarduna-kriminalizatu-asmoz-argitaratutako-artikuluen-aurrean-gure-irakurketa","status":"publish","type":"post","link":"https:\/\/sare.eus\/es\/aurreko-asteetan-hainbat-hedabidek-sareren-eta-bereziki-joseba-azkarragaren-jarduna-kriminalizatu-asmoz-argitaratutako-artikuluen-aurrean-gure-irakurketa\/","title":{"rendered":"HEMOS HECHO P\u00daBLICA NUESTRA LECTURA ANTE ART\u00cdCULOS PUBLICADOS EN SEMANAS ANTERIORES POR DIVERSOS MEDIOS CON EL OBJETIVO DE CRIMINALIZAR LA ACTUACI\u00d3N DE SARE Y ESPECIALMENTE LA DE JOSEBA AZKARRAGA"},"content":{"rendered":"\n<p>La Red Ciudadana SARE ha querido dejar pasar un tiempo prudencial antes de pronunciarse ante la imagen de convivencia que algunos medios de comunicaci\u00f3n han tratado de trasladar, con una ETA inexistente, a ra\u00edz de la investigaci\u00f3n realizada por la Guardia Civil, a instancias de la Audiencia Nacional.<\/p>\n\n\n\n<p>En primer lugar, queremos recordar que esta Red Ciudadana lleva trabajando en el \u00e1mbito de la defensa de los derechos que asisten a los presos y presas vascas, desde hace casi siete a\u00f1os. Nunca hemos ocultado nuestros objetivos, que no son otros que avanzar hacia la convivencia de un Pa\u00eds, que como el nuestro, ha padecido d\u00e9cadas de confrontaci\u00f3n y de violencia.<\/p>\n\n\n\n<p>Hemos dicho siempre que una soluci\u00f3n justa a la actual situaci\u00f3n debe pasar, inevitablemente, por el logro de un acuerdo de m\u00ednimos, que tenga muy en cuenta el reconocimiento de todas las v\u00edctimas de las violencias, y, tambi\u00e9n, una soluci\u00f3n justa a la situaci\u00f3n de las c\u00e1rceles.<\/p>\n\n\n\n<p>No podemos permanecer en silencio, cuando tras m\u00e1s de 10 a\u00f1os de la desaparici\u00f3n de ETA, se contin\u00faa aplicando a los presos y presas vascas una pol\u00edtica penitenciaria de excepci\u00f3n.<\/p>\n\n\n\n<p>Nunca hemos ocultado la necesidad de hacer compatible conversar y acordar pol\u00edticamente la soluci\u00f3n de estos problemas, con la activaci\u00f3n de la sociedad vasca en la defensa de estos objetivos.<\/p>\n\n\n\n<p>En esta l\u00ednea, lo dijimos en su momento, lo decimos hoy, y lo seguiremos diciendo ma\u00f1ana, buscaremos todas las v\u00edas de comunicaci\u00f3n con Instituciones, partidos, sindicatos, que nos permitan avanzar en el logro de una verdadera paz, la convivencia y si fuera posible, la reconciliaci\u00f3n.<\/p>\n\n\n\n<p>Tratar de criminalizar, como se ha pretendido estos d\u00edas, la v\u00eda del di\u00e1logo con diferentes instituciones es un acto de hipocres\u00eda dif\u00edcilmente entendible. Lo que no puede defenderse hoy es que si antes era necesario hablar, hoy, diez a\u00f1os despu\u00e9s de la desaparici\u00f3n de ETA, se le criminalice a qui\u00e9n busca soluciones humanitarias a la situaci\u00f3n de los presos y presas vascas, por la v\u00eda de los hechos.<\/p>\n\n\n\n<p>Ojala, que esta actitud criminalizadora de nuestra actuaci\u00f3n, a la que nos hemos visto sometidos, sirva para que de una vez por todas, la relaci\u00f3n de Sare u otras organizaciones, con las Administraciones p\u00fablicas, los partidos, etc. etc, se inscriban dentro de la normalidad que deben de regir este tipo de actuaciones.<\/p>\n\n\n\n<p>Desde Sare, queremos dejar claro, que seguiremos con nuestra labor, tal y como lo estamos haciendo; moviliz\u00e1ndonos en la calle, y tambi\u00e9n, hablando y trasladando nuestra reivindicaciones a instituciones, partidos, sindicatos, etc. Y eso no cambiar\u00e1 con filtraciones de conversaciones o reuniones, absolutamente normales. Continuaremos pidiendo a la sociedad vasca, que caminemos juntos y juntas hacia el objetivo de una paz verdadera, porque s\u00f3lo desde la unidad, ser\u00e1 posible avanzar.<\/p>\n\n\n\n<p>Relacionado con todo esto, desde la Red Ciudadana SARE queremos denunciar la persecuci\u00f3n a la que se le est\u00e1 sometiendo a uno de nuestros portavoces, Joseba Azkarraga. Persecuci\u00f3n, que incluso ha llegado a que diferentes medios de comunicaci\u00f3n hayan publicado, junto al reportaje que han querido hacer sobre este tema, una copia del informe de la A.N, con los datos personales de Azkarraga, incluido el n\u00famero de su tel\u00e9fono m\u00f3vil; con el consiguiente perjuicio que esto le est\u00e1 ocasionando, llegando a recibir amenazas e insultos a trav\u00e9s de llamadas y mensajes.<\/p>\n\n\n\n<p>No todo cabe, ni en la pol\u00edtica, ni en el periodismo, ni en la justicia.<\/p>\n","protected":false},"excerpt":{"rendered":"<p>La Red Ciudadana SARE ha querido dejar pasar un tiempo prudencial antes de pronunciarse ante la imagen de convivencia que algunos medios de comunicaci\u00f3n han tratado de trasladar, con una [&hellip;]<\/p>\n","protected":false},"author":2,"featured_media":1859,"comment_status":"closed","ping_status":"closed","sticky":false,"template":"","format":"standard","meta":{"_acf_changed":false,"_et_pb_use_builder":"off","_et_pb_old_content":"","_et_gb_content_width":"","footnotes":""},"categories":[69],"tags":[],"class_list":["post-2592","post","type-post","status-publish","format-standard","has-post-thumbnail","hentry","category-leyes-de-excepcion","et-has-post-format-content","et_post_format-et-post-format-standard"],"acf":[],"yoast_head":"<!-- This site is optimized with the Yoast SEO plugin v26.4 - https:\/\/yoast.com\/wordpress\/plugins\/seo\/ -->\n<title>HEMOS HECHO P\u00daBLICA NUESTRA LECTURA ANTE ART\u00cdCULOS PUBLICADOS EN SEMANAS ANTERIORES POR DIVERSOS MEDIOS CON EL OBJETIVO DE CRIMINALIZAR LA ACTUACI\u00d3N DE SARE Y ESPECIALMENTE LA DE JOSEBA AZKARRAGA - Sare Herritarra<\/title>\n<meta name=\"robots\" content=\"index, follow, max-snippet:-1, max-image-preview:large, max-video-preview:-1\" \/>\n<link rel=\"canonical\" href=\"https:\/\/sare.eus\/es\/aurreko-asteetan-hainbat-hedabidek-sareren-eta-bereziki-joseba-azkarragaren-jarduna-kriminalizatu-asmoz-argitaratutako-artikuluen-aurrean-gure-irakurketa\/\" \/>\n<meta property=\"og:locale\" content=\"es_ES\" \/>\n<meta property=\"og:type\" content=\"article\" \/>\n<meta property=\"og:title\" content=\"HEMOS HECHO P\u00daBLICA NUESTRA LECTURA ANTE ART\u00cdCULOS PUBLICADOS EN SEMANAS ANTERIORES POR DIVERSOS MEDIOS CON EL OBJETIVO DE CRIMINALIZAR LA ACTUACI\u00d3N DE SARE Y ESPECIALMENTE LA DE JOSEBA AZKARRAGA - Sare Herritarra\" \/>\n<meta property=\"og:description\" content=\"La Red Ciudadana SARE ha querido dejar pasar un tiempo prudencial antes de pronunciarse ante la imagen de convivencia que algunos medios de comunicaci\u00f3n han tratado de trasladar, con una [&hellip;]\" \/>\n<meta property=\"og:url\" content=\"https:\/\/sare.eus\/es\/aurreko-asteetan-hainbat-hedabidek-sareren-eta-bereziki-joseba-azkarragaren-jarduna-kriminalizatu-asmoz-argitaratutako-artikuluen-aurrean-gure-irakurketa\/\" \/>\n<meta property=\"og:site_name\" content=\"Sare Herritarra\" \/>\n<meta property=\"article:published_time\" content=\"2022-02-21T11:03:37+00:00\" \/>\n<meta property=\"article:modified_time\" content=\"2022-02-21T11:08:53+00:00\" \/>\n<meta property=\"og:image\" content=\"https:\/\/sare.eus\/wp-content\/uploads\/2021\/11\/SARE-HERRITARRA-OHARRA-NOTA-01-scaled-e1638213762864.jpg\" \/>\n\t<meta property=\"og:image:width\" content=\"2195\" \/>\n\t<meta property=\"og:image:height\" content=\"1132\" \/>\n\t<meta property=\"og:image:type\" content=\"image\/jpeg\" \/>\n<meta name=\"author\" content=\"sare\" \/>\n<meta name=\"twitter:card\" content=\"summary_large_image\" \/>\n<meta name=\"twitter:label1\" content=\"Escrito por\" \/>\n\t<meta name=\"twitter:data1\" content=\"sare\" \/>\n\t<meta name=\"twitter:label2\" content=\"Tiempo de lectura\" \/>\n\t<meta name=\"twitter:data2\" content=\"4 minutos\" \/>\n<script type=\"application\/ld+json\" class=\"yoast-schema-graph\">{\"@context\":\"https:\/\/schema.org\",\"@graph\":[{\"@type\":\"Article\",\"@id\":\"https:\/\/sare.eus\/es\/aurreko-asteetan-hainbat-hedabidek-sareren-eta-bereziki-joseba-azkarragaren-jarduna-kriminalizatu-asmoz-argitaratutako-artikuluen-aurrean-gure-irakurketa\/#article\",\"isPartOf\":{\"@id\":\"https:\/\/sare.eus\/es\/aurreko-asteetan-hainbat-hedabidek-sareren-eta-bereziki-joseba-azkarragaren-jarduna-kriminalizatu-asmoz-argitaratutako-artikuluen-aurrean-gure-irakurketa\/\"},\"author\":{\"name\":\"sare\",\"@id\":\"https:\/\/sare.eus\/#\/schema\/person\/2fe6d0df294f56313d3ab236dbe38e17\"},\"headline\":\"HEMOS HECHO P\u00daBLICA NUESTRA LECTURA ANTE ART\u00cdCULOS PUBLICADOS EN SEMANAS ANTERIORES POR DIVERSOS MEDIOS CON EL OBJETIVO DE CRIMINALIZAR LA ACTUACI\u00d3N DE SARE Y ESPECIALMENTE LA DE JOSEBA AZKARRAGA\",\"datePublished\":\"2022-02-21T11:03:37+00:00\",\"dateModified\":\"2022-02-21T11:08:53+00:00\",\"mainEntityOfPage\":{\"@id\":\"https:\/\/sare.eus\/es\/aurreko-asteetan-hainbat-hedabidek-sareren-eta-bereziki-joseba-azkarragaren-jarduna-kriminalizatu-asmoz-argitaratutako-artikuluen-aurrean-gure-irakurketa\/\"},\"wordCount\":644,\"publisher\":{\"@id\":\"https:\/\/sare.eus\/#organization\"},\"image\":{\"@id\":\"https:\/\/sare.eus\/es\/aurreko-asteetan-hainbat-hedabidek-sareren-eta-bereziki-joseba-azkarragaren-jarduna-kriminalizatu-asmoz-argitaratutako-artikuluen-aurrean-gure-irakurketa\/#primaryimage\"},\"thumbnailUrl\":\"https:\/\/sare.eus\/wp-content\/uploads\/2021\/11\/SARE-HERRITARRA-OHARRA-NOTA-01-scaled-e1638213762864.jpg\",\"articleSection\":[\"Leyes de Excepci\u00f3n\"],\"inLanguage\":\"es\"},{\"@type\":\"WebPage\",\"@id\":\"https:\/\/sare.eus\/es\/aurreko-asteetan-hainbat-hedabidek-sareren-eta-bereziki-joseba-azkarragaren-jarduna-kriminalizatu-asmoz-argitaratutako-artikuluen-aurrean-gure-irakurketa\/\",\"url\":\"https:\/\/sare.eus\/es\/aurreko-asteetan-hainbat-hedabidek-sareren-eta-bereziki-joseba-azkarragaren-jarduna-kriminalizatu-asmoz-argitaratutako-artikuluen-aurrean-gure-irakurketa\/\",\"name\":\"HEMOS HECHO P\u00daBLICA NUESTRA LECTURA ANTE ART\u00cdCULOS PUBLICADOS EN SEMANAS ANTERIORES POR DIVERSOS MEDIOS CON EL OBJETIVO DE CRIMINALIZAR LA ACTUACI\u00d3N DE SARE Y ESPECIALMENTE LA DE JOSEBA AZKARRAGA - Sare Herritarra\",\"isPartOf\":{\"@id\":\"https:\/\/sare.eus\/#website\"},\"primaryImageOfPage\":{\"@id\":\"https:\/\/sare.eus\/es\/aurreko-asteetan-hainbat-hedabidek-sareren-eta-bereziki-joseba-azkarragaren-jarduna-kriminalizatu-asmoz-argitaratutako-artikuluen-aurrean-gure-irakurketa\/#primaryimage\"},\"image\":{\"@id\":\"https:\/\/sare.eus\/es\/aurreko-asteetan-hainbat-hedabidek-sareren-eta-bereziki-joseba-azkarragaren-jarduna-kriminalizatu-asmoz-argitaratutako-artikuluen-aurrean-gure-irakurketa\/#primaryimage\"},\"thumbnailUrl\":\"https:\/\/sare.eus\/wp-content\/uploads\/2021\/11\/SARE-HERRITARRA-OHARRA-NOTA-01-scaled-e1638213762864.jpg\",\"datePublished\":\"2022-02-21T11:03:37+00:00\",\"dateModified\":\"2022-02-21T11:08:53+00:00\",\"breadcrumb\":{\"@id\":\"https:\/\/sare.eus\/es\/aurreko-asteetan-hainbat-hedabidek-sareren-eta-bereziki-joseba-azkarragaren-jarduna-kriminalizatu-asmoz-argitaratutako-artikuluen-aurrean-gure-irakurketa\/#breadcrumb\"},\"inLanguage\":\"es\",\"potentialAction\":[{\"@type\":\"ReadAction\",\"target\":[\"https:\/\/sare.eus\/es\/aurreko-asteetan-hainbat-hedabidek-sareren-eta-bereziki-joseba-azkarragaren-jarduna-kriminalizatu-asmoz-argitaratutako-artikuluen-aurrean-gure-irakurketa\/\"]}]},{\"@type\":\"ImageObject\",\"inLanguage\":\"es\",\"@id\":\"https:\/\/sare.eus\/es\/aurreko-asteetan-hainbat-hedabidek-sareren-eta-bereziki-joseba-azkarragaren-jarduna-kriminalizatu-asmoz-argitaratutako-artikuluen-aurrean-gure-irakurketa\/#primaryimage\",\"url\":\"https:\/\/sare.eus\/wp-content\/uploads\/2021\/11\/SARE-HERRITARRA-OHARRA-NOTA-01-scaled-e1638213762864.jpg\",\"contentUrl\":\"https:\/\/sare.eus\/wp-content\/uploads\/2021\/11\/SARE-HERRITARRA-OHARRA-NOTA-01-scaled-e1638213762864.jpg\",\"width\":2195,\"height\":1132},{\"@type\":\"BreadcrumbList\",\"@id\":\"https:\/\/sare.eus\/es\/aurreko-asteetan-hainbat-hedabidek-sareren-eta-bereziki-joseba-azkarragaren-jarduna-kriminalizatu-asmoz-argitaratutako-artikuluen-aurrean-gure-irakurketa\/#breadcrumb\",\"itemListElement\":[{\"@type\":\"ListItem\",\"position\":1,\"name\":\"Home\",\"item\":\"https:\/\/sare.eus\/\"},{\"@type\":\"ListItem\",\"position\":2,\"name\":\"HEMOS HECHO P\u00daBLICA NUESTRA LECTURA ANTE ART\u00cdCULOS PUBLICADOS EN SEMANAS ANTERIORES POR DIVERSOS MEDIOS CON EL OBJETIVO DE CRIMINALIZAR LA ACTUACI\u00d3N DE SARE Y ESPECIALMENTE LA DE JOSEBA AZKARRAGA\"}]},{\"@type\":\"WebSite\",\"@id\":\"https:\/\/sare.eus\/#website\",\"url\":\"https:\/\/sare.eus\/\",\"name\":\"Sare Herritarra\",\"description\":\"KONPONBIDEAREN ETA GIZA ESKUBIDEEN ALDEKO SARE HERRITARRA\",\"publisher\":{\"@id\":\"https:\/\/sare.eus\/#organization\"},\"potentialAction\":[{\"@type\":\"SearchAction\",\"target\":{\"@type\":\"EntryPoint\",\"urlTemplate\":\"https:\/\/sare.eus\/?s={search_term_string}\"},\"query-input\":{\"@type\":\"PropertyValueSpecification\",\"valueRequired\":true,\"valueName\":\"search_term_string\"}}],\"inLanguage\":\"es\"},{\"@type\":\"Organization\",\"@id\":\"https:\/\/sare.eus\/#organization\",\"name\":\"Sare Herritarra\",\"url\":\"https:\/\/sare.eus\/\",\"logo\":{\"@type\":\"ImageObject\",\"inLanguage\":\"es\",\"@id\":\"https:\/\/sare.eus\/#\/schema\/logo\/image\/\",\"url\":\"https:\/\/sare.eus\/wp-content\/uploads\/2021\/08\/sare.png\",\"contentUrl\":\"https:\/\/sare.eus\/wp-content\/uploads\/2021\/08\/sare.png\",\"width\":120,\"height\":142,\"caption\":\"Sare Herritarra\"},\"image\":{\"@id\":\"https:\/\/sare.eus\/#\/schema\/logo\/image\/\"}},{\"@type\":\"Person\",\"@id\":\"https:\/\/sare.eus\/#\/schema\/person\/2fe6d0df294f56313d3ab236dbe38e17\",\"name\":\"sare\",\"image\":{\"@type\":\"ImageObject\",\"inLanguage\":\"es\",\"@id\":\"https:\/\/sare.eus\/#\/schema\/person\/image\/\",\"url\":\"https:\/\/secure.gravatar.com\/avatar\/77cad838677ceb1977e7b3c878b55eaa7fa4aae2158983063b047c3ad7ef2c25?s=96&d=mm&r=g\",\"contentUrl\":\"https:\/\/secure.gravatar.com\/avatar\/77cad838677ceb1977e7b3c878b55eaa7fa4aae2158983063b047c3ad7ef2c25?s=96&d=mm&r=g\",\"caption\":\"sare\"},\"url\":\"https:\/\/sare.eus\/es\/author\/sare\/\"}]}<\/script>\n<!-- \/ Yoast SEO plugin. -->","yoast_head_json":{"title":"HEMOS HECHO P\u00daBLICA NUESTRA LECTURA ANTE ART\u00cdCULOS PUBLICADOS EN SEMANAS ANTERIORES POR DIVERSOS MEDIOS CON EL OBJETIVO DE CRIMINALIZAR LA ACTUACI\u00d3N DE SARE Y ESPECIALMENTE LA DE JOSEBA AZKARRAGA - Sare Herritarra","robots":{"index":"index","follow":"follow","max-snippet":"max-snippet:-1","max-image-preview":"max-image-preview:large","max-video-preview":"max-video-preview:-1"},"canonical":"https:\/\/sare.eus\/es\/aurreko-asteetan-hainbat-hedabidek-sareren-eta-bereziki-joseba-azkarragaren-jarduna-kriminalizatu-asmoz-argitaratutako-artikuluen-aurrean-gure-irakurketa\/","og_locale":"es_ES","og_type":"article","og_title":"HEMOS HECHO P\u00daBLICA NUESTRA LECTURA ANTE ART\u00cdCULOS PUBLICADOS EN SEMANAS ANTERIORES POR DIVERSOS MEDIOS CON EL OBJETIVO DE CRIMINALIZAR LA ACTUACI\u00d3N DE SARE Y ESPECIALMENTE LA DE JOSEBA AZKARRAGA - Sare Herritarra","og_description":"La Red Ciudadana SARE ha querido dejar pasar un tiempo prudencial antes de pronunciarse ante la imagen de convivencia que algunos medios de comunicaci\u00f3n han tratado de trasladar, con una [&hellip;]","og_url":"https:\/\/sare.eus\/es\/aurreko-asteetan-hainbat-hedabidek-sareren-eta-bereziki-joseba-azkarragaren-jarduna-kriminalizatu-asmoz-argitaratutako-artikuluen-aurrean-gure-irakurketa\/","og_site_name":"Sare Herritarra","article_published_time":"2022-02-21T11:03:37+00:00","article_modified_time":"2022-02-21T11:08:53+00:00","og_image":[{"width":2195,"height":1132,"url":"https:\/\/sare.eus\/wp-content\/uploads\/2021\/11\/SARE-HERRITARRA-OHARRA-NOTA-01-scaled-e1638213762864.jpg","type":"image\/jpeg"}],"author":"sare","twitter_card":"summary_large_image","twitter_misc":{"Escrito por":"sare","Tiempo de lectura":"4 minutos"},"schema":{"@context":"https:\/\/schema.org","@graph":[{"@type":"Article","@id":"https:\/\/sare.eus\/es\/aurreko-asteetan-hainbat-hedabidek-sareren-eta-bereziki-joseba-azkarragaren-jarduna-kriminalizatu-asmoz-argitaratutako-artikuluen-aurrean-gure-irakurketa\/#article","isPartOf":{"@id":"https:\/\/sare.eus\/es\/aurreko-asteetan-hainbat-hedabidek-sareren-eta-bereziki-joseba-azkarragaren-jarduna-kriminalizatu-asmoz-argitaratutako-artikuluen-aurrean-gure-irakurketa\/"},"author":{"name":"sare","@id":"https:\/\/sare.eus\/#\/schema\/person\/2fe6d0df294f56313d3ab236dbe38e17"},"headline":"HEMOS HECHO P\u00daBLICA NUESTRA LECTURA ANTE ART\u00cdCULOS PUBLICADOS EN SEMANAS ANTERIORES POR DIVERSOS MEDIOS CON EL OBJETIVO DE CRIMINALIZAR LA ACTUACI\u00d3N DE SARE Y ESPECIALMENTE LA DE JOSEBA AZKARRAGA","datePublished":"2022-02-21T11:03:37+00:00","dateModified":"2022-02-21T11:08:53+00:00","mainEntityOfPage":{"@id":"https:\/\/sare.eus\/es\/aurreko-asteetan-hainbat-hedabidek-sareren-eta-bereziki-joseba-azkarragaren-jarduna-kriminalizatu-asmoz-argitaratutako-artikuluen-aurrean-gure-irakurketa\/"},"wordCount":644,"publisher":{"@id":"https:\/\/sare.eus\/#organization"},"image":{"@id":"https:\/\/sare.eus\/es\/aurreko-asteetan-hainbat-hedabidek-sareren-eta-bereziki-joseba-azkarragaren-jarduna-kriminalizatu-asmoz-argitaratutako-artikuluen-aurrean-gure-irakurketa\/#primaryimage"},"thumbnailUrl":"https:\/\/sare.eus\/wp-content\/uploads\/2021\/11\/SARE-HERRITARRA-OHARRA-NOTA-01-scaled-e1638213762864.jpg","articleSection":["Leyes de Excepci\u00f3n"],"inLanguage":"es"},{"@type":"WebPage","@id":"https:\/\/sare.eus\/es\/aurreko-asteetan-hainbat-hedabidek-sareren-eta-bereziki-joseba-azkarragaren-jarduna-kriminalizatu-asmoz-argitaratutako-artikuluen-aurrean-gure-irakurketa\/","url":"https:\/\/sare.eus\/es\/aurreko-asteetan-hainbat-hedabidek-sareren-eta-bereziki-joseba-azkarragaren-jarduna-kriminalizatu-asmoz-argitaratutako-artikuluen-aurrean-gure-irakurketa\/","name":"HEMOS HECHO P\u00daBLICA NUESTRA LECTURA ANTE ART\u00cdCULOS PUBLICADOS EN SEMANAS ANTERIORES POR DIVERSOS MEDIOS CON EL OBJETIVO DE CRIMINALIZAR LA ACTUACI\u00d3N DE SARE Y ESPECIALMENTE LA DE JOSEBA AZKARRAGA - Sare Herritarra","isPartOf":{"@id":"https:\/\/sare.eus\/#website"},"primaryImageOfPage":{"@id":"https:\/\/sare.eus\/es\/aurreko-asteetan-hainbat-hedabidek-sareren-eta-bereziki-joseba-azkarragaren-jarduna-kriminalizatu-asmoz-argitaratutako-artikuluen-aurrean-gure-irakurketa\/#primaryimage"},"image":{"@id":"https:\/\/sare.eus\/es\/aurreko-asteetan-hainbat-hedabidek-sareren-eta-bereziki-joseba-azkarragaren-jarduna-kriminalizatu-asmoz-argitaratutako-artikuluen-aurrean-gure-irakurketa\/#primaryimage"},"thumbnailUrl":"https:\/\/sare.eus\/wp-content\/uploads\/2021\/11\/SARE-HERRITARRA-OHARRA-NOTA-01-scaled-e1638213762864.jpg","datePublished":"2022-02-21T11:03:37+00:00","dateModified":"2022-02-21T11:08:53+00:00","breadcrumb":{"@id":"https:\/\/sare.eus\/es\/aurreko-asteetan-hainbat-hedabidek-sareren-eta-bereziki-joseba-azkarragaren-jarduna-kriminalizatu-asmoz-argitaratutako-artikuluen-aurrean-gure-irakurketa\/#breadcrumb"},"inLanguage":"es","potentialAction":[{"@type":"ReadAction","target":["https:\/\/sare.eus\/es\/aurreko-asteetan-hainbat-hedabidek-sareren-eta-bereziki-joseba-azkarragaren-jarduna-kriminalizatu-asmoz-argitaratutako-artikuluen-aurrean-gure-irakurketa\/"]}]},{"@type":"ImageObject","inLanguage":"es","@id":"https:\/\/sare.eus\/es\/aurreko-asteetan-hainbat-hedabidek-sareren-eta-bereziki-joseba-azkarragaren-jarduna-kriminalizatu-asmoz-argitaratutako-artikuluen-aurrean-gure-irakurketa\/#primaryimage","url":"https:\/\/sare.eus\/wp-content\/uploads\/2021\/11\/SARE-HERRITARRA-OHARRA-NOTA-01-scaled-e1638213762864.jpg","contentUrl":"https:\/\/sare.eus\/wp-content\/uploads\/2021\/11\/SARE-HERRITARRA-OHARRA-NOTA-01-scaled-e1638213762864.jpg","width":2195,"height":1132},{"@type":"BreadcrumbList","@id":"https:\/\/sare.eus\/es\/aurreko-asteetan-hainbat-hedabidek-sareren-eta-bereziki-joseba-azkarragaren-jarduna-kriminalizatu-asmoz-argitaratutako-artikuluen-aurrean-gure-irakurketa\/#breadcrumb","itemListElement":[{"@type":"ListItem","position":1,"name":"Home","item":"https:\/\/sare.eus\/"},{"@type":"ListItem","position":2,"name":"HEMOS HECHO P\u00daBLICA NUESTRA LECTURA ANTE ART\u00cdCULOS PUBLICADOS EN SEMANAS ANTERIORES POR DIVERSOS MEDIOS CON EL OBJETIVO DE CRIMINALIZAR LA ACTUACI\u00d3N DE SARE Y ESPECIALMENTE LA DE JOSEBA AZKARRAGA"}]},{"@type":"WebSite","@id":"https:\/\/sare.eus\/#website","url":"https:\/\/sare.eus\/","name":"Sare Herritarra","description":"KONPONBIDEAREN ETA GIZA ESKUBIDEEN ALDEKO SARE HERRITARRA","publisher":{"@id":"https:\/\/sare.eus\/#organization"},"potentialAction":[{"@type":"SearchAction","target":{"@type":"EntryPoint","urlTemplate":"https:\/\/sare.eus\/?s={search_term_string}"},"query-input":{"@type":"PropertyValueSpecification","valueRequired":true,"valueName":"search_term_string"}}],"inLanguage":"es"},{"@type":"Organization","@id":"https:\/\/sare.eus\/#organization","name":"Sare Herritarra","url":"https:\/\/sare.eus\/","logo":{"@type":"ImageObject","inLanguage":"es","@id":"https:\/\/sare.eus\/#\/schema\/logo\/image\/","url":"https:\/\/sare.eus\/wp-content\/uploads\/2021\/08\/sare.png","contentUrl":"https:\/\/sare.eus\/wp-content\/uploads\/2021\/08\/sare.png","width":120,"height":142,"caption":"Sare Herritarra"},"image":{"@id":"https:\/\/sare.eus\/#\/schema\/logo\/image\/"}},{"@type":"Person","@id":"https:\/\/sare.eus\/#\/schema\/person\/2fe6d0df294f56313d3ab236dbe38e17","name":"sare","image":{"@type":"ImageObject","inLanguage":"es","@id":"https:\/\/sare.eus\/#\/schema\/person\/image\/","url":"https:\/\/secure.gravatar.com\/avatar\/77cad838677ceb1977e7b3c878b55eaa7fa4aae2158983063b047c3ad7ef2c25?s=96&d=mm&r=g","contentUrl":"https:\/\/secure.gravatar.com\/avatar\/77cad838677ceb1977e7b3c878b55eaa7fa4aae2158983063b047c3ad7ef2c25?s=96&d=mm&r=g","caption":"sare"},"url":"https:\/\/sare.eus\/es\/author\/sare\/"}]}},"_links":{"self":[{"href":"https:\/\/sare.eus\/es\/wp-json\/wp\/v2\/posts\/2592","targetHints":{"allow":["GET"]}}],"collection":[{"href":"https:\/\/sare.eus\/es\/wp-json\/wp\/v2\/posts"}],"about":[{"href":"https:\/\/sare.eus\/es\/wp-json\/wp\/v2\/types\/post"}],"author":[{"embeddable":true,"href":"https:\/\/sare.eus\/es\/wp-json\/wp\/v2\/users\/2"}],"replies":[{"embeddable":true,"href":"https:\/\/sare.eus\/es\/wp-json\/wp\/v2\/comments?post=2592"}],"version-history":[{"count":2,"href":"https:\/\/sare.eus\/es\/wp-json\/wp\/v2\/posts\/2592\/revisions"}],"predecessor-version":[{"id":2596,"href":"https:\/\/sare.eus\/es\/wp-json\/wp\/v2\/posts\/2592\/revisions\/2596"}],"wp:featuredmedia":[{"embeddable":true,"href":"https:\/\/sare.eus\/es\/wp-json\/wp\/v2\/media\/1859"}],"wp:attachment":[{"href":"https:\/\/sare.eus\/es\/wp-json\/wp\/v2\/media?parent=2592"}],"wp:term":[{"taxonomy":"category","embeddable":true,"href":"https:\/\/sare.eus\/es\/wp-json\/wp\/v2\/categories?post=2592"},{"taxonomy":"post_tag","embeddable":true,"href":"https:\/\/sare.eus\/es\/wp-json\/wp\/v2\/tags?post=2592"}],"curies":[{"name":"wp","href":"https:\/\/api.w.org\/{rel}","templated":true}]}}