{"id":2577,"date":"2022-02-21T09:45:31","date_gmt":"2022-02-21T09:45:31","guid":{"rendered":"https:\/\/sare.eus\/inigo-gutierrez-euskal-presoaren-espetxeratzea-salatzeko-elkarretaratzeak-algorta-eta-irunean\/"},"modified":"2022-02-21T10:05:30","modified_gmt":"2022-02-21T10:05:30","slug":"inigo-gutierrez-euskal-presoaren-espetxeratzea-salatzeko-elkarretaratzeak-algorta-eta-irunean","status":"publish","type":"post","link":"https:\/\/sare.eus\/es\/inigo-gutierrez-euskal-presoaren-espetxeratzea-salatzeko-elkarretaratzeak-algorta-eta-irunean\/","title":{"rendered":"CONCENTRACIONES EN ALGORTA Y IRU\u00d1EA PARA DENUNCIAR EL ENCARCELAMIENTO DEL PRESO VASCO I\u00d1IGO GUTI\u00c9RREZ"},"content":{"rendered":"<p>Hoy nos hemos movilizado en Algorta e Iru\u00f1a para denunciar el encarcelamiento del preso vasco I\u00f1igo Gutierrez. Como sab\u00e9is, la Fiscal\u00eda de la Audiencia Nacional ha revocado la decisi\u00f3n de la Junta de Tratamiento de la c\u00e1rcel de conceder el tercer grado. Como consecuencia, I\u00f1igo ha tenido que volver a prisi\u00f3n a pesar de que cumple todos los requisitos legales para seguir en tercer grado penitenciario. Desde Sare y la Plataforma Izadi Gurasoekin etxera queremos denunciar que esta decisi\u00f3n obstaculiza el<br>camino hacia la convivencia, ya que, supone mantener vigente una pol\u00edtica penitenciaria de excepci\u00f3n.<\/p>\n<p>El de I\u00f1igo no es el \u00fanico caso. Hace una semana Jon Crespo o anteriormente Unai Fano tambi\u00e9n tuvieron que vivir esta misma situaci\u00f3n. Hoy, volvemos a repetir: cuando las Juntas de Tratamiento de los centros penitenciarios aprueban progresiones de grado o permisos penitenciarios, toman esta decisi\u00f3n bas\u00e1ndose en criterios profesionales. En aplicaci\u00f3n de la ley ordinaria, estos criterios son los que hay que tener en cuenta para conceder los permisos, pero la Fiscal\u00eda y la Audiencia Nacional, salt\u00e1ndose la ley y las Juntas de Tratamiento penitenciario, y sin conocer la evoluci\u00f3n penitenciaria del preso, establecen sus propios criterios.<\/p>\n<p>Adem\u00e1s, en el caso de I\u00f1igo, es m\u00e1s grave, ya que IZADI su hija de tres a\u00f1os, que tuvo que salir de la c\u00e1rcel de estar 24 horas con sus padres, a estar s\u00f3lo 24 horas al a\u00f1o. No contentos con que su madre tenga que seguir en la c\u00e1rcel, ahora tambi\u00e9n tendr\u00e1 que volver a prisi\u00f3n su padre. IZADI queda bajo el cuidado de sus abuelos, viendo as\u00ed vulnerados sus derechos de familia y de crecer junto a sus padres. Desde SARE y la Plataforma queremos reiterarnos en que se establezcan las medidas necesarias para respetas los derechos de IZADI.&nbsp;<br>Nos encontramos ante una clara actitud de obstaculizar el cambio hacia la aplicaci\u00f3n de la legislaci\u00f3n ordinaria. Una actitud que \u00fanicamente responde a criterios ideol\u00f3gicos y pol\u00edticos que, evidentemente, nos llevan al pasado.<\/p>\n\n\n<figure class=\"wp-block-embed is-type-video is-provider-youtube wp-block-embed-youtube wp-embed-aspect-16-9 wp-has-aspect-ratio\"><div class=\"wp-block-embed__wrapper\">\n<iframe loading=\"lazy\" title=\"Izadiren aita den I\u00f1igo Gutierrez presoa berriz espetxeratzeko erabakia salatu du Sarek Iru\u00f1ean\" width=\"1080\" height=\"608\" src=\"https:\/\/www.youtube.com\/embed\/dHd7uHN0Vww?feature=oembed\" frameborder=\"0\" allow=\"accelerometer; autoplay; clipboard-write; encrypted-media; gyroscope; picture-in-picture\" allowfullscreen><\/iframe>\n<\/div><\/figure>\n\n\n<p>Este pueblo ha expresado reiteradamente su deseo y compromiso de avanzar y dar pasos a favor de la convivencia. Este tipo de actitudes golpean directamente ese deseo. 10 a\u00f1os despu\u00e9s de la desaparici\u00f3n de ETA y en un momento en el que, tanto por un lado y por otro, se est\u00e1n dando pasos cargados de responsabilidad y empat\u00eda, es incomprensible que se tomen decisiones basadas en la venganza, el dolor y la vulneraci\u00f3n de derechos.<\/p>\n<p>Hoy, desde aqu\u00ed, queremos trasladar a la Junta de Tratamiento de la c\u00e1rcel de Basauri la petici\u00f3n de que, si considera que el preso I\u00f1igo Gutierrez est\u00e1 en condiciones de acceder al tercer grado y tiene claro que, como hasta ahora, puede seguir incorporado al mundo laboral, act\u00fae en consecuencia y, una vez m\u00e1s, analice y ratifique la progresi\u00f3n de tercer grado.<\/p>\n\n\n<figure class=\"wp-block-gallery columns-3 is-cropped wp-block-gallery-1 is-layout-flex wp-block-gallery-is-layout-flex\"><ul class=\"blocks-gallery-grid\"><li class=\"blocks-gallery-item\"><figure><img loading=\"lazy\" decoding=\"async\" width=\"1024\" height=\"768\" src=\"https:\/\/sare.eus\/wp-content\/uploads\/2022\/02\/photo_2022-02-19_07-54-11.jpg\" alt=\"\" data-id=\"2561\" data-full-url=\"https:\/\/sare.eus\/wp-content\/uploads\/2022\/02\/photo_2022-02-19_07-54-11.jpg\" data-link=\"https:\/\/sare.eus\/?attachment_id=2561\" class=\"wp-image-2561\" srcset=\"https:\/\/sare.eus\/wp-content\/uploads\/2022\/02\/photo_2022-02-19_07-54-11.jpg 1024w, https:\/\/sare.eus\/wp-content\/uploads\/2022\/02\/photo_2022-02-19_07-54-11-300x225.jpg 300w, https:\/\/sare.eus\/wp-content\/uploads\/2022\/02\/photo_2022-02-19_07-54-11-768x576.jpg 768w\" sizes=\"(max-width: 1024px) 100vw, 1024px\" \/><figcaption class=\"blocks-gallery-item__caption\">IRU\u00d1EA<\/figcaption><\/figure><\/li><li class=\"blocks-gallery-item\"><figure><img loading=\"lazy\" decoding=\"async\" width=\"1024\" height=\"768\" src=\"https:\/\/sare.eus\/wp-content\/uploads\/2022\/02\/DBK-3488.jpg\" alt=\"\" data-id=\"2563\" data-full-url=\"https:\/\/sare.eus\/wp-content\/uploads\/2022\/02\/DBK-3488.jpg\" data-link=\"https:\/\/sare.eus\/?attachment_id=2563\" class=\"wp-image-2563\" srcset=\"https:\/\/sare.eus\/wp-content\/uploads\/2022\/02\/DBK-3488.jpg 1024w, https:\/\/sare.eus\/wp-content\/uploads\/2022\/02\/DBK-3488-300x225.jpg 300w, https:\/\/sare.eus\/wp-content\/uploads\/2022\/02\/DBK-3488-768x576.jpg 768w\" sizes=\"(max-width: 1024px) 100vw, 1024px\" \/><figcaption class=\"blocks-gallery-item__caption\">IRU\u00d1EA<\/figcaption><\/figure><\/li><li class=\"blocks-gallery-item\"><figure><img loading=\"lazy\" decoding=\"async\" width=\"1024\" height=\"683\" src=\"https:\/\/sare.eus\/wp-content\/uploads\/2022\/02\/DBK-3497.jpg\" alt=\"\" data-id=\"2565\" data-full-url=\"https:\/\/sare.eus\/wp-content\/uploads\/2022\/02\/DBK-3497.jpg\" data-link=\"https:\/\/sare.eus\/?attachment_id=2565\" class=\"wp-image-2565\" srcset=\"https:\/\/sare.eus\/wp-content\/uploads\/2022\/02\/DBK-3497.jpg 1024w, https:\/\/sare.eus\/wp-content\/uploads\/2022\/02\/DBK-3497-300x200.jpg 300w, https:\/\/sare.eus\/wp-content\/uploads\/2022\/02\/DBK-3497-768x512.jpg 768w\" sizes=\"(max-width: 1024px) 100vw, 1024px\" \/><figcaption class=\"blocks-gallery-item__caption\">IRU\u00d1EA<\/figcaption><\/figure><\/li><li class=\"blocks-gallery-item\"><figure><img loading=\"lazy\" decoding=\"async\" width=\"1024\" height=\"683\" src=\"https:\/\/sare.eus\/wp-content\/uploads\/2022\/02\/DBK-3540.jpg\" alt=\"\" data-id=\"2567\" data-full-url=\"https:\/\/sare.eus\/wp-content\/uploads\/2022\/02\/DBK-3540.jpg\" data-link=\"https:\/\/sare.eus\/?attachment_id=2567\" class=\"wp-image-2567\" srcset=\"https:\/\/sare.eus\/wp-content\/uploads\/2022\/02\/DBK-3540.jpg 1024w, https:\/\/sare.eus\/wp-content\/uploads\/2022\/02\/DBK-3540-300x200.jpg 300w, https:\/\/sare.eus\/wp-content\/uploads\/2022\/02\/DBK-3540-768x512.jpg 768w\" sizes=\"(max-width: 1024px) 100vw, 1024px\" \/><figcaption class=\"blocks-gallery-item__caption\">IRU\u00d1EA<\/figcaption><\/figure><\/li><li class=\"blocks-gallery-item\"><figure><img loading=\"lazy\" decoding=\"async\" width=\"1024\" height=\"683\" src=\"https:\/\/sare.eus\/wp-content\/uploads\/2022\/02\/FL6NvQkX0AADuv5-1024x683.jpg\" alt=\"\" data-id=\"2569\" data-full-url=\"https:\/\/sare.eus\/wp-content\/uploads\/2022\/02\/FL6NvQkX0AADuv5.jpg\" data-link=\"https:\/\/sare.eus\/?attachment_id=2569\" class=\"wp-image-2569\" srcset=\"https:\/\/sare.eus\/wp-content\/uploads\/2022\/02\/FL6NvQkX0AADuv5-1024x683.jpg 1024w, https:\/\/sare.eus\/wp-content\/uploads\/2022\/02\/FL6NvQkX0AADuv5-300x200.jpg 300w, https:\/\/sare.eus\/wp-content\/uploads\/2022\/02\/FL6NvQkX0AADuv5-768x512.jpg 768w, https:\/\/sare.eus\/wp-content\/uploads\/2022\/02\/FL6NvQkX0AADuv5-1536x1024.jpg 1536w, https:\/\/sare.eus\/wp-content\/uploads\/2022\/02\/FL6NvQkX0AADuv5-1080x720.jpg 1080w, https:\/\/sare.eus\/wp-content\/uploads\/2022\/02\/FL6NvQkX0AADuv5.jpg 1615w\" sizes=\"(max-width: 1024px) 100vw, 1024px\" \/><figcaption class=\"blocks-gallery-item__caption\">ALGORTA<\/figcaption><\/figure><\/li><li class=\"blocks-gallery-item\"><figure><img loading=\"lazy\" decoding=\"async\" width=\"1024\" height=\"683\" src=\"https:\/\/sare.eus\/wp-content\/uploads\/2022\/02\/FL6NvQQXEAMd2Fx-1024x683.jpg\" alt=\"\" data-id=\"2571\" data-full-url=\"https:\/\/sare.eus\/wp-content\/uploads\/2022\/02\/FL6NvQQXEAMd2Fx.jpg\" data-link=\"https:\/\/sare.eus\/?attachment_id=2571\" class=\"wp-image-2571\" srcset=\"https:\/\/sare.eus\/wp-content\/uploads\/2022\/02\/FL6NvQQXEAMd2Fx-1024x683.jpg 1024w, https:\/\/sare.eus\/wp-content\/uploads\/2022\/02\/FL6NvQQXEAMd2Fx-300x200.jpg 300w, https:\/\/sare.eus\/wp-content\/uploads\/2022\/02\/FL6NvQQXEAMd2Fx-768x512.jpg 768w, https:\/\/sare.eus\/wp-content\/uploads\/2022\/02\/FL6NvQQXEAMd2Fx-1080x720.jpg 1080w, https:\/\/sare.eus\/wp-content\/uploads\/2022\/02\/FL6NvQQXEAMd2Fx.jpg 1219w\" sizes=\"(max-width: 1024px) 100vw, 1024px\" \/><figcaption class=\"blocks-gallery-item__caption\">ALGORTA<\/figcaption><\/figure><\/li><li class=\"blocks-gallery-item\"><figure><img loading=\"lazy\" decoding=\"async\" width=\"1024\" height=\"683\" src=\"https:\/\/sare.eus\/wp-content\/uploads\/2022\/02\/FL6NvQRWQAQXBuv-1024x683.jpg\" alt=\"\" data-id=\"2573\" data-full-url=\"https:\/\/sare.eus\/wp-content\/uploads\/2022\/02\/FL6NvQRWQAQXBuv.jpg\" data-link=\"https:\/\/sare.eus\/?attachment_id=2573\" class=\"wp-image-2573\" srcset=\"https:\/\/sare.eus\/wp-content\/uploads\/2022\/02\/FL6NvQRWQAQXBuv-1024x683.jpg 1024w, https:\/\/sare.eus\/wp-content\/uploads\/2022\/02\/FL6NvQRWQAQXBuv-300x200.jpg 300w, https:\/\/sare.eus\/wp-content\/uploads\/2022\/02\/FL6NvQRWQAQXBuv-768x512.jpg 768w, https:\/\/sare.eus\/wp-content\/uploads\/2022\/02\/FL6NvQRWQAQXBuv-1536x1024.jpg 1536w, https:\/\/sare.eus\/wp-content\/uploads\/2022\/02\/FL6NvQRWQAQXBuv-1080x720.jpg 1080w, https:\/\/sare.eus\/wp-content\/uploads\/2022\/02\/FL6NvQRWQAQXBuv.jpg 1620w\" sizes=\"(max-width: 1024px) 100vw, 1024px\" \/><figcaption class=\"blocks-gallery-item__caption\">ALGORTA<\/figcaption><\/figure><\/li><\/ul><figcaption class=\"blocks-gallery-caption\">Iru\u00f1ea eta Algortako deialadiak <\/figcaption><\/figure>\n\n\n\n<figure class=\"wp-block-embed is-type-video is-provider-youtube wp-block-embed-youtube wp-embed-aspect-16-9 wp-has-aspect-ratio\"><div class=\"wp-block-embed__wrapper\">\n<iframe loading=\"lazy\" title=\"Mobilizazioa Algortan I\u00f1igo Gutierrez berriro ere espetxeratua izan delako\" width=\"1080\" height=\"608\" src=\"https:\/\/www.youtube.com\/embed\/_KGlunTBgrs?feature=oembed\" frameborder=\"0\" allow=\"accelerometer; autoplay; clipboard-write; encrypted-media; gyroscope; picture-in-picture\" allowfullscreen><\/iframe>\n<\/div><\/figure>\n\n\n\n<figure class=\"wp-block-embed is-type-video is-provider-youtube wp-block-embed-youtube wp-embed-aspect-16-9 wp-has-aspect-ratio\"><div class=\"wp-block-embed__wrapper\">\n<iframe loading=\"lazy\" title=\"Mobilizazioa Algortan I\u00f1igo Gutierrez berriro atxilotu dutelako (2)\" width=\"1080\" height=\"608\" src=\"https:\/\/www.youtube.com\/embed\/FpAheNlSAOg?feature=oembed\" frameborder=\"0\" allow=\"accelerometer; autoplay; clipboard-write; encrypted-media; gyroscope; picture-in-picture\" allowfullscreen><\/iframe>\n<\/div><\/figure>\n","protected":false},"excerpt":{"rendered":"<p>Hoy nos hemos movilizado en Algorta e Iru\u00f1a para denunciar el encarcelamiento del preso vasco I\u00f1igo Gutierrez. Como sab\u00e9is, la Fiscal\u00eda de la Audiencia Nacional ha revocado la decisi\u00f3n de [&hellip;]<\/p>\n","protected":false},"author":2,"featured_media":2574,"comment_status":"closed","ping_status":"closed","sticky":false,"template":"","format":"standard","meta":{"_acf_changed":false,"_et_pb_use_builder":"off","_et_pb_old_content":"","_et_gb_content_width":"","footnotes":""},"categories":[69],"tags":[],"class_list":["post-2577","post","type-post","status-publish","format-standard","has-post-thumbnail","hentry","category-leyes-de-excepcion","et-has-post-format-content","et_post_format-et-post-format-standard"],"acf":[],"yoast_head":"<!-- This site is optimized with the Yoast SEO plugin v26.4 - https:\/\/yoast.com\/wordpress\/plugins\/seo\/ -->\n<title>CONCENTRACIONES EN ALGORTA Y IRU\u00d1EA PARA DENUNCIAR EL ENCARCELAMIENTO DEL PRESO VASCO I\u00d1IGO GUTI\u00c9RREZ - Sare Herritarra<\/title>\n<meta name=\"robots\" content=\"index, follow, max-snippet:-1, max-image-preview:large, max-video-preview:-1\" \/>\n<link rel=\"canonical\" href=\"https:\/\/sare.eus\/es\/inigo-gutierrez-euskal-presoaren-espetxeratzea-salatzeko-elkarretaratzeak-algorta-eta-irunean\/\" \/>\n<meta property=\"og:locale\" content=\"es_ES\" \/>\n<meta property=\"og:type\" content=\"article\" \/>\n<meta property=\"og:title\" content=\"CONCENTRACIONES EN ALGORTA Y IRU\u00d1EA PARA DENUNCIAR EL ENCARCELAMIENTO DEL PRESO VASCO I\u00d1IGO GUTI\u00c9RREZ - Sare Herritarra\" \/>\n<meta property=\"og:description\" content=\"Hoy nos hemos movilizado en Algorta e Iru\u00f1a para denunciar el encarcelamiento del preso vasco I\u00f1igo Gutierrez. Como sab\u00e9is, la Fiscal\u00eda de la Audiencia Nacional ha revocado la decisi\u00f3n de [&hellip;]\" \/>\n<meta property=\"og:url\" content=\"https:\/\/sare.eus\/es\/inigo-gutierrez-euskal-presoaren-espetxeratzea-salatzeko-elkarretaratzeak-algorta-eta-irunean\/\" \/>\n<meta property=\"og:site_name\" content=\"Sare Herritarra\" \/>\n<meta property=\"article:published_time\" content=\"2022-02-21T09:45:31+00:00\" \/>\n<meta property=\"article:modified_time\" content=\"2022-02-21T10:05:30+00:00\" \/>\n<meta property=\"og:image\" content=\"https:\/\/sare.eus\/wp-content\/uploads\/2022\/02\/FL6NvQRWQAQXBuv.jpg\" \/>\n\t<meta property=\"og:image:width\" content=\"1620\" \/>\n\t<meta property=\"og:image:height\" content=\"1080\" \/>\n\t<meta property=\"og:image:type\" content=\"image\/jpeg\" \/>\n<meta name=\"author\" content=\"sare\" \/>\n<meta name=\"twitter:card\" content=\"summary_large_image\" \/>\n<meta name=\"twitter:label1\" content=\"Escrito por\" \/>\n\t<meta name=\"twitter:data1\" content=\"sare\" \/>\n\t<meta name=\"twitter:label2\" content=\"Tiempo de lectura\" \/>\n\t<meta name=\"twitter:data2\" content=\"5 minutos\" \/>\n<script type=\"application\/ld+json\" class=\"yoast-schema-graph\">{\"@context\":\"https:\/\/schema.org\",\"@graph\":[{\"@type\":\"Article\",\"@id\":\"https:\/\/sare.eus\/es\/inigo-gutierrez-euskal-presoaren-espetxeratzea-salatzeko-elkarretaratzeak-algorta-eta-irunean\/#article\",\"isPartOf\":{\"@id\":\"https:\/\/sare.eus\/es\/inigo-gutierrez-euskal-presoaren-espetxeratzea-salatzeko-elkarretaratzeak-algorta-eta-irunean\/\"},\"author\":{\"name\":\"sare\",\"@id\":\"https:\/\/sare.eus\/#\/schema\/person\/2fe6d0df294f56313d3ab236dbe38e17\"},\"headline\":\"CONCENTRACIONES EN ALGORTA Y IRU\u00d1EA PARA DENUNCIAR EL ENCARCELAMIENTO DEL PRESO VASCO I\u00d1IGO GUTI\u00c9RREZ\",\"datePublished\":\"2022-02-21T09:45:31+00:00\",\"dateModified\":\"2022-02-21T10:05:30+00:00\",\"mainEntityOfPage\":{\"@id\":\"https:\/\/sare.eus\/es\/inigo-gutierrez-euskal-presoaren-espetxeratzea-salatzeko-elkarretaratzeak-algorta-eta-irunean\/\"},\"wordCount\":564,\"publisher\":{\"@id\":\"https:\/\/sare.eus\/#organization\"},\"image\":{\"@id\":\"https:\/\/sare.eus\/es\/inigo-gutierrez-euskal-presoaren-espetxeratzea-salatzeko-elkarretaratzeak-algorta-eta-irunean\/#primaryimage\"},\"thumbnailUrl\":\"https:\/\/sare.eus\/wp-content\/uploads\/2022\/02\/FL6NvQRWQAQXBuv.jpg\",\"articleSection\":[\"Leyes de Excepci\u00f3n\"],\"inLanguage\":\"es\"},{\"@type\":\"WebPage\",\"@id\":\"https:\/\/sare.eus\/es\/inigo-gutierrez-euskal-presoaren-espetxeratzea-salatzeko-elkarretaratzeak-algorta-eta-irunean\/\",\"url\":\"https:\/\/sare.eus\/es\/inigo-gutierrez-euskal-presoaren-espetxeratzea-salatzeko-elkarretaratzeak-algorta-eta-irunean\/\",\"name\":\"CONCENTRACIONES EN ALGORTA Y IRU\u00d1EA PARA DENUNCIAR EL ENCARCELAMIENTO DEL PRESO VASCO I\u00d1IGO GUTI\u00c9RREZ - Sare Herritarra\",\"isPartOf\":{\"@id\":\"https:\/\/sare.eus\/#website\"},\"primaryImageOfPage\":{\"@id\":\"https:\/\/sare.eus\/es\/inigo-gutierrez-euskal-presoaren-espetxeratzea-salatzeko-elkarretaratzeak-algorta-eta-irunean\/#primaryimage\"},\"image\":{\"@id\":\"https:\/\/sare.eus\/es\/inigo-gutierrez-euskal-presoaren-espetxeratzea-salatzeko-elkarretaratzeak-algorta-eta-irunean\/#primaryimage\"},\"thumbnailUrl\":\"https:\/\/sare.eus\/wp-content\/uploads\/2022\/02\/FL6NvQRWQAQXBuv.jpg\",\"datePublished\":\"2022-02-21T09:45:31+00:00\",\"dateModified\":\"2022-02-21T10:05:30+00:00\",\"breadcrumb\":{\"@id\":\"https:\/\/sare.eus\/es\/inigo-gutierrez-euskal-presoaren-espetxeratzea-salatzeko-elkarretaratzeak-algorta-eta-irunean\/#breadcrumb\"},\"inLanguage\":\"es\",\"potentialAction\":[{\"@type\":\"ReadAction\",\"target\":[\"https:\/\/sare.eus\/es\/inigo-gutierrez-euskal-presoaren-espetxeratzea-salatzeko-elkarretaratzeak-algorta-eta-irunean\/\"]}]},{\"@type\":\"ImageObject\",\"inLanguage\":\"es\",\"@id\":\"https:\/\/sare.eus\/es\/inigo-gutierrez-euskal-presoaren-espetxeratzea-salatzeko-elkarretaratzeak-algorta-eta-irunean\/#primaryimage\",\"url\":\"https:\/\/sare.eus\/wp-content\/uploads\/2022\/02\/FL6NvQRWQAQXBuv.jpg\",\"contentUrl\":\"https:\/\/sare.eus\/wp-content\/uploads\/2022\/02\/FL6NvQRWQAQXBuv.jpg\",\"width\":1620,\"height\":1080,\"caption\":\"ALGORTA\"},{\"@type\":\"BreadcrumbList\",\"@id\":\"https:\/\/sare.eus\/es\/inigo-gutierrez-euskal-presoaren-espetxeratzea-salatzeko-elkarretaratzeak-algorta-eta-irunean\/#breadcrumb\",\"itemListElement\":[{\"@type\":\"ListItem\",\"position\":1,\"name\":\"Home\",\"item\":\"https:\/\/sare.eus\/\"},{\"@type\":\"ListItem\",\"position\":2,\"name\":\"CONCENTRACIONES EN ALGORTA Y IRU\u00d1EA PARA DENUNCIAR EL ENCARCELAMIENTO DEL PRESO VASCO I\u00d1IGO GUTI\u00c9RREZ\"}]},{\"@type\":\"WebSite\",\"@id\":\"https:\/\/sare.eus\/#website\",\"url\":\"https:\/\/sare.eus\/\",\"name\":\"Sare Herritarra\",\"description\":\"KONPONBIDEAREN ETA GIZA ESKUBIDEEN ALDEKO SARE HERRITARRA\",\"publisher\":{\"@id\":\"https:\/\/sare.eus\/#organization\"},\"potentialAction\":[{\"@type\":\"SearchAction\",\"target\":{\"@type\":\"EntryPoint\",\"urlTemplate\":\"https:\/\/sare.eus\/?s={search_term_string}\"},\"query-input\":{\"@type\":\"PropertyValueSpecification\",\"valueRequired\":true,\"valueName\":\"search_term_string\"}}],\"inLanguage\":\"es\"},{\"@type\":\"Organization\",\"@id\":\"https:\/\/sare.eus\/#organization\",\"name\":\"Sare Herritarra\",\"url\":\"https:\/\/sare.eus\/\",\"logo\":{\"@type\":\"ImageObject\",\"inLanguage\":\"es\",\"@id\":\"https:\/\/sare.eus\/#\/schema\/logo\/image\/\",\"url\":\"https:\/\/sare.eus\/wp-content\/uploads\/2021\/08\/sare.png\",\"contentUrl\":\"https:\/\/sare.eus\/wp-content\/uploads\/2021\/08\/sare.png\",\"width\":120,\"height\":142,\"caption\":\"Sare Herritarra\"},\"image\":{\"@id\":\"https:\/\/sare.eus\/#\/schema\/logo\/image\/\"}},{\"@type\":\"Person\",\"@id\":\"https:\/\/sare.eus\/#\/schema\/person\/2fe6d0df294f56313d3ab236dbe38e17\",\"name\":\"sare\",\"image\":{\"@type\":\"ImageObject\",\"inLanguage\":\"es\",\"@id\":\"https:\/\/sare.eus\/#\/schema\/person\/image\/\",\"url\":\"https:\/\/secure.gravatar.com\/avatar\/77cad838677ceb1977e7b3c878b55eaa7fa4aae2158983063b047c3ad7ef2c25?s=96&d=mm&r=g\",\"contentUrl\":\"https:\/\/secure.gravatar.com\/avatar\/77cad838677ceb1977e7b3c878b55eaa7fa4aae2158983063b047c3ad7ef2c25?s=96&d=mm&r=g\",\"caption\":\"sare\"},\"url\":\"https:\/\/sare.eus\/es\/author\/sare\/\"}]}<\/script>\n<!-- \/ Yoast SEO plugin. -->","yoast_head_json":{"title":"CONCENTRACIONES EN ALGORTA Y IRU\u00d1EA PARA DENUNCIAR EL ENCARCELAMIENTO DEL PRESO VASCO I\u00d1IGO GUTI\u00c9RREZ - Sare Herritarra","robots":{"index":"index","follow":"follow","max-snippet":"max-snippet:-1","max-image-preview":"max-image-preview:large","max-video-preview":"max-video-preview:-1"},"canonical":"https:\/\/sare.eus\/es\/inigo-gutierrez-euskal-presoaren-espetxeratzea-salatzeko-elkarretaratzeak-algorta-eta-irunean\/","og_locale":"es_ES","og_type":"article","og_title":"CONCENTRACIONES EN ALGORTA Y IRU\u00d1EA PARA DENUNCIAR EL ENCARCELAMIENTO DEL PRESO VASCO I\u00d1IGO GUTI\u00c9RREZ - Sare Herritarra","og_description":"Hoy nos hemos movilizado en Algorta e Iru\u00f1a para denunciar el encarcelamiento del preso vasco I\u00f1igo Gutierrez. Como sab\u00e9is, la Fiscal\u00eda de la Audiencia Nacional ha revocado la decisi\u00f3n de [&hellip;]","og_url":"https:\/\/sare.eus\/es\/inigo-gutierrez-euskal-presoaren-espetxeratzea-salatzeko-elkarretaratzeak-algorta-eta-irunean\/","og_site_name":"Sare Herritarra","article_published_time":"2022-02-21T09:45:31+00:00","article_modified_time":"2022-02-21T10:05:30+00:00","og_image":[{"width":1620,"height":1080,"url":"https:\/\/sare.eus\/wp-content\/uploads\/2022\/02\/FL6NvQRWQAQXBuv.jpg","type":"image\/jpeg"}],"author":"sare","twitter_card":"summary_large_image","twitter_misc":{"Escrito por":"sare","Tiempo de lectura":"5 minutos"},"schema":{"@context":"https:\/\/schema.org","@graph":[{"@type":"Article","@id":"https:\/\/sare.eus\/es\/inigo-gutierrez-euskal-presoaren-espetxeratzea-salatzeko-elkarretaratzeak-algorta-eta-irunean\/#article","isPartOf":{"@id":"https:\/\/sare.eus\/es\/inigo-gutierrez-euskal-presoaren-espetxeratzea-salatzeko-elkarretaratzeak-algorta-eta-irunean\/"},"author":{"name":"sare","@id":"https:\/\/sare.eus\/#\/schema\/person\/2fe6d0df294f56313d3ab236dbe38e17"},"headline":"CONCENTRACIONES EN ALGORTA Y IRU\u00d1EA PARA DENUNCIAR EL ENCARCELAMIENTO DEL PRESO VASCO I\u00d1IGO GUTI\u00c9RREZ","datePublished":"2022-02-21T09:45:31+00:00","dateModified":"2022-02-21T10:05:30+00:00","mainEntityOfPage":{"@id":"https:\/\/sare.eus\/es\/inigo-gutierrez-euskal-presoaren-espetxeratzea-salatzeko-elkarretaratzeak-algorta-eta-irunean\/"},"wordCount":564,"publisher":{"@id":"https:\/\/sare.eus\/#organization"},"image":{"@id":"https:\/\/sare.eus\/es\/inigo-gutierrez-euskal-presoaren-espetxeratzea-salatzeko-elkarretaratzeak-algorta-eta-irunean\/#primaryimage"},"thumbnailUrl":"https:\/\/sare.eus\/wp-content\/uploads\/2022\/02\/FL6NvQRWQAQXBuv.jpg","articleSection":["Leyes de Excepci\u00f3n"],"inLanguage":"es"},{"@type":"WebPage","@id":"https:\/\/sare.eus\/es\/inigo-gutierrez-euskal-presoaren-espetxeratzea-salatzeko-elkarretaratzeak-algorta-eta-irunean\/","url":"https:\/\/sare.eus\/es\/inigo-gutierrez-euskal-presoaren-espetxeratzea-salatzeko-elkarretaratzeak-algorta-eta-irunean\/","name":"CONCENTRACIONES EN ALGORTA Y IRU\u00d1EA PARA DENUNCIAR EL ENCARCELAMIENTO DEL PRESO VASCO I\u00d1IGO GUTI\u00c9RREZ - Sare Herritarra","isPartOf":{"@id":"https:\/\/sare.eus\/#website"},"primaryImageOfPage":{"@id":"https:\/\/sare.eus\/es\/inigo-gutierrez-euskal-presoaren-espetxeratzea-salatzeko-elkarretaratzeak-algorta-eta-irunean\/#primaryimage"},"image":{"@id":"https:\/\/sare.eus\/es\/inigo-gutierrez-euskal-presoaren-espetxeratzea-salatzeko-elkarretaratzeak-algorta-eta-irunean\/#primaryimage"},"thumbnailUrl":"https:\/\/sare.eus\/wp-content\/uploads\/2022\/02\/FL6NvQRWQAQXBuv.jpg","datePublished":"2022-02-21T09:45:31+00:00","dateModified":"2022-02-21T10:05:30+00:00","breadcrumb":{"@id":"https:\/\/sare.eus\/es\/inigo-gutierrez-euskal-presoaren-espetxeratzea-salatzeko-elkarretaratzeak-algorta-eta-irunean\/#breadcrumb"},"inLanguage":"es","potentialAction":[{"@type":"ReadAction","target":["https:\/\/sare.eus\/es\/inigo-gutierrez-euskal-presoaren-espetxeratzea-salatzeko-elkarretaratzeak-algorta-eta-irunean\/"]}]},{"@type":"ImageObject","inLanguage":"es","@id":"https:\/\/sare.eus\/es\/inigo-gutierrez-euskal-presoaren-espetxeratzea-salatzeko-elkarretaratzeak-algorta-eta-irunean\/#primaryimage","url":"https:\/\/sare.eus\/wp-content\/uploads\/2022\/02\/FL6NvQRWQAQXBuv.jpg","contentUrl":"https:\/\/sare.eus\/wp-content\/uploads\/2022\/02\/FL6NvQRWQAQXBuv.jpg","width":1620,"height":1080,"caption":"ALGORTA"},{"@type":"BreadcrumbList","@id":"https:\/\/sare.eus\/es\/inigo-gutierrez-euskal-presoaren-espetxeratzea-salatzeko-elkarretaratzeak-algorta-eta-irunean\/#breadcrumb","itemListElement":[{"@type":"ListItem","position":1,"name":"Home","item":"https:\/\/sare.eus\/"},{"@type":"ListItem","position":2,"name":"CONCENTRACIONES EN ALGORTA Y IRU\u00d1EA PARA DENUNCIAR EL ENCARCELAMIENTO DEL PRESO VASCO I\u00d1IGO GUTI\u00c9RREZ"}]},{"@type":"WebSite","@id":"https:\/\/sare.eus\/#website","url":"https:\/\/sare.eus\/","name":"Sare Herritarra","description":"KONPONBIDEAREN ETA GIZA ESKUBIDEEN ALDEKO SARE HERRITARRA","publisher":{"@id":"https:\/\/sare.eus\/#organization"},"potentialAction":[{"@type":"SearchAction","target":{"@type":"EntryPoint","urlTemplate":"https:\/\/sare.eus\/?s={search_term_string}"},"query-input":{"@type":"PropertyValueSpecification","valueRequired":true,"valueName":"search_term_string"}}],"inLanguage":"es"},{"@type":"Organization","@id":"https:\/\/sare.eus\/#organization","name":"Sare Herritarra","url":"https:\/\/sare.eus\/","logo":{"@type":"ImageObject","inLanguage":"es","@id":"https:\/\/sare.eus\/#\/schema\/logo\/image\/","url":"https:\/\/sare.eus\/wp-content\/uploads\/2021\/08\/sare.png","contentUrl":"https:\/\/sare.eus\/wp-content\/uploads\/2021\/08\/sare.png","width":120,"height":142,"caption":"Sare Herritarra"},"image":{"@id":"https:\/\/sare.eus\/#\/schema\/logo\/image\/"}},{"@type":"Person","@id":"https:\/\/sare.eus\/#\/schema\/person\/2fe6d0df294f56313d3ab236dbe38e17","name":"sare","image":{"@type":"ImageObject","inLanguage":"es","@id":"https:\/\/sare.eus\/#\/schema\/person\/image\/","url":"https:\/\/secure.gravatar.com\/avatar\/77cad838677ceb1977e7b3c878b55eaa7fa4aae2158983063b047c3ad7ef2c25?s=96&d=mm&r=g","contentUrl":"https:\/\/secure.gravatar.com\/avatar\/77cad838677ceb1977e7b3c878b55eaa7fa4aae2158983063b047c3ad7ef2c25?s=96&d=mm&r=g","caption":"sare"},"url":"https:\/\/sare.eus\/es\/author\/sare\/"}]}},"_links":{"self":[{"href":"https:\/\/sare.eus\/es\/wp-json\/wp\/v2\/posts\/2577","targetHints":{"allow":["GET"]}}],"collection":[{"href":"https:\/\/sare.eus\/es\/wp-json\/wp\/v2\/posts"}],"about":[{"href":"https:\/\/sare.eus\/es\/wp-json\/wp\/v2\/types\/post"}],"author":[{"embeddable":true,"href":"https:\/\/sare.eus\/es\/wp-json\/wp\/v2\/users\/2"}],"replies":[{"embeddable":true,"href":"https:\/\/sare.eus\/es\/wp-json\/wp\/v2\/comments?post=2577"}],"version-history":[{"count":6,"href":"https:\/\/sare.eus\/es\/wp-json\/wp\/v2\/posts\/2577\/revisions"}],"predecessor-version":[{"id":2586,"href":"https:\/\/sare.eus\/es\/wp-json\/wp\/v2\/posts\/2577\/revisions\/2586"}],"wp:featuredmedia":[{"embeddable":true,"href":"https:\/\/sare.eus\/es\/wp-json\/wp\/v2\/media\/2574"}],"wp:attachment":[{"href":"https:\/\/sare.eus\/es\/wp-json\/wp\/v2\/media?parent=2577"}],"wp:term":[{"taxonomy":"category","embeddable":true,"href":"https:\/\/sare.eus\/es\/wp-json\/wp\/v2\/categories?post=2577"},{"taxonomy":"post_tag","embeddable":true,"href":"https:\/\/sare.eus\/es\/wp-json\/wp\/v2\/tags?post=2577"}],"curies":[{"name":"wp","href":"https:\/\/api.w.org\/{rel}","templated":true}]}}