{"id":2550,"date":"2022-02-11T08:11:10","date_gmt":"2022-02-11T08:11:10","guid":{"rendered":"https:\/\/sare.eus\/oharra-jon-cresporen-espetxeratzea-dela-eta\/"},"modified":"2022-02-11T08:16:47","modified_gmt":"2022-02-11T08:16:47","slug":"oharra-jon-cresporen-espetxeratzea-dela-eta","status":"publish","type":"post","link":"https:\/\/sare.eus\/es\/oharra-jon-cresporen-espetxeratzea-dela-eta\/","title":{"rendered":"NOTA de PRENSA: ante la encarcelaci\u00f3n del preso vasco Jon Crespo"},"content":{"rendered":"<p><span style=\"font-family: Museo Sans Rounded, sans-serif;\">La decisi\u00f3n de la Fiscal\u00eda de la Audiencia Nacional, rechazando el tercer grado penitenciario que la Juntas de Tratamiento de la prisi\u00f3n de El Dueso aprob\u00f3 para el preso vasco Jon Crespo, supone un acto m\u00e1s en el postura de obstaculizar el camino hacia la convivencia en nuestro pa\u00eds. <\/span><\/p>\n<p><span style=\"font-family: Museo Sans Rounded, sans-serif;\">Hay que insistir que las Juntas de Tratamiento de los centros penitenciarios cuando aprueban o rechazan progresiones de grado o permisos penitenciarios lo hacen teniendo en cuenta criterios profesionales. Y son estos criterios los que la Fiscal\u00eda, desconociendo la evoluci\u00f3n penitenciaria de Jon Crespo, ha decidido enmendar. <\/span><\/p>\n<p><span style=\"font-family: Museo Sans Rounded, sans-serif;\">Estamos, una vez m\u00e1s, ante una actitud obstaculizadora, basada en criterios pol\u00edticos y que nos hace retroceder a etapas que necesitamos superar. <\/span><\/p>\n<p><span style=\"font-family: Museo Sans Rounded, sans-serif;\">Si la Juntas de Tratamiento del cp de Basauri considera que este preso est\u00e1 en condiciones de estar en tercer grado penitenciario e insertado como estaba en el mundo laboral, le pedir\u00edamos que obre en consecuencia y vuelva a valorar y reiterar su progresi\u00f3n a tercer grado.<\/span><\/p>\n<p><img loading=\"lazy\" decoding=\"async\" class=\"alignnone wp-image-2547\" src=\"https:\/\/sare.eus\/wp-content\/uploads\/2022\/02\/KARTELA-JON-CRESPO_web-01-150x150.jpg\" alt=\"\" width=\"500\" height=\"707\" srcset=\"https:\/\/sare.eus\/wp-content\/uploads\/2022\/02\/KARTELA-JON-CRESPO_web-01-212x300.jpg 212w, https:\/\/sare.eus\/wp-content\/uploads\/2022\/02\/KARTELA-JON-CRESPO_web-01-724x1024.jpg 724w, https:\/\/sare.eus\/wp-content\/uploads\/2022\/02\/KARTELA-JON-CRESPO_web-01-768x1086.jpg 768w, https:\/\/sare.eus\/wp-content\/uploads\/2022\/02\/KARTELA-JON-CRESPO_web-01.jpg 842w\" sizes=\"(max-width: 500px) 100vw, 500px\" \/><\/p>\n","protected":false},"excerpt":{"rendered":"<p>La decisi\u00f3n de la Fiscal\u00eda de la Audiencia Nacional, rechazando el tercer grado penitenciario que la Juntas de Tratamiento de la prisi\u00f3n de El Dueso aprob\u00f3 para el preso vasco [&hellip;]<\/p>\n","protected":false},"author":2,"featured_media":2546,"comment_status":"closed","ping_status":"closed","sticky":false,"template":"","format":"standard","meta":{"_acf_changed":false,"_et_pb_use_builder":"off","_et_pb_old_content":"","_et_gb_content_width":"","footnotes":""},"categories":[69],"tags":[],"class_list":["post-2550","post","type-post","status-publish","format-standard","has-post-thumbnail","hentry","category-leyes-de-excepcion","et-has-post-format-content","et_post_format-et-post-format-standard"],"acf":[],"yoast_head":"<!-- This site is optimized with the Yoast SEO plugin v26.4 - https:\/\/yoast.com\/wordpress\/plugins\/seo\/ -->\n<title>NOTA de PRENSA: ante la encarcelaci\u00f3n del preso vasco Jon Crespo - Sare Herritarra<\/title>\n<meta name=\"robots\" content=\"index, follow, max-snippet:-1, max-image-preview:large, max-video-preview:-1\" \/>\n<link rel=\"canonical\" href=\"https:\/\/sare.eus\/es\/oharra-jon-cresporen-espetxeratzea-dela-eta\/\" \/>\n<meta property=\"og:locale\" content=\"es_ES\" \/>\n<meta property=\"og:type\" content=\"article\" \/>\n<meta property=\"og:title\" content=\"NOTA de PRENSA: ante la encarcelaci\u00f3n del preso vasco Jon Crespo - Sare Herritarra\" \/>\n<meta property=\"og:description\" content=\"La decisi\u00f3n de la Fiscal\u00eda de la Audiencia Nacional, rechazando el tercer grado penitenciario que la Juntas de Tratamiento de la prisi\u00f3n de El Dueso aprob\u00f3 para el preso vasco [&hellip;]\" \/>\n<meta property=\"og:url\" content=\"https:\/\/sare.eus\/es\/oharra-jon-cresporen-espetxeratzea-dela-eta\/\" \/>\n<meta property=\"og:site_name\" content=\"Sare Herritarra\" \/>\n<meta property=\"article:published_time\" content=\"2022-02-11T08:11:10+00:00\" \/>\n<meta property=\"article:modified_time\" content=\"2022-02-11T08:16:47+00:00\" \/>\n<meta property=\"og:image\" content=\"https:\/\/sare.eus\/wp-content\/uploads\/2022\/02\/ETXERAKO-BIDEAN-OZTOPORIK-EZ_web_Mesa-de-trabajo-1.jpg\" \/>\n\t<meta property=\"og:image:width\" content=\"1366\" \/>\n\t<meta property=\"og:image:height\" content=\"768\" \/>\n\t<meta property=\"og:image:type\" content=\"image\/jpeg\" \/>\n<meta name=\"author\" content=\"sare\" \/>\n<meta name=\"twitter:card\" content=\"summary_large_image\" \/>\n<meta name=\"twitter:label1\" content=\"Escrito por\" \/>\n\t<meta name=\"twitter:data1\" content=\"sare\" \/>\n\t<meta name=\"twitter:label2\" content=\"Tiempo de lectura\" \/>\n\t<meta name=\"twitter:data2\" content=\"2 minutos\" \/>\n<script type=\"application\/ld+json\" class=\"yoast-schema-graph\">{\"@context\":\"https:\/\/schema.org\",\"@graph\":[{\"@type\":\"Article\",\"@id\":\"https:\/\/sare.eus\/es\/oharra-jon-cresporen-espetxeratzea-dela-eta\/#article\",\"isPartOf\":{\"@id\":\"https:\/\/sare.eus\/es\/oharra-jon-cresporen-espetxeratzea-dela-eta\/\"},\"author\":{\"name\":\"sare\",\"@id\":\"https:\/\/sare.eus\/#\/schema\/person\/2fe6d0df294f56313d3ab236dbe38e17\"},\"headline\":\"NOTA de PRENSA: ante la encarcelaci\u00f3n del preso vasco Jon Crespo\",\"datePublished\":\"2022-02-11T08:11:10+00:00\",\"dateModified\":\"2022-02-11T08:16:47+00:00\",\"mainEntityOfPage\":{\"@id\":\"https:\/\/sare.eus\/es\/oharra-jon-cresporen-espetxeratzea-dela-eta\/\"},\"wordCount\":188,\"publisher\":{\"@id\":\"https:\/\/sare.eus\/#organization\"},\"image\":{\"@id\":\"https:\/\/sare.eus\/es\/oharra-jon-cresporen-espetxeratzea-dela-eta\/#primaryimage\"},\"thumbnailUrl\":\"https:\/\/sare.eus\/wp-content\/uploads\/2022\/02\/ETXERAKO-BIDEAN-OZTOPORIK-EZ_web_Mesa-de-trabajo-1.jpg\",\"articleSection\":[\"Leyes de Excepci\u00f3n\"],\"inLanguage\":\"es\"},{\"@type\":\"WebPage\",\"@id\":\"https:\/\/sare.eus\/es\/oharra-jon-cresporen-espetxeratzea-dela-eta\/\",\"url\":\"https:\/\/sare.eus\/es\/oharra-jon-cresporen-espetxeratzea-dela-eta\/\",\"name\":\"NOTA de PRENSA: ante la encarcelaci\u00f3n del preso vasco Jon Crespo - Sare Herritarra\",\"isPartOf\":{\"@id\":\"https:\/\/sare.eus\/#website\"},\"primaryImageOfPage\":{\"@id\":\"https:\/\/sare.eus\/es\/oharra-jon-cresporen-espetxeratzea-dela-eta\/#primaryimage\"},\"image\":{\"@id\":\"https:\/\/sare.eus\/es\/oharra-jon-cresporen-espetxeratzea-dela-eta\/#primaryimage\"},\"thumbnailUrl\":\"https:\/\/sare.eus\/wp-content\/uploads\/2022\/02\/ETXERAKO-BIDEAN-OZTOPORIK-EZ_web_Mesa-de-trabajo-1.jpg\",\"datePublished\":\"2022-02-11T08:11:10+00:00\",\"dateModified\":\"2022-02-11T08:16:47+00:00\",\"breadcrumb\":{\"@id\":\"https:\/\/sare.eus\/es\/oharra-jon-cresporen-espetxeratzea-dela-eta\/#breadcrumb\"},\"inLanguage\":\"es\",\"potentialAction\":[{\"@type\":\"ReadAction\",\"target\":[\"https:\/\/sare.eus\/es\/oharra-jon-cresporen-espetxeratzea-dela-eta\/\"]}]},{\"@type\":\"ImageObject\",\"inLanguage\":\"es\",\"@id\":\"https:\/\/sare.eus\/es\/oharra-jon-cresporen-espetxeratzea-dela-eta\/#primaryimage\",\"url\":\"https:\/\/sare.eus\/wp-content\/uploads\/2022\/02\/ETXERAKO-BIDEAN-OZTOPORIK-EZ_web_Mesa-de-trabajo-1.jpg\",\"contentUrl\":\"https:\/\/sare.eus\/wp-content\/uploads\/2022\/02\/ETXERAKO-BIDEAN-OZTOPORIK-EZ_web_Mesa-de-trabajo-1.jpg\",\"width\":1366,\"height\":768},{\"@type\":\"BreadcrumbList\",\"@id\":\"https:\/\/sare.eus\/es\/oharra-jon-cresporen-espetxeratzea-dela-eta\/#breadcrumb\",\"itemListElement\":[{\"@type\":\"ListItem\",\"position\":1,\"name\":\"Home\",\"item\":\"https:\/\/sare.eus\/\"},{\"@type\":\"ListItem\",\"position\":2,\"name\":\"NOTA de PRENSA: ante la encarcelaci\u00f3n del preso vasco Jon Crespo\"}]},{\"@type\":\"WebSite\",\"@id\":\"https:\/\/sare.eus\/#website\",\"url\":\"https:\/\/sare.eus\/\",\"name\":\"Sare Herritarra\",\"description\":\"KONPONBIDEAREN ETA GIZA ESKUBIDEEN ALDEKO SARE HERRITARRA\",\"publisher\":{\"@id\":\"https:\/\/sare.eus\/#organization\"},\"potentialAction\":[{\"@type\":\"SearchAction\",\"target\":{\"@type\":\"EntryPoint\",\"urlTemplate\":\"https:\/\/sare.eus\/?s={search_term_string}\"},\"query-input\":{\"@type\":\"PropertyValueSpecification\",\"valueRequired\":true,\"valueName\":\"search_term_string\"}}],\"inLanguage\":\"es\"},{\"@type\":\"Organization\",\"@id\":\"https:\/\/sare.eus\/#organization\",\"name\":\"Sare Herritarra\",\"url\":\"https:\/\/sare.eus\/\",\"logo\":{\"@type\":\"ImageObject\",\"inLanguage\":\"es\",\"@id\":\"https:\/\/sare.eus\/#\/schema\/logo\/image\/\",\"url\":\"https:\/\/sare.eus\/wp-content\/uploads\/2021\/08\/sare.png\",\"contentUrl\":\"https:\/\/sare.eus\/wp-content\/uploads\/2021\/08\/sare.png\",\"width\":120,\"height\":142,\"caption\":\"Sare Herritarra\"},\"image\":{\"@id\":\"https:\/\/sare.eus\/#\/schema\/logo\/image\/\"}},{\"@type\":\"Person\",\"@id\":\"https:\/\/sare.eus\/#\/schema\/person\/2fe6d0df294f56313d3ab236dbe38e17\",\"name\":\"sare\",\"image\":{\"@type\":\"ImageObject\",\"inLanguage\":\"es\",\"@id\":\"https:\/\/sare.eus\/#\/schema\/person\/image\/\",\"url\":\"https:\/\/secure.gravatar.com\/avatar\/77cad838677ceb1977e7b3c878b55eaa7fa4aae2158983063b047c3ad7ef2c25?s=96&d=mm&r=g\",\"contentUrl\":\"https:\/\/secure.gravatar.com\/avatar\/77cad838677ceb1977e7b3c878b55eaa7fa4aae2158983063b047c3ad7ef2c25?s=96&d=mm&r=g\",\"caption\":\"sare\"},\"url\":\"https:\/\/sare.eus\/es\/author\/sare\/\"}]}<\/script>\n<!-- \/ Yoast SEO plugin. -->","yoast_head_json":{"title":"NOTA de PRENSA: ante la encarcelaci\u00f3n del preso vasco Jon Crespo - Sare Herritarra","robots":{"index":"index","follow":"follow","max-snippet":"max-snippet:-1","max-image-preview":"max-image-preview:large","max-video-preview":"max-video-preview:-1"},"canonical":"https:\/\/sare.eus\/es\/oharra-jon-cresporen-espetxeratzea-dela-eta\/","og_locale":"es_ES","og_type":"article","og_title":"NOTA de PRENSA: ante la encarcelaci\u00f3n del preso vasco Jon Crespo - Sare Herritarra","og_description":"La decisi\u00f3n de la Fiscal\u00eda de la Audiencia Nacional, rechazando el tercer grado penitenciario que la Juntas de Tratamiento de la prisi\u00f3n de El Dueso aprob\u00f3 para el preso vasco [&hellip;]","og_url":"https:\/\/sare.eus\/es\/oharra-jon-cresporen-espetxeratzea-dela-eta\/","og_site_name":"Sare Herritarra","article_published_time":"2022-02-11T08:11:10+00:00","article_modified_time":"2022-02-11T08:16:47+00:00","og_image":[{"width":1366,"height":768,"url":"https:\/\/sare.eus\/wp-content\/uploads\/2022\/02\/ETXERAKO-BIDEAN-OZTOPORIK-EZ_web_Mesa-de-trabajo-1.jpg","type":"image\/jpeg"}],"author":"sare","twitter_card":"summary_large_image","twitter_misc":{"Escrito por":"sare","Tiempo de lectura":"2 minutos"},"schema":{"@context":"https:\/\/schema.org","@graph":[{"@type":"Article","@id":"https:\/\/sare.eus\/es\/oharra-jon-cresporen-espetxeratzea-dela-eta\/#article","isPartOf":{"@id":"https:\/\/sare.eus\/es\/oharra-jon-cresporen-espetxeratzea-dela-eta\/"},"author":{"name":"sare","@id":"https:\/\/sare.eus\/#\/schema\/person\/2fe6d0df294f56313d3ab236dbe38e17"},"headline":"NOTA de PRENSA: ante la encarcelaci\u00f3n del preso vasco Jon Crespo","datePublished":"2022-02-11T08:11:10+00:00","dateModified":"2022-02-11T08:16:47+00:00","mainEntityOfPage":{"@id":"https:\/\/sare.eus\/es\/oharra-jon-cresporen-espetxeratzea-dela-eta\/"},"wordCount":188,"publisher":{"@id":"https:\/\/sare.eus\/#organization"},"image":{"@id":"https:\/\/sare.eus\/es\/oharra-jon-cresporen-espetxeratzea-dela-eta\/#primaryimage"},"thumbnailUrl":"https:\/\/sare.eus\/wp-content\/uploads\/2022\/02\/ETXERAKO-BIDEAN-OZTOPORIK-EZ_web_Mesa-de-trabajo-1.jpg","articleSection":["Leyes de Excepci\u00f3n"],"inLanguage":"es"},{"@type":"WebPage","@id":"https:\/\/sare.eus\/es\/oharra-jon-cresporen-espetxeratzea-dela-eta\/","url":"https:\/\/sare.eus\/es\/oharra-jon-cresporen-espetxeratzea-dela-eta\/","name":"NOTA de PRENSA: ante la encarcelaci\u00f3n del preso vasco Jon Crespo - Sare Herritarra","isPartOf":{"@id":"https:\/\/sare.eus\/#website"},"primaryImageOfPage":{"@id":"https:\/\/sare.eus\/es\/oharra-jon-cresporen-espetxeratzea-dela-eta\/#primaryimage"},"image":{"@id":"https:\/\/sare.eus\/es\/oharra-jon-cresporen-espetxeratzea-dela-eta\/#primaryimage"},"thumbnailUrl":"https:\/\/sare.eus\/wp-content\/uploads\/2022\/02\/ETXERAKO-BIDEAN-OZTOPORIK-EZ_web_Mesa-de-trabajo-1.jpg","datePublished":"2022-02-11T08:11:10+00:00","dateModified":"2022-02-11T08:16:47+00:00","breadcrumb":{"@id":"https:\/\/sare.eus\/es\/oharra-jon-cresporen-espetxeratzea-dela-eta\/#breadcrumb"},"inLanguage":"es","potentialAction":[{"@type":"ReadAction","target":["https:\/\/sare.eus\/es\/oharra-jon-cresporen-espetxeratzea-dela-eta\/"]}]},{"@type":"ImageObject","inLanguage":"es","@id":"https:\/\/sare.eus\/es\/oharra-jon-cresporen-espetxeratzea-dela-eta\/#primaryimage","url":"https:\/\/sare.eus\/wp-content\/uploads\/2022\/02\/ETXERAKO-BIDEAN-OZTOPORIK-EZ_web_Mesa-de-trabajo-1.jpg","contentUrl":"https:\/\/sare.eus\/wp-content\/uploads\/2022\/02\/ETXERAKO-BIDEAN-OZTOPORIK-EZ_web_Mesa-de-trabajo-1.jpg","width":1366,"height":768},{"@type":"BreadcrumbList","@id":"https:\/\/sare.eus\/es\/oharra-jon-cresporen-espetxeratzea-dela-eta\/#breadcrumb","itemListElement":[{"@type":"ListItem","position":1,"name":"Home","item":"https:\/\/sare.eus\/"},{"@type":"ListItem","position":2,"name":"NOTA de PRENSA: ante la encarcelaci\u00f3n del preso vasco Jon Crespo"}]},{"@type":"WebSite","@id":"https:\/\/sare.eus\/#website","url":"https:\/\/sare.eus\/","name":"Sare Herritarra","description":"KONPONBIDEAREN ETA GIZA ESKUBIDEEN ALDEKO SARE HERRITARRA","publisher":{"@id":"https:\/\/sare.eus\/#organization"},"potentialAction":[{"@type":"SearchAction","target":{"@type":"EntryPoint","urlTemplate":"https:\/\/sare.eus\/?s={search_term_string}"},"query-input":{"@type":"PropertyValueSpecification","valueRequired":true,"valueName":"search_term_string"}}],"inLanguage":"es"},{"@type":"Organization","@id":"https:\/\/sare.eus\/#organization","name":"Sare Herritarra","url":"https:\/\/sare.eus\/","logo":{"@type":"ImageObject","inLanguage":"es","@id":"https:\/\/sare.eus\/#\/schema\/logo\/image\/","url":"https:\/\/sare.eus\/wp-content\/uploads\/2021\/08\/sare.png","contentUrl":"https:\/\/sare.eus\/wp-content\/uploads\/2021\/08\/sare.png","width":120,"height":142,"caption":"Sare Herritarra"},"image":{"@id":"https:\/\/sare.eus\/#\/schema\/logo\/image\/"}},{"@type":"Person","@id":"https:\/\/sare.eus\/#\/schema\/person\/2fe6d0df294f56313d3ab236dbe38e17","name":"sare","image":{"@type":"ImageObject","inLanguage":"es","@id":"https:\/\/sare.eus\/#\/schema\/person\/image\/","url":"https:\/\/secure.gravatar.com\/avatar\/77cad838677ceb1977e7b3c878b55eaa7fa4aae2158983063b047c3ad7ef2c25?s=96&d=mm&r=g","contentUrl":"https:\/\/secure.gravatar.com\/avatar\/77cad838677ceb1977e7b3c878b55eaa7fa4aae2158983063b047c3ad7ef2c25?s=96&d=mm&r=g","caption":"sare"},"url":"https:\/\/sare.eus\/es\/author\/sare\/"}]}},"_links":{"self":[{"href":"https:\/\/sare.eus\/es\/wp-json\/wp\/v2\/posts\/2550","targetHints":{"allow":["GET"]}}],"collection":[{"href":"https:\/\/sare.eus\/es\/wp-json\/wp\/v2\/posts"}],"about":[{"href":"https:\/\/sare.eus\/es\/wp-json\/wp\/v2\/types\/post"}],"author":[{"embeddable":true,"href":"https:\/\/sare.eus\/es\/wp-json\/wp\/v2\/users\/2"}],"replies":[{"embeddable":true,"href":"https:\/\/sare.eus\/es\/wp-json\/wp\/v2\/comments?post=2550"}],"version-history":[{"count":2,"href":"https:\/\/sare.eus\/es\/wp-json\/wp\/v2\/posts\/2550\/revisions"}],"predecessor-version":[{"id":2553,"href":"https:\/\/sare.eus\/es\/wp-json\/wp\/v2\/posts\/2550\/revisions\/2553"}],"wp:featuredmedia":[{"embeddable":true,"href":"https:\/\/sare.eus\/es\/wp-json\/wp\/v2\/media\/2546"}],"wp:attachment":[{"href":"https:\/\/sare.eus\/es\/wp-json\/wp\/v2\/media?parent=2550"}],"wp:term":[{"taxonomy":"category","embeddable":true,"href":"https:\/\/sare.eus\/es\/wp-json\/wp\/v2\/categories?post=2550"},{"taxonomy":"post_tag","embeddable":true,"href":"https:\/\/sare.eus\/es\/wp-json\/wp\/v2\/tags?post=2550"}],"curies":[{"name":"wp","href":"https:\/\/api.w.org\/{rel}","templated":true}]}}