{"id":2529,"date":"2022-02-04T10:10:03","date_gmt":"2022-02-04T10:10:03","guid":{"rendered":"https:\/\/sare.eus\/donostiako-antzoki-zaharrean-estreinatu-zen-tipularen-sehaska-kanta-film-dokumentala\/"},"modified":"2022-05-11T08:16:17","modified_gmt":"2022-05-11T08:16:17","slug":"donostiako-antzoki-zaharrean-estreinatu-zen-tipularen-sehaska-kanta-film-dokumentala","status":"publish","type":"post","link":"https:\/\/sare.eus\/es\/donostiako-antzoki-zaharrean-estreinatu-zen-tipularen-sehaska-kanta-film-dokumentala\/","title":{"rendered":"SE ESTREN\u00d3 EN EL TEATRO PRINCIPAL DE DONOSTIA LA FILM-DOCUMENTAL \u00abTIPULAREN SEHASKA KANTA\u00bb"},"content":{"rendered":"\n<blockquote class=\"wp-block-quote is-layout-flow wp-block-quote-is-layout-flow\"><p><strong>Tipularen sehaska kanta, Un film-documental dirigido por Lander Garro, una pel\u00edcula que pretende traer a la luz el dolor que supone la enfermedad en prisi\u00f3n.&nbsp;<\/strong><\/p><\/blockquote>\n\n\n<p><b>Pr\u00f3ximas<\/b><strong>\u00a0emisiones:\u00a0<\/strong><\/p>\n<p><strong>MAIATZA\/MAYO:<\/strong><\/p>\n<p><del>Maiatzak 03 \u00b7 Ordizia \u00b7 19:30 \u00b7 Herri Antzokia<\/del><\/p>\n<p><del>Maiatzak 05 \u00b7 Altsasu \u00b7 18:30 \u00b7 Kukuerrekan<\/del><\/p>\n<p><del>Maiatzak 05 \u00b7 Portugalete \u00b7 19:30 \u00b7 Merkatuan<\/del><\/p>\n<p><del>Maiatzak 06 \u00b7 Deba \u00b7 19:00 \u00b7 Kultur Elkartean<\/del><\/p>\n<p><del>Maiatzak 06 \u00b7 Zumaia \u00b7 20:00 \u00b7 Aita Mari Zineman<\/del><\/p>\n<p><del>Maiatzak 06 \u00b7 Elizondo \u00b7 19:00 \u00b7 Arizkunenean<\/del><\/p>\n<p><del>Maiatzak 06 \u00b7 Uharte Arakil \u00b7 19:00 \u00b7 Udaletxean<\/del><\/p>\n<p>Maiatzak 12 \u00b7 Igorre \u00b7 19:00 \u00b7 Kultur Etxean<\/p>\n<p>Maiatzak 13 \u00b7 Etxauri \u00b7 19:00 \u00b7 Udaletxean<\/p>\n<p>Maiatzak 18 \u00b7 Lazkao \u00b7 18:30 \u00b7 Areriako zinema aretoan<\/p>\n<p>Maiatzak 19 \u00b7 Uharte \u00b7 19:00 \u00b7 Kultur Etxean<\/p>\n<p>Maiatzak 20 \u00b7 Etxebarri \u00b7 19:00 \u00b7 Kultur Aretoan<\/p>\n<p>Maiatzak 20 \u00b7 Ma\u00f1aria \u00b7 19:00 \u00b7 Liburutegi Zaharra<\/p>\n<p>Maiatzak 25 \u00b7 Ermua \u00b7 18:30 \u00b7 Lobiano Kultur Gunea<\/p>\n<p>Maiatzak 27 \u00b7 Ataun \u00b7 18:00 \u00b7 Herri Antzokian <br \/><br \/><strong>EKAINA<\/strong><\/p>\n<p>Ekainak 9 \u00b7 Itzubaltzeta \u00b7 19:30 \u00b7 RKE (Itzubaltzetan-Romo kultur etxea)<\/p>\n\n\n<div class=\"wp-block-columns is-layout-flex wp-container-core-columns-is-layout-9d6595d7 wp-block-columns-is-layout-flex\">\n<div class=\"wp-block-column is-layout-flow wp-block-column-is-layout-flow\">\n<figure class=\"wp-block-embed is-type-rich is-provider-twitter wp-block-embed-twitter\"><div class=\"wp-block-embed__wrapper\">\n<blockquote class=\"twitter-tweet\" data-width=\"550\" data-dnt=\"true\"><p lang=\"eu\" dir=\"ltr\">\u2018Tipularen sehaska-kanta\u2019, kartzela eta eritasunaren sinbiosiari ispilua <a href=\"https:\/\/t.co\/aUtVtz64L0\">https:\/\/t.co\/aUtVtz64L0<\/a> <a href=\"https:\/\/twitter.com\/GARA_olarretxea?ref_src=twsrc%5Etfw\">@GARA_olarretxea<\/a>, Donostian <a href=\"https:\/\/twitter.com\/sare_herritarra?ref_src=twsrc%5Etfw\">@sare_herritarra<\/a>-ren eskutik aurkeztu duten <a href=\"https:\/\/twitter.com\/landergarro?ref_src=twsrc%5Etfw\">@landergarro<\/a>-ren film dokumentalaz <a href=\"https:\/\/t.co\/CbEeLKorbc\">pic.twitter.com\/CbEeLKorbc<\/a><\/p>&mdash; naiz: (@naiz_info) <a href=\"https:\/\/twitter.com\/naiz_info\/status\/1489329215623381001?ref_src=twsrc%5Etfw\">February 3, 2022<\/a><\/blockquote><script async src=\"https:\/\/platform.twitter.com\/widgets.js\" charset=\"utf-8\"><\/script>\n<\/div><\/figure>\n<\/div>\n\n\n\n<div class=\"wp-block-column is-layout-flow wp-block-column-is-layout-flow\">\n<figure class=\"wp-block-embed is-type-rich is-provider-twitter wp-block-embed-twitter\"><div class=\"wp-block-embed__wrapper\">\n<blockquote class=\"twitter-tweet\" data-width=\"550\" data-dnt=\"true\"><p lang=\"eu\" dir=\"ltr\">Lander Garrok zuzenduta, espetxean gaixo egotea zer den lantzen du &#39;Tipularen sehaska kanta&#39; dokumentalak. Atzo estreinatu zuten lana, Donostiako Antzoki Zaharrean. <a href=\"https:\/\/twitter.com\/landergarro?ref_src=twsrc%5Etfw\">@landergarro<\/a> <a href=\"https:\/\/twitter.com\/UrdalletaIrati?ref_src=twsrc%5Etfw\">@UrdalletaIrati<\/a><a href=\"https:\/\/t.co\/lT9aLIIcNK\">https:\/\/t.co\/lT9aLIIcNK<\/a><\/p>&mdash; Berria.eus (@berria) <a href=\"https:\/\/twitter.com\/berria\/status\/1489509031823687680?ref_src=twsrc%5Etfw\">February 4, 2022<\/a><\/blockquote><script async src=\"https:\/\/platform.twitter.com\/widgets.js\" charset=\"utf-8\"><\/script>\n<\/div><\/figure>\n<\/div>\n<\/div>\n\n\n\n<hr class=\"wp-block-separator\"\/>\n\n\n\n<p><strong>Tipularen sehaska kanta (2021)<\/strong><\/p>\n\n\n\n<p>Euskal Herria. Zuzendaritza: Lander Garro.<\/p>\n\n\n\n<p>Duraci\u00f3n: 83 min.<\/p>\n\n\n\n<p>Idioma: euskara, gaztelania (subtituloak)<\/p>\n\n\n\n<p><strong>SINOPSIS.<\/strong>&nbsp;Ir al m\u00e9dico para hacer un diagn\u00f3stico o para tener un tratamiento es algo com\u00fan en el mundo exterior. Pero para todo preso\/a es un camino muy dif\u00edcil o imposible. Lander Garro, el director, acude a quienes han vivido la experiencia de estar enfermo en la c\u00e1rcel para entender mejor qu\u00e9 consecuencias tiene. Utiliza un lenguaje que va m\u00e1s all\u00e1 del discurso pol\u00edtico, explorando la indefensi\u00f3n de los\/as presos\/as que se les lim\u00edta el derecho a la salud desde el punto de vista emocional, a traves de herramientas cinematogr\u00e1ficas. Nana de la cebolla m\u00e1s que una pel\u00edcula pol\u00edtica es una pel\u00edcula art\u00edstica, narrada en primera persona y desde las entra\u00f1as. A partir del poema Nana de la cebolla del poeta espa\u00f1ol Miguel Hern\u00e1ndez, muerto en la c\u00e1rcel en 1942, la pel\u00edcula hace una analog\u00eda hist\u00f3rica: si no ten\u00eda sentido morir en prisi\u00f3n el 1936, \u00bftiene sentido hoy?<\/p>\n\n\n\n<p><strong><a href=\"\" target=\"_blank\" rel=\"noreferrer noopener\">Teserra: <\/a><\/strong><a href=\"https:\/\/youtu.be\/3nERKm_sqdg\" target=\"_blank\" rel=\"noreferrer noopener\">https:\/\/youtu.be\/3nERKm_sqdg <\/a><\/p>\n\n\n\n<p><\/p>\n\n\n\n<figure class=\"wp-block-gallery columns-3 is-cropped wp-block-gallery-1 is-layout-flex wp-block-gallery-is-layout-flex\"><ul class=\"blocks-gallery-grid\"><li class=\"blocks-gallery-item\"><figure><img loading=\"lazy\" decoding=\"async\" width=\"1024\" height=\"635\" src=\"https:\/\/sare.eus\/wp-content\/uploads\/2022\/02\/00-1024x635.jpg\" alt=\"\" data-id=\"2505\" data-full-url=\"https:\/\/sare.eus\/wp-content\/uploads\/2022\/02\/00.jpg\" data-link=\"https:\/\/sare.eus\/?attachment_id=2505\" class=\"wp-image-2505\" srcset=\"https:\/\/sare.eus\/wp-content\/uploads\/2022\/02\/00-1024x635.jpg 1024w, https:\/\/sare.eus\/wp-content\/uploads\/2022\/02\/00-300x186.jpg 300w, https:\/\/sare.eus\/wp-content\/uploads\/2022\/02\/00-768x476.jpg 768w, https:\/\/sare.eus\/wp-content\/uploads\/2022\/02\/00-1080x669.jpg 1080w, https:\/\/sare.eus\/wp-content\/uploads\/2022\/02\/00.jpg 1320w\" sizes=\"(max-width: 1024px) 100vw, 1024px\" \/><\/figure><\/li><li class=\"blocks-gallery-item\"><figure><img loading=\"lazy\" decoding=\"async\" width=\"1024\" height=\"687\" src=\"https:\/\/sare.eus\/wp-content\/uploads\/2022\/02\/01-1024x687.jpg\" alt=\"\" data-id=\"2507\" data-full-url=\"https:\/\/sare.eus\/wp-content\/uploads\/2022\/02\/01.jpg\" data-link=\"https:\/\/sare.eus\/?attachment_id=2507\" class=\"wp-image-2507\" srcset=\"https:\/\/sare.eus\/wp-content\/uploads\/2022\/02\/01-1024x687.jpg 1024w, https:\/\/sare.eus\/wp-content\/uploads\/2022\/02\/01-300x201.jpg 300w, https:\/\/sare.eus\/wp-content\/uploads\/2022\/02\/01-768x516.jpg 768w, https:\/\/sare.eus\/wp-content\/uploads\/2022\/02\/01-1080x725.jpg 1080w, https:\/\/sare.eus\/wp-content\/uploads\/2022\/02\/01.jpg 1436w\" sizes=\"(max-width: 1024px) 100vw, 1024px\" \/><\/figure><\/li><li class=\"blocks-gallery-item\"><figure><img loading=\"lazy\" decoding=\"async\" width=\"1024\" height=\"723\" src=\"https:\/\/sare.eus\/wp-content\/uploads\/2022\/02\/02-1024x723.jpg\" alt=\"\" data-id=\"2509\" data-full-url=\"https:\/\/sare.eus\/wp-content\/uploads\/2022\/02\/02.jpg\" data-link=\"https:\/\/sare.eus\/?attachment_id=2509\" class=\"wp-image-2509\" srcset=\"https:\/\/sare.eus\/wp-content\/uploads\/2022\/02\/02-1024x723.jpg 1024w, https:\/\/sare.eus\/wp-content\/uploads\/2022\/02\/02-300x212.jpg 300w, https:\/\/sare.eus\/wp-content\/uploads\/2022\/02\/02-768x543.jpg 768w, https:\/\/sare.eus\/wp-content\/uploads\/2022\/02\/02-1536x1085.jpg 1536w, https:\/\/sare.eus\/wp-content\/uploads\/2022\/02\/02-1080x763.jpg 1080w, https:\/\/sare.eus\/wp-content\/uploads\/2022\/02\/02.jpg 1608w\" sizes=\"(max-width: 1024px) 100vw, 1024px\" \/><\/figure><\/li><li class=\"blocks-gallery-item\"><figure><img loading=\"lazy\" decoding=\"async\" width=\"1024\" height=\"664\" src=\"https:\/\/sare.eus\/wp-content\/uploads\/2022\/02\/03-1024x664.jpg\" alt=\"\" data-id=\"2511\" data-full-url=\"https:\/\/sare.eus\/wp-content\/uploads\/2022\/02\/03.jpg\" data-link=\"https:\/\/sare.eus\/?attachment_id=2511\" class=\"wp-image-2511\" srcset=\"https:\/\/sare.eus\/wp-content\/uploads\/2022\/02\/03-1024x664.jpg 1024w, https:\/\/sare.eus\/wp-content\/uploads\/2022\/02\/03-300x194.jpg 300w, https:\/\/sare.eus\/wp-content\/uploads\/2022\/02\/03-768x498.jpg 768w, https:\/\/sare.eus\/wp-content\/uploads\/2022\/02\/03-1536x995.jpg 1536w, https:\/\/sare.eus\/wp-content\/uploads\/2022\/02\/03-1080x700.jpg 1080w, https:\/\/sare.eus\/wp-content\/uploads\/2022\/02\/03.jpg 1716w\" sizes=\"(max-width: 1024px) 100vw, 1024px\" \/><\/figure><\/li><li class=\"blocks-gallery-item\"><figure><img loading=\"lazy\" decoding=\"async\" width=\"1024\" height=\"617\" src=\"https:\/\/sare.eus\/wp-content\/uploads\/2022\/02\/04-1024x617.jpg\" alt=\"\" data-id=\"2513\" data-full-url=\"https:\/\/sare.eus\/wp-content\/uploads\/2022\/02\/04.jpg\" data-link=\"https:\/\/sare.eus\/?attachment_id=2513\" class=\"wp-image-2513\" srcset=\"https:\/\/sare.eus\/wp-content\/uploads\/2022\/02\/04-1024x617.jpg 1024w, https:\/\/sare.eus\/wp-content\/uploads\/2022\/02\/04-300x181.jpg 300w, https:\/\/sare.eus\/wp-content\/uploads\/2022\/02\/04-768x463.jpg 768w, https:\/\/sare.eus\/wp-content\/uploads\/2022\/02\/04-1080x651.jpg 1080w, https:\/\/sare.eus\/wp-content\/uploads\/2022\/02\/04-440x264.jpg 440w, https:\/\/sare.eus\/wp-content\/uploads\/2022\/02\/04.jpg 1199w\" sizes=\"(max-width: 1024px) 100vw, 1024px\" \/><\/figure><\/li><\/ul><\/figure>\n","protected":false},"excerpt":{"rendered":"<p>Tipularen sehaska kanta, Un film-documental dirigido por Lander Garro, una pel\u00edcula que pretende traer a la luz el dolor que supone la enfermedad en prisi\u00f3n.&nbsp; Pr\u00f3ximas\u00a0emisiones:\u00a0 MAIATZA\/MAYO: Maiatzak 03 \u00b7 [&hellip;]<\/p>\n","protected":false},"author":2,"featured_media":2510,"comment_status":"closed","ping_status":"closed","sticky":false,"template":"","format":"standard","meta":{"_acf_changed":false,"_et_pb_use_builder":"off","_et_pb_old_content":"","_et_gb_content_width":"","footnotes":""},"categories":[64],"tags":[],"class_list":["post-2529","post","type-post","status-publish","format-standard","has-post-thumbnail","hentry","category-enfermos-graves","et-has-post-format-content","et_post_format-et-post-format-standard"],"acf":[],"yoast_head":"<!-- This site is optimized with the Yoast SEO plugin v26.4 - https:\/\/yoast.com\/wordpress\/plugins\/seo\/ -->\n<title>SE ESTREN\u00d3 EN EL TEATRO PRINCIPAL DE DONOSTIA LA FILM-DOCUMENTAL &quot;TIPULAREN SEHASKA KANTA&quot; - Sare Herritarra<\/title>\n<meta name=\"robots\" content=\"index, follow, max-snippet:-1, max-image-preview:large, max-video-preview:-1\" \/>\n<link rel=\"canonical\" href=\"https:\/\/sare.eus\/es\/donostiako-antzoki-zaharrean-estreinatu-zen-tipularen-sehaska-kanta-film-dokumentala\/\" \/>\n<meta property=\"og:locale\" content=\"es_ES\" \/>\n<meta property=\"og:type\" content=\"article\" \/>\n<meta property=\"og:title\" content=\"SE ESTREN\u00d3 EN EL TEATRO PRINCIPAL DE DONOSTIA LA FILM-DOCUMENTAL &quot;TIPULAREN SEHASKA KANTA&quot; - Sare Herritarra\" \/>\n<meta property=\"og:description\" content=\"Tipularen sehaska kanta, Un film-documental dirigido por Lander Garro, una pel\u00edcula que pretende traer a la luz el dolor que supone la enfermedad en prisi\u00f3n.&nbsp; Pr\u00f3ximas\u00a0emisiones:\u00a0 MAIATZA\/MAYO: Maiatzak 03 \u00b7 [&hellip;]\" \/>\n<meta property=\"og:url\" content=\"https:\/\/sare.eus\/es\/donostiako-antzoki-zaharrean-estreinatu-zen-tipularen-sehaska-kanta-film-dokumentala\/\" \/>\n<meta property=\"og:site_name\" content=\"Sare Herritarra\" \/>\n<meta property=\"article:published_time\" content=\"2022-02-04T10:10:03+00:00\" \/>\n<meta property=\"article:modified_time\" content=\"2022-05-11T08:16:17+00:00\" \/>\n<meta property=\"og:image\" content=\"https:\/\/sare.eus\/wp-content\/uploads\/2022\/02\/02.jpg\" \/>\n\t<meta property=\"og:image:width\" content=\"1608\" \/>\n\t<meta property=\"og:image:height\" content=\"1136\" \/>\n\t<meta property=\"og:image:type\" content=\"image\/jpeg\" \/>\n<meta name=\"author\" content=\"sare\" \/>\n<meta name=\"twitter:card\" content=\"summary_large_image\" \/>\n<meta name=\"twitter:label1\" content=\"Escrito por\" \/>\n\t<meta name=\"twitter:data1\" content=\"sare\" \/>\n\t<meta name=\"twitter:label2\" content=\"Tiempo de lectura\" \/>\n\t<meta name=\"twitter:data2\" content=\"3 minutos\" \/>\n<script type=\"application\/ld+json\" class=\"yoast-schema-graph\">{\"@context\":\"https:\/\/schema.org\",\"@graph\":[{\"@type\":\"Article\",\"@id\":\"https:\/\/sare.eus\/es\/donostiako-antzoki-zaharrean-estreinatu-zen-tipularen-sehaska-kanta-film-dokumentala\/#article\",\"isPartOf\":{\"@id\":\"https:\/\/sare.eus\/es\/donostiako-antzoki-zaharrean-estreinatu-zen-tipularen-sehaska-kanta-film-dokumentala\/\"},\"author\":{\"name\":\"sare\",\"@id\":\"https:\/\/sare.eus\/#\/schema\/person\/2fe6d0df294f56313d3ab236dbe38e17\"},\"headline\":\"SE ESTREN\u00d3 EN EL TEATRO PRINCIPAL DE DONOSTIA LA FILM-DOCUMENTAL \u00abTIPULAREN SEHASKA KANTA\u00bb\",\"datePublished\":\"2022-02-04T10:10:03+00:00\",\"dateModified\":\"2022-05-11T08:16:17+00:00\",\"mainEntityOfPage\":{\"@id\":\"https:\/\/sare.eus\/es\/donostiako-antzoki-zaharrean-estreinatu-zen-tipularen-sehaska-kanta-film-dokumentala\/\"},\"wordCount\":329,\"publisher\":{\"@id\":\"https:\/\/sare.eus\/#organization\"},\"image\":{\"@id\":\"https:\/\/sare.eus\/es\/donostiako-antzoki-zaharrean-estreinatu-zen-tipularen-sehaska-kanta-film-dokumentala\/#primaryimage\"},\"thumbnailUrl\":\"https:\/\/sare.eus\/wp-content\/uploads\/2022\/02\/02.jpg\",\"articleSection\":[\"Enfermos Graves\"],\"inLanguage\":\"es\"},{\"@type\":\"WebPage\",\"@id\":\"https:\/\/sare.eus\/es\/donostiako-antzoki-zaharrean-estreinatu-zen-tipularen-sehaska-kanta-film-dokumentala\/\",\"url\":\"https:\/\/sare.eus\/es\/donostiako-antzoki-zaharrean-estreinatu-zen-tipularen-sehaska-kanta-film-dokumentala\/\",\"name\":\"SE ESTREN\u00d3 EN EL TEATRO PRINCIPAL DE DONOSTIA LA FILM-DOCUMENTAL \\\"TIPULAREN SEHASKA KANTA\\\" - Sare Herritarra\",\"isPartOf\":{\"@id\":\"https:\/\/sare.eus\/#website\"},\"primaryImageOfPage\":{\"@id\":\"https:\/\/sare.eus\/es\/donostiako-antzoki-zaharrean-estreinatu-zen-tipularen-sehaska-kanta-film-dokumentala\/#primaryimage\"},\"image\":{\"@id\":\"https:\/\/sare.eus\/es\/donostiako-antzoki-zaharrean-estreinatu-zen-tipularen-sehaska-kanta-film-dokumentala\/#primaryimage\"},\"thumbnailUrl\":\"https:\/\/sare.eus\/wp-content\/uploads\/2022\/02\/02.jpg\",\"datePublished\":\"2022-02-04T10:10:03+00:00\",\"dateModified\":\"2022-05-11T08:16:17+00:00\",\"breadcrumb\":{\"@id\":\"https:\/\/sare.eus\/es\/donostiako-antzoki-zaharrean-estreinatu-zen-tipularen-sehaska-kanta-film-dokumentala\/#breadcrumb\"},\"inLanguage\":\"es\",\"potentialAction\":[{\"@type\":\"ReadAction\",\"target\":[\"https:\/\/sare.eus\/es\/donostiako-antzoki-zaharrean-estreinatu-zen-tipularen-sehaska-kanta-film-dokumentala\/\"]}]},{\"@type\":\"ImageObject\",\"inLanguage\":\"es\",\"@id\":\"https:\/\/sare.eus\/es\/donostiako-antzoki-zaharrean-estreinatu-zen-tipularen-sehaska-kanta-film-dokumentala\/#primaryimage\",\"url\":\"https:\/\/sare.eus\/wp-content\/uploads\/2022\/02\/02.jpg\",\"contentUrl\":\"https:\/\/sare.eus\/wp-content\/uploads\/2022\/02\/02.jpg\",\"width\":1608,\"height\":1136},{\"@type\":\"BreadcrumbList\",\"@id\":\"https:\/\/sare.eus\/es\/donostiako-antzoki-zaharrean-estreinatu-zen-tipularen-sehaska-kanta-film-dokumentala\/#breadcrumb\",\"itemListElement\":[{\"@type\":\"ListItem\",\"position\":1,\"name\":\"Home\",\"item\":\"https:\/\/sare.eus\/\"},{\"@type\":\"ListItem\",\"position\":2,\"name\":\"SE ESTREN\u00d3 EN EL TEATRO PRINCIPAL DE DONOSTIA LA FILM-DOCUMENTAL \u00abTIPULAREN SEHASKA KANTA\u00bb\"}]},{\"@type\":\"WebSite\",\"@id\":\"https:\/\/sare.eus\/#website\",\"url\":\"https:\/\/sare.eus\/\",\"name\":\"Sare Herritarra\",\"description\":\"KONPONBIDEAREN ETA GIZA ESKUBIDEEN ALDEKO SARE HERRITARRA\",\"publisher\":{\"@id\":\"https:\/\/sare.eus\/#organization\"},\"potentialAction\":[{\"@type\":\"SearchAction\",\"target\":{\"@type\":\"EntryPoint\",\"urlTemplate\":\"https:\/\/sare.eus\/?s={search_term_string}\"},\"query-input\":{\"@type\":\"PropertyValueSpecification\",\"valueRequired\":true,\"valueName\":\"search_term_string\"}}],\"inLanguage\":\"es\"},{\"@type\":\"Organization\",\"@id\":\"https:\/\/sare.eus\/#organization\",\"name\":\"Sare Herritarra\",\"url\":\"https:\/\/sare.eus\/\",\"logo\":{\"@type\":\"ImageObject\",\"inLanguage\":\"es\",\"@id\":\"https:\/\/sare.eus\/#\/schema\/logo\/image\/\",\"url\":\"https:\/\/sare.eus\/wp-content\/uploads\/2021\/08\/sare.png\",\"contentUrl\":\"https:\/\/sare.eus\/wp-content\/uploads\/2021\/08\/sare.png\",\"width\":120,\"height\":142,\"caption\":\"Sare Herritarra\"},\"image\":{\"@id\":\"https:\/\/sare.eus\/#\/schema\/logo\/image\/\"}},{\"@type\":\"Person\",\"@id\":\"https:\/\/sare.eus\/#\/schema\/person\/2fe6d0df294f56313d3ab236dbe38e17\",\"name\":\"sare\",\"image\":{\"@type\":\"ImageObject\",\"inLanguage\":\"es\",\"@id\":\"https:\/\/sare.eus\/#\/schema\/person\/image\/\",\"url\":\"https:\/\/secure.gravatar.com\/avatar\/77cad838677ceb1977e7b3c878b55eaa7fa4aae2158983063b047c3ad7ef2c25?s=96&d=mm&r=g\",\"contentUrl\":\"https:\/\/secure.gravatar.com\/avatar\/77cad838677ceb1977e7b3c878b55eaa7fa4aae2158983063b047c3ad7ef2c25?s=96&d=mm&r=g\",\"caption\":\"sare\"},\"url\":\"https:\/\/sare.eus\/es\/author\/sare\/\"}]}<\/script>\n<!-- \/ Yoast SEO plugin. -->","yoast_head_json":{"title":"SE ESTREN\u00d3 EN EL TEATRO PRINCIPAL DE DONOSTIA LA FILM-DOCUMENTAL \"TIPULAREN SEHASKA KANTA\" - Sare Herritarra","robots":{"index":"index","follow":"follow","max-snippet":"max-snippet:-1","max-image-preview":"max-image-preview:large","max-video-preview":"max-video-preview:-1"},"canonical":"https:\/\/sare.eus\/es\/donostiako-antzoki-zaharrean-estreinatu-zen-tipularen-sehaska-kanta-film-dokumentala\/","og_locale":"es_ES","og_type":"article","og_title":"SE ESTREN\u00d3 EN EL TEATRO PRINCIPAL DE DONOSTIA LA FILM-DOCUMENTAL \"TIPULAREN SEHASKA KANTA\" - Sare Herritarra","og_description":"Tipularen sehaska kanta, Un film-documental dirigido por Lander Garro, una pel\u00edcula que pretende traer a la luz el dolor que supone la enfermedad en prisi\u00f3n.&nbsp; Pr\u00f3ximas\u00a0emisiones:\u00a0 MAIATZA\/MAYO: Maiatzak 03 \u00b7 [&hellip;]","og_url":"https:\/\/sare.eus\/es\/donostiako-antzoki-zaharrean-estreinatu-zen-tipularen-sehaska-kanta-film-dokumentala\/","og_site_name":"Sare Herritarra","article_published_time":"2022-02-04T10:10:03+00:00","article_modified_time":"2022-05-11T08:16:17+00:00","og_image":[{"width":1608,"height":1136,"url":"https:\/\/sare.eus\/wp-content\/uploads\/2022\/02\/02.jpg","type":"image\/jpeg"}],"author":"sare","twitter_card":"summary_large_image","twitter_misc":{"Escrito por":"sare","Tiempo de lectura":"3 minutos"},"schema":{"@context":"https:\/\/schema.org","@graph":[{"@type":"Article","@id":"https:\/\/sare.eus\/es\/donostiako-antzoki-zaharrean-estreinatu-zen-tipularen-sehaska-kanta-film-dokumentala\/#article","isPartOf":{"@id":"https:\/\/sare.eus\/es\/donostiako-antzoki-zaharrean-estreinatu-zen-tipularen-sehaska-kanta-film-dokumentala\/"},"author":{"name":"sare","@id":"https:\/\/sare.eus\/#\/schema\/person\/2fe6d0df294f56313d3ab236dbe38e17"},"headline":"SE ESTREN\u00d3 EN EL TEATRO PRINCIPAL DE DONOSTIA LA FILM-DOCUMENTAL \u00abTIPULAREN SEHASKA KANTA\u00bb","datePublished":"2022-02-04T10:10:03+00:00","dateModified":"2022-05-11T08:16:17+00:00","mainEntityOfPage":{"@id":"https:\/\/sare.eus\/es\/donostiako-antzoki-zaharrean-estreinatu-zen-tipularen-sehaska-kanta-film-dokumentala\/"},"wordCount":329,"publisher":{"@id":"https:\/\/sare.eus\/#organization"},"image":{"@id":"https:\/\/sare.eus\/es\/donostiako-antzoki-zaharrean-estreinatu-zen-tipularen-sehaska-kanta-film-dokumentala\/#primaryimage"},"thumbnailUrl":"https:\/\/sare.eus\/wp-content\/uploads\/2022\/02\/02.jpg","articleSection":["Enfermos Graves"],"inLanguage":"es"},{"@type":"WebPage","@id":"https:\/\/sare.eus\/es\/donostiako-antzoki-zaharrean-estreinatu-zen-tipularen-sehaska-kanta-film-dokumentala\/","url":"https:\/\/sare.eus\/es\/donostiako-antzoki-zaharrean-estreinatu-zen-tipularen-sehaska-kanta-film-dokumentala\/","name":"SE ESTREN\u00d3 EN EL TEATRO PRINCIPAL DE DONOSTIA LA FILM-DOCUMENTAL \"TIPULAREN SEHASKA KANTA\" - Sare Herritarra","isPartOf":{"@id":"https:\/\/sare.eus\/#website"},"primaryImageOfPage":{"@id":"https:\/\/sare.eus\/es\/donostiako-antzoki-zaharrean-estreinatu-zen-tipularen-sehaska-kanta-film-dokumentala\/#primaryimage"},"image":{"@id":"https:\/\/sare.eus\/es\/donostiako-antzoki-zaharrean-estreinatu-zen-tipularen-sehaska-kanta-film-dokumentala\/#primaryimage"},"thumbnailUrl":"https:\/\/sare.eus\/wp-content\/uploads\/2022\/02\/02.jpg","datePublished":"2022-02-04T10:10:03+00:00","dateModified":"2022-05-11T08:16:17+00:00","breadcrumb":{"@id":"https:\/\/sare.eus\/es\/donostiako-antzoki-zaharrean-estreinatu-zen-tipularen-sehaska-kanta-film-dokumentala\/#breadcrumb"},"inLanguage":"es","potentialAction":[{"@type":"ReadAction","target":["https:\/\/sare.eus\/es\/donostiako-antzoki-zaharrean-estreinatu-zen-tipularen-sehaska-kanta-film-dokumentala\/"]}]},{"@type":"ImageObject","inLanguage":"es","@id":"https:\/\/sare.eus\/es\/donostiako-antzoki-zaharrean-estreinatu-zen-tipularen-sehaska-kanta-film-dokumentala\/#primaryimage","url":"https:\/\/sare.eus\/wp-content\/uploads\/2022\/02\/02.jpg","contentUrl":"https:\/\/sare.eus\/wp-content\/uploads\/2022\/02\/02.jpg","width":1608,"height":1136},{"@type":"BreadcrumbList","@id":"https:\/\/sare.eus\/es\/donostiako-antzoki-zaharrean-estreinatu-zen-tipularen-sehaska-kanta-film-dokumentala\/#breadcrumb","itemListElement":[{"@type":"ListItem","position":1,"name":"Home","item":"https:\/\/sare.eus\/"},{"@type":"ListItem","position":2,"name":"SE ESTREN\u00d3 EN EL TEATRO PRINCIPAL DE DONOSTIA LA FILM-DOCUMENTAL \u00abTIPULAREN SEHASKA KANTA\u00bb"}]},{"@type":"WebSite","@id":"https:\/\/sare.eus\/#website","url":"https:\/\/sare.eus\/","name":"Sare Herritarra","description":"KONPONBIDEAREN ETA GIZA ESKUBIDEEN ALDEKO SARE HERRITARRA","publisher":{"@id":"https:\/\/sare.eus\/#organization"},"potentialAction":[{"@type":"SearchAction","target":{"@type":"EntryPoint","urlTemplate":"https:\/\/sare.eus\/?s={search_term_string}"},"query-input":{"@type":"PropertyValueSpecification","valueRequired":true,"valueName":"search_term_string"}}],"inLanguage":"es"},{"@type":"Organization","@id":"https:\/\/sare.eus\/#organization","name":"Sare Herritarra","url":"https:\/\/sare.eus\/","logo":{"@type":"ImageObject","inLanguage":"es","@id":"https:\/\/sare.eus\/#\/schema\/logo\/image\/","url":"https:\/\/sare.eus\/wp-content\/uploads\/2021\/08\/sare.png","contentUrl":"https:\/\/sare.eus\/wp-content\/uploads\/2021\/08\/sare.png","width":120,"height":142,"caption":"Sare Herritarra"},"image":{"@id":"https:\/\/sare.eus\/#\/schema\/logo\/image\/"}},{"@type":"Person","@id":"https:\/\/sare.eus\/#\/schema\/person\/2fe6d0df294f56313d3ab236dbe38e17","name":"sare","image":{"@type":"ImageObject","inLanguage":"es","@id":"https:\/\/sare.eus\/#\/schema\/person\/image\/","url":"https:\/\/secure.gravatar.com\/avatar\/77cad838677ceb1977e7b3c878b55eaa7fa4aae2158983063b047c3ad7ef2c25?s=96&d=mm&r=g","contentUrl":"https:\/\/secure.gravatar.com\/avatar\/77cad838677ceb1977e7b3c878b55eaa7fa4aae2158983063b047c3ad7ef2c25?s=96&d=mm&r=g","caption":"sare"},"url":"https:\/\/sare.eus\/es\/author\/sare\/"}]}},"_links":{"self":[{"href":"https:\/\/sare.eus\/es\/wp-json\/wp\/v2\/posts\/2529","targetHints":{"allow":["GET"]}}],"collection":[{"href":"https:\/\/sare.eus\/es\/wp-json\/wp\/v2\/posts"}],"about":[{"href":"https:\/\/sare.eus\/es\/wp-json\/wp\/v2\/types\/post"}],"author":[{"embeddable":true,"href":"https:\/\/sare.eus\/es\/wp-json\/wp\/v2\/users\/2"}],"replies":[{"embeddable":true,"href":"https:\/\/sare.eus\/es\/wp-json\/wp\/v2\/comments?post=2529"}],"version-history":[{"count":35,"href":"https:\/\/sare.eus\/es\/wp-json\/wp\/v2\/posts\/2529\/revisions"}],"predecessor-version":[{"id":3351,"href":"https:\/\/sare.eus\/es\/wp-json\/wp\/v2\/posts\/2529\/revisions\/3351"}],"wp:featuredmedia":[{"embeddable":true,"href":"https:\/\/sare.eus\/es\/wp-json\/wp\/v2\/media\/2510"}],"wp:attachment":[{"href":"https:\/\/sare.eus\/es\/wp-json\/wp\/v2\/media?parent=2529"}],"wp:term":[{"taxonomy":"category","embeddable":true,"href":"https:\/\/sare.eus\/es\/wp-json\/wp\/v2\/categories?post=2529"},{"taxonomy":"post_tag","embeddable":true,"href":"https:\/\/sare.eus\/es\/wp-json\/wp\/v2\/tags?post=2529"}],"curies":[{"name":"wp","href":"https:\/\/api.w.org\/{rel}","templated":true}]}}