{"id":2469,"date":"2022-01-28T12:55:19","date_gmt":"2022-01-28T12:55:19","guid":{"rendered":"https:\/\/sare.eus\/?p=2469"},"modified":"2022-01-28T12:55:21","modified_gmt":"2022-01-28T12:55:21","slug":"se-debe-garantizar-el-derecho-a-la-salud-de-la-poblacion-reclusa-y-ya-es-hora-de-recuperar-el-derecho-a-las-comunicaciones","status":"publish","type":"post","link":"https:\/\/sare.eus\/es\/se-debe-garantizar-el-derecho-a-la-salud-de-la-poblacion-reclusa-y-ya-es-hora-de-recuperar-el-derecho-a-las-comunicaciones\/","title":{"rendered":"Se debe garantizar el derecho a la salud de la poblaci\u00f3n reclusa y ya es hora de recuperar el derecho a las comunicaciones"},"content":{"rendered":"<p>-Nos movilizamos hoy en Gasteiz, ante el Hospital de Santiago, para llamar la atenci\u00f3n sobre la delicada situaci\u00f3n que atraviesa la poblaci\u00f3n reclusa.<\/p>\n<p>-En esta movilizaci\u00f3n convocada por Sare y Etxerat, que cuenta con el apoyo de Salhaketa Araba, queremos fijar la atenci\u00f3n en las prisiones, para demandar hoy que ya es hora de dar prioridad a la mejora de las condiciones sanitarias de los presos y presas, no solo en lo concerniente al COVID19, sino en todos los \u00e1mbitos de la salud. Esta sociedad no puede renunciar a garantizar el derecho a la salud de la poblaci\u00f3n reclusa.<\/p>\n<p>-Lo hacemos adem\u00e1s, conscientemente, en un momento de contestaci\u00f3n, de alarma, transformada en movilizaci\u00f3n social y pol\u00edtica, en defensa de la atenci\u00f3n primara en el servicio p\u00fablico de salud, ya que compartimos la visi\u00f3n de que, si no se pone remedio, la situaci\u00f3n cr\u00edtica actual no se va a limitar a los efectos de la pandemia.<\/p>\n<p>-Pero adem\u00e1s, tal y como hemos venido denunciando, y al igual que lo han hecho otros colectivos en el \u00e1mbito penitenciario de todo el Estado, es hora ya de acabar con la conculcaci\u00f3n del derecho a comunicar. Es hora de recuperar este derecho, de mantener el v\u00ednculo familiar, actuando de manera humanizada.<\/p>\n<p>-As\u00ed lo han expresado, por otra parte, esta \u00faltima semana, familiares de presos y presas vascas mediante misivas que han remitido a los directores de prisiones. Son ya dos a\u00f1os de sucesivas cuarentenas y p\u00e9rdidas de comunicaciones, en muchos casos con el a\u00f1adido de los desplazamientos a prisiones de fuera de la CAV y Nafarroa, a lo que hay que sumar el cansancio acumulado por los largos a\u00f1os que llevan viajando a las c\u00e1rceles m\u00e1s alejadas.<\/p>\n<p>-Ha transcurrido tiempo suficiente para aprender de la experiencia y ser capaces de adoptar medidas diferentes, m\u00e1s all\u00e1 de las m\u00e1s restrictivas. Teniendo en cuenta que en el resto de \u00e1mbitos sociales se est\u00e1n dando ya pasos reales para abordar la nueva variante de la pandemia con mayor flexibilidad, se debe actuar con responsabilidad y valent\u00eda tb en las c\u00e1rceles, sin a\u00f1adir m\u00e1s obst\u00e1culos a una situaci\u00f3n muy dura.<\/p>\n<p>-Proponemos medidas como la recuperaci\u00f3n de comunicaciones que ahora se pierden por motivo de COVID19; establecer rastreos masivos de ant\u00edgenos en periodos de tiempo cortos; adaptar espacios suficientes para cuarentenas en los casos de positivos; posibilitar en estos casos que los presos y presas puedan, al menos, seguir comunicando telef\u00f3nicamente y evitar la incertidumbre de la incomunicaci\u00f3n con nuestro familiar. Y por supuesto, junto a ello, se deben plantear con valent\u00eda alternativas a la prisi\u00f3n en la perspectiva de la&nbsp; libertad; presos enfermos a la calle, terceros grados, pulsearas telem\u00e1ticas&#8230;<\/p>\n","protected":false},"excerpt":{"rendered":"<p>-Nos movilizamos hoy en Gasteiz, ante el Hospital de Santiago, para llamar la atenci\u00f3n sobre la delicada situaci\u00f3n que atraviesa la poblaci\u00f3n reclusa. -En esta movilizaci\u00f3n convocada por Sare y [&hellip;]<\/p>\n","protected":false},"author":2,"featured_media":2472,"comment_status":"closed","ping_status":"closed","sticky":false,"template":"","format":"standard","meta":{"_acf_changed":false,"_et_pb_use_builder":"off","_et_pb_old_content":"","_et_gb_content_width":"","footnotes":""},"categories":[64],"tags":[],"class_list":["post-2469","post","type-post","status-publish","format-standard","has-post-thumbnail","hentry","category-enfermos-graves","et-has-post-format-content","et_post_format-et-post-format-standard"],"acf":[],"yoast_head":"<!-- This site is optimized with the Yoast SEO plugin v26.4 - https:\/\/yoast.com\/wordpress\/plugins\/seo\/ -->\n<title>Se debe garantizar el derecho a la salud de la poblaci\u00f3n reclusa y ya es hora de recuperar el derecho a las comunicaciones - Sare Herritarra<\/title>\n<meta name=\"robots\" content=\"index, follow, max-snippet:-1, max-image-preview:large, max-video-preview:-1\" \/>\n<link rel=\"canonical\" href=\"https:\/\/sare.eus\/es\/se-debe-garantizar-el-derecho-a-la-salud-de-la-poblacion-reclusa-y-ya-es-hora-de-recuperar-el-derecho-a-las-comunicaciones\/\" \/>\n<meta property=\"og:locale\" content=\"es_ES\" \/>\n<meta property=\"og:type\" content=\"article\" \/>\n<meta property=\"og:title\" content=\"Se debe garantizar el derecho a la salud de la poblaci\u00f3n reclusa y ya es hora de recuperar el derecho a las comunicaciones - Sare Herritarra\" \/>\n<meta property=\"og:description\" content=\"-Nos movilizamos hoy en Gasteiz, ante el Hospital de Santiago, para llamar la atenci\u00f3n sobre la delicada situaci\u00f3n que atraviesa la poblaci\u00f3n reclusa. -En esta movilizaci\u00f3n convocada por Sare y [&hellip;]\" \/>\n<meta property=\"og:url\" content=\"https:\/\/sare.eus\/es\/se-debe-garantizar-el-derecho-a-la-salud-de-la-poblacion-reclusa-y-ya-es-hora-de-recuperar-el-derecho-a-las-comunicaciones\/\" \/>\n<meta property=\"og:site_name\" content=\"Sare Herritarra\" \/>\n<meta property=\"article:published_time\" content=\"2022-01-28T12:55:19+00:00\" \/>\n<meta property=\"article:modified_time\" content=\"2022-01-28T12:55:21+00:00\" \/>\n<meta property=\"og:image\" content=\"https:\/\/sare.eus\/wp-content\/uploads\/2022\/01\/IMG_20220128_135440_073.jpg\" \/>\n\t<meta property=\"og:image:width\" content=\"1280\" \/>\n\t<meta property=\"og:image:height\" content=\"720\" \/>\n\t<meta property=\"og:image:type\" content=\"image\/jpeg\" \/>\n<meta name=\"author\" content=\"sare\" \/>\n<meta name=\"twitter:card\" content=\"summary_large_image\" \/>\n<meta name=\"twitter:label1\" content=\"Escrito por\" \/>\n\t<meta name=\"twitter:data1\" content=\"sare\" \/>\n\t<meta name=\"twitter:label2\" content=\"Tiempo de lectura\" \/>\n\t<meta name=\"twitter:data2\" content=\"3 minutos\" \/>\n<script type=\"application\/ld+json\" class=\"yoast-schema-graph\">{\"@context\":\"https:\/\/schema.org\",\"@graph\":[{\"@type\":\"Article\",\"@id\":\"https:\/\/sare.eus\/es\/se-debe-garantizar-el-derecho-a-la-salud-de-la-poblacion-reclusa-y-ya-es-hora-de-recuperar-el-derecho-a-las-comunicaciones\/#article\",\"isPartOf\":{\"@id\":\"https:\/\/sare.eus\/es\/se-debe-garantizar-el-derecho-a-la-salud-de-la-poblacion-reclusa-y-ya-es-hora-de-recuperar-el-derecho-a-las-comunicaciones\/\"},\"author\":{\"name\":\"sare\",\"@id\":\"https:\/\/sare.eus\/#\/schema\/person\/2fe6d0df294f56313d3ab236dbe38e17\"},\"headline\":\"Se debe garantizar el derecho a la salud de la poblaci\u00f3n reclusa y ya es hora de recuperar el derecho a las comunicaciones\",\"datePublished\":\"2022-01-28T12:55:19+00:00\",\"dateModified\":\"2022-01-28T12:55:21+00:00\",\"mainEntityOfPage\":{\"@id\":\"https:\/\/sare.eus\/es\/se-debe-garantizar-el-derecho-a-la-salud-de-la-poblacion-reclusa-y-ya-es-hora-de-recuperar-el-derecho-a-las-comunicaciones\/\"},\"wordCount\":507,\"publisher\":{\"@id\":\"https:\/\/sare.eus\/#organization\"},\"image\":{\"@id\":\"https:\/\/sare.eus\/es\/se-debe-garantizar-el-derecho-a-la-salud-de-la-poblacion-reclusa-y-ya-es-hora-de-recuperar-el-derecho-a-las-comunicaciones\/#primaryimage\"},\"thumbnailUrl\":\"https:\/\/sare.eus\/wp-content\/uploads\/2022\/01\/IMG_20220128_135440_073.jpg\",\"articleSection\":[\"Enfermos Graves\"],\"inLanguage\":\"es\"},{\"@type\":\"WebPage\",\"@id\":\"https:\/\/sare.eus\/es\/se-debe-garantizar-el-derecho-a-la-salud-de-la-poblacion-reclusa-y-ya-es-hora-de-recuperar-el-derecho-a-las-comunicaciones\/\",\"url\":\"https:\/\/sare.eus\/es\/se-debe-garantizar-el-derecho-a-la-salud-de-la-poblacion-reclusa-y-ya-es-hora-de-recuperar-el-derecho-a-las-comunicaciones\/\",\"name\":\"Se debe garantizar el derecho a la salud de la poblaci\u00f3n reclusa y ya es hora de recuperar el derecho a las comunicaciones - Sare Herritarra\",\"isPartOf\":{\"@id\":\"https:\/\/sare.eus\/#website\"},\"primaryImageOfPage\":{\"@id\":\"https:\/\/sare.eus\/es\/se-debe-garantizar-el-derecho-a-la-salud-de-la-poblacion-reclusa-y-ya-es-hora-de-recuperar-el-derecho-a-las-comunicaciones\/#primaryimage\"},\"image\":{\"@id\":\"https:\/\/sare.eus\/es\/se-debe-garantizar-el-derecho-a-la-salud-de-la-poblacion-reclusa-y-ya-es-hora-de-recuperar-el-derecho-a-las-comunicaciones\/#primaryimage\"},\"thumbnailUrl\":\"https:\/\/sare.eus\/wp-content\/uploads\/2022\/01\/IMG_20220128_135440_073.jpg\",\"datePublished\":\"2022-01-28T12:55:19+00:00\",\"dateModified\":\"2022-01-28T12:55:21+00:00\",\"breadcrumb\":{\"@id\":\"https:\/\/sare.eus\/es\/se-debe-garantizar-el-derecho-a-la-salud-de-la-poblacion-reclusa-y-ya-es-hora-de-recuperar-el-derecho-a-las-comunicaciones\/#breadcrumb\"},\"inLanguage\":\"es\",\"potentialAction\":[{\"@type\":\"ReadAction\",\"target\":[\"https:\/\/sare.eus\/es\/se-debe-garantizar-el-derecho-a-la-salud-de-la-poblacion-reclusa-y-ya-es-hora-de-recuperar-el-derecho-a-las-comunicaciones\/\"]}]},{\"@type\":\"ImageObject\",\"inLanguage\":\"es\",\"@id\":\"https:\/\/sare.eus\/es\/se-debe-garantizar-el-derecho-a-la-salud-de-la-poblacion-reclusa-y-ya-es-hora-de-recuperar-el-derecho-a-las-comunicaciones\/#primaryimage\",\"url\":\"https:\/\/sare.eus\/wp-content\/uploads\/2022\/01\/IMG_20220128_135440_073.jpg\",\"contentUrl\":\"https:\/\/sare.eus\/wp-content\/uploads\/2022\/01\/IMG_20220128_135440_073.jpg\",\"width\":1280,\"height\":720},{\"@type\":\"BreadcrumbList\",\"@id\":\"https:\/\/sare.eus\/es\/se-debe-garantizar-el-derecho-a-la-salud-de-la-poblacion-reclusa-y-ya-es-hora-de-recuperar-el-derecho-a-las-comunicaciones\/#breadcrumb\",\"itemListElement\":[{\"@type\":\"ListItem\",\"position\":1,\"name\":\"Home\",\"item\":\"https:\/\/sare.eus\/\"},{\"@type\":\"ListItem\",\"position\":2,\"name\":\"Se debe garantizar el derecho a la salud de la poblaci\u00f3n reclusa y ya es hora de recuperar el derecho a las comunicaciones\"}]},{\"@type\":\"WebSite\",\"@id\":\"https:\/\/sare.eus\/#website\",\"url\":\"https:\/\/sare.eus\/\",\"name\":\"Sare Herritarra\",\"description\":\"KONPONBIDEAREN ETA GIZA ESKUBIDEEN ALDEKO SARE HERRITARRA\",\"publisher\":{\"@id\":\"https:\/\/sare.eus\/#organization\"},\"potentialAction\":[{\"@type\":\"SearchAction\",\"target\":{\"@type\":\"EntryPoint\",\"urlTemplate\":\"https:\/\/sare.eus\/?s={search_term_string}\"},\"query-input\":{\"@type\":\"PropertyValueSpecification\",\"valueRequired\":true,\"valueName\":\"search_term_string\"}}],\"inLanguage\":\"es\"},{\"@type\":\"Organization\",\"@id\":\"https:\/\/sare.eus\/#organization\",\"name\":\"Sare Herritarra\",\"url\":\"https:\/\/sare.eus\/\",\"logo\":{\"@type\":\"ImageObject\",\"inLanguage\":\"es\",\"@id\":\"https:\/\/sare.eus\/#\/schema\/logo\/image\/\",\"url\":\"https:\/\/sare.eus\/wp-content\/uploads\/2021\/08\/sare.png\",\"contentUrl\":\"https:\/\/sare.eus\/wp-content\/uploads\/2021\/08\/sare.png\",\"width\":120,\"height\":142,\"caption\":\"Sare Herritarra\"},\"image\":{\"@id\":\"https:\/\/sare.eus\/#\/schema\/logo\/image\/\"}},{\"@type\":\"Person\",\"@id\":\"https:\/\/sare.eus\/#\/schema\/person\/2fe6d0df294f56313d3ab236dbe38e17\",\"name\":\"sare\",\"image\":{\"@type\":\"ImageObject\",\"inLanguage\":\"es\",\"@id\":\"https:\/\/sare.eus\/#\/schema\/person\/image\/\",\"url\":\"https:\/\/secure.gravatar.com\/avatar\/77cad838677ceb1977e7b3c878b55eaa7fa4aae2158983063b047c3ad7ef2c25?s=96&d=mm&r=g\",\"contentUrl\":\"https:\/\/secure.gravatar.com\/avatar\/77cad838677ceb1977e7b3c878b55eaa7fa4aae2158983063b047c3ad7ef2c25?s=96&d=mm&r=g\",\"caption\":\"sare\"},\"url\":\"https:\/\/sare.eus\/es\/author\/sare\/\"}]}<\/script>\n<!-- \/ Yoast SEO plugin. -->","yoast_head_json":{"title":"Se debe garantizar el derecho a la salud de la poblaci\u00f3n reclusa y ya es hora de recuperar el derecho a las comunicaciones - Sare Herritarra","robots":{"index":"index","follow":"follow","max-snippet":"max-snippet:-1","max-image-preview":"max-image-preview:large","max-video-preview":"max-video-preview:-1"},"canonical":"https:\/\/sare.eus\/es\/se-debe-garantizar-el-derecho-a-la-salud-de-la-poblacion-reclusa-y-ya-es-hora-de-recuperar-el-derecho-a-las-comunicaciones\/","og_locale":"es_ES","og_type":"article","og_title":"Se debe garantizar el derecho a la salud de la poblaci\u00f3n reclusa y ya es hora de recuperar el derecho a las comunicaciones - Sare Herritarra","og_description":"-Nos movilizamos hoy en Gasteiz, ante el Hospital de Santiago, para llamar la atenci\u00f3n sobre la delicada situaci\u00f3n que atraviesa la poblaci\u00f3n reclusa. -En esta movilizaci\u00f3n convocada por Sare y [&hellip;]","og_url":"https:\/\/sare.eus\/es\/se-debe-garantizar-el-derecho-a-la-salud-de-la-poblacion-reclusa-y-ya-es-hora-de-recuperar-el-derecho-a-las-comunicaciones\/","og_site_name":"Sare Herritarra","article_published_time":"2022-01-28T12:55:19+00:00","article_modified_time":"2022-01-28T12:55:21+00:00","og_image":[{"width":1280,"height":720,"url":"https:\/\/sare.eus\/wp-content\/uploads\/2022\/01\/IMG_20220128_135440_073.jpg","type":"image\/jpeg"}],"author":"sare","twitter_card":"summary_large_image","twitter_misc":{"Escrito por":"sare","Tiempo de lectura":"3 minutos"},"schema":{"@context":"https:\/\/schema.org","@graph":[{"@type":"Article","@id":"https:\/\/sare.eus\/es\/se-debe-garantizar-el-derecho-a-la-salud-de-la-poblacion-reclusa-y-ya-es-hora-de-recuperar-el-derecho-a-las-comunicaciones\/#article","isPartOf":{"@id":"https:\/\/sare.eus\/es\/se-debe-garantizar-el-derecho-a-la-salud-de-la-poblacion-reclusa-y-ya-es-hora-de-recuperar-el-derecho-a-las-comunicaciones\/"},"author":{"name":"sare","@id":"https:\/\/sare.eus\/#\/schema\/person\/2fe6d0df294f56313d3ab236dbe38e17"},"headline":"Se debe garantizar el derecho a la salud de la poblaci\u00f3n reclusa y ya es hora de recuperar el derecho a las comunicaciones","datePublished":"2022-01-28T12:55:19+00:00","dateModified":"2022-01-28T12:55:21+00:00","mainEntityOfPage":{"@id":"https:\/\/sare.eus\/es\/se-debe-garantizar-el-derecho-a-la-salud-de-la-poblacion-reclusa-y-ya-es-hora-de-recuperar-el-derecho-a-las-comunicaciones\/"},"wordCount":507,"publisher":{"@id":"https:\/\/sare.eus\/#organization"},"image":{"@id":"https:\/\/sare.eus\/es\/se-debe-garantizar-el-derecho-a-la-salud-de-la-poblacion-reclusa-y-ya-es-hora-de-recuperar-el-derecho-a-las-comunicaciones\/#primaryimage"},"thumbnailUrl":"https:\/\/sare.eus\/wp-content\/uploads\/2022\/01\/IMG_20220128_135440_073.jpg","articleSection":["Enfermos Graves"],"inLanguage":"es"},{"@type":"WebPage","@id":"https:\/\/sare.eus\/es\/se-debe-garantizar-el-derecho-a-la-salud-de-la-poblacion-reclusa-y-ya-es-hora-de-recuperar-el-derecho-a-las-comunicaciones\/","url":"https:\/\/sare.eus\/es\/se-debe-garantizar-el-derecho-a-la-salud-de-la-poblacion-reclusa-y-ya-es-hora-de-recuperar-el-derecho-a-las-comunicaciones\/","name":"Se debe garantizar el derecho a la salud de la poblaci\u00f3n reclusa y ya es hora de recuperar el derecho a las comunicaciones - Sare Herritarra","isPartOf":{"@id":"https:\/\/sare.eus\/#website"},"primaryImageOfPage":{"@id":"https:\/\/sare.eus\/es\/se-debe-garantizar-el-derecho-a-la-salud-de-la-poblacion-reclusa-y-ya-es-hora-de-recuperar-el-derecho-a-las-comunicaciones\/#primaryimage"},"image":{"@id":"https:\/\/sare.eus\/es\/se-debe-garantizar-el-derecho-a-la-salud-de-la-poblacion-reclusa-y-ya-es-hora-de-recuperar-el-derecho-a-las-comunicaciones\/#primaryimage"},"thumbnailUrl":"https:\/\/sare.eus\/wp-content\/uploads\/2022\/01\/IMG_20220128_135440_073.jpg","datePublished":"2022-01-28T12:55:19+00:00","dateModified":"2022-01-28T12:55:21+00:00","breadcrumb":{"@id":"https:\/\/sare.eus\/es\/se-debe-garantizar-el-derecho-a-la-salud-de-la-poblacion-reclusa-y-ya-es-hora-de-recuperar-el-derecho-a-las-comunicaciones\/#breadcrumb"},"inLanguage":"es","potentialAction":[{"@type":"ReadAction","target":["https:\/\/sare.eus\/es\/se-debe-garantizar-el-derecho-a-la-salud-de-la-poblacion-reclusa-y-ya-es-hora-de-recuperar-el-derecho-a-las-comunicaciones\/"]}]},{"@type":"ImageObject","inLanguage":"es","@id":"https:\/\/sare.eus\/es\/se-debe-garantizar-el-derecho-a-la-salud-de-la-poblacion-reclusa-y-ya-es-hora-de-recuperar-el-derecho-a-las-comunicaciones\/#primaryimage","url":"https:\/\/sare.eus\/wp-content\/uploads\/2022\/01\/IMG_20220128_135440_073.jpg","contentUrl":"https:\/\/sare.eus\/wp-content\/uploads\/2022\/01\/IMG_20220128_135440_073.jpg","width":1280,"height":720},{"@type":"BreadcrumbList","@id":"https:\/\/sare.eus\/es\/se-debe-garantizar-el-derecho-a-la-salud-de-la-poblacion-reclusa-y-ya-es-hora-de-recuperar-el-derecho-a-las-comunicaciones\/#breadcrumb","itemListElement":[{"@type":"ListItem","position":1,"name":"Home","item":"https:\/\/sare.eus\/"},{"@type":"ListItem","position":2,"name":"Se debe garantizar el derecho a la salud de la poblaci\u00f3n reclusa y ya es hora de recuperar el derecho a las comunicaciones"}]},{"@type":"WebSite","@id":"https:\/\/sare.eus\/#website","url":"https:\/\/sare.eus\/","name":"Sare Herritarra","description":"KONPONBIDEAREN ETA GIZA ESKUBIDEEN ALDEKO SARE HERRITARRA","publisher":{"@id":"https:\/\/sare.eus\/#organization"},"potentialAction":[{"@type":"SearchAction","target":{"@type":"EntryPoint","urlTemplate":"https:\/\/sare.eus\/?s={search_term_string}"},"query-input":{"@type":"PropertyValueSpecification","valueRequired":true,"valueName":"search_term_string"}}],"inLanguage":"es"},{"@type":"Organization","@id":"https:\/\/sare.eus\/#organization","name":"Sare Herritarra","url":"https:\/\/sare.eus\/","logo":{"@type":"ImageObject","inLanguage":"es","@id":"https:\/\/sare.eus\/#\/schema\/logo\/image\/","url":"https:\/\/sare.eus\/wp-content\/uploads\/2021\/08\/sare.png","contentUrl":"https:\/\/sare.eus\/wp-content\/uploads\/2021\/08\/sare.png","width":120,"height":142,"caption":"Sare Herritarra"},"image":{"@id":"https:\/\/sare.eus\/#\/schema\/logo\/image\/"}},{"@type":"Person","@id":"https:\/\/sare.eus\/#\/schema\/person\/2fe6d0df294f56313d3ab236dbe38e17","name":"sare","image":{"@type":"ImageObject","inLanguage":"es","@id":"https:\/\/sare.eus\/#\/schema\/person\/image\/","url":"https:\/\/secure.gravatar.com\/avatar\/77cad838677ceb1977e7b3c878b55eaa7fa4aae2158983063b047c3ad7ef2c25?s=96&d=mm&r=g","contentUrl":"https:\/\/secure.gravatar.com\/avatar\/77cad838677ceb1977e7b3c878b55eaa7fa4aae2158983063b047c3ad7ef2c25?s=96&d=mm&r=g","caption":"sare"},"url":"https:\/\/sare.eus\/es\/author\/sare\/"}]}},"_links":{"self":[{"href":"https:\/\/sare.eus\/es\/wp-json\/wp\/v2\/posts\/2469","targetHints":{"allow":["GET"]}}],"collection":[{"href":"https:\/\/sare.eus\/es\/wp-json\/wp\/v2\/posts"}],"about":[{"href":"https:\/\/sare.eus\/es\/wp-json\/wp\/v2\/types\/post"}],"author":[{"embeddable":true,"href":"https:\/\/sare.eus\/es\/wp-json\/wp\/v2\/users\/2"}],"replies":[{"embeddable":true,"href":"https:\/\/sare.eus\/es\/wp-json\/wp\/v2\/comments?post=2469"}],"version-history":[{"count":2,"href":"https:\/\/sare.eus\/es\/wp-json\/wp\/v2\/posts\/2469\/revisions"}],"predecessor-version":[{"id":2473,"href":"https:\/\/sare.eus\/es\/wp-json\/wp\/v2\/posts\/2469\/revisions\/2473"}],"wp:featuredmedia":[{"embeddable":true,"href":"https:\/\/sare.eus\/es\/wp-json\/wp\/v2\/media\/2472"}],"wp:attachment":[{"href":"https:\/\/sare.eus\/es\/wp-json\/wp\/v2\/media?parent=2469"}],"wp:term":[{"taxonomy":"category","embeddable":true,"href":"https:\/\/sare.eus\/es\/wp-json\/wp\/v2\/categories?post=2469"},{"taxonomy":"post_tag","embeddable":true,"href":"https:\/\/sare.eus\/es\/wp-json\/wp\/v2\/tags?post=2469"}],"curies":[{"name":"wp","href":"https:\/\/api.w.org\/{rel}","templated":true}]}}