{"id":2448,"date":"2022-01-25T10:07:27","date_gmt":"2022-01-25T10:07:27","guid":{"rendered":"https:\/\/sare.eus\/elkarbizitzarako-bakerako-etxerako-bidean-hausnarketa-dokumentua-aurkeztu-dugu-donostian\/"},"modified":"2022-01-25T12:19:52","modified_gmt":"2022-01-25T12:19:52","slug":"elkarbizitzarako-bakerako-etxerako-bidean-hausnarketa-dokumentua-aurkeztu-dugu-donostian","status":"publish","type":"post","link":"https:\/\/sare.eus\/es\/elkarbizitzarako-bakerako-etxerako-bidean-hausnarketa-dokumentua-aurkeztu-dugu-donostian\/","title":{"rendered":"Presentaci\u00f3n del documento \u00abElkarbizitzarako bakerako etxerako bidean\u00bb en donostia"},"content":{"rendered":"<p>Hoy hemos presentado en Teila Fabrika de Donostia el documento de reflexi\u00f3n \u00abelkarbizitzarako bakerako etxerako bidean\u00bb que anunciamos el 8 de enero. Han participado junto con Bego Atxa y Joseba Azkarraga, Ram\u00f3n Zallo e I\u00f1aki Lasagabazter, que han colaborado en la elaboraci\u00f3n del documento.<\/p>\n<p><a href=\"https:\/\/sare.eus\/wp-content\/uploads\/2022\/01\/elkarbizitzarako-bakerako-etxerako-bidean_CAST.pdf\" target=\"_blank\" rel=\"noopener\"><strong>&gt;&gt; Aqu\u00ed ten\u00e9is la posibilidad de descargar el documento.<\/strong><\/a><\/p>\n<p><a href=\"https:\/\/sare.eus\/wp-content\/uploads\/2022\/01\/elkarbizitzarako-bakerako-etxerako-bidean_CAST.pdf\" target=\"_blank\" rel=\"noopener\"><img loading=\"lazy\" decoding=\"async\" class=\"alignleft wp-image-2438 size-medium\" src=\"https:\/\/sare.eus\/wp-content\/uploads\/2022\/01\/BIDEAN_DOC_EUSK-1-212x300.jpg\" alt=\"\" width=\"212\" height=\"300\" srcset=\"https:\/\/sare.eus\/wp-content\/uploads\/2022\/01\/BIDEAN_DOC_EUSK-1-212x300.jpg 212w, https:\/\/sare.eus\/wp-content\/uploads\/2022\/01\/BIDEAN_DOC_EUSK-1-725x1024.jpg 725w, https:\/\/sare.eus\/wp-content\/uploads\/2022\/01\/BIDEAN_DOC_EUSK-1-768x1084.jpg 768w, https:\/\/sare.eus\/wp-content\/uploads\/2022\/01\/BIDEAN_DOC_EUSK-1-1088x1536.jpg 1088w, https:\/\/sare.eus\/wp-content\/uploads\/2022\/01\/BIDEAN_DOC_EUSK-1-1450x2048.jpg 1450w, https:\/\/sare.eus\/wp-content\/uploads\/2022\/01\/BIDEAN_DOC_EUSK-1-1080x1525.jpg 1080w, https:\/\/sare.eus\/wp-content\/uploads\/2022\/01\/BIDEAN_DOC_EUSK-1-scaled.jpg 1813w\" sizes=\"(max-width: 212px) 100vw, 212px\" \/><\/a><\/p>\n\n\n<figure class=\"wp-block-embed is-type-video is-provider-youtube wp-block-embed-youtube wp-embed-aspect-16-9 wp-has-aspect-ratio\"><div class=\"wp-block-embed__wrapper\">\n<iframe loading=\"lazy\" title=\"\u00abELKARBIZITZARAKO BAKERAKO ETXERAKO BIDEAN\u00bb HAUSNARKETA DOKUMENTUA AURKEZTU DUGU DONOSTIAN\" width=\"1080\" height=\"608\" src=\"https:\/\/www.youtube.com\/embed\/3ZAZ0toomsc?feature=oembed\" frameborder=\"0\" allow=\"accelerometer; autoplay; clipboard-write; encrypted-media; gyroscope; picture-in-picture\" allowfullscreen><\/iframe>\n<\/div><\/figure>\n","protected":false},"excerpt":{"rendered":"<p>Hoy hemos presentado en Teila Fabrika de Donostia el documento de reflexi\u00f3n \u00abelkarbizitzarako bakerako etxerako bidean\u00bb que anunciamos el 8 de enero. Han participado junto con Bego Atxa y Joseba [&hellip;]<\/p>\n","protected":false},"author":2,"featured_media":2455,"comment_status":"closed","ping_status":"closed","sticky":false,"template":"","format":"standard","meta":{"_acf_changed":false,"_et_pb_use_builder":"off","_et_pb_old_content":"","_et_gb_content_width":"","footnotes":""},"categories":[60],"tags":[],"class_list":["post-2448","post","type-post","status-publish","format-standard","has-post-thumbnail","hentry","category-etxera-es","et-has-post-format-content","et_post_format-et-post-format-standard"],"acf":[],"yoast_head":"<!-- This site is optimized with the Yoast SEO plugin v26.4 - https:\/\/yoast.com\/wordpress\/plugins\/seo\/ -->\n<title>Presentaci\u00f3n del documento &quot;Elkarbizitzarako bakerako etxerako bidean&quot; en donostia - Sare Herritarra<\/title>\n<meta name=\"robots\" content=\"index, follow, max-snippet:-1, max-image-preview:large, max-video-preview:-1\" \/>\n<link rel=\"canonical\" href=\"https:\/\/sare.eus\/es\/elkarbizitzarako-bakerako-etxerako-bidean-hausnarketa-dokumentua-aurkeztu-dugu-donostian\/\" \/>\n<meta property=\"og:locale\" content=\"es_ES\" \/>\n<meta property=\"og:type\" content=\"article\" \/>\n<meta property=\"og:title\" content=\"Presentaci\u00f3n del documento &quot;Elkarbizitzarako bakerako etxerako bidean&quot; en donostia - Sare Herritarra\" \/>\n<meta property=\"og:description\" content=\"Hoy hemos presentado en Teila Fabrika de Donostia el documento de reflexi\u00f3n \u00abelkarbizitzarako bakerako etxerako bidean\u00bb que anunciamos el 8 de enero. Han participado junto con Bego Atxa y Joseba [&hellip;]\" \/>\n<meta property=\"og:url\" content=\"https:\/\/sare.eus\/es\/elkarbizitzarako-bakerako-etxerako-bidean-hausnarketa-dokumentua-aurkeztu-dugu-donostian\/\" \/>\n<meta property=\"og:site_name\" content=\"Sare Herritarra\" \/>\n<meta property=\"article:published_time\" content=\"2022-01-25T10:07:27+00:00\" \/>\n<meta property=\"article:modified_time\" content=\"2022-01-25T12:19:52+00:00\" \/>\n<meta property=\"og:image\" content=\"https:\/\/sare.eus\/wp-content\/uploads\/2022\/01\/photo_2022-01-25_11-06-43.jpg\" \/>\n\t<meta property=\"og:image:width\" content=\"1486\" \/>\n\t<meta property=\"og:image:height\" content=\"1002\" \/>\n\t<meta property=\"og:image:type\" content=\"image\/jpeg\" \/>\n<meta name=\"author\" content=\"sare\" \/>\n<meta name=\"twitter:card\" content=\"summary_large_image\" \/>\n<meta name=\"twitter:label1\" content=\"Escrito por\" \/>\n\t<meta name=\"twitter:data1\" content=\"sare\" \/>\n\t<meta name=\"twitter:label2\" content=\"Tiempo de lectura\" \/>\n\t<meta name=\"twitter:data2\" content=\"1 minuto\" \/>\n<script type=\"application\/ld+json\" class=\"yoast-schema-graph\">{\"@context\":\"https:\/\/schema.org\",\"@graph\":[{\"@type\":\"Article\",\"@id\":\"https:\/\/sare.eus\/es\/elkarbizitzarako-bakerako-etxerako-bidean-hausnarketa-dokumentua-aurkeztu-dugu-donostian\/#article\",\"isPartOf\":{\"@id\":\"https:\/\/sare.eus\/es\/elkarbizitzarako-bakerako-etxerako-bidean-hausnarketa-dokumentua-aurkeztu-dugu-donostian\/\"},\"author\":{\"name\":\"sare\",\"@id\":\"https:\/\/sare.eus\/#\/schema\/person\/2fe6d0df294f56313d3ab236dbe38e17\"},\"headline\":\"Presentaci\u00f3n del documento \u00abElkarbizitzarako bakerako etxerako bidean\u00bb en donostia\",\"datePublished\":\"2022-01-25T10:07:27+00:00\",\"dateModified\":\"2022-01-25T12:19:52+00:00\",\"mainEntityOfPage\":{\"@id\":\"https:\/\/sare.eus\/es\/elkarbizitzarako-bakerako-etxerako-bidean-hausnarketa-dokumentua-aurkeztu-dugu-donostian\/\"},\"wordCount\":73,\"publisher\":{\"@id\":\"https:\/\/sare.eus\/#organization\"},\"image\":{\"@id\":\"https:\/\/sare.eus\/es\/elkarbizitzarako-bakerako-etxerako-bidean-hausnarketa-dokumentua-aurkeztu-dugu-donostian\/#primaryimage\"},\"thumbnailUrl\":\"https:\/\/sare.eus\/wp-content\/uploads\/2022\/01\/photo_2022-01-25_11-06-43.jpg\",\"articleSection\":[\"Etxera\"],\"inLanguage\":\"es\"},{\"@type\":\"WebPage\",\"@id\":\"https:\/\/sare.eus\/es\/elkarbizitzarako-bakerako-etxerako-bidean-hausnarketa-dokumentua-aurkeztu-dugu-donostian\/\",\"url\":\"https:\/\/sare.eus\/es\/elkarbizitzarako-bakerako-etxerako-bidean-hausnarketa-dokumentua-aurkeztu-dugu-donostian\/\",\"name\":\"Presentaci\u00f3n del documento \\\"Elkarbizitzarako bakerako etxerako bidean\\\" en donostia - Sare Herritarra\",\"isPartOf\":{\"@id\":\"https:\/\/sare.eus\/#website\"},\"primaryImageOfPage\":{\"@id\":\"https:\/\/sare.eus\/es\/elkarbizitzarako-bakerako-etxerako-bidean-hausnarketa-dokumentua-aurkeztu-dugu-donostian\/#primaryimage\"},\"image\":{\"@id\":\"https:\/\/sare.eus\/es\/elkarbizitzarako-bakerako-etxerako-bidean-hausnarketa-dokumentua-aurkeztu-dugu-donostian\/#primaryimage\"},\"thumbnailUrl\":\"https:\/\/sare.eus\/wp-content\/uploads\/2022\/01\/photo_2022-01-25_11-06-43.jpg\",\"datePublished\":\"2022-01-25T10:07:27+00:00\",\"dateModified\":\"2022-01-25T12:19:52+00:00\",\"breadcrumb\":{\"@id\":\"https:\/\/sare.eus\/es\/elkarbizitzarako-bakerako-etxerako-bidean-hausnarketa-dokumentua-aurkeztu-dugu-donostian\/#breadcrumb\"},\"inLanguage\":\"es\",\"potentialAction\":[{\"@type\":\"ReadAction\",\"target\":[\"https:\/\/sare.eus\/es\/elkarbizitzarako-bakerako-etxerako-bidean-hausnarketa-dokumentua-aurkeztu-dugu-donostian\/\"]}]},{\"@type\":\"ImageObject\",\"inLanguage\":\"es\",\"@id\":\"https:\/\/sare.eus\/es\/elkarbizitzarako-bakerako-etxerako-bidean-hausnarketa-dokumentua-aurkeztu-dugu-donostian\/#primaryimage\",\"url\":\"https:\/\/sare.eus\/wp-content\/uploads\/2022\/01\/photo_2022-01-25_11-06-43.jpg\",\"contentUrl\":\"https:\/\/sare.eus\/wp-content\/uploads\/2022\/01\/photo_2022-01-25_11-06-43.jpg\",\"width\":1486,\"height\":1002},{\"@type\":\"BreadcrumbList\",\"@id\":\"https:\/\/sare.eus\/es\/elkarbizitzarako-bakerako-etxerako-bidean-hausnarketa-dokumentua-aurkeztu-dugu-donostian\/#breadcrumb\",\"itemListElement\":[{\"@type\":\"ListItem\",\"position\":1,\"name\":\"Home\",\"item\":\"https:\/\/sare.eus\/\"},{\"@type\":\"ListItem\",\"position\":2,\"name\":\"Presentaci\u00f3n del documento \u00abElkarbizitzarako bakerako etxerako bidean\u00bb en donostia\"}]},{\"@type\":\"WebSite\",\"@id\":\"https:\/\/sare.eus\/#website\",\"url\":\"https:\/\/sare.eus\/\",\"name\":\"Sare Herritarra\",\"description\":\"KONPONBIDEAREN ETA GIZA ESKUBIDEEN ALDEKO SARE HERRITARRA\",\"publisher\":{\"@id\":\"https:\/\/sare.eus\/#organization\"},\"potentialAction\":[{\"@type\":\"SearchAction\",\"target\":{\"@type\":\"EntryPoint\",\"urlTemplate\":\"https:\/\/sare.eus\/?s={search_term_string}\"},\"query-input\":{\"@type\":\"PropertyValueSpecification\",\"valueRequired\":true,\"valueName\":\"search_term_string\"}}],\"inLanguage\":\"es\"},{\"@type\":\"Organization\",\"@id\":\"https:\/\/sare.eus\/#organization\",\"name\":\"Sare Herritarra\",\"url\":\"https:\/\/sare.eus\/\",\"logo\":{\"@type\":\"ImageObject\",\"inLanguage\":\"es\",\"@id\":\"https:\/\/sare.eus\/#\/schema\/logo\/image\/\",\"url\":\"https:\/\/sare.eus\/wp-content\/uploads\/2021\/08\/sare.png\",\"contentUrl\":\"https:\/\/sare.eus\/wp-content\/uploads\/2021\/08\/sare.png\",\"width\":120,\"height\":142,\"caption\":\"Sare Herritarra\"},\"image\":{\"@id\":\"https:\/\/sare.eus\/#\/schema\/logo\/image\/\"}},{\"@type\":\"Person\",\"@id\":\"https:\/\/sare.eus\/#\/schema\/person\/2fe6d0df294f56313d3ab236dbe38e17\",\"name\":\"sare\",\"image\":{\"@type\":\"ImageObject\",\"inLanguage\":\"es\",\"@id\":\"https:\/\/sare.eus\/#\/schema\/person\/image\/\",\"url\":\"https:\/\/secure.gravatar.com\/avatar\/77cad838677ceb1977e7b3c878b55eaa7fa4aae2158983063b047c3ad7ef2c25?s=96&d=mm&r=g\",\"contentUrl\":\"https:\/\/secure.gravatar.com\/avatar\/77cad838677ceb1977e7b3c878b55eaa7fa4aae2158983063b047c3ad7ef2c25?s=96&d=mm&r=g\",\"caption\":\"sare\"},\"url\":\"https:\/\/sare.eus\/es\/author\/sare\/\"}]}<\/script>\n<!-- \/ Yoast SEO plugin. -->","yoast_head_json":{"title":"Presentaci\u00f3n del documento \"Elkarbizitzarako bakerako etxerako bidean\" en donostia - Sare Herritarra","robots":{"index":"index","follow":"follow","max-snippet":"max-snippet:-1","max-image-preview":"max-image-preview:large","max-video-preview":"max-video-preview:-1"},"canonical":"https:\/\/sare.eus\/es\/elkarbizitzarako-bakerako-etxerako-bidean-hausnarketa-dokumentua-aurkeztu-dugu-donostian\/","og_locale":"es_ES","og_type":"article","og_title":"Presentaci\u00f3n del documento \"Elkarbizitzarako bakerako etxerako bidean\" en donostia - Sare Herritarra","og_description":"Hoy hemos presentado en Teila Fabrika de Donostia el documento de reflexi\u00f3n \u00abelkarbizitzarako bakerako etxerako bidean\u00bb que anunciamos el 8 de enero. Han participado junto con Bego Atxa y Joseba [&hellip;]","og_url":"https:\/\/sare.eus\/es\/elkarbizitzarako-bakerako-etxerako-bidean-hausnarketa-dokumentua-aurkeztu-dugu-donostian\/","og_site_name":"Sare Herritarra","article_published_time":"2022-01-25T10:07:27+00:00","article_modified_time":"2022-01-25T12:19:52+00:00","og_image":[{"width":1486,"height":1002,"url":"https:\/\/sare.eus\/wp-content\/uploads\/2022\/01\/photo_2022-01-25_11-06-43.jpg","type":"image\/jpeg"}],"author":"sare","twitter_card":"summary_large_image","twitter_misc":{"Escrito por":"sare","Tiempo de lectura":"1 minuto"},"schema":{"@context":"https:\/\/schema.org","@graph":[{"@type":"Article","@id":"https:\/\/sare.eus\/es\/elkarbizitzarako-bakerako-etxerako-bidean-hausnarketa-dokumentua-aurkeztu-dugu-donostian\/#article","isPartOf":{"@id":"https:\/\/sare.eus\/es\/elkarbizitzarako-bakerako-etxerako-bidean-hausnarketa-dokumentua-aurkeztu-dugu-donostian\/"},"author":{"name":"sare","@id":"https:\/\/sare.eus\/#\/schema\/person\/2fe6d0df294f56313d3ab236dbe38e17"},"headline":"Presentaci\u00f3n del documento \u00abElkarbizitzarako bakerako etxerako bidean\u00bb en donostia","datePublished":"2022-01-25T10:07:27+00:00","dateModified":"2022-01-25T12:19:52+00:00","mainEntityOfPage":{"@id":"https:\/\/sare.eus\/es\/elkarbizitzarako-bakerako-etxerako-bidean-hausnarketa-dokumentua-aurkeztu-dugu-donostian\/"},"wordCount":73,"publisher":{"@id":"https:\/\/sare.eus\/#organization"},"image":{"@id":"https:\/\/sare.eus\/es\/elkarbizitzarako-bakerako-etxerako-bidean-hausnarketa-dokumentua-aurkeztu-dugu-donostian\/#primaryimage"},"thumbnailUrl":"https:\/\/sare.eus\/wp-content\/uploads\/2022\/01\/photo_2022-01-25_11-06-43.jpg","articleSection":["Etxera"],"inLanguage":"es"},{"@type":"WebPage","@id":"https:\/\/sare.eus\/es\/elkarbizitzarako-bakerako-etxerako-bidean-hausnarketa-dokumentua-aurkeztu-dugu-donostian\/","url":"https:\/\/sare.eus\/es\/elkarbizitzarako-bakerako-etxerako-bidean-hausnarketa-dokumentua-aurkeztu-dugu-donostian\/","name":"Presentaci\u00f3n del documento \"Elkarbizitzarako bakerako etxerako bidean\" en donostia - Sare Herritarra","isPartOf":{"@id":"https:\/\/sare.eus\/#website"},"primaryImageOfPage":{"@id":"https:\/\/sare.eus\/es\/elkarbizitzarako-bakerako-etxerako-bidean-hausnarketa-dokumentua-aurkeztu-dugu-donostian\/#primaryimage"},"image":{"@id":"https:\/\/sare.eus\/es\/elkarbizitzarako-bakerako-etxerako-bidean-hausnarketa-dokumentua-aurkeztu-dugu-donostian\/#primaryimage"},"thumbnailUrl":"https:\/\/sare.eus\/wp-content\/uploads\/2022\/01\/photo_2022-01-25_11-06-43.jpg","datePublished":"2022-01-25T10:07:27+00:00","dateModified":"2022-01-25T12:19:52+00:00","breadcrumb":{"@id":"https:\/\/sare.eus\/es\/elkarbizitzarako-bakerako-etxerako-bidean-hausnarketa-dokumentua-aurkeztu-dugu-donostian\/#breadcrumb"},"inLanguage":"es","potentialAction":[{"@type":"ReadAction","target":["https:\/\/sare.eus\/es\/elkarbizitzarako-bakerako-etxerako-bidean-hausnarketa-dokumentua-aurkeztu-dugu-donostian\/"]}]},{"@type":"ImageObject","inLanguage":"es","@id":"https:\/\/sare.eus\/es\/elkarbizitzarako-bakerako-etxerako-bidean-hausnarketa-dokumentua-aurkeztu-dugu-donostian\/#primaryimage","url":"https:\/\/sare.eus\/wp-content\/uploads\/2022\/01\/photo_2022-01-25_11-06-43.jpg","contentUrl":"https:\/\/sare.eus\/wp-content\/uploads\/2022\/01\/photo_2022-01-25_11-06-43.jpg","width":1486,"height":1002},{"@type":"BreadcrumbList","@id":"https:\/\/sare.eus\/es\/elkarbizitzarako-bakerako-etxerako-bidean-hausnarketa-dokumentua-aurkeztu-dugu-donostian\/#breadcrumb","itemListElement":[{"@type":"ListItem","position":1,"name":"Home","item":"https:\/\/sare.eus\/"},{"@type":"ListItem","position":2,"name":"Presentaci\u00f3n del documento \u00abElkarbizitzarako bakerako etxerako bidean\u00bb en donostia"}]},{"@type":"WebSite","@id":"https:\/\/sare.eus\/#website","url":"https:\/\/sare.eus\/","name":"Sare Herritarra","description":"KONPONBIDEAREN ETA GIZA ESKUBIDEEN ALDEKO SARE HERRITARRA","publisher":{"@id":"https:\/\/sare.eus\/#organization"},"potentialAction":[{"@type":"SearchAction","target":{"@type":"EntryPoint","urlTemplate":"https:\/\/sare.eus\/?s={search_term_string}"},"query-input":{"@type":"PropertyValueSpecification","valueRequired":true,"valueName":"search_term_string"}}],"inLanguage":"es"},{"@type":"Organization","@id":"https:\/\/sare.eus\/#organization","name":"Sare Herritarra","url":"https:\/\/sare.eus\/","logo":{"@type":"ImageObject","inLanguage":"es","@id":"https:\/\/sare.eus\/#\/schema\/logo\/image\/","url":"https:\/\/sare.eus\/wp-content\/uploads\/2021\/08\/sare.png","contentUrl":"https:\/\/sare.eus\/wp-content\/uploads\/2021\/08\/sare.png","width":120,"height":142,"caption":"Sare Herritarra"},"image":{"@id":"https:\/\/sare.eus\/#\/schema\/logo\/image\/"}},{"@type":"Person","@id":"https:\/\/sare.eus\/#\/schema\/person\/2fe6d0df294f56313d3ab236dbe38e17","name":"sare","image":{"@type":"ImageObject","inLanguage":"es","@id":"https:\/\/sare.eus\/#\/schema\/person\/image\/","url":"https:\/\/secure.gravatar.com\/avatar\/77cad838677ceb1977e7b3c878b55eaa7fa4aae2158983063b047c3ad7ef2c25?s=96&d=mm&r=g","contentUrl":"https:\/\/secure.gravatar.com\/avatar\/77cad838677ceb1977e7b3c878b55eaa7fa4aae2158983063b047c3ad7ef2c25?s=96&d=mm&r=g","caption":"sare"},"url":"https:\/\/sare.eus\/es\/author\/sare\/"}]}},"_links":{"self":[{"href":"https:\/\/sare.eus\/es\/wp-json\/wp\/v2\/posts\/2448","targetHints":{"allow":["GET"]}}],"collection":[{"href":"https:\/\/sare.eus\/es\/wp-json\/wp\/v2\/posts"}],"about":[{"href":"https:\/\/sare.eus\/es\/wp-json\/wp\/v2\/types\/post"}],"author":[{"embeddable":true,"href":"https:\/\/sare.eus\/es\/wp-json\/wp\/v2\/users\/2"}],"replies":[{"embeddable":true,"href":"https:\/\/sare.eus\/es\/wp-json\/wp\/v2\/comments?post=2448"}],"version-history":[{"count":4,"href":"https:\/\/sare.eus\/es\/wp-json\/wp\/v2\/posts\/2448\/revisions"}],"predecessor-version":[{"id":2460,"href":"https:\/\/sare.eus\/es\/wp-json\/wp\/v2\/posts\/2448\/revisions\/2460"}],"wp:featuredmedia":[{"embeddable":true,"href":"https:\/\/sare.eus\/es\/wp-json\/wp\/v2\/media\/2455"}],"wp:attachment":[{"href":"https:\/\/sare.eus\/es\/wp-json\/wp\/v2\/media?parent=2448"}],"wp:term":[{"taxonomy":"category","embeddable":true,"href":"https:\/\/sare.eus\/es\/wp-json\/wp\/v2\/categories?post=2448"},{"taxonomy":"post_tag","embeddable":true,"href":"https:\/\/sare.eus\/es\/wp-json\/wp\/v2\/tags?post=2448"}],"curies":[{"name":"wp","href":"https:\/\/api.w.org\/{rel}","templated":true}]}}