{"id":2424,"date":"2022-01-21T11:56:06","date_gmt":"2022-01-21T11:56:06","guid":{"rendered":"https:\/\/sare.eus\/izadi-eta-preso-dauden-bere-gurasoen-eskubideak-errespeta-ditzatela-eskatu-dugu-bilbon-sindikatuekin-batera\/"},"modified":"2022-01-21T12:24:28","modified_gmt":"2022-01-21T12:24:28","slug":"izadi-eta-preso-dauden-bere-gurasoen-eskubideak-errespeta-ditzatela-eskatu-dugu-bilbon-sindikatuekin-batera","status":"publish","type":"post","link":"https:\/\/sare.eus\/es\/izadi-eta-preso-dauden-bere-gurasoen-eskubideak-errespeta-ditzatela-eskatu-dugu-bilbon-sindikatuekin-batera\/","title":{"rendered":"Hemos reclamado en Bilbo que se respeten los derechos de Izadi y su madre y padre encarcelados"},"content":{"rendered":"<p>Izadi, ese es el \u00faltimo nombre de una larga lista. Izadi es, hasta ahora, la \u00faltima ni\u00f1a en c\u00e1rceles espa\u00f1olas,<br \/>y el 23 de enero, al cumplir 3 a\u00f1os, ser\u00e1 separada de su padre y de su madre. Despu\u00e9s de pasar por<br \/>diversas c\u00e1rceles espa\u00f1olas, a Izadi le ha llegado el momento de venir a EH.<\/p>\n<p>Despu\u00e9s del trabajo realizado, y gracias al impulso de la sociedad civil y de los agentes pol\u00edticos, sindicales<br \/>y sociales, Izadi ya no tendr\u00e1 que recorrer cientos de kil\u00f3metros para visitar a su padre y a su madre.<br \/>Acogimos con alegr\u00eda la decisi\u00f3n de trasladar a EH a su madre y su padre, as\u00ed como la posibilidad de estar<br \/>con su padre. Pero todo no es como quisi\u00e9ramos, y, desgraciadamente, todav\u00eda tendr\u00e1 que esperar para<br \/>estar con su madre.<\/p>\n<p>Izadi, ahora, al igual que 80 ni\u00f1as y ni\u00f1os m\u00e1s, sufrir\u00e1 las medidas de excepci\u00f3n aplicadas a su madre y a su<br \/>padre. Esperamos que esas medidas de excepci\u00f3n vayan cambiando a lo largo de los pr\u00f3ximos meses, y<br \/>que se ponga fin al sufrimiento que generan.<\/p>\n\n\n<figure class=\"wp-block-embed is-type-rich is-provider-twitter wp-block-embed-twitter\"><div class=\"wp-block-embed__wrapper\">\n<blockquote class=\"twitter-tweet\" data-width=\"550\" data-dnt=\"true\"><p lang=\"es\" dir=\"ltr\">\u23ef\ufe0fJunto con los sindicatos hemos reclamado en Bilbo que se respeten los derechos de Izadi y su madre y padre encarcelados <br><br>Nota: <a href=\"https:\/\/t.co\/xrDybMN6Vd\">https:\/\/t.co\/xrDybMN6Vd<\/a> <a href=\"https:\/\/twitter.com\/hashtag\/IzadiGurasoekinEtxera?src=hash&amp;ref_src=twsrc%5Etfw\">#IzadiGurasoekinEtxera<\/a> <a href=\"https:\/\/twitter.com\/hashtag\/IzanBidea?src=hash&amp;ref_src=twsrc%5Etfw\">#IzanBidea<\/a> <a href=\"https:\/\/twitter.com\/hashtag\/MotxiladunUmeak?src=hash&amp;ref_src=twsrc%5Etfw\">#MotxiladunUmeak<\/a> <a href=\"https:\/\/t.co\/EYfRuAvJVN\">pic.twitter.com\/EYfRuAvJVN<\/a><\/p>&mdash; Sare #IzanBidea \u2197\ufe0f (@sare_herritarra) <a href=\"https:\/\/twitter.com\/sare_herritarra\/status\/1484501261567340545?ref_src=twsrc%5Etfw\">January 21, 2022<\/a><\/blockquote><script async src=\"https:\/\/platform.twitter.com\/widgets.js\" charset=\"utf-8\"><\/script>\n<\/div><\/figure>\n\n\n<p>Esperamos que Izadi pueda abrazar cuanto antes a su madre y a su padre en Algorta, y que tenga la<br>posibilidad de recorrer sin obst\u00e1culos el camino establecido por la ley.<\/p>\n<p>Han pasado 100 d\u00edas desde que el Gobierno Vasco asumi\u00f3 las competencias penitenciarias. En Sare<br>esperamos que las decisiones que adopten posibiliten un futuro mejor, dejando atr\u00e1s las medidas de<br>excepci\u00f3n y aplicando a todas las presas y a todos los presos la legislaci\u00f3n ordinaria. Y, en este caso,<br>teniendo en cuenta los derechos de la infancia, para lo que se deben tomar medidas para solucionar el<br>problema de los m\u00f3dulos penitenciarios en EH. Porque, en definitiva, estamos hablando de los derechos<br>de ni\u00f1as y ni\u00f1os y del derecho de las personas presas a ser padres y madres y a vivir en familia.<\/p>","protected":false},"excerpt":{"rendered":"<p>Izadi, ese es el \u00faltimo nombre de una larga lista. Izadi es, hasta ahora, la \u00faltima ni\u00f1a en c\u00e1rceles espa\u00f1olas,y el 23 de enero, al cumplir 3 a\u00f1os, ser\u00e1 separada [&hellip;]<\/p>\n","protected":false},"author":2,"featured_media":2422,"comment_status":"closed","ping_status":"closed","sticky":false,"template":"","format":"standard","meta":{"_acf_changed":false,"_et_pb_use_builder":"off","_et_pb_old_content":"","_et_gb_content_width":"","footnotes":""},"categories":[68],"tags":[],"class_list":["post-2424","post","type-post","status-publish","format-standard","has-post-thumbnail","hentry","category-ninos-con-mochila","et-has-post-format-content","et_post_format-et-post-format-standard"],"acf":[],"yoast_head":"<!-- This site is optimized with the Yoast SEO plugin v26.4 - https:\/\/yoast.com\/wordpress\/plugins\/seo\/ -->\n<title>Hemos reclamado en Bilbo que se respeten los derechos de Izadi y su madre y padre encarcelados - Sare Herritarra<\/title>\n<meta name=\"robots\" content=\"index, follow, max-snippet:-1, max-image-preview:large, max-video-preview:-1\" \/>\n<link rel=\"canonical\" href=\"https:\/\/sare.eus\/es\/izadi-eta-preso-dauden-bere-gurasoen-eskubideak-errespeta-ditzatela-eskatu-dugu-bilbon-sindikatuekin-batera\/\" \/>\n<meta property=\"og:locale\" content=\"es_ES\" \/>\n<meta property=\"og:type\" content=\"article\" \/>\n<meta property=\"og:title\" content=\"Hemos reclamado en Bilbo que se respeten los derechos de Izadi y su madre y padre encarcelados - Sare Herritarra\" \/>\n<meta property=\"og:description\" content=\"Izadi, ese es el \u00faltimo nombre de una larga lista. Izadi es, hasta ahora, la \u00faltima ni\u00f1a en c\u00e1rceles espa\u00f1olas,y el 23 de enero, al cumplir 3 a\u00f1os, ser\u00e1 separada [&hellip;]\" \/>\n<meta property=\"og:url\" content=\"https:\/\/sare.eus\/es\/izadi-eta-preso-dauden-bere-gurasoen-eskubideak-errespeta-ditzatela-eskatu-dugu-bilbon-sindikatuekin-batera\/\" \/>\n<meta property=\"og:site_name\" content=\"Sare Herritarra\" \/>\n<meta property=\"article:published_time\" content=\"2022-01-21T11:56:06+00:00\" \/>\n<meta property=\"article:modified_time\" content=\"2022-01-21T12:24:28+00:00\" \/>\n<meta property=\"og:image\" content=\"https:\/\/sare.eus\/wp-content\/uploads\/2022\/01\/photo_2022-01-21_12-40-25.jpg\" \/>\n\t<meta property=\"og:image:width\" content=\"1280\" \/>\n\t<meta property=\"og:image:height\" content=\"960\" \/>\n\t<meta property=\"og:image:type\" content=\"image\/jpeg\" \/>\n<meta name=\"author\" content=\"sare\" \/>\n<meta name=\"twitter:card\" content=\"summary_large_image\" \/>\n<meta name=\"twitter:label1\" content=\"Escrito por\" \/>\n\t<meta name=\"twitter:data1\" content=\"sare\" \/>\n\t<meta name=\"twitter:label2\" content=\"Tiempo de lectura\" \/>\n\t<meta name=\"twitter:data2\" content=\"2 minutos\" \/>\n<script type=\"application\/ld+json\" class=\"yoast-schema-graph\">{\"@context\":\"https:\/\/schema.org\",\"@graph\":[{\"@type\":\"Article\",\"@id\":\"https:\/\/sare.eus\/es\/izadi-eta-preso-dauden-bere-gurasoen-eskubideak-errespeta-ditzatela-eskatu-dugu-bilbon-sindikatuekin-batera\/#article\",\"isPartOf\":{\"@id\":\"https:\/\/sare.eus\/es\/izadi-eta-preso-dauden-bere-gurasoen-eskubideak-errespeta-ditzatela-eskatu-dugu-bilbon-sindikatuekin-batera\/\"},\"author\":{\"name\":\"sare\",\"@id\":\"https:\/\/sare.eus\/#\/schema\/person\/2fe6d0df294f56313d3ab236dbe38e17\"},\"headline\":\"Hemos reclamado en Bilbo que se respeten los derechos de Izadi y su madre y padre encarcelados\",\"datePublished\":\"2022-01-21T11:56:06+00:00\",\"dateModified\":\"2022-01-21T12:24:28+00:00\",\"mainEntityOfPage\":{\"@id\":\"https:\/\/sare.eus\/es\/izadi-eta-preso-dauden-bere-gurasoen-eskubideak-errespeta-ditzatela-eskatu-dugu-bilbon-sindikatuekin-batera\/\"},\"wordCount\":353,\"publisher\":{\"@id\":\"https:\/\/sare.eus\/#organization\"},\"image\":{\"@id\":\"https:\/\/sare.eus\/es\/izadi-eta-preso-dauden-bere-gurasoen-eskubideak-errespeta-ditzatela-eskatu-dugu-bilbon-sindikatuekin-batera\/#primaryimage\"},\"thumbnailUrl\":\"https:\/\/sare.eus\/wp-content\/uploads\/2022\/01\/photo_2022-01-21_12-40-25.jpg\",\"articleSection\":[\"Ni\u00f1os con Mochila\"],\"inLanguage\":\"es\"},{\"@type\":\"WebPage\",\"@id\":\"https:\/\/sare.eus\/es\/izadi-eta-preso-dauden-bere-gurasoen-eskubideak-errespeta-ditzatela-eskatu-dugu-bilbon-sindikatuekin-batera\/\",\"url\":\"https:\/\/sare.eus\/es\/izadi-eta-preso-dauden-bere-gurasoen-eskubideak-errespeta-ditzatela-eskatu-dugu-bilbon-sindikatuekin-batera\/\",\"name\":\"Hemos reclamado en Bilbo que se respeten los derechos de Izadi y su madre y padre encarcelados - Sare Herritarra\",\"isPartOf\":{\"@id\":\"https:\/\/sare.eus\/#website\"},\"primaryImageOfPage\":{\"@id\":\"https:\/\/sare.eus\/es\/izadi-eta-preso-dauden-bere-gurasoen-eskubideak-errespeta-ditzatela-eskatu-dugu-bilbon-sindikatuekin-batera\/#primaryimage\"},\"image\":{\"@id\":\"https:\/\/sare.eus\/es\/izadi-eta-preso-dauden-bere-gurasoen-eskubideak-errespeta-ditzatela-eskatu-dugu-bilbon-sindikatuekin-batera\/#primaryimage\"},\"thumbnailUrl\":\"https:\/\/sare.eus\/wp-content\/uploads\/2022\/01\/photo_2022-01-21_12-40-25.jpg\",\"datePublished\":\"2022-01-21T11:56:06+00:00\",\"dateModified\":\"2022-01-21T12:24:28+00:00\",\"breadcrumb\":{\"@id\":\"https:\/\/sare.eus\/es\/izadi-eta-preso-dauden-bere-gurasoen-eskubideak-errespeta-ditzatela-eskatu-dugu-bilbon-sindikatuekin-batera\/#breadcrumb\"},\"inLanguage\":\"es\",\"potentialAction\":[{\"@type\":\"ReadAction\",\"target\":[\"https:\/\/sare.eus\/es\/izadi-eta-preso-dauden-bere-gurasoen-eskubideak-errespeta-ditzatela-eskatu-dugu-bilbon-sindikatuekin-batera\/\"]}]},{\"@type\":\"ImageObject\",\"inLanguage\":\"es\",\"@id\":\"https:\/\/sare.eus\/es\/izadi-eta-preso-dauden-bere-gurasoen-eskubideak-errespeta-ditzatela-eskatu-dugu-bilbon-sindikatuekin-batera\/#primaryimage\",\"url\":\"https:\/\/sare.eus\/wp-content\/uploads\/2022\/01\/photo_2022-01-21_12-40-25.jpg\",\"contentUrl\":\"https:\/\/sare.eus\/wp-content\/uploads\/2022\/01\/photo_2022-01-21_12-40-25.jpg\",\"width\":1280,\"height\":960},{\"@type\":\"BreadcrumbList\",\"@id\":\"https:\/\/sare.eus\/es\/izadi-eta-preso-dauden-bere-gurasoen-eskubideak-errespeta-ditzatela-eskatu-dugu-bilbon-sindikatuekin-batera\/#breadcrumb\",\"itemListElement\":[{\"@type\":\"ListItem\",\"position\":1,\"name\":\"Home\",\"item\":\"https:\/\/sare.eus\/\"},{\"@type\":\"ListItem\",\"position\":2,\"name\":\"Hemos reclamado en Bilbo que se respeten los derechos de Izadi y su madre y padre encarcelados\"}]},{\"@type\":\"WebSite\",\"@id\":\"https:\/\/sare.eus\/#website\",\"url\":\"https:\/\/sare.eus\/\",\"name\":\"Sare Herritarra\",\"description\":\"KONPONBIDEAREN ETA GIZA ESKUBIDEEN ALDEKO SARE HERRITARRA\",\"publisher\":{\"@id\":\"https:\/\/sare.eus\/#organization\"},\"potentialAction\":[{\"@type\":\"SearchAction\",\"target\":{\"@type\":\"EntryPoint\",\"urlTemplate\":\"https:\/\/sare.eus\/?s={search_term_string}\"},\"query-input\":{\"@type\":\"PropertyValueSpecification\",\"valueRequired\":true,\"valueName\":\"search_term_string\"}}],\"inLanguage\":\"es\"},{\"@type\":\"Organization\",\"@id\":\"https:\/\/sare.eus\/#organization\",\"name\":\"Sare Herritarra\",\"url\":\"https:\/\/sare.eus\/\",\"logo\":{\"@type\":\"ImageObject\",\"inLanguage\":\"es\",\"@id\":\"https:\/\/sare.eus\/#\/schema\/logo\/image\/\",\"url\":\"https:\/\/sare.eus\/wp-content\/uploads\/2021\/08\/sare.png\",\"contentUrl\":\"https:\/\/sare.eus\/wp-content\/uploads\/2021\/08\/sare.png\",\"width\":120,\"height\":142,\"caption\":\"Sare Herritarra\"},\"image\":{\"@id\":\"https:\/\/sare.eus\/#\/schema\/logo\/image\/\"}},{\"@type\":\"Person\",\"@id\":\"https:\/\/sare.eus\/#\/schema\/person\/2fe6d0df294f56313d3ab236dbe38e17\",\"name\":\"sare\",\"image\":{\"@type\":\"ImageObject\",\"inLanguage\":\"es\",\"@id\":\"https:\/\/sare.eus\/#\/schema\/person\/image\/\",\"url\":\"https:\/\/secure.gravatar.com\/avatar\/77cad838677ceb1977e7b3c878b55eaa7fa4aae2158983063b047c3ad7ef2c25?s=96&d=mm&r=g\",\"contentUrl\":\"https:\/\/secure.gravatar.com\/avatar\/77cad838677ceb1977e7b3c878b55eaa7fa4aae2158983063b047c3ad7ef2c25?s=96&d=mm&r=g\",\"caption\":\"sare\"},\"url\":\"https:\/\/sare.eus\/es\/author\/sare\/\"}]}<\/script>\n<!-- \/ Yoast SEO plugin. -->","yoast_head_json":{"title":"Hemos reclamado en Bilbo que se respeten los derechos de Izadi y su madre y padre encarcelados - Sare Herritarra","robots":{"index":"index","follow":"follow","max-snippet":"max-snippet:-1","max-image-preview":"max-image-preview:large","max-video-preview":"max-video-preview:-1"},"canonical":"https:\/\/sare.eus\/es\/izadi-eta-preso-dauden-bere-gurasoen-eskubideak-errespeta-ditzatela-eskatu-dugu-bilbon-sindikatuekin-batera\/","og_locale":"es_ES","og_type":"article","og_title":"Hemos reclamado en Bilbo que se respeten los derechos de Izadi y su madre y padre encarcelados - Sare Herritarra","og_description":"Izadi, ese es el \u00faltimo nombre de una larga lista. Izadi es, hasta ahora, la \u00faltima ni\u00f1a en c\u00e1rceles espa\u00f1olas,y el 23 de enero, al cumplir 3 a\u00f1os, ser\u00e1 separada [&hellip;]","og_url":"https:\/\/sare.eus\/es\/izadi-eta-preso-dauden-bere-gurasoen-eskubideak-errespeta-ditzatela-eskatu-dugu-bilbon-sindikatuekin-batera\/","og_site_name":"Sare Herritarra","article_published_time":"2022-01-21T11:56:06+00:00","article_modified_time":"2022-01-21T12:24:28+00:00","og_image":[{"width":1280,"height":960,"url":"https:\/\/sare.eus\/wp-content\/uploads\/2022\/01\/photo_2022-01-21_12-40-25.jpg","type":"image\/jpeg"}],"author":"sare","twitter_card":"summary_large_image","twitter_misc":{"Escrito por":"sare","Tiempo de lectura":"2 minutos"},"schema":{"@context":"https:\/\/schema.org","@graph":[{"@type":"Article","@id":"https:\/\/sare.eus\/es\/izadi-eta-preso-dauden-bere-gurasoen-eskubideak-errespeta-ditzatela-eskatu-dugu-bilbon-sindikatuekin-batera\/#article","isPartOf":{"@id":"https:\/\/sare.eus\/es\/izadi-eta-preso-dauden-bere-gurasoen-eskubideak-errespeta-ditzatela-eskatu-dugu-bilbon-sindikatuekin-batera\/"},"author":{"name":"sare","@id":"https:\/\/sare.eus\/#\/schema\/person\/2fe6d0df294f56313d3ab236dbe38e17"},"headline":"Hemos reclamado en Bilbo que se respeten los derechos de Izadi y su madre y padre encarcelados","datePublished":"2022-01-21T11:56:06+00:00","dateModified":"2022-01-21T12:24:28+00:00","mainEntityOfPage":{"@id":"https:\/\/sare.eus\/es\/izadi-eta-preso-dauden-bere-gurasoen-eskubideak-errespeta-ditzatela-eskatu-dugu-bilbon-sindikatuekin-batera\/"},"wordCount":353,"publisher":{"@id":"https:\/\/sare.eus\/#organization"},"image":{"@id":"https:\/\/sare.eus\/es\/izadi-eta-preso-dauden-bere-gurasoen-eskubideak-errespeta-ditzatela-eskatu-dugu-bilbon-sindikatuekin-batera\/#primaryimage"},"thumbnailUrl":"https:\/\/sare.eus\/wp-content\/uploads\/2022\/01\/photo_2022-01-21_12-40-25.jpg","articleSection":["Ni\u00f1os con Mochila"],"inLanguage":"es"},{"@type":"WebPage","@id":"https:\/\/sare.eus\/es\/izadi-eta-preso-dauden-bere-gurasoen-eskubideak-errespeta-ditzatela-eskatu-dugu-bilbon-sindikatuekin-batera\/","url":"https:\/\/sare.eus\/es\/izadi-eta-preso-dauden-bere-gurasoen-eskubideak-errespeta-ditzatela-eskatu-dugu-bilbon-sindikatuekin-batera\/","name":"Hemos reclamado en Bilbo que se respeten los derechos de Izadi y su madre y padre encarcelados - Sare Herritarra","isPartOf":{"@id":"https:\/\/sare.eus\/#website"},"primaryImageOfPage":{"@id":"https:\/\/sare.eus\/es\/izadi-eta-preso-dauden-bere-gurasoen-eskubideak-errespeta-ditzatela-eskatu-dugu-bilbon-sindikatuekin-batera\/#primaryimage"},"image":{"@id":"https:\/\/sare.eus\/es\/izadi-eta-preso-dauden-bere-gurasoen-eskubideak-errespeta-ditzatela-eskatu-dugu-bilbon-sindikatuekin-batera\/#primaryimage"},"thumbnailUrl":"https:\/\/sare.eus\/wp-content\/uploads\/2022\/01\/photo_2022-01-21_12-40-25.jpg","datePublished":"2022-01-21T11:56:06+00:00","dateModified":"2022-01-21T12:24:28+00:00","breadcrumb":{"@id":"https:\/\/sare.eus\/es\/izadi-eta-preso-dauden-bere-gurasoen-eskubideak-errespeta-ditzatela-eskatu-dugu-bilbon-sindikatuekin-batera\/#breadcrumb"},"inLanguage":"es","potentialAction":[{"@type":"ReadAction","target":["https:\/\/sare.eus\/es\/izadi-eta-preso-dauden-bere-gurasoen-eskubideak-errespeta-ditzatela-eskatu-dugu-bilbon-sindikatuekin-batera\/"]}]},{"@type":"ImageObject","inLanguage":"es","@id":"https:\/\/sare.eus\/es\/izadi-eta-preso-dauden-bere-gurasoen-eskubideak-errespeta-ditzatela-eskatu-dugu-bilbon-sindikatuekin-batera\/#primaryimage","url":"https:\/\/sare.eus\/wp-content\/uploads\/2022\/01\/photo_2022-01-21_12-40-25.jpg","contentUrl":"https:\/\/sare.eus\/wp-content\/uploads\/2022\/01\/photo_2022-01-21_12-40-25.jpg","width":1280,"height":960},{"@type":"BreadcrumbList","@id":"https:\/\/sare.eus\/es\/izadi-eta-preso-dauden-bere-gurasoen-eskubideak-errespeta-ditzatela-eskatu-dugu-bilbon-sindikatuekin-batera\/#breadcrumb","itemListElement":[{"@type":"ListItem","position":1,"name":"Home","item":"https:\/\/sare.eus\/"},{"@type":"ListItem","position":2,"name":"Hemos reclamado en Bilbo que se respeten los derechos de Izadi y su madre y padre encarcelados"}]},{"@type":"WebSite","@id":"https:\/\/sare.eus\/#website","url":"https:\/\/sare.eus\/","name":"Sare Herritarra","description":"KONPONBIDEAREN ETA GIZA ESKUBIDEEN ALDEKO SARE HERRITARRA","publisher":{"@id":"https:\/\/sare.eus\/#organization"},"potentialAction":[{"@type":"SearchAction","target":{"@type":"EntryPoint","urlTemplate":"https:\/\/sare.eus\/?s={search_term_string}"},"query-input":{"@type":"PropertyValueSpecification","valueRequired":true,"valueName":"search_term_string"}}],"inLanguage":"es"},{"@type":"Organization","@id":"https:\/\/sare.eus\/#organization","name":"Sare Herritarra","url":"https:\/\/sare.eus\/","logo":{"@type":"ImageObject","inLanguage":"es","@id":"https:\/\/sare.eus\/#\/schema\/logo\/image\/","url":"https:\/\/sare.eus\/wp-content\/uploads\/2021\/08\/sare.png","contentUrl":"https:\/\/sare.eus\/wp-content\/uploads\/2021\/08\/sare.png","width":120,"height":142,"caption":"Sare Herritarra"},"image":{"@id":"https:\/\/sare.eus\/#\/schema\/logo\/image\/"}},{"@type":"Person","@id":"https:\/\/sare.eus\/#\/schema\/person\/2fe6d0df294f56313d3ab236dbe38e17","name":"sare","image":{"@type":"ImageObject","inLanguage":"es","@id":"https:\/\/sare.eus\/#\/schema\/person\/image\/","url":"https:\/\/secure.gravatar.com\/avatar\/77cad838677ceb1977e7b3c878b55eaa7fa4aae2158983063b047c3ad7ef2c25?s=96&d=mm&r=g","contentUrl":"https:\/\/secure.gravatar.com\/avatar\/77cad838677ceb1977e7b3c878b55eaa7fa4aae2158983063b047c3ad7ef2c25?s=96&d=mm&r=g","caption":"sare"},"url":"https:\/\/sare.eus\/es\/author\/sare\/"}]}},"_links":{"self":[{"href":"https:\/\/sare.eus\/es\/wp-json\/wp\/v2\/posts\/2424","targetHints":{"allow":["GET"]}}],"collection":[{"href":"https:\/\/sare.eus\/es\/wp-json\/wp\/v2\/posts"}],"about":[{"href":"https:\/\/sare.eus\/es\/wp-json\/wp\/v2\/types\/post"}],"author":[{"embeddable":true,"href":"https:\/\/sare.eus\/es\/wp-json\/wp\/v2\/users\/2"}],"replies":[{"embeddable":true,"href":"https:\/\/sare.eus\/es\/wp-json\/wp\/v2\/comments?post=2424"}],"version-history":[{"count":3,"href":"https:\/\/sare.eus\/es\/wp-json\/wp\/v2\/posts\/2424\/revisions"}],"predecessor-version":[{"id":2429,"href":"https:\/\/sare.eus\/es\/wp-json\/wp\/v2\/posts\/2424\/revisions\/2429"}],"wp:featuredmedia":[{"embeddable":true,"href":"https:\/\/sare.eus\/es\/wp-json\/wp\/v2\/media\/2422"}],"wp:attachment":[{"href":"https:\/\/sare.eus\/es\/wp-json\/wp\/v2\/media?parent=2424"}],"wp:term":[{"taxonomy":"category","embeddable":true,"href":"https:\/\/sare.eus\/es\/wp-json\/wp\/v2\/categories?post=2424"},{"taxonomy":"post_tag","embeddable":true,"href":"https:\/\/sare.eus\/es\/wp-json\/wp\/v2\/tags?post=2424"}],"curies":[{"name":"wp","href":"https:\/\/api.w.org\/{rel}","templated":true}]}}