{"id":2336,"date":"2022-01-14T09:44:34","date_gmt":"2022-01-14T09:44:34","guid":{"rendered":"https:\/\/sare.eus\/?p=2336"},"modified":"2022-02-03T09:35:32","modified_gmt":"2022-02-03T09:35:32","slug":"estreno-de-la-pelicula-tipularen-sehaska-kanta","status":"publish","type":"post","link":"https:\/\/sare.eus\/es\/estreno-de-la-pelicula-tipularen-sehaska-kanta\/","title":{"rendered":"Estreno de la pelicula Tipularen Sehaska Kanta"},"content":{"rendered":"<blockquote>\n<p>Tipularen sehaska kanta, Un film-documental dirigido por Lander Garro, una pel\u00edcula que pretende traer a la luz el dolor que supone la enfermedad en prisi\u00f3n. El estreno tendr\u00e1 lugar el 3 de febrero en el Teatro Principal de San Sebasti\u00e1n, a las 19:00.<\/p>\n<\/blockquote>\n\n\n<figure class=\"wp-block-embed is-type-video is-provider-youtube wp-block-embed-youtube wp-embed-aspect-16-9 wp-has-aspect-ratio\"><div class=\"wp-block-embed__wrapper\">\n<iframe loading=\"lazy\" title=\"[TEASER] Tipularen sehaska kanta\" width=\"1080\" height=\"608\" src=\"https:\/\/www.youtube.com\/embed\/3nERKm_sqdg?feature=oembed\" frameborder=\"0\" allow=\"accelerometer; autoplay; clipboard-write; encrypted-media; gyroscope; picture-in-picture\" allowfullscreen><\/iframe>\n<\/div><\/figure>\n\n\n<p><strong>Tipularen sehaska kanta (2021)<\/strong><\/p>\n<p>Euskal Herria. Zuzendaritza: Lander Garro.<\/p>\n<p>Duraci\u00f3n: 83 min.<\/p>\n<p>Idioma: euskara, gaztelania (subtituloak)<\/p>\n<p><strong>SINOPSIS.<\/strong> Ir al m\u00e9dico para hacer un diagn\u00f3stico o para tener un tratamiento es algo com\u00fan en el mundo exterior. Pero para todo preso\/a es un camino muy dif\u00edcil o imposible. Lander Garro, el director, acude a quienes han vivido la experiencia de estar enfermo en la c\u00e1rcel para entender mejor qu\u00e9 consecuencias tiene. Utiliza un lenguaje que va m\u00e1s all\u00e1 del discurso pol\u00edtico, explorando la indefensi\u00f3n de los\/as presos\/as que se les lim\u00edta el derecho a la salud desde el punto de vista emocional, a traves de herramientas cinematogr\u00e1ficas. Nana de la cebolla m\u00e1s que una pel\u00edcula pol\u00edtica es una pel\u00edcula art\u00edstica, narrada en primera persona y desde las entra\u00f1as. A partir del poema Nana de la cebolla del poeta espa\u00f1ol Miguel Hern\u00e1ndez, muerto en la c\u00e1rcel en 1942, la pel\u00edcula hace una analog\u00eda hist\u00f3rica: si no ten\u00eda sentido morir en prisi\u00f3n el 1936, \u00bftiene sentido hoy?<\/p>\n<p><a href=\"https:\/\/tickets.donostiakultura.eus\/selection\/event\/date?productId=101814879324&amp;lang=eu\" target=\"_blank\" rel=\"noopener\"><strong>\u00bb SARRERAK SALGAI_ENTRADAS A LA VENTA<\/strong><\/a><\/p>\n<p><strong>PR\u00d3XIMAS PROYECCIONES: <\/strong><\/p>\n<p>Otsailak 4 Febrero \u00b7 Urru\u00f1a \u00b7 20:00 \u00b7 Itsas Mendi Aretoa<\/p>\n<p>Otsailak 8 Febrero \u00b7 O\u00f1ati \u00b7 19:00 \u00b7 Kultur Etxea\u00a0<\/p>\n<p>Otsailak 9 Febrero \u00b7 Elorrio \u00b7 19:30 \u00b7 Arriola kultur aretoa\u00a0<\/p>\n<p>Otsailak 16 Febrero \u00b7 Bergara \u00b7 20:00 \u00b7 Seminarixoan<\/p>\n<p>Otsailak 20 Febrero \u00b7 Etxarri Aranatz \u00b7 19:00 \u00b7 Kultur Etxea<\/p>\n<p>Otsailak 21 Febrero \u00b7 Donapaleu \u00b7 20:30 \u00b7 Complexe Saint Louis<\/p>\n<p>Otsailak 23 Febrero \u00b7 Donibane Lohitzune \u00b7 20:30 \u00b7 Le S\u00e9lect<\/p>\n<p>Otsailak 24 Febrero \u00b7 Biarritz \u00b7 Le Royal \u00b7 <i>Orduaren konfirmazioaren zain<\/i><\/p>\n<p>Otsailak 25 Febrero \u00b7 Getaria (Lapurdi) \u00b720:30 \u00b7 Getarienea<\/p>\n<p>Otsailak 27 Febrero \u00b7 Kanbo \u00b7 18:00 \u00b7 L&#8217;Aiglon<\/p>\n<p>Otsailak 28 Febrero \u00b7 Donibane Garazi \u00b720:30 \u00b7 Le Vauban<\/p>\n<p><strong>MARZO:\u00a0<\/strong><\/p>\n<p>Martxoak 1 Marzo \u00b7 Hendaia \u00b7 20:30 \u00b7 Les Vari\u00e9t\u00e9s\u00a0<\/p>\n<p>Martxoak 3 Marzo \u00b7 Baiona \u00b7 L&#8217;Atalante \u00b7 <em>orduaren konfirmazioaren zain\u00a0<\/em><\/p>\n<p>Martxoak\u00a0 9 Marzo \u00b7 Hernani \u00b7 19:00 \u00b7 Biterri Kultur gunea\u00a0<\/p>\n<p>Martxoak 17 Marzo \u00b7 Billabona \u00b7 20:00 \u00b7 Gurea Zinema<\/p>\n<p>Martxoak 26 Marzo \u00b7 Lasarte \u2013 Oria \u00b7 20:30 \u00b7 Manuel Lekuona Kultur Etxea<\/p>\n<p><strong>ABRIL:\u00a0<\/strong><\/p>\n<p>Apirilak 23 Abril \u00b7 Leitza \u00b7 18:00 \u00b7 Herri Aretoan<\/p>\n<p>\u00a0<\/p>\n<p><!--more--><\/p>\n<p><strong>LANDER GARROK \u2018TIPULAREN SEHASKA KANTA\u2019 DOKUMENTALA AURKEZTU DU IRUDIENEAN. HONETAN, PRESO ETA GAIXO EGOTEA ZER DEN KONTATZEN DU<\/strong><\/p>\n\n\n<figure class=\"wp-block-embed is-type-video is-provider-youtube wp-block-embed-youtube wp-embed-aspect-16-9 wp-has-aspect-ratio\"><div class=\"wp-block-embed__wrapper\">\n<iframe loading=\"lazy\" title=\"Lander Garrok \u2018Tipularen sehaska kanta\u2019 dokumentala aurkeztu du Irudienean\" width=\"1080\" height=\"608\" src=\"https:\/\/www.youtube.com\/embed\/eEnqDKm0EOY?feature=oembed\" frameborder=\"0\" allow=\"accelerometer; autoplay; clipboard-write; encrypted-media; gyroscope; picture-in-picture\" allowfullscreen><\/iframe>\n<\/div><\/figure>\n\n\n\n<figure class=\"wp-block-image size-large\"><img loading=\"lazy\" decoding=\"async\" width=\"724\" height=\"1024\" src=\"https:\/\/sare.eus\/wp-content\/uploads\/2022\/01\/DONOSTIA-724x1024.jpg\" alt=\"\" class=\"wp-image-2342\" srcset=\"https:\/\/sare.eus\/wp-content\/uploads\/2022\/01\/DONOSTIA-724x1024.jpg 724w, https:\/\/sare.eus\/wp-content\/uploads\/2022\/01\/DONOSTIA-212x300.jpg 212w, https:\/\/sare.eus\/wp-content\/uploads\/2022\/01\/DONOSTIA-768x1086.jpg 768w, https:\/\/sare.eus\/wp-content\/uploads\/2022\/01\/DONOSTIA-1087x1536.jpg 1087w, https:\/\/sare.eus\/wp-content\/uploads\/2022\/01\/DONOSTIA-1080x1527.jpg 1080w, https:\/\/sare.eus\/wp-content\/uploads\/2022\/01\/DONOSTIA.jpg 1158w\" sizes=\"(max-width: 724px) 100vw, 724px\" \/><figcaption><strong>ESTRENALDIAREN KARTELA<\/strong><\/figcaption><\/figure>\n","protected":false},"excerpt":{"rendered":"<p>Tipularen sehaska kanta, Un film-documental dirigido por Lander Garro, una pel\u00edcula que pretende traer a la luz el dolor que supone la enfermedad en prisi\u00f3n. El estreno tendr\u00e1 lugar el [&hellip;]<\/p>\n","protected":false},"author":2,"featured_media":2331,"comment_status":"closed","ping_status":"closed","sticky":false,"template":"","format":"standard","meta":{"_acf_changed":false,"_et_pb_use_builder":"on","_et_pb_old_content":"","_et_gb_content_width":"","footnotes":""},"categories":[64],"tags":[],"class_list":["post-2336","post","type-post","status-publish","format-standard","has-post-thumbnail","hentry","category-enfermos-graves","et-has-post-format-content","et_post_format-et-post-format-standard"],"acf":[],"yoast_head":"<!-- This site is optimized with the Yoast SEO plugin v26.4 - https:\/\/yoast.com\/wordpress\/plugins\/seo\/ -->\n<title>Estreno de la pelicula Tipularen Sehaska Kanta - Sare Herritarra<\/title>\n<meta name=\"robots\" content=\"index, follow, max-snippet:-1, max-image-preview:large, max-video-preview:-1\" \/>\n<link rel=\"canonical\" href=\"https:\/\/sare.eus\/es\/estreno-de-la-pelicula-tipularen-sehaska-kanta\/\" \/>\n<meta property=\"og:locale\" content=\"es_ES\" \/>\n<meta property=\"og:type\" content=\"article\" \/>\n<meta property=\"og:title\" content=\"Estreno de la pelicula Tipularen Sehaska Kanta - Sare Herritarra\" \/>\n<meta property=\"og:description\" content=\"Tipularen sehaska kanta, Un film-documental dirigido por Lander Garro, una pel\u00edcula que pretende traer a la luz el dolor que supone la enfermedad en prisi\u00f3n. El estreno tendr\u00e1 lugar el [&hellip;]\" \/>\n<meta property=\"og:url\" content=\"https:\/\/sare.eus\/es\/estreno-de-la-pelicula-tipularen-sehaska-kanta\/\" \/>\n<meta property=\"og:site_name\" content=\"Sare Herritarra\" \/>\n<meta property=\"article:published_time\" content=\"2022-01-14T09:44:34+00:00\" \/>\n<meta property=\"article:modified_time\" content=\"2022-02-03T09:35:32+00:00\" \/>\n<meta property=\"og:image\" content=\"https:\/\/sare.eus\/wp-content\/uploads\/2022\/01\/ESTRENALDIA-OTSAILAK-03.jpg\" \/>\n\t<meta property=\"og:image:width\" content=\"1280\" \/>\n\t<meta property=\"og:image:height\" content=\"720\" \/>\n\t<meta property=\"og:image:type\" content=\"image\/jpeg\" \/>\n<meta name=\"author\" content=\"sare\" \/>\n<meta name=\"twitter:card\" content=\"summary_large_image\" \/>\n<meta name=\"twitter:label1\" content=\"Escrito por\" \/>\n\t<meta name=\"twitter:data1\" content=\"sare\" \/>\n\t<meta name=\"twitter:label2\" content=\"Tiempo de lectura\" \/>\n\t<meta name=\"twitter:data2\" content=\"3 minutos\" \/>\n<script type=\"application\/ld+json\" class=\"yoast-schema-graph\">{\"@context\":\"https:\/\/schema.org\",\"@graph\":[{\"@type\":\"Article\",\"@id\":\"https:\/\/sare.eus\/es\/estreno-de-la-pelicula-tipularen-sehaska-kanta\/#article\",\"isPartOf\":{\"@id\":\"https:\/\/sare.eus\/es\/estreno-de-la-pelicula-tipularen-sehaska-kanta\/\"},\"author\":{\"name\":\"sare\",\"@id\":\"https:\/\/sare.eus\/#\/schema\/person\/2fe6d0df294f56313d3ab236dbe38e17\"},\"headline\":\"Estreno de la pelicula Tipularen Sehaska Kanta\",\"datePublished\":\"2022-01-14T09:44:34+00:00\",\"dateModified\":\"2022-02-03T09:35:32+00:00\",\"mainEntityOfPage\":{\"@id\":\"https:\/\/sare.eus\/es\/estreno-de-la-pelicula-tipularen-sehaska-kanta\/\"},\"wordCount\":385,\"publisher\":{\"@id\":\"https:\/\/sare.eus\/#organization\"},\"image\":{\"@id\":\"https:\/\/sare.eus\/es\/estreno-de-la-pelicula-tipularen-sehaska-kanta\/#primaryimage\"},\"thumbnailUrl\":\"https:\/\/sare.eus\/wp-content\/uploads\/2022\/01\/ESTRENALDIA-OTSAILAK-03.jpg\",\"articleSection\":[\"Enfermos Graves\"],\"inLanguage\":\"es\"},{\"@type\":\"WebPage\",\"@id\":\"https:\/\/sare.eus\/es\/estreno-de-la-pelicula-tipularen-sehaska-kanta\/\",\"url\":\"https:\/\/sare.eus\/es\/estreno-de-la-pelicula-tipularen-sehaska-kanta\/\",\"name\":\"Estreno de la pelicula Tipularen Sehaska Kanta - Sare Herritarra\",\"isPartOf\":{\"@id\":\"https:\/\/sare.eus\/#website\"},\"primaryImageOfPage\":{\"@id\":\"https:\/\/sare.eus\/es\/estreno-de-la-pelicula-tipularen-sehaska-kanta\/#primaryimage\"},\"image\":{\"@id\":\"https:\/\/sare.eus\/es\/estreno-de-la-pelicula-tipularen-sehaska-kanta\/#primaryimage\"},\"thumbnailUrl\":\"https:\/\/sare.eus\/wp-content\/uploads\/2022\/01\/ESTRENALDIA-OTSAILAK-03.jpg\",\"datePublished\":\"2022-01-14T09:44:34+00:00\",\"dateModified\":\"2022-02-03T09:35:32+00:00\",\"breadcrumb\":{\"@id\":\"https:\/\/sare.eus\/es\/estreno-de-la-pelicula-tipularen-sehaska-kanta\/#breadcrumb\"},\"inLanguage\":\"es\",\"potentialAction\":[{\"@type\":\"ReadAction\",\"target\":[\"https:\/\/sare.eus\/es\/estreno-de-la-pelicula-tipularen-sehaska-kanta\/\"]}]},{\"@type\":\"ImageObject\",\"inLanguage\":\"es\",\"@id\":\"https:\/\/sare.eus\/es\/estreno-de-la-pelicula-tipularen-sehaska-kanta\/#primaryimage\",\"url\":\"https:\/\/sare.eus\/wp-content\/uploads\/2022\/01\/ESTRENALDIA-OTSAILAK-03.jpg\",\"contentUrl\":\"https:\/\/sare.eus\/wp-content\/uploads\/2022\/01\/ESTRENALDIA-OTSAILAK-03.jpg\",\"width\":1280,\"height\":720},{\"@type\":\"BreadcrumbList\",\"@id\":\"https:\/\/sare.eus\/es\/estreno-de-la-pelicula-tipularen-sehaska-kanta\/#breadcrumb\",\"itemListElement\":[{\"@type\":\"ListItem\",\"position\":1,\"name\":\"Home\",\"item\":\"https:\/\/sare.eus\/\"},{\"@type\":\"ListItem\",\"position\":2,\"name\":\"Estreno de la pelicula Tipularen Sehaska Kanta\"}]},{\"@type\":\"WebSite\",\"@id\":\"https:\/\/sare.eus\/#website\",\"url\":\"https:\/\/sare.eus\/\",\"name\":\"Sare Herritarra\",\"description\":\"KONPONBIDEAREN ETA GIZA ESKUBIDEEN ALDEKO SARE HERRITARRA\",\"publisher\":{\"@id\":\"https:\/\/sare.eus\/#organization\"},\"potentialAction\":[{\"@type\":\"SearchAction\",\"target\":{\"@type\":\"EntryPoint\",\"urlTemplate\":\"https:\/\/sare.eus\/?s={search_term_string}\"},\"query-input\":{\"@type\":\"PropertyValueSpecification\",\"valueRequired\":true,\"valueName\":\"search_term_string\"}}],\"inLanguage\":\"es\"},{\"@type\":\"Organization\",\"@id\":\"https:\/\/sare.eus\/#organization\",\"name\":\"Sare Herritarra\",\"url\":\"https:\/\/sare.eus\/\",\"logo\":{\"@type\":\"ImageObject\",\"inLanguage\":\"es\",\"@id\":\"https:\/\/sare.eus\/#\/schema\/logo\/image\/\",\"url\":\"https:\/\/sare.eus\/wp-content\/uploads\/2021\/08\/sare.png\",\"contentUrl\":\"https:\/\/sare.eus\/wp-content\/uploads\/2021\/08\/sare.png\",\"width\":120,\"height\":142,\"caption\":\"Sare Herritarra\"},\"image\":{\"@id\":\"https:\/\/sare.eus\/#\/schema\/logo\/image\/\"}},{\"@type\":\"Person\",\"@id\":\"https:\/\/sare.eus\/#\/schema\/person\/2fe6d0df294f56313d3ab236dbe38e17\",\"name\":\"sare\",\"image\":{\"@type\":\"ImageObject\",\"inLanguage\":\"es\",\"@id\":\"https:\/\/sare.eus\/#\/schema\/person\/image\/\",\"url\":\"https:\/\/secure.gravatar.com\/avatar\/77cad838677ceb1977e7b3c878b55eaa7fa4aae2158983063b047c3ad7ef2c25?s=96&d=mm&r=g\",\"contentUrl\":\"https:\/\/secure.gravatar.com\/avatar\/77cad838677ceb1977e7b3c878b55eaa7fa4aae2158983063b047c3ad7ef2c25?s=96&d=mm&r=g\",\"caption\":\"sare\"},\"url\":\"https:\/\/sare.eus\/es\/author\/sare\/\"}]}<\/script>\n<!-- \/ Yoast SEO plugin. -->","yoast_head_json":{"title":"Estreno de la pelicula Tipularen Sehaska Kanta - Sare Herritarra","robots":{"index":"index","follow":"follow","max-snippet":"max-snippet:-1","max-image-preview":"max-image-preview:large","max-video-preview":"max-video-preview:-1"},"canonical":"https:\/\/sare.eus\/es\/estreno-de-la-pelicula-tipularen-sehaska-kanta\/","og_locale":"es_ES","og_type":"article","og_title":"Estreno de la pelicula Tipularen Sehaska Kanta - Sare Herritarra","og_description":"Tipularen sehaska kanta, Un film-documental dirigido por Lander Garro, una pel\u00edcula que pretende traer a la luz el dolor que supone la enfermedad en prisi\u00f3n. El estreno tendr\u00e1 lugar el [&hellip;]","og_url":"https:\/\/sare.eus\/es\/estreno-de-la-pelicula-tipularen-sehaska-kanta\/","og_site_name":"Sare Herritarra","article_published_time":"2022-01-14T09:44:34+00:00","article_modified_time":"2022-02-03T09:35:32+00:00","og_image":[{"width":1280,"height":720,"url":"https:\/\/sare.eus\/wp-content\/uploads\/2022\/01\/ESTRENALDIA-OTSAILAK-03.jpg","type":"image\/jpeg"}],"author":"sare","twitter_card":"summary_large_image","twitter_misc":{"Escrito por":"sare","Tiempo de lectura":"3 minutos"},"schema":{"@context":"https:\/\/schema.org","@graph":[{"@type":"Article","@id":"https:\/\/sare.eus\/es\/estreno-de-la-pelicula-tipularen-sehaska-kanta\/#article","isPartOf":{"@id":"https:\/\/sare.eus\/es\/estreno-de-la-pelicula-tipularen-sehaska-kanta\/"},"author":{"name":"sare","@id":"https:\/\/sare.eus\/#\/schema\/person\/2fe6d0df294f56313d3ab236dbe38e17"},"headline":"Estreno de la pelicula Tipularen Sehaska Kanta","datePublished":"2022-01-14T09:44:34+00:00","dateModified":"2022-02-03T09:35:32+00:00","mainEntityOfPage":{"@id":"https:\/\/sare.eus\/es\/estreno-de-la-pelicula-tipularen-sehaska-kanta\/"},"wordCount":385,"publisher":{"@id":"https:\/\/sare.eus\/#organization"},"image":{"@id":"https:\/\/sare.eus\/es\/estreno-de-la-pelicula-tipularen-sehaska-kanta\/#primaryimage"},"thumbnailUrl":"https:\/\/sare.eus\/wp-content\/uploads\/2022\/01\/ESTRENALDIA-OTSAILAK-03.jpg","articleSection":["Enfermos Graves"],"inLanguage":"es"},{"@type":"WebPage","@id":"https:\/\/sare.eus\/es\/estreno-de-la-pelicula-tipularen-sehaska-kanta\/","url":"https:\/\/sare.eus\/es\/estreno-de-la-pelicula-tipularen-sehaska-kanta\/","name":"Estreno de la pelicula Tipularen Sehaska Kanta - Sare Herritarra","isPartOf":{"@id":"https:\/\/sare.eus\/#website"},"primaryImageOfPage":{"@id":"https:\/\/sare.eus\/es\/estreno-de-la-pelicula-tipularen-sehaska-kanta\/#primaryimage"},"image":{"@id":"https:\/\/sare.eus\/es\/estreno-de-la-pelicula-tipularen-sehaska-kanta\/#primaryimage"},"thumbnailUrl":"https:\/\/sare.eus\/wp-content\/uploads\/2022\/01\/ESTRENALDIA-OTSAILAK-03.jpg","datePublished":"2022-01-14T09:44:34+00:00","dateModified":"2022-02-03T09:35:32+00:00","breadcrumb":{"@id":"https:\/\/sare.eus\/es\/estreno-de-la-pelicula-tipularen-sehaska-kanta\/#breadcrumb"},"inLanguage":"es","potentialAction":[{"@type":"ReadAction","target":["https:\/\/sare.eus\/es\/estreno-de-la-pelicula-tipularen-sehaska-kanta\/"]}]},{"@type":"ImageObject","inLanguage":"es","@id":"https:\/\/sare.eus\/es\/estreno-de-la-pelicula-tipularen-sehaska-kanta\/#primaryimage","url":"https:\/\/sare.eus\/wp-content\/uploads\/2022\/01\/ESTRENALDIA-OTSAILAK-03.jpg","contentUrl":"https:\/\/sare.eus\/wp-content\/uploads\/2022\/01\/ESTRENALDIA-OTSAILAK-03.jpg","width":1280,"height":720},{"@type":"BreadcrumbList","@id":"https:\/\/sare.eus\/es\/estreno-de-la-pelicula-tipularen-sehaska-kanta\/#breadcrumb","itemListElement":[{"@type":"ListItem","position":1,"name":"Home","item":"https:\/\/sare.eus\/"},{"@type":"ListItem","position":2,"name":"Estreno de la pelicula Tipularen Sehaska Kanta"}]},{"@type":"WebSite","@id":"https:\/\/sare.eus\/#website","url":"https:\/\/sare.eus\/","name":"Sare Herritarra","description":"KONPONBIDEAREN ETA GIZA ESKUBIDEEN ALDEKO SARE HERRITARRA","publisher":{"@id":"https:\/\/sare.eus\/#organization"},"potentialAction":[{"@type":"SearchAction","target":{"@type":"EntryPoint","urlTemplate":"https:\/\/sare.eus\/?s={search_term_string}"},"query-input":{"@type":"PropertyValueSpecification","valueRequired":true,"valueName":"search_term_string"}}],"inLanguage":"es"},{"@type":"Organization","@id":"https:\/\/sare.eus\/#organization","name":"Sare Herritarra","url":"https:\/\/sare.eus\/","logo":{"@type":"ImageObject","inLanguage":"es","@id":"https:\/\/sare.eus\/#\/schema\/logo\/image\/","url":"https:\/\/sare.eus\/wp-content\/uploads\/2021\/08\/sare.png","contentUrl":"https:\/\/sare.eus\/wp-content\/uploads\/2021\/08\/sare.png","width":120,"height":142,"caption":"Sare Herritarra"},"image":{"@id":"https:\/\/sare.eus\/#\/schema\/logo\/image\/"}},{"@type":"Person","@id":"https:\/\/sare.eus\/#\/schema\/person\/2fe6d0df294f56313d3ab236dbe38e17","name":"sare","image":{"@type":"ImageObject","inLanguage":"es","@id":"https:\/\/sare.eus\/#\/schema\/person\/image\/","url":"https:\/\/secure.gravatar.com\/avatar\/77cad838677ceb1977e7b3c878b55eaa7fa4aae2158983063b047c3ad7ef2c25?s=96&d=mm&r=g","contentUrl":"https:\/\/secure.gravatar.com\/avatar\/77cad838677ceb1977e7b3c878b55eaa7fa4aae2158983063b047c3ad7ef2c25?s=96&d=mm&r=g","caption":"sare"},"url":"https:\/\/sare.eus\/es\/author\/sare\/"}]}},"_links":{"self":[{"href":"https:\/\/sare.eus\/es\/wp-json\/wp\/v2\/posts\/2336","targetHints":{"allow":["GET"]}}],"collection":[{"href":"https:\/\/sare.eus\/es\/wp-json\/wp\/v2\/posts"}],"about":[{"href":"https:\/\/sare.eus\/es\/wp-json\/wp\/v2\/types\/post"}],"author":[{"embeddable":true,"href":"https:\/\/sare.eus\/es\/wp-json\/wp\/v2\/users\/2"}],"replies":[{"embeddable":true,"href":"https:\/\/sare.eus\/es\/wp-json\/wp\/v2\/comments?post=2336"}],"version-history":[{"count":31,"href":"https:\/\/sare.eus\/es\/wp-json\/wp\/v2\/posts\/2336\/revisions"}],"predecessor-version":[{"id":2499,"href":"https:\/\/sare.eus\/es\/wp-json\/wp\/v2\/posts\/2336\/revisions\/2499"}],"wp:featuredmedia":[{"embeddable":true,"href":"https:\/\/sare.eus\/es\/wp-json\/wp\/v2\/media\/2331"}],"wp:attachment":[{"href":"https:\/\/sare.eus\/es\/wp-json\/wp\/v2\/media?parent=2336"}],"wp:term":[{"taxonomy":"category","embeddable":true,"href":"https:\/\/sare.eus\/es\/wp-json\/wp\/v2\/categories?post=2336"},{"taxonomy":"post_tag","embeddable":true,"href":"https:\/\/sare.eus\/es\/wp-json\/wp\/v2\/tags?post=2336"}],"curies":[{"name":"wp","href":"https:\/\/api.w.org\/{rel}","templated":true}]}}