{"id":2300,"date":"2022-01-08T09:17:00","date_gmt":"2022-01-08T09:17:00","guid":{"rendered":"https:\/\/sare.eus\/urtarrilak-8-euskal-herria-elkarbizitzarako-bakerako-etxerako-bidean\/"},"modified":"2022-01-09T09:21:08","modified_gmt":"2022-01-09T09:21:08","slug":"urtarrilak-8-euskal-herria-elkarbizitzarako-bakerako-etxerako-bidean","status":"publish","type":"post","link":"https:\/\/sare.eus\/es\/urtarrilak-8-euskal-herria-elkarbizitzarako-bakerako-etxerako-bidean\/","title":{"rendered":"8 de enero EUSKAL HERRIA, Elkarbizitzarako. Bakerako. Etxerako BIDEAN."},"content":{"rendered":"<p>Hoy, hemos llenado las calles de Bilbo, de Baiona, y de cientos de pueblos de Euskal Herria. Bajo el lema \u201cElkarbizitzarako, bakerako, etxerako bidean\u201d, hemos salido a la calle miles de personas para reivindicar el fin de la legislaci\u00f3n de excepci\u00f3n y para avanzar. Para reivindicar los derechos de personas presas, refugiadas y deportadas.<\/p>\n<p>Esto nos emociona. Somos un pueblo solidario y lo hemos vuelto a demostrar hoy. Por eso, una vez m\u00e1s, os queremos dar las gracias por estar aqu\u00ed.<\/p>\n<p>Y tambi\u00e9n por estar junto a nosotras y a nosotros en las movilizaciones e iniciativas que hemos llevado a cabo durante 2021. No ha sido un a\u00f1o f\u00e1cil, pero en lo que se refiere a la pol\u00edtica penitenciaria, hemos podido ver las primeras se\u00f1ales de ese cambio que hemos esperado durante a\u00f1os. Lo hemos conseguido gracias a los consensos del \u00e1mbito pol\u00edtico, sindical y social, y, sobre todo, gracias al trabajo y a la reivindicaci\u00f3n de la ciudadan\u00eda. Lo hemos conseguido avanzando conjuntamente. Y este nuevo a\u00f1o, dando pasos en el mismo camino, conseguiremos que esos cambios sean la base para una nueva pol\u00edtica penitenciaria.<\/p>\n<p>Porque no hemos hecho m\u00e1s que empezar. Todav\u00eda el 50\u00a0% de las presas y de los presos vascos est\u00e1 en c\u00e1rceles de fuera de Euskal Herria. Nos encontramos ante un bloqueo sistem\u00e1tico para progresar al 3er grado, para tener permisos de salida o para conseguir la libertad condicional. Todav\u00eda hay 19 personas presas con enfermedades graves, a las que se est\u00e1 vulnerando el derecho a la salud. Y no podemos olvidar a las personas de avanzada edad ni a las ni\u00f1as y a los ni\u00f1os de la mochila. La legislaci\u00f3n de excepci\u00f3n tiene muchas aristas y un cambio real tiene que dar una soluci\u00f3n a todas esas situaciones.<\/p>\n<p>Por ello, hoy, hemos querido sacar a la calle la reivindicaci\u00f3n de poner fin a la pol\u00edtica penitenciaria de excepci\u00f3n, en todos sus \u00e1mbitos y sin m\u00e1s demora. Porque esa pol\u00edtica es el principal obst\u00e1culo para que las presas y los presos vascos recorran el camino a casa. Porque esa pol\u00edtica es la garante de la vulneraci\u00f3n de los derechos que hoy estamos defendiendo. Y cada d\u00eda que siga vigente, sigue generando sufrimiento.<\/p>\n<p>Ya que la convivencia no ser\u00e1 posible sin no desaparece la vulneraci\u00f3n de derechos generada por la legislaci\u00f3n de excepci\u00f3n. Y, en el mismo sentido, para que sea realidad el proceso de vuelta a casa y para que se d\u00e9 ese cambio total tan necesario en la pol\u00edtica penitenciaria, es imprescindible avanzar en el camino hacia la convivencia y hacia la paz.<\/p>\n<p>Sigamos caminando, haciendo el camino a la convivencia, a la paz y a casa. Entre todas y todos lo conseguiremos.<\/p>\n","protected":false},"excerpt":{"rendered":"<p>Hoy, hemos llenado las calles de Bilbo, de Baiona, y de cientos de pueblos de Euskal Herria. Bajo el lema \u201cElkarbizitzarako, bakerako, etxerako bidean\u201d, hemos salido a la calle miles [&hellip;]<\/p>\n","protected":false},"author":2,"featured_media":2299,"comment_status":"closed","ping_status":"closed","sticky":false,"template":"","format":"standard","meta":{"_acf_changed":false,"_et_pb_use_builder":"off","_et_pb_old_content":"","_et_gb_content_width":"","footnotes":""},"categories":[60],"tags":[],"class_list":["post-2300","post","type-post","status-publish","format-standard","has-post-thumbnail","hentry","category-etxera-es","et-has-post-format-content","et_post_format-et-post-format-standard"],"acf":[],"yoast_head":"<!-- This site is optimized with the Yoast SEO plugin v26.4 - https:\/\/yoast.com\/wordpress\/plugins\/seo\/ -->\n<title>8 de enero EUSKAL HERRIA, Elkarbizitzarako. Bakerako. Etxerako BIDEAN. - Sare Herritarra<\/title>\n<meta name=\"robots\" content=\"index, follow, max-snippet:-1, max-image-preview:large, max-video-preview:-1\" \/>\n<link rel=\"canonical\" href=\"https:\/\/sare.eus\/es\/urtarrilak-8-euskal-herria-elkarbizitzarako-bakerako-etxerako-bidean\/\" \/>\n<meta property=\"og:locale\" content=\"es_ES\" \/>\n<meta property=\"og:type\" content=\"article\" \/>\n<meta property=\"og:title\" content=\"8 de enero EUSKAL HERRIA, Elkarbizitzarako. Bakerako. Etxerako BIDEAN. - Sare Herritarra\" \/>\n<meta property=\"og:description\" content=\"Hoy, hemos llenado las calles de Bilbo, de Baiona, y de cientos de pueblos de Euskal Herria. Bajo el lema \u201cElkarbizitzarako, bakerako, etxerako bidean\u201d, hemos salido a la calle miles [&hellip;]\" \/>\n<meta property=\"og:url\" content=\"https:\/\/sare.eus\/es\/urtarrilak-8-euskal-herria-elkarbizitzarako-bakerako-etxerako-bidean\/\" \/>\n<meta property=\"og:site_name\" content=\"Sare Herritarra\" \/>\n<meta property=\"article:published_time\" content=\"2022-01-08T09:17:00+00:00\" \/>\n<meta property=\"article:modified_time\" content=\"2022-01-09T09:21:08+00:00\" \/>\n<meta property=\"og:image\" content=\"https:\/\/sare.eus\/wp-content\/uploads\/2022\/01\/photo_2022-01-08_19-32-29.jpg\" \/>\n\t<meta property=\"og:image:width\" content=\"646\" \/>\n\t<meta property=\"og:image:height\" content=\"443\" \/>\n\t<meta property=\"og:image:type\" content=\"image\/jpeg\" \/>\n<meta name=\"author\" content=\"sare\" \/>\n<meta name=\"twitter:card\" content=\"summary_large_image\" \/>\n<meta name=\"twitter:label1\" content=\"Escrito por\" \/>\n\t<meta name=\"twitter:data1\" content=\"sare\" \/>\n\t<meta name=\"twitter:label2\" content=\"Tiempo de lectura\" \/>\n\t<meta name=\"twitter:data2\" content=\"3 minutos\" \/>\n<script type=\"application\/ld+json\" class=\"yoast-schema-graph\">{\"@context\":\"https:\/\/schema.org\",\"@graph\":[{\"@type\":\"Article\",\"@id\":\"https:\/\/sare.eus\/es\/urtarrilak-8-euskal-herria-elkarbizitzarako-bakerako-etxerako-bidean\/#article\",\"isPartOf\":{\"@id\":\"https:\/\/sare.eus\/es\/urtarrilak-8-euskal-herria-elkarbizitzarako-bakerako-etxerako-bidean\/\"},\"author\":{\"name\":\"sare\",\"@id\":\"https:\/\/sare.eus\/#\/schema\/person\/2fe6d0df294f56313d3ab236dbe38e17\"},\"headline\":\"8 de enero EUSKAL HERRIA, Elkarbizitzarako. Bakerako. Etxerako BIDEAN.\",\"datePublished\":\"2022-01-08T09:17:00+00:00\",\"dateModified\":\"2022-01-09T09:21:08+00:00\",\"mainEntityOfPage\":{\"@id\":\"https:\/\/sare.eus\/es\/urtarrilak-8-euskal-herria-elkarbizitzarako-bakerako-etxerako-bidean\/\"},\"wordCount\":491,\"publisher\":{\"@id\":\"https:\/\/sare.eus\/#organization\"},\"image\":{\"@id\":\"https:\/\/sare.eus\/es\/urtarrilak-8-euskal-herria-elkarbizitzarako-bakerako-etxerako-bidean\/#primaryimage\"},\"thumbnailUrl\":\"https:\/\/sare.eus\/wp-content\/uploads\/2022\/01\/photo_2022-01-08_19-32-29.jpg\",\"articleSection\":[\"Etxera\"],\"inLanguage\":\"es\"},{\"@type\":\"WebPage\",\"@id\":\"https:\/\/sare.eus\/es\/urtarrilak-8-euskal-herria-elkarbizitzarako-bakerako-etxerako-bidean\/\",\"url\":\"https:\/\/sare.eus\/es\/urtarrilak-8-euskal-herria-elkarbizitzarako-bakerako-etxerako-bidean\/\",\"name\":\"8 de enero EUSKAL HERRIA, Elkarbizitzarako. Bakerako. Etxerako BIDEAN. - Sare Herritarra\",\"isPartOf\":{\"@id\":\"https:\/\/sare.eus\/#website\"},\"primaryImageOfPage\":{\"@id\":\"https:\/\/sare.eus\/es\/urtarrilak-8-euskal-herria-elkarbizitzarako-bakerako-etxerako-bidean\/#primaryimage\"},\"image\":{\"@id\":\"https:\/\/sare.eus\/es\/urtarrilak-8-euskal-herria-elkarbizitzarako-bakerako-etxerako-bidean\/#primaryimage\"},\"thumbnailUrl\":\"https:\/\/sare.eus\/wp-content\/uploads\/2022\/01\/photo_2022-01-08_19-32-29.jpg\",\"datePublished\":\"2022-01-08T09:17:00+00:00\",\"dateModified\":\"2022-01-09T09:21:08+00:00\",\"breadcrumb\":{\"@id\":\"https:\/\/sare.eus\/es\/urtarrilak-8-euskal-herria-elkarbizitzarako-bakerako-etxerako-bidean\/#breadcrumb\"},\"inLanguage\":\"es\",\"potentialAction\":[{\"@type\":\"ReadAction\",\"target\":[\"https:\/\/sare.eus\/es\/urtarrilak-8-euskal-herria-elkarbizitzarako-bakerako-etxerako-bidean\/\"]}]},{\"@type\":\"ImageObject\",\"inLanguage\":\"es\",\"@id\":\"https:\/\/sare.eus\/es\/urtarrilak-8-euskal-herria-elkarbizitzarako-bakerako-etxerako-bidean\/#primaryimage\",\"url\":\"https:\/\/sare.eus\/wp-content\/uploads\/2022\/01\/photo_2022-01-08_19-32-29.jpg\",\"contentUrl\":\"https:\/\/sare.eus\/wp-content\/uploads\/2022\/01\/photo_2022-01-08_19-32-29.jpg\",\"width\":646,\"height\":443},{\"@type\":\"BreadcrumbList\",\"@id\":\"https:\/\/sare.eus\/es\/urtarrilak-8-euskal-herria-elkarbizitzarako-bakerako-etxerako-bidean\/#breadcrumb\",\"itemListElement\":[{\"@type\":\"ListItem\",\"position\":1,\"name\":\"Home\",\"item\":\"https:\/\/sare.eus\/\"},{\"@type\":\"ListItem\",\"position\":2,\"name\":\"8 de enero EUSKAL HERRIA, Elkarbizitzarako. Bakerako. Etxerako BIDEAN.\"}]},{\"@type\":\"WebSite\",\"@id\":\"https:\/\/sare.eus\/#website\",\"url\":\"https:\/\/sare.eus\/\",\"name\":\"Sare Herritarra\",\"description\":\"KONPONBIDEAREN ETA GIZA ESKUBIDEEN ALDEKO SARE HERRITARRA\",\"publisher\":{\"@id\":\"https:\/\/sare.eus\/#organization\"},\"potentialAction\":[{\"@type\":\"SearchAction\",\"target\":{\"@type\":\"EntryPoint\",\"urlTemplate\":\"https:\/\/sare.eus\/?s={search_term_string}\"},\"query-input\":{\"@type\":\"PropertyValueSpecification\",\"valueRequired\":true,\"valueName\":\"search_term_string\"}}],\"inLanguage\":\"es\"},{\"@type\":\"Organization\",\"@id\":\"https:\/\/sare.eus\/#organization\",\"name\":\"Sare Herritarra\",\"url\":\"https:\/\/sare.eus\/\",\"logo\":{\"@type\":\"ImageObject\",\"inLanguage\":\"es\",\"@id\":\"https:\/\/sare.eus\/#\/schema\/logo\/image\/\",\"url\":\"https:\/\/sare.eus\/wp-content\/uploads\/2021\/08\/sare.png\",\"contentUrl\":\"https:\/\/sare.eus\/wp-content\/uploads\/2021\/08\/sare.png\",\"width\":120,\"height\":142,\"caption\":\"Sare Herritarra\"},\"image\":{\"@id\":\"https:\/\/sare.eus\/#\/schema\/logo\/image\/\"}},{\"@type\":\"Person\",\"@id\":\"https:\/\/sare.eus\/#\/schema\/person\/2fe6d0df294f56313d3ab236dbe38e17\",\"name\":\"sare\",\"image\":{\"@type\":\"ImageObject\",\"inLanguage\":\"es\",\"@id\":\"https:\/\/sare.eus\/#\/schema\/person\/image\/\",\"url\":\"https:\/\/secure.gravatar.com\/avatar\/77cad838677ceb1977e7b3c878b55eaa7fa4aae2158983063b047c3ad7ef2c25?s=96&d=mm&r=g\",\"contentUrl\":\"https:\/\/secure.gravatar.com\/avatar\/77cad838677ceb1977e7b3c878b55eaa7fa4aae2158983063b047c3ad7ef2c25?s=96&d=mm&r=g\",\"caption\":\"sare\"},\"url\":\"https:\/\/sare.eus\/es\/author\/sare\/\"}]}<\/script>\n<!-- \/ Yoast SEO plugin. -->","yoast_head_json":{"title":"8 de enero EUSKAL HERRIA, Elkarbizitzarako. Bakerako. Etxerako BIDEAN. - Sare Herritarra","robots":{"index":"index","follow":"follow","max-snippet":"max-snippet:-1","max-image-preview":"max-image-preview:large","max-video-preview":"max-video-preview:-1"},"canonical":"https:\/\/sare.eus\/es\/urtarrilak-8-euskal-herria-elkarbizitzarako-bakerako-etxerako-bidean\/","og_locale":"es_ES","og_type":"article","og_title":"8 de enero EUSKAL HERRIA, Elkarbizitzarako. Bakerako. Etxerako BIDEAN. - Sare Herritarra","og_description":"Hoy, hemos llenado las calles de Bilbo, de Baiona, y de cientos de pueblos de Euskal Herria. Bajo el lema \u201cElkarbizitzarako, bakerako, etxerako bidean\u201d, hemos salido a la calle miles [&hellip;]","og_url":"https:\/\/sare.eus\/es\/urtarrilak-8-euskal-herria-elkarbizitzarako-bakerako-etxerako-bidean\/","og_site_name":"Sare Herritarra","article_published_time":"2022-01-08T09:17:00+00:00","article_modified_time":"2022-01-09T09:21:08+00:00","og_image":[{"width":646,"height":443,"url":"https:\/\/sare.eus\/wp-content\/uploads\/2022\/01\/photo_2022-01-08_19-32-29.jpg","type":"image\/jpeg"}],"author":"sare","twitter_card":"summary_large_image","twitter_misc":{"Escrito por":"sare","Tiempo de lectura":"3 minutos"},"schema":{"@context":"https:\/\/schema.org","@graph":[{"@type":"Article","@id":"https:\/\/sare.eus\/es\/urtarrilak-8-euskal-herria-elkarbizitzarako-bakerako-etxerako-bidean\/#article","isPartOf":{"@id":"https:\/\/sare.eus\/es\/urtarrilak-8-euskal-herria-elkarbizitzarako-bakerako-etxerako-bidean\/"},"author":{"name":"sare","@id":"https:\/\/sare.eus\/#\/schema\/person\/2fe6d0df294f56313d3ab236dbe38e17"},"headline":"8 de enero EUSKAL HERRIA, Elkarbizitzarako. Bakerako. Etxerako BIDEAN.","datePublished":"2022-01-08T09:17:00+00:00","dateModified":"2022-01-09T09:21:08+00:00","mainEntityOfPage":{"@id":"https:\/\/sare.eus\/es\/urtarrilak-8-euskal-herria-elkarbizitzarako-bakerako-etxerako-bidean\/"},"wordCount":491,"publisher":{"@id":"https:\/\/sare.eus\/#organization"},"image":{"@id":"https:\/\/sare.eus\/es\/urtarrilak-8-euskal-herria-elkarbizitzarako-bakerako-etxerako-bidean\/#primaryimage"},"thumbnailUrl":"https:\/\/sare.eus\/wp-content\/uploads\/2022\/01\/photo_2022-01-08_19-32-29.jpg","articleSection":["Etxera"],"inLanguage":"es"},{"@type":"WebPage","@id":"https:\/\/sare.eus\/es\/urtarrilak-8-euskal-herria-elkarbizitzarako-bakerako-etxerako-bidean\/","url":"https:\/\/sare.eus\/es\/urtarrilak-8-euskal-herria-elkarbizitzarako-bakerako-etxerako-bidean\/","name":"8 de enero EUSKAL HERRIA, Elkarbizitzarako. Bakerako. Etxerako BIDEAN. - Sare Herritarra","isPartOf":{"@id":"https:\/\/sare.eus\/#website"},"primaryImageOfPage":{"@id":"https:\/\/sare.eus\/es\/urtarrilak-8-euskal-herria-elkarbizitzarako-bakerako-etxerako-bidean\/#primaryimage"},"image":{"@id":"https:\/\/sare.eus\/es\/urtarrilak-8-euskal-herria-elkarbizitzarako-bakerako-etxerako-bidean\/#primaryimage"},"thumbnailUrl":"https:\/\/sare.eus\/wp-content\/uploads\/2022\/01\/photo_2022-01-08_19-32-29.jpg","datePublished":"2022-01-08T09:17:00+00:00","dateModified":"2022-01-09T09:21:08+00:00","breadcrumb":{"@id":"https:\/\/sare.eus\/es\/urtarrilak-8-euskal-herria-elkarbizitzarako-bakerako-etxerako-bidean\/#breadcrumb"},"inLanguage":"es","potentialAction":[{"@type":"ReadAction","target":["https:\/\/sare.eus\/es\/urtarrilak-8-euskal-herria-elkarbizitzarako-bakerako-etxerako-bidean\/"]}]},{"@type":"ImageObject","inLanguage":"es","@id":"https:\/\/sare.eus\/es\/urtarrilak-8-euskal-herria-elkarbizitzarako-bakerako-etxerako-bidean\/#primaryimage","url":"https:\/\/sare.eus\/wp-content\/uploads\/2022\/01\/photo_2022-01-08_19-32-29.jpg","contentUrl":"https:\/\/sare.eus\/wp-content\/uploads\/2022\/01\/photo_2022-01-08_19-32-29.jpg","width":646,"height":443},{"@type":"BreadcrumbList","@id":"https:\/\/sare.eus\/es\/urtarrilak-8-euskal-herria-elkarbizitzarako-bakerako-etxerako-bidean\/#breadcrumb","itemListElement":[{"@type":"ListItem","position":1,"name":"Home","item":"https:\/\/sare.eus\/"},{"@type":"ListItem","position":2,"name":"8 de enero EUSKAL HERRIA, Elkarbizitzarako. Bakerako. Etxerako BIDEAN."}]},{"@type":"WebSite","@id":"https:\/\/sare.eus\/#website","url":"https:\/\/sare.eus\/","name":"Sare Herritarra","description":"KONPONBIDEAREN ETA GIZA ESKUBIDEEN ALDEKO SARE HERRITARRA","publisher":{"@id":"https:\/\/sare.eus\/#organization"},"potentialAction":[{"@type":"SearchAction","target":{"@type":"EntryPoint","urlTemplate":"https:\/\/sare.eus\/?s={search_term_string}"},"query-input":{"@type":"PropertyValueSpecification","valueRequired":true,"valueName":"search_term_string"}}],"inLanguage":"es"},{"@type":"Organization","@id":"https:\/\/sare.eus\/#organization","name":"Sare Herritarra","url":"https:\/\/sare.eus\/","logo":{"@type":"ImageObject","inLanguage":"es","@id":"https:\/\/sare.eus\/#\/schema\/logo\/image\/","url":"https:\/\/sare.eus\/wp-content\/uploads\/2021\/08\/sare.png","contentUrl":"https:\/\/sare.eus\/wp-content\/uploads\/2021\/08\/sare.png","width":120,"height":142,"caption":"Sare Herritarra"},"image":{"@id":"https:\/\/sare.eus\/#\/schema\/logo\/image\/"}},{"@type":"Person","@id":"https:\/\/sare.eus\/#\/schema\/person\/2fe6d0df294f56313d3ab236dbe38e17","name":"sare","image":{"@type":"ImageObject","inLanguage":"es","@id":"https:\/\/sare.eus\/#\/schema\/person\/image\/","url":"https:\/\/secure.gravatar.com\/avatar\/77cad838677ceb1977e7b3c878b55eaa7fa4aae2158983063b047c3ad7ef2c25?s=96&d=mm&r=g","contentUrl":"https:\/\/secure.gravatar.com\/avatar\/77cad838677ceb1977e7b3c878b55eaa7fa4aae2158983063b047c3ad7ef2c25?s=96&d=mm&r=g","caption":"sare"},"url":"https:\/\/sare.eus\/es\/author\/sare\/"}]}},"_links":{"self":[{"href":"https:\/\/sare.eus\/es\/wp-json\/wp\/v2\/posts\/2300","targetHints":{"allow":["GET"]}}],"collection":[{"href":"https:\/\/sare.eus\/es\/wp-json\/wp\/v2\/posts"}],"about":[{"href":"https:\/\/sare.eus\/es\/wp-json\/wp\/v2\/types\/post"}],"author":[{"embeddable":true,"href":"https:\/\/sare.eus\/es\/wp-json\/wp\/v2\/users\/2"}],"replies":[{"embeddable":true,"href":"https:\/\/sare.eus\/es\/wp-json\/wp\/v2\/comments?post=2300"}],"version-history":[{"count":3,"href":"https:\/\/sare.eus\/es\/wp-json\/wp\/v2\/posts\/2300\/revisions"}],"predecessor-version":[{"id":2304,"href":"https:\/\/sare.eus\/es\/wp-json\/wp\/v2\/posts\/2300\/revisions\/2304"}],"wp:featuredmedia":[{"embeddable":true,"href":"https:\/\/sare.eus\/es\/wp-json\/wp\/v2\/media\/2299"}],"wp:attachment":[{"href":"https:\/\/sare.eus\/es\/wp-json\/wp\/v2\/media?parent=2300"}],"wp:term":[{"taxonomy":"category","embeddable":true,"href":"https:\/\/sare.eus\/es\/wp-json\/wp\/v2\/categories?post=2300"},{"taxonomy":"post_tag","embeddable":true,"href":"https:\/\/sare.eus\/es\/wp-json\/wp\/v2\/tags?post=2300"}],"curies":[{"name":"wp","href":"https:\/\/api.w.org\/{rel}","templated":true}]}}