{"id":2252,"date":"2022-01-05T10:05:47","date_gmt":"2022-01-05T10:05:47","guid":{"rendered":"https:\/\/sare.eus\/?p=2252"},"modified":"2022-01-05T10:55:24","modified_gmt":"2022-01-05T10:55:24","slug":"ultimos-datos-antes-de-las-movilizaciones-del-8-de-enero","status":"publish","type":"post","link":"https:\/\/sare.eus\/es\/ultimos-datos-antes-de-las-movilizaciones-del-8-de-enero\/","title":{"rendered":"\u00daLTIMOS DATOS ANTES DE LAS MOVILIZACIONES DEL 8 DE ENERO"},"content":{"rendered":"<p>A tres d\u00edas del 8 de enero, que otro a\u00f1o m\u00e1s, debemos desarrollarlo en plena pandemia y por tanto, recordando la necesidad de atender las normas sanitarias, hemos convocado esta rueda de prensa, para darles a conocer los \u00faltimos detalles de los actos organizados para este pr\u00f3ximo s\u00e1bado.<\/p>\n<p>Esta situaci\u00f3n sanitaria, a la que nos refer\u00edamos al inicio, nos ha obligado, por responsabilidad, a descentralizar esta movilizaci\u00f3n que durante a\u00f1os ha congregado a decenas de miles de personas en Bilbo y a convocar estas movilizaciones en las cuatro capitales de Hego EH, por tanto, tambi\u00e9n en Bilbo, as\u00ed como la mayor\u00eda de pueblos del resto del pa\u00eds. Siendo conscientes de que muchas personas no podr\u00e1n asistir a estas convocatorias por esta situaci\u00f3n sanitaria, aprovechamos tambi\u00e9n esta rueda de prensa de hoy para animar a todas aquellas personas que deban quedarse en casa a difundir las reivindicaciones de este 8 de enero en sus redes sociales.<\/p>\n<p>Los actos del d\u00eda 8 se iniciar\u00e1n en el Palacio Euskalduna, con una mesa redonda en la que participaran diferentes victimas de las violencias sufridas en nuestro Pa\u00eds, y por la tarde, junto al resto de ciudades y pueblos, a las 17 horas, iniciaremos en la Plaza El\u00edptica la manifestaci\u00f3n de Bilbo y finalizar\u00e1, como cada a\u00f1o, frente al Ayto.<\/p>\n<p>La manifestaci\u00f3n de Bilbo contar\u00e1, tambi\u00e9n, con la participaci\u00f3n las localidades que conforman lo que se denomina como el Gran Bilbao, espec\u00edficamente los pueblos de Uribe-Kosta, Ezkerraldea y Basauri.<\/p>\n<p>Este a\u00f1o tambi\u00e9n contaremos con una amplia representaci\u00f3n pol\u00edtica, sindical y social, que se reunir\u00e1 con nosotros en el acto que realizaremos en el Palacio Euskalduna.<\/p>\n<p>A fecha de hoy, podemos confirmar, a la siguiente representaci\u00f3n, en el Palacio Euskalduna:<\/p>\n<p>EAJ-PNV\/ EH bildu\/ Elkarrekin Podemos\/ Podemos Nafarroa<\/p>\n<p>ELA, LAB, UGT, CCOO, STEILAS, ESK, ETXALDE, HIRU, CGT, CNT, ENHE<\/p>\n<p>Una representaci\u00f3n de la Oficina del Ararteko<\/p>\n<p>as\u00ed como una amplia representaci\u00f3n de las asociaciones que trabajan en el \u00e1mbito de la defensa de los DDHH.<\/p>\n<p>Tambi\u00e9n nos han trasladado su intenci\u00f3n de acudir desde Catalu\u00f1a y Galicia, aunque siempre en funci\u00f3n de la situaci\u00f3n sanitaria: ERC, JUNTS, CUP, ANC, OMNIUM, CONSELL PER LA REPUBLICA y desde Galicia: BNG.<\/p>\n<p>Comentarles, tambi\u00e9n, que contaremos en el acto del Palacio Euskalduna, con varias victimas de la violencia, que han manifestado su inter\u00e9s en asistir, como oyentes, a la mesa redonda.<\/p>\n<p>Desde Sare, queremos agradecerles su predisposici\u00f3n y participaci\u00f3n a todas y todos ellos.<\/p>\n<p>Dec\u00edamos hace unos d\u00edas que nos enfrent\u00e1bamos a dos razones objetivas. Por un lado, la actual situaci\u00f3n sanitaria y las tasas de personas confinadas sin duda dificultar\u00e1n la asistencia a estos actos, pero, por otro lado, somos conscientes de otra raz\u00f3n objetiva, es la necesidad y la importancia de salir a la calle y de mantener activa la reivindicaci\u00f3n del fin de la pol\u00edtica penitenciara de excepci\u00f3n, que se traduce en:<br \/>\n&#8211; El acercamiento de todos y todas las presas vascas, sin excepci\u00f3n y demora.<br \/>\n&#8211; El desbloqueo de la progresi\u00f3n de segundo a tercer grado; del disfrute de permisos penitenciarios y de la libertad condicional.<\/p>\n<p>&#8211; Y la reivindicaci\u00f3n de continuar avanzando en pro de la convivencia y la paz, con responsabilidad, respeto y empat\u00eda.<\/p>\n<p>Este ser\u00e1 el mensaje central para este 8 de enero, que dar\u00e1 comienzo a un nuevo a\u00f1o que deseamos sea decisivo en este cambio de la actual pol\u00edtica penitenciaria.<\/p>\n<p>Y, tambi\u00e9n, un a\u00f1o para acabar con el sufrimiento y continuar avanzando juntos y juntas, en este camino de construcci\u00f3n de un futuro mejor. Y esto lo tenemos que hacer juntos y juntas. Si no, ello no ser\u00e1 posible.<\/p>\n<p>Este es nuestro deseo para el a\u00f1o que iniciamos y nuestra raz\u00f3n para continuar trabajando d\u00eda a d\u00eda.<\/p>\n<p>Tenemos camino por recorrer, y lo estamos haciendo, paso a paso, lo conseguiremos.<\/p>\n<p>&#8212;-\u00a0<\/p>\n<p><strong>\u00a08 DE ENERO \/\/ CONVOCATORIAS:<\/strong><\/p>\n<p>&gt;ARABA: <a href=\"https:\/\/sare.eus\/ekimena\/urtarrilak-8-araba\/\" target=\"_blank\" rel=\"noopener\">https:\/\/sare.eus\/ekimena\/urtarrilak-8-araba\/<\/a><\/p>\n<p>&gt;BIZKAIA: <a href=\"https:\/\/sare.eus\/ekimena\/urtarrilak-8-bizkaia\/\" target=\"_blank\" rel=\"noopener\">https:\/\/sare.eus\/ekimena\/urtarrilak-8-bizkaia\/<\/a><\/p>\n<p>&gt;GIPUZKOA: <a href=\"https:\/\/sare.eus\/ekimena\/urtarrilak-8-gipuzkoa\/\" target=\"_blank\" rel=\"noopener\">https:\/\/sare.eus\/ekimena\/urtarrilak-8-gipuzkoa\/<\/a><\/p>\n<p>&gt; NAFARROA: <a href=\"https:\/\/sare.eus\/ekimena\/urtarrilak-8-nafarroa\/\" target=\"_blank\" rel=\"noopener\">https:\/\/sare.eus\/ekimena\/urtarrilak-8-nafarroa\/<\/a><\/p>\n<p>\u00a0<\/p>\n","protected":false},"excerpt":{"rendered":"<p>A tres d\u00edas del 8 de enero, que otro a\u00f1o m\u00e1s, debemos desarrollarlo en plena pandemia y por tanto, recordando la necesidad de atender las normas sanitarias, hemos convocado esta [&hellip;]<\/p>\n","protected":false},"author":2,"featured_media":2256,"comment_status":"closed","ping_status":"closed","sticky":false,"template":"","format":"standard","meta":{"_acf_changed":false,"_et_pb_use_builder":"off","_et_pb_old_content":"","_et_gb_content_width":"","footnotes":""},"categories":[60],"tags":[],"class_list":["post-2252","post","type-post","status-publish","format-standard","has-post-thumbnail","hentry","category-etxera-es","et-has-post-format-content","et_post_format-et-post-format-standard"],"acf":[],"yoast_head":"<!-- This site is optimized with the Yoast SEO plugin v26.4 - https:\/\/yoast.com\/wordpress\/plugins\/seo\/ -->\n<title>\u00daLTIMOS DATOS ANTES DE LAS MOVILIZACIONES DEL 8 DE ENERO - Sare Herritarra<\/title>\n<meta name=\"robots\" content=\"index, follow, max-snippet:-1, max-image-preview:large, max-video-preview:-1\" \/>\n<link rel=\"canonical\" href=\"https:\/\/sare.eus\/es\/ultimos-datos-antes-de-las-movilizaciones-del-8-de-enero\/\" \/>\n<meta property=\"og:locale\" content=\"es_ES\" \/>\n<meta property=\"og:type\" content=\"article\" \/>\n<meta property=\"og:title\" content=\"\u00daLTIMOS DATOS ANTES DE LAS MOVILIZACIONES DEL 8 DE ENERO - Sare Herritarra\" \/>\n<meta property=\"og:description\" content=\"A tres d\u00edas del 8 de enero, que otro a\u00f1o m\u00e1s, debemos desarrollarlo en plena pandemia y por tanto, recordando la necesidad de atender las normas sanitarias, hemos convocado esta [&hellip;]\" \/>\n<meta property=\"og:url\" content=\"https:\/\/sare.eus\/es\/ultimos-datos-antes-de-las-movilizaciones-del-8-de-enero\/\" \/>\n<meta property=\"og:site_name\" content=\"Sare Herritarra\" \/>\n<meta property=\"article:published_time\" content=\"2022-01-05T10:05:47+00:00\" \/>\n<meta property=\"article:modified_time\" content=\"2022-01-05T10:55:24+00:00\" \/>\n<meta property=\"og:image\" content=\"https:\/\/sare.eus\/wp-content\/uploads\/2022\/01\/urt-5_01.jpg\" \/>\n\t<meta property=\"og:image:width\" content=\"850\" \/>\n\t<meta property=\"og:image:height\" content=\"574\" \/>\n\t<meta property=\"og:image:type\" content=\"image\/jpeg\" \/>\n<meta name=\"author\" content=\"sare\" \/>\n<meta name=\"twitter:card\" content=\"summary_large_image\" \/>\n<meta name=\"twitter:label1\" content=\"Escrito por\" \/>\n\t<meta name=\"twitter:data1\" content=\"sare\" \/>\n\t<meta name=\"twitter:label2\" content=\"Tiempo de lectura\" \/>\n\t<meta name=\"twitter:data2\" content=\"4 minutos\" \/>\n<script type=\"application\/ld+json\" class=\"yoast-schema-graph\">{\"@context\":\"https:\/\/schema.org\",\"@graph\":[{\"@type\":\"Article\",\"@id\":\"https:\/\/sare.eus\/es\/ultimos-datos-antes-de-las-movilizaciones-del-8-de-enero\/#article\",\"isPartOf\":{\"@id\":\"https:\/\/sare.eus\/es\/ultimos-datos-antes-de-las-movilizaciones-del-8-de-enero\/\"},\"author\":{\"name\":\"sare\",\"@id\":\"https:\/\/sare.eus\/#\/schema\/person\/2fe6d0df294f56313d3ab236dbe38e17\"},\"headline\":\"\u00daLTIMOS DATOS ANTES DE LAS MOVILIZACIONES DEL 8 DE ENERO\",\"datePublished\":\"2022-01-05T10:05:47+00:00\",\"dateModified\":\"2022-01-05T10:55:24+00:00\",\"mainEntityOfPage\":{\"@id\":\"https:\/\/sare.eus\/es\/ultimos-datos-antes-de-las-movilizaciones-del-8-de-enero\/\"},\"wordCount\":731,\"publisher\":{\"@id\":\"https:\/\/sare.eus\/#organization\"},\"image\":{\"@id\":\"https:\/\/sare.eus\/es\/ultimos-datos-antes-de-las-movilizaciones-del-8-de-enero\/#primaryimage\"},\"thumbnailUrl\":\"https:\/\/sare.eus\/wp-content\/uploads\/2022\/01\/urt-5_01.jpg\",\"articleSection\":[\"Etxera\"],\"inLanguage\":\"es\"},{\"@type\":\"WebPage\",\"@id\":\"https:\/\/sare.eus\/es\/ultimos-datos-antes-de-las-movilizaciones-del-8-de-enero\/\",\"url\":\"https:\/\/sare.eus\/es\/ultimos-datos-antes-de-las-movilizaciones-del-8-de-enero\/\",\"name\":\"\u00daLTIMOS DATOS ANTES DE LAS MOVILIZACIONES DEL 8 DE ENERO - Sare Herritarra\",\"isPartOf\":{\"@id\":\"https:\/\/sare.eus\/#website\"},\"primaryImageOfPage\":{\"@id\":\"https:\/\/sare.eus\/es\/ultimos-datos-antes-de-las-movilizaciones-del-8-de-enero\/#primaryimage\"},\"image\":{\"@id\":\"https:\/\/sare.eus\/es\/ultimos-datos-antes-de-las-movilizaciones-del-8-de-enero\/#primaryimage\"},\"thumbnailUrl\":\"https:\/\/sare.eus\/wp-content\/uploads\/2022\/01\/urt-5_01.jpg\",\"datePublished\":\"2022-01-05T10:05:47+00:00\",\"dateModified\":\"2022-01-05T10:55:24+00:00\",\"breadcrumb\":{\"@id\":\"https:\/\/sare.eus\/es\/ultimos-datos-antes-de-las-movilizaciones-del-8-de-enero\/#breadcrumb\"},\"inLanguage\":\"es\",\"potentialAction\":[{\"@type\":\"ReadAction\",\"target\":[\"https:\/\/sare.eus\/es\/ultimos-datos-antes-de-las-movilizaciones-del-8-de-enero\/\"]}]},{\"@type\":\"ImageObject\",\"inLanguage\":\"es\",\"@id\":\"https:\/\/sare.eus\/es\/ultimos-datos-antes-de-las-movilizaciones-del-8-de-enero\/#primaryimage\",\"url\":\"https:\/\/sare.eus\/wp-content\/uploads\/2022\/01\/urt-5_01.jpg\",\"contentUrl\":\"https:\/\/sare.eus\/wp-content\/uploads\/2022\/01\/urt-5_01.jpg\",\"width\":850,\"height\":574},{\"@type\":\"BreadcrumbList\",\"@id\":\"https:\/\/sare.eus\/es\/ultimos-datos-antes-de-las-movilizaciones-del-8-de-enero\/#breadcrumb\",\"itemListElement\":[{\"@type\":\"ListItem\",\"position\":1,\"name\":\"Home\",\"item\":\"https:\/\/sare.eus\/\"},{\"@type\":\"ListItem\",\"position\":2,\"name\":\"\u00daLTIMOS DATOS ANTES DE LAS MOVILIZACIONES DEL 8 DE ENERO\"}]},{\"@type\":\"WebSite\",\"@id\":\"https:\/\/sare.eus\/#website\",\"url\":\"https:\/\/sare.eus\/\",\"name\":\"Sare Herritarra\",\"description\":\"KONPONBIDEAREN ETA GIZA ESKUBIDEEN ALDEKO SARE HERRITARRA\",\"publisher\":{\"@id\":\"https:\/\/sare.eus\/#organization\"},\"potentialAction\":[{\"@type\":\"SearchAction\",\"target\":{\"@type\":\"EntryPoint\",\"urlTemplate\":\"https:\/\/sare.eus\/?s={search_term_string}\"},\"query-input\":{\"@type\":\"PropertyValueSpecification\",\"valueRequired\":true,\"valueName\":\"search_term_string\"}}],\"inLanguage\":\"es\"},{\"@type\":\"Organization\",\"@id\":\"https:\/\/sare.eus\/#organization\",\"name\":\"Sare Herritarra\",\"url\":\"https:\/\/sare.eus\/\",\"logo\":{\"@type\":\"ImageObject\",\"inLanguage\":\"es\",\"@id\":\"https:\/\/sare.eus\/#\/schema\/logo\/image\/\",\"url\":\"https:\/\/sare.eus\/wp-content\/uploads\/2021\/08\/sare.png\",\"contentUrl\":\"https:\/\/sare.eus\/wp-content\/uploads\/2021\/08\/sare.png\",\"width\":120,\"height\":142,\"caption\":\"Sare Herritarra\"},\"image\":{\"@id\":\"https:\/\/sare.eus\/#\/schema\/logo\/image\/\"}},{\"@type\":\"Person\",\"@id\":\"https:\/\/sare.eus\/#\/schema\/person\/2fe6d0df294f56313d3ab236dbe38e17\",\"name\":\"sare\",\"image\":{\"@type\":\"ImageObject\",\"inLanguage\":\"es\",\"@id\":\"https:\/\/sare.eus\/#\/schema\/person\/image\/\",\"url\":\"https:\/\/secure.gravatar.com\/avatar\/77cad838677ceb1977e7b3c878b55eaa7fa4aae2158983063b047c3ad7ef2c25?s=96&d=mm&r=g\",\"contentUrl\":\"https:\/\/secure.gravatar.com\/avatar\/77cad838677ceb1977e7b3c878b55eaa7fa4aae2158983063b047c3ad7ef2c25?s=96&d=mm&r=g\",\"caption\":\"sare\"},\"url\":\"https:\/\/sare.eus\/es\/author\/sare\/\"}]}<\/script>\n<!-- \/ Yoast SEO plugin. -->","yoast_head_json":{"title":"\u00daLTIMOS DATOS ANTES DE LAS MOVILIZACIONES DEL 8 DE ENERO - Sare Herritarra","robots":{"index":"index","follow":"follow","max-snippet":"max-snippet:-1","max-image-preview":"max-image-preview:large","max-video-preview":"max-video-preview:-1"},"canonical":"https:\/\/sare.eus\/es\/ultimos-datos-antes-de-las-movilizaciones-del-8-de-enero\/","og_locale":"es_ES","og_type":"article","og_title":"\u00daLTIMOS DATOS ANTES DE LAS MOVILIZACIONES DEL 8 DE ENERO - Sare Herritarra","og_description":"A tres d\u00edas del 8 de enero, que otro a\u00f1o m\u00e1s, debemos desarrollarlo en plena pandemia y por tanto, recordando la necesidad de atender las normas sanitarias, hemos convocado esta [&hellip;]","og_url":"https:\/\/sare.eus\/es\/ultimos-datos-antes-de-las-movilizaciones-del-8-de-enero\/","og_site_name":"Sare Herritarra","article_published_time":"2022-01-05T10:05:47+00:00","article_modified_time":"2022-01-05T10:55:24+00:00","og_image":[{"width":850,"height":574,"url":"https:\/\/sare.eus\/wp-content\/uploads\/2022\/01\/urt-5_01.jpg","type":"image\/jpeg"}],"author":"sare","twitter_card":"summary_large_image","twitter_misc":{"Escrito por":"sare","Tiempo de lectura":"4 minutos"},"schema":{"@context":"https:\/\/schema.org","@graph":[{"@type":"Article","@id":"https:\/\/sare.eus\/es\/ultimos-datos-antes-de-las-movilizaciones-del-8-de-enero\/#article","isPartOf":{"@id":"https:\/\/sare.eus\/es\/ultimos-datos-antes-de-las-movilizaciones-del-8-de-enero\/"},"author":{"name":"sare","@id":"https:\/\/sare.eus\/#\/schema\/person\/2fe6d0df294f56313d3ab236dbe38e17"},"headline":"\u00daLTIMOS DATOS ANTES DE LAS MOVILIZACIONES DEL 8 DE ENERO","datePublished":"2022-01-05T10:05:47+00:00","dateModified":"2022-01-05T10:55:24+00:00","mainEntityOfPage":{"@id":"https:\/\/sare.eus\/es\/ultimos-datos-antes-de-las-movilizaciones-del-8-de-enero\/"},"wordCount":731,"publisher":{"@id":"https:\/\/sare.eus\/#organization"},"image":{"@id":"https:\/\/sare.eus\/es\/ultimos-datos-antes-de-las-movilizaciones-del-8-de-enero\/#primaryimage"},"thumbnailUrl":"https:\/\/sare.eus\/wp-content\/uploads\/2022\/01\/urt-5_01.jpg","articleSection":["Etxera"],"inLanguage":"es"},{"@type":"WebPage","@id":"https:\/\/sare.eus\/es\/ultimos-datos-antes-de-las-movilizaciones-del-8-de-enero\/","url":"https:\/\/sare.eus\/es\/ultimos-datos-antes-de-las-movilizaciones-del-8-de-enero\/","name":"\u00daLTIMOS DATOS ANTES DE LAS MOVILIZACIONES DEL 8 DE ENERO - Sare Herritarra","isPartOf":{"@id":"https:\/\/sare.eus\/#website"},"primaryImageOfPage":{"@id":"https:\/\/sare.eus\/es\/ultimos-datos-antes-de-las-movilizaciones-del-8-de-enero\/#primaryimage"},"image":{"@id":"https:\/\/sare.eus\/es\/ultimos-datos-antes-de-las-movilizaciones-del-8-de-enero\/#primaryimage"},"thumbnailUrl":"https:\/\/sare.eus\/wp-content\/uploads\/2022\/01\/urt-5_01.jpg","datePublished":"2022-01-05T10:05:47+00:00","dateModified":"2022-01-05T10:55:24+00:00","breadcrumb":{"@id":"https:\/\/sare.eus\/es\/ultimos-datos-antes-de-las-movilizaciones-del-8-de-enero\/#breadcrumb"},"inLanguage":"es","potentialAction":[{"@type":"ReadAction","target":["https:\/\/sare.eus\/es\/ultimos-datos-antes-de-las-movilizaciones-del-8-de-enero\/"]}]},{"@type":"ImageObject","inLanguage":"es","@id":"https:\/\/sare.eus\/es\/ultimos-datos-antes-de-las-movilizaciones-del-8-de-enero\/#primaryimage","url":"https:\/\/sare.eus\/wp-content\/uploads\/2022\/01\/urt-5_01.jpg","contentUrl":"https:\/\/sare.eus\/wp-content\/uploads\/2022\/01\/urt-5_01.jpg","width":850,"height":574},{"@type":"BreadcrumbList","@id":"https:\/\/sare.eus\/es\/ultimos-datos-antes-de-las-movilizaciones-del-8-de-enero\/#breadcrumb","itemListElement":[{"@type":"ListItem","position":1,"name":"Home","item":"https:\/\/sare.eus\/"},{"@type":"ListItem","position":2,"name":"\u00daLTIMOS DATOS ANTES DE LAS MOVILIZACIONES DEL 8 DE ENERO"}]},{"@type":"WebSite","@id":"https:\/\/sare.eus\/#website","url":"https:\/\/sare.eus\/","name":"Sare Herritarra","description":"KONPONBIDEAREN ETA GIZA ESKUBIDEEN ALDEKO SARE HERRITARRA","publisher":{"@id":"https:\/\/sare.eus\/#organization"},"potentialAction":[{"@type":"SearchAction","target":{"@type":"EntryPoint","urlTemplate":"https:\/\/sare.eus\/?s={search_term_string}"},"query-input":{"@type":"PropertyValueSpecification","valueRequired":true,"valueName":"search_term_string"}}],"inLanguage":"es"},{"@type":"Organization","@id":"https:\/\/sare.eus\/#organization","name":"Sare Herritarra","url":"https:\/\/sare.eus\/","logo":{"@type":"ImageObject","inLanguage":"es","@id":"https:\/\/sare.eus\/#\/schema\/logo\/image\/","url":"https:\/\/sare.eus\/wp-content\/uploads\/2021\/08\/sare.png","contentUrl":"https:\/\/sare.eus\/wp-content\/uploads\/2021\/08\/sare.png","width":120,"height":142,"caption":"Sare Herritarra"},"image":{"@id":"https:\/\/sare.eus\/#\/schema\/logo\/image\/"}},{"@type":"Person","@id":"https:\/\/sare.eus\/#\/schema\/person\/2fe6d0df294f56313d3ab236dbe38e17","name":"sare","image":{"@type":"ImageObject","inLanguage":"es","@id":"https:\/\/sare.eus\/#\/schema\/person\/image\/","url":"https:\/\/secure.gravatar.com\/avatar\/77cad838677ceb1977e7b3c878b55eaa7fa4aae2158983063b047c3ad7ef2c25?s=96&d=mm&r=g","contentUrl":"https:\/\/secure.gravatar.com\/avatar\/77cad838677ceb1977e7b3c878b55eaa7fa4aae2158983063b047c3ad7ef2c25?s=96&d=mm&r=g","caption":"sare"},"url":"https:\/\/sare.eus\/es\/author\/sare\/"}]}},"_links":{"self":[{"href":"https:\/\/sare.eus\/es\/wp-json\/wp\/v2\/posts\/2252","targetHints":{"allow":["GET"]}}],"collection":[{"href":"https:\/\/sare.eus\/es\/wp-json\/wp\/v2\/posts"}],"about":[{"href":"https:\/\/sare.eus\/es\/wp-json\/wp\/v2\/types\/post"}],"author":[{"embeddable":true,"href":"https:\/\/sare.eus\/es\/wp-json\/wp\/v2\/users\/2"}],"replies":[{"embeddable":true,"href":"https:\/\/sare.eus\/es\/wp-json\/wp\/v2\/comments?post=2252"}],"version-history":[{"count":4,"href":"https:\/\/sare.eus\/es\/wp-json\/wp\/v2\/posts\/2252\/revisions"}],"predecessor-version":[{"id":2269,"href":"https:\/\/sare.eus\/es\/wp-json\/wp\/v2\/posts\/2252\/revisions\/2269"}],"wp:featuredmedia":[{"embeddable":true,"href":"https:\/\/sare.eus\/es\/wp-json\/wp\/v2\/media\/2256"}],"wp:attachment":[{"href":"https:\/\/sare.eus\/es\/wp-json\/wp\/v2\/media?parent=2252"}],"wp:term":[{"taxonomy":"category","embeddable":true,"href":"https:\/\/sare.eus\/es\/wp-json\/wp\/v2\/categories?post=2252"},{"taxonomy":"post_tag","embeddable":true,"href":"https:\/\/sare.eus\/es\/wp-json\/wp\/v2\/tags?post=2252"}],"curies":[{"name":"wp","href":"https:\/\/api.w.org\/{rel}","templated":true}]}}