{"id":2139,"date":"2021-12-30T10:05:49","date_gmt":"2021-12-30T10:05:49","guid":{"rendered":"https:\/\/sare.eus\/?p=2139"},"modified":"2021-12-30T20:10:36","modified_gmt":"2021-12-30T20:10:36","slug":"sare-lleva-la-movilizacion-del-8-de-enero-a-los-pueblos-de-hego-euskal-herria-por-la-situacion-de-la-pandemia","status":"publish","type":"post","link":"https:\/\/sare.eus\/es\/sare-lleva-la-movilizacion-del-8-de-enero-a-los-pueblos-de-hego-euskal-herria-por-la-situacion-de-la-pandemia\/","title":{"rendered":"SARE LLEVA LA MOVILIZACI\u00d3N DEL 8 DE ENERO A LOS PUEBLOS DE HEGO EUSKAL HERRIA POR LA SITUACI\u00d3N DE LA PANDEMIA"},"content":{"rendered":"<p>Hay ocasiones en la que nos gustar\u00eda no tener que hacer algunas convocatorias de prensa, y esta de hoy, es una de ellas.<\/p>\n<p>Porque las razones de la misma, est\u00e1 motivada por la actual situaci\u00f3n de pandemia, que a\u00fan continuamos padeciendo.<\/p>\n<p>Hemos tomado una decisi\u00f3n que no es f\u00e1cil, pero creemos que es una decisi\u00f3n equilibrada entre dos razones objetivas.<\/p>\n<p>1.- Objetivamente la situaci\u00f3n de vulneraci\u00f3n de derechos que sufren los presos y presas vascas, con m\u00e1s del 50% a\u00fan alejados; con el bloqueo en la progresi\u00f3n de grados; con los recursos de la fiscal\u00eda para impedir permisos penitenciarios, con todo esto hay razones objetivas para salir a la calle y exigir el fin de esta pol\u00edtica penitenciaria de excepci\u00f3n.<\/p>\n<p>2.- Hay razones objetivas, fruto de esta pandemia, para que por responsabilidad no organicemos una manifestaci\u00f3n multitudinaria como otros a\u00f1os y que pueda convocar a 100.000 personas.<\/p>\n<p>Y entre estas dos razones objetivas, y fruto de una reflexi\u00f3n en el seno de SARE, hemos decidido repartir esta previsible multitudinaria manifestaci\u00f3n que \u00edbamos a celebrar en Bilbo y distribuirla por la mayor parte de las localidades de Bizkaia, Gipuzkoa, Araba y Nafarroa. De esta forma, ser\u00e1 una concentraci\u00f3n multitudinaria, pero no coincidente en un mismo lugar.<\/p>\n<p>Lo haremos pidiendo reiteradamente a quienes en ellas participen que tengan en cuenta las medidas de seguridad sanitaria que de todos son conocidas.<\/p>\n<p><strong>En definitiva, el 8 de enero, volveremos a salir a la calle. Lo haremos de una manera responsable y de esta forma, en las capitales de Hego Euskal Herria y en multitud de plazas y calles de los pueblos de nuestro Pa\u00eds, volveremos a caminar dando pasos por la convivencia, la paz y el regreso a EH de los presos y presas vascos y exiliados.<\/strong><\/p>\n<p>Estas concentraciones se iniciaran en todos los sitios a la misma hora: 17 horas y reiteramos manteniendo todas las medidas de seguridad sanitaria.<\/p>\n<p>Donde no habr\u00e1 ning\u00fan cambio, es en los actos programados por la ma\u00f1ana en el Palacio Euskalduna y que contar\u00e1 con una amplia representaci\u00f3n pol\u00edtica, sindical y social.<\/p>\n<p>En este acto, habr\u00e1 una mesa redonda que con el titulo: \u201cavanzando hacia la convivencia\u201d, contar\u00e1 con la participaci\u00f3n de victimas de las diferentes violencias sufridas en nuestro Pueblo. Y a continuaci\u00f3n de la misma, desde SARE, trasladaremos una breve reflexi\u00f3n sobre la actual situaci\u00f3n de los presos y presas vascas y los pasos a dar en un futuro pr\u00f3ximo.<\/p>\n<p><img loading=\"lazy\" decoding=\"async\" class=\"alignnone wp-image-2135 size-large\" src=\"https:\/\/sare.eus\/wp-content\/uploads\/2021\/12\/pankarta-urtarrila_plan-b-txikia-01-1024x154.jpg\" alt=\"\" width=\"1024\" height=\"154\" srcset=\"https:\/\/sare.eus\/wp-content\/uploads\/2021\/12\/pankarta-urtarrila_plan-b-txikia-01-1024x154.jpg 1024w, https:\/\/sare.eus\/wp-content\/uploads\/2021\/12\/pankarta-urtarrila_plan-b-txikia-01-300x45.jpg 300w, https:\/\/sare.eus\/wp-content\/uploads\/2021\/12\/pankarta-urtarrila_plan-b-txikia-01-768x115.jpg 768w, https:\/\/sare.eus\/wp-content\/uploads\/2021\/12\/pankarta-urtarrila_plan-b-txikia-01-1536x231.jpg 1536w, https:\/\/sare.eus\/wp-content\/uploads\/2021\/12\/pankarta-urtarrila_plan-b-txikia-01-2048x308.jpg 2048w, https:\/\/sare.eus\/wp-content\/uploads\/2021\/12\/pankarta-urtarrila_plan-b-txikia-01-1080x162.jpg 1080w\" sizes=\"(max-width: 1024px) 100vw, 1024px\" \/><\/p>\n","protected":false},"excerpt":{"rendered":"<p>Hay ocasiones en la que nos gustar\u00eda no tener que hacer algunas convocatorias de prensa, y esta de hoy, es una de ellas. Porque las razones de la misma, est\u00e1 [&hellip;]<\/p>\n","protected":false},"author":2,"featured_media":2152,"comment_status":"closed","ping_status":"closed","sticky":false,"template":"","format":"standard","meta":{"_acf_changed":false,"_et_pb_use_builder":"off","_et_pb_old_content":"","_et_gb_content_width":"","footnotes":""},"categories":[60],"tags":[],"class_list":["post-2139","post","type-post","status-publish","format-standard","has-post-thumbnail","hentry","category-etxera-es","et-has-post-format-content","et_post_format-et-post-format-standard"],"acf":[],"yoast_head":"<!-- This site is optimized with the Yoast SEO plugin v26.4 - https:\/\/yoast.com\/wordpress\/plugins\/seo\/ -->\n<title>SARE LLEVA LA MOVILIZACI\u00d3N DEL 8 DE ENERO A LOS PUEBLOS DE HEGO EUSKAL HERRIA POR LA SITUACI\u00d3N DE LA PANDEMIA - Sare Herritarra<\/title>\n<meta name=\"robots\" content=\"index, follow, max-snippet:-1, max-image-preview:large, max-video-preview:-1\" \/>\n<link rel=\"canonical\" href=\"https:\/\/sare.eus\/es\/sare-lleva-la-movilizacion-del-8-de-enero-a-los-pueblos-de-hego-euskal-herria-por-la-situacion-de-la-pandemia\/\" \/>\n<meta property=\"og:locale\" content=\"es_ES\" \/>\n<meta property=\"og:type\" content=\"article\" \/>\n<meta property=\"og:title\" content=\"SARE LLEVA LA MOVILIZACI\u00d3N DEL 8 DE ENERO A LOS PUEBLOS DE HEGO EUSKAL HERRIA POR LA SITUACI\u00d3N DE LA PANDEMIA - Sare Herritarra\" \/>\n<meta property=\"og:description\" content=\"Hay ocasiones en la que nos gustar\u00eda no tener que hacer algunas convocatorias de prensa, y esta de hoy, es una de ellas. Porque las razones de la misma, est\u00e1 [&hellip;]\" \/>\n<meta property=\"og:url\" content=\"https:\/\/sare.eus\/es\/sare-lleva-la-movilizacion-del-8-de-enero-a-los-pueblos-de-hego-euskal-herria-por-la-situacion-de-la-pandemia\/\" \/>\n<meta property=\"og:site_name\" content=\"Sare Herritarra\" \/>\n<meta property=\"article:published_time\" content=\"2021-12-30T10:05:49+00:00\" \/>\n<meta property=\"article:modified_time\" content=\"2021-12-30T20:10:36+00:00\" \/>\n<meta property=\"og:image\" content=\"https:\/\/sare.eus\/wp-content\/uploads\/2021\/12\/2021-12-30.jpg\" \/>\n\t<meta property=\"og:image:width\" content=\"1024\" \/>\n\t<meta property=\"og:image:height\" content=\"768\" \/>\n\t<meta property=\"og:image:type\" content=\"image\/jpeg\" \/>\n<meta name=\"author\" content=\"sare\" \/>\n<meta name=\"twitter:card\" content=\"summary_large_image\" \/>\n<meta name=\"twitter:label1\" content=\"Escrito por\" \/>\n\t<meta name=\"twitter:data1\" content=\"sare\" \/>\n\t<meta name=\"twitter:label2\" content=\"Tiempo de lectura\" \/>\n\t<meta name=\"twitter:data2\" content=\"3 minutos\" \/>\n<script type=\"application\/ld+json\" class=\"yoast-schema-graph\">{\"@context\":\"https:\/\/schema.org\",\"@graph\":[{\"@type\":\"Article\",\"@id\":\"https:\/\/sare.eus\/es\/sare-lleva-la-movilizacion-del-8-de-enero-a-los-pueblos-de-hego-euskal-herria-por-la-situacion-de-la-pandemia\/#article\",\"isPartOf\":{\"@id\":\"https:\/\/sare.eus\/es\/sare-lleva-la-movilizacion-del-8-de-enero-a-los-pueblos-de-hego-euskal-herria-por-la-situacion-de-la-pandemia\/\"},\"author\":{\"name\":\"sare\",\"@id\":\"https:\/\/sare.eus\/#\/schema\/person\/2fe6d0df294f56313d3ab236dbe38e17\"},\"headline\":\"SARE LLEVA LA MOVILIZACI\u00d3N DEL 8 DE ENERO A LOS PUEBLOS DE HEGO EUSKAL HERRIA POR LA SITUACI\u00d3N DE LA PANDEMIA\",\"datePublished\":\"2021-12-30T10:05:49+00:00\",\"dateModified\":\"2021-12-30T20:10:36+00:00\",\"mainEntityOfPage\":{\"@id\":\"https:\/\/sare.eus\/es\/sare-lleva-la-movilizacion-del-8-de-enero-a-los-pueblos-de-hego-euskal-herria-por-la-situacion-de-la-pandemia\/\"},\"wordCount\":451,\"publisher\":{\"@id\":\"https:\/\/sare.eus\/#organization\"},\"image\":{\"@id\":\"https:\/\/sare.eus\/es\/sare-lleva-la-movilizacion-del-8-de-enero-a-los-pueblos-de-hego-euskal-herria-por-la-situacion-de-la-pandemia\/#primaryimage\"},\"thumbnailUrl\":\"https:\/\/sare.eus\/wp-content\/uploads\/2021\/12\/2021-12-30.jpg\",\"articleSection\":[\"Etxera\"],\"inLanguage\":\"es\"},{\"@type\":\"WebPage\",\"@id\":\"https:\/\/sare.eus\/es\/sare-lleva-la-movilizacion-del-8-de-enero-a-los-pueblos-de-hego-euskal-herria-por-la-situacion-de-la-pandemia\/\",\"url\":\"https:\/\/sare.eus\/es\/sare-lleva-la-movilizacion-del-8-de-enero-a-los-pueblos-de-hego-euskal-herria-por-la-situacion-de-la-pandemia\/\",\"name\":\"SARE LLEVA LA MOVILIZACI\u00d3N DEL 8 DE ENERO A LOS PUEBLOS DE HEGO EUSKAL HERRIA POR LA SITUACI\u00d3N DE LA PANDEMIA - Sare Herritarra\",\"isPartOf\":{\"@id\":\"https:\/\/sare.eus\/#website\"},\"primaryImageOfPage\":{\"@id\":\"https:\/\/sare.eus\/es\/sare-lleva-la-movilizacion-del-8-de-enero-a-los-pueblos-de-hego-euskal-herria-por-la-situacion-de-la-pandemia\/#primaryimage\"},\"image\":{\"@id\":\"https:\/\/sare.eus\/es\/sare-lleva-la-movilizacion-del-8-de-enero-a-los-pueblos-de-hego-euskal-herria-por-la-situacion-de-la-pandemia\/#primaryimage\"},\"thumbnailUrl\":\"https:\/\/sare.eus\/wp-content\/uploads\/2021\/12\/2021-12-30.jpg\",\"datePublished\":\"2021-12-30T10:05:49+00:00\",\"dateModified\":\"2021-12-30T20:10:36+00:00\",\"breadcrumb\":{\"@id\":\"https:\/\/sare.eus\/es\/sare-lleva-la-movilizacion-del-8-de-enero-a-los-pueblos-de-hego-euskal-herria-por-la-situacion-de-la-pandemia\/#breadcrumb\"},\"inLanguage\":\"es\",\"potentialAction\":[{\"@type\":\"ReadAction\",\"target\":[\"https:\/\/sare.eus\/es\/sare-lleva-la-movilizacion-del-8-de-enero-a-los-pueblos-de-hego-euskal-herria-por-la-situacion-de-la-pandemia\/\"]}]},{\"@type\":\"ImageObject\",\"inLanguage\":\"es\",\"@id\":\"https:\/\/sare.eus\/es\/sare-lleva-la-movilizacion-del-8-de-enero-a-los-pueblos-de-hego-euskal-herria-por-la-situacion-de-la-pandemia\/#primaryimage\",\"url\":\"https:\/\/sare.eus\/wp-content\/uploads\/2021\/12\/2021-12-30.jpg\",\"contentUrl\":\"https:\/\/sare.eus\/wp-content\/uploads\/2021\/12\/2021-12-30.jpg\",\"width\":1024,\"height\":768},{\"@type\":\"BreadcrumbList\",\"@id\":\"https:\/\/sare.eus\/es\/sare-lleva-la-movilizacion-del-8-de-enero-a-los-pueblos-de-hego-euskal-herria-por-la-situacion-de-la-pandemia\/#breadcrumb\",\"itemListElement\":[{\"@type\":\"ListItem\",\"position\":1,\"name\":\"Home\",\"item\":\"https:\/\/sare.eus\/\"},{\"@type\":\"ListItem\",\"position\":2,\"name\":\"SARE LLEVA LA MOVILIZACI\u00d3N DEL 8 DE ENERO A LOS PUEBLOS DE HEGO EUSKAL HERRIA POR LA SITUACI\u00d3N DE LA PANDEMIA\"}]},{\"@type\":\"WebSite\",\"@id\":\"https:\/\/sare.eus\/#website\",\"url\":\"https:\/\/sare.eus\/\",\"name\":\"Sare Herritarra\",\"description\":\"KONPONBIDEAREN ETA GIZA ESKUBIDEEN ALDEKO SARE HERRITARRA\",\"publisher\":{\"@id\":\"https:\/\/sare.eus\/#organization\"},\"potentialAction\":[{\"@type\":\"SearchAction\",\"target\":{\"@type\":\"EntryPoint\",\"urlTemplate\":\"https:\/\/sare.eus\/?s={search_term_string}\"},\"query-input\":{\"@type\":\"PropertyValueSpecification\",\"valueRequired\":true,\"valueName\":\"search_term_string\"}}],\"inLanguage\":\"es\"},{\"@type\":\"Organization\",\"@id\":\"https:\/\/sare.eus\/#organization\",\"name\":\"Sare Herritarra\",\"url\":\"https:\/\/sare.eus\/\",\"logo\":{\"@type\":\"ImageObject\",\"inLanguage\":\"es\",\"@id\":\"https:\/\/sare.eus\/#\/schema\/logo\/image\/\",\"url\":\"https:\/\/sare.eus\/wp-content\/uploads\/2021\/08\/sare.png\",\"contentUrl\":\"https:\/\/sare.eus\/wp-content\/uploads\/2021\/08\/sare.png\",\"width\":120,\"height\":142,\"caption\":\"Sare Herritarra\"},\"image\":{\"@id\":\"https:\/\/sare.eus\/#\/schema\/logo\/image\/\"}},{\"@type\":\"Person\",\"@id\":\"https:\/\/sare.eus\/#\/schema\/person\/2fe6d0df294f56313d3ab236dbe38e17\",\"name\":\"sare\",\"image\":{\"@type\":\"ImageObject\",\"inLanguage\":\"es\",\"@id\":\"https:\/\/sare.eus\/#\/schema\/person\/image\/\",\"url\":\"https:\/\/secure.gravatar.com\/avatar\/77cad838677ceb1977e7b3c878b55eaa7fa4aae2158983063b047c3ad7ef2c25?s=96&d=mm&r=g\",\"contentUrl\":\"https:\/\/secure.gravatar.com\/avatar\/77cad838677ceb1977e7b3c878b55eaa7fa4aae2158983063b047c3ad7ef2c25?s=96&d=mm&r=g\",\"caption\":\"sare\"},\"url\":\"https:\/\/sare.eus\/es\/author\/sare\/\"}]}<\/script>\n<!-- \/ Yoast SEO plugin. -->","yoast_head_json":{"title":"SARE LLEVA LA MOVILIZACI\u00d3N DEL 8 DE ENERO A LOS PUEBLOS DE HEGO EUSKAL HERRIA POR LA SITUACI\u00d3N DE LA PANDEMIA - Sare Herritarra","robots":{"index":"index","follow":"follow","max-snippet":"max-snippet:-1","max-image-preview":"max-image-preview:large","max-video-preview":"max-video-preview:-1"},"canonical":"https:\/\/sare.eus\/es\/sare-lleva-la-movilizacion-del-8-de-enero-a-los-pueblos-de-hego-euskal-herria-por-la-situacion-de-la-pandemia\/","og_locale":"es_ES","og_type":"article","og_title":"SARE LLEVA LA MOVILIZACI\u00d3N DEL 8 DE ENERO A LOS PUEBLOS DE HEGO EUSKAL HERRIA POR LA SITUACI\u00d3N DE LA PANDEMIA - Sare Herritarra","og_description":"Hay ocasiones en la que nos gustar\u00eda no tener que hacer algunas convocatorias de prensa, y esta de hoy, es una de ellas. Porque las razones de la misma, est\u00e1 [&hellip;]","og_url":"https:\/\/sare.eus\/es\/sare-lleva-la-movilizacion-del-8-de-enero-a-los-pueblos-de-hego-euskal-herria-por-la-situacion-de-la-pandemia\/","og_site_name":"Sare Herritarra","article_published_time":"2021-12-30T10:05:49+00:00","article_modified_time":"2021-12-30T20:10:36+00:00","og_image":[{"width":1024,"height":768,"url":"https:\/\/sare.eus\/wp-content\/uploads\/2021\/12\/2021-12-30.jpg","type":"image\/jpeg"}],"author":"sare","twitter_card":"summary_large_image","twitter_misc":{"Escrito por":"sare","Tiempo de lectura":"3 minutos"},"schema":{"@context":"https:\/\/schema.org","@graph":[{"@type":"Article","@id":"https:\/\/sare.eus\/es\/sare-lleva-la-movilizacion-del-8-de-enero-a-los-pueblos-de-hego-euskal-herria-por-la-situacion-de-la-pandemia\/#article","isPartOf":{"@id":"https:\/\/sare.eus\/es\/sare-lleva-la-movilizacion-del-8-de-enero-a-los-pueblos-de-hego-euskal-herria-por-la-situacion-de-la-pandemia\/"},"author":{"name":"sare","@id":"https:\/\/sare.eus\/#\/schema\/person\/2fe6d0df294f56313d3ab236dbe38e17"},"headline":"SARE LLEVA LA MOVILIZACI\u00d3N DEL 8 DE ENERO A LOS PUEBLOS DE HEGO EUSKAL HERRIA POR LA SITUACI\u00d3N DE LA PANDEMIA","datePublished":"2021-12-30T10:05:49+00:00","dateModified":"2021-12-30T20:10:36+00:00","mainEntityOfPage":{"@id":"https:\/\/sare.eus\/es\/sare-lleva-la-movilizacion-del-8-de-enero-a-los-pueblos-de-hego-euskal-herria-por-la-situacion-de-la-pandemia\/"},"wordCount":451,"publisher":{"@id":"https:\/\/sare.eus\/#organization"},"image":{"@id":"https:\/\/sare.eus\/es\/sare-lleva-la-movilizacion-del-8-de-enero-a-los-pueblos-de-hego-euskal-herria-por-la-situacion-de-la-pandemia\/#primaryimage"},"thumbnailUrl":"https:\/\/sare.eus\/wp-content\/uploads\/2021\/12\/2021-12-30.jpg","articleSection":["Etxera"],"inLanguage":"es"},{"@type":"WebPage","@id":"https:\/\/sare.eus\/es\/sare-lleva-la-movilizacion-del-8-de-enero-a-los-pueblos-de-hego-euskal-herria-por-la-situacion-de-la-pandemia\/","url":"https:\/\/sare.eus\/es\/sare-lleva-la-movilizacion-del-8-de-enero-a-los-pueblos-de-hego-euskal-herria-por-la-situacion-de-la-pandemia\/","name":"SARE LLEVA LA MOVILIZACI\u00d3N DEL 8 DE ENERO A LOS PUEBLOS DE HEGO EUSKAL HERRIA POR LA SITUACI\u00d3N DE LA PANDEMIA - Sare Herritarra","isPartOf":{"@id":"https:\/\/sare.eus\/#website"},"primaryImageOfPage":{"@id":"https:\/\/sare.eus\/es\/sare-lleva-la-movilizacion-del-8-de-enero-a-los-pueblos-de-hego-euskal-herria-por-la-situacion-de-la-pandemia\/#primaryimage"},"image":{"@id":"https:\/\/sare.eus\/es\/sare-lleva-la-movilizacion-del-8-de-enero-a-los-pueblos-de-hego-euskal-herria-por-la-situacion-de-la-pandemia\/#primaryimage"},"thumbnailUrl":"https:\/\/sare.eus\/wp-content\/uploads\/2021\/12\/2021-12-30.jpg","datePublished":"2021-12-30T10:05:49+00:00","dateModified":"2021-12-30T20:10:36+00:00","breadcrumb":{"@id":"https:\/\/sare.eus\/es\/sare-lleva-la-movilizacion-del-8-de-enero-a-los-pueblos-de-hego-euskal-herria-por-la-situacion-de-la-pandemia\/#breadcrumb"},"inLanguage":"es","potentialAction":[{"@type":"ReadAction","target":["https:\/\/sare.eus\/es\/sare-lleva-la-movilizacion-del-8-de-enero-a-los-pueblos-de-hego-euskal-herria-por-la-situacion-de-la-pandemia\/"]}]},{"@type":"ImageObject","inLanguage":"es","@id":"https:\/\/sare.eus\/es\/sare-lleva-la-movilizacion-del-8-de-enero-a-los-pueblos-de-hego-euskal-herria-por-la-situacion-de-la-pandemia\/#primaryimage","url":"https:\/\/sare.eus\/wp-content\/uploads\/2021\/12\/2021-12-30.jpg","contentUrl":"https:\/\/sare.eus\/wp-content\/uploads\/2021\/12\/2021-12-30.jpg","width":1024,"height":768},{"@type":"BreadcrumbList","@id":"https:\/\/sare.eus\/es\/sare-lleva-la-movilizacion-del-8-de-enero-a-los-pueblos-de-hego-euskal-herria-por-la-situacion-de-la-pandemia\/#breadcrumb","itemListElement":[{"@type":"ListItem","position":1,"name":"Home","item":"https:\/\/sare.eus\/"},{"@type":"ListItem","position":2,"name":"SARE LLEVA LA MOVILIZACI\u00d3N DEL 8 DE ENERO A LOS PUEBLOS DE HEGO EUSKAL HERRIA POR LA SITUACI\u00d3N DE LA PANDEMIA"}]},{"@type":"WebSite","@id":"https:\/\/sare.eus\/#website","url":"https:\/\/sare.eus\/","name":"Sare Herritarra","description":"KONPONBIDEAREN ETA GIZA ESKUBIDEEN ALDEKO SARE HERRITARRA","publisher":{"@id":"https:\/\/sare.eus\/#organization"},"potentialAction":[{"@type":"SearchAction","target":{"@type":"EntryPoint","urlTemplate":"https:\/\/sare.eus\/?s={search_term_string}"},"query-input":{"@type":"PropertyValueSpecification","valueRequired":true,"valueName":"search_term_string"}}],"inLanguage":"es"},{"@type":"Organization","@id":"https:\/\/sare.eus\/#organization","name":"Sare Herritarra","url":"https:\/\/sare.eus\/","logo":{"@type":"ImageObject","inLanguage":"es","@id":"https:\/\/sare.eus\/#\/schema\/logo\/image\/","url":"https:\/\/sare.eus\/wp-content\/uploads\/2021\/08\/sare.png","contentUrl":"https:\/\/sare.eus\/wp-content\/uploads\/2021\/08\/sare.png","width":120,"height":142,"caption":"Sare Herritarra"},"image":{"@id":"https:\/\/sare.eus\/#\/schema\/logo\/image\/"}},{"@type":"Person","@id":"https:\/\/sare.eus\/#\/schema\/person\/2fe6d0df294f56313d3ab236dbe38e17","name":"sare","image":{"@type":"ImageObject","inLanguage":"es","@id":"https:\/\/sare.eus\/#\/schema\/person\/image\/","url":"https:\/\/secure.gravatar.com\/avatar\/77cad838677ceb1977e7b3c878b55eaa7fa4aae2158983063b047c3ad7ef2c25?s=96&d=mm&r=g","contentUrl":"https:\/\/secure.gravatar.com\/avatar\/77cad838677ceb1977e7b3c878b55eaa7fa4aae2158983063b047c3ad7ef2c25?s=96&d=mm&r=g","caption":"sare"},"url":"https:\/\/sare.eus\/es\/author\/sare\/"}]}},"_links":{"self":[{"href":"https:\/\/sare.eus\/es\/wp-json\/wp\/v2\/posts\/2139","targetHints":{"allow":["GET"]}}],"collection":[{"href":"https:\/\/sare.eus\/es\/wp-json\/wp\/v2\/posts"}],"about":[{"href":"https:\/\/sare.eus\/es\/wp-json\/wp\/v2\/types\/post"}],"author":[{"embeddable":true,"href":"https:\/\/sare.eus\/es\/wp-json\/wp\/v2\/users\/2"}],"replies":[{"embeddable":true,"href":"https:\/\/sare.eus\/es\/wp-json\/wp\/v2\/comments?post=2139"}],"version-history":[{"count":8,"href":"https:\/\/sare.eus\/es\/wp-json\/wp\/v2\/posts\/2139\/revisions"}],"predecessor-version":[{"id":2167,"href":"https:\/\/sare.eus\/es\/wp-json\/wp\/v2\/posts\/2139\/revisions\/2167"}],"wp:featuredmedia":[{"embeddable":true,"href":"https:\/\/sare.eus\/es\/wp-json\/wp\/v2\/media\/2152"}],"wp:attachment":[{"href":"https:\/\/sare.eus\/es\/wp-json\/wp\/v2\/media?parent=2139"}],"wp:term":[{"taxonomy":"category","embeddable":true,"href":"https:\/\/sare.eus\/es\/wp-json\/wp\/v2\/categories?post=2139"},{"taxonomy":"post_tag","embeddable":true,"href":"https:\/\/sare.eus\/es\/wp-json\/wp\/v2\/tags?post=2139"}],"curies":[{"name":"wp","href":"https:\/\/api.w.org\/{rel}","templated":true}]}}