{"id":2123,"date":"2021-12-28T11:32:08","date_gmt":"2021-12-28T11:32:08","guid":{"rendered":"https:\/\/sare.eus\/?p=2123"},"modified":"2021-12-28T11:35:40","modified_gmt":"2021-12-28T11:35:40","slug":"nota-de-la-red-ciudadana-sare","status":"publish","type":"post","link":"https:\/\/sare.eus\/es\/nota-de-la-red-ciudadana-sare\/","title":{"rendered":"NOTA DE LA RED CIUDADANA SARE"},"content":{"rendered":"\n<p><\/p>\n\n\n\n<p>Sare herritarra quiere trasladar a la opini\u00f3n p\u00fablica en general y muy en particular a aquellas personas que han podido verse directamente afectadas, que en ning\u00fan momento ha organizado ninguna marcha y menos homenaje alguno a ning\u00fan preso o presa vasca.<\/p>\n\n\n\n<p>Un a\u00f1o m\u00e1s, lo que se ha organizado el 31 de diciembre en Arrasate y en otras muchas localidades de nuestro Pa\u00eds, es un acto de denuncia contra la pol\u00edtica penitenciaria de excepci\u00f3n que se aplica a estos presos y presas vascas.<\/p>\n\n\n\n<p>Nuestra trayectoria de varios a\u00f1os, deja claro que nunca hemos homenajeado a nadie y siempre hemos trabajado por hacer compatible la denuncia de esta normativa penitenciaria de excepci\u00f3n con el respeto, apoyo y solidaridad con todas las v\u00edctimas de la violencia.<\/p>\n\n\n\n<p>Con el fin de evitar este dolor a\u00f1adido a ninguna v\u00edctima, ayer a la tarde Sare Arrasate elimin\u00f3 de su cuenta el cartel en el que junto al llamamiento se nombraban los presos y exiliados que son de Arrasate, ya que, ha dado lugar a malos entendidos (que se realizar\u00eda algun tipo de homenaje a estas personas) y dolor en algunas personas. Mostrando as\u00ed su voluntad de no crear ning\u00fan sufrimiento a\u00f1adido y dejar claro que no ha habido intenci\u00f3n alguna de realizar ning\u00fan tipo de homenaje.<\/p>\n\n\n\n<p>Lamentamos profundamente esta situaci\u00f3n y creemos que si ello ha generado dolor, es porque no hemos sabido transmitir correctamente nuestra reivindicaci\u00f3n y lo lamentamos.<\/p>\n\n\n\n<p>Continuaremos con nuestro trabajo de exigir el fin de la excepcionalidad y de la b\u00fasqueda del entendimiento, la convivencia y La Paz<\/p>\n","protected":false},"excerpt":{"rendered":"<p>Sare herritarra quiere trasladar a la opini\u00f3n p\u00fablica en general y muy en particular a aquellas personas que han podido verse directamente afectadas, que en ning\u00fan momento ha organizado ninguna [&hellip;]<\/p>\n","protected":false},"author":2,"featured_media":1859,"comment_status":"closed","ping_status":"closed","sticky":false,"template":"","format":"standard","meta":{"_acf_changed":false,"_et_pb_use_builder":"off","_et_pb_old_content":"","_et_gb_content_width":"","footnotes":""},"categories":[69],"tags":[],"class_list":["post-2123","post","type-post","status-publish","format-standard","has-post-thumbnail","hentry","category-leyes-de-excepcion","et-has-post-format-content","et_post_format-et-post-format-standard"],"acf":[],"yoast_head":"<!-- This site is optimized with the Yoast SEO plugin v26.4 - https:\/\/yoast.com\/wordpress\/plugins\/seo\/ -->\n<title>NOTA DE LA RED CIUDADANA SARE - Sare Herritarra<\/title>\n<meta name=\"robots\" content=\"index, follow, max-snippet:-1, max-image-preview:large, max-video-preview:-1\" \/>\n<link rel=\"canonical\" href=\"https:\/\/sare.eus\/es\/nota-de-la-red-ciudadana-sare\/\" \/>\n<meta property=\"og:locale\" content=\"es_ES\" \/>\n<meta property=\"og:type\" content=\"article\" \/>\n<meta property=\"og:title\" content=\"NOTA DE LA RED CIUDADANA SARE - Sare Herritarra\" \/>\n<meta property=\"og:description\" content=\"Sare herritarra quiere trasladar a la opini\u00f3n p\u00fablica en general y muy en particular a aquellas personas que han podido verse directamente afectadas, que en ning\u00fan momento ha organizado ninguna [&hellip;]\" \/>\n<meta property=\"og:url\" content=\"https:\/\/sare.eus\/es\/nota-de-la-red-ciudadana-sare\/\" \/>\n<meta property=\"og:site_name\" content=\"Sare Herritarra\" \/>\n<meta property=\"article:published_time\" content=\"2021-12-28T11:32:08+00:00\" \/>\n<meta property=\"article:modified_time\" content=\"2021-12-28T11:35:40+00:00\" \/>\n<meta property=\"og:image\" content=\"https:\/\/sare.eus\/wp-content\/uploads\/2021\/11\/SARE-HERRITARRA-OHARRA-NOTA-01-scaled-e1638213762864.jpg\" \/>\n\t<meta property=\"og:image:width\" content=\"2195\" \/>\n\t<meta property=\"og:image:height\" content=\"1132\" \/>\n\t<meta property=\"og:image:type\" content=\"image\/jpeg\" \/>\n<meta name=\"author\" content=\"sare\" \/>\n<meta name=\"twitter:card\" content=\"summary_large_image\" \/>\n<meta name=\"twitter:label1\" content=\"Escrito por\" \/>\n\t<meta name=\"twitter:data1\" content=\"sare\" \/>\n\t<meta name=\"twitter:label2\" content=\"Tiempo de lectura\" \/>\n\t<meta name=\"twitter:data2\" content=\"2 minutos\" \/>\n<script type=\"application\/ld+json\" class=\"yoast-schema-graph\">{\"@context\":\"https:\/\/schema.org\",\"@graph\":[{\"@type\":\"Article\",\"@id\":\"https:\/\/sare.eus\/es\/nota-de-la-red-ciudadana-sare\/#article\",\"isPartOf\":{\"@id\":\"https:\/\/sare.eus\/es\/nota-de-la-red-ciudadana-sare\/\"},\"author\":{\"name\":\"sare\",\"@id\":\"https:\/\/sare.eus\/#\/schema\/person\/2fe6d0df294f56313d3ab236dbe38e17\"},\"headline\":\"NOTA DE LA RED CIUDADANA SARE\",\"datePublished\":\"2021-12-28T11:32:08+00:00\",\"dateModified\":\"2021-12-28T11:35:40+00:00\",\"mainEntityOfPage\":{\"@id\":\"https:\/\/sare.eus\/es\/nota-de-la-red-ciudadana-sare\/\"},\"wordCount\":284,\"publisher\":{\"@id\":\"https:\/\/sare.eus\/#organization\"},\"image\":{\"@id\":\"https:\/\/sare.eus\/es\/nota-de-la-red-ciudadana-sare\/#primaryimage\"},\"thumbnailUrl\":\"https:\/\/sare.eus\/wp-content\/uploads\/2021\/11\/SARE-HERRITARRA-OHARRA-NOTA-01-scaled-e1638213762864.jpg\",\"articleSection\":[\"Leyes de Excepci\u00f3n\"],\"inLanguage\":\"es\"},{\"@type\":\"WebPage\",\"@id\":\"https:\/\/sare.eus\/es\/nota-de-la-red-ciudadana-sare\/\",\"url\":\"https:\/\/sare.eus\/es\/nota-de-la-red-ciudadana-sare\/\",\"name\":\"NOTA DE LA RED CIUDADANA SARE - Sare Herritarra\",\"isPartOf\":{\"@id\":\"https:\/\/sare.eus\/#website\"},\"primaryImageOfPage\":{\"@id\":\"https:\/\/sare.eus\/es\/nota-de-la-red-ciudadana-sare\/#primaryimage\"},\"image\":{\"@id\":\"https:\/\/sare.eus\/es\/nota-de-la-red-ciudadana-sare\/#primaryimage\"},\"thumbnailUrl\":\"https:\/\/sare.eus\/wp-content\/uploads\/2021\/11\/SARE-HERRITARRA-OHARRA-NOTA-01-scaled-e1638213762864.jpg\",\"datePublished\":\"2021-12-28T11:32:08+00:00\",\"dateModified\":\"2021-12-28T11:35:40+00:00\",\"breadcrumb\":{\"@id\":\"https:\/\/sare.eus\/es\/nota-de-la-red-ciudadana-sare\/#breadcrumb\"},\"inLanguage\":\"es\",\"potentialAction\":[{\"@type\":\"ReadAction\",\"target\":[\"https:\/\/sare.eus\/es\/nota-de-la-red-ciudadana-sare\/\"]}]},{\"@type\":\"ImageObject\",\"inLanguage\":\"es\",\"@id\":\"https:\/\/sare.eus\/es\/nota-de-la-red-ciudadana-sare\/#primaryimage\",\"url\":\"https:\/\/sare.eus\/wp-content\/uploads\/2021\/11\/SARE-HERRITARRA-OHARRA-NOTA-01-scaled-e1638213762864.jpg\",\"contentUrl\":\"https:\/\/sare.eus\/wp-content\/uploads\/2021\/11\/SARE-HERRITARRA-OHARRA-NOTA-01-scaled-e1638213762864.jpg\",\"width\":2195,\"height\":1132},{\"@type\":\"BreadcrumbList\",\"@id\":\"https:\/\/sare.eus\/es\/nota-de-la-red-ciudadana-sare\/#breadcrumb\",\"itemListElement\":[{\"@type\":\"ListItem\",\"position\":1,\"name\":\"Home\",\"item\":\"https:\/\/sare.eus\/\"},{\"@type\":\"ListItem\",\"position\":2,\"name\":\"NOTA DE LA RED CIUDADANA SARE\"}]},{\"@type\":\"WebSite\",\"@id\":\"https:\/\/sare.eus\/#website\",\"url\":\"https:\/\/sare.eus\/\",\"name\":\"Sare Herritarra\",\"description\":\"KONPONBIDEAREN ETA GIZA ESKUBIDEEN ALDEKO SARE HERRITARRA\",\"publisher\":{\"@id\":\"https:\/\/sare.eus\/#organization\"},\"potentialAction\":[{\"@type\":\"SearchAction\",\"target\":{\"@type\":\"EntryPoint\",\"urlTemplate\":\"https:\/\/sare.eus\/?s={search_term_string}\"},\"query-input\":{\"@type\":\"PropertyValueSpecification\",\"valueRequired\":true,\"valueName\":\"search_term_string\"}}],\"inLanguage\":\"es\"},{\"@type\":\"Organization\",\"@id\":\"https:\/\/sare.eus\/#organization\",\"name\":\"Sare Herritarra\",\"url\":\"https:\/\/sare.eus\/\",\"logo\":{\"@type\":\"ImageObject\",\"inLanguage\":\"es\",\"@id\":\"https:\/\/sare.eus\/#\/schema\/logo\/image\/\",\"url\":\"https:\/\/sare.eus\/wp-content\/uploads\/2021\/08\/sare.png\",\"contentUrl\":\"https:\/\/sare.eus\/wp-content\/uploads\/2021\/08\/sare.png\",\"width\":120,\"height\":142,\"caption\":\"Sare Herritarra\"},\"image\":{\"@id\":\"https:\/\/sare.eus\/#\/schema\/logo\/image\/\"}},{\"@type\":\"Person\",\"@id\":\"https:\/\/sare.eus\/#\/schema\/person\/2fe6d0df294f56313d3ab236dbe38e17\",\"name\":\"sare\",\"image\":{\"@type\":\"ImageObject\",\"inLanguage\":\"es\",\"@id\":\"https:\/\/sare.eus\/#\/schema\/person\/image\/\",\"url\":\"https:\/\/secure.gravatar.com\/avatar\/77cad838677ceb1977e7b3c878b55eaa7fa4aae2158983063b047c3ad7ef2c25?s=96&d=mm&r=g\",\"contentUrl\":\"https:\/\/secure.gravatar.com\/avatar\/77cad838677ceb1977e7b3c878b55eaa7fa4aae2158983063b047c3ad7ef2c25?s=96&d=mm&r=g\",\"caption\":\"sare\"},\"url\":\"https:\/\/sare.eus\/es\/author\/sare\/\"}]}<\/script>\n<!-- \/ Yoast SEO plugin. -->","yoast_head_json":{"title":"NOTA DE LA RED CIUDADANA SARE - Sare Herritarra","robots":{"index":"index","follow":"follow","max-snippet":"max-snippet:-1","max-image-preview":"max-image-preview:large","max-video-preview":"max-video-preview:-1"},"canonical":"https:\/\/sare.eus\/es\/nota-de-la-red-ciudadana-sare\/","og_locale":"es_ES","og_type":"article","og_title":"NOTA DE LA RED CIUDADANA SARE - Sare Herritarra","og_description":"Sare herritarra quiere trasladar a la opini\u00f3n p\u00fablica en general y muy en particular a aquellas personas que han podido verse directamente afectadas, que en ning\u00fan momento ha organizado ninguna [&hellip;]","og_url":"https:\/\/sare.eus\/es\/nota-de-la-red-ciudadana-sare\/","og_site_name":"Sare Herritarra","article_published_time":"2021-12-28T11:32:08+00:00","article_modified_time":"2021-12-28T11:35:40+00:00","og_image":[{"width":2195,"height":1132,"url":"https:\/\/sare.eus\/wp-content\/uploads\/2021\/11\/SARE-HERRITARRA-OHARRA-NOTA-01-scaled-e1638213762864.jpg","type":"image\/jpeg"}],"author":"sare","twitter_card":"summary_large_image","twitter_misc":{"Escrito por":"sare","Tiempo de lectura":"2 minutos"},"schema":{"@context":"https:\/\/schema.org","@graph":[{"@type":"Article","@id":"https:\/\/sare.eus\/es\/nota-de-la-red-ciudadana-sare\/#article","isPartOf":{"@id":"https:\/\/sare.eus\/es\/nota-de-la-red-ciudadana-sare\/"},"author":{"name":"sare","@id":"https:\/\/sare.eus\/#\/schema\/person\/2fe6d0df294f56313d3ab236dbe38e17"},"headline":"NOTA DE LA RED CIUDADANA SARE","datePublished":"2021-12-28T11:32:08+00:00","dateModified":"2021-12-28T11:35:40+00:00","mainEntityOfPage":{"@id":"https:\/\/sare.eus\/es\/nota-de-la-red-ciudadana-sare\/"},"wordCount":284,"publisher":{"@id":"https:\/\/sare.eus\/#organization"},"image":{"@id":"https:\/\/sare.eus\/es\/nota-de-la-red-ciudadana-sare\/#primaryimage"},"thumbnailUrl":"https:\/\/sare.eus\/wp-content\/uploads\/2021\/11\/SARE-HERRITARRA-OHARRA-NOTA-01-scaled-e1638213762864.jpg","articleSection":["Leyes de Excepci\u00f3n"],"inLanguage":"es"},{"@type":"WebPage","@id":"https:\/\/sare.eus\/es\/nota-de-la-red-ciudadana-sare\/","url":"https:\/\/sare.eus\/es\/nota-de-la-red-ciudadana-sare\/","name":"NOTA DE LA RED CIUDADANA SARE - Sare Herritarra","isPartOf":{"@id":"https:\/\/sare.eus\/#website"},"primaryImageOfPage":{"@id":"https:\/\/sare.eus\/es\/nota-de-la-red-ciudadana-sare\/#primaryimage"},"image":{"@id":"https:\/\/sare.eus\/es\/nota-de-la-red-ciudadana-sare\/#primaryimage"},"thumbnailUrl":"https:\/\/sare.eus\/wp-content\/uploads\/2021\/11\/SARE-HERRITARRA-OHARRA-NOTA-01-scaled-e1638213762864.jpg","datePublished":"2021-12-28T11:32:08+00:00","dateModified":"2021-12-28T11:35:40+00:00","breadcrumb":{"@id":"https:\/\/sare.eus\/es\/nota-de-la-red-ciudadana-sare\/#breadcrumb"},"inLanguage":"es","potentialAction":[{"@type":"ReadAction","target":["https:\/\/sare.eus\/es\/nota-de-la-red-ciudadana-sare\/"]}]},{"@type":"ImageObject","inLanguage":"es","@id":"https:\/\/sare.eus\/es\/nota-de-la-red-ciudadana-sare\/#primaryimage","url":"https:\/\/sare.eus\/wp-content\/uploads\/2021\/11\/SARE-HERRITARRA-OHARRA-NOTA-01-scaled-e1638213762864.jpg","contentUrl":"https:\/\/sare.eus\/wp-content\/uploads\/2021\/11\/SARE-HERRITARRA-OHARRA-NOTA-01-scaled-e1638213762864.jpg","width":2195,"height":1132},{"@type":"BreadcrumbList","@id":"https:\/\/sare.eus\/es\/nota-de-la-red-ciudadana-sare\/#breadcrumb","itemListElement":[{"@type":"ListItem","position":1,"name":"Home","item":"https:\/\/sare.eus\/"},{"@type":"ListItem","position":2,"name":"NOTA DE LA RED CIUDADANA SARE"}]},{"@type":"WebSite","@id":"https:\/\/sare.eus\/#website","url":"https:\/\/sare.eus\/","name":"Sare Herritarra","description":"KONPONBIDEAREN ETA GIZA ESKUBIDEEN ALDEKO SARE HERRITARRA","publisher":{"@id":"https:\/\/sare.eus\/#organization"},"potentialAction":[{"@type":"SearchAction","target":{"@type":"EntryPoint","urlTemplate":"https:\/\/sare.eus\/?s={search_term_string}"},"query-input":{"@type":"PropertyValueSpecification","valueRequired":true,"valueName":"search_term_string"}}],"inLanguage":"es"},{"@type":"Organization","@id":"https:\/\/sare.eus\/#organization","name":"Sare Herritarra","url":"https:\/\/sare.eus\/","logo":{"@type":"ImageObject","inLanguage":"es","@id":"https:\/\/sare.eus\/#\/schema\/logo\/image\/","url":"https:\/\/sare.eus\/wp-content\/uploads\/2021\/08\/sare.png","contentUrl":"https:\/\/sare.eus\/wp-content\/uploads\/2021\/08\/sare.png","width":120,"height":142,"caption":"Sare Herritarra"},"image":{"@id":"https:\/\/sare.eus\/#\/schema\/logo\/image\/"}},{"@type":"Person","@id":"https:\/\/sare.eus\/#\/schema\/person\/2fe6d0df294f56313d3ab236dbe38e17","name":"sare","image":{"@type":"ImageObject","inLanguage":"es","@id":"https:\/\/sare.eus\/#\/schema\/person\/image\/","url":"https:\/\/secure.gravatar.com\/avatar\/77cad838677ceb1977e7b3c878b55eaa7fa4aae2158983063b047c3ad7ef2c25?s=96&d=mm&r=g","contentUrl":"https:\/\/secure.gravatar.com\/avatar\/77cad838677ceb1977e7b3c878b55eaa7fa4aae2158983063b047c3ad7ef2c25?s=96&d=mm&r=g","caption":"sare"},"url":"https:\/\/sare.eus\/es\/author\/sare\/"}]}},"_links":{"self":[{"href":"https:\/\/sare.eus\/es\/wp-json\/wp\/v2\/posts\/2123","targetHints":{"allow":["GET"]}}],"collection":[{"href":"https:\/\/sare.eus\/es\/wp-json\/wp\/v2\/posts"}],"about":[{"href":"https:\/\/sare.eus\/es\/wp-json\/wp\/v2\/types\/post"}],"author":[{"embeddable":true,"href":"https:\/\/sare.eus\/es\/wp-json\/wp\/v2\/users\/2"}],"replies":[{"embeddable":true,"href":"https:\/\/sare.eus\/es\/wp-json\/wp\/v2\/comments?post=2123"}],"version-history":[{"count":3,"href":"https:\/\/sare.eus\/es\/wp-json\/wp\/v2\/posts\/2123\/revisions"}],"predecessor-version":[{"id":2126,"href":"https:\/\/sare.eus\/es\/wp-json\/wp\/v2\/posts\/2123\/revisions\/2126"}],"wp:featuredmedia":[{"embeddable":true,"href":"https:\/\/sare.eus\/es\/wp-json\/wp\/v2\/media\/1859"}],"wp:attachment":[{"href":"https:\/\/sare.eus\/es\/wp-json\/wp\/v2\/media?parent=2123"}],"wp:term":[{"taxonomy":"category","embeddable":true,"href":"https:\/\/sare.eus\/es\/wp-json\/wp\/v2\/categories?post=2123"},{"taxonomy":"post_tag","embeddable":true,"href":"https:\/\/sare.eus\/es\/wp-json\/wp\/v2\/tags?post=2123"}],"curies":[{"name":"wp","href":"https:\/\/api.w.org\/{rel}","templated":true}]}}