{"id":2075,"date":"2021-12-22T10:37:32","date_gmt":"2021-12-22T10:37:32","guid":{"rendered":"https:\/\/sare.eus\/oharra-nafarroa-bidean-abenduak-31-irunera-eta-urtarrilaren-8an-bilbora\/"},"modified":"2021-12-22T10:52:11","modified_gmt":"2021-12-22T10:52:11","slug":"nota-nafarroa-haciendo-el-camino-31-de-diciembre-en-irunea-y-8-de-enero-a-bilbo","status":"publish","type":"post","link":"https:\/\/sare.eus\/es\/nota-nafarroa-haciendo-el-camino-31-de-diciembre-en-irunea-y-8-de-enero-a-bilbo\/","title":{"rendered":"NOTA Nafarroa haciendo el camino, 31 de diciembre en Iru\u00f1ea y 8 de enero a Bilbo."},"content":{"rendered":"\n<figure class=\"wp-block-embed is-type-video is-provider-youtube wp-block-embed-youtube wp-embed-aspect-16-9 wp-has-aspect-ratio\"><div class=\"wp-block-embed__wrapper\">\n<iframe loading=\"lazy\" title=\"Nafarroa bidean Abenduak 31 Iru\u00f1era eta Urtarrilaren 8an Bilbora.\" width=\"1080\" height=\"608\" src=\"https:\/\/www.youtube.com\/embed\/tkk1FGHcVyI?feature=oembed\" frameborder=\"0\" allow=\"accelerometer; autoplay; clipboard-write; encrypted-media; gyroscope; picture-in-picture\" allowfullscreen><\/iframe>\n<\/div><\/figure>\n\n\n<p>Como cada a\u00f1o, en v\u00edspera de la movilizaci\u00f3n del 8 de enero en Bilbao y en el contexto de las navidades, hemos convocado movilizaci\u00f3n en en Nafarroa el 31 de diciembre en Iru\u00f1ea.\u00a0<\/p>\n<p>Esta movilizaci\u00f3n tienen un mensaje claro \u201cUrte berriari? etxerako bidea\u201d; es decir, \u00bfQu\u00e9 le pedimos al nuevo a\u00f1o? Pues la reivindicaci\u00f3n del acercamiento de todos y todas las presas vascas a Euskal Herria y la aplicaci\u00f3n de la progresi\u00f3n de grado, base fundamental para la reintegraci\u00f3n en la vida social de toda persona presa.<\/p>\n<p><img loading=\"lazy\" decoding=\"async\" class=\"alignleft wp-image-2073 size-medium\" src=\"https:\/\/sare.eus\/wp-content\/uploads\/2021\/12\/Abenduak-31-Iruneko-EkitaldiaDENAK_Mesa-de-trabajo-1-212x300.jpg\" alt=\"\" width=\"212\" height=\"300\" srcset=\"https:\/\/sare.eus\/wp-content\/uploads\/2021\/12\/Abenduak-31-Iruneko-EkitaldiaDENAK_Mesa-de-trabajo-1-212x300.jpg 212w, https:\/\/sare.eus\/wp-content\/uploads\/2021\/12\/Abenduak-31-Iruneko-EkitaldiaDENAK_Mesa-de-trabajo-1-724x1024.jpg 724w, https:\/\/sare.eus\/wp-content\/uploads\/2021\/12\/Abenduak-31-Iruneko-EkitaldiaDENAK_Mesa-de-trabajo-1-768x1086.jpg 768w, https:\/\/sare.eus\/wp-content\/uploads\/2021\/12\/Abenduak-31-Iruneko-EkitaldiaDENAK_Mesa-de-trabajo-1-1087x1536.jpg 1087w, https:\/\/sare.eus\/wp-content\/uploads\/2021\/12\/Abenduak-31-Iruneko-EkitaldiaDENAK_Mesa-de-trabajo-1-1080x1527.jpg 1080w, https:\/\/sare.eus\/wp-content\/uploads\/2021\/12\/Abenduak-31-Iruneko-EkitaldiaDENAK_Mesa-de-trabajo-1.jpg 1192w\" sizes=\"(max-width: 212px) 100vw, 212px\" \/>Porque, aunque, una y otra vez hemos valorado de manera positiva el cambio que se est\u00e1 dando en cuanto a la pol\u00edtica penitenciaria, a\u00fan hoy sigue en pie la pol\u00edtica de alejamiento con solo 77 presos de 196 en Euskal Herria. En cuanto a la progresi\u00f3n de grado, si bien pr\u00e1cticamente el total de los y las presas se encuentra en segundo grado penitenciario tras a\u00f1os en primer grado penitenciario, solo 9 han sido progresados a tercer grado.<\/p>\n<p>No queremos dejar de recordar que en este momento nos encontramos adem\u00e1s con una situaci\u00f3n de retroactividad en esa progresi\u00f3n de grado por imposici\u00f3n de la Audiencia Nacional que est\u00e1 echando atr\u00e1s las decisiones de las JJTT, lo que supone que personas que tiene permisos de salida o la libertad condicional tienen que volver a ingresar en prisi\u00f3n en segundo grado penitenciario. Un claro ejemplo de retroceso en este cambio de pol\u00edtica penitenciaria y un claro ejemplo de que a\u00fan nos encontramos con sectores que se niegan a avanzar y se sienten m\u00e1s c\u00f3modos en la situaci\u00f3n de confrontaci\u00f3n del pasado.<\/p>\n<p>Por todo ello, convocamos a movilizarse para estas navidades a todos y todas las ciudadanas que se suman a esta reivindicaci\u00f3n y quieren avanzar como sociedad y como pa\u00eds;<\/p>\n<p><strong>\u2022 31 de diciembre, en Iru\u00f1ea, a las 12.30 en la Plaza de los Ajos acto cultural y brindis de a\u00f1o nuevo.<\/strong><br \/><strong>Participan:<\/strong><br \/><strong>\u2022 AFU grupo musical con la canci\u00f3n \u00abIzadi Txikiak\u00bb<\/strong><br \/><strong>Sarai Robles \u00b7 Joanes Illarregi (bertsolaris)<\/strong><br \/><strong>Hutsun Txalaparta taldea<\/strong><br \/><strong>Intervenci\u00f3n de Etxerat y Sare<\/strong><br \/><strong>Brindis de a\u00f1o nuevo\u2026<\/strong><\/p>\n<p>Finalizaremos el a\u00f1o y comenzaremos el 2022 en la calle, pueblo a pueblo, ciudad a ciudad y con la multitudinaria manifestaci\u00f3n de Bilbao el 8 de enero. No puede demorarse durante m\u00e1s tiempo. El acercamiento de la totalidad de los y las presas vasca debe de efectuarse ya, sin m\u00e1s dilaci\u00f3n. D\u00e9mosle la bienvenida a este 2022 con el fin de esta vulneraci\u00f3n de derechos.<\/p>\n<p>\u00a0<\/p>","protected":false},"excerpt":{"rendered":"<p>Como cada a\u00f1o, en v\u00edspera de la movilizaci\u00f3n del 8 de enero en Bilbao y en el contexto de las navidades, hemos convocado movilizaci\u00f3n en en Nafarroa el 31 de [&hellip;]<\/p>\n","protected":false},"author":2,"featured_media":1859,"comment_status":"closed","ping_status":"closed","sticky":false,"template":"","format":"standard","meta":{"_acf_changed":false,"_et_pb_use_builder":"off","_et_pb_old_content":"","_et_gb_content_width":"","footnotes":""},"categories":[66],"tags":[],"class_list":["post-2075","post","type-post","status-publish","format-standard","has-post-thumbnail","hentry","category-pueblos","et-has-post-format-content","et_post_format-et-post-format-standard"],"acf":[],"yoast_head":"<!-- This site is optimized with the Yoast SEO plugin v26.4 - https:\/\/yoast.com\/wordpress\/plugins\/seo\/ -->\n<title>NOTA Nafarroa haciendo el camino, 31 de diciembre en Iru\u00f1ea y 8 de enero a Bilbo. - Sare Herritarra<\/title>\n<meta name=\"robots\" content=\"index, follow, max-snippet:-1, max-image-preview:large, max-video-preview:-1\" \/>\n<link rel=\"canonical\" href=\"https:\/\/sare.eus\/es\/nota-nafarroa-haciendo-el-camino-31-de-diciembre-en-irunea-y-8-de-enero-a-bilbo\/\" \/>\n<meta property=\"og:locale\" content=\"es_ES\" \/>\n<meta property=\"og:type\" content=\"article\" \/>\n<meta property=\"og:title\" content=\"NOTA Nafarroa haciendo el camino, 31 de diciembre en Iru\u00f1ea y 8 de enero a Bilbo. - Sare Herritarra\" \/>\n<meta property=\"og:description\" content=\"Como cada a\u00f1o, en v\u00edspera de la movilizaci\u00f3n del 8 de enero en Bilbao y en el contexto de las navidades, hemos convocado movilizaci\u00f3n en en Nafarroa el 31 de [&hellip;]\" \/>\n<meta property=\"og:url\" content=\"https:\/\/sare.eus\/es\/nota-nafarroa-haciendo-el-camino-31-de-diciembre-en-irunea-y-8-de-enero-a-bilbo\/\" \/>\n<meta property=\"og:site_name\" content=\"Sare Herritarra\" \/>\n<meta property=\"article:published_time\" content=\"2021-12-22T10:37:32+00:00\" \/>\n<meta property=\"article:modified_time\" content=\"2021-12-22T10:52:11+00:00\" \/>\n<meta property=\"og:image\" content=\"https:\/\/sare.eus\/wp-content\/uploads\/2021\/11\/SARE-HERRITARRA-OHARRA-NOTA-01-scaled-e1638213762864.jpg\" \/>\n\t<meta property=\"og:image:width\" content=\"2195\" \/>\n\t<meta property=\"og:image:height\" content=\"1132\" \/>\n\t<meta property=\"og:image:type\" content=\"image\/jpeg\" \/>\n<meta name=\"author\" content=\"sare\" \/>\n<meta name=\"twitter:card\" content=\"summary_large_image\" \/>\n<meta name=\"twitter:label1\" content=\"Escrito por\" \/>\n\t<meta name=\"twitter:data1\" content=\"sare\" \/>\n\t<meta name=\"twitter:label2\" content=\"Tiempo de lectura\" \/>\n\t<meta name=\"twitter:data2\" content=\"2 minutos\" \/>\n<script type=\"application\/ld+json\" class=\"yoast-schema-graph\">{\"@context\":\"https:\/\/schema.org\",\"@graph\":[{\"@type\":\"Article\",\"@id\":\"https:\/\/sare.eus\/es\/nota-nafarroa-haciendo-el-camino-31-de-diciembre-en-irunea-y-8-de-enero-a-bilbo\/#article\",\"isPartOf\":{\"@id\":\"https:\/\/sare.eus\/es\/nota-nafarroa-haciendo-el-camino-31-de-diciembre-en-irunea-y-8-de-enero-a-bilbo\/\"},\"author\":{\"name\":\"sare\",\"@id\":\"https:\/\/sare.eus\/#\/schema\/person\/2fe6d0df294f56313d3ab236dbe38e17\"},\"headline\":\"NOTA Nafarroa haciendo el camino, 31 de diciembre en Iru\u00f1ea y 8 de enero a Bilbo.\",\"datePublished\":\"2021-12-22T10:37:32+00:00\",\"dateModified\":\"2021-12-22T10:52:11+00:00\",\"mainEntityOfPage\":{\"@id\":\"https:\/\/sare.eus\/es\/nota-nafarroa-haciendo-el-camino-31-de-diciembre-en-irunea-y-8-de-enero-a-bilbo\/\"},\"wordCount\":460,\"publisher\":{\"@id\":\"https:\/\/sare.eus\/#organization\"},\"image\":{\"@id\":\"https:\/\/sare.eus\/es\/nota-nafarroa-haciendo-el-camino-31-de-diciembre-en-irunea-y-8-de-enero-a-bilbo\/#primaryimage\"},\"thumbnailUrl\":\"https:\/\/sare.eus\/wp-content\/uploads\/2021\/11\/SARE-HERRITARRA-OHARRA-NOTA-01-scaled-e1638213762864.jpg\",\"articleSection\":[\"Pueblos\"],\"inLanguage\":\"es\"},{\"@type\":\"WebPage\",\"@id\":\"https:\/\/sare.eus\/es\/nota-nafarroa-haciendo-el-camino-31-de-diciembre-en-irunea-y-8-de-enero-a-bilbo\/\",\"url\":\"https:\/\/sare.eus\/es\/nota-nafarroa-haciendo-el-camino-31-de-diciembre-en-irunea-y-8-de-enero-a-bilbo\/\",\"name\":\"NOTA Nafarroa haciendo el camino, 31 de diciembre en Iru\u00f1ea y 8 de enero a Bilbo. - Sare Herritarra\",\"isPartOf\":{\"@id\":\"https:\/\/sare.eus\/#website\"},\"primaryImageOfPage\":{\"@id\":\"https:\/\/sare.eus\/es\/nota-nafarroa-haciendo-el-camino-31-de-diciembre-en-irunea-y-8-de-enero-a-bilbo\/#primaryimage\"},\"image\":{\"@id\":\"https:\/\/sare.eus\/es\/nota-nafarroa-haciendo-el-camino-31-de-diciembre-en-irunea-y-8-de-enero-a-bilbo\/#primaryimage\"},\"thumbnailUrl\":\"https:\/\/sare.eus\/wp-content\/uploads\/2021\/11\/SARE-HERRITARRA-OHARRA-NOTA-01-scaled-e1638213762864.jpg\",\"datePublished\":\"2021-12-22T10:37:32+00:00\",\"dateModified\":\"2021-12-22T10:52:11+00:00\",\"breadcrumb\":{\"@id\":\"https:\/\/sare.eus\/es\/nota-nafarroa-haciendo-el-camino-31-de-diciembre-en-irunea-y-8-de-enero-a-bilbo\/#breadcrumb\"},\"inLanguage\":\"es\",\"potentialAction\":[{\"@type\":\"ReadAction\",\"target\":[\"https:\/\/sare.eus\/es\/nota-nafarroa-haciendo-el-camino-31-de-diciembre-en-irunea-y-8-de-enero-a-bilbo\/\"]}]},{\"@type\":\"ImageObject\",\"inLanguage\":\"es\",\"@id\":\"https:\/\/sare.eus\/es\/nota-nafarroa-haciendo-el-camino-31-de-diciembre-en-irunea-y-8-de-enero-a-bilbo\/#primaryimage\",\"url\":\"https:\/\/sare.eus\/wp-content\/uploads\/2021\/11\/SARE-HERRITARRA-OHARRA-NOTA-01-scaled-e1638213762864.jpg\",\"contentUrl\":\"https:\/\/sare.eus\/wp-content\/uploads\/2021\/11\/SARE-HERRITARRA-OHARRA-NOTA-01-scaled-e1638213762864.jpg\",\"width\":2195,\"height\":1132},{\"@type\":\"BreadcrumbList\",\"@id\":\"https:\/\/sare.eus\/es\/nota-nafarroa-haciendo-el-camino-31-de-diciembre-en-irunea-y-8-de-enero-a-bilbo\/#breadcrumb\",\"itemListElement\":[{\"@type\":\"ListItem\",\"position\":1,\"name\":\"Home\",\"item\":\"https:\/\/sare.eus\/\"},{\"@type\":\"ListItem\",\"position\":2,\"name\":\"NOTA Nafarroa haciendo el camino, 31 de diciembre en Iru\u00f1ea y 8 de enero a Bilbo.\"}]},{\"@type\":\"WebSite\",\"@id\":\"https:\/\/sare.eus\/#website\",\"url\":\"https:\/\/sare.eus\/\",\"name\":\"Sare Herritarra\",\"description\":\"KONPONBIDEAREN ETA GIZA ESKUBIDEEN ALDEKO SARE HERRITARRA\",\"publisher\":{\"@id\":\"https:\/\/sare.eus\/#organization\"},\"potentialAction\":[{\"@type\":\"SearchAction\",\"target\":{\"@type\":\"EntryPoint\",\"urlTemplate\":\"https:\/\/sare.eus\/?s={search_term_string}\"},\"query-input\":{\"@type\":\"PropertyValueSpecification\",\"valueRequired\":true,\"valueName\":\"search_term_string\"}}],\"inLanguage\":\"es\"},{\"@type\":\"Organization\",\"@id\":\"https:\/\/sare.eus\/#organization\",\"name\":\"Sare Herritarra\",\"url\":\"https:\/\/sare.eus\/\",\"logo\":{\"@type\":\"ImageObject\",\"inLanguage\":\"es\",\"@id\":\"https:\/\/sare.eus\/#\/schema\/logo\/image\/\",\"url\":\"https:\/\/sare.eus\/wp-content\/uploads\/2021\/08\/sare.png\",\"contentUrl\":\"https:\/\/sare.eus\/wp-content\/uploads\/2021\/08\/sare.png\",\"width\":120,\"height\":142,\"caption\":\"Sare Herritarra\"},\"image\":{\"@id\":\"https:\/\/sare.eus\/#\/schema\/logo\/image\/\"}},{\"@type\":\"Person\",\"@id\":\"https:\/\/sare.eus\/#\/schema\/person\/2fe6d0df294f56313d3ab236dbe38e17\",\"name\":\"sare\",\"image\":{\"@type\":\"ImageObject\",\"inLanguage\":\"es\",\"@id\":\"https:\/\/sare.eus\/#\/schema\/person\/image\/\",\"url\":\"https:\/\/secure.gravatar.com\/avatar\/77cad838677ceb1977e7b3c878b55eaa7fa4aae2158983063b047c3ad7ef2c25?s=96&d=mm&r=g\",\"contentUrl\":\"https:\/\/secure.gravatar.com\/avatar\/77cad838677ceb1977e7b3c878b55eaa7fa4aae2158983063b047c3ad7ef2c25?s=96&d=mm&r=g\",\"caption\":\"sare\"},\"url\":\"https:\/\/sare.eus\/es\/author\/sare\/\"}]}<\/script>\n<!-- \/ Yoast SEO plugin. -->","yoast_head_json":{"title":"NOTA Nafarroa haciendo el camino, 31 de diciembre en Iru\u00f1ea y 8 de enero a Bilbo. - Sare Herritarra","robots":{"index":"index","follow":"follow","max-snippet":"max-snippet:-1","max-image-preview":"max-image-preview:large","max-video-preview":"max-video-preview:-1"},"canonical":"https:\/\/sare.eus\/es\/nota-nafarroa-haciendo-el-camino-31-de-diciembre-en-irunea-y-8-de-enero-a-bilbo\/","og_locale":"es_ES","og_type":"article","og_title":"NOTA Nafarroa haciendo el camino, 31 de diciembre en Iru\u00f1ea y 8 de enero a Bilbo. - Sare Herritarra","og_description":"Como cada a\u00f1o, en v\u00edspera de la movilizaci\u00f3n del 8 de enero en Bilbao y en el contexto de las navidades, hemos convocado movilizaci\u00f3n en en Nafarroa el 31 de [&hellip;]","og_url":"https:\/\/sare.eus\/es\/nota-nafarroa-haciendo-el-camino-31-de-diciembre-en-irunea-y-8-de-enero-a-bilbo\/","og_site_name":"Sare Herritarra","article_published_time":"2021-12-22T10:37:32+00:00","article_modified_time":"2021-12-22T10:52:11+00:00","og_image":[{"width":2195,"height":1132,"url":"https:\/\/sare.eus\/wp-content\/uploads\/2021\/11\/SARE-HERRITARRA-OHARRA-NOTA-01-scaled-e1638213762864.jpg","type":"image\/jpeg"}],"author":"sare","twitter_card":"summary_large_image","twitter_misc":{"Escrito por":"sare","Tiempo de lectura":"2 minutos"},"schema":{"@context":"https:\/\/schema.org","@graph":[{"@type":"Article","@id":"https:\/\/sare.eus\/es\/nota-nafarroa-haciendo-el-camino-31-de-diciembre-en-irunea-y-8-de-enero-a-bilbo\/#article","isPartOf":{"@id":"https:\/\/sare.eus\/es\/nota-nafarroa-haciendo-el-camino-31-de-diciembre-en-irunea-y-8-de-enero-a-bilbo\/"},"author":{"name":"sare","@id":"https:\/\/sare.eus\/#\/schema\/person\/2fe6d0df294f56313d3ab236dbe38e17"},"headline":"NOTA Nafarroa haciendo el camino, 31 de diciembre en Iru\u00f1ea y 8 de enero a Bilbo.","datePublished":"2021-12-22T10:37:32+00:00","dateModified":"2021-12-22T10:52:11+00:00","mainEntityOfPage":{"@id":"https:\/\/sare.eus\/es\/nota-nafarroa-haciendo-el-camino-31-de-diciembre-en-irunea-y-8-de-enero-a-bilbo\/"},"wordCount":460,"publisher":{"@id":"https:\/\/sare.eus\/#organization"},"image":{"@id":"https:\/\/sare.eus\/es\/nota-nafarroa-haciendo-el-camino-31-de-diciembre-en-irunea-y-8-de-enero-a-bilbo\/#primaryimage"},"thumbnailUrl":"https:\/\/sare.eus\/wp-content\/uploads\/2021\/11\/SARE-HERRITARRA-OHARRA-NOTA-01-scaled-e1638213762864.jpg","articleSection":["Pueblos"],"inLanguage":"es"},{"@type":"WebPage","@id":"https:\/\/sare.eus\/es\/nota-nafarroa-haciendo-el-camino-31-de-diciembre-en-irunea-y-8-de-enero-a-bilbo\/","url":"https:\/\/sare.eus\/es\/nota-nafarroa-haciendo-el-camino-31-de-diciembre-en-irunea-y-8-de-enero-a-bilbo\/","name":"NOTA Nafarroa haciendo el camino, 31 de diciembre en Iru\u00f1ea y 8 de enero a Bilbo. - Sare Herritarra","isPartOf":{"@id":"https:\/\/sare.eus\/#website"},"primaryImageOfPage":{"@id":"https:\/\/sare.eus\/es\/nota-nafarroa-haciendo-el-camino-31-de-diciembre-en-irunea-y-8-de-enero-a-bilbo\/#primaryimage"},"image":{"@id":"https:\/\/sare.eus\/es\/nota-nafarroa-haciendo-el-camino-31-de-diciembre-en-irunea-y-8-de-enero-a-bilbo\/#primaryimage"},"thumbnailUrl":"https:\/\/sare.eus\/wp-content\/uploads\/2021\/11\/SARE-HERRITARRA-OHARRA-NOTA-01-scaled-e1638213762864.jpg","datePublished":"2021-12-22T10:37:32+00:00","dateModified":"2021-12-22T10:52:11+00:00","breadcrumb":{"@id":"https:\/\/sare.eus\/es\/nota-nafarroa-haciendo-el-camino-31-de-diciembre-en-irunea-y-8-de-enero-a-bilbo\/#breadcrumb"},"inLanguage":"es","potentialAction":[{"@type":"ReadAction","target":["https:\/\/sare.eus\/es\/nota-nafarroa-haciendo-el-camino-31-de-diciembre-en-irunea-y-8-de-enero-a-bilbo\/"]}]},{"@type":"ImageObject","inLanguage":"es","@id":"https:\/\/sare.eus\/es\/nota-nafarroa-haciendo-el-camino-31-de-diciembre-en-irunea-y-8-de-enero-a-bilbo\/#primaryimage","url":"https:\/\/sare.eus\/wp-content\/uploads\/2021\/11\/SARE-HERRITARRA-OHARRA-NOTA-01-scaled-e1638213762864.jpg","contentUrl":"https:\/\/sare.eus\/wp-content\/uploads\/2021\/11\/SARE-HERRITARRA-OHARRA-NOTA-01-scaled-e1638213762864.jpg","width":2195,"height":1132},{"@type":"BreadcrumbList","@id":"https:\/\/sare.eus\/es\/nota-nafarroa-haciendo-el-camino-31-de-diciembre-en-irunea-y-8-de-enero-a-bilbo\/#breadcrumb","itemListElement":[{"@type":"ListItem","position":1,"name":"Home","item":"https:\/\/sare.eus\/"},{"@type":"ListItem","position":2,"name":"NOTA Nafarroa haciendo el camino, 31 de diciembre en Iru\u00f1ea y 8 de enero a Bilbo."}]},{"@type":"WebSite","@id":"https:\/\/sare.eus\/#website","url":"https:\/\/sare.eus\/","name":"Sare Herritarra","description":"KONPONBIDEAREN ETA GIZA ESKUBIDEEN ALDEKO SARE HERRITARRA","publisher":{"@id":"https:\/\/sare.eus\/#organization"},"potentialAction":[{"@type":"SearchAction","target":{"@type":"EntryPoint","urlTemplate":"https:\/\/sare.eus\/?s={search_term_string}"},"query-input":{"@type":"PropertyValueSpecification","valueRequired":true,"valueName":"search_term_string"}}],"inLanguage":"es"},{"@type":"Organization","@id":"https:\/\/sare.eus\/#organization","name":"Sare Herritarra","url":"https:\/\/sare.eus\/","logo":{"@type":"ImageObject","inLanguage":"es","@id":"https:\/\/sare.eus\/#\/schema\/logo\/image\/","url":"https:\/\/sare.eus\/wp-content\/uploads\/2021\/08\/sare.png","contentUrl":"https:\/\/sare.eus\/wp-content\/uploads\/2021\/08\/sare.png","width":120,"height":142,"caption":"Sare Herritarra"},"image":{"@id":"https:\/\/sare.eus\/#\/schema\/logo\/image\/"}},{"@type":"Person","@id":"https:\/\/sare.eus\/#\/schema\/person\/2fe6d0df294f56313d3ab236dbe38e17","name":"sare","image":{"@type":"ImageObject","inLanguage":"es","@id":"https:\/\/sare.eus\/#\/schema\/person\/image\/","url":"https:\/\/secure.gravatar.com\/avatar\/77cad838677ceb1977e7b3c878b55eaa7fa4aae2158983063b047c3ad7ef2c25?s=96&d=mm&r=g","contentUrl":"https:\/\/secure.gravatar.com\/avatar\/77cad838677ceb1977e7b3c878b55eaa7fa4aae2158983063b047c3ad7ef2c25?s=96&d=mm&r=g","caption":"sare"},"url":"https:\/\/sare.eus\/es\/author\/sare\/"}]}},"_links":{"self":[{"href":"https:\/\/sare.eus\/es\/wp-json\/wp\/v2\/posts\/2075","targetHints":{"allow":["GET"]}}],"collection":[{"href":"https:\/\/sare.eus\/es\/wp-json\/wp\/v2\/posts"}],"about":[{"href":"https:\/\/sare.eus\/es\/wp-json\/wp\/v2\/types\/post"}],"author":[{"embeddable":true,"href":"https:\/\/sare.eus\/es\/wp-json\/wp\/v2\/users\/2"}],"replies":[{"embeddable":true,"href":"https:\/\/sare.eus\/es\/wp-json\/wp\/v2\/comments?post=2075"}],"version-history":[{"count":6,"href":"https:\/\/sare.eus\/es\/wp-json\/wp\/v2\/posts\/2075\/revisions"}],"predecessor-version":[{"id":2082,"href":"https:\/\/sare.eus\/es\/wp-json\/wp\/v2\/posts\/2075\/revisions\/2082"}],"wp:featuredmedia":[{"embeddable":true,"href":"https:\/\/sare.eus\/es\/wp-json\/wp\/v2\/media\/1859"}],"wp:attachment":[{"href":"https:\/\/sare.eus\/es\/wp-json\/wp\/v2\/media?parent=2075"}],"wp:term":[{"taxonomy":"category","embeddable":true,"href":"https:\/\/sare.eus\/es\/wp-json\/wp\/v2\/categories?post=2075"},{"taxonomy":"post_tag","embeddable":true,"href":"https:\/\/sare.eus\/es\/wp-json\/wp\/v2\/tags?post=2075"}],"curies":[{"name":"wp","href":"https:\/\/api.w.org\/{rel}","templated":true}]}}