{"id":2067,"date":"2021-12-20T11:14:35","date_gmt":"2021-12-20T11:14:35","guid":{"rendered":"https:\/\/sare.eus\/antton-troitino-donostiako-euskal-preso-ohiaren-heriotzaren-aurrean-etxerat-eta-sareren-agerraldia\/"},"modified":"2021-12-20T11:19:22","modified_gmt":"2021-12-20T11:19:22","slug":"antton-troitino-donostiako-euskal-preso-ohiaren-heriotzaren-aurrean-etxerat-eta-sareren-agerraldia","status":"publish","type":"post","link":"https:\/\/sare.eus\/es\/antton-troitino-donostiako-euskal-preso-ohiaren-heriotzaren-aurrean-etxerat-eta-sareren-agerraldia\/","title":{"rendered":"COMPARECENCIA DE ETXERAT Y SARE ANTE LA MUERTE DEL EX PRESO VASCO DE DONOSTIA ANTTON TROITI\u00d1O"},"content":{"rendered":"<p>Ante la muerte del ex-preso donostiarra Antton Troiti\u00f1o como consecuencia de la grave enfermedad que padec\u00eda. Sare y Etxerat quiere trasladar en estos momentos un fuerte abrazo a sus familiares y allegados.<\/p>\n<p>Tan solo han transcurrido diez meses desde que Antton saliera en libertad condicional, concretamente fue el pasado 5 de febrero de 2021 cuando dej\u00f3 atr\u00e1s la prisi\u00f3n de Estremera, en Madrid. Diez d\u00edas antes, hab\u00eda comunicado a su abogada su decisi\u00f3n de dejar de recibir el tratamiento de quimioterapia que se le ven\u00eda administrando de forma paliativa, ya que le resultaba inviable poder seguir haci\u00e9ndolo, tanto a nivel an\u00edmico, como f\u00edsico, dadas las adversas condiciones que para ello entra\u00f1a el encarcelamiento.<\/p>\n<p>Pese a su deterioro f\u00edsico, como en otros casos de presos vascos con enfermedades agravadas por la desasistencia y las condiciones adversas en prisi\u00f3n, la decisi\u00f3n de dejar a Antton Troiti\u00f1o en libertad condicional se demor\u00f3 hasta que la situaci\u00f3n fue ya irreversible, con el plus de sufrimiento y desesperaci\u00f3n que acompa\u00f1\u00f3 a Antton Troiti\u00f1o todo aquel tiempo. V\u00edctima del laberinto de la Audiencia Nacional espa\u00f1ola, la administraci\u00f3n agot\u00f3 los plazos hasta que se declarase la firmeza de los autos dictados, antes de permitirle abandonar la prisi\u00f3n.<\/p>\n<p><img loading=\"lazy\" decoding=\"async\" class=\"alignleft wp-image-2063 size-medium\" src=\"https:\/\/sare.eus\/wp-content\/uploads\/2021\/12\/ab-20-anttton-212x300.jpeg\" alt=\"\" width=\"212\" height=\"300\" srcset=\"https:\/\/sare.eus\/wp-content\/uploads\/2021\/12\/ab-20-anttton-212x300.jpeg 212w, https:\/\/sare.eus\/wp-content\/uploads\/2021\/12\/ab-20-anttton-723x1024.jpeg 723w, https:\/\/sare.eus\/wp-content\/uploads\/2021\/12\/ab-20-anttton-768x1087.jpeg 768w, https:\/\/sare.eus\/wp-content\/uploads\/2021\/12\/ab-20-anttton.jpeg 904w\" sizes=\"(max-width: 212px) 100vw, 212px\" \/>Queremos recordar que recientemente, hace poco m\u00e1s de un a\u00f1o, en octubre de 2020, falleci\u00f3 el preso de Durango Asier Aginako Etxenagusia, cuya suspensi\u00f3n de condena con motivo de su enfermedad se dict\u00f3 en enero 2019. Tambi\u00e9n aquel mes de enero de 2019 y en octubre del mismo a\u00f1o murieron los presos alaveses Oier G\u00f3mez y Jos\u00e9 Angel Ochoa de Eribe, como consecuencia de las graves y prolongadas enfermedades que contrajeron en la c\u00e1rcel. En el caso de Ochoa de Eribe, hab\u00eda sido excarcelado apenas cuatro meses ante de su fallecimiento.<\/p>\n<p>No nos cansamos de repetir que la c\u00e1rcel es el \u00faltimo lugar en el que alguien puede recuperarse, ser tratado adecuadamente y sanar su enfermedad, y en el caso de los presos y presas vascas, con el a\u00f1adido de las largas condenas y duras condiciones a\u00f1adidas que han sufrido. Resulta ya inasumible, por inhumano, que no se anteponga el estado de salud cr\u00edtico del preso, al laberinto jur\u00eddico que demora su estancia en prisi\u00f3n. Reivindicamos un sistema penitenciario que respete los derechos humanos. Quienes sufren graves enfermedades deben ser excarcelados sin mayor dilaci\u00f3n para ser atendidos cuanto antes, con dignidad y con el arrope de los suyos.<br \/>\nLa crueldad de la pol\u00edtica penitenciaria de excepci\u00f3n que se ha venido aplicando a presas y presos vascos se pone de relieve en el caso de Anton Troiti\u00f1o, as\u00ed como en la grav\u00edsima situaci\u00f3n de quienes sufren enfermedades graves e incurables. Son en la actualidad 20 los presos y presas con diferentes tipos de enfermedades graves que deben salir de prisi\u00f3n inmediatamente.<br \/>\nQueremos mirar adelante. Como familiares de los presos y presas vascas no podemos sino pedir que acabe una situaci\u00f3n en las c\u00e1rceles ligada a criterios de venganza que mantiene nuestro sufrimiento. Buena parte de los presos vascos cumplen las condiciones para salir en libertad. Respeten sus derechos y no obstaculicen m\u00e1s ese camino.<br \/>\n<strong>Etxean eta bizirik nahi ditugu!<\/strong><\/p>\n<p><strong>Movilizaciones:<\/strong><br \/>\nAyer, a convocatoria de Sare y Etxerat realizamos una concentraci\u00f3n en Intxaurrondo, en recuerdo a Antton.<br \/>\nAsimismo, hoy volmenos a convocar, en este caso <strong>una manifestaci\u00f3n a las 19:00 en el Bulebard de Donostia. Que Antton sea el \u00faltimo. Libertad inmediata para las y los presos gravemente enfermos.<\/strong><\/p>\n","protected":false},"excerpt":{"rendered":"<p>Ante la muerte del ex-preso donostiarra Antton Troiti\u00f1o como consecuencia de la grave enfermedad que padec\u00eda. Sare y Etxerat quiere trasladar en estos momentos un fuerte abrazo a sus familiares [&hellip;]<\/p>\n","protected":false},"author":2,"featured_media":2065,"comment_status":"closed","ping_status":"closed","sticky":false,"template":"","format":"standard","meta":{"_acf_changed":false,"_et_pb_use_builder":"off","_et_pb_old_content":"","_et_gb_content_width":"","footnotes":""},"categories":[64],"tags":[],"class_list":["post-2067","post","type-post","status-publish","format-standard","has-post-thumbnail","hentry","category-enfermos-graves","et-has-post-format-content","et_post_format-et-post-format-standard"],"acf":[],"yoast_head":"<!-- This site is optimized with the Yoast SEO plugin v26.4 - https:\/\/yoast.com\/wordpress\/plugins\/seo\/ -->\n<title>COMPARECENCIA DE ETXERAT Y SARE ANTE LA MUERTE DEL EX PRESO VASCO DE DONOSTIA ANTTON TROITI\u00d1O - Sare Herritarra<\/title>\n<meta name=\"robots\" content=\"index, follow, max-snippet:-1, max-image-preview:large, max-video-preview:-1\" \/>\n<link rel=\"canonical\" href=\"https:\/\/sare.eus\/es\/antton-troitino-donostiako-euskal-preso-ohiaren-heriotzaren-aurrean-etxerat-eta-sareren-agerraldia\/\" \/>\n<meta property=\"og:locale\" content=\"es_ES\" \/>\n<meta property=\"og:type\" content=\"article\" \/>\n<meta property=\"og:title\" content=\"COMPARECENCIA DE ETXERAT Y SARE ANTE LA MUERTE DEL EX PRESO VASCO DE DONOSTIA ANTTON TROITI\u00d1O - Sare Herritarra\" \/>\n<meta property=\"og:description\" content=\"Ante la muerte del ex-preso donostiarra Antton Troiti\u00f1o como consecuencia de la grave enfermedad que padec\u00eda. Sare y Etxerat quiere trasladar en estos momentos un fuerte abrazo a sus familiares [&hellip;]\" \/>\n<meta property=\"og:url\" content=\"https:\/\/sare.eus\/es\/antton-troitino-donostiako-euskal-preso-ohiaren-heriotzaren-aurrean-etxerat-eta-sareren-agerraldia\/\" \/>\n<meta property=\"og:site_name\" content=\"Sare Herritarra\" \/>\n<meta property=\"article:published_time\" content=\"2021-12-20T11:14:35+00:00\" \/>\n<meta property=\"article:modified_time\" content=\"2021-12-20T11:19:22+00:00\" \/>\n<meta property=\"og:image\" content=\"https:\/\/sare.eus\/wp-content\/uploads\/2021\/12\/agerraldfia-ab-20.jpeg\" \/>\n\t<meta property=\"og:image:width\" content=\"2048\" \/>\n\t<meta property=\"og:image:height\" content=\"1536\" \/>\n\t<meta property=\"og:image:type\" content=\"image\/jpeg\" \/>\n<meta name=\"author\" content=\"sare\" \/>\n<meta name=\"twitter:card\" content=\"summary_large_image\" \/>\n<meta name=\"twitter:label1\" content=\"Escrito por\" \/>\n\t<meta name=\"twitter:data1\" content=\"sare\" \/>\n\t<meta name=\"twitter:label2\" content=\"Tiempo de lectura\" \/>\n\t<meta name=\"twitter:data2\" content=\"3 minutos\" \/>\n<script type=\"application\/ld+json\" class=\"yoast-schema-graph\">{\"@context\":\"https:\/\/schema.org\",\"@graph\":[{\"@type\":\"Article\",\"@id\":\"https:\/\/sare.eus\/es\/antton-troitino-donostiako-euskal-preso-ohiaren-heriotzaren-aurrean-etxerat-eta-sareren-agerraldia\/#article\",\"isPartOf\":{\"@id\":\"https:\/\/sare.eus\/es\/antton-troitino-donostiako-euskal-preso-ohiaren-heriotzaren-aurrean-etxerat-eta-sareren-agerraldia\/\"},\"author\":{\"name\":\"sare\",\"@id\":\"https:\/\/sare.eus\/#\/schema\/person\/2fe6d0df294f56313d3ab236dbe38e17\"},\"headline\":\"COMPARECENCIA DE ETXERAT Y SARE ANTE LA MUERTE DEL EX PRESO VASCO DE DONOSTIA ANTTON TROITI\u00d1O\",\"datePublished\":\"2021-12-20T11:14:35+00:00\",\"dateModified\":\"2021-12-20T11:19:22+00:00\",\"mainEntityOfPage\":{\"@id\":\"https:\/\/sare.eus\/es\/antton-troitino-donostiako-euskal-preso-ohiaren-heriotzaren-aurrean-etxerat-eta-sareren-agerraldia\/\"},\"wordCount\":626,\"publisher\":{\"@id\":\"https:\/\/sare.eus\/#organization\"},\"image\":{\"@id\":\"https:\/\/sare.eus\/es\/antton-troitino-donostiako-euskal-preso-ohiaren-heriotzaren-aurrean-etxerat-eta-sareren-agerraldia\/#primaryimage\"},\"thumbnailUrl\":\"https:\/\/sare.eus\/wp-content\/uploads\/2021\/12\/agerraldfia-ab-20.jpeg\",\"articleSection\":[\"Enfermos Graves\"],\"inLanguage\":\"es\"},{\"@type\":\"WebPage\",\"@id\":\"https:\/\/sare.eus\/es\/antton-troitino-donostiako-euskal-preso-ohiaren-heriotzaren-aurrean-etxerat-eta-sareren-agerraldia\/\",\"url\":\"https:\/\/sare.eus\/es\/antton-troitino-donostiako-euskal-preso-ohiaren-heriotzaren-aurrean-etxerat-eta-sareren-agerraldia\/\",\"name\":\"COMPARECENCIA DE ETXERAT Y SARE ANTE LA MUERTE DEL EX PRESO VASCO DE DONOSTIA ANTTON TROITI\u00d1O - Sare Herritarra\",\"isPartOf\":{\"@id\":\"https:\/\/sare.eus\/#website\"},\"primaryImageOfPage\":{\"@id\":\"https:\/\/sare.eus\/es\/antton-troitino-donostiako-euskal-preso-ohiaren-heriotzaren-aurrean-etxerat-eta-sareren-agerraldia\/#primaryimage\"},\"image\":{\"@id\":\"https:\/\/sare.eus\/es\/antton-troitino-donostiako-euskal-preso-ohiaren-heriotzaren-aurrean-etxerat-eta-sareren-agerraldia\/#primaryimage\"},\"thumbnailUrl\":\"https:\/\/sare.eus\/wp-content\/uploads\/2021\/12\/agerraldfia-ab-20.jpeg\",\"datePublished\":\"2021-12-20T11:14:35+00:00\",\"dateModified\":\"2021-12-20T11:19:22+00:00\",\"breadcrumb\":{\"@id\":\"https:\/\/sare.eus\/es\/antton-troitino-donostiako-euskal-preso-ohiaren-heriotzaren-aurrean-etxerat-eta-sareren-agerraldia\/#breadcrumb\"},\"inLanguage\":\"es\",\"potentialAction\":[{\"@type\":\"ReadAction\",\"target\":[\"https:\/\/sare.eus\/es\/antton-troitino-donostiako-euskal-preso-ohiaren-heriotzaren-aurrean-etxerat-eta-sareren-agerraldia\/\"]}]},{\"@type\":\"ImageObject\",\"inLanguage\":\"es\",\"@id\":\"https:\/\/sare.eus\/es\/antton-troitino-donostiako-euskal-preso-ohiaren-heriotzaren-aurrean-etxerat-eta-sareren-agerraldia\/#primaryimage\",\"url\":\"https:\/\/sare.eus\/wp-content\/uploads\/2021\/12\/agerraldfia-ab-20.jpeg\",\"contentUrl\":\"https:\/\/sare.eus\/wp-content\/uploads\/2021\/12\/agerraldfia-ab-20.jpeg\",\"width\":2048,\"height\":1536},{\"@type\":\"BreadcrumbList\",\"@id\":\"https:\/\/sare.eus\/es\/antton-troitino-donostiako-euskal-preso-ohiaren-heriotzaren-aurrean-etxerat-eta-sareren-agerraldia\/#breadcrumb\",\"itemListElement\":[{\"@type\":\"ListItem\",\"position\":1,\"name\":\"Home\",\"item\":\"https:\/\/sare.eus\/\"},{\"@type\":\"ListItem\",\"position\":2,\"name\":\"COMPARECENCIA DE ETXERAT Y SARE ANTE LA MUERTE DEL EX PRESO VASCO DE DONOSTIA ANTTON TROITI\u00d1O\"}]},{\"@type\":\"WebSite\",\"@id\":\"https:\/\/sare.eus\/#website\",\"url\":\"https:\/\/sare.eus\/\",\"name\":\"Sare Herritarra\",\"description\":\"KONPONBIDEAREN ETA GIZA ESKUBIDEEN ALDEKO SARE HERRITARRA\",\"publisher\":{\"@id\":\"https:\/\/sare.eus\/#organization\"},\"potentialAction\":[{\"@type\":\"SearchAction\",\"target\":{\"@type\":\"EntryPoint\",\"urlTemplate\":\"https:\/\/sare.eus\/?s={search_term_string}\"},\"query-input\":{\"@type\":\"PropertyValueSpecification\",\"valueRequired\":true,\"valueName\":\"search_term_string\"}}],\"inLanguage\":\"es\"},{\"@type\":\"Organization\",\"@id\":\"https:\/\/sare.eus\/#organization\",\"name\":\"Sare Herritarra\",\"url\":\"https:\/\/sare.eus\/\",\"logo\":{\"@type\":\"ImageObject\",\"inLanguage\":\"es\",\"@id\":\"https:\/\/sare.eus\/#\/schema\/logo\/image\/\",\"url\":\"https:\/\/sare.eus\/wp-content\/uploads\/2021\/08\/sare.png\",\"contentUrl\":\"https:\/\/sare.eus\/wp-content\/uploads\/2021\/08\/sare.png\",\"width\":120,\"height\":142,\"caption\":\"Sare Herritarra\"},\"image\":{\"@id\":\"https:\/\/sare.eus\/#\/schema\/logo\/image\/\"}},{\"@type\":\"Person\",\"@id\":\"https:\/\/sare.eus\/#\/schema\/person\/2fe6d0df294f56313d3ab236dbe38e17\",\"name\":\"sare\",\"image\":{\"@type\":\"ImageObject\",\"inLanguage\":\"es\",\"@id\":\"https:\/\/sare.eus\/#\/schema\/person\/image\/\",\"url\":\"https:\/\/secure.gravatar.com\/avatar\/77cad838677ceb1977e7b3c878b55eaa7fa4aae2158983063b047c3ad7ef2c25?s=96&d=mm&r=g\",\"contentUrl\":\"https:\/\/secure.gravatar.com\/avatar\/77cad838677ceb1977e7b3c878b55eaa7fa4aae2158983063b047c3ad7ef2c25?s=96&d=mm&r=g\",\"caption\":\"sare\"},\"url\":\"https:\/\/sare.eus\/es\/author\/sare\/\"}]}<\/script>\n<!-- \/ Yoast SEO plugin. -->","yoast_head_json":{"title":"COMPARECENCIA DE ETXERAT Y SARE ANTE LA MUERTE DEL EX PRESO VASCO DE DONOSTIA ANTTON TROITI\u00d1O - Sare Herritarra","robots":{"index":"index","follow":"follow","max-snippet":"max-snippet:-1","max-image-preview":"max-image-preview:large","max-video-preview":"max-video-preview:-1"},"canonical":"https:\/\/sare.eus\/es\/antton-troitino-donostiako-euskal-preso-ohiaren-heriotzaren-aurrean-etxerat-eta-sareren-agerraldia\/","og_locale":"es_ES","og_type":"article","og_title":"COMPARECENCIA DE ETXERAT Y SARE ANTE LA MUERTE DEL EX PRESO VASCO DE DONOSTIA ANTTON TROITI\u00d1O - Sare Herritarra","og_description":"Ante la muerte del ex-preso donostiarra Antton Troiti\u00f1o como consecuencia de la grave enfermedad que padec\u00eda. Sare y Etxerat quiere trasladar en estos momentos un fuerte abrazo a sus familiares [&hellip;]","og_url":"https:\/\/sare.eus\/es\/antton-troitino-donostiako-euskal-preso-ohiaren-heriotzaren-aurrean-etxerat-eta-sareren-agerraldia\/","og_site_name":"Sare Herritarra","article_published_time":"2021-12-20T11:14:35+00:00","article_modified_time":"2021-12-20T11:19:22+00:00","og_image":[{"width":2048,"height":1536,"url":"https:\/\/sare.eus\/wp-content\/uploads\/2021\/12\/agerraldfia-ab-20.jpeg","type":"image\/jpeg"}],"author":"sare","twitter_card":"summary_large_image","twitter_misc":{"Escrito por":"sare","Tiempo de lectura":"3 minutos"},"schema":{"@context":"https:\/\/schema.org","@graph":[{"@type":"Article","@id":"https:\/\/sare.eus\/es\/antton-troitino-donostiako-euskal-preso-ohiaren-heriotzaren-aurrean-etxerat-eta-sareren-agerraldia\/#article","isPartOf":{"@id":"https:\/\/sare.eus\/es\/antton-troitino-donostiako-euskal-preso-ohiaren-heriotzaren-aurrean-etxerat-eta-sareren-agerraldia\/"},"author":{"name":"sare","@id":"https:\/\/sare.eus\/#\/schema\/person\/2fe6d0df294f56313d3ab236dbe38e17"},"headline":"COMPARECENCIA DE ETXERAT Y SARE ANTE LA MUERTE DEL EX PRESO VASCO DE DONOSTIA ANTTON TROITI\u00d1O","datePublished":"2021-12-20T11:14:35+00:00","dateModified":"2021-12-20T11:19:22+00:00","mainEntityOfPage":{"@id":"https:\/\/sare.eus\/es\/antton-troitino-donostiako-euskal-preso-ohiaren-heriotzaren-aurrean-etxerat-eta-sareren-agerraldia\/"},"wordCount":626,"publisher":{"@id":"https:\/\/sare.eus\/#organization"},"image":{"@id":"https:\/\/sare.eus\/es\/antton-troitino-donostiako-euskal-preso-ohiaren-heriotzaren-aurrean-etxerat-eta-sareren-agerraldia\/#primaryimage"},"thumbnailUrl":"https:\/\/sare.eus\/wp-content\/uploads\/2021\/12\/agerraldfia-ab-20.jpeg","articleSection":["Enfermos Graves"],"inLanguage":"es"},{"@type":"WebPage","@id":"https:\/\/sare.eus\/es\/antton-troitino-donostiako-euskal-preso-ohiaren-heriotzaren-aurrean-etxerat-eta-sareren-agerraldia\/","url":"https:\/\/sare.eus\/es\/antton-troitino-donostiako-euskal-preso-ohiaren-heriotzaren-aurrean-etxerat-eta-sareren-agerraldia\/","name":"COMPARECENCIA DE ETXERAT Y SARE ANTE LA MUERTE DEL EX PRESO VASCO DE DONOSTIA ANTTON TROITI\u00d1O - Sare Herritarra","isPartOf":{"@id":"https:\/\/sare.eus\/#website"},"primaryImageOfPage":{"@id":"https:\/\/sare.eus\/es\/antton-troitino-donostiako-euskal-preso-ohiaren-heriotzaren-aurrean-etxerat-eta-sareren-agerraldia\/#primaryimage"},"image":{"@id":"https:\/\/sare.eus\/es\/antton-troitino-donostiako-euskal-preso-ohiaren-heriotzaren-aurrean-etxerat-eta-sareren-agerraldia\/#primaryimage"},"thumbnailUrl":"https:\/\/sare.eus\/wp-content\/uploads\/2021\/12\/agerraldfia-ab-20.jpeg","datePublished":"2021-12-20T11:14:35+00:00","dateModified":"2021-12-20T11:19:22+00:00","breadcrumb":{"@id":"https:\/\/sare.eus\/es\/antton-troitino-donostiako-euskal-preso-ohiaren-heriotzaren-aurrean-etxerat-eta-sareren-agerraldia\/#breadcrumb"},"inLanguage":"es","potentialAction":[{"@type":"ReadAction","target":["https:\/\/sare.eus\/es\/antton-troitino-donostiako-euskal-preso-ohiaren-heriotzaren-aurrean-etxerat-eta-sareren-agerraldia\/"]}]},{"@type":"ImageObject","inLanguage":"es","@id":"https:\/\/sare.eus\/es\/antton-troitino-donostiako-euskal-preso-ohiaren-heriotzaren-aurrean-etxerat-eta-sareren-agerraldia\/#primaryimage","url":"https:\/\/sare.eus\/wp-content\/uploads\/2021\/12\/agerraldfia-ab-20.jpeg","contentUrl":"https:\/\/sare.eus\/wp-content\/uploads\/2021\/12\/agerraldfia-ab-20.jpeg","width":2048,"height":1536},{"@type":"BreadcrumbList","@id":"https:\/\/sare.eus\/es\/antton-troitino-donostiako-euskal-preso-ohiaren-heriotzaren-aurrean-etxerat-eta-sareren-agerraldia\/#breadcrumb","itemListElement":[{"@type":"ListItem","position":1,"name":"Home","item":"https:\/\/sare.eus\/"},{"@type":"ListItem","position":2,"name":"COMPARECENCIA DE ETXERAT Y SARE ANTE LA MUERTE DEL EX PRESO VASCO DE DONOSTIA ANTTON TROITI\u00d1O"}]},{"@type":"WebSite","@id":"https:\/\/sare.eus\/#website","url":"https:\/\/sare.eus\/","name":"Sare Herritarra","description":"KONPONBIDEAREN ETA GIZA ESKUBIDEEN ALDEKO SARE HERRITARRA","publisher":{"@id":"https:\/\/sare.eus\/#organization"},"potentialAction":[{"@type":"SearchAction","target":{"@type":"EntryPoint","urlTemplate":"https:\/\/sare.eus\/?s={search_term_string}"},"query-input":{"@type":"PropertyValueSpecification","valueRequired":true,"valueName":"search_term_string"}}],"inLanguage":"es"},{"@type":"Organization","@id":"https:\/\/sare.eus\/#organization","name":"Sare Herritarra","url":"https:\/\/sare.eus\/","logo":{"@type":"ImageObject","inLanguage":"es","@id":"https:\/\/sare.eus\/#\/schema\/logo\/image\/","url":"https:\/\/sare.eus\/wp-content\/uploads\/2021\/08\/sare.png","contentUrl":"https:\/\/sare.eus\/wp-content\/uploads\/2021\/08\/sare.png","width":120,"height":142,"caption":"Sare Herritarra"},"image":{"@id":"https:\/\/sare.eus\/#\/schema\/logo\/image\/"}},{"@type":"Person","@id":"https:\/\/sare.eus\/#\/schema\/person\/2fe6d0df294f56313d3ab236dbe38e17","name":"sare","image":{"@type":"ImageObject","inLanguage":"es","@id":"https:\/\/sare.eus\/#\/schema\/person\/image\/","url":"https:\/\/secure.gravatar.com\/avatar\/77cad838677ceb1977e7b3c878b55eaa7fa4aae2158983063b047c3ad7ef2c25?s=96&d=mm&r=g","contentUrl":"https:\/\/secure.gravatar.com\/avatar\/77cad838677ceb1977e7b3c878b55eaa7fa4aae2158983063b047c3ad7ef2c25?s=96&d=mm&r=g","caption":"sare"},"url":"https:\/\/sare.eus\/es\/author\/sare\/"}]}},"_links":{"self":[{"href":"https:\/\/sare.eus\/es\/wp-json\/wp\/v2\/posts\/2067","targetHints":{"allow":["GET"]}}],"collection":[{"href":"https:\/\/sare.eus\/es\/wp-json\/wp\/v2\/posts"}],"about":[{"href":"https:\/\/sare.eus\/es\/wp-json\/wp\/v2\/types\/post"}],"author":[{"embeddable":true,"href":"https:\/\/sare.eus\/es\/wp-json\/wp\/v2\/users\/2"}],"replies":[{"embeddable":true,"href":"https:\/\/sare.eus\/es\/wp-json\/wp\/v2\/comments?post=2067"}],"version-history":[{"count":1,"href":"https:\/\/sare.eus\/es\/wp-json\/wp\/v2\/posts\/2067\/revisions"}],"predecessor-version":[{"id":2069,"href":"https:\/\/sare.eus\/es\/wp-json\/wp\/v2\/posts\/2067\/revisions\/2069"}],"wp:featuredmedia":[{"embeddable":true,"href":"https:\/\/sare.eus\/es\/wp-json\/wp\/v2\/media\/2065"}],"wp:attachment":[{"href":"https:\/\/sare.eus\/es\/wp-json\/wp\/v2\/media?parent=2067"}],"wp:term":[{"taxonomy":"category","embeddable":true,"href":"https:\/\/sare.eus\/es\/wp-json\/wp\/v2\/categories?post=2067"},{"taxonomy":"post_tag","embeddable":true,"href":"https:\/\/sare.eus\/es\/wp-json\/wp\/v2\/tags?post=2067"}],"curies":[{"name":"wp","href":"https:\/\/api.w.org\/{rel}","templated":true}]}}