{"id":2007,"date":"2021-12-18T12:20:39","date_gmt":"2021-12-18T12:20:39","guid":{"rendered":"https:\/\/sare.eus\/?p=2007"},"modified":"2021-12-19T11:11:49","modified_gmt":"2021-12-19T11:11:49","slug":"basaurikoespetxean","status":"publish","type":"post","link":"https:\/\/sare.eus\/es\/basaurikoespetxean\/","title":{"rendered":"Manifestaci\u00f3n a la c\u00e1rcel de Basauri bajo el lema \u00abETXERAKO BIDEAN\u00bb"},"content":{"rendered":"\n<div class=\"wp-block-columns is-layout-flex wp-container-core-columns-is-layout-9d6595d7 wp-block-columns-is-layout-flex\">\n<div class=\"wp-block-column is-layout-flow wp-block-column-is-layout-flow\" style=\"flex-basis:100%\">\n<div class=\"wp-block-group is-layout-flow wp-block-group-is-layout-flow\">\n<figure class=\"wp-block-embed aligncenter is-type-rich is-provider-twitter wp-block-embed-twitter\"><div class=\"wp-block-embed__wrapper\">\n<blockquote class=\"twitter-tweet\" data-width=\"550\" data-dnt=\"true\"><p lang=\"eu\" dir=\"ltr\">Ekitaldia eta manifestazioa gaur Basaurin salbuespen legedia bertan behera gera dadin. &quot;Etxerako bidean&quot; lelopean Basauriko espetxeraino gerturatuko da manifestazioa. Ekitaldiko lehen hitzak Antton Troiti\u00f1oren senideentzat izan dira. <a href=\"https:\/\/twitter.com\/hashtag\/bidean?src=hash&amp;ref_src=twsrc%5Etfw\">#bidean<\/a> <a href=\"https:\/\/twitter.com\/hashtag\/U8Bilbora?src=hash&amp;ref_src=twsrc%5Etfw\">#U8Bilbora<\/a> <a href=\"https:\/\/t.co\/26Kh66FmEB\">pic.twitter.com\/26Kh66FmEB<\/a><\/p>&mdash; Sare #IzanBidea \u2197\ufe0f (@sare_herritarra) <a href=\"https:\/\/twitter.com\/sare_herritarra\/status\/1472166681413931016?ref_src=twsrc%5Etfw\">December 18, 2021<\/a><\/blockquote><script async src=\"https:\/\/platform.twitter.com\/widgets.js\" charset=\"utf-8\"><\/script>\n<\/div><\/figure>\n<\/div>\n\n\n\n<p><\/p>\n<\/div>\n<\/div>\n\n\n<p>Como todos los a\u00f1os, en v\u00edsperas de la movilizaci\u00f3n que vamos a llevar a cabo el 8 de enero en Bilbo y en el contexto de la Navidad, hemos convocado movilizaciones en Araba, Bizkaia, Gipuzkoa y Nafarroa. Hoy es la primera, en Basauri, con esta manifestaci\u00f3n hasta la c\u00e1rcel.<\/p>\n<p>El mensaje que queremos difundir es claro, \u00abel camino a casa\u00bb, es decir, la reivindicaci\u00f3n de que se acerque a todas las presas y a todos los presos vascos a Euskal Herria y de que se les aplique la progresi\u00f3n de grado, ya que es un elemento fundamental para que cualquier persona presa se reintegre en la sociedad. Porque esos son los pasos a dar para recorrer el camino de vuelta a casa. Y son tambi\u00e9n los cambios imprescindibles si queremos avanzar en el camino hacia la convivencia.<\/p>\n<p>Porque, aunque, como hemos dicho muchas veces, valoramos de manera positiva los cambios que se est\u00e1n dando en la pol\u00edtica penitenciaria, todav\u00eda sigue vigente la pol\u00edtica de alejamiento: de las 196 personas presas, solo 80 est\u00e1n en Euskal Herria. En cuanto a la progresi\u00f3n de grado, aunque en la pr\u00e1ctica todos y todas est\u00e1n en segundo grado (despu\u00e9s de estar largos a\u00f1os en primer grado), s\u00f3lo han progresado 9 al tercer grado. Y no podemos olvidar que todav\u00eda hay 19 personas presas con enfermedades graves, ni tampoco la situaci\u00f3n de las presas y de los presos de m\u00e1s avanzada edad, ni la situaci\u00f3n de las ni\u00f1as y de los ni\u00f1os de la mochila.<\/p>\n<p><img loading=\"lazy\" decoding=\"async\" class=\"alignleft wp-image-1422 size-medium\" src=\"https:\/\/sare.eus\/wp-content\/uploads\/2021\/11\/urtarrila_kartela_2022.01.08-01_WEB-01-212x300.jpg\" alt=\"\" width=\"212\" height=\"300\" srcset=\"https:\/\/sare.eus\/wp-content\/uploads\/2021\/11\/urtarrila_kartela_2022.01.08-01_WEB-01-212x300.jpg 212w, https:\/\/sare.eus\/wp-content\/uploads\/2021\/11\/urtarrila_kartela_2022.01.08-01_WEB-01.jpg 566w\" sizes=\"(max-width: 212px) 100vw, 212px\" \/>Por otro lado, queremos recordar que en la progresi\u00f3n de grado estamos viviendo un proceso hacia atr\u00e1s, ya que la Audiencia Nacional ha invalidado las decisiones de las juntas de tratamiento de las c\u00e1rceles, lo que conlleva el encarcelamiento de las personas que han conseguido los permisos para salir de la c\u00e1rcel o la libertad condicional, adem\u00e1s de su cambio al segundo grado. Es un claro paso atr\u00e1s en el cambio de la pol\u00edtica penitenciaria, el cual pone en evidencia que todav\u00eda existen sectores que no quieren avanzar y que se sienten m\u00e1s c\u00f3modos en la situaci\u00f3n de confrontaci\u00f3n del pasado. La pol\u00edtica penitenciaria necesita todav\u00eda muchos cambios para dejar atr\u00e1s la legislaci\u00f3n de excepci\u00f3n y para avanzar en la aplicaci\u00f3n de la legislaci\u00f3n ordinaria.<\/p>\n<p>Por eso nos hemos reunido hoy aqu\u00ed. Porque queremos seguir avanzando. Porque queremos seguir haciendo camino. Porque, de hecho, estamos haciendo camino. Estamos caminando. Caminando hacia casa. Y tambi\u00e9n hacia la convivencia. Porque dichos caminos est\u00e1n estrechamente relacionados. Ya que es imposible la convivencia si no desaparece la vulneraci\u00f3n de derechos que conlleva la legislaci\u00f3n de excepci\u00f3n que se aplica a presas y presos vascos. Y porque, para recorrer el camino a casa, para conseguir ese cambio tan necesario en la pol\u00edtica penitenciaria, es fundamental avanzar tambi\u00e9n en la convivencia. Y eso solo lo podemos hacer entre todas y entre todos. Cada cual aportando su granito de arena, con responsabilidad y respeto, y, sobre todo, con \u00e1nimo de avanzar.<\/p>\n<p>En eso estamos hoy aqu\u00ed, y as\u00ed lo haremos tambi\u00e9n el 8 de enero en la manifestaci\u00f3n multitudinaria de Bilbo. Porque esta situaci\u00f3n no puede durar m\u00e1s. El acercamiento de las presas y de los presos vascos debe concretarse ya, sin m\u00e1s demoras. Demos la bienvenida al 2022 poniendo fin a esa vulneraci\u00f3n de derechos. \u00a1Sigamos haciendo camino!<\/p>\n<p>\u00a0<\/p>\n<p>\u00a0<\/p>\n\n\n<figure class=\"wp-block-gallery columns-3 is-cropped wp-block-gallery-1 is-layout-flex wp-block-gallery-is-layout-flex\"><ul class=\"blocks-gallery-grid\"><li class=\"blocks-gallery-item\"><figure><img loading=\"lazy\" decoding=\"async\" width=\"1024\" height=\"768\" src=\"https:\/\/sare.eus\/wp-content\/uploads\/2021\/12\/photo_2021-12-19_11-42-28-1024x768.jpg\" alt=\"\" data-id=\"2054\" data-full-url=\"https:\/\/sare.eus\/wp-content\/uploads\/2021\/12\/photo_2021-12-19_11-42-28.jpg\" data-link=\"https:\/\/sare.eus\/es\/basaurikoespetxean\/photo_2021-12-19_11-42-28-3\/\" class=\"wp-image-2054\" srcset=\"https:\/\/sare.eus\/wp-content\/uploads\/2021\/12\/photo_2021-12-19_11-42-28-1024x768.jpg 1024w, https:\/\/sare.eus\/wp-content\/uploads\/2021\/12\/photo_2021-12-19_11-42-28-300x225.jpg 300w, https:\/\/sare.eus\/wp-content\/uploads\/2021\/12\/photo_2021-12-19_11-42-28-768x576.jpg 768w, https:\/\/sare.eus\/wp-content\/uploads\/2021\/12\/photo_2021-12-19_11-42-28-1080x810.jpg 1080w, https:\/\/sare.eus\/wp-content\/uploads\/2021\/12\/photo_2021-12-19_11-42-28.jpg 1280w\" sizes=\"(max-width: 1024px) 100vw, 1024px\" \/><\/figure><\/li><li class=\"blocks-gallery-item\"><figure><img loading=\"lazy\" decoding=\"async\" width=\"1024\" height=\"768\" src=\"https:\/\/sare.eus\/wp-content\/uploads\/2021\/12\/IMG-20211218-WA0001.jpg\" alt=\"\" data-id=\"2036\" data-full-url=\"https:\/\/sare.eus\/wp-content\/uploads\/2021\/12\/IMG-20211218-WA0001.jpg\" data-link=\"https:\/\/sare.eus\/es\/basaurikoespetxean\/img-20211218-wa0001-2\/\" class=\"wp-image-2036\" srcset=\"https:\/\/sare.eus\/wp-content\/uploads\/2021\/12\/IMG-20211218-WA0001.jpg 1024w, https:\/\/sare.eus\/wp-content\/uploads\/2021\/12\/IMG-20211218-WA0001-300x225.jpg 300w, https:\/\/sare.eus\/wp-content\/uploads\/2021\/12\/IMG-20211218-WA0001-768x576.jpg 768w\" sizes=\"(max-width: 1024px) 100vw, 1024px\" \/><\/figure><\/li><li class=\"blocks-gallery-item\"><figure><img loading=\"lazy\" decoding=\"async\" width=\"1024\" height=\"768\" src=\"https:\/\/sare.eus\/wp-content\/uploads\/2021\/12\/photo_2021-12-19_11-42-26.jpg\" alt=\"\" data-id=\"2046\" data-full-url=\"https:\/\/sare.eus\/wp-content\/uploads\/2021\/12\/photo_2021-12-19_11-42-26.jpg\" data-link=\"https:\/\/sare.eus\/es\/basaurikoespetxean\/photo_2021-12-19_11-42-26-2\/\" class=\"wp-image-2046\" srcset=\"https:\/\/sare.eus\/wp-content\/uploads\/2021\/12\/photo_2021-12-19_11-42-26.jpg 1024w, https:\/\/sare.eus\/wp-content\/uploads\/2021\/12\/photo_2021-12-19_11-42-26-300x225.jpg 300w, https:\/\/sare.eus\/wp-content\/uploads\/2021\/12\/photo_2021-12-19_11-42-26-768x576.jpg 768w\" sizes=\"(max-width: 1024px) 100vw, 1024px\" \/><\/figure><\/li><li class=\"blocks-gallery-item\"><figure><img loading=\"lazy\" decoding=\"async\" width=\"1024\" height=\"576\" src=\"https:\/\/sare.eus\/wp-content\/uploads\/2021\/12\/photo_2021-12-19_11-42-27-2-1024x576.jpg\" alt=\"\" data-id=\"2048\" data-full-url=\"https:\/\/sare.eus\/wp-content\/uploads\/2021\/12\/photo_2021-12-19_11-42-27-2.jpg\" data-link=\"https:\/\/sare.eus\/es\/basaurikoespetxean\/photo_2021-12-19_11-42-27-2-2\/\" class=\"wp-image-2048\" srcset=\"https:\/\/sare.eus\/wp-content\/uploads\/2021\/12\/photo_2021-12-19_11-42-27-2-1024x576.jpg 1024w, https:\/\/sare.eus\/wp-content\/uploads\/2021\/12\/photo_2021-12-19_11-42-27-2-300x169.jpg 300w, https:\/\/sare.eus\/wp-content\/uploads\/2021\/12\/photo_2021-12-19_11-42-27-2-768x432.jpg 768w, https:\/\/sare.eus\/wp-content\/uploads\/2021\/12\/photo_2021-12-19_11-42-27-2-1080x608.jpg 1080w, https:\/\/sare.eus\/wp-content\/uploads\/2021\/12\/photo_2021-12-19_11-42-27-2.jpg 1280w\" sizes=\"(max-width: 1024px) 100vw, 1024px\" \/><\/figure><\/li><li class=\"blocks-gallery-item\"><figure><img loading=\"lazy\" decoding=\"async\" width=\"1024\" height=\"768\" src=\"https:\/\/sare.eus\/wp-content\/uploads\/2021\/12\/photo_2021-12-19_11-42-27.jpg\" alt=\"\" data-id=\"2050\" data-full-url=\"https:\/\/sare.eus\/wp-content\/uploads\/2021\/12\/photo_2021-12-19_11-42-27.jpg\" data-link=\"https:\/\/sare.eus\/es\/basaurikoespetxean\/photo_2021-12-19_11-42-27-3\/\" class=\"wp-image-2050\" srcset=\"https:\/\/sare.eus\/wp-content\/uploads\/2021\/12\/photo_2021-12-19_11-42-27.jpg 1024w, https:\/\/sare.eus\/wp-content\/uploads\/2021\/12\/photo_2021-12-19_11-42-27-300x225.jpg 300w, https:\/\/sare.eus\/wp-content\/uploads\/2021\/12\/photo_2021-12-19_11-42-27-768x576.jpg 768w\" sizes=\"(max-width: 1024px) 100vw, 1024px\" \/><\/figure><\/li><li class=\"blocks-gallery-item\"><figure><img loading=\"lazy\" decoding=\"async\" width=\"1024\" height=\"768\" src=\"https:\/\/sare.eus\/wp-content\/uploads\/2021\/12\/photo_2021-12-19_11-42-28-2-1024x768.jpg\" alt=\"\" data-id=\"2052\" data-full-url=\"https:\/\/sare.eus\/wp-content\/uploads\/2021\/12\/photo_2021-12-19_11-42-28-2.jpg\" data-link=\"https:\/\/sare.eus\/es\/basaurikoespetxean\/photo_2021-12-19_11-42-28-2-2\/\" class=\"wp-image-2052\" srcset=\"https:\/\/sare.eus\/wp-content\/uploads\/2021\/12\/photo_2021-12-19_11-42-28-2-1024x768.jpg 1024w, https:\/\/sare.eus\/wp-content\/uploads\/2021\/12\/photo_2021-12-19_11-42-28-2-300x225.jpg 300w, https:\/\/sare.eus\/wp-content\/uploads\/2021\/12\/photo_2021-12-19_11-42-28-2-768x576.jpg 768w, https:\/\/sare.eus\/wp-content\/uploads\/2021\/12\/photo_2021-12-19_11-42-28-2-1080x810.jpg 1080w, https:\/\/sare.eus\/wp-content\/uploads\/2021\/12\/photo_2021-12-19_11-42-28-2.jpg 1280w\" sizes=\"(max-width: 1024px) 100vw, 1024px\" \/><\/figure><\/li><\/ul><\/figure>\n","protected":false},"excerpt":{"rendered":"<p>Como todos los a\u00f1os, en v\u00edsperas de la movilizaci\u00f3n que vamos a llevar a cabo el 8 de enero en Bilbo y en el contexto de la Navidad, hemos convocado [&hellip;]<\/p>\n","protected":false},"author":2,"featured_media":2036,"comment_status":"closed","ping_status":"closed","sticky":false,"template":"","format":"standard","meta":{"_acf_changed":false,"_et_pb_use_builder":"off","_et_pb_old_content":"","_et_gb_content_width":"","footnotes":""},"categories":[60],"tags":[],"class_list":["post-2007","post","type-post","status-publish","format-standard","has-post-thumbnail","hentry","category-etxera-es","et-has-post-format-content","et_post_format-et-post-format-standard"],"acf":[],"yoast_head":"<!-- This site is optimized with the Yoast SEO plugin v26.4 - https:\/\/yoast.com\/wordpress\/plugins\/seo\/ -->\n<title>Manifestaci\u00f3n a la c\u00e1rcel de Basauri bajo el lema &quot;ETXERAKO BIDEAN&quot; - Sare Herritarra<\/title>\n<meta name=\"robots\" content=\"index, follow, max-snippet:-1, max-image-preview:large, max-video-preview:-1\" \/>\n<link rel=\"canonical\" href=\"https:\/\/sare.eus\/es\/basaurikoespetxean\/\" \/>\n<meta property=\"og:locale\" content=\"es_ES\" \/>\n<meta property=\"og:type\" content=\"article\" \/>\n<meta property=\"og:title\" content=\"Manifestaci\u00f3n a la c\u00e1rcel de Basauri bajo el lema &quot;ETXERAKO BIDEAN&quot; - Sare Herritarra\" \/>\n<meta property=\"og:description\" content=\"Como todos los a\u00f1os, en v\u00edsperas de la movilizaci\u00f3n que vamos a llevar a cabo el 8 de enero en Bilbo y en el contexto de la Navidad, hemos convocado [&hellip;]\" \/>\n<meta property=\"og:url\" content=\"https:\/\/sare.eus\/es\/basaurikoespetxean\/\" \/>\n<meta property=\"og:site_name\" content=\"Sare Herritarra\" \/>\n<meta property=\"article:published_time\" content=\"2021-12-18T12:20:39+00:00\" \/>\n<meta property=\"article:modified_time\" content=\"2021-12-19T11:11:49+00:00\" \/>\n<meta property=\"og:image\" content=\"https:\/\/sare.eus\/wp-content\/uploads\/2021\/12\/IMG-20211218-WA0001.jpg\" \/>\n\t<meta property=\"og:image:width\" content=\"1024\" \/>\n\t<meta property=\"og:image:height\" content=\"768\" \/>\n\t<meta property=\"og:image:type\" content=\"image\/jpeg\" \/>\n<meta name=\"author\" content=\"sare\" \/>\n<meta name=\"twitter:card\" content=\"summary_large_image\" \/>\n<meta name=\"twitter:label1\" content=\"Escrito por\" \/>\n\t<meta name=\"twitter:data1\" content=\"sare\" \/>\n\t<meta name=\"twitter:label2\" content=\"Tiempo de lectura\" \/>\n\t<meta name=\"twitter:data2\" content=\"3 minutos\" \/>\n<script type=\"application\/ld+json\" class=\"yoast-schema-graph\">{\"@context\":\"https:\/\/schema.org\",\"@graph\":[{\"@type\":\"Article\",\"@id\":\"https:\/\/sare.eus\/es\/basaurikoespetxean\/#article\",\"isPartOf\":{\"@id\":\"https:\/\/sare.eus\/es\/basaurikoespetxean\/\"},\"author\":{\"name\":\"sare\",\"@id\":\"https:\/\/sare.eus\/#\/schema\/person\/2fe6d0df294f56313d3ab236dbe38e17\"},\"headline\":\"Manifestaci\u00f3n a la c\u00e1rcel de Basauri bajo el lema \u00abETXERAKO BIDEAN\u00bb\",\"datePublished\":\"2021-12-18T12:20:39+00:00\",\"dateModified\":\"2021-12-19T11:11:49+00:00\",\"mainEntityOfPage\":{\"@id\":\"https:\/\/sare.eus\/es\/basaurikoespetxean\/\"},\"wordCount\":622,\"publisher\":{\"@id\":\"https:\/\/sare.eus\/#organization\"},\"image\":{\"@id\":\"https:\/\/sare.eus\/es\/basaurikoespetxean\/#primaryimage\"},\"thumbnailUrl\":\"https:\/\/sare.eus\/wp-content\/uploads\/2021\/12\/IMG-20211218-WA0001.jpg\",\"articleSection\":[\"Etxera\"],\"inLanguage\":\"es\"},{\"@type\":\"WebPage\",\"@id\":\"https:\/\/sare.eus\/es\/basaurikoespetxean\/\",\"url\":\"https:\/\/sare.eus\/es\/basaurikoespetxean\/\",\"name\":\"Manifestaci\u00f3n a la c\u00e1rcel de Basauri bajo el lema \\\"ETXERAKO BIDEAN\\\" - Sare Herritarra\",\"isPartOf\":{\"@id\":\"https:\/\/sare.eus\/#website\"},\"primaryImageOfPage\":{\"@id\":\"https:\/\/sare.eus\/es\/basaurikoespetxean\/#primaryimage\"},\"image\":{\"@id\":\"https:\/\/sare.eus\/es\/basaurikoespetxean\/#primaryimage\"},\"thumbnailUrl\":\"https:\/\/sare.eus\/wp-content\/uploads\/2021\/12\/IMG-20211218-WA0001.jpg\",\"datePublished\":\"2021-12-18T12:20:39+00:00\",\"dateModified\":\"2021-12-19T11:11:49+00:00\",\"breadcrumb\":{\"@id\":\"https:\/\/sare.eus\/es\/basaurikoespetxean\/#breadcrumb\"},\"inLanguage\":\"es\",\"potentialAction\":[{\"@type\":\"ReadAction\",\"target\":[\"https:\/\/sare.eus\/es\/basaurikoespetxean\/\"]}]},{\"@type\":\"ImageObject\",\"inLanguage\":\"es\",\"@id\":\"https:\/\/sare.eus\/es\/basaurikoespetxean\/#primaryimage\",\"url\":\"https:\/\/sare.eus\/wp-content\/uploads\/2021\/12\/IMG-20211218-WA0001.jpg\",\"contentUrl\":\"https:\/\/sare.eus\/wp-content\/uploads\/2021\/12\/IMG-20211218-WA0001.jpg\",\"width\":1024,\"height\":768},{\"@type\":\"BreadcrumbList\",\"@id\":\"https:\/\/sare.eus\/es\/basaurikoespetxean\/#breadcrumb\",\"itemListElement\":[{\"@type\":\"ListItem\",\"position\":1,\"name\":\"Home\",\"item\":\"https:\/\/sare.eus\/\"},{\"@type\":\"ListItem\",\"position\":2,\"name\":\"Manifestaci\u00f3n a la c\u00e1rcel de Basauri bajo el lema \u00abETXERAKO BIDEAN\u00bb\"}]},{\"@type\":\"WebSite\",\"@id\":\"https:\/\/sare.eus\/#website\",\"url\":\"https:\/\/sare.eus\/\",\"name\":\"Sare Herritarra\",\"description\":\"KONPONBIDEAREN ETA GIZA ESKUBIDEEN ALDEKO SARE HERRITARRA\",\"publisher\":{\"@id\":\"https:\/\/sare.eus\/#organization\"},\"potentialAction\":[{\"@type\":\"SearchAction\",\"target\":{\"@type\":\"EntryPoint\",\"urlTemplate\":\"https:\/\/sare.eus\/?s={search_term_string}\"},\"query-input\":{\"@type\":\"PropertyValueSpecification\",\"valueRequired\":true,\"valueName\":\"search_term_string\"}}],\"inLanguage\":\"es\"},{\"@type\":\"Organization\",\"@id\":\"https:\/\/sare.eus\/#organization\",\"name\":\"Sare Herritarra\",\"url\":\"https:\/\/sare.eus\/\",\"logo\":{\"@type\":\"ImageObject\",\"inLanguage\":\"es\",\"@id\":\"https:\/\/sare.eus\/#\/schema\/logo\/image\/\",\"url\":\"https:\/\/sare.eus\/wp-content\/uploads\/2021\/08\/sare.png\",\"contentUrl\":\"https:\/\/sare.eus\/wp-content\/uploads\/2021\/08\/sare.png\",\"width\":120,\"height\":142,\"caption\":\"Sare Herritarra\"},\"image\":{\"@id\":\"https:\/\/sare.eus\/#\/schema\/logo\/image\/\"}},{\"@type\":\"Person\",\"@id\":\"https:\/\/sare.eus\/#\/schema\/person\/2fe6d0df294f56313d3ab236dbe38e17\",\"name\":\"sare\",\"image\":{\"@type\":\"ImageObject\",\"inLanguage\":\"es\",\"@id\":\"https:\/\/sare.eus\/#\/schema\/person\/image\/\",\"url\":\"https:\/\/secure.gravatar.com\/avatar\/77cad838677ceb1977e7b3c878b55eaa7fa4aae2158983063b047c3ad7ef2c25?s=96&d=mm&r=g\",\"contentUrl\":\"https:\/\/secure.gravatar.com\/avatar\/77cad838677ceb1977e7b3c878b55eaa7fa4aae2158983063b047c3ad7ef2c25?s=96&d=mm&r=g\",\"caption\":\"sare\"},\"url\":\"https:\/\/sare.eus\/es\/author\/sare\/\"}]}<\/script>\n<!-- \/ Yoast SEO plugin. -->","yoast_head_json":{"title":"Manifestaci\u00f3n a la c\u00e1rcel de Basauri bajo el lema \"ETXERAKO BIDEAN\" - Sare Herritarra","robots":{"index":"index","follow":"follow","max-snippet":"max-snippet:-1","max-image-preview":"max-image-preview:large","max-video-preview":"max-video-preview:-1"},"canonical":"https:\/\/sare.eus\/es\/basaurikoespetxean\/","og_locale":"es_ES","og_type":"article","og_title":"Manifestaci\u00f3n a la c\u00e1rcel de Basauri bajo el lema \"ETXERAKO BIDEAN\" - Sare Herritarra","og_description":"Como todos los a\u00f1os, en v\u00edsperas de la movilizaci\u00f3n que vamos a llevar a cabo el 8 de enero en Bilbo y en el contexto de la Navidad, hemos convocado [&hellip;]","og_url":"https:\/\/sare.eus\/es\/basaurikoespetxean\/","og_site_name":"Sare Herritarra","article_published_time":"2021-12-18T12:20:39+00:00","article_modified_time":"2021-12-19T11:11:49+00:00","og_image":[{"width":1024,"height":768,"url":"https:\/\/sare.eus\/wp-content\/uploads\/2021\/12\/IMG-20211218-WA0001.jpg","type":"image\/jpeg"}],"author":"sare","twitter_card":"summary_large_image","twitter_misc":{"Escrito por":"sare","Tiempo de lectura":"3 minutos"},"schema":{"@context":"https:\/\/schema.org","@graph":[{"@type":"Article","@id":"https:\/\/sare.eus\/es\/basaurikoespetxean\/#article","isPartOf":{"@id":"https:\/\/sare.eus\/es\/basaurikoespetxean\/"},"author":{"name":"sare","@id":"https:\/\/sare.eus\/#\/schema\/person\/2fe6d0df294f56313d3ab236dbe38e17"},"headline":"Manifestaci\u00f3n a la c\u00e1rcel de Basauri bajo el lema \u00abETXERAKO BIDEAN\u00bb","datePublished":"2021-12-18T12:20:39+00:00","dateModified":"2021-12-19T11:11:49+00:00","mainEntityOfPage":{"@id":"https:\/\/sare.eus\/es\/basaurikoespetxean\/"},"wordCount":622,"publisher":{"@id":"https:\/\/sare.eus\/#organization"},"image":{"@id":"https:\/\/sare.eus\/es\/basaurikoespetxean\/#primaryimage"},"thumbnailUrl":"https:\/\/sare.eus\/wp-content\/uploads\/2021\/12\/IMG-20211218-WA0001.jpg","articleSection":["Etxera"],"inLanguage":"es"},{"@type":"WebPage","@id":"https:\/\/sare.eus\/es\/basaurikoespetxean\/","url":"https:\/\/sare.eus\/es\/basaurikoespetxean\/","name":"Manifestaci\u00f3n a la c\u00e1rcel de Basauri bajo el lema \"ETXERAKO BIDEAN\" - Sare Herritarra","isPartOf":{"@id":"https:\/\/sare.eus\/#website"},"primaryImageOfPage":{"@id":"https:\/\/sare.eus\/es\/basaurikoespetxean\/#primaryimage"},"image":{"@id":"https:\/\/sare.eus\/es\/basaurikoespetxean\/#primaryimage"},"thumbnailUrl":"https:\/\/sare.eus\/wp-content\/uploads\/2021\/12\/IMG-20211218-WA0001.jpg","datePublished":"2021-12-18T12:20:39+00:00","dateModified":"2021-12-19T11:11:49+00:00","breadcrumb":{"@id":"https:\/\/sare.eus\/es\/basaurikoespetxean\/#breadcrumb"},"inLanguage":"es","potentialAction":[{"@type":"ReadAction","target":["https:\/\/sare.eus\/es\/basaurikoespetxean\/"]}]},{"@type":"ImageObject","inLanguage":"es","@id":"https:\/\/sare.eus\/es\/basaurikoespetxean\/#primaryimage","url":"https:\/\/sare.eus\/wp-content\/uploads\/2021\/12\/IMG-20211218-WA0001.jpg","contentUrl":"https:\/\/sare.eus\/wp-content\/uploads\/2021\/12\/IMG-20211218-WA0001.jpg","width":1024,"height":768},{"@type":"BreadcrumbList","@id":"https:\/\/sare.eus\/es\/basaurikoespetxean\/#breadcrumb","itemListElement":[{"@type":"ListItem","position":1,"name":"Home","item":"https:\/\/sare.eus\/"},{"@type":"ListItem","position":2,"name":"Manifestaci\u00f3n a la c\u00e1rcel de Basauri bajo el lema \u00abETXERAKO BIDEAN\u00bb"}]},{"@type":"WebSite","@id":"https:\/\/sare.eus\/#website","url":"https:\/\/sare.eus\/","name":"Sare Herritarra","description":"KONPONBIDEAREN ETA GIZA ESKUBIDEEN ALDEKO SARE HERRITARRA","publisher":{"@id":"https:\/\/sare.eus\/#organization"},"potentialAction":[{"@type":"SearchAction","target":{"@type":"EntryPoint","urlTemplate":"https:\/\/sare.eus\/?s={search_term_string}"},"query-input":{"@type":"PropertyValueSpecification","valueRequired":true,"valueName":"search_term_string"}}],"inLanguage":"es"},{"@type":"Organization","@id":"https:\/\/sare.eus\/#organization","name":"Sare Herritarra","url":"https:\/\/sare.eus\/","logo":{"@type":"ImageObject","inLanguage":"es","@id":"https:\/\/sare.eus\/#\/schema\/logo\/image\/","url":"https:\/\/sare.eus\/wp-content\/uploads\/2021\/08\/sare.png","contentUrl":"https:\/\/sare.eus\/wp-content\/uploads\/2021\/08\/sare.png","width":120,"height":142,"caption":"Sare Herritarra"},"image":{"@id":"https:\/\/sare.eus\/#\/schema\/logo\/image\/"}},{"@type":"Person","@id":"https:\/\/sare.eus\/#\/schema\/person\/2fe6d0df294f56313d3ab236dbe38e17","name":"sare","image":{"@type":"ImageObject","inLanguage":"es","@id":"https:\/\/sare.eus\/#\/schema\/person\/image\/","url":"https:\/\/secure.gravatar.com\/avatar\/77cad838677ceb1977e7b3c878b55eaa7fa4aae2158983063b047c3ad7ef2c25?s=96&d=mm&r=g","contentUrl":"https:\/\/secure.gravatar.com\/avatar\/77cad838677ceb1977e7b3c878b55eaa7fa4aae2158983063b047c3ad7ef2c25?s=96&d=mm&r=g","caption":"sare"},"url":"https:\/\/sare.eus\/es\/author\/sare\/"}]}},"_links":{"self":[{"href":"https:\/\/sare.eus\/es\/wp-json\/wp\/v2\/posts\/2007","targetHints":{"allow":["GET"]}}],"collection":[{"href":"https:\/\/sare.eus\/es\/wp-json\/wp\/v2\/posts"}],"about":[{"href":"https:\/\/sare.eus\/es\/wp-json\/wp\/v2\/types\/post"}],"author":[{"embeddable":true,"href":"https:\/\/sare.eus\/es\/wp-json\/wp\/v2\/users\/2"}],"replies":[{"embeddable":true,"href":"https:\/\/sare.eus\/es\/wp-json\/wp\/v2\/comments?post=2007"}],"version-history":[{"count":19,"href":"https:\/\/sare.eus\/es\/wp-json\/wp\/v2\/posts\/2007\/revisions"}],"predecessor-version":[{"id":2060,"href":"https:\/\/sare.eus\/es\/wp-json\/wp\/v2\/posts\/2007\/revisions\/2060"}],"wp:featuredmedia":[{"embeddable":true,"href":"https:\/\/sare.eus\/es\/wp-json\/wp\/v2\/media\/2036"}],"wp:attachment":[{"href":"https:\/\/sare.eus\/es\/wp-json\/wp\/v2\/media?parent=2007"}],"wp:term":[{"taxonomy":"category","embeddable":true,"href":"https:\/\/sare.eus\/es\/wp-json\/wp\/v2\/categories?post=2007"},{"taxonomy":"post_tag","embeddable":true,"href":"https:\/\/sare.eus\/es\/wp-json\/wp\/v2\/tags?post=2007"}],"curies":[{"name":"wp","href":"https:\/\/api.w.org\/{rel}","templated":true}]}}