{"id":1992,"date":"2021-12-17T11:29:39","date_gmt":"2021-12-17T11:29:39","guid":{"rendered":"https:\/\/sare.eus\/?p=1992"},"modified":"2021-12-17T11:29:40","modified_gmt":"2021-12-17T11:29:40","slug":"la-mayoria-sindical-llama-a-manifestarse-el-8-de-enero","status":"publish","type":"post","link":"https:\/\/sare.eus\/es\/la-mayoria-sindical-llama-a-manifestarse-el-8-de-enero\/","title":{"rendered":"LA MAYOR\u00cdA SINDICAL LLAMA A manifestarse el 8 DE ENERO"},"content":{"rendered":"<p>Tras un a\u00f1o, de nuevo en Bilbao se podr\u00e1 celebrar este a\u00f1o la manifestaci\u00f3n que a\u00f1o tras a\u00f1o organiza Sare. El 8 de enero llenaremos las calles de Bilbao los ciudadanos y representantes pol\u00edticos, sindicales, sociales e institucionales que estamos a favor de los derechos humanos, de la convivencia y de dar salida al asunto de los presos, huidos y deportados.<\/p>\n<p>El lema de este a\u00f1os ser\u00e1; Elkarbizitzarako. Bakerako. Etxerako BIDEAN.<\/p>\n<p>Camino hacia la convivencia. Porque estamos en ello. Dando cabida a todas las vivencias. Sin dejar a nadie atr\u00e1s. Juntos. Entre iguales y diferentes. Porque el futuro de nuestro pa\u00eds se basa en la interacci\u00f3n. Si no lo hacemos juntos, con responsabilidad y respeto y, sobre todo, expresando claramente las ganas de avanzar, que ser\u00e1 imposible.<\/p>\n<p>Camino A LA PAZ. Porque queremos avanzar. Porque queremos erradicar sufrimientos que se prolongan durante a\u00f1os. Porque queremos el fin definitivo de la vulneraci\u00f3n de derechos. Y porque queremos dejar atr\u00e1s para siempre la era de la confrontaci\u00f3n. Porque queremos dejar a nuestros descendientes un futuro y una lecci\u00f3n mejor.<\/p>\n<p>Y, en el camino a casa. Porque es hora de acabar para siempre con la pol\u00edtica penitenciaria de excepci\u00f3n. Porque es el momento de establecer la legislaci\u00f3n ordinaria para que los presos vascos puedan desarrollar el correspondiente proceso de toque de queda. Un momento para acabar con la pol\u00edtica de alejamiento y traerla al Pa\u00eds Vasco. Momento de desbloquear la progresi\u00f3n de grados y hacer efectivas las condiciones de reinserci\u00f3n legalmente establecidas. El momento de suspender las penas de por vida, respetar el derecho a la familia y que los gravemente enfermos sean atendidos en casa con el apoyo de m\u00e9dicos y familiares cercanos.<\/p>\n<p>Tambi\u00e9n desde el mundo sindical llevamos tiempo trabajando en consonancia con estas reivindicaciones para que termin\u00e9 de una vez por todas la pol\u00edtica penitenciaria de excepci\u00f3n. Ejemplo de ello son la concentraci\u00f3n que realizamos cada mes en Bilbo coincidiendo con la din\u00e1mica #IzanBidea, la multitudinaria manifestaci\u00f3n que el pasado 4 de junio reuni\u00f3 a un amplio movimiento sindical guipuzcoano y recorri\u00f3 las calles de Donostia. Y ejemplo de ello es que hoy tambi\u00e9n nos hayamos reunido otra vez en BIlbo y Donostia\u00a0<\/p>\n<p>Para la convivencia. Para la paz. Nosotros tambi\u00e9n estamos en el CAMINO, y seguiremos en ese camino. Siempre que no desaparezca la vulneraci\u00f3n de derechos derivada de la legislaci\u00f3n de excepci\u00f3n aplicada a los presos vascos por imposibilidad de convivencia. Y, para que el camino a casa se materialice y se produzca el cambio radical tan necesario en la pol\u00edtica penitenciaria, porque es fundamental avanzar en el camino de la convivencia y la paz. Ambos van unidos. Y nosotros tambi\u00e9n, juntos en el mismo camino.<\/p>\n<p><strong>Sigamos en el camino. El 8 de enero a las 17.00 en La Casilla, Bilbao, volveremos a reunirnos.<\/strong><\/p>\n<p>\u00a0<\/p>\n\n\n<figure class=\"wp-block-gallery columns-2 is-cropped wp-block-gallery-1 is-layout-flex wp-block-gallery-is-layout-flex\"><ul class=\"blocks-gallery-grid\"><li class=\"blocks-gallery-item\"><figure><img loading=\"lazy\" decoding=\"async\" width=\"1000\" height=\"582\" src=\"https:\/\/sare.eus\/wp-content\/uploads\/2021\/12\/sindikatuak-bilbo-web.jpg\" alt=\"\" data-id=\"1991\" data-full-url=\"https:\/\/sare.eus\/wp-content\/uploads\/2021\/12\/sindikatuak-bilbo-web.jpg\" data-link=\"https:\/\/sare.eus\/es\/?attachment_id=1991\" class=\"wp-image-1991\" srcset=\"https:\/\/sare.eus\/wp-content\/uploads\/2021\/12\/sindikatuak-bilbo-web.jpg 1000w, https:\/\/sare.eus\/wp-content\/uploads\/2021\/12\/sindikatuak-bilbo-web-300x175.jpg 300w, https:\/\/sare.eus\/wp-content\/uploads\/2021\/12\/sindikatuak-bilbo-web-768x447.jpg 768w\" sizes=\"(max-width: 1000px) 100vw, 1000px\" \/><\/figure><\/li><li class=\"blocks-gallery-item\"><figure><img loading=\"lazy\" decoding=\"async\" width=\"1024\" height=\"768\" src=\"https:\/\/sare.eus\/wp-content\/uploads\/2021\/12\/photo_2021-12-17_12-13-07-3-1024x768.jpg\" alt=\"\" data-id=\"1998\" data-full-url=\"https:\/\/sare.eus\/wp-content\/uploads\/2021\/12\/photo_2021-12-17_12-13-07-3.jpg\" data-link=\"https:\/\/sare.eus\/es\/?attachment_id=1998\" class=\"wp-image-1998\" srcset=\"https:\/\/sare.eus\/wp-content\/uploads\/2021\/12\/photo_2021-12-17_12-13-07-3-1024x768.jpg 1024w, https:\/\/sare.eus\/wp-content\/uploads\/2021\/12\/photo_2021-12-17_12-13-07-3-300x225.jpg 300w, https:\/\/sare.eus\/wp-content\/uploads\/2021\/12\/photo_2021-12-17_12-13-07-3-768x576.jpg 768w, https:\/\/sare.eus\/wp-content\/uploads\/2021\/12\/photo_2021-12-17_12-13-07-3-1080x810.jpg 1080w, https:\/\/sare.eus\/wp-content\/uploads\/2021\/12\/photo_2021-12-17_12-13-07-3.jpg 1280w\" sizes=\"(max-width: 1024px) 100vw, 1024px\" \/><\/figure><\/li><\/ul><\/figure>\n","protected":false},"excerpt":{"rendered":"<p>Tras un a\u00f1o, de nuevo en Bilbao se podr\u00e1 celebrar este a\u00f1o la manifestaci\u00f3n que a\u00f1o tras a\u00f1o organiza Sare. El 8 de enero llenaremos las calles de Bilbao los [&hellip;]<\/p>\n","protected":false},"author":2,"featured_media":1991,"comment_status":"closed","ping_status":"closed","sticky":false,"template":"","format":"standard","meta":{"_acf_changed":false,"_et_pb_use_builder":"off","_et_pb_old_content":"","_et_gb_content_width":"","footnotes":""},"categories":[60],"tags":[],"class_list":["post-1992","post","type-post","status-publish","format-standard","has-post-thumbnail","hentry","category-etxera-es","et-has-post-format-content","et_post_format-et-post-format-standard"],"acf":[],"yoast_head":"<!-- This site is optimized with the Yoast SEO plugin v26.4 - https:\/\/yoast.com\/wordpress\/plugins\/seo\/ -->\n<title>LA MAYOR\u00cdA SINDICAL LLAMA A manifestarse el 8 DE ENERO - Sare Herritarra<\/title>\n<meta name=\"robots\" content=\"index, follow, max-snippet:-1, max-image-preview:large, max-video-preview:-1\" \/>\n<link rel=\"canonical\" href=\"https:\/\/sare.eus\/es\/la-mayoria-sindical-llama-a-manifestarse-el-8-de-enero\/\" \/>\n<meta property=\"og:locale\" content=\"es_ES\" \/>\n<meta property=\"og:type\" content=\"article\" \/>\n<meta property=\"og:title\" content=\"LA MAYOR\u00cdA SINDICAL LLAMA A manifestarse el 8 DE ENERO - Sare Herritarra\" \/>\n<meta property=\"og:description\" content=\"Tras un a\u00f1o, de nuevo en Bilbao se podr\u00e1 celebrar este a\u00f1o la manifestaci\u00f3n que a\u00f1o tras a\u00f1o organiza Sare. El 8 de enero llenaremos las calles de Bilbao los [&hellip;]\" \/>\n<meta property=\"og:url\" content=\"https:\/\/sare.eus\/es\/la-mayoria-sindical-llama-a-manifestarse-el-8-de-enero\/\" \/>\n<meta property=\"og:site_name\" content=\"Sare Herritarra\" \/>\n<meta property=\"article:published_time\" content=\"2021-12-17T11:29:39+00:00\" \/>\n<meta property=\"article:modified_time\" content=\"2021-12-17T11:29:40+00:00\" \/>\n<meta property=\"og:image\" content=\"https:\/\/sare.eus\/wp-content\/uploads\/2021\/12\/sindikatuak-bilbo-web.jpg\" \/>\n\t<meta property=\"og:image:width\" content=\"1000\" \/>\n\t<meta property=\"og:image:height\" content=\"582\" \/>\n\t<meta property=\"og:image:type\" content=\"image\/jpeg\" \/>\n<meta name=\"author\" content=\"sare\" \/>\n<meta name=\"twitter:card\" content=\"summary_large_image\" \/>\n<meta name=\"twitter:label1\" content=\"Escrito por\" \/>\n\t<meta name=\"twitter:data1\" content=\"sare\" \/>\n\t<meta name=\"twitter:label2\" content=\"Tiempo de lectura\" \/>\n\t<meta name=\"twitter:data2\" content=\"2 minutos\" \/>\n<script type=\"application\/ld+json\" class=\"yoast-schema-graph\">{\"@context\":\"https:\/\/schema.org\",\"@graph\":[{\"@type\":\"Article\",\"@id\":\"https:\/\/sare.eus\/es\/la-mayoria-sindical-llama-a-manifestarse-el-8-de-enero\/#article\",\"isPartOf\":{\"@id\":\"https:\/\/sare.eus\/es\/la-mayoria-sindical-llama-a-manifestarse-el-8-de-enero\/\"},\"author\":{\"name\":\"sare\",\"@id\":\"https:\/\/sare.eus\/#\/schema\/person\/2fe6d0df294f56313d3ab236dbe38e17\"},\"headline\":\"LA MAYOR\u00cdA SINDICAL LLAMA A manifestarse el 8 DE ENERO\",\"datePublished\":\"2021-12-17T11:29:39+00:00\",\"dateModified\":\"2021-12-17T11:29:40+00:00\",\"mainEntityOfPage\":{\"@id\":\"https:\/\/sare.eus\/es\/la-mayoria-sindical-llama-a-manifestarse-el-8-de-enero\/\"},\"wordCount\":508,\"publisher\":{\"@id\":\"https:\/\/sare.eus\/#organization\"},\"image\":{\"@id\":\"https:\/\/sare.eus\/es\/la-mayoria-sindical-llama-a-manifestarse-el-8-de-enero\/#primaryimage\"},\"thumbnailUrl\":\"https:\/\/sare.eus\/wp-content\/uploads\/2021\/12\/sindikatuak-bilbo-web.jpg\",\"articleSection\":[\"Etxera\"],\"inLanguage\":\"es\"},{\"@type\":\"WebPage\",\"@id\":\"https:\/\/sare.eus\/es\/la-mayoria-sindical-llama-a-manifestarse-el-8-de-enero\/\",\"url\":\"https:\/\/sare.eus\/es\/la-mayoria-sindical-llama-a-manifestarse-el-8-de-enero\/\",\"name\":\"LA MAYOR\u00cdA SINDICAL LLAMA A manifestarse el 8 DE ENERO - Sare Herritarra\",\"isPartOf\":{\"@id\":\"https:\/\/sare.eus\/#website\"},\"primaryImageOfPage\":{\"@id\":\"https:\/\/sare.eus\/es\/la-mayoria-sindical-llama-a-manifestarse-el-8-de-enero\/#primaryimage\"},\"image\":{\"@id\":\"https:\/\/sare.eus\/es\/la-mayoria-sindical-llama-a-manifestarse-el-8-de-enero\/#primaryimage\"},\"thumbnailUrl\":\"https:\/\/sare.eus\/wp-content\/uploads\/2021\/12\/sindikatuak-bilbo-web.jpg\",\"datePublished\":\"2021-12-17T11:29:39+00:00\",\"dateModified\":\"2021-12-17T11:29:40+00:00\",\"breadcrumb\":{\"@id\":\"https:\/\/sare.eus\/es\/la-mayoria-sindical-llama-a-manifestarse-el-8-de-enero\/#breadcrumb\"},\"inLanguage\":\"es\",\"potentialAction\":[{\"@type\":\"ReadAction\",\"target\":[\"https:\/\/sare.eus\/es\/la-mayoria-sindical-llama-a-manifestarse-el-8-de-enero\/\"]}]},{\"@type\":\"ImageObject\",\"inLanguage\":\"es\",\"@id\":\"https:\/\/sare.eus\/es\/la-mayoria-sindical-llama-a-manifestarse-el-8-de-enero\/#primaryimage\",\"url\":\"https:\/\/sare.eus\/wp-content\/uploads\/2021\/12\/sindikatuak-bilbo-web.jpg\",\"contentUrl\":\"https:\/\/sare.eus\/wp-content\/uploads\/2021\/12\/sindikatuak-bilbo-web.jpg\",\"width\":1000,\"height\":582},{\"@type\":\"BreadcrumbList\",\"@id\":\"https:\/\/sare.eus\/es\/la-mayoria-sindical-llama-a-manifestarse-el-8-de-enero\/#breadcrumb\",\"itemListElement\":[{\"@type\":\"ListItem\",\"position\":1,\"name\":\"Home\",\"item\":\"https:\/\/sare.eus\/\"},{\"@type\":\"ListItem\",\"position\":2,\"name\":\"LA MAYOR\u00cdA SINDICAL LLAMA A manifestarse el 8 DE ENERO\"}]},{\"@type\":\"WebSite\",\"@id\":\"https:\/\/sare.eus\/#website\",\"url\":\"https:\/\/sare.eus\/\",\"name\":\"Sare Herritarra\",\"description\":\"KONPONBIDEAREN ETA GIZA ESKUBIDEEN ALDEKO SARE HERRITARRA\",\"publisher\":{\"@id\":\"https:\/\/sare.eus\/#organization\"},\"potentialAction\":[{\"@type\":\"SearchAction\",\"target\":{\"@type\":\"EntryPoint\",\"urlTemplate\":\"https:\/\/sare.eus\/?s={search_term_string}\"},\"query-input\":{\"@type\":\"PropertyValueSpecification\",\"valueRequired\":true,\"valueName\":\"search_term_string\"}}],\"inLanguage\":\"es\"},{\"@type\":\"Organization\",\"@id\":\"https:\/\/sare.eus\/#organization\",\"name\":\"Sare Herritarra\",\"url\":\"https:\/\/sare.eus\/\",\"logo\":{\"@type\":\"ImageObject\",\"inLanguage\":\"es\",\"@id\":\"https:\/\/sare.eus\/#\/schema\/logo\/image\/\",\"url\":\"https:\/\/sare.eus\/wp-content\/uploads\/2021\/08\/sare.png\",\"contentUrl\":\"https:\/\/sare.eus\/wp-content\/uploads\/2021\/08\/sare.png\",\"width\":120,\"height\":142,\"caption\":\"Sare Herritarra\"},\"image\":{\"@id\":\"https:\/\/sare.eus\/#\/schema\/logo\/image\/\"}},{\"@type\":\"Person\",\"@id\":\"https:\/\/sare.eus\/#\/schema\/person\/2fe6d0df294f56313d3ab236dbe38e17\",\"name\":\"sare\",\"image\":{\"@type\":\"ImageObject\",\"inLanguage\":\"es\",\"@id\":\"https:\/\/sare.eus\/#\/schema\/person\/image\/\",\"url\":\"https:\/\/secure.gravatar.com\/avatar\/77cad838677ceb1977e7b3c878b55eaa7fa4aae2158983063b047c3ad7ef2c25?s=96&d=mm&r=g\",\"contentUrl\":\"https:\/\/secure.gravatar.com\/avatar\/77cad838677ceb1977e7b3c878b55eaa7fa4aae2158983063b047c3ad7ef2c25?s=96&d=mm&r=g\",\"caption\":\"sare\"},\"url\":\"https:\/\/sare.eus\/es\/author\/sare\/\"}]}<\/script>\n<!-- \/ Yoast SEO plugin. -->","yoast_head_json":{"title":"LA MAYOR\u00cdA SINDICAL LLAMA A manifestarse el 8 DE ENERO - Sare Herritarra","robots":{"index":"index","follow":"follow","max-snippet":"max-snippet:-1","max-image-preview":"max-image-preview:large","max-video-preview":"max-video-preview:-1"},"canonical":"https:\/\/sare.eus\/es\/la-mayoria-sindical-llama-a-manifestarse-el-8-de-enero\/","og_locale":"es_ES","og_type":"article","og_title":"LA MAYOR\u00cdA SINDICAL LLAMA A manifestarse el 8 DE ENERO - Sare Herritarra","og_description":"Tras un a\u00f1o, de nuevo en Bilbao se podr\u00e1 celebrar este a\u00f1o la manifestaci\u00f3n que a\u00f1o tras a\u00f1o organiza Sare. El 8 de enero llenaremos las calles de Bilbao los [&hellip;]","og_url":"https:\/\/sare.eus\/es\/la-mayoria-sindical-llama-a-manifestarse-el-8-de-enero\/","og_site_name":"Sare Herritarra","article_published_time":"2021-12-17T11:29:39+00:00","article_modified_time":"2021-12-17T11:29:40+00:00","og_image":[{"width":1000,"height":582,"url":"https:\/\/sare.eus\/wp-content\/uploads\/2021\/12\/sindikatuak-bilbo-web.jpg","type":"image\/jpeg"}],"author":"sare","twitter_card":"summary_large_image","twitter_misc":{"Escrito por":"sare","Tiempo de lectura":"2 minutos"},"schema":{"@context":"https:\/\/schema.org","@graph":[{"@type":"Article","@id":"https:\/\/sare.eus\/es\/la-mayoria-sindical-llama-a-manifestarse-el-8-de-enero\/#article","isPartOf":{"@id":"https:\/\/sare.eus\/es\/la-mayoria-sindical-llama-a-manifestarse-el-8-de-enero\/"},"author":{"name":"sare","@id":"https:\/\/sare.eus\/#\/schema\/person\/2fe6d0df294f56313d3ab236dbe38e17"},"headline":"LA MAYOR\u00cdA SINDICAL LLAMA A manifestarse el 8 DE ENERO","datePublished":"2021-12-17T11:29:39+00:00","dateModified":"2021-12-17T11:29:40+00:00","mainEntityOfPage":{"@id":"https:\/\/sare.eus\/es\/la-mayoria-sindical-llama-a-manifestarse-el-8-de-enero\/"},"wordCount":508,"publisher":{"@id":"https:\/\/sare.eus\/#organization"},"image":{"@id":"https:\/\/sare.eus\/es\/la-mayoria-sindical-llama-a-manifestarse-el-8-de-enero\/#primaryimage"},"thumbnailUrl":"https:\/\/sare.eus\/wp-content\/uploads\/2021\/12\/sindikatuak-bilbo-web.jpg","articleSection":["Etxera"],"inLanguage":"es"},{"@type":"WebPage","@id":"https:\/\/sare.eus\/es\/la-mayoria-sindical-llama-a-manifestarse-el-8-de-enero\/","url":"https:\/\/sare.eus\/es\/la-mayoria-sindical-llama-a-manifestarse-el-8-de-enero\/","name":"LA MAYOR\u00cdA SINDICAL LLAMA A manifestarse el 8 DE ENERO - Sare Herritarra","isPartOf":{"@id":"https:\/\/sare.eus\/#website"},"primaryImageOfPage":{"@id":"https:\/\/sare.eus\/es\/la-mayoria-sindical-llama-a-manifestarse-el-8-de-enero\/#primaryimage"},"image":{"@id":"https:\/\/sare.eus\/es\/la-mayoria-sindical-llama-a-manifestarse-el-8-de-enero\/#primaryimage"},"thumbnailUrl":"https:\/\/sare.eus\/wp-content\/uploads\/2021\/12\/sindikatuak-bilbo-web.jpg","datePublished":"2021-12-17T11:29:39+00:00","dateModified":"2021-12-17T11:29:40+00:00","breadcrumb":{"@id":"https:\/\/sare.eus\/es\/la-mayoria-sindical-llama-a-manifestarse-el-8-de-enero\/#breadcrumb"},"inLanguage":"es","potentialAction":[{"@type":"ReadAction","target":["https:\/\/sare.eus\/es\/la-mayoria-sindical-llama-a-manifestarse-el-8-de-enero\/"]}]},{"@type":"ImageObject","inLanguage":"es","@id":"https:\/\/sare.eus\/es\/la-mayoria-sindical-llama-a-manifestarse-el-8-de-enero\/#primaryimage","url":"https:\/\/sare.eus\/wp-content\/uploads\/2021\/12\/sindikatuak-bilbo-web.jpg","contentUrl":"https:\/\/sare.eus\/wp-content\/uploads\/2021\/12\/sindikatuak-bilbo-web.jpg","width":1000,"height":582},{"@type":"BreadcrumbList","@id":"https:\/\/sare.eus\/es\/la-mayoria-sindical-llama-a-manifestarse-el-8-de-enero\/#breadcrumb","itemListElement":[{"@type":"ListItem","position":1,"name":"Home","item":"https:\/\/sare.eus\/"},{"@type":"ListItem","position":2,"name":"LA MAYOR\u00cdA SINDICAL LLAMA A manifestarse el 8 DE ENERO"}]},{"@type":"WebSite","@id":"https:\/\/sare.eus\/#website","url":"https:\/\/sare.eus\/","name":"Sare Herritarra","description":"KONPONBIDEAREN ETA GIZA ESKUBIDEEN ALDEKO SARE HERRITARRA","publisher":{"@id":"https:\/\/sare.eus\/#organization"},"potentialAction":[{"@type":"SearchAction","target":{"@type":"EntryPoint","urlTemplate":"https:\/\/sare.eus\/?s={search_term_string}"},"query-input":{"@type":"PropertyValueSpecification","valueRequired":true,"valueName":"search_term_string"}}],"inLanguage":"es"},{"@type":"Organization","@id":"https:\/\/sare.eus\/#organization","name":"Sare Herritarra","url":"https:\/\/sare.eus\/","logo":{"@type":"ImageObject","inLanguage":"es","@id":"https:\/\/sare.eus\/#\/schema\/logo\/image\/","url":"https:\/\/sare.eus\/wp-content\/uploads\/2021\/08\/sare.png","contentUrl":"https:\/\/sare.eus\/wp-content\/uploads\/2021\/08\/sare.png","width":120,"height":142,"caption":"Sare Herritarra"},"image":{"@id":"https:\/\/sare.eus\/#\/schema\/logo\/image\/"}},{"@type":"Person","@id":"https:\/\/sare.eus\/#\/schema\/person\/2fe6d0df294f56313d3ab236dbe38e17","name":"sare","image":{"@type":"ImageObject","inLanguage":"es","@id":"https:\/\/sare.eus\/#\/schema\/person\/image\/","url":"https:\/\/secure.gravatar.com\/avatar\/77cad838677ceb1977e7b3c878b55eaa7fa4aae2158983063b047c3ad7ef2c25?s=96&d=mm&r=g","contentUrl":"https:\/\/secure.gravatar.com\/avatar\/77cad838677ceb1977e7b3c878b55eaa7fa4aae2158983063b047c3ad7ef2c25?s=96&d=mm&r=g","caption":"sare"},"url":"https:\/\/sare.eus\/es\/author\/sare\/"}]}},"_links":{"self":[{"href":"https:\/\/sare.eus\/es\/wp-json\/wp\/v2\/posts\/1992","targetHints":{"allow":["GET"]}}],"collection":[{"href":"https:\/\/sare.eus\/es\/wp-json\/wp\/v2\/posts"}],"about":[{"href":"https:\/\/sare.eus\/es\/wp-json\/wp\/v2\/types\/post"}],"author":[{"embeddable":true,"href":"https:\/\/sare.eus\/es\/wp-json\/wp\/v2\/users\/2"}],"replies":[{"embeddable":true,"href":"https:\/\/sare.eus\/es\/wp-json\/wp\/v2\/comments?post=1992"}],"version-history":[{"count":5,"href":"https:\/\/sare.eus\/es\/wp-json\/wp\/v2\/posts\/1992\/revisions"}],"predecessor-version":[{"id":2000,"href":"https:\/\/sare.eus\/es\/wp-json\/wp\/v2\/posts\/1992\/revisions\/2000"}],"wp:featuredmedia":[{"embeddable":true,"href":"https:\/\/sare.eus\/es\/wp-json\/wp\/v2\/media\/1991"}],"wp:attachment":[{"href":"https:\/\/sare.eus\/es\/wp-json\/wp\/v2\/media?parent=1992"}],"wp:term":[{"taxonomy":"category","embeddable":true,"href":"https:\/\/sare.eus\/es\/wp-json\/wp\/v2\/categories?post=1992"},{"taxonomy":"post_tag","embeddable":true,"href":"https:\/\/sare.eus\/es\/wp-json\/wp\/v2\/tags?post=1992"}],"curies":[{"name":"wp","href":"https:\/\/api.w.org\/{rel}","templated":true}]}}