{"id":1958,"date":"2021-12-15T09:27:31","date_gmt":"2021-12-15T09:27:31","guid":{"rendered":"https:\/\/sare.eus\/?p=1958"},"modified":"2021-12-15T09:32:37","modified_gmt":"2021-12-15T09:32:37","slug":"mediante-esta-nota-de-prensa-queremos-adelantar-informacion-sobre-el-acto-que-antes-de-la-manifestacion-en-bilbo-de-este-8-de-enero-realizaremos-por-la-manana-en-el-palacio-euskalduna","status":"publish","type":"post","link":"https:\/\/sare.eus\/es\/mediante-esta-nota-de-prensa-queremos-adelantar-informacion-sobre-el-acto-que-antes-de-la-manifestacion-en-bilbo-de-este-8-de-enero-realizaremos-por-la-manana-en-el-palacio-euskalduna\/","title":{"rendered":"Mediante esta nota de prensa queremos adelantar informaci\u00f3n sobre el acto que, antes de la manifestaci\u00f3n en Bilbo de este 8 de enero, realizaremos por la ma\u00f1ana en el Palacio Euskalduna."},"content":{"rendered":"<p>Mediante esta nota de prensa queremos adelantar informaci\u00f3n sobre el acto que, antes de la manifestaci\u00f3n en Bilbo de este 8 de enero, realizaremos por la ma\u00f1ana en el Palacio Euskalduna.<\/p>\n<p>Como adelantamos en la presentaci\u00f3n de la multitudinaria manifestaci\u00f3n que cada a\u00f1o celebramos en enero en Bilbo, horas antes de la manifestaci\u00f3n, por la ma\u00f1ana, realizaremos un acto en el Palacio Euskalduna con presencia de personalidades y representantes del \u00e1mbito pol\u00edtico, sindical y social.<\/p>\n<p>Mediante esta nota, queremos anunciar, que este acto dar\u00e1 comienzo a las 10.30 de la ma\u00f1ana con una mesa redonda en la que participar\u00e1n diferentes v\u00edctimas, moderado por la periodista Pili Kaltzada.<\/p>\n<p>\u2022 Robert Manrique, v\u00edctima de ETA (Hipercor)<br \/>\n\u2022 Naiara Zamarre\u00f1o v\u00edctima de ETA (hija de Manuel Zamarre\u00f1o)<br \/>\n\u2022 Rosa Lluch v\u00edctima de ETA (hija de Ernest Lluch)<br \/>\n\u2022 Maider Garc\u00eda v\u00edctima de los GAL (hija de Juan Carlos Garc\u00eda)<br \/>\n\u2022 Idoia Zabalza v\u00edctima de la violencia policial-Estatal (hermana de Mikel Zabalza)<\/p>\n<p>Esta mesa redonda se difundir\u00e1 en streaming. Tras la mesa redonda, los portavoces de Sare compartir\u00e1n una breve reflexi\u00f3n sobre la necesidad de avanzar en este camino hacia la convivencia, basada en la empat\u00eda, la responsabilidad y el reconocimiento y el respeto de todos los sufrimientos. As\u00ed como la necesidad de avanzar en ese proceso de regreso a casa de los y las presas vascas, tambi\u00e9n necesario para seguir avanzando en ese camino hacia la convivencia y la paz.<\/p>\n<p>Desde Sare, creemos que EH necesita reconstruir tantos puentes destruidos y unir voluntades en aras de la convivencia.<\/p>\n<p>Es por ello que queremos dar voz a las personas que han sido victimas de las diferentes violencias ejercidas en nuestro pueblo. Se suele hablar mucho de las v\u00edctimas, incluso hay quienes dicen hablar en su nombre, pero es importante hablar con ellas, escucharlas y apoyarlas.<\/p>\n<p>Esta es la voluntad de Sare; empatizar, acercarnos al sufrimiento del otro\/a, avanzar, reconocernos unos\/as a otros\/as y no utilizar el dolor de nadie pol\u00edticamente contra nadie.<\/p>\n<p>Esta&nbsp;ser\u00e1&nbsp;el&nbsp;camino&nbsp;que&nbsp;seguir\u00e1&nbsp;Sare&nbsp;en&nbsp;aras&nbsp;de&nbsp;la&nbsp;convivencia.<\/p>\n<p>Tras este acto, Sare har\u00e1 publica las conclusiones de una reflexi\u00f3n interna sobre el momento que estamos viviendo y la necesidad de poder ser \u00fatiles en el camino de la resoluci\u00f3n, la convivencia y la paz.<\/p>\n<p>Sera un documento, extenso, pero que analiza cada uno de los elementos distorsionadores no solo de la pol\u00edtica penitenciaria, sino, tambi\u00e9n, del tratamiento a las victimas de las violencias; el relato de la memoria; los datos de la situaci\u00f3n actual, etc. (en el acto solo trasladaremos las l\u00edneas generales)<\/p>\n","protected":false},"excerpt":{"rendered":"<p>Mediante esta nota de prensa queremos adelantar informaci\u00f3n sobre el acto que, antes de la manifestaci\u00f3n en Bilbo de este 8 de enero, realizaremos por la ma\u00f1ana en el Palacio [&hellip;]<\/p>\n","protected":false},"author":2,"featured_media":1966,"comment_status":"closed","ping_status":"closed","sticky":false,"template":"","format":"standard","meta":{"_acf_changed":false,"_et_pb_use_builder":"off","_et_pb_old_content":"","_et_gb_content_width":"","footnotes":""},"categories":[60],"tags":[],"class_list":["post-1958","post","type-post","status-publish","format-standard","has-post-thumbnail","hentry","category-etxera-es","et-has-post-format-content","et_post_format-et-post-format-standard"],"acf":[],"yoast_head":"<!-- This site is optimized with the Yoast SEO plugin v26.4 - https:\/\/yoast.com\/wordpress\/plugins\/seo\/ -->\n<title>Mediante esta nota de prensa queremos adelantar informaci\u00f3n sobre el acto que, antes de la manifestaci\u00f3n en Bilbo de este 8 de enero, realizaremos por la ma\u00f1ana en el Palacio Euskalduna. - Sare Herritarra<\/title>\n<meta name=\"robots\" content=\"index, follow, max-snippet:-1, max-image-preview:large, max-video-preview:-1\" \/>\n<link rel=\"canonical\" href=\"https:\/\/sare.eus\/es\/mediante-esta-nota-de-prensa-queremos-adelantar-informacion-sobre-el-acto-que-antes-de-la-manifestacion-en-bilbo-de-este-8-de-enero-realizaremos-por-la-manana-en-el-palacio-euskalduna\/\" \/>\n<meta property=\"og:locale\" content=\"es_ES\" \/>\n<meta property=\"og:type\" content=\"article\" \/>\n<meta property=\"og:title\" content=\"Mediante esta nota de prensa queremos adelantar informaci\u00f3n sobre el acto que, antes de la manifestaci\u00f3n en Bilbo de este 8 de enero, realizaremos por la ma\u00f1ana en el Palacio Euskalduna. - Sare Herritarra\" \/>\n<meta property=\"og:description\" content=\"Mediante esta nota de prensa queremos adelantar informaci\u00f3n sobre el acto que, antes de la manifestaci\u00f3n en Bilbo de este 8 de enero, realizaremos por la ma\u00f1ana en el Palacio [&hellip;]\" \/>\n<meta property=\"og:url\" content=\"https:\/\/sare.eus\/es\/mediante-esta-nota-de-prensa-queremos-adelantar-informacion-sobre-el-acto-que-antes-de-la-manifestacion-en-bilbo-de-este-8-de-enero-realizaremos-por-la-manana-en-el-palacio-euskalduna\/\" \/>\n<meta property=\"og:site_name\" content=\"Sare Herritarra\" \/>\n<meta property=\"article:published_time\" content=\"2021-12-15T09:27:31+00:00\" \/>\n<meta property=\"article:modified_time\" content=\"2021-12-15T09:32:37+00:00\" \/>\n<meta property=\"og:image\" content=\"https:\/\/sare.eus\/wp-content\/uploads\/2021\/12\/2021.12.15-oharra-euskalduna_web.jpg\" \/>\n\t<meta property=\"og:image:width\" content=\"2048\" \/>\n\t<meta property=\"og:image:height\" content=\"1112\" \/>\n\t<meta property=\"og:image:type\" content=\"image\/jpeg\" \/>\n<meta name=\"author\" content=\"sare\" \/>\n<meta name=\"twitter:card\" content=\"summary_large_image\" \/>\n<meta name=\"twitter:label1\" content=\"Escrito por\" \/>\n\t<meta name=\"twitter:data1\" content=\"sare\" \/>\n\t<meta name=\"twitter:label2\" content=\"Tiempo de lectura\" \/>\n\t<meta name=\"twitter:data2\" content=\"2 minutos\" \/>\n<script type=\"application\/ld+json\" class=\"yoast-schema-graph\">{\"@context\":\"https:\/\/schema.org\",\"@graph\":[{\"@type\":\"Article\",\"@id\":\"https:\/\/sare.eus\/es\/mediante-esta-nota-de-prensa-queremos-adelantar-informacion-sobre-el-acto-que-antes-de-la-manifestacion-en-bilbo-de-este-8-de-enero-realizaremos-por-la-manana-en-el-palacio-euskalduna\/#article\",\"isPartOf\":{\"@id\":\"https:\/\/sare.eus\/es\/mediante-esta-nota-de-prensa-queremos-adelantar-informacion-sobre-el-acto-que-antes-de-la-manifestacion-en-bilbo-de-este-8-de-enero-realizaremos-por-la-manana-en-el-palacio-euskalduna\/\"},\"author\":{\"name\":\"sare\",\"@id\":\"https:\/\/sare.eus\/#\/schema\/person\/2fe6d0df294f56313d3ab236dbe38e17\"},\"headline\":\"Mediante esta nota de prensa queremos adelantar informaci\u00f3n sobre el acto que, antes de la manifestaci\u00f3n en Bilbo de este 8 de enero, realizaremos por la ma\u00f1ana en el Palacio Euskalduna.\",\"datePublished\":\"2021-12-15T09:27:31+00:00\",\"dateModified\":\"2021-12-15T09:32:37+00:00\",\"mainEntityOfPage\":{\"@id\":\"https:\/\/sare.eus\/es\/mediante-esta-nota-de-prensa-queremos-adelantar-informacion-sobre-el-acto-que-antes-de-la-manifestacion-en-bilbo-de-este-8-de-enero-realizaremos-por-la-manana-en-el-palacio-euskalduna\/\"},\"wordCount\":498,\"publisher\":{\"@id\":\"https:\/\/sare.eus\/#organization\"},\"image\":{\"@id\":\"https:\/\/sare.eus\/es\/mediante-esta-nota-de-prensa-queremos-adelantar-informacion-sobre-el-acto-que-antes-de-la-manifestacion-en-bilbo-de-este-8-de-enero-realizaremos-por-la-manana-en-el-palacio-euskalduna\/#primaryimage\"},\"thumbnailUrl\":\"https:\/\/sare.eus\/wp-content\/uploads\/2021\/12\/2021.12.15-oharra-euskalduna_web.jpg\",\"articleSection\":[\"Etxera\"],\"inLanguage\":\"es\"},{\"@type\":\"WebPage\",\"@id\":\"https:\/\/sare.eus\/es\/mediante-esta-nota-de-prensa-queremos-adelantar-informacion-sobre-el-acto-que-antes-de-la-manifestacion-en-bilbo-de-este-8-de-enero-realizaremos-por-la-manana-en-el-palacio-euskalduna\/\",\"url\":\"https:\/\/sare.eus\/es\/mediante-esta-nota-de-prensa-queremos-adelantar-informacion-sobre-el-acto-que-antes-de-la-manifestacion-en-bilbo-de-este-8-de-enero-realizaremos-por-la-manana-en-el-palacio-euskalduna\/\",\"name\":\"Mediante esta nota de prensa queremos adelantar informaci\u00f3n sobre el acto que, antes de la manifestaci\u00f3n en Bilbo de este 8 de enero, realizaremos por la ma\u00f1ana en el Palacio Euskalduna. - Sare Herritarra\",\"isPartOf\":{\"@id\":\"https:\/\/sare.eus\/#website\"},\"primaryImageOfPage\":{\"@id\":\"https:\/\/sare.eus\/es\/mediante-esta-nota-de-prensa-queremos-adelantar-informacion-sobre-el-acto-que-antes-de-la-manifestacion-en-bilbo-de-este-8-de-enero-realizaremos-por-la-manana-en-el-palacio-euskalduna\/#primaryimage\"},\"image\":{\"@id\":\"https:\/\/sare.eus\/es\/mediante-esta-nota-de-prensa-queremos-adelantar-informacion-sobre-el-acto-que-antes-de-la-manifestacion-en-bilbo-de-este-8-de-enero-realizaremos-por-la-manana-en-el-palacio-euskalduna\/#primaryimage\"},\"thumbnailUrl\":\"https:\/\/sare.eus\/wp-content\/uploads\/2021\/12\/2021.12.15-oharra-euskalduna_web.jpg\",\"datePublished\":\"2021-12-15T09:27:31+00:00\",\"dateModified\":\"2021-12-15T09:32:37+00:00\",\"breadcrumb\":{\"@id\":\"https:\/\/sare.eus\/es\/mediante-esta-nota-de-prensa-queremos-adelantar-informacion-sobre-el-acto-que-antes-de-la-manifestacion-en-bilbo-de-este-8-de-enero-realizaremos-por-la-manana-en-el-palacio-euskalduna\/#breadcrumb\"},\"inLanguage\":\"es\",\"potentialAction\":[{\"@type\":\"ReadAction\",\"target\":[\"https:\/\/sare.eus\/es\/mediante-esta-nota-de-prensa-queremos-adelantar-informacion-sobre-el-acto-que-antes-de-la-manifestacion-en-bilbo-de-este-8-de-enero-realizaremos-por-la-manana-en-el-palacio-euskalduna\/\"]}]},{\"@type\":\"ImageObject\",\"inLanguage\":\"es\",\"@id\":\"https:\/\/sare.eus\/es\/mediante-esta-nota-de-prensa-queremos-adelantar-informacion-sobre-el-acto-que-antes-de-la-manifestacion-en-bilbo-de-este-8-de-enero-realizaremos-por-la-manana-en-el-palacio-euskalduna\/#primaryimage\",\"url\":\"https:\/\/sare.eus\/wp-content\/uploads\/2021\/12\/2021.12.15-oharra-euskalduna_web.jpg\",\"contentUrl\":\"https:\/\/sare.eus\/wp-content\/uploads\/2021\/12\/2021.12.15-oharra-euskalduna_web.jpg\",\"width\":2048,\"height\":1112},{\"@type\":\"BreadcrumbList\",\"@id\":\"https:\/\/sare.eus\/es\/mediante-esta-nota-de-prensa-queremos-adelantar-informacion-sobre-el-acto-que-antes-de-la-manifestacion-en-bilbo-de-este-8-de-enero-realizaremos-por-la-manana-en-el-palacio-euskalduna\/#breadcrumb\",\"itemListElement\":[{\"@type\":\"ListItem\",\"position\":1,\"name\":\"Home\",\"item\":\"https:\/\/sare.eus\/\"},{\"@type\":\"ListItem\",\"position\":2,\"name\":\"Mediante esta nota de prensa queremos adelantar informaci\u00f3n sobre el acto que, antes de la manifestaci\u00f3n en Bilbo de este 8 de enero, realizaremos por la ma\u00f1ana en el Palacio Euskalduna.\"}]},{\"@type\":\"WebSite\",\"@id\":\"https:\/\/sare.eus\/#website\",\"url\":\"https:\/\/sare.eus\/\",\"name\":\"Sare Herritarra\",\"description\":\"KONPONBIDEAREN ETA GIZA ESKUBIDEEN ALDEKO SARE HERRITARRA\",\"publisher\":{\"@id\":\"https:\/\/sare.eus\/#organization\"},\"potentialAction\":[{\"@type\":\"SearchAction\",\"target\":{\"@type\":\"EntryPoint\",\"urlTemplate\":\"https:\/\/sare.eus\/?s={search_term_string}\"},\"query-input\":{\"@type\":\"PropertyValueSpecification\",\"valueRequired\":true,\"valueName\":\"search_term_string\"}}],\"inLanguage\":\"es\"},{\"@type\":\"Organization\",\"@id\":\"https:\/\/sare.eus\/#organization\",\"name\":\"Sare Herritarra\",\"url\":\"https:\/\/sare.eus\/\",\"logo\":{\"@type\":\"ImageObject\",\"inLanguage\":\"es\",\"@id\":\"https:\/\/sare.eus\/#\/schema\/logo\/image\/\",\"url\":\"https:\/\/sare.eus\/wp-content\/uploads\/2021\/08\/sare.png\",\"contentUrl\":\"https:\/\/sare.eus\/wp-content\/uploads\/2021\/08\/sare.png\",\"width\":120,\"height\":142,\"caption\":\"Sare Herritarra\"},\"image\":{\"@id\":\"https:\/\/sare.eus\/#\/schema\/logo\/image\/\"}},{\"@type\":\"Person\",\"@id\":\"https:\/\/sare.eus\/#\/schema\/person\/2fe6d0df294f56313d3ab236dbe38e17\",\"name\":\"sare\",\"image\":{\"@type\":\"ImageObject\",\"inLanguage\":\"es\",\"@id\":\"https:\/\/sare.eus\/#\/schema\/person\/image\/\",\"url\":\"https:\/\/secure.gravatar.com\/avatar\/77cad838677ceb1977e7b3c878b55eaa7fa4aae2158983063b047c3ad7ef2c25?s=96&d=mm&r=g\",\"contentUrl\":\"https:\/\/secure.gravatar.com\/avatar\/77cad838677ceb1977e7b3c878b55eaa7fa4aae2158983063b047c3ad7ef2c25?s=96&d=mm&r=g\",\"caption\":\"sare\"},\"url\":\"https:\/\/sare.eus\/es\/author\/sare\/\"}]}<\/script>\n<!-- \/ Yoast SEO plugin. -->","yoast_head_json":{"title":"Mediante esta nota de prensa queremos adelantar informaci\u00f3n sobre el acto que, antes de la manifestaci\u00f3n en Bilbo de este 8 de enero, realizaremos por la ma\u00f1ana en el Palacio Euskalduna. - Sare Herritarra","robots":{"index":"index","follow":"follow","max-snippet":"max-snippet:-1","max-image-preview":"max-image-preview:large","max-video-preview":"max-video-preview:-1"},"canonical":"https:\/\/sare.eus\/es\/mediante-esta-nota-de-prensa-queremos-adelantar-informacion-sobre-el-acto-que-antes-de-la-manifestacion-en-bilbo-de-este-8-de-enero-realizaremos-por-la-manana-en-el-palacio-euskalduna\/","og_locale":"es_ES","og_type":"article","og_title":"Mediante esta nota de prensa queremos adelantar informaci\u00f3n sobre el acto que, antes de la manifestaci\u00f3n en Bilbo de este 8 de enero, realizaremos por la ma\u00f1ana en el Palacio Euskalduna. - Sare Herritarra","og_description":"Mediante esta nota de prensa queremos adelantar informaci\u00f3n sobre el acto que, antes de la manifestaci\u00f3n en Bilbo de este 8 de enero, realizaremos por la ma\u00f1ana en el Palacio [&hellip;]","og_url":"https:\/\/sare.eus\/es\/mediante-esta-nota-de-prensa-queremos-adelantar-informacion-sobre-el-acto-que-antes-de-la-manifestacion-en-bilbo-de-este-8-de-enero-realizaremos-por-la-manana-en-el-palacio-euskalduna\/","og_site_name":"Sare Herritarra","article_published_time":"2021-12-15T09:27:31+00:00","article_modified_time":"2021-12-15T09:32:37+00:00","og_image":[{"width":2048,"height":1112,"url":"https:\/\/sare.eus\/wp-content\/uploads\/2021\/12\/2021.12.15-oharra-euskalduna_web.jpg","type":"image\/jpeg"}],"author":"sare","twitter_card":"summary_large_image","twitter_misc":{"Escrito por":"sare","Tiempo de lectura":"2 minutos"},"schema":{"@context":"https:\/\/schema.org","@graph":[{"@type":"Article","@id":"https:\/\/sare.eus\/es\/mediante-esta-nota-de-prensa-queremos-adelantar-informacion-sobre-el-acto-que-antes-de-la-manifestacion-en-bilbo-de-este-8-de-enero-realizaremos-por-la-manana-en-el-palacio-euskalduna\/#article","isPartOf":{"@id":"https:\/\/sare.eus\/es\/mediante-esta-nota-de-prensa-queremos-adelantar-informacion-sobre-el-acto-que-antes-de-la-manifestacion-en-bilbo-de-este-8-de-enero-realizaremos-por-la-manana-en-el-palacio-euskalduna\/"},"author":{"name":"sare","@id":"https:\/\/sare.eus\/#\/schema\/person\/2fe6d0df294f56313d3ab236dbe38e17"},"headline":"Mediante esta nota de prensa queremos adelantar informaci\u00f3n sobre el acto que, antes de la manifestaci\u00f3n en Bilbo de este 8 de enero, realizaremos por la ma\u00f1ana en el Palacio Euskalduna.","datePublished":"2021-12-15T09:27:31+00:00","dateModified":"2021-12-15T09:32:37+00:00","mainEntityOfPage":{"@id":"https:\/\/sare.eus\/es\/mediante-esta-nota-de-prensa-queremos-adelantar-informacion-sobre-el-acto-que-antes-de-la-manifestacion-en-bilbo-de-este-8-de-enero-realizaremos-por-la-manana-en-el-palacio-euskalduna\/"},"wordCount":498,"publisher":{"@id":"https:\/\/sare.eus\/#organization"},"image":{"@id":"https:\/\/sare.eus\/es\/mediante-esta-nota-de-prensa-queremos-adelantar-informacion-sobre-el-acto-que-antes-de-la-manifestacion-en-bilbo-de-este-8-de-enero-realizaremos-por-la-manana-en-el-palacio-euskalduna\/#primaryimage"},"thumbnailUrl":"https:\/\/sare.eus\/wp-content\/uploads\/2021\/12\/2021.12.15-oharra-euskalduna_web.jpg","articleSection":["Etxera"],"inLanguage":"es"},{"@type":"WebPage","@id":"https:\/\/sare.eus\/es\/mediante-esta-nota-de-prensa-queremos-adelantar-informacion-sobre-el-acto-que-antes-de-la-manifestacion-en-bilbo-de-este-8-de-enero-realizaremos-por-la-manana-en-el-palacio-euskalduna\/","url":"https:\/\/sare.eus\/es\/mediante-esta-nota-de-prensa-queremos-adelantar-informacion-sobre-el-acto-que-antes-de-la-manifestacion-en-bilbo-de-este-8-de-enero-realizaremos-por-la-manana-en-el-palacio-euskalduna\/","name":"Mediante esta nota de prensa queremos adelantar informaci\u00f3n sobre el acto que, antes de la manifestaci\u00f3n en Bilbo de este 8 de enero, realizaremos por la ma\u00f1ana en el Palacio Euskalduna. - Sare Herritarra","isPartOf":{"@id":"https:\/\/sare.eus\/#website"},"primaryImageOfPage":{"@id":"https:\/\/sare.eus\/es\/mediante-esta-nota-de-prensa-queremos-adelantar-informacion-sobre-el-acto-que-antes-de-la-manifestacion-en-bilbo-de-este-8-de-enero-realizaremos-por-la-manana-en-el-palacio-euskalduna\/#primaryimage"},"image":{"@id":"https:\/\/sare.eus\/es\/mediante-esta-nota-de-prensa-queremos-adelantar-informacion-sobre-el-acto-que-antes-de-la-manifestacion-en-bilbo-de-este-8-de-enero-realizaremos-por-la-manana-en-el-palacio-euskalduna\/#primaryimage"},"thumbnailUrl":"https:\/\/sare.eus\/wp-content\/uploads\/2021\/12\/2021.12.15-oharra-euskalduna_web.jpg","datePublished":"2021-12-15T09:27:31+00:00","dateModified":"2021-12-15T09:32:37+00:00","breadcrumb":{"@id":"https:\/\/sare.eus\/es\/mediante-esta-nota-de-prensa-queremos-adelantar-informacion-sobre-el-acto-que-antes-de-la-manifestacion-en-bilbo-de-este-8-de-enero-realizaremos-por-la-manana-en-el-palacio-euskalduna\/#breadcrumb"},"inLanguage":"es","potentialAction":[{"@type":"ReadAction","target":["https:\/\/sare.eus\/es\/mediante-esta-nota-de-prensa-queremos-adelantar-informacion-sobre-el-acto-que-antes-de-la-manifestacion-en-bilbo-de-este-8-de-enero-realizaremos-por-la-manana-en-el-palacio-euskalduna\/"]}]},{"@type":"ImageObject","inLanguage":"es","@id":"https:\/\/sare.eus\/es\/mediante-esta-nota-de-prensa-queremos-adelantar-informacion-sobre-el-acto-que-antes-de-la-manifestacion-en-bilbo-de-este-8-de-enero-realizaremos-por-la-manana-en-el-palacio-euskalduna\/#primaryimage","url":"https:\/\/sare.eus\/wp-content\/uploads\/2021\/12\/2021.12.15-oharra-euskalduna_web.jpg","contentUrl":"https:\/\/sare.eus\/wp-content\/uploads\/2021\/12\/2021.12.15-oharra-euskalduna_web.jpg","width":2048,"height":1112},{"@type":"BreadcrumbList","@id":"https:\/\/sare.eus\/es\/mediante-esta-nota-de-prensa-queremos-adelantar-informacion-sobre-el-acto-que-antes-de-la-manifestacion-en-bilbo-de-este-8-de-enero-realizaremos-por-la-manana-en-el-palacio-euskalduna\/#breadcrumb","itemListElement":[{"@type":"ListItem","position":1,"name":"Home","item":"https:\/\/sare.eus\/"},{"@type":"ListItem","position":2,"name":"Mediante esta nota de prensa queremos adelantar informaci\u00f3n sobre el acto que, antes de la manifestaci\u00f3n en Bilbo de este 8 de enero, realizaremos por la ma\u00f1ana en el Palacio Euskalduna."}]},{"@type":"WebSite","@id":"https:\/\/sare.eus\/#website","url":"https:\/\/sare.eus\/","name":"Sare Herritarra","description":"KONPONBIDEAREN ETA GIZA ESKUBIDEEN ALDEKO SARE HERRITARRA","publisher":{"@id":"https:\/\/sare.eus\/#organization"},"potentialAction":[{"@type":"SearchAction","target":{"@type":"EntryPoint","urlTemplate":"https:\/\/sare.eus\/?s={search_term_string}"},"query-input":{"@type":"PropertyValueSpecification","valueRequired":true,"valueName":"search_term_string"}}],"inLanguage":"es"},{"@type":"Organization","@id":"https:\/\/sare.eus\/#organization","name":"Sare Herritarra","url":"https:\/\/sare.eus\/","logo":{"@type":"ImageObject","inLanguage":"es","@id":"https:\/\/sare.eus\/#\/schema\/logo\/image\/","url":"https:\/\/sare.eus\/wp-content\/uploads\/2021\/08\/sare.png","contentUrl":"https:\/\/sare.eus\/wp-content\/uploads\/2021\/08\/sare.png","width":120,"height":142,"caption":"Sare Herritarra"},"image":{"@id":"https:\/\/sare.eus\/#\/schema\/logo\/image\/"}},{"@type":"Person","@id":"https:\/\/sare.eus\/#\/schema\/person\/2fe6d0df294f56313d3ab236dbe38e17","name":"sare","image":{"@type":"ImageObject","inLanguage":"es","@id":"https:\/\/sare.eus\/#\/schema\/person\/image\/","url":"https:\/\/secure.gravatar.com\/avatar\/77cad838677ceb1977e7b3c878b55eaa7fa4aae2158983063b047c3ad7ef2c25?s=96&d=mm&r=g","contentUrl":"https:\/\/secure.gravatar.com\/avatar\/77cad838677ceb1977e7b3c878b55eaa7fa4aae2158983063b047c3ad7ef2c25?s=96&d=mm&r=g","caption":"sare"},"url":"https:\/\/sare.eus\/es\/author\/sare\/"}]}},"_links":{"self":[{"href":"https:\/\/sare.eus\/es\/wp-json\/wp\/v2\/posts\/1958","targetHints":{"allow":["GET"]}}],"collection":[{"href":"https:\/\/sare.eus\/es\/wp-json\/wp\/v2\/posts"}],"about":[{"href":"https:\/\/sare.eus\/es\/wp-json\/wp\/v2\/types\/post"}],"author":[{"embeddable":true,"href":"https:\/\/sare.eus\/es\/wp-json\/wp\/v2\/users\/2"}],"replies":[{"embeddable":true,"href":"https:\/\/sare.eus\/es\/wp-json\/wp\/v2\/comments?post=1958"}],"version-history":[{"count":6,"href":"https:\/\/sare.eus\/es\/wp-json\/wp\/v2\/posts\/1958\/revisions"}],"predecessor-version":[{"id":1973,"href":"https:\/\/sare.eus\/es\/wp-json\/wp\/v2\/posts\/1958\/revisions\/1973"}],"wp:featuredmedia":[{"embeddable":true,"href":"https:\/\/sare.eus\/es\/wp-json\/wp\/v2\/media\/1966"}],"wp:attachment":[{"href":"https:\/\/sare.eus\/es\/wp-json\/wp\/v2\/media?parent=1958"}],"wp:term":[{"taxonomy":"category","embeddable":true,"href":"https:\/\/sare.eus\/es\/wp-json\/wp\/v2\/categories?post=1958"},{"taxonomy":"post_tag","embeddable":true,"href":"https:\/\/sare.eus\/es\/wp-json\/wp\/v2\/tags?post=1958"}],"curies":[{"name":"wp","href":"https:\/\/api.w.org\/{rel}","templated":true}]}}