{"id":1941,"date":"2021-12-14T14:06:13","date_gmt":"2021-12-14T14:06:13","guid":{"rendered":"https:\/\/sare.eus\/?p=1941"},"modified":"2021-12-14T14:09:03","modified_gmt":"2021-12-14T14:09:03","slug":"nota-reunion-de-sare-con-la-presidenta-del-parlament-de-catalunya","status":"publish","type":"post","link":"https:\/\/sare.eus\/es\/nota-reunion-de-sare-con-la-presidenta-del-parlament-de-catalunya\/","title":{"rendered":"NOTA: Reuni\u00f3n de Sare con la Presidenta del Parlament de Catalunya."},"content":{"rendered":"<p>Este mediod\u00eda Joseba Azkarraga, portavoz de Sare, se ha reunido con la Presidenta del Parlament Laura Borr\u00e0s i Castanyer, dentro de la din\u00e1mica de Sare de trasladar la situaci\u00f3n de los y las presas vascas, a aquellas instancias pol\u00edticas y sociales del conjunto del Estado.<\/p>\n<p>En este reuni\u00f3n, hemos trasladado a la Pdta. del Parlament., nuestro agradecimiento por la acogida que siempre ha tenido en Catalunya nuestras reivindicaciones y les hemos solicitado contin\u00faen apoy\u00e1ndonos, porque estamos hablando de Derechos Humanos.<\/p>\n<p>Estamos en una situaci\u00f3n a\u00fan de r\u00e9gimen de excepci\u00f3n y ello se percibe en que todav\u00eda m\u00e1s de un 50% de estos presos y presas se encuentra muy alejado de sus casas. Se mantiene el bloqueo en las progresiones de grado y la situaci\u00f3n de los presos y presas gravemente enfermos no esta logrando tener un cauce de aplicaci\u00f3n de la normativa penitenciara ordinaria que les pueda permitir su salida de prisi\u00f3n. Desgraciadamente esto solo se produce cuando est\u00e1n convencidos de que van a morir y no para paliar su grave situaci\u00f3n m\u00e9dica.<\/p>\n<p>Por \u00faltimo, le hemos invitado a acudir el 8 de enero a Bilbo y acompa\u00f1arnos en la manifestaci\u00f3n multitudinaria que celebraremos.<\/p>\n\n\n<figure class=\"wp-block-gallery columns-3 is-cropped wp-block-gallery-1 is-layout-flex wp-block-gallery-is-layout-flex\"><ul class=\"blocks-gallery-grid\"><li class=\"blocks-gallery-item\"><figure><img loading=\"lazy\" decoding=\"async\" width=\"1024\" height=\"682\" src=\"https:\/\/sare.eus\/wp-content\/uploads\/2021\/12\/WhatsApp-Image-2021-12-14-at-14.18.38-1024x682.jpeg\" alt=\"\" data-id=\"1939\" data-full-url=\"https:\/\/sare.eus\/wp-content\/uploads\/2021\/12\/WhatsApp-Image-2021-12-14-at-14.18.38.jpeg\" data-link=\"https:\/\/sare.eus\/es\/whatsapp-image-2021-12-14-at-14-18-38-2\/\" class=\"wp-image-1939\" srcset=\"https:\/\/sare.eus\/wp-content\/uploads\/2021\/12\/WhatsApp-Image-2021-12-14-at-14.18.38-1024x682.jpeg 1024w, https:\/\/sare.eus\/wp-content\/uploads\/2021\/12\/WhatsApp-Image-2021-12-14-at-14.18.38-300x200.jpeg 300w, https:\/\/sare.eus\/wp-content\/uploads\/2021\/12\/WhatsApp-Image-2021-12-14-at-14.18.38-768x512.jpeg 768w, https:\/\/sare.eus\/wp-content\/uploads\/2021\/12\/WhatsApp-Image-2021-12-14-at-14.18.38-1080x720.jpeg 1080w, https:\/\/sare.eus\/wp-content\/uploads\/2021\/12\/WhatsApp-Image-2021-12-14-at-14.18.38.jpeg 1280w\" sizes=\"(max-width: 1024px) 100vw, 1024px\" \/><\/figure><\/li><li class=\"blocks-gallery-item\"><figure><img loading=\"lazy\" decoding=\"async\" width=\"1024\" height=\"682\" src=\"https:\/\/sare.eus\/wp-content\/uploads\/2021\/12\/WhatsApp-Image-2021-12-14-at-14.18.38-1-1-1024x682.jpeg\" alt=\"\" data-id=\"1937\" data-full-url=\"https:\/\/sare.eus\/wp-content\/uploads\/2021\/12\/WhatsApp-Image-2021-12-14-at-14.18.38-1-1.jpeg\" data-link=\"https:\/\/sare.eus\/es\/whatsapp-image-2021-12-14-at-14-18-38-1-1-2\/\" class=\"wp-image-1937\" srcset=\"https:\/\/sare.eus\/wp-content\/uploads\/2021\/12\/WhatsApp-Image-2021-12-14-at-14.18.38-1-1-1024x682.jpeg 1024w, https:\/\/sare.eus\/wp-content\/uploads\/2021\/12\/WhatsApp-Image-2021-12-14-at-14.18.38-1-1-300x200.jpeg 300w, https:\/\/sare.eus\/wp-content\/uploads\/2021\/12\/WhatsApp-Image-2021-12-14-at-14.18.38-1-1-768x512.jpeg 768w, https:\/\/sare.eus\/wp-content\/uploads\/2021\/12\/WhatsApp-Image-2021-12-14-at-14.18.38-1-1-1080x720.jpeg 1080w, https:\/\/sare.eus\/wp-content\/uploads\/2021\/12\/WhatsApp-Image-2021-12-14-at-14.18.38-1-1.jpeg 1280w\" sizes=\"(max-width: 1024px) 100vw, 1024px\" \/><\/figure><\/li><li class=\"blocks-gallery-item\"><figure><img loading=\"lazy\" decoding=\"async\" width=\"1024\" height=\"768\" src=\"https:\/\/sare.eus\/wp-content\/uploads\/2021\/12\/WhatsApp-Image-2021-12-14-at-14.17.41-1024x768.jpeg\" alt=\"\" data-id=\"1935\" data-full-url=\"https:\/\/sare.eus\/wp-content\/uploads\/2021\/12\/WhatsApp-Image-2021-12-14-at-14.17.41.jpeg\" data-link=\"https:\/\/sare.eus\/es\/whatsapp-image-2021-12-14-at-14-17-41-2\/\" class=\"wp-image-1935\" srcset=\"https:\/\/sare.eus\/wp-content\/uploads\/2021\/12\/WhatsApp-Image-2021-12-14-at-14.17.41-1024x768.jpeg 1024w, https:\/\/sare.eus\/wp-content\/uploads\/2021\/12\/WhatsApp-Image-2021-12-14-at-14.17.41-300x225.jpeg 300w, https:\/\/sare.eus\/wp-content\/uploads\/2021\/12\/WhatsApp-Image-2021-12-14-at-14.17.41-768x576.jpeg 768w, https:\/\/sare.eus\/wp-content\/uploads\/2021\/12\/WhatsApp-Image-2021-12-14-at-14.17.41-1536x1152.jpeg 1536w, https:\/\/sare.eus\/wp-content\/uploads\/2021\/12\/WhatsApp-Image-2021-12-14-at-14.17.41-1080x810.jpeg 1080w, https:\/\/sare.eus\/wp-content\/uploads\/2021\/12\/WhatsApp-Image-2021-12-14-at-14.17.41.jpeg 1600w\" sizes=\"(max-width: 1024px) 100vw, 1024px\" \/><\/figure><\/li><\/ul><\/figure>\n","protected":false},"excerpt":{"rendered":"<p>Este mediod\u00eda Joseba Azkarraga, portavoz de Sare, se ha reunido con la Presidenta del Parlament Laura Borr\u00e0s i Castanyer, dentro de la din\u00e1mica de Sare de trasladar la situaci\u00f3n de [&hellip;]<\/p>\n","protected":false},"author":2,"featured_media":1935,"comment_status":"closed","ping_status":"closed","sticky":false,"template":"","format":"standard","meta":{"_acf_changed":false,"_et_pb_use_builder":"off","_et_pb_old_content":"","_et_gb_content_width":"","footnotes":""},"categories":[60],"tags":[],"class_list":["post-1941","post","type-post","status-publish","format-standard","has-post-thumbnail","hentry","category-etxera-es","et-has-post-format-content","et_post_format-et-post-format-standard"],"acf":[],"yoast_head":"<!-- This site is optimized with the Yoast SEO plugin v26.4 - https:\/\/yoast.com\/wordpress\/plugins\/seo\/ -->\n<title>NOTA: Reuni\u00f3n de Sare con la Presidenta del Parlament de Catalunya. - Sare Herritarra<\/title>\n<meta name=\"robots\" content=\"index, follow, max-snippet:-1, max-image-preview:large, max-video-preview:-1\" \/>\n<link rel=\"canonical\" href=\"https:\/\/sare.eus\/es\/nota-reunion-de-sare-con-la-presidenta-del-parlament-de-catalunya\/\" \/>\n<meta property=\"og:locale\" content=\"es_ES\" \/>\n<meta property=\"og:type\" content=\"article\" \/>\n<meta property=\"og:title\" content=\"NOTA: Reuni\u00f3n de Sare con la Presidenta del Parlament de Catalunya. - Sare Herritarra\" \/>\n<meta property=\"og:description\" content=\"Este mediod\u00eda Joseba Azkarraga, portavoz de Sare, se ha reunido con la Presidenta del Parlament Laura Borr\u00e0s i Castanyer, dentro de la din\u00e1mica de Sare de trasladar la situaci\u00f3n de [&hellip;]\" \/>\n<meta property=\"og:url\" content=\"https:\/\/sare.eus\/es\/nota-reunion-de-sare-con-la-presidenta-del-parlament-de-catalunya\/\" \/>\n<meta property=\"og:site_name\" content=\"Sare Herritarra\" \/>\n<meta property=\"article:published_time\" content=\"2021-12-14T14:06:13+00:00\" \/>\n<meta property=\"article:modified_time\" content=\"2021-12-14T14:09:03+00:00\" \/>\n<meta property=\"og:image\" content=\"https:\/\/sare.eus\/wp-content\/uploads\/2021\/12\/WhatsApp-Image-2021-12-14-at-14.17.41.jpeg\" \/>\n\t<meta property=\"og:image:width\" content=\"1600\" \/>\n\t<meta property=\"og:image:height\" content=\"1200\" \/>\n\t<meta property=\"og:image:type\" content=\"image\/jpeg\" \/>\n<meta name=\"author\" content=\"sare\" \/>\n<meta name=\"twitter:card\" content=\"summary_large_image\" \/>\n<meta name=\"twitter:label1\" content=\"Escrito por\" \/>\n\t<meta name=\"twitter:data1\" content=\"sare\" \/>\n\t<meta name=\"twitter:label2\" content=\"Tiempo de lectura\" \/>\n\t<meta name=\"twitter:data2\" content=\"1 minuto\" \/>\n<script type=\"application\/ld+json\" class=\"yoast-schema-graph\">{\"@context\":\"https:\/\/schema.org\",\"@graph\":[{\"@type\":\"Article\",\"@id\":\"https:\/\/sare.eus\/es\/nota-reunion-de-sare-con-la-presidenta-del-parlament-de-catalunya\/#article\",\"isPartOf\":{\"@id\":\"https:\/\/sare.eus\/es\/nota-reunion-de-sare-con-la-presidenta-del-parlament-de-catalunya\/\"},\"author\":{\"name\":\"sare\",\"@id\":\"https:\/\/sare.eus\/#\/schema\/person\/2fe6d0df294f56313d3ab236dbe38e17\"},\"headline\":\"NOTA: Reuni\u00f3n de Sare con la Presidenta del Parlament de Catalunya.\",\"datePublished\":\"2021-12-14T14:06:13+00:00\",\"dateModified\":\"2021-12-14T14:09:03+00:00\",\"mainEntityOfPage\":{\"@id\":\"https:\/\/sare.eus\/es\/nota-reunion-de-sare-con-la-presidenta-del-parlament-de-catalunya\/\"},\"wordCount\":226,\"publisher\":{\"@id\":\"https:\/\/sare.eus\/#organization\"},\"image\":{\"@id\":\"https:\/\/sare.eus\/es\/nota-reunion-de-sare-con-la-presidenta-del-parlament-de-catalunya\/#primaryimage\"},\"thumbnailUrl\":\"https:\/\/sare.eus\/wp-content\/uploads\/2021\/12\/WhatsApp-Image-2021-12-14-at-14.17.41.jpeg\",\"articleSection\":[\"Etxera\"],\"inLanguage\":\"es\"},{\"@type\":\"WebPage\",\"@id\":\"https:\/\/sare.eus\/es\/nota-reunion-de-sare-con-la-presidenta-del-parlament-de-catalunya\/\",\"url\":\"https:\/\/sare.eus\/es\/nota-reunion-de-sare-con-la-presidenta-del-parlament-de-catalunya\/\",\"name\":\"NOTA: Reuni\u00f3n de Sare con la Presidenta del Parlament de Catalunya. - Sare Herritarra\",\"isPartOf\":{\"@id\":\"https:\/\/sare.eus\/#website\"},\"primaryImageOfPage\":{\"@id\":\"https:\/\/sare.eus\/es\/nota-reunion-de-sare-con-la-presidenta-del-parlament-de-catalunya\/#primaryimage\"},\"image\":{\"@id\":\"https:\/\/sare.eus\/es\/nota-reunion-de-sare-con-la-presidenta-del-parlament-de-catalunya\/#primaryimage\"},\"thumbnailUrl\":\"https:\/\/sare.eus\/wp-content\/uploads\/2021\/12\/WhatsApp-Image-2021-12-14-at-14.17.41.jpeg\",\"datePublished\":\"2021-12-14T14:06:13+00:00\",\"dateModified\":\"2021-12-14T14:09:03+00:00\",\"breadcrumb\":{\"@id\":\"https:\/\/sare.eus\/es\/nota-reunion-de-sare-con-la-presidenta-del-parlament-de-catalunya\/#breadcrumb\"},\"inLanguage\":\"es\",\"potentialAction\":[{\"@type\":\"ReadAction\",\"target\":[\"https:\/\/sare.eus\/es\/nota-reunion-de-sare-con-la-presidenta-del-parlament-de-catalunya\/\"]}]},{\"@type\":\"ImageObject\",\"inLanguage\":\"es\",\"@id\":\"https:\/\/sare.eus\/es\/nota-reunion-de-sare-con-la-presidenta-del-parlament-de-catalunya\/#primaryimage\",\"url\":\"https:\/\/sare.eus\/wp-content\/uploads\/2021\/12\/WhatsApp-Image-2021-12-14-at-14.17.41.jpeg\",\"contentUrl\":\"https:\/\/sare.eus\/wp-content\/uploads\/2021\/12\/WhatsApp-Image-2021-12-14-at-14.17.41.jpeg\",\"width\":1600,\"height\":1200},{\"@type\":\"BreadcrumbList\",\"@id\":\"https:\/\/sare.eus\/es\/nota-reunion-de-sare-con-la-presidenta-del-parlament-de-catalunya\/#breadcrumb\",\"itemListElement\":[{\"@type\":\"ListItem\",\"position\":1,\"name\":\"Home\",\"item\":\"https:\/\/sare.eus\/\"},{\"@type\":\"ListItem\",\"position\":2,\"name\":\"NOTA: Reuni\u00f3n de Sare con la Presidenta del Parlament de Catalunya.\"}]},{\"@type\":\"WebSite\",\"@id\":\"https:\/\/sare.eus\/#website\",\"url\":\"https:\/\/sare.eus\/\",\"name\":\"Sare Herritarra\",\"description\":\"KONPONBIDEAREN ETA GIZA ESKUBIDEEN ALDEKO SARE HERRITARRA\",\"publisher\":{\"@id\":\"https:\/\/sare.eus\/#organization\"},\"potentialAction\":[{\"@type\":\"SearchAction\",\"target\":{\"@type\":\"EntryPoint\",\"urlTemplate\":\"https:\/\/sare.eus\/?s={search_term_string}\"},\"query-input\":{\"@type\":\"PropertyValueSpecification\",\"valueRequired\":true,\"valueName\":\"search_term_string\"}}],\"inLanguage\":\"es\"},{\"@type\":\"Organization\",\"@id\":\"https:\/\/sare.eus\/#organization\",\"name\":\"Sare Herritarra\",\"url\":\"https:\/\/sare.eus\/\",\"logo\":{\"@type\":\"ImageObject\",\"inLanguage\":\"es\",\"@id\":\"https:\/\/sare.eus\/#\/schema\/logo\/image\/\",\"url\":\"https:\/\/sare.eus\/wp-content\/uploads\/2021\/08\/sare.png\",\"contentUrl\":\"https:\/\/sare.eus\/wp-content\/uploads\/2021\/08\/sare.png\",\"width\":120,\"height\":142,\"caption\":\"Sare Herritarra\"},\"image\":{\"@id\":\"https:\/\/sare.eus\/#\/schema\/logo\/image\/\"}},{\"@type\":\"Person\",\"@id\":\"https:\/\/sare.eus\/#\/schema\/person\/2fe6d0df294f56313d3ab236dbe38e17\",\"name\":\"sare\",\"image\":{\"@type\":\"ImageObject\",\"inLanguage\":\"es\",\"@id\":\"https:\/\/sare.eus\/#\/schema\/person\/image\/\",\"url\":\"https:\/\/secure.gravatar.com\/avatar\/77cad838677ceb1977e7b3c878b55eaa7fa4aae2158983063b047c3ad7ef2c25?s=96&d=mm&r=g\",\"contentUrl\":\"https:\/\/secure.gravatar.com\/avatar\/77cad838677ceb1977e7b3c878b55eaa7fa4aae2158983063b047c3ad7ef2c25?s=96&d=mm&r=g\",\"caption\":\"sare\"},\"url\":\"https:\/\/sare.eus\/es\/author\/sare\/\"}]}<\/script>\n<!-- \/ Yoast SEO plugin. -->","yoast_head_json":{"title":"NOTA: Reuni\u00f3n de Sare con la Presidenta del Parlament de Catalunya. - Sare Herritarra","robots":{"index":"index","follow":"follow","max-snippet":"max-snippet:-1","max-image-preview":"max-image-preview:large","max-video-preview":"max-video-preview:-1"},"canonical":"https:\/\/sare.eus\/es\/nota-reunion-de-sare-con-la-presidenta-del-parlament-de-catalunya\/","og_locale":"es_ES","og_type":"article","og_title":"NOTA: Reuni\u00f3n de Sare con la Presidenta del Parlament de Catalunya. - Sare Herritarra","og_description":"Este mediod\u00eda Joseba Azkarraga, portavoz de Sare, se ha reunido con la Presidenta del Parlament Laura Borr\u00e0s i Castanyer, dentro de la din\u00e1mica de Sare de trasladar la situaci\u00f3n de [&hellip;]","og_url":"https:\/\/sare.eus\/es\/nota-reunion-de-sare-con-la-presidenta-del-parlament-de-catalunya\/","og_site_name":"Sare Herritarra","article_published_time":"2021-12-14T14:06:13+00:00","article_modified_time":"2021-12-14T14:09:03+00:00","og_image":[{"width":1600,"height":1200,"url":"https:\/\/sare.eus\/wp-content\/uploads\/2021\/12\/WhatsApp-Image-2021-12-14-at-14.17.41.jpeg","type":"image\/jpeg"}],"author":"sare","twitter_card":"summary_large_image","twitter_misc":{"Escrito por":"sare","Tiempo de lectura":"1 minuto"},"schema":{"@context":"https:\/\/schema.org","@graph":[{"@type":"Article","@id":"https:\/\/sare.eus\/es\/nota-reunion-de-sare-con-la-presidenta-del-parlament-de-catalunya\/#article","isPartOf":{"@id":"https:\/\/sare.eus\/es\/nota-reunion-de-sare-con-la-presidenta-del-parlament-de-catalunya\/"},"author":{"name":"sare","@id":"https:\/\/sare.eus\/#\/schema\/person\/2fe6d0df294f56313d3ab236dbe38e17"},"headline":"NOTA: Reuni\u00f3n de Sare con la Presidenta del Parlament de Catalunya.","datePublished":"2021-12-14T14:06:13+00:00","dateModified":"2021-12-14T14:09:03+00:00","mainEntityOfPage":{"@id":"https:\/\/sare.eus\/es\/nota-reunion-de-sare-con-la-presidenta-del-parlament-de-catalunya\/"},"wordCount":226,"publisher":{"@id":"https:\/\/sare.eus\/#organization"},"image":{"@id":"https:\/\/sare.eus\/es\/nota-reunion-de-sare-con-la-presidenta-del-parlament-de-catalunya\/#primaryimage"},"thumbnailUrl":"https:\/\/sare.eus\/wp-content\/uploads\/2021\/12\/WhatsApp-Image-2021-12-14-at-14.17.41.jpeg","articleSection":["Etxera"],"inLanguage":"es"},{"@type":"WebPage","@id":"https:\/\/sare.eus\/es\/nota-reunion-de-sare-con-la-presidenta-del-parlament-de-catalunya\/","url":"https:\/\/sare.eus\/es\/nota-reunion-de-sare-con-la-presidenta-del-parlament-de-catalunya\/","name":"NOTA: Reuni\u00f3n de Sare con la Presidenta del Parlament de Catalunya. - Sare Herritarra","isPartOf":{"@id":"https:\/\/sare.eus\/#website"},"primaryImageOfPage":{"@id":"https:\/\/sare.eus\/es\/nota-reunion-de-sare-con-la-presidenta-del-parlament-de-catalunya\/#primaryimage"},"image":{"@id":"https:\/\/sare.eus\/es\/nota-reunion-de-sare-con-la-presidenta-del-parlament-de-catalunya\/#primaryimage"},"thumbnailUrl":"https:\/\/sare.eus\/wp-content\/uploads\/2021\/12\/WhatsApp-Image-2021-12-14-at-14.17.41.jpeg","datePublished":"2021-12-14T14:06:13+00:00","dateModified":"2021-12-14T14:09:03+00:00","breadcrumb":{"@id":"https:\/\/sare.eus\/es\/nota-reunion-de-sare-con-la-presidenta-del-parlament-de-catalunya\/#breadcrumb"},"inLanguage":"es","potentialAction":[{"@type":"ReadAction","target":["https:\/\/sare.eus\/es\/nota-reunion-de-sare-con-la-presidenta-del-parlament-de-catalunya\/"]}]},{"@type":"ImageObject","inLanguage":"es","@id":"https:\/\/sare.eus\/es\/nota-reunion-de-sare-con-la-presidenta-del-parlament-de-catalunya\/#primaryimage","url":"https:\/\/sare.eus\/wp-content\/uploads\/2021\/12\/WhatsApp-Image-2021-12-14-at-14.17.41.jpeg","contentUrl":"https:\/\/sare.eus\/wp-content\/uploads\/2021\/12\/WhatsApp-Image-2021-12-14-at-14.17.41.jpeg","width":1600,"height":1200},{"@type":"BreadcrumbList","@id":"https:\/\/sare.eus\/es\/nota-reunion-de-sare-con-la-presidenta-del-parlament-de-catalunya\/#breadcrumb","itemListElement":[{"@type":"ListItem","position":1,"name":"Home","item":"https:\/\/sare.eus\/"},{"@type":"ListItem","position":2,"name":"NOTA: Reuni\u00f3n de Sare con la Presidenta del Parlament de Catalunya."}]},{"@type":"WebSite","@id":"https:\/\/sare.eus\/#website","url":"https:\/\/sare.eus\/","name":"Sare Herritarra","description":"KONPONBIDEAREN ETA GIZA ESKUBIDEEN ALDEKO SARE HERRITARRA","publisher":{"@id":"https:\/\/sare.eus\/#organization"},"potentialAction":[{"@type":"SearchAction","target":{"@type":"EntryPoint","urlTemplate":"https:\/\/sare.eus\/?s={search_term_string}"},"query-input":{"@type":"PropertyValueSpecification","valueRequired":true,"valueName":"search_term_string"}}],"inLanguage":"es"},{"@type":"Organization","@id":"https:\/\/sare.eus\/#organization","name":"Sare Herritarra","url":"https:\/\/sare.eus\/","logo":{"@type":"ImageObject","inLanguage":"es","@id":"https:\/\/sare.eus\/#\/schema\/logo\/image\/","url":"https:\/\/sare.eus\/wp-content\/uploads\/2021\/08\/sare.png","contentUrl":"https:\/\/sare.eus\/wp-content\/uploads\/2021\/08\/sare.png","width":120,"height":142,"caption":"Sare Herritarra"},"image":{"@id":"https:\/\/sare.eus\/#\/schema\/logo\/image\/"}},{"@type":"Person","@id":"https:\/\/sare.eus\/#\/schema\/person\/2fe6d0df294f56313d3ab236dbe38e17","name":"sare","image":{"@type":"ImageObject","inLanguage":"es","@id":"https:\/\/sare.eus\/#\/schema\/person\/image\/","url":"https:\/\/secure.gravatar.com\/avatar\/77cad838677ceb1977e7b3c878b55eaa7fa4aae2158983063b047c3ad7ef2c25?s=96&d=mm&r=g","contentUrl":"https:\/\/secure.gravatar.com\/avatar\/77cad838677ceb1977e7b3c878b55eaa7fa4aae2158983063b047c3ad7ef2c25?s=96&d=mm&r=g","caption":"sare"},"url":"https:\/\/sare.eus\/es\/author\/sare\/"}]}},"_links":{"self":[{"href":"https:\/\/sare.eus\/es\/wp-json\/wp\/v2\/posts\/1941","targetHints":{"allow":["GET"]}}],"collection":[{"href":"https:\/\/sare.eus\/es\/wp-json\/wp\/v2\/posts"}],"about":[{"href":"https:\/\/sare.eus\/es\/wp-json\/wp\/v2\/types\/post"}],"author":[{"embeddable":true,"href":"https:\/\/sare.eus\/es\/wp-json\/wp\/v2\/users\/2"}],"replies":[{"embeddable":true,"href":"https:\/\/sare.eus\/es\/wp-json\/wp\/v2\/comments?post=1941"}],"version-history":[{"count":1,"href":"https:\/\/sare.eus\/es\/wp-json\/wp\/v2\/posts\/1941\/revisions"}],"predecessor-version":[{"id":1942,"href":"https:\/\/sare.eus\/es\/wp-json\/wp\/v2\/posts\/1941\/revisions\/1942"}],"wp:featuredmedia":[{"embeddable":true,"href":"https:\/\/sare.eus\/es\/wp-json\/wp\/v2\/media\/1935"}],"wp:attachment":[{"href":"https:\/\/sare.eus\/es\/wp-json\/wp\/v2\/media?parent=1941"}],"wp:term":[{"taxonomy":"category","embeddable":true,"href":"https:\/\/sare.eus\/es\/wp-json\/wp\/v2\/categories?post=1941"},{"taxonomy":"post_tag","embeddable":true,"href":"https:\/\/sare.eus\/es\/wp-json\/wp\/v2\/tags?post=1941"}],"curies":[{"name":"wp","href":"https:\/\/api.w.org\/{rel}","templated":true}]}}