{"id":1858,"date":"2021-11-30T10:20:39","date_gmt":"2021-11-30T10:20:39","guid":{"rendered":"https:\/\/sare.eus\/?p=1858"},"modified":"2021-11-30T10:20:40","modified_gmt":"2021-11-30T10:20:40","slug":"valoracion-de-la-declaracion-del-eppk-sobre-ongi-etorris","status":"publish","type":"post","link":"https:\/\/sare.eus\/es\/valoracion-de-la-declaracion-del-eppk-sobre-ongi-etorris\/","title":{"rendered":"VALORACI\u00d3N DE LA DECLARACI\u00d3N DEL EPPK SOBRE \u00abONGI ETORRIS\u00bb"},"content":{"rendered":"<p>Antes de comenzar con la comparecencia de hoy, nos gustar\u00eda compartir con ustedes nuestra lectura de la noticia difundida ayer a las 20.00 horas. Como sab\u00e9is, anoche el colectivo de presos y presas vascas hizo una declaraci\u00f3n sobre los ongi etorris. Desde Sare entendemos el paso dado por el colectivo de presos y presas vascas como un s\u00f3lido ejercicio de empat\u00eda, valor\u00e1ndolo como una aportaci\u00f3n importante en el camino hacia convivencia. Una y otra vez hemos dicho que nuestro pueblo recoge m\u00faltiples vivencias y sufrimientos, y que la clave est\u00e1 en la b\u00fasqueda del equilibrio entre todas ellas. Con ello queremos decir que a todos nos corresponde actuar con responsabilidad y empat\u00eda, que a todos nos corresponde posibilitar ese equilibrio y que est\u00e1 en manos de todos y todas seguir dando pasos hacia adelante. Hasta ahora han sido muy diversos los pasos y las declaraciones que se han dado tanto de uno como de otro lado, y el de ayer lo situamos como otro paso importante en ese camino. Ojal\u00e1 esa misma voluntad de avanzar en la convivencia se vea reflejada en quienes hoy todav\u00eda mantienen una pol\u00edtica penitenciaria de excepci\u00f3n que tanto da\u00f1o est\u00e1 ocasionando a estos presos y presas, con tan clara voluntad de avanzar.<\/p>\n","protected":false},"excerpt":{"rendered":"<p>Antes de comenzar con la comparecencia de hoy, nos gustar\u00eda compartir con ustedes nuestra lectura de la noticia difundida ayer a las 20.00 horas. Como sab\u00e9is, anoche el colectivo de [&hellip;]<\/p>\n","protected":false},"author":2,"featured_media":1859,"comment_status":"closed","ping_status":"closed","sticky":false,"template":"","format":"standard","meta":{"_acf_changed":false,"_et_pb_use_builder":"off","_et_pb_old_content":"","_et_gb_content_width":"","footnotes":""},"categories":[70],"tags":[],"class_list":["post-1858","post","type-post","status-publish","format-standard","has-post-thumbnail","hentry","category-alejamiento","et-has-post-format-content","et_post_format-et-post-format-standard"],"acf":[],"yoast_head":"<!-- This site is optimized with the Yoast SEO plugin v26.4 - https:\/\/yoast.com\/wordpress\/plugins\/seo\/ -->\n<title>VALORACI\u00d3N DE LA DECLARACI\u00d3N DEL EPPK SOBRE \u00abONGI ETORRIS\u00bb - Sare Herritarra<\/title>\n<meta name=\"robots\" content=\"index, follow, max-snippet:-1, max-image-preview:large, max-video-preview:-1\" \/>\n<link rel=\"canonical\" href=\"https:\/\/sare.eus\/es\/valoracion-de-la-declaracion-del-eppk-sobre-ongi-etorris\/\" \/>\n<meta property=\"og:locale\" content=\"es_ES\" \/>\n<meta property=\"og:type\" content=\"article\" \/>\n<meta property=\"og:title\" content=\"VALORACI\u00d3N DE LA DECLARACI\u00d3N DEL EPPK SOBRE \u00abONGI ETORRIS\u00bb - Sare Herritarra\" \/>\n<meta property=\"og:description\" content=\"Antes de comenzar con la comparecencia de hoy, nos gustar\u00eda compartir con ustedes nuestra lectura de la noticia difundida ayer a las 20.00 horas. Como sab\u00e9is, anoche el colectivo de [&hellip;]\" \/>\n<meta property=\"og:url\" content=\"https:\/\/sare.eus\/es\/valoracion-de-la-declaracion-del-eppk-sobre-ongi-etorris\/\" \/>\n<meta property=\"og:site_name\" content=\"Sare Herritarra\" \/>\n<meta property=\"article:published_time\" content=\"2021-11-30T10:20:39+00:00\" \/>\n<meta property=\"article:modified_time\" content=\"2021-11-30T10:20:40+00:00\" \/>\n<meta property=\"og:image\" content=\"https:\/\/sare.eus\/wp-content\/uploads\/2021\/11\/SARE-HERRITARRA-OHARRA-NOTA-01-scaled-e1638213762864.jpg\" \/>\n\t<meta property=\"og:image:width\" content=\"2195\" \/>\n\t<meta property=\"og:image:height\" content=\"1132\" \/>\n\t<meta property=\"og:image:type\" content=\"image\/jpeg\" \/>\n<meta name=\"author\" content=\"sare\" \/>\n<meta name=\"twitter:card\" content=\"summary_large_image\" \/>\n<meta name=\"twitter:label1\" content=\"Escrito por\" \/>\n\t<meta name=\"twitter:data1\" content=\"sare\" \/>\n\t<meta name=\"twitter:label2\" content=\"Tiempo de lectura\" \/>\n\t<meta name=\"twitter:data2\" content=\"1 minuto\" \/>\n<script type=\"application\/ld+json\" class=\"yoast-schema-graph\">{\"@context\":\"https:\/\/schema.org\",\"@graph\":[{\"@type\":\"Article\",\"@id\":\"https:\/\/sare.eus\/es\/valoracion-de-la-declaracion-del-eppk-sobre-ongi-etorris\/#article\",\"isPartOf\":{\"@id\":\"https:\/\/sare.eus\/es\/valoracion-de-la-declaracion-del-eppk-sobre-ongi-etorris\/\"},\"author\":{\"name\":\"sare\",\"@id\":\"https:\/\/sare.eus\/#\/schema\/person\/2fe6d0df294f56313d3ab236dbe38e17\"},\"headline\":\"VALORACI\u00d3N DE LA DECLARACI\u00d3N DEL EPPK SOBRE \u00abONGI ETORRIS\u00bb\",\"datePublished\":\"2021-11-30T10:20:39+00:00\",\"dateModified\":\"2021-11-30T10:20:40+00:00\",\"mainEntityOfPage\":{\"@id\":\"https:\/\/sare.eus\/es\/valoracion-de-la-declaracion-del-eppk-sobre-ongi-etorris\/\"},\"wordCount\":231,\"publisher\":{\"@id\":\"https:\/\/sare.eus\/#organization\"},\"image\":{\"@id\":\"https:\/\/sare.eus\/es\/valoracion-de-la-declaracion-del-eppk-sobre-ongi-etorris\/#primaryimage\"},\"thumbnailUrl\":\"https:\/\/sare.eus\/wp-content\/uploads\/2021\/11\/SARE-HERRITARRA-OHARRA-NOTA-01-scaled-e1638213762864.jpg\",\"articleSection\":[\"Alejamiento\"],\"inLanguage\":\"es\"},{\"@type\":\"WebPage\",\"@id\":\"https:\/\/sare.eus\/es\/valoracion-de-la-declaracion-del-eppk-sobre-ongi-etorris\/\",\"url\":\"https:\/\/sare.eus\/es\/valoracion-de-la-declaracion-del-eppk-sobre-ongi-etorris\/\",\"name\":\"VALORACI\u00d3N DE LA DECLARACI\u00d3N DEL EPPK SOBRE \u00abONGI ETORRIS\u00bb - Sare Herritarra\",\"isPartOf\":{\"@id\":\"https:\/\/sare.eus\/#website\"},\"primaryImageOfPage\":{\"@id\":\"https:\/\/sare.eus\/es\/valoracion-de-la-declaracion-del-eppk-sobre-ongi-etorris\/#primaryimage\"},\"image\":{\"@id\":\"https:\/\/sare.eus\/es\/valoracion-de-la-declaracion-del-eppk-sobre-ongi-etorris\/#primaryimage\"},\"thumbnailUrl\":\"https:\/\/sare.eus\/wp-content\/uploads\/2021\/11\/SARE-HERRITARRA-OHARRA-NOTA-01-scaled-e1638213762864.jpg\",\"datePublished\":\"2021-11-30T10:20:39+00:00\",\"dateModified\":\"2021-11-30T10:20:40+00:00\",\"breadcrumb\":{\"@id\":\"https:\/\/sare.eus\/es\/valoracion-de-la-declaracion-del-eppk-sobre-ongi-etorris\/#breadcrumb\"},\"inLanguage\":\"es\",\"potentialAction\":[{\"@type\":\"ReadAction\",\"target\":[\"https:\/\/sare.eus\/es\/valoracion-de-la-declaracion-del-eppk-sobre-ongi-etorris\/\"]}]},{\"@type\":\"ImageObject\",\"inLanguage\":\"es\",\"@id\":\"https:\/\/sare.eus\/es\/valoracion-de-la-declaracion-del-eppk-sobre-ongi-etorris\/#primaryimage\",\"url\":\"https:\/\/sare.eus\/wp-content\/uploads\/2021\/11\/SARE-HERRITARRA-OHARRA-NOTA-01-scaled-e1638213762864.jpg\",\"contentUrl\":\"https:\/\/sare.eus\/wp-content\/uploads\/2021\/11\/SARE-HERRITARRA-OHARRA-NOTA-01-scaled-e1638213762864.jpg\",\"width\":2195,\"height\":1132},{\"@type\":\"BreadcrumbList\",\"@id\":\"https:\/\/sare.eus\/es\/valoracion-de-la-declaracion-del-eppk-sobre-ongi-etorris\/#breadcrumb\",\"itemListElement\":[{\"@type\":\"ListItem\",\"position\":1,\"name\":\"Home\",\"item\":\"https:\/\/sare.eus\/\"},{\"@type\":\"ListItem\",\"position\":2,\"name\":\"VALORACI\u00d3N DE LA DECLARACI\u00d3N DEL EPPK SOBRE \u00abONGI ETORRIS\u00bb\"}]},{\"@type\":\"WebSite\",\"@id\":\"https:\/\/sare.eus\/#website\",\"url\":\"https:\/\/sare.eus\/\",\"name\":\"Sare Herritarra\",\"description\":\"KONPONBIDEAREN ETA GIZA ESKUBIDEEN ALDEKO SARE HERRITARRA\",\"publisher\":{\"@id\":\"https:\/\/sare.eus\/#organization\"},\"potentialAction\":[{\"@type\":\"SearchAction\",\"target\":{\"@type\":\"EntryPoint\",\"urlTemplate\":\"https:\/\/sare.eus\/?s={search_term_string}\"},\"query-input\":{\"@type\":\"PropertyValueSpecification\",\"valueRequired\":true,\"valueName\":\"search_term_string\"}}],\"inLanguage\":\"es\"},{\"@type\":\"Organization\",\"@id\":\"https:\/\/sare.eus\/#organization\",\"name\":\"Sare Herritarra\",\"url\":\"https:\/\/sare.eus\/\",\"logo\":{\"@type\":\"ImageObject\",\"inLanguage\":\"es\",\"@id\":\"https:\/\/sare.eus\/#\/schema\/logo\/image\/\",\"url\":\"https:\/\/sare.eus\/wp-content\/uploads\/2021\/08\/sare.png\",\"contentUrl\":\"https:\/\/sare.eus\/wp-content\/uploads\/2021\/08\/sare.png\",\"width\":120,\"height\":142,\"caption\":\"Sare Herritarra\"},\"image\":{\"@id\":\"https:\/\/sare.eus\/#\/schema\/logo\/image\/\"}},{\"@type\":\"Person\",\"@id\":\"https:\/\/sare.eus\/#\/schema\/person\/2fe6d0df294f56313d3ab236dbe38e17\",\"name\":\"sare\",\"image\":{\"@type\":\"ImageObject\",\"inLanguage\":\"es\",\"@id\":\"https:\/\/sare.eus\/#\/schema\/person\/image\/\",\"url\":\"https:\/\/secure.gravatar.com\/avatar\/77cad838677ceb1977e7b3c878b55eaa7fa4aae2158983063b047c3ad7ef2c25?s=96&d=mm&r=g\",\"contentUrl\":\"https:\/\/secure.gravatar.com\/avatar\/77cad838677ceb1977e7b3c878b55eaa7fa4aae2158983063b047c3ad7ef2c25?s=96&d=mm&r=g\",\"caption\":\"sare\"},\"url\":\"https:\/\/sare.eus\/es\/author\/sare\/\"}]}<\/script>\n<!-- \/ Yoast SEO plugin. -->","yoast_head_json":{"title":"VALORACI\u00d3N DE LA DECLARACI\u00d3N DEL EPPK SOBRE \u00abONGI ETORRIS\u00bb - Sare Herritarra","robots":{"index":"index","follow":"follow","max-snippet":"max-snippet:-1","max-image-preview":"max-image-preview:large","max-video-preview":"max-video-preview:-1"},"canonical":"https:\/\/sare.eus\/es\/valoracion-de-la-declaracion-del-eppk-sobre-ongi-etorris\/","og_locale":"es_ES","og_type":"article","og_title":"VALORACI\u00d3N DE LA DECLARACI\u00d3N DEL EPPK SOBRE \u00abONGI ETORRIS\u00bb - Sare Herritarra","og_description":"Antes de comenzar con la comparecencia de hoy, nos gustar\u00eda compartir con ustedes nuestra lectura de la noticia difundida ayer a las 20.00 horas. Como sab\u00e9is, anoche el colectivo de [&hellip;]","og_url":"https:\/\/sare.eus\/es\/valoracion-de-la-declaracion-del-eppk-sobre-ongi-etorris\/","og_site_name":"Sare Herritarra","article_published_time":"2021-11-30T10:20:39+00:00","article_modified_time":"2021-11-30T10:20:40+00:00","og_image":[{"width":2195,"height":1132,"url":"https:\/\/sare.eus\/wp-content\/uploads\/2021\/11\/SARE-HERRITARRA-OHARRA-NOTA-01-scaled-e1638213762864.jpg","type":"image\/jpeg"}],"author":"sare","twitter_card":"summary_large_image","twitter_misc":{"Escrito por":"sare","Tiempo de lectura":"1 minuto"},"schema":{"@context":"https:\/\/schema.org","@graph":[{"@type":"Article","@id":"https:\/\/sare.eus\/es\/valoracion-de-la-declaracion-del-eppk-sobre-ongi-etorris\/#article","isPartOf":{"@id":"https:\/\/sare.eus\/es\/valoracion-de-la-declaracion-del-eppk-sobre-ongi-etorris\/"},"author":{"name":"sare","@id":"https:\/\/sare.eus\/#\/schema\/person\/2fe6d0df294f56313d3ab236dbe38e17"},"headline":"VALORACI\u00d3N DE LA DECLARACI\u00d3N DEL EPPK SOBRE \u00abONGI ETORRIS\u00bb","datePublished":"2021-11-30T10:20:39+00:00","dateModified":"2021-11-30T10:20:40+00:00","mainEntityOfPage":{"@id":"https:\/\/sare.eus\/es\/valoracion-de-la-declaracion-del-eppk-sobre-ongi-etorris\/"},"wordCount":231,"publisher":{"@id":"https:\/\/sare.eus\/#organization"},"image":{"@id":"https:\/\/sare.eus\/es\/valoracion-de-la-declaracion-del-eppk-sobre-ongi-etorris\/#primaryimage"},"thumbnailUrl":"https:\/\/sare.eus\/wp-content\/uploads\/2021\/11\/SARE-HERRITARRA-OHARRA-NOTA-01-scaled-e1638213762864.jpg","articleSection":["Alejamiento"],"inLanguage":"es"},{"@type":"WebPage","@id":"https:\/\/sare.eus\/es\/valoracion-de-la-declaracion-del-eppk-sobre-ongi-etorris\/","url":"https:\/\/sare.eus\/es\/valoracion-de-la-declaracion-del-eppk-sobre-ongi-etorris\/","name":"VALORACI\u00d3N DE LA DECLARACI\u00d3N DEL EPPK SOBRE \u00abONGI ETORRIS\u00bb - Sare Herritarra","isPartOf":{"@id":"https:\/\/sare.eus\/#website"},"primaryImageOfPage":{"@id":"https:\/\/sare.eus\/es\/valoracion-de-la-declaracion-del-eppk-sobre-ongi-etorris\/#primaryimage"},"image":{"@id":"https:\/\/sare.eus\/es\/valoracion-de-la-declaracion-del-eppk-sobre-ongi-etorris\/#primaryimage"},"thumbnailUrl":"https:\/\/sare.eus\/wp-content\/uploads\/2021\/11\/SARE-HERRITARRA-OHARRA-NOTA-01-scaled-e1638213762864.jpg","datePublished":"2021-11-30T10:20:39+00:00","dateModified":"2021-11-30T10:20:40+00:00","breadcrumb":{"@id":"https:\/\/sare.eus\/es\/valoracion-de-la-declaracion-del-eppk-sobre-ongi-etorris\/#breadcrumb"},"inLanguage":"es","potentialAction":[{"@type":"ReadAction","target":["https:\/\/sare.eus\/es\/valoracion-de-la-declaracion-del-eppk-sobre-ongi-etorris\/"]}]},{"@type":"ImageObject","inLanguage":"es","@id":"https:\/\/sare.eus\/es\/valoracion-de-la-declaracion-del-eppk-sobre-ongi-etorris\/#primaryimage","url":"https:\/\/sare.eus\/wp-content\/uploads\/2021\/11\/SARE-HERRITARRA-OHARRA-NOTA-01-scaled-e1638213762864.jpg","contentUrl":"https:\/\/sare.eus\/wp-content\/uploads\/2021\/11\/SARE-HERRITARRA-OHARRA-NOTA-01-scaled-e1638213762864.jpg","width":2195,"height":1132},{"@type":"BreadcrumbList","@id":"https:\/\/sare.eus\/es\/valoracion-de-la-declaracion-del-eppk-sobre-ongi-etorris\/#breadcrumb","itemListElement":[{"@type":"ListItem","position":1,"name":"Home","item":"https:\/\/sare.eus\/"},{"@type":"ListItem","position":2,"name":"VALORACI\u00d3N DE LA DECLARACI\u00d3N DEL EPPK SOBRE \u00abONGI ETORRIS\u00bb"}]},{"@type":"WebSite","@id":"https:\/\/sare.eus\/#website","url":"https:\/\/sare.eus\/","name":"Sare Herritarra","description":"KONPONBIDEAREN ETA GIZA ESKUBIDEEN ALDEKO SARE HERRITARRA","publisher":{"@id":"https:\/\/sare.eus\/#organization"},"potentialAction":[{"@type":"SearchAction","target":{"@type":"EntryPoint","urlTemplate":"https:\/\/sare.eus\/?s={search_term_string}"},"query-input":{"@type":"PropertyValueSpecification","valueRequired":true,"valueName":"search_term_string"}}],"inLanguage":"es"},{"@type":"Organization","@id":"https:\/\/sare.eus\/#organization","name":"Sare Herritarra","url":"https:\/\/sare.eus\/","logo":{"@type":"ImageObject","inLanguage":"es","@id":"https:\/\/sare.eus\/#\/schema\/logo\/image\/","url":"https:\/\/sare.eus\/wp-content\/uploads\/2021\/08\/sare.png","contentUrl":"https:\/\/sare.eus\/wp-content\/uploads\/2021\/08\/sare.png","width":120,"height":142,"caption":"Sare Herritarra"},"image":{"@id":"https:\/\/sare.eus\/#\/schema\/logo\/image\/"}},{"@type":"Person","@id":"https:\/\/sare.eus\/#\/schema\/person\/2fe6d0df294f56313d3ab236dbe38e17","name":"sare","image":{"@type":"ImageObject","inLanguage":"es","@id":"https:\/\/sare.eus\/#\/schema\/person\/image\/","url":"https:\/\/secure.gravatar.com\/avatar\/77cad838677ceb1977e7b3c878b55eaa7fa4aae2158983063b047c3ad7ef2c25?s=96&d=mm&r=g","contentUrl":"https:\/\/secure.gravatar.com\/avatar\/77cad838677ceb1977e7b3c878b55eaa7fa4aae2158983063b047c3ad7ef2c25?s=96&d=mm&r=g","caption":"sare"},"url":"https:\/\/sare.eus\/es\/author\/sare\/"}]}},"_links":{"self":[{"href":"https:\/\/sare.eus\/es\/wp-json\/wp\/v2\/posts\/1858","targetHints":{"allow":["GET"]}}],"collection":[{"href":"https:\/\/sare.eus\/es\/wp-json\/wp\/v2\/posts"}],"about":[{"href":"https:\/\/sare.eus\/es\/wp-json\/wp\/v2\/types\/post"}],"author":[{"embeddable":true,"href":"https:\/\/sare.eus\/es\/wp-json\/wp\/v2\/users\/2"}],"replies":[{"embeddable":true,"href":"https:\/\/sare.eus\/es\/wp-json\/wp\/v2\/comments?post=1858"}],"version-history":[{"count":3,"href":"https:\/\/sare.eus\/es\/wp-json\/wp\/v2\/posts\/1858\/revisions"}],"predecessor-version":[{"id":1866,"href":"https:\/\/sare.eus\/es\/wp-json\/wp\/v2\/posts\/1858\/revisions\/1866"}],"wp:featuredmedia":[{"embeddable":true,"href":"https:\/\/sare.eus\/es\/wp-json\/wp\/v2\/media\/1859"}],"wp:attachment":[{"href":"https:\/\/sare.eus\/es\/wp-json\/wp\/v2\/media?parent=1858"}],"wp:term":[{"taxonomy":"category","embeddable":true,"href":"https:\/\/sare.eus\/es\/wp-json\/wp\/v2\/categories?post=1858"},{"taxonomy":"post_tag","embeddable":true,"href":"https:\/\/sare.eus\/es\/wp-json\/wp\/v2\/tags?post=1858"}],"curies":[{"name":"wp","href":"https:\/\/api.w.org\/{rel}","templated":true}]}}