{"id":1855,"date":"2021-11-30T10:30:11","date_gmt":"2021-11-30T10:30:11","guid":{"rendered":"https:\/\/sare.eus\/?p=1855"},"modified":"2021-11-30T10:30:13","modified_gmt":"2021-11-30T10:30:13","slug":"en-el-contexto-de-las-navidades-hemos-convocados-movilizaciones-en-las-cuatro-ciudades-de-hego-euskal-herria","status":"publish","type":"post","link":"https:\/\/sare.eus\/es\/en-el-contexto-de-las-navidades-hemos-convocados-movilizaciones-en-las-cuatro-ciudades-de-hego-euskal-herria\/","title":{"rendered":"En el contexto de las navidades, hemos convocados movilizaciones en las cuatro ciudades de Hego Euskal Herria."},"content":{"rendered":"<p>Como cada a\u00f1o, en v\u00edspera de la movilizaci\u00f3n del 8 de enero en Bilbao y en el contexto de las navidades, hemos convocados movilizaciones en las cuatro ciudades de Hego Euskal Herria.<\/p>\n<p>Estas movilizaciones tienen un mensaje claro \u201cetxerako bidean\u201d; es decir, la reivindicaci\u00f3n del acercamiento de todos y todas las presas vascas a Euskal Herria y la aplicaci\u00f3n de la progresi\u00f3n de grado, base fundamental para la reintegraci\u00f3n en la vida social de toda persona presa.<\/p>\n<p>Porque, aunque, una y otra vez hemos valorado de manera positiva el cambio que se est\u00e1 dando en cuanto a la pol\u00edtica penitenciaria, a\u00fan hoy sigue en pie la pol\u00edtica de alejamiento con solo 77 presos de 196 en Euskal Herria. En cuanto a la progresi\u00f3n de grado, si bien pr\u00e1cticamente el total de los y las presas se encuentra en segundo grado penitenciario tras a\u00f1os en primer grado penitenciario, solo 9 han sido progresados a tercer grado.<\/p>\n<p>No queremos dejar de recordar que en este momento nos encontramos adem\u00e1s con una situaci\u00f3n de retroactividad en esa progresi\u00f3n de grado por imposici\u00f3n de la Audiencia Nacional que est\u00e1 echando atr\u00e1s las decisiones de las JJTT, lo que supone que personas que tiene permisos de salida o la libertad condicional tienen que volver a ingresar en prisi\u00f3n en segundo grado penitenciario. Un claro ejemplo de retroceso en este cambio de pol\u00edtica penitenciaria y un claro ejemplo de que a\u00fan nos encontramos con sectores que se niegan a avanzar y se sienten m\u00e1s c\u00f3modos en la situaci\u00f3n de confrontaci\u00f3n del pasado.<\/p>\n<p>Por todo ello, convocamos a movilizarse para estas navidades a todos y todas las ciudadanas que se suman a esta reivindicaci\u00f3n y quieren avanzar como sociedad y como pa\u00eds; <br><strong>\u2022 el 18 de diciembre a las 12.00 en la plaza Arizgoiti de Basauri<\/strong> \u2013 Manifestaci\u00f3n hasta la prisi\u00f3n. <br>\u2022 El 26 de diciembre, una doble cita: <br>\u25e6 E<strong>n Araba, acto a las 12.00 en Zaballa<\/strong> a donde llegaremos en <strong>bici saliendo de Gasteiz (plaza Virgen Blanca) a las 10.00 o para quienes prefieran se pondr\u00e1 un autob\u00fas desde Gasteiz a las 10.30 en la plaza San Anton.<\/strong> <br>\u25e6 En <strong>Gipuzkoa, marcha ciclista a las 12.00 desde la c\u00e1rcel de Martutene y manifestaci\u00f3n a la 13.00 desde el juzgado de Donostia.<\/strong> <br>\u2022 Y por \u00faltimo, <strong>el 31 de diciembre, en Iru\u00f1ea, a las 12.30 en la Plaza de los Ajos acto cultural y brindis de a\u00f1o nuevo.<\/strong><\/p>\n<p>Finalizaremos el a\u00f1o y comenzaremos el 2022 en la calle, pueblo a pueblo, ciudad a ciudad y con la multitudinaria manifestaci\u00f3n de Bilbao el 8 de enero. No puede demorarse durante m\u00e1s tiempo. El acercamiento de la totalidad de los y las presas vasca debe de efectuarse ya, sin m\u00e1s dilaci\u00f3n. D\u00e9mosle la bienvenida a este 2022 con el fin de esta vulneraci\u00f3n de derechos.<\/p>\n\n\n<div class=\"wp-block-columns is-layout-flex wp-container-core-columns-is-layout-9d6595d7 wp-block-columns-is-layout-flex\">\n<div class=\"wp-block-column is-layout-flow wp-block-column-is-layout-flow\" style=\"flex-basis:100%\">\n<div class=\"wp-block-group is-layout-flow wp-block-group-is-layout-flow\">\n<div class=\"wp-block-columns is-layout-flex wp-container-core-columns-is-layout-9d6595d7 wp-block-columns-is-layout-flex\">\n<div class=\"wp-block-column is-layout-flow wp-block-column-is-layout-flow\" style=\"flex-basis:100%\">\n<div class=\"wp-block-group is-layout-flow wp-block-group-is-layout-flow\">\n<figure class=\"wp-block-gallery columns-2 is-cropped wp-block-gallery-1 is-layout-flex wp-block-gallery-is-layout-flex\"><ul class=\"blocks-gallery-grid\"><li class=\"blocks-gallery-item\"><figure><img loading=\"lazy\" decoding=\"async\" width=\"724\" height=\"1024\" src=\"https:\/\/sare.eus\/wp-content\/uploads\/2021\/11\/abenduak18-724x1024.jpeg\" alt=\"\" data-id=\"1620\" data-full-url=\"https:\/\/sare.eus\/wp-content\/uploads\/2021\/11\/abenduak18.jpeg\" data-link=\"https:\/\/sare.eus\/ekimena\/etxerako-bidean-manifestazioa-basauriko-espetxera\/abenduak18-2\/\" class=\"wp-image-1620\" srcset=\"https:\/\/sare.eus\/wp-content\/uploads\/2021\/11\/abenduak18-724x1024.jpeg 724w, https:\/\/sare.eus\/wp-content\/uploads\/2021\/11\/abenduak18-212x300.jpeg 212w, https:\/\/sare.eus\/wp-content\/uploads\/2021\/11\/abenduak18-768x1086.jpeg 768w, https:\/\/sare.eus\/wp-content\/uploads\/2021\/11\/abenduak18-1086x1536.jpeg 1086w, https:\/\/sare.eus\/wp-content\/uploads\/2021\/11\/abenduak18-1080x1528.jpeg 1080w, https:\/\/sare.eus\/wp-content\/uploads\/2021\/11\/abenduak18.jpeg 1131w\" sizes=\"(max-width: 724px) 100vw, 724px\" \/><figcaption class=\"blocks-gallery-item__caption\">Abenduak 18 \u00b7 Basaurira<\/figcaption><\/figure><\/li><li class=\"blocks-gallery-item\"><figure><img loading=\"lazy\" decoding=\"async\" width=\"724\" height=\"1024\" src=\"https:\/\/sare.eus\/wp-content\/uploads\/2021\/11\/eguberriak-Zaballa_WEB_Mesa-de-trabajo-1-724x1024.jpg\" alt=\"\" data-id=\"1761\" data-full-url=\"https:\/\/sare.eus\/wp-content\/uploads\/2021\/11\/eguberriak-Zaballa_WEB_Mesa-de-trabajo-1.jpg\" data-link=\"https:\/\/sare.eus\/ekimena\/zaballako-espetxean-ekitaldia\/eguberriak-zaballa_web_mesa-de-trabajo-1\/\" class=\"wp-image-1761\" srcset=\"https:\/\/sare.eus\/wp-content\/uploads\/2021\/11\/eguberriak-Zaballa_WEB_Mesa-de-trabajo-1-724x1024.jpg 724w, https:\/\/sare.eus\/wp-content\/uploads\/2021\/11\/eguberriak-Zaballa_WEB_Mesa-de-trabajo-1-212x300.jpg 212w, https:\/\/sare.eus\/wp-content\/uploads\/2021\/11\/eguberriak-Zaballa_WEB_Mesa-de-trabajo-1-768x1086.jpg 768w, https:\/\/sare.eus\/wp-content\/uploads\/2021\/11\/eguberriak-Zaballa_WEB_Mesa-de-trabajo-1-1087x1536.jpg 1087w, https:\/\/sare.eus\/wp-content\/uploads\/2021\/11\/eguberriak-Zaballa_WEB_Mesa-de-trabajo-1-1080x1527.jpg 1080w, https:\/\/sare.eus\/wp-content\/uploads\/2021\/11\/eguberriak-Zaballa_WEB_Mesa-de-trabajo-1.jpg 1192w\" sizes=\"(max-width: 724px) 100vw, 724px\" \/><figcaption class=\"blocks-gallery-item__caption\">Abenduak 26 \u00b7 Zaballara<\/figcaption><\/figure><\/li><\/ul><\/figure>\n<\/div>\n\n\n\n<figure class=\"wp-block-gallery columns-2 is-cropped wp-block-gallery-2 is-layout-flex wp-block-gallery-is-layout-flex\"><ul class=\"blocks-gallery-grid\"><li class=\"blocks-gallery-item\"><figure><img loading=\"lazy\" decoding=\"async\" width=\"724\" height=\"1024\" src=\"https:\/\/sare.eus\/wp-content\/uploads\/2021\/11\/eguberriak-MartuteneWEB_Mesa-de-trabajo-1-724x1024.jpg\" alt=\"\" data-id=\"1640\" data-full-url=\"https:\/\/sare.eus\/wp-content\/uploads\/2021\/11\/eguberriak-MartuteneWEB_Mesa-de-trabajo-1.jpg\" data-link=\"https:\/\/sare.eus\/ekimena\/jarrai-dezagun-etxerako-bidea-egiten-manifestazioa-donostian\/eguberriak-martuteneweb_mesa-de-trabajo-1\/\" class=\"wp-image-1640\" srcset=\"https:\/\/sare.eus\/wp-content\/uploads\/2021\/11\/eguberriak-MartuteneWEB_Mesa-de-trabajo-1-724x1024.jpg 724w, https:\/\/sare.eus\/wp-content\/uploads\/2021\/11\/eguberriak-MartuteneWEB_Mesa-de-trabajo-1-212x300.jpg 212w, https:\/\/sare.eus\/wp-content\/uploads\/2021\/11\/eguberriak-MartuteneWEB_Mesa-de-trabajo-1-768x1086.jpg 768w, https:\/\/sare.eus\/wp-content\/uploads\/2021\/11\/eguberriak-MartuteneWEB_Mesa-de-trabajo-1-1087x1536.jpg 1087w, https:\/\/sare.eus\/wp-content\/uploads\/2021\/11\/eguberriak-MartuteneWEB_Mesa-de-trabajo-1-1080x1527.jpg 1080w, https:\/\/sare.eus\/wp-content\/uploads\/2021\/11\/eguberriak-MartuteneWEB_Mesa-de-trabajo-1.jpg 1192w\" sizes=\"(max-width: 724px) 100vw, 724px\" \/><figcaption class=\"blocks-gallery-item__caption\">Abenduak 26 \u00b7 Martutenera<\/figcaption><\/figure><\/li><li class=\"blocks-gallery-item\"><figure><img loading=\"lazy\" decoding=\"async\" width=\"724\" height=\"1024\" src=\"https:\/\/sare.eus\/wp-content\/uploads\/2021\/11\/Abenduak-31-Iruneko-Ekitaldia_web_Mesa-de-trabajo-1-724x1024.jpg\" alt=\"\" data-id=\"1779\" data-full-url=\"https:\/\/sare.eus\/wp-content\/uploads\/2021\/11\/Abenduak-31-Iruneko-Ekitaldia_web_Mesa-de-trabajo-1.jpg\" data-link=\"https:\/\/sare.eus\/ekimena\/urte-berriari-etxerako-bidea-ekitaldia\/abenduak-31-iruneko-ekitaldia_web_mesa-de-trabajo-1\/\" class=\"wp-image-1779\" srcset=\"https:\/\/sare.eus\/wp-content\/uploads\/2021\/11\/Abenduak-31-Iruneko-Ekitaldia_web_Mesa-de-trabajo-1-724x1024.jpg 724w, https:\/\/sare.eus\/wp-content\/uploads\/2021\/11\/Abenduak-31-Iruneko-Ekitaldia_web_Mesa-de-trabajo-1-212x300.jpg 212w, https:\/\/sare.eus\/wp-content\/uploads\/2021\/11\/Abenduak-31-Iruneko-Ekitaldia_web_Mesa-de-trabajo-1-768x1086.jpg 768w, https:\/\/sare.eus\/wp-content\/uploads\/2021\/11\/Abenduak-31-Iruneko-Ekitaldia_web_Mesa-de-trabajo-1-1087x1536.jpg 1087w, https:\/\/sare.eus\/wp-content\/uploads\/2021\/11\/Abenduak-31-Iruneko-Ekitaldia_web_Mesa-de-trabajo-1-1080x1527.jpg 1080w, https:\/\/sare.eus\/wp-content\/uploads\/2021\/11\/Abenduak-31-Iruneko-Ekitaldia_web_Mesa-de-trabajo-1.jpg 1192w\" sizes=\"(max-width: 724px) 100vw, 724px\" \/><figcaption class=\"blocks-gallery-item__caption\">Abenduak 31 \u00b7 Iru\u00f1ean<\/figcaption><\/figure><\/li><\/ul><\/figure>\n<\/div>\n<\/div>\n<\/div>\n<\/div>\n<\/div>\n","protected":false},"excerpt":{"rendered":"<p>Como cada a\u00f1o, en v\u00edspera de la movilizaci\u00f3n del 8 de enero en Bilbao y en el contexto de las navidades, hemos convocados movilizaciones en las cuatro ciudades de Hego [&hellip;]<\/p>\n","protected":false},"author":2,"featured_media":1870,"comment_status":"closed","ping_status":"closed","sticky":false,"template":"","format":"standard","meta":{"_acf_changed":false,"_et_pb_use_builder":"off","_et_pb_old_content":"","_et_gb_content_width":"","footnotes":""},"categories":[60],"tags":[],"class_list":["post-1855","post","type-post","status-publish","format-standard","has-post-thumbnail","hentry","category-etxera-es","et-has-post-format-content","et_post_format-et-post-format-standard"],"acf":[],"yoast_head":"<!-- This site is optimized with the Yoast SEO plugin v26.4 - https:\/\/yoast.com\/wordpress\/plugins\/seo\/ -->\n<title>En el contexto de las navidades, hemos convocados movilizaciones en las cuatro ciudades de Hego Euskal Herria. - Sare Herritarra<\/title>\n<meta name=\"robots\" content=\"index, follow, max-snippet:-1, max-image-preview:large, max-video-preview:-1\" \/>\n<link rel=\"canonical\" href=\"https:\/\/sare.eus\/es\/en-el-contexto-de-las-navidades-hemos-convocados-movilizaciones-en-las-cuatro-ciudades-de-hego-euskal-herria\/\" \/>\n<meta property=\"og:locale\" content=\"es_ES\" \/>\n<meta property=\"og:type\" content=\"article\" \/>\n<meta property=\"og:title\" content=\"En el contexto de las navidades, hemos convocados movilizaciones en las cuatro ciudades de Hego Euskal Herria. - Sare Herritarra\" \/>\n<meta property=\"og:description\" content=\"Como cada a\u00f1o, en v\u00edspera de la movilizaci\u00f3n del 8 de enero en Bilbao y en el contexto de las navidades, hemos convocados movilizaciones en las cuatro ciudades de Hego [&hellip;]\" \/>\n<meta property=\"og:url\" content=\"https:\/\/sare.eus\/es\/en-el-contexto-de-las-navidades-hemos-convocados-movilizaciones-en-las-cuatro-ciudades-de-hego-euskal-herria\/\" \/>\n<meta property=\"og:site_name\" content=\"Sare Herritarra\" \/>\n<meta property=\"article:published_time\" content=\"2021-11-30T10:30:11+00:00\" \/>\n<meta property=\"article:modified_time\" content=\"2021-11-30T10:30:13+00:00\" \/>\n<meta property=\"og:image\" content=\"https:\/\/sare.eus\/wp-content\/uploads\/2021\/11\/azaroak-30-noviembre_web.jpg\" \/>\n\t<meta property=\"og:image:width\" content=\"1280\" \/>\n\t<meta property=\"og:image:height\" content=\"960\" \/>\n\t<meta property=\"og:image:type\" content=\"image\/jpeg\" \/>\n<meta name=\"author\" content=\"sare\" \/>\n<meta name=\"twitter:card\" content=\"summary_large_image\" \/>\n<meta name=\"twitter:label1\" content=\"Escrito por\" \/>\n\t<meta name=\"twitter:data1\" content=\"sare\" \/>\n\t<meta name=\"twitter:label2\" content=\"Tiempo de lectura\" \/>\n\t<meta name=\"twitter:data2\" content=\"2 minutos\" \/>\n<script type=\"application\/ld+json\" class=\"yoast-schema-graph\">{\"@context\":\"https:\/\/schema.org\",\"@graph\":[{\"@type\":\"Article\",\"@id\":\"https:\/\/sare.eus\/es\/en-el-contexto-de-las-navidades-hemos-convocados-movilizaciones-en-las-cuatro-ciudades-de-hego-euskal-herria\/#article\",\"isPartOf\":{\"@id\":\"https:\/\/sare.eus\/es\/en-el-contexto-de-las-navidades-hemos-convocados-movilizaciones-en-las-cuatro-ciudades-de-hego-euskal-herria\/\"},\"author\":{\"name\":\"sare\",\"@id\":\"https:\/\/sare.eus\/#\/schema\/person\/2fe6d0df294f56313d3ab236dbe38e17\"},\"headline\":\"En el contexto de las navidades, hemos convocados movilizaciones en las cuatro ciudades de Hego Euskal Herria.\",\"datePublished\":\"2021-11-30T10:30:11+00:00\",\"dateModified\":\"2021-11-30T10:30:13+00:00\",\"mainEntityOfPage\":{\"@id\":\"https:\/\/sare.eus\/es\/en-el-contexto-de-las-navidades-hemos-convocados-movilizaciones-en-las-cuatro-ciudades-de-hego-euskal-herria\/\"},\"wordCount\":511,\"publisher\":{\"@id\":\"https:\/\/sare.eus\/#organization\"},\"image\":{\"@id\":\"https:\/\/sare.eus\/es\/en-el-contexto-de-las-navidades-hemos-convocados-movilizaciones-en-las-cuatro-ciudades-de-hego-euskal-herria\/#primaryimage\"},\"thumbnailUrl\":\"https:\/\/sare.eus\/wp-content\/uploads\/2021\/11\/azaroak-30-noviembre_web.jpg\",\"articleSection\":[\"Etxera\"],\"inLanguage\":\"es\"},{\"@type\":\"WebPage\",\"@id\":\"https:\/\/sare.eus\/es\/en-el-contexto-de-las-navidades-hemos-convocados-movilizaciones-en-las-cuatro-ciudades-de-hego-euskal-herria\/\",\"url\":\"https:\/\/sare.eus\/es\/en-el-contexto-de-las-navidades-hemos-convocados-movilizaciones-en-las-cuatro-ciudades-de-hego-euskal-herria\/\",\"name\":\"En el contexto de las navidades, hemos convocados movilizaciones en las cuatro ciudades de Hego Euskal Herria. - Sare Herritarra\",\"isPartOf\":{\"@id\":\"https:\/\/sare.eus\/#website\"},\"primaryImageOfPage\":{\"@id\":\"https:\/\/sare.eus\/es\/en-el-contexto-de-las-navidades-hemos-convocados-movilizaciones-en-las-cuatro-ciudades-de-hego-euskal-herria\/#primaryimage\"},\"image\":{\"@id\":\"https:\/\/sare.eus\/es\/en-el-contexto-de-las-navidades-hemos-convocados-movilizaciones-en-las-cuatro-ciudades-de-hego-euskal-herria\/#primaryimage\"},\"thumbnailUrl\":\"https:\/\/sare.eus\/wp-content\/uploads\/2021\/11\/azaroak-30-noviembre_web.jpg\",\"datePublished\":\"2021-11-30T10:30:11+00:00\",\"dateModified\":\"2021-11-30T10:30:13+00:00\",\"breadcrumb\":{\"@id\":\"https:\/\/sare.eus\/es\/en-el-contexto-de-las-navidades-hemos-convocados-movilizaciones-en-las-cuatro-ciudades-de-hego-euskal-herria\/#breadcrumb\"},\"inLanguage\":\"es\",\"potentialAction\":[{\"@type\":\"ReadAction\",\"target\":[\"https:\/\/sare.eus\/es\/en-el-contexto-de-las-navidades-hemos-convocados-movilizaciones-en-las-cuatro-ciudades-de-hego-euskal-herria\/\"]}]},{\"@type\":\"ImageObject\",\"inLanguage\":\"es\",\"@id\":\"https:\/\/sare.eus\/es\/en-el-contexto-de-las-navidades-hemos-convocados-movilizaciones-en-las-cuatro-ciudades-de-hego-euskal-herria\/#primaryimage\",\"url\":\"https:\/\/sare.eus\/wp-content\/uploads\/2021\/11\/azaroak-30-noviembre_web.jpg\",\"contentUrl\":\"https:\/\/sare.eus\/wp-content\/uploads\/2021\/11\/azaroak-30-noviembre_web.jpg\",\"width\":1280,\"height\":960},{\"@type\":\"BreadcrumbList\",\"@id\":\"https:\/\/sare.eus\/es\/en-el-contexto-de-las-navidades-hemos-convocados-movilizaciones-en-las-cuatro-ciudades-de-hego-euskal-herria\/#breadcrumb\",\"itemListElement\":[{\"@type\":\"ListItem\",\"position\":1,\"name\":\"Home\",\"item\":\"https:\/\/sare.eus\/\"},{\"@type\":\"ListItem\",\"position\":2,\"name\":\"En el contexto de las navidades, hemos convocados movilizaciones en las cuatro ciudades de Hego Euskal Herria.\"}]},{\"@type\":\"WebSite\",\"@id\":\"https:\/\/sare.eus\/#website\",\"url\":\"https:\/\/sare.eus\/\",\"name\":\"Sare Herritarra\",\"description\":\"KONPONBIDEAREN ETA GIZA ESKUBIDEEN ALDEKO SARE HERRITARRA\",\"publisher\":{\"@id\":\"https:\/\/sare.eus\/#organization\"},\"potentialAction\":[{\"@type\":\"SearchAction\",\"target\":{\"@type\":\"EntryPoint\",\"urlTemplate\":\"https:\/\/sare.eus\/?s={search_term_string}\"},\"query-input\":{\"@type\":\"PropertyValueSpecification\",\"valueRequired\":true,\"valueName\":\"search_term_string\"}}],\"inLanguage\":\"es\"},{\"@type\":\"Organization\",\"@id\":\"https:\/\/sare.eus\/#organization\",\"name\":\"Sare Herritarra\",\"url\":\"https:\/\/sare.eus\/\",\"logo\":{\"@type\":\"ImageObject\",\"inLanguage\":\"es\",\"@id\":\"https:\/\/sare.eus\/#\/schema\/logo\/image\/\",\"url\":\"https:\/\/sare.eus\/wp-content\/uploads\/2021\/08\/sare.png\",\"contentUrl\":\"https:\/\/sare.eus\/wp-content\/uploads\/2021\/08\/sare.png\",\"width\":120,\"height\":142,\"caption\":\"Sare Herritarra\"},\"image\":{\"@id\":\"https:\/\/sare.eus\/#\/schema\/logo\/image\/\"}},{\"@type\":\"Person\",\"@id\":\"https:\/\/sare.eus\/#\/schema\/person\/2fe6d0df294f56313d3ab236dbe38e17\",\"name\":\"sare\",\"image\":{\"@type\":\"ImageObject\",\"inLanguage\":\"es\",\"@id\":\"https:\/\/sare.eus\/#\/schema\/person\/image\/\",\"url\":\"https:\/\/secure.gravatar.com\/avatar\/77cad838677ceb1977e7b3c878b55eaa7fa4aae2158983063b047c3ad7ef2c25?s=96&d=mm&r=g\",\"contentUrl\":\"https:\/\/secure.gravatar.com\/avatar\/77cad838677ceb1977e7b3c878b55eaa7fa4aae2158983063b047c3ad7ef2c25?s=96&d=mm&r=g\",\"caption\":\"sare\"},\"url\":\"https:\/\/sare.eus\/es\/author\/sare\/\"}]}<\/script>\n<!-- \/ Yoast SEO plugin. -->","yoast_head_json":{"title":"En el contexto de las navidades, hemos convocados movilizaciones en las cuatro ciudades de Hego Euskal Herria. - Sare Herritarra","robots":{"index":"index","follow":"follow","max-snippet":"max-snippet:-1","max-image-preview":"max-image-preview:large","max-video-preview":"max-video-preview:-1"},"canonical":"https:\/\/sare.eus\/es\/en-el-contexto-de-las-navidades-hemos-convocados-movilizaciones-en-las-cuatro-ciudades-de-hego-euskal-herria\/","og_locale":"es_ES","og_type":"article","og_title":"En el contexto de las navidades, hemos convocados movilizaciones en las cuatro ciudades de Hego Euskal Herria. - Sare Herritarra","og_description":"Como cada a\u00f1o, en v\u00edspera de la movilizaci\u00f3n del 8 de enero en Bilbao y en el contexto de las navidades, hemos convocados movilizaciones en las cuatro ciudades de Hego [&hellip;]","og_url":"https:\/\/sare.eus\/es\/en-el-contexto-de-las-navidades-hemos-convocados-movilizaciones-en-las-cuatro-ciudades-de-hego-euskal-herria\/","og_site_name":"Sare Herritarra","article_published_time":"2021-11-30T10:30:11+00:00","article_modified_time":"2021-11-30T10:30:13+00:00","og_image":[{"width":1280,"height":960,"url":"https:\/\/sare.eus\/wp-content\/uploads\/2021\/11\/azaroak-30-noviembre_web.jpg","type":"image\/jpeg"}],"author":"sare","twitter_card":"summary_large_image","twitter_misc":{"Escrito por":"sare","Tiempo de lectura":"2 minutos"},"schema":{"@context":"https:\/\/schema.org","@graph":[{"@type":"Article","@id":"https:\/\/sare.eus\/es\/en-el-contexto-de-las-navidades-hemos-convocados-movilizaciones-en-las-cuatro-ciudades-de-hego-euskal-herria\/#article","isPartOf":{"@id":"https:\/\/sare.eus\/es\/en-el-contexto-de-las-navidades-hemos-convocados-movilizaciones-en-las-cuatro-ciudades-de-hego-euskal-herria\/"},"author":{"name":"sare","@id":"https:\/\/sare.eus\/#\/schema\/person\/2fe6d0df294f56313d3ab236dbe38e17"},"headline":"En el contexto de las navidades, hemos convocados movilizaciones en las cuatro ciudades de Hego Euskal Herria.","datePublished":"2021-11-30T10:30:11+00:00","dateModified":"2021-11-30T10:30:13+00:00","mainEntityOfPage":{"@id":"https:\/\/sare.eus\/es\/en-el-contexto-de-las-navidades-hemos-convocados-movilizaciones-en-las-cuatro-ciudades-de-hego-euskal-herria\/"},"wordCount":511,"publisher":{"@id":"https:\/\/sare.eus\/#organization"},"image":{"@id":"https:\/\/sare.eus\/es\/en-el-contexto-de-las-navidades-hemos-convocados-movilizaciones-en-las-cuatro-ciudades-de-hego-euskal-herria\/#primaryimage"},"thumbnailUrl":"https:\/\/sare.eus\/wp-content\/uploads\/2021\/11\/azaroak-30-noviembre_web.jpg","articleSection":["Etxera"],"inLanguage":"es"},{"@type":"WebPage","@id":"https:\/\/sare.eus\/es\/en-el-contexto-de-las-navidades-hemos-convocados-movilizaciones-en-las-cuatro-ciudades-de-hego-euskal-herria\/","url":"https:\/\/sare.eus\/es\/en-el-contexto-de-las-navidades-hemos-convocados-movilizaciones-en-las-cuatro-ciudades-de-hego-euskal-herria\/","name":"En el contexto de las navidades, hemos convocados movilizaciones en las cuatro ciudades de Hego Euskal Herria. - Sare Herritarra","isPartOf":{"@id":"https:\/\/sare.eus\/#website"},"primaryImageOfPage":{"@id":"https:\/\/sare.eus\/es\/en-el-contexto-de-las-navidades-hemos-convocados-movilizaciones-en-las-cuatro-ciudades-de-hego-euskal-herria\/#primaryimage"},"image":{"@id":"https:\/\/sare.eus\/es\/en-el-contexto-de-las-navidades-hemos-convocados-movilizaciones-en-las-cuatro-ciudades-de-hego-euskal-herria\/#primaryimage"},"thumbnailUrl":"https:\/\/sare.eus\/wp-content\/uploads\/2021\/11\/azaroak-30-noviembre_web.jpg","datePublished":"2021-11-30T10:30:11+00:00","dateModified":"2021-11-30T10:30:13+00:00","breadcrumb":{"@id":"https:\/\/sare.eus\/es\/en-el-contexto-de-las-navidades-hemos-convocados-movilizaciones-en-las-cuatro-ciudades-de-hego-euskal-herria\/#breadcrumb"},"inLanguage":"es","potentialAction":[{"@type":"ReadAction","target":["https:\/\/sare.eus\/es\/en-el-contexto-de-las-navidades-hemos-convocados-movilizaciones-en-las-cuatro-ciudades-de-hego-euskal-herria\/"]}]},{"@type":"ImageObject","inLanguage":"es","@id":"https:\/\/sare.eus\/es\/en-el-contexto-de-las-navidades-hemos-convocados-movilizaciones-en-las-cuatro-ciudades-de-hego-euskal-herria\/#primaryimage","url":"https:\/\/sare.eus\/wp-content\/uploads\/2021\/11\/azaroak-30-noviembre_web.jpg","contentUrl":"https:\/\/sare.eus\/wp-content\/uploads\/2021\/11\/azaroak-30-noviembre_web.jpg","width":1280,"height":960},{"@type":"BreadcrumbList","@id":"https:\/\/sare.eus\/es\/en-el-contexto-de-las-navidades-hemos-convocados-movilizaciones-en-las-cuatro-ciudades-de-hego-euskal-herria\/#breadcrumb","itemListElement":[{"@type":"ListItem","position":1,"name":"Home","item":"https:\/\/sare.eus\/"},{"@type":"ListItem","position":2,"name":"En el contexto de las navidades, hemos convocados movilizaciones en las cuatro ciudades de Hego Euskal Herria."}]},{"@type":"WebSite","@id":"https:\/\/sare.eus\/#website","url":"https:\/\/sare.eus\/","name":"Sare Herritarra","description":"KONPONBIDEAREN ETA GIZA ESKUBIDEEN ALDEKO SARE HERRITARRA","publisher":{"@id":"https:\/\/sare.eus\/#organization"},"potentialAction":[{"@type":"SearchAction","target":{"@type":"EntryPoint","urlTemplate":"https:\/\/sare.eus\/?s={search_term_string}"},"query-input":{"@type":"PropertyValueSpecification","valueRequired":true,"valueName":"search_term_string"}}],"inLanguage":"es"},{"@type":"Organization","@id":"https:\/\/sare.eus\/#organization","name":"Sare Herritarra","url":"https:\/\/sare.eus\/","logo":{"@type":"ImageObject","inLanguage":"es","@id":"https:\/\/sare.eus\/#\/schema\/logo\/image\/","url":"https:\/\/sare.eus\/wp-content\/uploads\/2021\/08\/sare.png","contentUrl":"https:\/\/sare.eus\/wp-content\/uploads\/2021\/08\/sare.png","width":120,"height":142,"caption":"Sare Herritarra"},"image":{"@id":"https:\/\/sare.eus\/#\/schema\/logo\/image\/"}},{"@type":"Person","@id":"https:\/\/sare.eus\/#\/schema\/person\/2fe6d0df294f56313d3ab236dbe38e17","name":"sare","image":{"@type":"ImageObject","inLanguage":"es","@id":"https:\/\/sare.eus\/#\/schema\/person\/image\/","url":"https:\/\/secure.gravatar.com\/avatar\/77cad838677ceb1977e7b3c878b55eaa7fa4aae2158983063b047c3ad7ef2c25?s=96&d=mm&r=g","contentUrl":"https:\/\/secure.gravatar.com\/avatar\/77cad838677ceb1977e7b3c878b55eaa7fa4aae2158983063b047c3ad7ef2c25?s=96&d=mm&r=g","caption":"sare"},"url":"https:\/\/sare.eus\/es\/author\/sare\/"}]}},"_links":{"self":[{"href":"https:\/\/sare.eus\/es\/wp-json\/wp\/v2\/posts\/1855","targetHints":{"allow":["GET"]}}],"collection":[{"href":"https:\/\/sare.eus\/es\/wp-json\/wp\/v2\/posts"}],"about":[{"href":"https:\/\/sare.eus\/es\/wp-json\/wp\/v2\/types\/post"}],"author":[{"embeddable":true,"href":"https:\/\/sare.eus\/es\/wp-json\/wp\/v2\/users\/2"}],"replies":[{"embeddable":true,"href":"https:\/\/sare.eus\/es\/wp-json\/wp\/v2\/comments?post=1855"}],"version-history":[{"count":3,"href":"https:\/\/sare.eus\/es\/wp-json\/wp\/v2\/posts\/1855\/revisions"}],"predecessor-version":[{"id":1872,"href":"https:\/\/sare.eus\/es\/wp-json\/wp\/v2\/posts\/1855\/revisions\/1872"}],"wp:featuredmedia":[{"embeddable":true,"href":"https:\/\/sare.eus\/es\/wp-json\/wp\/v2\/media\/1870"}],"wp:attachment":[{"href":"https:\/\/sare.eus\/es\/wp-json\/wp\/v2\/media?parent=1855"}],"wp:term":[{"taxonomy":"category","embeddable":true,"href":"https:\/\/sare.eus\/es\/wp-json\/wp\/v2\/categories?post=1855"},{"taxonomy":"post_tag","embeddable":true,"href":"https:\/\/sare.eus\/es\/wp-json\/wp\/v2\/tags?post=1855"}],"curies":[{"name":"wp","href":"https:\/\/api.w.org\/{rel}","templated":true}]}}