{"id":1666,"date":"2021-11-22T10:20:11","date_gmt":"2021-11-22T10:20:11","guid":{"rendered":"https:\/\/sare.eus\/?p=1666"},"modified":"2021-11-22T21:56:56","modified_gmt":"2021-11-22T21:56:56","slug":"sarek-eta-etxeratek-espetxeetako-arduradunei-eskatzen-diegu-ez-jarraitzeko-arriskuan-jartzen-gaixotasun-lariak-dituzten-pertsona-presoen-bizitza","status":"publish","type":"post","link":"https:\/\/sare.eus\/es\/sarek-eta-etxeratek-espetxeetako-arduradunei-eskatzen-diegu-ez-jarraitzeko-arriskuan-jartzen-gaixotasun-lariak-dituzten-pertsona-presoen-bizitza\/","title":{"rendered":"Sare y Etxerat pedimos a los responsables penitenciarios que dejen de jugar con la vida de las personas presas con enfermedades graves"},"content":{"rendered":"\n<blockquote class=\"wp-block-quote is-layout-flow wp-block-quote-is-layout-flow\"><p><em><em>Gregorio Vicario debe ser progresado a 3\u00ba grado&nbsp; y quedar en libertad condicional para ser tratado con garant\u00edas y dignidad de su dolencia, en cercan\u00eda de los suyos<\/em><\/em><\/p><\/blockquote>\n\n\n\n<figure class=\"wp-block-embed is-type-video is-provider-youtube wp-block-embed-youtube wp-embed-aspect-16-9 wp-has-aspect-ratio\"><div class=\"wp-block-embed__wrapper\">\n<iframe loading=\"lazy\" title=\"Etxerat y Sare: Gregorio Vicario debe ser progresado a 3\u00ba grado  y quedar en libertad condicional\" width=\"1080\" height=\"608\" src=\"https:\/\/www.youtube.com\/embed\/VFyKOjeWDro?feature=oembed\" frameborder=\"0\" allow=\"accelerometer; autoplay; clipboard-write; encrypted-media; gyroscope; picture-in-picture\" allowfullscreen><\/iframe>\n<\/div><\/figure>\n\n\n<p><img loading=\"lazy\" decoding=\"async\" class=\"size-medium wp-image-1662 alignleft\" src=\"https:\/\/sare.eus\/wp-content\/uploads\/2021\/11\/2021.04.07-IzanBidea-TIRAK-Larriki-gaixoak-300x93.jpg\" alt=\"\" width=\"300\" height=\"93\" srcset=\"https:\/\/sare.eus\/wp-content\/uploads\/2021\/11\/2021.04.07-IzanBidea-TIRAK-Larriki-gaixoak-300x93.jpg 300w, https:\/\/sare.eus\/wp-content\/uploads\/2021\/11\/2021.04.07-IzanBidea-TIRAK-Larriki-gaixoak-1024x316.jpg 1024w, https:\/\/sare.eus\/wp-content\/uploads\/2021\/11\/2021.04.07-IzanBidea-TIRAK-Larriki-gaixoak-768x237.jpg 768w, https:\/\/sare.eus\/wp-content\/uploads\/2021\/11\/2021.04.07-IzanBidea-TIRAK-Larriki-gaixoak-1536x474.jpg 1536w, https:\/\/sare.eus\/wp-content\/uploads\/2021\/11\/2021.04.07-IzanBidea-TIRAK-Larriki-gaixoak-1080x333.jpg 1080w, https:\/\/sare.eus\/wp-content\/uploads\/2021\/11\/2021.04.07-IzanBidea-TIRAK-Larriki-gaixoak.jpg 1848w\" sizes=\"(max-width: 300px) 100vw, 300px\" \/>Desde Sare y Etxerat, llevamos muchos a\u00f1os transmitiendo la preocupaci\u00f3n por la situaci\u00f3n de los presos\/as enfermos. Las enfermedades son variadas, pero, en concreto, aquellas relacionadas con dolencias cardiacas son las que, en el caso de los presos\/as vascos, llevan a unas cifras de fallecidos elevadas.<\/p>\n<p>El balance, desde 1988, nos presenta un total de seis presos vascos fallecidos en prisi\u00f3n como consecuencia de problemas derivados del coraz\u00f3n.<\/p>\n<p>Hoy, tenemos que hacernos eco de la dif\u00edcil situaci\u00f3n que est\u00e1 padeciendo el preso vasco Gregorio Vicario Seti\u00e9n, que tal como hemos venido comunicando estos d\u00edas, ha sido sometido a una intervenci\u00f3n quir\u00fargica de urgencia en el Hospital de Le\u00f3n, donde ha sido trasladado desde la prisi\u00f3n de Burgos donde se encontraba. Se le han colocado cuatro bypass, ante el riesgo inminente para su vida. Seg\u00fan conocemos, la intervenci\u00f3n se ha realizado satisfactoriamente y ha comenzado la dif\u00edcil recuperaci\u00f3n.<\/p>\n<p>En el caso de Vicario su situaci\u00f3n no es repentina. Lleva mucho tiempo con estas dolencias. Hace a\u00f1o y medio, ya tuvo un primer ingreso hospitalario y este pasado mes de octubre, se le apreci\u00f3 una isquemia severa muy extendida, por lo que se le realiz\u00f3 un cateterismo y se le coloc\u00f3 un stent.<\/p>\n<p>No nos cansaremos de repetir que la c\u00e1rcel no es lugar adecuado para tratar este tipo de enfermedades. La normativa penitenciaria posibilita que estas personas puedan ser tratadas de sus dolencias fuera de prisi\u00f3n, pero desgraciadamente no se hace en el caso de los presos y presas vascos. No es un dato balad\u00ed que este preso tiene 64 a\u00f1os de edad y lleva 20 privado de libertad.<\/p>\n<p>Hoy ha sido Gregorio Vicario, pero recientemente, en junio de 2018, el preso Josetxo Arizkuren fue hospitalizado en Murcia por una crisis cardiaca aguda y nuevamente, en noviembre de 2020, volvi\u00f3 a ser hospitalizado de urgencia tras sufrir un infarto de miocardio. Preso, tambi\u00e9n \u00e9ste, con m\u00e1s de 60 a\u00f1os de edad y m\u00e1s de 20 de privaci\u00f3n de libertad.<\/p>\n<p>Desde Sare y Etxerat pedimos a los responsables penitenciarios que dejen de jugar con la vida de estas personas. Deben poner fin a la desasistencia m\u00e9dica continuada y poner medios para corregir detecciones tard\u00edas de enfermedades. Instamos, asimismo, a los gobiernos vasco y navarro a que den un paso adelante con sus servicios de salud en la atenci\u00f3n sanitaria a la poblaci\u00f3n reclusa.<\/p>\n<p>Reiteramos a los responsables penitenciarios la necesidad de que dejen de bloquear las progresiones de grado de los presos vascos, impidi\u00e9ndoles su acceso a la libertad condicional. Pedimos que Gregorio Vicario, sea progresado a 3\u00ba grado y con ello quede en libertad condicional, para que pueda ser tratado de sus dolencias fuera de la prisi\u00f3n. Cerca de los suyos.<\/p>\n<p>Y hacemos la misma petici\u00f3n de libertad condicional para los otros presos gravemente enfermos.<\/p>\n<p><strong>Las y los queremos vivos. Las y los queremos en casa.<\/strong><\/p>\n<p><strong>Presos vascos muertos por enfermedades de coraz\u00f3n<\/strong><\/p>\n<ul>\n<li>Juan Carlos Alberdi (Urnieta) muri\u00f3 en Herrera en 1988 tras infarto<\/li>\n<li>Mikel Zalakain Odriozola (Billabona) muri\u00f3 en Martutene en 1990 tras sufrir un infarto<\/li>\n<li>Roberto Sainz Olmos (Portugalete) muri\u00f3 en Aranjuez en 2006 tras sufrir un infarto<\/li>\n<li>Xabier L\u00f3pez Pe\u00f1a (Galdakao) ingresado de urgencia por problemas cardio-vasculares, muri\u00f3 a los dias de ser operado por derrame cerebral en 2013 en Fleury Merogis (Par\u00eds)<\/li>\n<li>Arkaitz Bellon Blanco (Elorrio) muri\u00f3 en Puerto I en 2014 tras sufrir un infarto<\/li>\n<li>Kepa del Hoyo Hern\u00e1ndez (Galdakao) muri\u00f3 en Badajoz en 2017 tras sufrir un infarto<\/li>\n<\/ul>\n<p><\/p>","protected":false},"excerpt":{"rendered":"<p>Gregorio Vicario debe ser progresado a 3\u00ba grado&nbsp; y quedar en libertad condicional para ser tratado con garant\u00edas y dignidad de su dolencia, en cercan\u00eda de los suyos Desde Sare [&hellip;]<\/p>\n","protected":false},"author":2,"featured_media":1681,"comment_status":"closed","ping_status":"closed","sticky":false,"template":"","format":"standard","meta":{"_acf_changed":false,"_et_pb_use_builder":"off","_et_pb_old_content":"","_et_gb_content_width":"","footnotes":""},"categories":[64],"tags":[],"class_list":["post-1666","post","type-post","status-publish","format-standard","has-post-thumbnail","hentry","category-enfermos-graves","et-has-post-format-content","et_post_format-et-post-format-standard"],"acf":[],"yoast_head":"<!-- This site is optimized with the Yoast SEO plugin v26.4 - https:\/\/yoast.com\/wordpress\/plugins\/seo\/ -->\n<title>Sare y Etxerat pedimos a los responsables penitenciarios que dejen de jugar con la vida de las personas presas con enfermedades graves - Sare Herritarra<\/title>\n<meta name=\"robots\" content=\"index, follow, max-snippet:-1, max-image-preview:large, max-video-preview:-1\" \/>\n<link rel=\"canonical\" href=\"https:\/\/sare.eus\/es\/sarek-eta-etxeratek-espetxeetako-arduradunei-eskatzen-diegu-ez-jarraitzeko-arriskuan-jartzen-gaixotasun-lariak-dituzten-pertsona-presoen-bizitza\/\" \/>\n<meta property=\"og:locale\" content=\"es_ES\" \/>\n<meta property=\"og:type\" content=\"article\" \/>\n<meta property=\"og:title\" content=\"Sare y Etxerat pedimos a los responsables penitenciarios que dejen de jugar con la vida de las personas presas con enfermedades graves - Sare Herritarra\" \/>\n<meta property=\"og:description\" content=\"Gregorio Vicario debe ser progresado a 3\u00ba grado&nbsp; y quedar en libertad condicional para ser tratado con garant\u00edas y dignidad de su dolencia, en cercan\u00eda de los suyos Desde Sare [&hellip;]\" \/>\n<meta property=\"og:url\" content=\"https:\/\/sare.eus\/es\/sarek-eta-etxeratek-espetxeetako-arduradunei-eskatzen-diegu-ez-jarraitzeko-arriskuan-jartzen-gaixotasun-lariak-dituzten-pertsona-presoen-bizitza\/\" \/>\n<meta property=\"og:site_name\" content=\"Sare Herritarra\" \/>\n<meta property=\"article:published_time\" content=\"2021-11-22T10:20:11+00:00\" \/>\n<meta property=\"article:modified_time\" content=\"2021-11-22T21:56:56+00:00\" \/>\n<meta property=\"og:image\" content=\"https:\/\/sare.eus\/wp-content\/uploads\/2021\/11\/SareEtxerat-Teila-Fabrika.jpeg\" \/>\n\t<meta property=\"og:image:width\" content=\"1667\" \/>\n\t<meta property=\"og:image:height\" content=\"994\" \/>\n\t<meta property=\"og:image:type\" content=\"image\/jpeg\" \/>\n<meta name=\"author\" content=\"sare\" \/>\n<meta name=\"twitter:card\" content=\"summary_large_image\" \/>\n<meta name=\"twitter:label1\" content=\"Escrito por\" \/>\n\t<meta name=\"twitter:data1\" content=\"sare\" \/>\n\t<meta name=\"twitter:label2\" content=\"Tiempo de lectura\" \/>\n\t<meta name=\"twitter:data2\" content=\"3 minutos\" \/>\n<script type=\"application\/ld+json\" class=\"yoast-schema-graph\">{\"@context\":\"https:\/\/schema.org\",\"@graph\":[{\"@type\":\"Article\",\"@id\":\"https:\/\/sare.eus\/es\/sarek-eta-etxeratek-espetxeetako-arduradunei-eskatzen-diegu-ez-jarraitzeko-arriskuan-jartzen-gaixotasun-lariak-dituzten-pertsona-presoen-bizitza\/#article\",\"isPartOf\":{\"@id\":\"https:\/\/sare.eus\/es\/sarek-eta-etxeratek-espetxeetako-arduradunei-eskatzen-diegu-ez-jarraitzeko-arriskuan-jartzen-gaixotasun-lariak-dituzten-pertsona-presoen-bizitza\/\"},\"author\":{\"name\":\"sare\",\"@id\":\"https:\/\/sare.eus\/#\/schema\/person\/2fe6d0df294f56313d3ab236dbe38e17\"},\"headline\":\"Sare y Etxerat pedimos a los responsables penitenciarios que dejen de jugar con la vida de las personas presas con enfermedades graves\",\"datePublished\":\"2021-11-22T10:20:11+00:00\",\"dateModified\":\"2021-11-22T21:56:56+00:00\",\"mainEntityOfPage\":{\"@id\":\"https:\/\/sare.eus\/es\/sarek-eta-etxeratek-espetxeetako-arduradunei-eskatzen-diegu-ez-jarraitzeko-arriskuan-jartzen-gaixotasun-lariak-dituzten-pertsona-presoen-bizitza\/\"},\"wordCount\":656,\"publisher\":{\"@id\":\"https:\/\/sare.eus\/#organization\"},\"image\":{\"@id\":\"https:\/\/sare.eus\/es\/sarek-eta-etxeratek-espetxeetako-arduradunei-eskatzen-diegu-ez-jarraitzeko-arriskuan-jartzen-gaixotasun-lariak-dituzten-pertsona-presoen-bizitza\/#primaryimage\"},\"thumbnailUrl\":\"https:\/\/sare.eus\/wp-content\/uploads\/2021\/11\/SareEtxerat-Teila-Fabrika.jpeg\",\"articleSection\":[\"Enfermos Graves\"],\"inLanguage\":\"es\"},{\"@type\":\"WebPage\",\"@id\":\"https:\/\/sare.eus\/es\/sarek-eta-etxeratek-espetxeetako-arduradunei-eskatzen-diegu-ez-jarraitzeko-arriskuan-jartzen-gaixotasun-lariak-dituzten-pertsona-presoen-bizitza\/\",\"url\":\"https:\/\/sare.eus\/es\/sarek-eta-etxeratek-espetxeetako-arduradunei-eskatzen-diegu-ez-jarraitzeko-arriskuan-jartzen-gaixotasun-lariak-dituzten-pertsona-presoen-bizitza\/\",\"name\":\"Sare y Etxerat pedimos a los responsables penitenciarios que dejen de jugar con la vida de las personas presas con enfermedades graves - Sare Herritarra\",\"isPartOf\":{\"@id\":\"https:\/\/sare.eus\/#website\"},\"primaryImageOfPage\":{\"@id\":\"https:\/\/sare.eus\/es\/sarek-eta-etxeratek-espetxeetako-arduradunei-eskatzen-diegu-ez-jarraitzeko-arriskuan-jartzen-gaixotasun-lariak-dituzten-pertsona-presoen-bizitza\/#primaryimage\"},\"image\":{\"@id\":\"https:\/\/sare.eus\/es\/sarek-eta-etxeratek-espetxeetako-arduradunei-eskatzen-diegu-ez-jarraitzeko-arriskuan-jartzen-gaixotasun-lariak-dituzten-pertsona-presoen-bizitza\/#primaryimage\"},\"thumbnailUrl\":\"https:\/\/sare.eus\/wp-content\/uploads\/2021\/11\/SareEtxerat-Teila-Fabrika.jpeg\",\"datePublished\":\"2021-11-22T10:20:11+00:00\",\"dateModified\":\"2021-11-22T21:56:56+00:00\",\"breadcrumb\":{\"@id\":\"https:\/\/sare.eus\/es\/sarek-eta-etxeratek-espetxeetako-arduradunei-eskatzen-diegu-ez-jarraitzeko-arriskuan-jartzen-gaixotasun-lariak-dituzten-pertsona-presoen-bizitza\/#breadcrumb\"},\"inLanguage\":\"es\",\"potentialAction\":[{\"@type\":\"ReadAction\",\"target\":[\"https:\/\/sare.eus\/es\/sarek-eta-etxeratek-espetxeetako-arduradunei-eskatzen-diegu-ez-jarraitzeko-arriskuan-jartzen-gaixotasun-lariak-dituzten-pertsona-presoen-bizitza\/\"]}]},{\"@type\":\"ImageObject\",\"inLanguage\":\"es\",\"@id\":\"https:\/\/sare.eus\/es\/sarek-eta-etxeratek-espetxeetako-arduradunei-eskatzen-diegu-ez-jarraitzeko-arriskuan-jartzen-gaixotasun-lariak-dituzten-pertsona-presoen-bizitza\/#primaryimage\",\"url\":\"https:\/\/sare.eus\/wp-content\/uploads\/2021\/11\/SareEtxerat-Teila-Fabrika.jpeg\",\"contentUrl\":\"https:\/\/sare.eus\/wp-content\/uploads\/2021\/11\/SareEtxerat-Teila-Fabrika.jpeg\",\"width\":1667,\"height\":994},{\"@type\":\"BreadcrumbList\",\"@id\":\"https:\/\/sare.eus\/es\/sarek-eta-etxeratek-espetxeetako-arduradunei-eskatzen-diegu-ez-jarraitzeko-arriskuan-jartzen-gaixotasun-lariak-dituzten-pertsona-presoen-bizitza\/#breadcrumb\",\"itemListElement\":[{\"@type\":\"ListItem\",\"position\":1,\"name\":\"Home\",\"item\":\"https:\/\/sare.eus\/\"},{\"@type\":\"ListItem\",\"position\":2,\"name\":\"Sare y Etxerat pedimos a los responsables penitenciarios que dejen de jugar con la vida de las personas presas con enfermedades graves\"}]},{\"@type\":\"WebSite\",\"@id\":\"https:\/\/sare.eus\/#website\",\"url\":\"https:\/\/sare.eus\/\",\"name\":\"Sare Herritarra\",\"description\":\"KONPONBIDEAREN ETA GIZA ESKUBIDEEN ALDEKO SARE HERRITARRA\",\"publisher\":{\"@id\":\"https:\/\/sare.eus\/#organization\"},\"potentialAction\":[{\"@type\":\"SearchAction\",\"target\":{\"@type\":\"EntryPoint\",\"urlTemplate\":\"https:\/\/sare.eus\/?s={search_term_string}\"},\"query-input\":{\"@type\":\"PropertyValueSpecification\",\"valueRequired\":true,\"valueName\":\"search_term_string\"}}],\"inLanguage\":\"es\"},{\"@type\":\"Organization\",\"@id\":\"https:\/\/sare.eus\/#organization\",\"name\":\"Sare Herritarra\",\"url\":\"https:\/\/sare.eus\/\",\"logo\":{\"@type\":\"ImageObject\",\"inLanguage\":\"es\",\"@id\":\"https:\/\/sare.eus\/#\/schema\/logo\/image\/\",\"url\":\"https:\/\/sare.eus\/wp-content\/uploads\/2021\/08\/sare.png\",\"contentUrl\":\"https:\/\/sare.eus\/wp-content\/uploads\/2021\/08\/sare.png\",\"width\":120,\"height\":142,\"caption\":\"Sare Herritarra\"},\"image\":{\"@id\":\"https:\/\/sare.eus\/#\/schema\/logo\/image\/\"}},{\"@type\":\"Person\",\"@id\":\"https:\/\/sare.eus\/#\/schema\/person\/2fe6d0df294f56313d3ab236dbe38e17\",\"name\":\"sare\",\"image\":{\"@type\":\"ImageObject\",\"inLanguage\":\"es\",\"@id\":\"https:\/\/sare.eus\/#\/schema\/person\/image\/\",\"url\":\"https:\/\/secure.gravatar.com\/avatar\/77cad838677ceb1977e7b3c878b55eaa7fa4aae2158983063b047c3ad7ef2c25?s=96&d=mm&r=g\",\"contentUrl\":\"https:\/\/secure.gravatar.com\/avatar\/77cad838677ceb1977e7b3c878b55eaa7fa4aae2158983063b047c3ad7ef2c25?s=96&d=mm&r=g\",\"caption\":\"sare\"},\"url\":\"https:\/\/sare.eus\/es\/author\/sare\/\"}]}<\/script>\n<!-- \/ Yoast SEO plugin. -->","yoast_head_json":{"title":"Sare y Etxerat pedimos a los responsables penitenciarios que dejen de jugar con la vida de las personas presas con enfermedades graves - Sare Herritarra","robots":{"index":"index","follow":"follow","max-snippet":"max-snippet:-1","max-image-preview":"max-image-preview:large","max-video-preview":"max-video-preview:-1"},"canonical":"https:\/\/sare.eus\/es\/sarek-eta-etxeratek-espetxeetako-arduradunei-eskatzen-diegu-ez-jarraitzeko-arriskuan-jartzen-gaixotasun-lariak-dituzten-pertsona-presoen-bizitza\/","og_locale":"es_ES","og_type":"article","og_title":"Sare y Etxerat pedimos a los responsables penitenciarios que dejen de jugar con la vida de las personas presas con enfermedades graves - Sare Herritarra","og_description":"Gregorio Vicario debe ser progresado a 3\u00ba grado&nbsp; y quedar en libertad condicional para ser tratado con garant\u00edas y dignidad de su dolencia, en cercan\u00eda de los suyos Desde Sare [&hellip;]","og_url":"https:\/\/sare.eus\/es\/sarek-eta-etxeratek-espetxeetako-arduradunei-eskatzen-diegu-ez-jarraitzeko-arriskuan-jartzen-gaixotasun-lariak-dituzten-pertsona-presoen-bizitza\/","og_site_name":"Sare Herritarra","article_published_time":"2021-11-22T10:20:11+00:00","article_modified_time":"2021-11-22T21:56:56+00:00","og_image":[{"width":1667,"height":994,"url":"https:\/\/sare.eus\/wp-content\/uploads\/2021\/11\/SareEtxerat-Teila-Fabrika.jpeg","type":"image\/jpeg"}],"author":"sare","twitter_card":"summary_large_image","twitter_misc":{"Escrito por":"sare","Tiempo de lectura":"3 minutos"},"schema":{"@context":"https:\/\/schema.org","@graph":[{"@type":"Article","@id":"https:\/\/sare.eus\/es\/sarek-eta-etxeratek-espetxeetako-arduradunei-eskatzen-diegu-ez-jarraitzeko-arriskuan-jartzen-gaixotasun-lariak-dituzten-pertsona-presoen-bizitza\/#article","isPartOf":{"@id":"https:\/\/sare.eus\/es\/sarek-eta-etxeratek-espetxeetako-arduradunei-eskatzen-diegu-ez-jarraitzeko-arriskuan-jartzen-gaixotasun-lariak-dituzten-pertsona-presoen-bizitza\/"},"author":{"name":"sare","@id":"https:\/\/sare.eus\/#\/schema\/person\/2fe6d0df294f56313d3ab236dbe38e17"},"headline":"Sare y Etxerat pedimos a los responsables penitenciarios que dejen de jugar con la vida de las personas presas con enfermedades graves","datePublished":"2021-11-22T10:20:11+00:00","dateModified":"2021-11-22T21:56:56+00:00","mainEntityOfPage":{"@id":"https:\/\/sare.eus\/es\/sarek-eta-etxeratek-espetxeetako-arduradunei-eskatzen-diegu-ez-jarraitzeko-arriskuan-jartzen-gaixotasun-lariak-dituzten-pertsona-presoen-bizitza\/"},"wordCount":656,"publisher":{"@id":"https:\/\/sare.eus\/#organization"},"image":{"@id":"https:\/\/sare.eus\/es\/sarek-eta-etxeratek-espetxeetako-arduradunei-eskatzen-diegu-ez-jarraitzeko-arriskuan-jartzen-gaixotasun-lariak-dituzten-pertsona-presoen-bizitza\/#primaryimage"},"thumbnailUrl":"https:\/\/sare.eus\/wp-content\/uploads\/2021\/11\/SareEtxerat-Teila-Fabrika.jpeg","articleSection":["Enfermos Graves"],"inLanguage":"es"},{"@type":"WebPage","@id":"https:\/\/sare.eus\/es\/sarek-eta-etxeratek-espetxeetako-arduradunei-eskatzen-diegu-ez-jarraitzeko-arriskuan-jartzen-gaixotasun-lariak-dituzten-pertsona-presoen-bizitza\/","url":"https:\/\/sare.eus\/es\/sarek-eta-etxeratek-espetxeetako-arduradunei-eskatzen-diegu-ez-jarraitzeko-arriskuan-jartzen-gaixotasun-lariak-dituzten-pertsona-presoen-bizitza\/","name":"Sare y Etxerat pedimos a los responsables penitenciarios que dejen de jugar con la vida de las personas presas con enfermedades graves - Sare Herritarra","isPartOf":{"@id":"https:\/\/sare.eus\/#website"},"primaryImageOfPage":{"@id":"https:\/\/sare.eus\/es\/sarek-eta-etxeratek-espetxeetako-arduradunei-eskatzen-diegu-ez-jarraitzeko-arriskuan-jartzen-gaixotasun-lariak-dituzten-pertsona-presoen-bizitza\/#primaryimage"},"image":{"@id":"https:\/\/sare.eus\/es\/sarek-eta-etxeratek-espetxeetako-arduradunei-eskatzen-diegu-ez-jarraitzeko-arriskuan-jartzen-gaixotasun-lariak-dituzten-pertsona-presoen-bizitza\/#primaryimage"},"thumbnailUrl":"https:\/\/sare.eus\/wp-content\/uploads\/2021\/11\/SareEtxerat-Teila-Fabrika.jpeg","datePublished":"2021-11-22T10:20:11+00:00","dateModified":"2021-11-22T21:56:56+00:00","breadcrumb":{"@id":"https:\/\/sare.eus\/es\/sarek-eta-etxeratek-espetxeetako-arduradunei-eskatzen-diegu-ez-jarraitzeko-arriskuan-jartzen-gaixotasun-lariak-dituzten-pertsona-presoen-bizitza\/#breadcrumb"},"inLanguage":"es","potentialAction":[{"@type":"ReadAction","target":["https:\/\/sare.eus\/es\/sarek-eta-etxeratek-espetxeetako-arduradunei-eskatzen-diegu-ez-jarraitzeko-arriskuan-jartzen-gaixotasun-lariak-dituzten-pertsona-presoen-bizitza\/"]}]},{"@type":"ImageObject","inLanguage":"es","@id":"https:\/\/sare.eus\/es\/sarek-eta-etxeratek-espetxeetako-arduradunei-eskatzen-diegu-ez-jarraitzeko-arriskuan-jartzen-gaixotasun-lariak-dituzten-pertsona-presoen-bizitza\/#primaryimage","url":"https:\/\/sare.eus\/wp-content\/uploads\/2021\/11\/SareEtxerat-Teila-Fabrika.jpeg","contentUrl":"https:\/\/sare.eus\/wp-content\/uploads\/2021\/11\/SareEtxerat-Teila-Fabrika.jpeg","width":1667,"height":994},{"@type":"BreadcrumbList","@id":"https:\/\/sare.eus\/es\/sarek-eta-etxeratek-espetxeetako-arduradunei-eskatzen-diegu-ez-jarraitzeko-arriskuan-jartzen-gaixotasun-lariak-dituzten-pertsona-presoen-bizitza\/#breadcrumb","itemListElement":[{"@type":"ListItem","position":1,"name":"Home","item":"https:\/\/sare.eus\/"},{"@type":"ListItem","position":2,"name":"Sare y Etxerat pedimos a los responsables penitenciarios que dejen de jugar con la vida de las personas presas con enfermedades graves"}]},{"@type":"WebSite","@id":"https:\/\/sare.eus\/#website","url":"https:\/\/sare.eus\/","name":"Sare Herritarra","description":"KONPONBIDEAREN ETA GIZA ESKUBIDEEN ALDEKO SARE HERRITARRA","publisher":{"@id":"https:\/\/sare.eus\/#organization"},"potentialAction":[{"@type":"SearchAction","target":{"@type":"EntryPoint","urlTemplate":"https:\/\/sare.eus\/?s={search_term_string}"},"query-input":{"@type":"PropertyValueSpecification","valueRequired":true,"valueName":"search_term_string"}}],"inLanguage":"es"},{"@type":"Organization","@id":"https:\/\/sare.eus\/#organization","name":"Sare Herritarra","url":"https:\/\/sare.eus\/","logo":{"@type":"ImageObject","inLanguage":"es","@id":"https:\/\/sare.eus\/#\/schema\/logo\/image\/","url":"https:\/\/sare.eus\/wp-content\/uploads\/2021\/08\/sare.png","contentUrl":"https:\/\/sare.eus\/wp-content\/uploads\/2021\/08\/sare.png","width":120,"height":142,"caption":"Sare Herritarra"},"image":{"@id":"https:\/\/sare.eus\/#\/schema\/logo\/image\/"}},{"@type":"Person","@id":"https:\/\/sare.eus\/#\/schema\/person\/2fe6d0df294f56313d3ab236dbe38e17","name":"sare","image":{"@type":"ImageObject","inLanguage":"es","@id":"https:\/\/sare.eus\/#\/schema\/person\/image\/","url":"https:\/\/secure.gravatar.com\/avatar\/77cad838677ceb1977e7b3c878b55eaa7fa4aae2158983063b047c3ad7ef2c25?s=96&d=mm&r=g","contentUrl":"https:\/\/secure.gravatar.com\/avatar\/77cad838677ceb1977e7b3c878b55eaa7fa4aae2158983063b047c3ad7ef2c25?s=96&d=mm&r=g","caption":"sare"},"url":"https:\/\/sare.eus\/es\/author\/sare\/"}]}},"_links":{"self":[{"href":"https:\/\/sare.eus\/es\/wp-json\/wp\/v2\/posts\/1666","targetHints":{"allow":["GET"]}}],"collection":[{"href":"https:\/\/sare.eus\/es\/wp-json\/wp\/v2\/posts"}],"about":[{"href":"https:\/\/sare.eus\/es\/wp-json\/wp\/v2\/types\/post"}],"author":[{"embeddable":true,"href":"https:\/\/sare.eus\/es\/wp-json\/wp\/v2\/users\/2"}],"replies":[{"embeddable":true,"href":"https:\/\/sare.eus\/es\/wp-json\/wp\/v2\/comments?post=1666"}],"version-history":[{"count":16,"href":"https:\/\/sare.eus\/es\/wp-json\/wp\/v2\/posts\/1666\/revisions"}],"predecessor-version":[{"id":1702,"href":"https:\/\/sare.eus\/es\/wp-json\/wp\/v2\/posts\/1666\/revisions\/1702"}],"wp:featuredmedia":[{"embeddable":true,"href":"https:\/\/sare.eus\/es\/wp-json\/wp\/v2\/media\/1681"}],"wp:attachment":[{"href":"https:\/\/sare.eus\/es\/wp-json\/wp\/v2\/media?parent=1666"}],"wp:term":[{"taxonomy":"category","embeddable":true,"href":"https:\/\/sare.eus\/es\/wp-json\/wp\/v2\/categories?post=1666"},{"taxonomy":"post_tag","embeddable":true,"href":"https:\/\/sare.eus\/es\/wp-json\/wp\/v2\/tags?post=1666"}],"curies":[{"name":"wp","href":"https:\/\/api.w.org\/{rel}","templated":true}]}}