{"id":1543,"date":"2021-11-16T14:07:56","date_gmt":"2021-11-16T14:07:56","guid":{"rendered":"https:\/\/sare.eus\/?p=1543"},"modified":"2021-11-16T14:10:00","modified_gmt":"2021-11-16T14:10:00","slug":"reivindican-en-burlada-que-el-izadi-debe-estar-con-su-ama-y-aita","status":"publish","type":"post","link":"https:\/\/sare.eus\/es\/reivindican-en-burlada-que-el-izadi-debe-estar-con-su-ama-y-aita\/","title":{"rendered":"Reivindican en Burlada que Izadi debe estar con su Ama y Aita"},"content":{"rendered":"<p><br \/>Lamentablemente el s\u00e1bado nos volvimos a movilizar para exigir que se respeten los derechos de un ni\u00f1o y ni\u00f1as en prisi\u00f3n. Como antes con Xua, Irati o otros ni\u00f1xs, pedimos que se respeten sus derechos.<\/p>\n<p>Izadi, que se encuentra en la c\u00e1rcel de Aranjuez, cumplir\u00e1 3 a\u00f1os el pr\u00f3ximo 23 de enero y ese duro momento que tantas veces hemos denunciado le llegar\u00e1 si no hacemos nada. Tendr\u00e1 que separarse de su Ama y AIta y trasladarse con su abuela a Algorta.<\/p>\n<p>Tenemos claro que existen posibilidades dentro de la ley y a la vista de las condiciones de los padres para no conceder esta separaci\u00f3n y respetar los derechos de IZADI y no separarse de sus padres. El s\u00e1bado desde Burlada, quisimos pedir a las diferentes instituciones y responsables que tomen las decisiones oportunas y eviten este reparto.\u00a0<\/p>\n\n\n<figure class=\"wp-block-embed is-type-rich is-provider-twitter wp-block-embed-twitter\"><div class=\"wp-block-embed__wrapper\">\n<blockquote class=\"twitter-tweet\" data-width=\"550\" data-dnt=\"true\"><p lang=\"eu\" dir=\"ltr\"><a href=\"https:\/\/twitter.com\/hashtag\/IzadiGurasoekinEtxera?src=hash&amp;ref_src=twsrc%5Etfw\">#IzadiGurasoekinEtxera<\/a> <br><br>Tamalez atzo, berriro mobilizatu ginen, espetxean dagoen ume baten eskubideak errespeta daitezen eskatzeko. Lehenago Xua, Irati\u2026 edo beste ume batzuekin egin bezala, beraien eskubideak errespeta daitezen eskatu nahi dugu. <a href=\"https:\/\/twitter.com\/IEtxera?ref_src=twsrc%5Etfw\">@IEtxera<\/a> <a href=\"https:\/\/t.co\/9SaaoXVv6t\">pic.twitter.com\/9SaaoXVv6t<\/a><\/p>&mdash; Sare #IzanBidea \u2197\ufe0f (@sare_herritarra) <a href=\"https:\/\/twitter.com\/sare_herritarra\/status\/1459805546685554688?ref_src=twsrc%5Etfw\">November 14, 2021<\/a><\/blockquote><script async src=\"https:\/\/platform.twitter.com\/widgets.js\" charset=\"utf-8\"><\/script>\n<\/div><\/figure>\n\n\n\n<div class=\"wp-block-columns alignfull has-text-color has-background is-layout-flex wp-container-core-columns-is-layout-9d6595d7 wp-block-columns-is-layout-flex\" style=\"background-color:#ffffff;color:#000000\">\n<div class=\"wp-block-column is-layout-flow wp-block-column-is-layout-flow\">\n<figure class=\"wp-block-embed is-type-rich is-provider-twitter wp-block-embed-twitter\"><div class=\"wp-block-embed__wrapper\">\n<blockquote class=\"twitter-tweet\" data-width=\"550\" data-dnt=\"true\"><p lang=\"eu\" dir=\"ltr\"><a href=\"https:\/\/twitter.com\/hashtag\/IzadiGurasoekinEtxera?src=hash&amp;ref_src=twsrc%5Etfw\">#IzadiGurasoekinEtxera<\/a> <br>[BIDEOA] Izadi bere guraso presoengandik urrundu ez dezaten soluzioak eskatu dituzte <a href=\"https:\/\/t.co\/bus2wNpEEp\">https:\/\/t.co\/bus2wNpEEp<\/a> <a href=\"https:\/\/twitter.com\/IEtxera?ref_src=twsrc%5Etfw\">@IEtxera<\/a> <a href=\"https:\/\/t.co\/opBZfHsH85\">pic.twitter.com\/opBZfHsH85<\/a><\/p>&mdash; Ahotsa.info (@AhotsaInfo) <a href=\"https:\/\/twitter.com\/AhotsaInfo\/status\/1459862180380168200?ref_src=twsrc%5Etfw\">November 14, 2021<\/a><\/blockquote><script async src=\"https:\/\/platform.twitter.com\/widgets.js\" charset=\"utf-8\"><\/script>\n<\/div><\/figure>\n\n\n\n<p><\/p>\n<\/div>\n\n\n\n<div class=\"wp-block-column is-layout-flow wp-block-column-is-layout-flow\">\n<figure class=\"wp-block-embed is-type-rich is-provider-twitter wp-block-embed-twitter\"><div class=\"wp-block-embed__wrapper\">\nhttps:\/\/twitter.com\/NoticiasNavarra\/status\/1459582304699961349?s=20\n<\/div><\/figure>\n\n\n\n<p><\/p>\n<\/div>\n\n\n\n<div class=\"wp-block-column is-layout-flow wp-block-column-is-layout-flow\">\n<figure class=\"wp-block-embed is-type-rich is-provider-twitter wp-block-embed-twitter\"><div class=\"wp-block-embed__wrapper\">\n<blockquote class=\"twitter-tweet\" data-width=\"550\" data-dnt=\"true\"><p lang=\"es\" dir=\"ltr\">Reclaman en Burlata soluciones para que Izadi no sea separada de sus progenitores <a href=\"https:\/\/t.co\/8WvcDC1TJm\">https:\/\/t.co\/8WvcDC1TJm<\/a> <a href=\"https:\/\/t.co\/JTlff6LJwN\">pic.twitter.com\/JTlff6LJwN<\/a><\/p>&mdash; naiz: (@naiz_info) <a href=\"https:\/\/twitter.com\/naiz_info\/status\/1459595740171444224?ref_src=twsrc%5Etfw\">November 13, 2021<\/a><\/blockquote><script async src=\"https:\/\/platform.twitter.com\/widgets.js\" charset=\"utf-8\"><\/script>\n<\/div><\/figure>\n<\/div>\n<\/div>\n","protected":false},"excerpt":{"rendered":"<p>Lamentablemente el s\u00e1bado nos volvimos a movilizar para exigir que se respeten los derechos de un ni\u00f1o y ni\u00f1as en prisi\u00f3n. Como antes con Xua, Irati o otros ni\u00f1xs, pedimos [&hellip;]<\/p>\n","protected":false},"author":2,"featured_media":1522,"comment_status":"closed","ping_status":"closed","sticky":false,"template":"","format":"standard","meta":{"_acf_changed":false,"_et_pb_use_builder":"off","_et_pb_old_content":"","_et_gb_content_width":"","footnotes":""},"categories":[68],"tags":[],"class_list":["post-1543","post","type-post","status-publish","format-standard","has-post-thumbnail","hentry","category-ninos-con-mochila","et-has-post-format-content","et_post_format-et-post-format-standard"],"acf":[],"yoast_head":"<!-- This site is optimized with the Yoast SEO plugin v26.4 - https:\/\/yoast.com\/wordpress\/plugins\/seo\/ -->\n<title>Reivindican en Burlada que Izadi debe estar con su Ama y Aita - Sare Herritarra<\/title>\n<meta name=\"robots\" content=\"index, follow, max-snippet:-1, max-image-preview:large, max-video-preview:-1\" \/>\n<link rel=\"canonical\" href=\"https:\/\/sare.eus\/es\/reivindican-en-burlada-que-el-izadi-debe-estar-con-su-ama-y-aita\/\" \/>\n<meta property=\"og:locale\" content=\"es_ES\" \/>\n<meta property=\"og:type\" content=\"article\" \/>\n<meta property=\"og:title\" content=\"Reivindican en Burlada que Izadi debe estar con su Ama y Aita - Sare Herritarra\" \/>\n<meta property=\"og:description\" content=\"Lamentablemente el s\u00e1bado nos volvimos a movilizar para exigir que se respeten los derechos de un ni\u00f1o y ni\u00f1as en prisi\u00f3n. Como antes con Xua, Irati o otros ni\u00f1xs, pedimos [&hellip;]\" \/>\n<meta property=\"og:url\" content=\"https:\/\/sare.eus\/es\/reivindican-en-burlada-que-el-izadi-debe-estar-con-su-ama-y-aita\/\" \/>\n<meta property=\"og:site_name\" content=\"Sare Herritarra\" \/>\n<meta property=\"article:published_time\" content=\"2021-11-16T14:07:56+00:00\" \/>\n<meta property=\"article:modified_time\" content=\"2021-11-16T14:10:00+00:00\" \/>\n<meta property=\"og:image\" content=\"https:\/\/sare.eus\/wp-content\/uploads\/2021\/11\/257442480_440237591004018_8775186260327460343_n.jpg\" \/>\n\t<meta property=\"og:image:width\" content=\"1066\" \/>\n\t<meta property=\"og:image:height\" content=\"1066\" \/>\n\t<meta property=\"og:image:type\" content=\"image\/jpeg\" \/>\n<meta name=\"author\" content=\"sare\" \/>\n<meta name=\"twitter:card\" content=\"summary_large_image\" \/>\n<meta name=\"twitter:label1\" content=\"Escrito por\" \/>\n\t<meta name=\"twitter:data1\" content=\"sare\" \/>\n\t<meta name=\"twitter:label2\" content=\"Tiempo de lectura\" \/>\n\t<meta name=\"twitter:data2\" content=\"1 minuto\" \/>\n<script type=\"application\/ld+json\" class=\"yoast-schema-graph\">{\"@context\":\"https:\/\/schema.org\",\"@graph\":[{\"@type\":\"Article\",\"@id\":\"https:\/\/sare.eus\/es\/reivindican-en-burlada-que-el-izadi-debe-estar-con-su-ama-y-aita\/#article\",\"isPartOf\":{\"@id\":\"https:\/\/sare.eus\/es\/reivindican-en-burlada-que-el-izadi-debe-estar-con-su-ama-y-aita\/\"},\"author\":{\"name\":\"sare\",\"@id\":\"https:\/\/sare.eus\/#\/schema\/person\/2fe6d0df294f56313d3ab236dbe38e17\"},\"headline\":\"Reivindican en Burlada que Izadi debe estar con su Ama y Aita\",\"datePublished\":\"2021-11-16T14:07:56+00:00\",\"dateModified\":\"2021-11-16T14:10:00+00:00\",\"mainEntityOfPage\":{\"@id\":\"https:\/\/sare.eus\/es\/reivindican-en-burlada-que-el-izadi-debe-estar-con-su-ama-y-aita\/\"},\"wordCount\":185,\"publisher\":{\"@id\":\"https:\/\/sare.eus\/#organization\"},\"image\":{\"@id\":\"https:\/\/sare.eus\/es\/reivindican-en-burlada-que-el-izadi-debe-estar-con-su-ama-y-aita\/#primaryimage\"},\"thumbnailUrl\":\"https:\/\/sare.eus\/wp-content\/uploads\/2021\/11\/257442480_440237591004018_8775186260327460343_n.jpg\",\"articleSection\":[\"Ni\u00f1os con Mochila\"],\"inLanguage\":\"es\"},{\"@type\":\"WebPage\",\"@id\":\"https:\/\/sare.eus\/es\/reivindican-en-burlada-que-el-izadi-debe-estar-con-su-ama-y-aita\/\",\"url\":\"https:\/\/sare.eus\/es\/reivindican-en-burlada-que-el-izadi-debe-estar-con-su-ama-y-aita\/\",\"name\":\"Reivindican en Burlada que Izadi debe estar con su Ama y Aita - Sare Herritarra\",\"isPartOf\":{\"@id\":\"https:\/\/sare.eus\/#website\"},\"primaryImageOfPage\":{\"@id\":\"https:\/\/sare.eus\/es\/reivindican-en-burlada-que-el-izadi-debe-estar-con-su-ama-y-aita\/#primaryimage\"},\"image\":{\"@id\":\"https:\/\/sare.eus\/es\/reivindican-en-burlada-que-el-izadi-debe-estar-con-su-ama-y-aita\/#primaryimage\"},\"thumbnailUrl\":\"https:\/\/sare.eus\/wp-content\/uploads\/2021\/11\/257442480_440237591004018_8775186260327460343_n.jpg\",\"datePublished\":\"2021-11-16T14:07:56+00:00\",\"dateModified\":\"2021-11-16T14:10:00+00:00\",\"breadcrumb\":{\"@id\":\"https:\/\/sare.eus\/es\/reivindican-en-burlada-que-el-izadi-debe-estar-con-su-ama-y-aita\/#breadcrumb\"},\"inLanguage\":\"es\",\"potentialAction\":[{\"@type\":\"ReadAction\",\"target\":[\"https:\/\/sare.eus\/es\/reivindican-en-burlada-que-el-izadi-debe-estar-con-su-ama-y-aita\/\"]}]},{\"@type\":\"ImageObject\",\"inLanguage\":\"es\",\"@id\":\"https:\/\/sare.eus\/es\/reivindican-en-burlada-que-el-izadi-debe-estar-con-su-ama-y-aita\/#primaryimage\",\"url\":\"https:\/\/sare.eus\/wp-content\/uploads\/2021\/11\/257442480_440237591004018_8775186260327460343_n.jpg\",\"contentUrl\":\"https:\/\/sare.eus\/wp-content\/uploads\/2021\/11\/257442480_440237591004018_8775186260327460343_n.jpg\",\"width\":1066,\"height\":1066},{\"@type\":\"BreadcrumbList\",\"@id\":\"https:\/\/sare.eus\/es\/reivindican-en-burlada-que-el-izadi-debe-estar-con-su-ama-y-aita\/#breadcrumb\",\"itemListElement\":[{\"@type\":\"ListItem\",\"position\":1,\"name\":\"Home\",\"item\":\"https:\/\/sare.eus\/\"},{\"@type\":\"ListItem\",\"position\":2,\"name\":\"Reivindican en Burlada que Izadi debe estar con su Ama y Aita\"}]},{\"@type\":\"WebSite\",\"@id\":\"https:\/\/sare.eus\/#website\",\"url\":\"https:\/\/sare.eus\/\",\"name\":\"Sare Herritarra\",\"description\":\"KONPONBIDEAREN ETA GIZA ESKUBIDEEN ALDEKO SARE HERRITARRA\",\"publisher\":{\"@id\":\"https:\/\/sare.eus\/#organization\"},\"potentialAction\":[{\"@type\":\"SearchAction\",\"target\":{\"@type\":\"EntryPoint\",\"urlTemplate\":\"https:\/\/sare.eus\/?s={search_term_string}\"},\"query-input\":{\"@type\":\"PropertyValueSpecification\",\"valueRequired\":true,\"valueName\":\"search_term_string\"}}],\"inLanguage\":\"es\"},{\"@type\":\"Organization\",\"@id\":\"https:\/\/sare.eus\/#organization\",\"name\":\"Sare Herritarra\",\"url\":\"https:\/\/sare.eus\/\",\"logo\":{\"@type\":\"ImageObject\",\"inLanguage\":\"es\",\"@id\":\"https:\/\/sare.eus\/#\/schema\/logo\/image\/\",\"url\":\"https:\/\/sare.eus\/wp-content\/uploads\/2021\/08\/sare.png\",\"contentUrl\":\"https:\/\/sare.eus\/wp-content\/uploads\/2021\/08\/sare.png\",\"width\":120,\"height\":142,\"caption\":\"Sare Herritarra\"},\"image\":{\"@id\":\"https:\/\/sare.eus\/#\/schema\/logo\/image\/\"}},{\"@type\":\"Person\",\"@id\":\"https:\/\/sare.eus\/#\/schema\/person\/2fe6d0df294f56313d3ab236dbe38e17\",\"name\":\"sare\",\"image\":{\"@type\":\"ImageObject\",\"inLanguage\":\"es\",\"@id\":\"https:\/\/sare.eus\/#\/schema\/person\/image\/\",\"url\":\"https:\/\/secure.gravatar.com\/avatar\/77cad838677ceb1977e7b3c878b55eaa7fa4aae2158983063b047c3ad7ef2c25?s=96&d=mm&r=g\",\"contentUrl\":\"https:\/\/secure.gravatar.com\/avatar\/77cad838677ceb1977e7b3c878b55eaa7fa4aae2158983063b047c3ad7ef2c25?s=96&d=mm&r=g\",\"caption\":\"sare\"},\"url\":\"https:\/\/sare.eus\/es\/author\/sare\/\"}]}<\/script>\n<!-- \/ Yoast SEO plugin. -->","yoast_head_json":{"title":"Reivindican en Burlada que Izadi debe estar con su Ama y Aita - Sare Herritarra","robots":{"index":"index","follow":"follow","max-snippet":"max-snippet:-1","max-image-preview":"max-image-preview:large","max-video-preview":"max-video-preview:-1"},"canonical":"https:\/\/sare.eus\/es\/reivindican-en-burlada-que-el-izadi-debe-estar-con-su-ama-y-aita\/","og_locale":"es_ES","og_type":"article","og_title":"Reivindican en Burlada que Izadi debe estar con su Ama y Aita - Sare Herritarra","og_description":"Lamentablemente el s\u00e1bado nos volvimos a movilizar para exigir que se respeten los derechos de un ni\u00f1o y ni\u00f1as en prisi\u00f3n. Como antes con Xua, Irati o otros ni\u00f1xs, pedimos [&hellip;]","og_url":"https:\/\/sare.eus\/es\/reivindican-en-burlada-que-el-izadi-debe-estar-con-su-ama-y-aita\/","og_site_name":"Sare Herritarra","article_published_time":"2021-11-16T14:07:56+00:00","article_modified_time":"2021-11-16T14:10:00+00:00","og_image":[{"width":1066,"height":1066,"url":"https:\/\/sare.eus\/wp-content\/uploads\/2021\/11\/257442480_440237591004018_8775186260327460343_n.jpg","type":"image\/jpeg"}],"author":"sare","twitter_card":"summary_large_image","twitter_misc":{"Escrito por":"sare","Tiempo de lectura":"1 minuto"},"schema":{"@context":"https:\/\/schema.org","@graph":[{"@type":"Article","@id":"https:\/\/sare.eus\/es\/reivindican-en-burlada-que-el-izadi-debe-estar-con-su-ama-y-aita\/#article","isPartOf":{"@id":"https:\/\/sare.eus\/es\/reivindican-en-burlada-que-el-izadi-debe-estar-con-su-ama-y-aita\/"},"author":{"name":"sare","@id":"https:\/\/sare.eus\/#\/schema\/person\/2fe6d0df294f56313d3ab236dbe38e17"},"headline":"Reivindican en Burlada que Izadi debe estar con su Ama y Aita","datePublished":"2021-11-16T14:07:56+00:00","dateModified":"2021-11-16T14:10:00+00:00","mainEntityOfPage":{"@id":"https:\/\/sare.eus\/es\/reivindican-en-burlada-que-el-izadi-debe-estar-con-su-ama-y-aita\/"},"wordCount":185,"publisher":{"@id":"https:\/\/sare.eus\/#organization"},"image":{"@id":"https:\/\/sare.eus\/es\/reivindican-en-burlada-que-el-izadi-debe-estar-con-su-ama-y-aita\/#primaryimage"},"thumbnailUrl":"https:\/\/sare.eus\/wp-content\/uploads\/2021\/11\/257442480_440237591004018_8775186260327460343_n.jpg","articleSection":["Ni\u00f1os con Mochila"],"inLanguage":"es"},{"@type":"WebPage","@id":"https:\/\/sare.eus\/es\/reivindican-en-burlada-que-el-izadi-debe-estar-con-su-ama-y-aita\/","url":"https:\/\/sare.eus\/es\/reivindican-en-burlada-que-el-izadi-debe-estar-con-su-ama-y-aita\/","name":"Reivindican en Burlada que Izadi debe estar con su Ama y Aita - Sare Herritarra","isPartOf":{"@id":"https:\/\/sare.eus\/#website"},"primaryImageOfPage":{"@id":"https:\/\/sare.eus\/es\/reivindican-en-burlada-que-el-izadi-debe-estar-con-su-ama-y-aita\/#primaryimage"},"image":{"@id":"https:\/\/sare.eus\/es\/reivindican-en-burlada-que-el-izadi-debe-estar-con-su-ama-y-aita\/#primaryimage"},"thumbnailUrl":"https:\/\/sare.eus\/wp-content\/uploads\/2021\/11\/257442480_440237591004018_8775186260327460343_n.jpg","datePublished":"2021-11-16T14:07:56+00:00","dateModified":"2021-11-16T14:10:00+00:00","breadcrumb":{"@id":"https:\/\/sare.eus\/es\/reivindican-en-burlada-que-el-izadi-debe-estar-con-su-ama-y-aita\/#breadcrumb"},"inLanguage":"es","potentialAction":[{"@type":"ReadAction","target":["https:\/\/sare.eus\/es\/reivindican-en-burlada-que-el-izadi-debe-estar-con-su-ama-y-aita\/"]}]},{"@type":"ImageObject","inLanguage":"es","@id":"https:\/\/sare.eus\/es\/reivindican-en-burlada-que-el-izadi-debe-estar-con-su-ama-y-aita\/#primaryimage","url":"https:\/\/sare.eus\/wp-content\/uploads\/2021\/11\/257442480_440237591004018_8775186260327460343_n.jpg","contentUrl":"https:\/\/sare.eus\/wp-content\/uploads\/2021\/11\/257442480_440237591004018_8775186260327460343_n.jpg","width":1066,"height":1066},{"@type":"BreadcrumbList","@id":"https:\/\/sare.eus\/es\/reivindican-en-burlada-que-el-izadi-debe-estar-con-su-ama-y-aita\/#breadcrumb","itemListElement":[{"@type":"ListItem","position":1,"name":"Home","item":"https:\/\/sare.eus\/"},{"@type":"ListItem","position":2,"name":"Reivindican en Burlada que Izadi debe estar con su Ama y Aita"}]},{"@type":"WebSite","@id":"https:\/\/sare.eus\/#website","url":"https:\/\/sare.eus\/","name":"Sare Herritarra","description":"KONPONBIDEAREN ETA GIZA ESKUBIDEEN ALDEKO SARE HERRITARRA","publisher":{"@id":"https:\/\/sare.eus\/#organization"},"potentialAction":[{"@type":"SearchAction","target":{"@type":"EntryPoint","urlTemplate":"https:\/\/sare.eus\/?s={search_term_string}"},"query-input":{"@type":"PropertyValueSpecification","valueRequired":true,"valueName":"search_term_string"}}],"inLanguage":"es"},{"@type":"Organization","@id":"https:\/\/sare.eus\/#organization","name":"Sare Herritarra","url":"https:\/\/sare.eus\/","logo":{"@type":"ImageObject","inLanguage":"es","@id":"https:\/\/sare.eus\/#\/schema\/logo\/image\/","url":"https:\/\/sare.eus\/wp-content\/uploads\/2021\/08\/sare.png","contentUrl":"https:\/\/sare.eus\/wp-content\/uploads\/2021\/08\/sare.png","width":120,"height":142,"caption":"Sare Herritarra"},"image":{"@id":"https:\/\/sare.eus\/#\/schema\/logo\/image\/"}},{"@type":"Person","@id":"https:\/\/sare.eus\/#\/schema\/person\/2fe6d0df294f56313d3ab236dbe38e17","name":"sare","image":{"@type":"ImageObject","inLanguage":"es","@id":"https:\/\/sare.eus\/#\/schema\/person\/image\/","url":"https:\/\/secure.gravatar.com\/avatar\/77cad838677ceb1977e7b3c878b55eaa7fa4aae2158983063b047c3ad7ef2c25?s=96&d=mm&r=g","contentUrl":"https:\/\/secure.gravatar.com\/avatar\/77cad838677ceb1977e7b3c878b55eaa7fa4aae2158983063b047c3ad7ef2c25?s=96&d=mm&r=g","caption":"sare"},"url":"https:\/\/sare.eus\/es\/author\/sare\/"}]}},"_links":{"self":[{"href":"https:\/\/sare.eus\/es\/wp-json\/wp\/v2\/posts\/1543","targetHints":{"allow":["GET"]}}],"collection":[{"href":"https:\/\/sare.eus\/es\/wp-json\/wp\/v2\/posts"}],"about":[{"href":"https:\/\/sare.eus\/es\/wp-json\/wp\/v2\/types\/post"}],"author":[{"embeddable":true,"href":"https:\/\/sare.eus\/es\/wp-json\/wp\/v2\/users\/2"}],"replies":[{"embeddable":true,"href":"https:\/\/sare.eus\/es\/wp-json\/wp\/v2\/comments?post=1543"}],"version-history":[{"count":3,"href":"https:\/\/sare.eus\/es\/wp-json\/wp\/v2\/posts\/1543\/revisions"}],"predecessor-version":[{"id":1546,"href":"https:\/\/sare.eus\/es\/wp-json\/wp\/v2\/posts\/1543\/revisions\/1546"}],"wp:featuredmedia":[{"embeddable":true,"href":"https:\/\/sare.eus\/es\/wp-json\/wp\/v2\/media\/1522"}],"wp:attachment":[{"href":"https:\/\/sare.eus\/es\/wp-json\/wp\/v2\/media?parent=1543"}],"wp:term":[{"taxonomy":"category","embeddable":true,"href":"https:\/\/sare.eus\/es\/wp-json\/wp\/v2\/categories?post=1543"},{"taxonomy":"post_tag","embeddable":true,"href":"https:\/\/sare.eus\/es\/wp-json\/wp\/v2\/tags?post=1543"}],"curies":[{"name":"wp","href":"https:\/\/api.w.org\/{rel}","templated":true}]}}