{"id":1433,"date":"2021-10-29T15:41:12","date_gmt":"2021-10-29T15:41:12","guid":{"rendered":"https:\/\/sare.eus\/kalejira-y-espectaculo-para-reivindicar-que-el-izadi-debe-estar-con-su-ama-y-aita-el-proximo-13-de-noviembre-en-burlada\/"},"modified":"2021-11-09T15:43:34","modified_gmt":"2021-11-09T15:43:34","slug":"kalejira-y-espectaculo-para-reivindicar-que-el-izadi-debe-estar-con-su-ama-y-aita-el-proximo-13-de-noviembre-en-burlada","status":"publish","type":"post","link":"https:\/\/sare.eus\/es\/kalejira-y-espectaculo-para-reivindicar-que-el-izadi-debe-estar-con-su-ama-y-aita-el-proximo-13-de-noviembre-en-burlada\/","title":{"rendered":"Kalejira y espect\u00e1culo para reivindicar que el Izadi debe estar con su ama y aita el pr\u00f3ximo 13 de noviembre en Burlada"},"content":{"rendered":"<p>Izadi tiene que estar con su ama y su aita y tenemos que evitar esa separaci\u00f3n que puede ser tan dura. Llevamos meses dici\u00e9ndolo a los cuatro vientos. Desde que dimos comienzo a esta din\u00e1mica hemos llevado a cabo una ronda de relaciones con diferentes sindicatos, partidos pol\u00edticos, asociaciones y personalidades\u2026 Y todos ellos nos han hecho llegar que en la petici\u00f3n de que no separen a Izadi de sus progenitores, el consenso es claro. La ley recoge diferentes medidas para evitar esta separaci\u00f3n y que la relaci\u00f3n familiar de Izadi con sus madres no se rompa, y eso es precisamente lo que pedimos. Que se tomen las medidas necesarias para garantizar el derecho que tiene Izadi a estar con su aita y su ama.<\/p>\n<p><img loading=\"lazy\" decoding=\"async\" class=\"size-medium wp-image-1429 alignleft\" src=\"https:\/\/sare.eus\/wp-content\/uploads\/2021\/11\/2021.11.13-Izadi-gurasoekin-etxera_Mesa-de-trabajo-1-213x300.jpg\" alt=\"\" width=\"213\" height=\"300\" srcset=\"https:\/\/sare.eus\/wp-content\/uploads\/2021\/11\/2021.11.13-Izadi-gurasoekin-etxera_Mesa-de-trabajo-1-213x300.jpg 213w, https:\/\/sare.eus\/wp-content\/uploads\/2021\/11\/2021.11.13-Izadi-gurasoekin-etxera_Mesa-de-trabajo-1.jpg 567w\" sizes=\"(max-width: 213px) 100vw, 213px\" \/>Tenemos encima el 3. cumplea\u00f1os de Izadi, la cuenta atr\u00e1s est\u00e1 en las \u00faltimas ya que quedan menos de tres meses para que llegue la temida separaci\u00f3n. Es importante que, adem\u00e1s de la separaci\u00f3n, visibilicemos nuestras reivinidicaciones y ese es el objetivo de la kalejira y el espect\u00e1culo que llevaremos a cabo el mes que viene. Que somos muchos y muchas las que hacemos nuestro el lema \u201cIzadi gurasoekin etxera\u201d. Y el 13 de noviembre queremos decirlo alto y claro, con alegria, mediante el espect\u00e1culo y la kalejira que llevaremos a cabo. M\u00fasica, charangas, payasos\u2026 habr\u00e1 de todo para llenar nuestra reivindicaci\u00f3n de m\u00fasica, colores y alegr\u00eda. La kalejira comenzar\u00e1 a las 16:30 desde la plaza del ayuntamiento de Burlada, animada con charangas, joaldunak y m\u00fasica y despu\u00e9s llevaremos a cabo una espect\u00e1culo a las 18:00 en la Casa de Cultura de Burlada en la que participar\u00e1n, entre otros, Pantxika Lamur de Zirika Zirkus, Porrotx y Txapas y los y las compa\u00f1eras de Ene Kantak.<\/p>\n<p>Las entradas podr\u00e1n adquirirse mediante Bibe por 4\u20ac. El 13 de Noviembre llenaremos Burlata de colores y m\u00fasica para decir entre todas alto y claro que queremos a Izadi en casa, con su aita y su ama. El 13 de Noviembre a las 16:30 nos vemos en Burlata!<\/p>\n<p>Para m\u00e1s informaci\u00f3n seguirnos en las redes #izadigurasoekinetxera<\/p>\n<p>Entradas en Bibe: <a href=\"https:\/\/labur.eus\/Izadigurasoekin\">https:\/\/labur.eus\/Izadigurasoekin<\/a>\u00a0<\/p>\n\n<figure class=\"wp-block-embed is-type-video is-provider-youtube wp-block-embed-youtube wp-embed-aspect-16-9 wp-has-aspect-ratio\"><div class=\"wp-block-embed__wrapper\">\r\n<iframe loading=\"lazy\" title=\"Izadik gurasoekin egon behar duela aldarrikatzeko kalejira eta ikuskizuna azaroaren 13an Burlatan\" width=\"1080\" height=\"608\" src=\"https:\/\/www.youtube.com\/embed\/1odu44idbrc?feature=oembed\" frameborder=\"0\" allow=\"accelerometer; autoplay; clipboard-write; encrypted-media; gyroscope; picture-in-picture\" allowfullscreen><\/iframe>\r\n<\/div><\/figure>\r\n","protected":false},"excerpt":{"rendered":"<p>Izadi tiene que estar con su ama y su aita y tenemos que evitar esa separaci\u00f3n que puede ser tan dura. Llevamos meses dici\u00e9ndolo a los cuatro vientos. Desde que [&hellip;]<\/p>\n","protected":false},"author":1,"featured_media":1428,"comment_status":"closed","ping_status":"closed","sticky":false,"template":"","format":"standard","meta":{"_acf_changed":false,"_et_pb_use_builder":"off","_et_pb_old_content":"","_et_gb_content_width":"","footnotes":""},"categories":[68],"tags":[],"class_list":["post-1433","post","type-post","status-publish","format-standard","has-post-thumbnail","hentry","category-ninos-con-mochila","et-has-post-format-content","et_post_format-et-post-format-standard"],"acf":[],"yoast_head":"<!-- This site is optimized with the Yoast SEO plugin v26.4 - https:\/\/yoast.com\/wordpress\/plugins\/seo\/ -->\n<title>Kalejira y espect\u00e1culo para reivindicar que el Izadi debe estar con su ama y aita el pr\u00f3ximo 13 de noviembre en Burlada - Sare Herritarra<\/title>\n<meta name=\"robots\" content=\"index, follow, max-snippet:-1, max-image-preview:large, max-video-preview:-1\" \/>\n<link rel=\"canonical\" href=\"https:\/\/sare.eus\/es\/kalejira-y-espectaculo-para-reivindicar-que-el-izadi-debe-estar-con-su-ama-y-aita-el-proximo-13-de-noviembre-en-burlada\/\" \/>\n<meta property=\"og:locale\" content=\"es_ES\" \/>\n<meta property=\"og:type\" content=\"article\" \/>\n<meta property=\"og:title\" content=\"Kalejira y espect\u00e1culo para reivindicar que el Izadi debe estar con su ama y aita el pr\u00f3ximo 13 de noviembre en Burlada - Sare Herritarra\" \/>\n<meta property=\"og:description\" content=\"Izadi tiene que estar con su ama y su aita y tenemos que evitar esa separaci\u00f3n que puede ser tan dura. Llevamos meses dici\u00e9ndolo a los cuatro vientos. Desde que [&hellip;]\" \/>\n<meta property=\"og:url\" content=\"https:\/\/sare.eus\/es\/kalejira-y-espectaculo-para-reivindicar-que-el-izadi-debe-estar-con-su-ama-y-aita-el-proximo-13-de-noviembre-en-burlada\/\" \/>\n<meta property=\"og:site_name\" content=\"Sare Herritarra\" \/>\n<meta property=\"article:published_time\" content=\"2021-10-29T15:41:12+00:00\" \/>\n<meta property=\"article:modified_time\" content=\"2021-11-09T15:43:34+00:00\" \/>\n<meta property=\"og:image\" content=\"https:\/\/sare.eus\/wp-content\/uploads\/2021\/11\/2021.10.29-Izadi-gurasoekin-etxera02-1024x768-1.jpg\" \/>\n\t<meta property=\"og:image:width\" content=\"800\" \/>\n\t<meta property=\"og:image:height\" content=\"600\" \/>\n\t<meta property=\"og:image:type\" content=\"image\/jpeg\" \/>\n<meta name=\"author\" content=\"admin\" \/>\n<meta name=\"twitter:card\" content=\"summary_large_image\" \/>\n<meta name=\"twitter:label1\" content=\"Escrito por\" \/>\n\t<meta name=\"twitter:data1\" content=\"admin\" \/>\n\t<meta name=\"twitter:label2\" content=\"Tiempo de lectura\" \/>\n\t<meta name=\"twitter:data2\" content=\"2 minutos\" \/>\n<script type=\"application\/ld+json\" class=\"yoast-schema-graph\">{\"@context\":\"https:\/\/schema.org\",\"@graph\":[{\"@type\":\"Article\",\"@id\":\"https:\/\/sare.eus\/es\/kalejira-y-espectaculo-para-reivindicar-que-el-izadi-debe-estar-con-su-ama-y-aita-el-proximo-13-de-noviembre-en-burlada\/#article\",\"isPartOf\":{\"@id\":\"https:\/\/sare.eus\/es\/kalejira-y-espectaculo-para-reivindicar-que-el-izadi-debe-estar-con-su-ama-y-aita-el-proximo-13-de-noviembre-en-burlada\/\"},\"author\":{\"name\":\"admin\",\"@id\":\"https:\/\/sare.eus\/#\/schema\/person\/5a711e7396face0569eb43391127616d\"},\"headline\":\"Kalejira y espect\u00e1culo para reivindicar que el Izadi debe estar con su ama y aita el pr\u00f3ximo 13 de noviembre en Burlada\",\"datePublished\":\"2021-10-29T15:41:12+00:00\",\"dateModified\":\"2021-11-09T15:43:34+00:00\",\"mainEntityOfPage\":{\"@id\":\"https:\/\/sare.eus\/es\/kalejira-y-espectaculo-para-reivindicar-que-el-izadi-debe-estar-con-su-ama-y-aita-el-proximo-13-de-noviembre-en-burlada\/\"},\"wordCount\":400,\"publisher\":{\"@id\":\"https:\/\/sare.eus\/#organization\"},\"image\":{\"@id\":\"https:\/\/sare.eus\/es\/kalejira-y-espectaculo-para-reivindicar-que-el-izadi-debe-estar-con-su-ama-y-aita-el-proximo-13-de-noviembre-en-burlada\/#primaryimage\"},\"thumbnailUrl\":\"https:\/\/sare.eus\/wp-content\/uploads\/2021\/11\/2021.10.29-Izadi-gurasoekin-etxera02-1024x768-1.jpg\",\"articleSection\":[\"Ni\u00f1os con Mochila\"],\"inLanguage\":\"es\"},{\"@type\":\"WebPage\",\"@id\":\"https:\/\/sare.eus\/es\/kalejira-y-espectaculo-para-reivindicar-que-el-izadi-debe-estar-con-su-ama-y-aita-el-proximo-13-de-noviembre-en-burlada\/\",\"url\":\"https:\/\/sare.eus\/es\/kalejira-y-espectaculo-para-reivindicar-que-el-izadi-debe-estar-con-su-ama-y-aita-el-proximo-13-de-noviembre-en-burlada\/\",\"name\":\"Kalejira y espect\u00e1culo para reivindicar que el Izadi debe estar con su ama y aita el pr\u00f3ximo 13 de noviembre en Burlada - Sare Herritarra\",\"isPartOf\":{\"@id\":\"https:\/\/sare.eus\/#website\"},\"primaryImageOfPage\":{\"@id\":\"https:\/\/sare.eus\/es\/kalejira-y-espectaculo-para-reivindicar-que-el-izadi-debe-estar-con-su-ama-y-aita-el-proximo-13-de-noviembre-en-burlada\/#primaryimage\"},\"image\":{\"@id\":\"https:\/\/sare.eus\/es\/kalejira-y-espectaculo-para-reivindicar-que-el-izadi-debe-estar-con-su-ama-y-aita-el-proximo-13-de-noviembre-en-burlada\/#primaryimage\"},\"thumbnailUrl\":\"https:\/\/sare.eus\/wp-content\/uploads\/2021\/11\/2021.10.29-Izadi-gurasoekin-etxera02-1024x768-1.jpg\",\"datePublished\":\"2021-10-29T15:41:12+00:00\",\"dateModified\":\"2021-11-09T15:43:34+00:00\",\"breadcrumb\":{\"@id\":\"https:\/\/sare.eus\/es\/kalejira-y-espectaculo-para-reivindicar-que-el-izadi-debe-estar-con-su-ama-y-aita-el-proximo-13-de-noviembre-en-burlada\/#breadcrumb\"},\"inLanguage\":\"es\",\"potentialAction\":[{\"@type\":\"ReadAction\",\"target\":[\"https:\/\/sare.eus\/es\/kalejira-y-espectaculo-para-reivindicar-que-el-izadi-debe-estar-con-su-ama-y-aita-el-proximo-13-de-noviembre-en-burlada\/\"]}]},{\"@type\":\"ImageObject\",\"inLanguage\":\"es\",\"@id\":\"https:\/\/sare.eus\/es\/kalejira-y-espectaculo-para-reivindicar-que-el-izadi-debe-estar-con-su-ama-y-aita-el-proximo-13-de-noviembre-en-burlada\/#primaryimage\",\"url\":\"https:\/\/sare.eus\/wp-content\/uploads\/2021\/11\/2021.10.29-Izadi-gurasoekin-etxera02-1024x768-1.jpg\",\"contentUrl\":\"https:\/\/sare.eus\/wp-content\/uploads\/2021\/11\/2021.10.29-Izadi-gurasoekin-etxera02-1024x768-1.jpg\",\"width\":800,\"height\":600},{\"@type\":\"BreadcrumbList\",\"@id\":\"https:\/\/sare.eus\/es\/kalejira-y-espectaculo-para-reivindicar-que-el-izadi-debe-estar-con-su-ama-y-aita-el-proximo-13-de-noviembre-en-burlada\/#breadcrumb\",\"itemListElement\":[{\"@type\":\"ListItem\",\"position\":1,\"name\":\"Home\",\"item\":\"https:\/\/sare.eus\/\"},{\"@type\":\"ListItem\",\"position\":2,\"name\":\"Kalejira y espect\u00e1culo para reivindicar que el Izadi debe estar con su ama y aita el pr\u00f3ximo 13 de noviembre en Burlada\"}]},{\"@type\":\"WebSite\",\"@id\":\"https:\/\/sare.eus\/#website\",\"url\":\"https:\/\/sare.eus\/\",\"name\":\"Sare Herritarra\",\"description\":\"KONPONBIDEAREN ETA GIZA ESKUBIDEEN ALDEKO SARE HERRITARRA\",\"publisher\":{\"@id\":\"https:\/\/sare.eus\/#organization\"},\"potentialAction\":[{\"@type\":\"SearchAction\",\"target\":{\"@type\":\"EntryPoint\",\"urlTemplate\":\"https:\/\/sare.eus\/?s={search_term_string}\"},\"query-input\":{\"@type\":\"PropertyValueSpecification\",\"valueRequired\":true,\"valueName\":\"search_term_string\"}}],\"inLanguage\":\"es\"},{\"@type\":\"Organization\",\"@id\":\"https:\/\/sare.eus\/#organization\",\"name\":\"Sare Herritarra\",\"url\":\"https:\/\/sare.eus\/\",\"logo\":{\"@type\":\"ImageObject\",\"inLanguage\":\"es\",\"@id\":\"https:\/\/sare.eus\/#\/schema\/logo\/image\/\",\"url\":\"https:\/\/sare.eus\/wp-content\/uploads\/2021\/08\/sare.png\",\"contentUrl\":\"https:\/\/sare.eus\/wp-content\/uploads\/2021\/08\/sare.png\",\"width\":120,\"height\":142,\"caption\":\"Sare Herritarra\"},\"image\":{\"@id\":\"https:\/\/sare.eus\/#\/schema\/logo\/image\/\"}},{\"@type\":\"Person\",\"@id\":\"https:\/\/sare.eus\/#\/schema\/person\/5a711e7396face0569eb43391127616d\",\"name\":\"admin\",\"image\":{\"@type\":\"ImageObject\",\"inLanguage\":\"es\",\"@id\":\"https:\/\/sare.eus\/#\/schema\/person\/image\/\",\"url\":\"https:\/\/secure.gravatar.com\/avatar\/d22a8cc353ba20fa3181b73b7b53a33b5b98923d9a2f9945443604d7359581c4?s=96&d=mm&r=g\",\"contentUrl\":\"https:\/\/secure.gravatar.com\/avatar\/d22a8cc353ba20fa3181b73b7b53a33b5b98923d9a2f9945443604d7359581c4?s=96&d=mm&r=g\",\"caption\":\"admin\"},\"url\":\"https:\/\/sare.eus\/es\/author\/prueba3371_a2783y7n\/\"}]}<\/script>\n<!-- \/ Yoast SEO plugin. -->","yoast_head_json":{"title":"Kalejira y espect\u00e1culo para reivindicar que el Izadi debe estar con su ama y aita el pr\u00f3ximo 13 de noviembre en Burlada - Sare Herritarra","robots":{"index":"index","follow":"follow","max-snippet":"max-snippet:-1","max-image-preview":"max-image-preview:large","max-video-preview":"max-video-preview:-1"},"canonical":"https:\/\/sare.eus\/es\/kalejira-y-espectaculo-para-reivindicar-que-el-izadi-debe-estar-con-su-ama-y-aita-el-proximo-13-de-noviembre-en-burlada\/","og_locale":"es_ES","og_type":"article","og_title":"Kalejira y espect\u00e1culo para reivindicar que el Izadi debe estar con su ama y aita el pr\u00f3ximo 13 de noviembre en Burlada - Sare Herritarra","og_description":"Izadi tiene que estar con su ama y su aita y tenemos que evitar esa separaci\u00f3n que puede ser tan dura. Llevamos meses dici\u00e9ndolo a los cuatro vientos. Desde que [&hellip;]","og_url":"https:\/\/sare.eus\/es\/kalejira-y-espectaculo-para-reivindicar-que-el-izadi-debe-estar-con-su-ama-y-aita-el-proximo-13-de-noviembre-en-burlada\/","og_site_name":"Sare Herritarra","article_published_time":"2021-10-29T15:41:12+00:00","article_modified_time":"2021-11-09T15:43:34+00:00","og_image":[{"width":800,"height":600,"url":"https:\/\/sare.eus\/wp-content\/uploads\/2021\/11\/2021.10.29-Izadi-gurasoekin-etxera02-1024x768-1.jpg","type":"image\/jpeg"}],"author":"admin","twitter_card":"summary_large_image","twitter_misc":{"Escrito por":"admin","Tiempo de lectura":"2 minutos"},"schema":{"@context":"https:\/\/schema.org","@graph":[{"@type":"Article","@id":"https:\/\/sare.eus\/es\/kalejira-y-espectaculo-para-reivindicar-que-el-izadi-debe-estar-con-su-ama-y-aita-el-proximo-13-de-noviembre-en-burlada\/#article","isPartOf":{"@id":"https:\/\/sare.eus\/es\/kalejira-y-espectaculo-para-reivindicar-que-el-izadi-debe-estar-con-su-ama-y-aita-el-proximo-13-de-noviembre-en-burlada\/"},"author":{"name":"admin","@id":"https:\/\/sare.eus\/#\/schema\/person\/5a711e7396face0569eb43391127616d"},"headline":"Kalejira y espect\u00e1culo para reivindicar que el Izadi debe estar con su ama y aita el pr\u00f3ximo 13 de noviembre en Burlada","datePublished":"2021-10-29T15:41:12+00:00","dateModified":"2021-11-09T15:43:34+00:00","mainEntityOfPage":{"@id":"https:\/\/sare.eus\/es\/kalejira-y-espectaculo-para-reivindicar-que-el-izadi-debe-estar-con-su-ama-y-aita-el-proximo-13-de-noviembre-en-burlada\/"},"wordCount":400,"publisher":{"@id":"https:\/\/sare.eus\/#organization"},"image":{"@id":"https:\/\/sare.eus\/es\/kalejira-y-espectaculo-para-reivindicar-que-el-izadi-debe-estar-con-su-ama-y-aita-el-proximo-13-de-noviembre-en-burlada\/#primaryimage"},"thumbnailUrl":"https:\/\/sare.eus\/wp-content\/uploads\/2021\/11\/2021.10.29-Izadi-gurasoekin-etxera02-1024x768-1.jpg","articleSection":["Ni\u00f1os con Mochila"],"inLanguage":"es"},{"@type":"WebPage","@id":"https:\/\/sare.eus\/es\/kalejira-y-espectaculo-para-reivindicar-que-el-izadi-debe-estar-con-su-ama-y-aita-el-proximo-13-de-noviembre-en-burlada\/","url":"https:\/\/sare.eus\/es\/kalejira-y-espectaculo-para-reivindicar-que-el-izadi-debe-estar-con-su-ama-y-aita-el-proximo-13-de-noviembre-en-burlada\/","name":"Kalejira y espect\u00e1culo para reivindicar que el Izadi debe estar con su ama y aita el pr\u00f3ximo 13 de noviembre en Burlada - Sare Herritarra","isPartOf":{"@id":"https:\/\/sare.eus\/#website"},"primaryImageOfPage":{"@id":"https:\/\/sare.eus\/es\/kalejira-y-espectaculo-para-reivindicar-que-el-izadi-debe-estar-con-su-ama-y-aita-el-proximo-13-de-noviembre-en-burlada\/#primaryimage"},"image":{"@id":"https:\/\/sare.eus\/es\/kalejira-y-espectaculo-para-reivindicar-que-el-izadi-debe-estar-con-su-ama-y-aita-el-proximo-13-de-noviembre-en-burlada\/#primaryimage"},"thumbnailUrl":"https:\/\/sare.eus\/wp-content\/uploads\/2021\/11\/2021.10.29-Izadi-gurasoekin-etxera02-1024x768-1.jpg","datePublished":"2021-10-29T15:41:12+00:00","dateModified":"2021-11-09T15:43:34+00:00","breadcrumb":{"@id":"https:\/\/sare.eus\/es\/kalejira-y-espectaculo-para-reivindicar-que-el-izadi-debe-estar-con-su-ama-y-aita-el-proximo-13-de-noviembre-en-burlada\/#breadcrumb"},"inLanguage":"es","potentialAction":[{"@type":"ReadAction","target":["https:\/\/sare.eus\/es\/kalejira-y-espectaculo-para-reivindicar-que-el-izadi-debe-estar-con-su-ama-y-aita-el-proximo-13-de-noviembre-en-burlada\/"]}]},{"@type":"ImageObject","inLanguage":"es","@id":"https:\/\/sare.eus\/es\/kalejira-y-espectaculo-para-reivindicar-que-el-izadi-debe-estar-con-su-ama-y-aita-el-proximo-13-de-noviembre-en-burlada\/#primaryimage","url":"https:\/\/sare.eus\/wp-content\/uploads\/2021\/11\/2021.10.29-Izadi-gurasoekin-etxera02-1024x768-1.jpg","contentUrl":"https:\/\/sare.eus\/wp-content\/uploads\/2021\/11\/2021.10.29-Izadi-gurasoekin-etxera02-1024x768-1.jpg","width":800,"height":600},{"@type":"BreadcrumbList","@id":"https:\/\/sare.eus\/es\/kalejira-y-espectaculo-para-reivindicar-que-el-izadi-debe-estar-con-su-ama-y-aita-el-proximo-13-de-noviembre-en-burlada\/#breadcrumb","itemListElement":[{"@type":"ListItem","position":1,"name":"Home","item":"https:\/\/sare.eus\/"},{"@type":"ListItem","position":2,"name":"Kalejira y espect\u00e1culo para reivindicar que el Izadi debe estar con su ama y aita el pr\u00f3ximo 13 de noviembre en Burlada"}]},{"@type":"WebSite","@id":"https:\/\/sare.eus\/#website","url":"https:\/\/sare.eus\/","name":"Sare Herritarra","description":"KONPONBIDEAREN ETA GIZA ESKUBIDEEN ALDEKO SARE HERRITARRA","publisher":{"@id":"https:\/\/sare.eus\/#organization"},"potentialAction":[{"@type":"SearchAction","target":{"@type":"EntryPoint","urlTemplate":"https:\/\/sare.eus\/?s={search_term_string}"},"query-input":{"@type":"PropertyValueSpecification","valueRequired":true,"valueName":"search_term_string"}}],"inLanguage":"es"},{"@type":"Organization","@id":"https:\/\/sare.eus\/#organization","name":"Sare Herritarra","url":"https:\/\/sare.eus\/","logo":{"@type":"ImageObject","inLanguage":"es","@id":"https:\/\/sare.eus\/#\/schema\/logo\/image\/","url":"https:\/\/sare.eus\/wp-content\/uploads\/2021\/08\/sare.png","contentUrl":"https:\/\/sare.eus\/wp-content\/uploads\/2021\/08\/sare.png","width":120,"height":142,"caption":"Sare Herritarra"},"image":{"@id":"https:\/\/sare.eus\/#\/schema\/logo\/image\/"}},{"@type":"Person","@id":"https:\/\/sare.eus\/#\/schema\/person\/5a711e7396face0569eb43391127616d","name":"admin","image":{"@type":"ImageObject","inLanguage":"es","@id":"https:\/\/sare.eus\/#\/schema\/person\/image\/","url":"https:\/\/secure.gravatar.com\/avatar\/d22a8cc353ba20fa3181b73b7b53a33b5b98923d9a2f9945443604d7359581c4?s=96&d=mm&r=g","contentUrl":"https:\/\/secure.gravatar.com\/avatar\/d22a8cc353ba20fa3181b73b7b53a33b5b98923d9a2f9945443604d7359581c4?s=96&d=mm&r=g","caption":"admin"},"url":"https:\/\/sare.eus\/es\/author\/prueba3371_a2783y7n\/"}]}},"_links":{"self":[{"href":"https:\/\/sare.eus\/es\/wp-json\/wp\/v2\/posts\/1433","targetHints":{"allow":["GET"]}}],"collection":[{"href":"https:\/\/sare.eus\/es\/wp-json\/wp\/v2\/posts"}],"about":[{"href":"https:\/\/sare.eus\/es\/wp-json\/wp\/v2\/types\/post"}],"author":[{"embeddable":true,"href":"https:\/\/sare.eus\/es\/wp-json\/wp\/v2\/users\/1"}],"replies":[{"embeddable":true,"href":"https:\/\/sare.eus\/es\/wp-json\/wp\/v2\/comments?post=1433"}],"version-history":[{"count":1,"href":"https:\/\/sare.eus\/es\/wp-json\/wp\/v2\/posts\/1433\/revisions"}],"predecessor-version":[{"id":1434,"href":"https:\/\/sare.eus\/es\/wp-json\/wp\/v2\/posts\/1433\/revisions\/1434"}],"wp:featuredmedia":[{"embeddable":true,"href":"https:\/\/sare.eus\/es\/wp-json\/wp\/v2\/media\/1428"}],"wp:attachment":[{"href":"https:\/\/sare.eus\/es\/wp-json\/wp\/v2\/media?parent=1433"}],"wp:term":[{"taxonomy":"category","embeddable":true,"href":"https:\/\/sare.eus\/es\/wp-json\/wp\/v2\/categories?post=1433"},{"taxonomy":"post_tag","embeddable":true,"href":"https:\/\/sare.eus\/es\/wp-json\/wp\/v2\/tags?post=1433"}],"curies":[{"name":"wp","href":"https:\/\/api.w.org\/{rel}","templated":true}]}}