{"id":1424,"date":"2021-11-09T14:53:06","date_gmt":"2021-11-09T14:53:06","guid":{"rendered":"https:\/\/sare.eus\/bajo-el-lema-elkarbizitzarako-bakerako-etxerako-bidean-la-red-ciudadana-sare-volvera-a-llenar-las-calles-de-bilbo-este-8-de-enero\/"},"modified":"2021-11-09T14:55:09","modified_gmt":"2021-11-09T14:55:09","slug":"bajo-el-lema-elkarbizitzarako-bakerako-etxerako-bidean-la-red-ciudadana-sare-volvera-a-llenar-las-calles-de-bilbo-este-8-de-enero","status":"publish","type":"post","link":"https:\/\/sare.eus\/es\/bajo-el-lema-elkarbizitzarako-bakerako-etxerako-bidean-la-red-ciudadana-sare-volvera-a-llenar-las-calles-de-bilbo-este-8-de-enero\/","title":{"rendered":"Bajo el lema \u201cElkarbizitzarako. Bakerako. Etxerako BIDEAN\u201d la Red Ciudadana Sare volver\u00e1 a llenar las calles de Bilbo este 8 de enero"},"content":{"rendered":"<p>Avanz\u00e1bamos algo el pasado 23 octubre en la manifestaci\u00f3n de Donostia y hoy podemos confirmar que el s\u00e1bado 8 de enero, volveremos a llenar las calles de Bilbo, en la manifestaci\u00f3n que volver\u00e1 a ser la m\u00e1s multitudinaria de las celebradas en EH. <\/p>\n<p>\u201cElkarbizitzarako. Bakerako. Etxerako BIDEAN\u201d,  ser\u00e1 el lema elegido para esta fecha. <\/p>\n<p>Estamos transitando el camino hacia la convivencia, la resoluci\u00f3n y La paz. Entre todos y todas, estamos abriendo el camino a casa de los presos y presas vascas. Cada paso que damos, es uno m\u00e1s en este objetivo. Es esta, una apuesta por el fin de la vulneraci\u00f3n de derechos, porque sin ello no ser\u00e1 posible la convivencia en nuestro Pa\u00eds. Todo ello, requiere poner fin al r\u00e9gimen de excepcionalidad en el que se halla instalada la pol\u00edtica penitenciaria que se aplica al colectivo de presos y presas vascas. <\/p>\n<p><img loading=\"lazy\" decoding=\"async\" class=\"size-medium wp-image-1421 alignleft\" src=\"https:\/\/sare.eus\/wp-content\/uploads\/2021\/11\/urtarrila_kartela_2022.01.08-01_WEB-01-212x300.jpg\" alt=\"\" width=\"212\" height=\"300\" srcset=\"https:\/\/sare.eus\/wp-content\/uploads\/2021\/11\/urtarrila_kartela_2022.01.08-01_WEB-01-212x300.jpg 212w, https:\/\/sare.eus\/wp-content\/uploads\/2021\/11\/urtarrila_kartela_2022.01.08-01_WEB-01.jpg 566w\" sizes=\"(max-width: 212px) 100vw, 212px\" \/>Resulta imprescindible recorrer este camino juntos. Porque, no estamos ante un debate pol\u00edtico ni identitario. Este es un debate \u00e9tico. Es una apuesta por el derecho. Por los DDHH. Y es esto lo que nos debe unir a personas de ideolog\u00edas diferentes. Es el paraguas de los DDHH el que debe cobijarnos a todos y todas. Cerremos entre todos y todas esta larga etapa de confrontaci\u00f3n y sufrimiento.<\/p>\n<p>Desde Sare hemos dicho en varias ocasiones que valoramos en su justa medida, los avances que se han venido produciendo en este ultimo a\u00f1o. Los acercamientos de presos y presas que se han producido, han supuesto un alivio para muchas familias que han visto reducirse las largas distancias a recorrer para visitar a los presos y presas, pero no olvidemos que hoy, son 104 presos\/as, que contin\u00faan alejados de EH, vulnerando de esta forma sus derechos y los de sus familias. <\/p>\n<p>No olvidemos, tampoco, que el 94%, contin\u00faa en segundo grado penitenciario y que solo son 10 los presos en tercer grado, cuando en esta situaci\u00f3n deber\u00edan estar 70 presos\/as, y 52 de ellos, en libertad condicional. Un 90% de estos presos\/as, deber\u00edan poder disfrutar de permisos penitenciarios, al haber cumplido la parte correspondiente de su condena.<\/p>\n<p>Y todo esto no es as\u00ed, porque se juntan \u201cel hambre con las ganas de comer\u201d, es decir ante la lentitud de la administraci\u00f3n penitenciaria, se une la posici\u00f3n pol\u00edtica e ideologizada de la justicia. Cuando las JJTT de las c\u00e1rceles proceden a alguna progresi\u00f3n de grado o autorizaci\u00f3n de permiso penitenciario, es la AN, la que recurre y bloquea y paraliza esas decisiones.<br \/>\nSe est\u00e1n dando casos de aplicaci\u00f3n de retroactividad: presos progresados a tercer grado y puestos en libertad, deben volver a prisi\u00f3n y a segundo grado penitenciario <\/p>\n<p>Estos son solo algunos ejemplos que consideramos m\u00e1s que suficientes para volver a salir a la calle. Por ello, convocamos a los hombres y mujeres de este Pa\u00eds, que no quieren que su silencio pueda considerarse por nadie como aceptaci\u00f3n de tantas vulneraciones de derechos, que el 8 de enero a las 17 horas, volvamos a caminar juntos desde La Casilla en Bilbo.<\/p>\n<p>Queremos hacerlo, junto a los partidos pol\u00edticos, sindicatos, asociaciones e instituciones. Todos juntos, porque lo hacemos unidos o no lo conseguiremos.  Jarrai dezagun bidean. Ahora es el momento. <\/p>\n<p>Antes del 8 enero, Sare, organizar\u00e1 diferentes encuentros con personas referentes del \u00e1mbito jur\u00eddico y acad\u00e9mico, para poder debatir sobre todo esto..Y ya el 8 enero, desde por la ma\u00f1ana, en el Palacio Euskalduna, volveremos a encontrarnos con la representaci\u00f3n pol\u00edtica, sindical y social de nuestro Pa\u00eds.<br \/>\nCon todos y todas ellas, compartiremos la reflexi\u00f3n que Sare hace sobre el futuro de nuestro Pa\u00eds, basado en la convivencia y el respeto a quienes opinan de manera diferente.<\/p>\n<p>Un a\u00f1o m\u00e1s, este ser\u00e1 el encuentro de miles de ciudadanos por la paz, la convivencia y la resoluci\u00f3n. <\/p>\n<p>En pr\u00f3ximas fechas, les iremos informando de los actos programados en d\u00edas anteriores, as\u00ed como de la representaci\u00f3n que esperamos acuda a nuestra llamada. <\/p>\n","protected":false},"excerpt":{"rendered":"<p>Avanz\u00e1bamos algo el pasado 23 octubre en la manifestaci\u00f3n de Donostia y hoy podemos confirmar que el s\u00e1bado 8 de enero, volveremos a llenar las calles de Bilbo, en la [&hellip;]<\/p>\n","protected":false},"author":1,"featured_media":1419,"comment_status":"closed","ping_status":"closed","sticky":false,"template":"","format":"standard","meta":{"_acf_changed":false,"_et_pb_use_builder":"on","_et_pb_old_content":"","_et_gb_content_width":"","footnotes":""},"categories":[60],"tags":[],"class_list":["post-1424","post","type-post","status-publish","format-standard","has-post-thumbnail","hentry","category-etxera-es","et-has-post-format-content","et_post_format-et-post-format-standard"],"acf":[],"yoast_head":"<!-- This site is optimized with the Yoast SEO plugin v26.4 - https:\/\/yoast.com\/wordpress\/plugins\/seo\/ -->\n<title>Bajo el lema \u201cElkarbizitzarako. Bakerako. Etxerako BIDEAN\u201d la Red Ciudadana Sare volver\u00e1 a llenar las calles de Bilbo este 8 de enero - Sare Herritarra<\/title>\n<meta name=\"robots\" content=\"index, follow, max-snippet:-1, max-image-preview:large, max-video-preview:-1\" \/>\n<link rel=\"canonical\" href=\"https:\/\/sare.eus\/es\/bajo-el-lema-elkarbizitzarako-bakerako-etxerako-bidean-la-red-ciudadana-sare-volvera-a-llenar-las-calles-de-bilbo-este-8-de-enero\/\" \/>\n<meta property=\"og:locale\" content=\"es_ES\" \/>\n<meta property=\"og:type\" content=\"article\" \/>\n<meta property=\"og:title\" content=\"Bajo el lema \u201cElkarbizitzarako. Bakerako. Etxerako BIDEAN\u201d la Red Ciudadana Sare volver\u00e1 a llenar las calles de Bilbo este 8 de enero - Sare Herritarra\" \/>\n<meta property=\"og:description\" content=\"Avanz\u00e1bamos algo el pasado 23 octubre en la manifestaci\u00f3n de Donostia y hoy podemos confirmar que el s\u00e1bado 8 de enero, volveremos a llenar las calles de Bilbo, en la [&hellip;]\" \/>\n<meta property=\"og:url\" content=\"https:\/\/sare.eus\/es\/bajo-el-lema-elkarbizitzarako-bakerako-etxerako-bidean-la-red-ciudadana-sare-volvera-a-llenar-las-calles-de-bilbo-este-8-de-enero\/\" \/>\n<meta property=\"og:site_name\" content=\"Sare Herritarra\" \/>\n<meta property=\"article:published_time\" content=\"2021-11-09T14:53:06+00:00\" \/>\n<meta property=\"article:modified_time\" content=\"2021-11-09T14:55:09+00:00\" \/>\n<meta property=\"og:image\" content=\"https:\/\/sare.eus\/wp-content\/uploads\/2021\/11\/azaraok-5-web.jpg\" \/>\n\t<meta property=\"og:image:width\" content=\"800\" \/>\n\t<meta property=\"og:image:height\" content=\"600\" \/>\n\t<meta property=\"og:image:type\" content=\"image\/jpeg\" \/>\n<meta name=\"author\" content=\"admin\" \/>\n<meta name=\"twitter:card\" content=\"summary_large_image\" \/>\n<meta name=\"twitter:label1\" content=\"Escrito por\" \/>\n\t<meta name=\"twitter:data1\" content=\"admin\" \/>\n\t<meta name=\"twitter:label2\" content=\"Tiempo de lectura\" \/>\n\t<meta name=\"twitter:data2\" content=\"3 minutos\" \/>\n<script type=\"application\/ld+json\" class=\"yoast-schema-graph\">{\"@context\":\"https:\/\/schema.org\",\"@graph\":[{\"@type\":\"Article\",\"@id\":\"https:\/\/sare.eus\/es\/bajo-el-lema-elkarbizitzarako-bakerako-etxerako-bidean-la-red-ciudadana-sare-volvera-a-llenar-las-calles-de-bilbo-este-8-de-enero\/#article\",\"isPartOf\":{\"@id\":\"https:\/\/sare.eus\/es\/bajo-el-lema-elkarbizitzarako-bakerako-etxerako-bidean-la-red-ciudadana-sare-volvera-a-llenar-las-calles-de-bilbo-este-8-de-enero\/\"},\"author\":{\"name\":\"admin\",\"@id\":\"https:\/\/sare.eus\/#\/schema\/person\/5a711e7396face0569eb43391127616d\"},\"headline\":\"Bajo el lema \u201cElkarbizitzarako. Bakerako. Etxerako BIDEAN\u201d la Red Ciudadana Sare volver\u00e1 a llenar las calles de Bilbo este 8 de enero\",\"datePublished\":\"2021-11-09T14:53:06+00:00\",\"dateModified\":\"2021-11-09T14:55:09+00:00\",\"mainEntityOfPage\":{\"@id\":\"https:\/\/sare.eus\/es\/bajo-el-lema-elkarbizitzarako-bakerako-etxerako-bidean-la-red-ciudadana-sare-volvera-a-llenar-las-calles-de-bilbo-este-8-de-enero\/\"},\"wordCount\":709,\"publisher\":{\"@id\":\"https:\/\/sare.eus\/#organization\"},\"image\":{\"@id\":\"https:\/\/sare.eus\/es\/bajo-el-lema-elkarbizitzarako-bakerako-etxerako-bidean-la-red-ciudadana-sare-volvera-a-llenar-las-calles-de-bilbo-este-8-de-enero\/#primaryimage\"},\"thumbnailUrl\":\"https:\/\/sare.eus\/wp-content\/uploads\/2021\/11\/azaraok-5-web.jpg\",\"articleSection\":[\"Etxera\"],\"inLanguage\":\"es\"},{\"@type\":\"WebPage\",\"@id\":\"https:\/\/sare.eus\/es\/bajo-el-lema-elkarbizitzarako-bakerako-etxerako-bidean-la-red-ciudadana-sare-volvera-a-llenar-las-calles-de-bilbo-este-8-de-enero\/\",\"url\":\"https:\/\/sare.eus\/es\/bajo-el-lema-elkarbizitzarako-bakerako-etxerako-bidean-la-red-ciudadana-sare-volvera-a-llenar-las-calles-de-bilbo-este-8-de-enero\/\",\"name\":\"Bajo el lema \u201cElkarbizitzarako. Bakerako. Etxerako BIDEAN\u201d la Red Ciudadana Sare volver\u00e1 a llenar las calles de Bilbo este 8 de enero - Sare Herritarra\",\"isPartOf\":{\"@id\":\"https:\/\/sare.eus\/#website\"},\"primaryImageOfPage\":{\"@id\":\"https:\/\/sare.eus\/es\/bajo-el-lema-elkarbizitzarako-bakerako-etxerako-bidean-la-red-ciudadana-sare-volvera-a-llenar-las-calles-de-bilbo-este-8-de-enero\/#primaryimage\"},\"image\":{\"@id\":\"https:\/\/sare.eus\/es\/bajo-el-lema-elkarbizitzarako-bakerako-etxerako-bidean-la-red-ciudadana-sare-volvera-a-llenar-las-calles-de-bilbo-este-8-de-enero\/#primaryimage\"},\"thumbnailUrl\":\"https:\/\/sare.eus\/wp-content\/uploads\/2021\/11\/azaraok-5-web.jpg\",\"datePublished\":\"2021-11-09T14:53:06+00:00\",\"dateModified\":\"2021-11-09T14:55:09+00:00\",\"breadcrumb\":{\"@id\":\"https:\/\/sare.eus\/es\/bajo-el-lema-elkarbizitzarako-bakerako-etxerako-bidean-la-red-ciudadana-sare-volvera-a-llenar-las-calles-de-bilbo-este-8-de-enero\/#breadcrumb\"},\"inLanguage\":\"es\",\"potentialAction\":[{\"@type\":\"ReadAction\",\"target\":[\"https:\/\/sare.eus\/es\/bajo-el-lema-elkarbizitzarako-bakerako-etxerako-bidean-la-red-ciudadana-sare-volvera-a-llenar-las-calles-de-bilbo-este-8-de-enero\/\"]}]},{\"@type\":\"ImageObject\",\"inLanguage\":\"es\",\"@id\":\"https:\/\/sare.eus\/es\/bajo-el-lema-elkarbizitzarako-bakerako-etxerako-bidean-la-red-ciudadana-sare-volvera-a-llenar-las-calles-de-bilbo-este-8-de-enero\/#primaryimage\",\"url\":\"https:\/\/sare.eus\/wp-content\/uploads\/2021\/11\/azaraok-5-web.jpg\",\"contentUrl\":\"https:\/\/sare.eus\/wp-content\/uploads\/2021\/11\/azaraok-5-web.jpg\",\"width\":800,\"height\":600},{\"@type\":\"BreadcrumbList\",\"@id\":\"https:\/\/sare.eus\/es\/bajo-el-lema-elkarbizitzarako-bakerako-etxerako-bidean-la-red-ciudadana-sare-volvera-a-llenar-las-calles-de-bilbo-este-8-de-enero\/#breadcrumb\",\"itemListElement\":[{\"@type\":\"ListItem\",\"position\":1,\"name\":\"Home\",\"item\":\"https:\/\/sare.eus\/\"},{\"@type\":\"ListItem\",\"position\":2,\"name\":\"Bajo el lema \u201cElkarbizitzarako. Bakerako. Etxerako BIDEAN\u201d la Red Ciudadana Sare volver\u00e1 a llenar las calles de Bilbo este 8 de enero\"}]},{\"@type\":\"WebSite\",\"@id\":\"https:\/\/sare.eus\/#website\",\"url\":\"https:\/\/sare.eus\/\",\"name\":\"Sare Herritarra\",\"description\":\"KONPONBIDEAREN ETA GIZA ESKUBIDEEN ALDEKO SARE HERRITARRA\",\"publisher\":{\"@id\":\"https:\/\/sare.eus\/#organization\"},\"potentialAction\":[{\"@type\":\"SearchAction\",\"target\":{\"@type\":\"EntryPoint\",\"urlTemplate\":\"https:\/\/sare.eus\/?s={search_term_string}\"},\"query-input\":{\"@type\":\"PropertyValueSpecification\",\"valueRequired\":true,\"valueName\":\"search_term_string\"}}],\"inLanguage\":\"es\"},{\"@type\":\"Organization\",\"@id\":\"https:\/\/sare.eus\/#organization\",\"name\":\"Sare Herritarra\",\"url\":\"https:\/\/sare.eus\/\",\"logo\":{\"@type\":\"ImageObject\",\"inLanguage\":\"es\",\"@id\":\"https:\/\/sare.eus\/#\/schema\/logo\/image\/\",\"url\":\"https:\/\/sare.eus\/wp-content\/uploads\/2021\/08\/sare.png\",\"contentUrl\":\"https:\/\/sare.eus\/wp-content\/uploads\/2021\/08\/sare.png\",\"width\":120,\"height\":142,\"caption\":\"Sare Herritarra\"},\"image\":{\"@id\":\"https:\/\/sare.eus\/#\/schema\/logo\/image\/\"}},{\"@type\":\"Person\",\"@id\":\"https:\/\/sare.eus\/#\/schema\/person\/5a711e7396face0569eb43391127616d\",\"name\":\"admin\",\"image\":{\"@type\":\"ImageObject\",\"inLanguage\":\"es\",\"@id\":\"https:\/\/sare.eus\/#\/schema\/person\/image\/\",\"url\":\"https:\/\/secure.gravatar.com\/avatar\/d22a8cc353ba20fa3181b73b7b53a33b5b98923d9a2f9945443604d7359581c4?s=96&d=mm&r=g\",\"contentUrl\":\"https:\/\/secure.gravatar.com\/avatar\/d22a8cc353ba20fa3181b73b7b53a33b5b98923d9a2f9945443604d7359581c4?s=96&d=mm&r=g\",\"caption\":\"admin\"},\"url\":\"https:\/\/sare.eus\/es\/author\/prueba3371_a2783y7n\/\"}]}<\/script>\n<!-- \/ Yoast SEO plugin. -->","yoast_head_json":{"title":"Bajo el lema \u201cElkarbizitzarako. Bakerako. Etxerako BIDEAN\u201d la Red Ciudadana Sare volver\u00e1 a llenar las calles de Bilbo este 8 de enero - Sare Herritarra","robots":{"index":"index","follow":"follow","max-snippet":"max-snippet:-1","max-image-preview":"max-image-preview:large","max-video-preview":"max-video-preview:-1"},"canonical":"https:\/\/sare.eus\/es\/bajo-el-lema-elkarbizitzarako-bakerako-etxerako-bidean-la-red-ciudadana-sare-volvera-a-llenar-las-calles-de-bilbo-este-8-de-enero\/","og_locale":"es_ES","og_type":"article","og_title":"Bajo el lema \u201cElkarbizitzarako. Bakerako. Etxerako BIDEAN\u201d la Red Ciudadana Sare volver\u00e1 a llenar las calles de Bilbo este 8 de enero - Sare Herritarra","og_description":"Avanz\u00e1bamos algo el pasado 23 octubre en la manifestaci\u00f3n de Donostia y hoy podemos confirmar que el s\u00e1bado 8 de enero, volveremos a llenar las calles de Bilbo, en la [&hellip;]","og_url":"https:\/\/sare.eus\/es\/bajo-el-lema-elkarbizitzarako-bakerako-etxerako-bidean-la-red-ciudadana-sare-volvera-a-llenar-las-calles-de-bilbo-este-8-de-enero\/","og_site_name":"Sare Herritarra","article_published_time":"2021-11-09T14:53:06+00:00","article_modified_time":"2021-11-09T14:55:09+00:00","og_image":[{"width":800,"height":600,"url":"https:\/\/sare.eus\/wp-content\/uploads\/2021\/11\/azaraok-5-web.jpg","type":"image\/jpeg"}],"author":"admin","twitter_card":"summary_large_image","twitter_misc":{"Escrito por":"admin","Tiempo de lectura":"3 minutos"},"schema":{"@context":"https:\/\/schema.org","@graph":[{"@type":"Article","@id":"https:\/\/sare.eus\/es\/bajo-el-lema-elkarbizitzarako-bakerako-etxerako-bidean-la-red-ciudadana-sare-volvera-a-llenar-las-calles-de-bilbo-este-8-de-enero\/#article","isPartOf":{"@id":"https:\/\/sare.eus\/es\/bajo-el-lema-elkarbizitzarako-bakerako-etxerako-bidean-la-red-ciudadana-sare-volvera-a-llenar-las-calles-de-bilbo-este-8-de-enero\/"},"author":{"name":"admin","@id":"https:\/\/sare.eus\/#\/schema\/person\/5a711e7396face0569eb43391127616d"},"headline":"Bajo el lema \u201cElkarbizitzarako. Bakerako. Etxerako BIDEAN\u201d la Red Ciudadana Sare volver\u00e1 a llenar las calles de Bilbo este 8 de enero","datePublished":"2021-11-09T14:53:06+00:00","dateModified":"2021-11-09T14:55:09+00:00","mainEntityOfPage":{"@id":"https:\/\/sare.eus\/es\/bajo-el-lema-elkarbizitzarako-bakerako-etxerako-bidean-la-red-ciudadana-sare-volvera-a-llenar-las-calles-de-bilbo-este-8-de-enero\/"},"wordCount":709,"publisher":{"@id":"https:\/\/sare.eus\/#organization"},"image":{"@id":"https:\/\/sare.eus\/es\/bajo-el-lema-elkarbizitzarako-bakerako-etxerako-bidean-la-red-ciudadana-sare-volvera-a-llenar-las-calles-de-bilbo-este-8-de-enero\/#primaryimage"},"thumbnailUrl":"https:\/\/sare.eus\/wp-content\/uploads\/2021\/11\/azaraok-5-web.jpg","articleSection":["Etxera"],"inLanguage":"es"},{"@type":"WebPage","@id":"https:\/\/sare.eus\/es\/bajo-el-lema-elkarbizitzarako-bakerako-etxerako-bidean-la-red-ciudadana-sare-volvera-a-llenar-las-calles-de-bilbo-este-8-de-enero\/","url":"https:\/\/sare.eus\/es\/bajo-el-lema-elkarbizitzarako-bakerako-etxerako-bidean-la-red-ciudadana-sare-volvera-a-llenar-las-calles-de-bilbo-este-8-de-enero\/","name":"Bajo el lema \u201cElkarbizitzarako. Bakerako. Etxerako BIDEAN\u201d la Red Ciudadana Sare volver\u00e1 a llenar las calles de Bilbo este 8 de enero - Sare Herritarra","isPartOf":{"@id":"https:\/\/sare.eus\/#website"},"primaryImageOfPage":{"@id":"https:\/\/sare.eus\/es\/bajo-el-lema-elkarbizitzarako-bakerako-etxerako-bidean-la-red-ciudadana-sare-volvera-a-llenar-las-calles-de-bilbo-este-8-de-enero\/#primaryimage"},"image":{"@id":"https:\/\/sare.eus\/es\/bajo-el-lema-elkarbizitzarako-bakerako-etxerako-bidean-la-red-ciudadana-sare-volvera-a-llenar-las-calles-de-bilbo-este-8-de-enero\/#primaryimage"},"thumbnailUrl":"https:\/\/sare.eus\/wp-content\/uploads\/2021\/11\/azaraok-5-web.jpg","datePublished":"2021-11-09T14:53:06+00:00","dateModified":"2021-11-09T14:55:09+00:00","breadcrumb":{"@id":"https:\/\/sare.eus\/es\/bajo-el-lema-elkarbizitzarako-bakerako-etxerako-bidean-la-red-ciudadana-sare-volvera-a-llenar-las-calles-de-bilbo-este-8-de-enero\/#breadcrumb"},"inLanguage":"es","potentialAction":[{"@type":"ReadAction","target":["https:\/\/sare.eus\/es\/bajo-el-lema-elkarbizitzarako-bakerako-etxerako-bidean-la-red-ciudadana-sare-volvera-a-llenar-las-calles-de-bilbo-este-8-de-enero\/"]}]},{"@type":"ImageObject","inLanguage":"es","@id":"https:\/\/sare.eus\/es\/bajo-el-lema-elkarbizitzarako-bakerako-etxerako-bidean-la-red-ciudadana-sare-volvera-a-llenar-las-calles-de-bilbo-este-8-de-enero\/#primaryimage","url":"https:\/\/sare.eus\/wp-content\/uploads\/2021\/11\/azaraok-5-web.jpg","contentUrl":"https:\/\/sare.eus\/wp-content\/uploads\/2021\/11\/azaraok-5-web.jpg","width":800,"height":600},{"@type":"BreadcrumbList","@id":"https:\/\/sare.eus\/es\/bajo-el-lema-elkarbizitzarako-bakerako-etxerako-bidean-la-red-ciudadana-sare-volvera-a-llenar-las-calles-de-bilbo-este-8-de-enero\/#breadcrumb","itemListElement":[{"@type":"ListItem","position":1,"name":"Home","item":"https:\/\/sare.eus\/"},{"@type":"ListItem","position":2,"name":"Bajo el lema \u201cElkarbizitzarako. Bakerako. Etxerako BIDEAN\u201d la Red Ciudadana Sare volver\u00e1 a llenar las calles de Bilbo este 8 de enero"}]},{"@type":"WebSite","@id":"https:\/\/sare.eus\/#website","url":"https:\/\/sare.eus\/","name":"Sare Herritarra","description":"KONPONBIDEAREN ETA GIZA ESKUBIDEEN ALDEKO SARE HERRITARRA","publisher":{"@id":"https:\/\/sare.eus\/#organization"},"potentialAction":[{"@type":"SearchAction","target":{"@type":"EntryPoint","urlTemplate":"https:\/\/sare.eus\/?s={search_term_string}"},"query-input":{"@type":"PropertyValueSpecification","valueRequired":true,"valueName":"search_term_string"}}],"inLanguage":"es"},{"@type":"Organization","@id":"https:\/\/sare.eus\/#organization","name":"Sare Herritarra","url":"https:\/\/sare.eus\/","logo":{"@type":"ImageObject","inLanguage":"es","@id":"https:\/\/sare.eus\/#\/schema\/logo\/image\/","url":"https:\/\/sare.eus\/wp-content\/uploads\/2021\/08\/sare.png","contentUrl":"https:\/\/sare.eus\/wp-content\/uploads\/2021\/08\/sare.png","width":120,"height":142,"caption":"Sare Herritarra"},"image":{"@id":"https:\/\/sare.eus\/#\/schema\/logo\/image\/"}},{"@type":"Person","@id":"https:\/\/sare.eus\/#\/schema\/person\/5a711e7396face0569eb43391127616d","name":"admin","image":{"@type":"ImageObject","inLanguage":"es","@id":"https:\/\/sare.eus\/#\/schema\/person\/image\/","url":"https:\/\/secure.gravatar.com\/avatar\/d22a8cc353ba20fa3181b73b7b53a33b5b98923d9a2f9945443604d7359581c4?s=96&d=mm&r=g","contentUrl":"https:\/\/secure.gravatar.com\/avatar\/d22a8cc353ba20fa3181b73b7b53a33b5b98923d9a2f9945443604d7359581c4?s=96&d=mm&r=g","caption":"admin"},"url":"https:\/\/sare.eus\/es\/author\/prueba3371_a2783y7n\/"}]}},"_links":{"self":[{"href":"https:\/\/sare.eus\/es\/wp-json\/wp\/v2\/posts\/1424","targetHints":{"allow":["GET"]}}],"collection":[{"href":"https:\/\/sare.eus\/es\/wp-json\/wp\/v2\/posts"}],"about":[{"href":"https:\/\/sare.eus\/es\/wp-json\/wp\/v2\/types\/post"}],"author":[{"embeddable":true,"href":"https:\/\/sare.eus\/es\/wp-json\/wp\/v2\/users\/1"}],"replies":[{"embeddable":true,"href":"https:\/\/sare.eus\/es\/wp-json\/wp\/v2\/comments?post=1424"}],"version-history":[{"count":1,"href":"https:\/\/sare.eus\/es\/wp-json\/wp\/v2\/posts\/1424\/revisions"}],"predecessor-version":[{"id":1425,"href":"https:\/\/sare.eus\/es\/wp-json\/wp\/v2\/posts\/1424\/revisions\/1425"}],"wp:featuredmedia":[{"embeddable":true,"href":"https:\/\/sare.eus\/es\/wp-json\/wp\/v2\/media\/1419"}],"wp:attachment":[{"href":"https:\/\/sare.eus\/es\/wp-json\/wp\/v2\/media?parent=1424"}],"wp:term":[{"taxonomy":"category","embeddable":true,"href":"https:\/\/sare.eus\/es\/wp-json\/wp\/v2\/categories?post=1424"},{"taxonomy":"post_tag","embeddable":true,"href":"https:\/\/sare.eus\/es\/wp-json\/wp\/v2\/tags?post=1424"}],"curies":[{"name":"wp","href":"https:\/\/api.w.org\/{rel}","templated":true}]}}